{"id":70879203900,"date":"2024-03-17T12:06:21","date_gmt":"2024-03-17T17:06:21","guid":{"rendered":"https:\/\/pagina10.com\/web\/?p=70879203900"},"modified":"2024-03-17T12:07:50","modified_gmt":"2024-03-17T17:07:50","slug":"petro-propuso-asamblea-nacional-constituyente","status":"publish","type":"post","link":"https:\/\/pagina10.com\/web\/petro-propuso-asamblea-nacional-constituyente\/","title":{"rendered":"Petro propuso Asamblea Nacional Constituyente"},"content":{"rendered":"<p style=\"text-align: justify;\">El presidente <strong>Gustavo Petro anunci\u00f3 la posibilidad de convocar una Asamblea Nacional Constituyente<\/strong> si las reformas propuestas por su Gobierno no se realizan. Petro dijo que el pueblo colombiano demand\u00f3 a trav\u00e9s de su voto las reformas sociales, por tanto, si las instituciones actuales no pueden implementarlas, es necesario cambiar esas instituciones, no el \u201cmandato\u201d del pueblo.<\/p>\n<p style=\"text-align: justify;\">El primer presidente de izquierda en Colombia, ha enfrentado resistencia por parte de la oposici\u00f3n en el Congreso respecto a sus reformas en salud y pensiones. Ante este panorama, el mandatario propuso la convocatoria a una Asamblea Nacional Constituyente como una medida para superar los obst\u00e1culos pol\u00edticos que enfrenta su agenda de reformas.<\/p>\n<p style=\"text-align: justify;\">El anuncio del mandatario gener\u00f3 diversas reacciones en Colombia: El expresidente \u00c1lvaro Uribe enunci\u00f3 su intranquilidad por el posible desequilibrio constitucional y la inseguridad jur\u00eddica que resultar\u00eda de la propuesta. Antonio Navarro, participante de la constituyente del 91, consider\u00f3 que una Asamblea Nacional Constituyente no parece necesaria en este momento. Por otra parte, Claudia L\u00f3pez, exalcaldesa de Bogot\u00e1, cuestion\u00f3 la viabilidad de la propuesta del presidente, pues carecer\u00eda del respaldo del Congreso y podr\u00eda generar divisi\u00f3n y polarizaci\u00f3n.<\/p>\n<p style=\"text-align: justify;\">La Constituci\u00f3n Colombiana establece que al menos la tercera parte del censo electoral debe apoyar la convocatoria para realizar una Asamblea Nacional Constituyente para el pa\u00eds, seg\u00fan los procedimientos y normas.<\/p>\n","protected":false},"excerpt":{"rendered":"<p>El presidente Gustavo Petro anunci\u00f3 la posibilidad de convocar una Asamblea Nacional Constituyente si las reformas propuestas por su Gobierno no se realizan. Petro dijo que el pueblo colombiano demand\u00f3 a trav\u00e9s de su voto las reformas sociales, por tanto, si las instituciones actuales no pueden implementarlas, es necesario cambiar esas instituciones, no el \u201cmandato\u201d [&hellip;]<\/p>\n","protected":false},"author":1,"featured_media":70879203902,"comment_status":"open","ping_status":"open","sticky":false,"template":"","format":"standard","meta":{"footnotes":""},"categories":[94],"tags":[],"class_list":["post-70879203900","post","type-post","status-publish","format-standard","has-post-thumbnail","hentry","category-nacional-global-2"],"yoast_head":"<!-- This site is optimized with the Yoast SEO plugin v27.1.1 - https:\/\/yoast.com\/product\/yoast-seo-wordpress\/ -->\n<title>Petro propuso Asamblea Nacional Constituyente | P\u00e1gina10<\/title>\n<meta name=\"robots\" content=\"index, follow, max-snippet:-1, max-image-preview:large, max-video-preview:-1\" \/>\n<link rel=\"canonical\" href=\"https:\/\/pagina10.com\/web\/petro-propuso-asamblea-nacional-constituyente\/\" \/>\n<meta property=\"og:locale\" content=\"es_ES\" \/>\n<meta property=\"og:type\" content=\"article\" \/>\n<meta property=\"og:title\" content=\"Petro propuso Asamblea Nacional Constituyente | P\u00e1gina10\" \/>\n<meta property=\"og:description\" content=\"El presidente Gustavo Petro anunci\u00f3 la posibilidad de convocar una Asamblea Nacional Constituyente si las reformas propuestas por su Gobierno no se realizan. Petro dijo que el pueblo colombiano demand\u00f3 a trav\u00e9s de su voto las reformas sociales, por tanto, si las instituciones actuales no pueden implementarlas, es necesario cambiar esas instituciones, no el \u201cmandato\u201d [&hellip;]\" \/>\n<meta property=\"og:url\" content=\"https:\/\/pagina10.com\/web\/petro-propuso-asamblea-nacional-constituyente\/\" \/>\n<meta property=\"og:site_name\" content=\"P\u00e1gina10\" \/>\n<meta property=\"article:publisher\" content=\"https:\/\/www.facebook.com\/pag10com\" \/>\n<meta property=\"article:published_time\" content=\"2024-03-17T17:06:21+00:00\" \/>\n<meta property=\"article:modified_time\" content=\"2024-03-17T17:07:50+00:00\" \/>\n<meta property=\"og:image\" content=\"https:\/\/pagina10.com\/web\/wp-content\/uploads\/2024\/03\/fedf-1024x626.png\" \/>\n\t<meta property=\"og:image:width\" content=\"1024\" \/>\n\t<meta property=\"og:image:height\" content=\"626\" \/>\n\t<meta property=\"og:image:type\" content=\"image\/png\" \/>\n<meta name=\"author\" content=\"P\u00e1gina 10\" \/>\n<meta name=\"twitter:card\" content=\"summary_large_image\" \/>\n<meta name=\"twitter:creator\" content=\"@Pag10com\" \/>\n<meta name=\"twitter:site\" content=\"@Pag10com\" \/>\n<meta name=\"twitter:label1\" content=\"Escrito por\" \/>\n\t<meta name=\"twitter:data1\" content=\"P\u00e1gina 10\" \/>\n\t<meta name=\"twitter:label2\" content=\"Tiempo de lectura\" \/>\n\t<meta name=\"twitter:data2\" content=\"2 minutos\" \/>\n<script type=\"application\/ld+json\" class=\"yoast-schema-graph\">{\"@context\":\"https:\/\/schema.org\",\"@graph\":[{\"@type\":\"Article\",\"@id\":\"https:\/\/pagina10.com\/web\/petro-propuso-asamblea-nacional-constituyente\/#article\",\"isPartOf\":{\"@id\":\"https:\/\/pagina10.com\/web\/petro-propuso-asamblea-nacional-constituyente\/\"},\"author\":{\"name\":\"P\u00e1gina 10\",\"@id\":\"https:\/\/pagina10.com\/web\/#\/schema\/person\/2efc4a090d25b667d3bc796798a3a81b\"},\"headline\":\"Petro propuso Asamblea Nacional Constituyente\",\"datePublished\":\"2024-03-17T17:06:21+00:00\",\"dateModified\":\"2024-03-17T17:07:50+00:00\",\"mainEntityOfPage\":{\"@id\":\"https:\/\/pagina10.com\/web\/petro-propuso-asamblea-nacional-constituyente\/\"},\"wordCount\":237,\"commentCount\":0,\"publisher\":{\"@id\":\"https:\/\/pagina10.com\/web\/#organization\"},\"image\":{\"@id\":\"https:\/\/pagina10.com\/web\/petro-propuso-asamblea-nacional-constituyente\/#primaryimage\"},\"thumbnailUrl\":\"https:\/\/pagina10.com\/web\/wp-content\/uploads\/2024\/03\/fedf.png\",\"articleSection\":[\"Nacional\"],\"inLanguage\":\"es\",\"potentialAction\":[{\"@type\":\"CommentAction\",\"name\":\"Comment\",\"target\":[\"https:\/\/pagina10.com\/web\/petro-propuso-asamblea-nacional-constituyente\/#respond\"]}]},{\"@type\":\"WebPage\",\"@id\":\"https:\/\/pagina10.com\/web\/petro-propuso-asamblea-nacional-constituyente\/\",\"url\":\"https:\/\/pagina10.com\/web\/petro-propuso-asamblea-nacional-constituyente\/\",\"name\":\"Petro propuso Asamblea Nacional Constituyente | P\u00e1gina10\",\"isPartOf\":{\"@id\":\"https:\/\/pagina10.com\/web\/#website\"},\"primaryImageOfPage\":{\"@id\":\"https:\/\/pagina10.com\/web\/petro-propuso-asamblea-nacional-constituyente\/#primaryimage\"},\"image\":{\"@id\":\"https:\/\/pagina10.com\/web\/petro-propuso-asamblea-nacional-constituyente\/#primaryimage\"},\"thumbnailUrl\":\"https:\/\/pagina10.com\/web\/wp-content\/uploads\/2024\/03\/fedf.png\",\"datePublished\":\"2024-03-17T17:06:21+00:00\",\"dateModified\":\"2024-03-17T17:07:50+00:00\",\"breadcrumb\":{\"@id\":\"https:\/\/pagina10.com\/web\/petro-propuso-asamblea-nacional-constituyente\/#breadcrumb\"},\"inLanguage\":\"es\",\"potentialAction\":[{\"@type\":\"ReadAction\",\"target\":[\"https:\/\/pagina10.com\/web\/petro-propuso-asamblea-nacional-constituyente\/\"]}]},{\"@type\":\"ImageObject\",\"inLanguage\":\"es\",\"@id\":\"https:\/\/pagina10.com\/web\/petro-propuso-asamblea-nacional-constituyente\/#primaryimage\",\"url\":\"https:\/\/pagina10.com\/web\/wp-content\/uploads\/2024\/03\/fedf.png\",\"contentUrl\":\"https:\/\/pagina10.com\/web\/wp-content\/uploads\/2024\/03\/fedf.png\",\"width\":1841,\"height\":1125},{\"@type\":\"BreadcrumbList\",\"@id\":\"https:\/\/pagina10.com\/web\/petro-propuso-asamblea-nacional-constituyente\/#breadcrumb\",\"itemListElement\":[{\"@type\":\"ListItem\",\"position\":1,\"name\":\"Portada\",\"item\":\"https:\/\/pagina10.com\/web\/\"},{\"@type\":\"ListItem\",\"position\":2,\"name\":\"Petro propuso Asamblea Nacional Constituyente\"}]},{\"@type\":\"WebSite\",\"@id\":\"https:\/\/pagina10.com\/web\/#website\",\"url\":\"https:\/\/pagina10.com\/web\/\",\"name\":\"P\u00e1gina10\",\"description\":\"Peri\u00f3dico Regional\",\"publisher\":{\"@id\":\"https:\/\/pagina10.com\/web\/#organization\"},\"alternateName\":\"P\u00e1gina10 Peri\u00f3dico Regional\",\"potentialAction\":[{\"@type\":\"SearchAction\",\"target\":{\"@type\":\"EntryPoint\",\"urlTemplate\":\"https:\/\/pagina10.com\/web\/?s={search_term_string}\"},\"query-input\":{\"@type\":\"PropertyValueSpecification\",\"valueRequired\":true,\"valueName\":\"search_term_string\"}}],\"inLanguage\":\"es\"},{\"@type\":\"Organization\",\"@id\":\"https:\/\/pagina10.com\/web\/#organization\",\"name\":\"P\u00e1gina10\",\"alternateName\":\"P\u00e1gina10 Peri\u00f3dico Regional\",\"url\":\"https:\/\/pagina10.com\/web\/\",\"logo\":{\"@type\":\"ImageObject\",\"inLanguage\":\"es\",\"@id\":\"https:\/\/pagina10.com\/web\/#\/schema\/logo\/image\/\",\"url\":\"https:\/\/pagina10.com\/web\/wp-content\/uploads\/2024\/01\/40-pagina-10-periodico-regional-pasto.jpg\",\"contentUrl\":\"https:\/\/pagina10.com\/web\/wp-content\/uploads\/2024\/01\/40-pagina-10-periodico-regional-pasto.jpg\",\"width\":1280,\"height\":720,\"caption\":\"P\u00e1gina10\"},\"image\":{\"@id\":\"https:\/\/pagina10.com\/web\/#\/schema\/logo\/image\/\"},\"sameAs\":[\"https:\/\/www.facebook.com\/pag10com\",\"https:\/\/x.com\/Pag10com\",\"https:\/\/www.instagram.com\/pagina10col\/\",\"https:\/\/youtube.com\/channel\/pag10\",\"https:\/\/www.tiktok.com\/@p10col\"]},{\"@type\":\"Person\",\"@id\":\"https:\/\/pagina10.com\/web\/#\/schema\/person\/2efc4a090d25b667d3bc796798a3a81b\",\"name\":\"P\u00e1gina 10\",\"description\":\"P\u00e1gina 10 es un peri\u00f3dico regional que nace en Colombia, en el departamento de Nari\u00f1o, con un enfoque global, fundamentado en cuatro pilares esenciales: la libertad, el pluralismo, la inclusi\u00f3n y la independencia. P\u00e1gina 10 hace referencia a Nari\u00f1o como el d\u00e9cimo departamento creado en Colombia, despu\u00e9s de un proceso pol\u00edtico liderado por actores y actrices regionales con el fin de obtener la independencia y autonom\u00eda de nuestros territorios. Con la creaci\u00f3n de P\u00e1gina 10 se pretende abrir un escenario para el dialogo, la reflexi\u00f3n y el debate que se extienda a otras geograf\u00edas de Am\u00e9rica Latina y del planeta, en una apuesta por transformar colectivamente los desaf\u00edos de un mundo contempor\u00e1neo, m\u00e1s all\u00e1 de las fronteras impuestas.\",\"url\":\"https:\/\/pagina10.com\/web\/author\/pdiezadmin\/\"}]}<\/script>\n<!-- \/ Yoast SEO plugin. -->","yoast_head_json":{"title":"Petro propuso Asamblea Nacional Constituyente | P\u00e1gina10","robots":{"index":"index","follow":"follow","max-snippet":"max-snippet:-1","max-image-preview":"max-image-preview:large","max-video-preview":"max-video-preview:-1"},"canonical":"https:\/\/pagina10.com\/web\/petro-propuso-asamblea-nacional-constituyente\/","og_locale":"es_ES","og_type":"article","og_title":"Petro propuso Asamblea Nacional Constituyente | P\u00e1gina10","og_description":"El presidente Gustavo Petro anunci\u00f3 la posibilidad de convocar una Asamblea Nacional Constituyente si las reformas propuestas por su Gobierno no se realizan. Petro dijo que el pueblo colombiano demand\u00f3 a trav\u00e9s de su voto las reformas sociales, por tanto, si las instituciones actuales no pueden implementarlas, es necesario cambiar esas instituciones, no el \u201cmandato\u201d [&hellip;]","og_url":"https:\/\/pagina10.com\/web\/petro-propuso-asamblea-nacional-constituyente\/","og_site_name":"P\u00e1gina10","article_publisher":"https:\/\/www.facebook.com\/pag10com","article_published_time":"2024-03-17T17:06:21+00:00","article_modified_time":"2024-03-17T17:07:50+00:00","og_image":[{"width":1024,"height":626,"url":"https:\/\/pagina10.com\/web\/wp-content\/uploads\/2024\/03\/fedf-1024x626.png","type":"image\/png"}],"author":"P\u00e1gina 10","twitter_card":"summary_large_image","twitter_creator":"@Pag10com","twitter_site":"@Pag10com","twitter_misc":{"Escrito por":"P\u00e1gina 10","Tiempo de lectura":"2 minutos"},"schema":{"@context":"https:\/\/schema.org","@graph":[{"@type":"Article","@id":"https:\/\/pagina10.com\/web\/petro-propuso-asamblea-nacional-constituyente\/#article","isPartOf":{"@id":"https:\/\/pagina10.com\/web\/petro-propuso-asamblea-nacional-constituyente\/"},"author":{"name":"P\u00e1gina 10","@id":"https:\/\/pagina10.com\/web\/#\/schema\/person\/2efc4a090d25b667d3bc796798a3a81b"},"headline":"Petro propuso Asamblea Nacional Constituyente","datePublished":"2024-03-17T17:06:21+00:00","dateModified":"2024-03-17T17:07:50+00:00","mainEntityOfPage":{"@id":"https:\/\/pagina10.com\/web\/petro-propuso-asamblea-nacional-constituyente\/"},"wordCount":237,"commentCount":0,"publisher":{"@id":"https:\/\/pagina10.com\/web\/#organization"},"image":{"@id":"https:\/\/pagina10.com\/web\/petro-propuso-asamblea-nacional-constituyente\/#primaryimage"},"thumbnailUrl":"https:\/\/pagina10.com\/web\/wp-content\/uploads\/2024\/03\/fedf.png","articleSection":["Nacional"],"inLanguage":"es","potentialAction":[{"@type":"CommentAction","name":"Comment","target":["https:\/\/pagina10.com\/web\/petro-propuso-asamblea-nacional-constituyente\/#respond"]}]},{"@type":"WebPage","@id":"https:\/\/pagina10.com\/web\/petro-propuso-asamblea-nacional-constituyente\/","url":"https:\/\/pagina10.com\/web\/petro-propuso-asamblea-nacional-constituyente\/","name":"Petro propuso Asamblea Nacional Constituyente | P\u00e1gina10","isPartOf":{"@id":"https:\/\/pagina10.com\/web\/#website"},"primaryImageOfPage":{"@id":"https:\/\/pagina10.com\/web\/petro-propuso-asamblea-nacional-constituyente\/#primaryimage"},"image":{"@id":"https:\/\/pagina10.com\/web\/petro-propuso-asamblea-nacional-constituyente\/#primaryimage"},"thumbnailUrl":"https:\/\/pagina10.com\/web\/wp-content\/uploads\/2024\/03\/fedf.png","datePublished":"2024-03-17T17:06:21+00:00","dateModified":"2024-03-17T17:07:50+00:00","breadcrumb":{"@id":"https:\/\/pagina10.com\/web\/petro-propuso-asamblea-nacional-constituyente\/#breadcrumb"},"inLanguage":"es","potentialAction":[{"@type":"ReadAction","target":["https:\/\/pagina10.com\/web\/petro-propuso-asamblea-nacional-constituyente\/"]}]},{"@type":"ImageObject","inLanguage":"es","@id":"https:\/\/pagina10.com\/web\/petro-propuso-asamblea-nacional-constituyente\/#primaryimage","url":"https:\/\/pagina10.com\/web\/wp-content\/uploads\/2024\/03\/fedf.png","contentUrl":"https:\/\/pagina10.com\/web\/wp-content\/uploads\/2024\/03\/fedf.png","width":1841,"height":1125},{"@type":"BreadcrumbList","@id":"https:\/\/pagina10.com\/web\/petro-propuso-asamblea-nacional-constituyente\/#breadcrumb","itemListElement":[{"@type":"ListItem","position":1,"name":"Portada","item":"https:\/\/pagina10.com\/web\/"},{"@type":"ListItem","position":2,"name":"Petro propuso Asamblea Nacional Constituyente"}]},{"@type":"WebSite","@id":"https:\/\/pagina10.com\/web\/#website","url":"https:\/\/pagina10.com\/web\/","name":"P\u00e1gina10","description":"Peri\u00f3dico Regional","publisher":{"@id":"https:\/\/pagina10.com\/web\/#organization"},"alternateName":"P\u00e1gina10 Peri\u00f3dico Regional","potentialAction":[{"@type":"SearchAction","target":{"@type":"EntryPoint","urlTemplate":"https:\/\/pagina10.com\/web\/?s={search_term_string}"},"query-input":{"@type":"PropertyValueSpecification","valueRequired":true,"valueName":"search_term_string"}}],"inLanguage":"es"},{"@type":"Organization","@id":"https:\/\/pagina10.com\/web\/#organization","name":"P\u00e1gina10","alternateName":"P\u00e1gina10 Peri\u00f3dico Regional","url":"https:\/\/pagina10.com\/web\/","logo":{"@type":"ImageObject","inLanguage":"es","@id":"https:\/\/pagina10.com\/web\/#\/schema\/logo\/image\/","url":"https:\/\/pagina10.com\/web\/wp-content\/uploads\/2024\/01\/40-pagina-10-periodico-regional-pasto.jpg","contentUrl":"https:\/\/pagina10.com\/web\/wp-content\/uploads\/2024\/01\/40-pagina-10-periodico-regional-pasto.jpg","width":1280,"height":720,"caption":"P\u00e1gina10"},"image":{"@id":"https:\/\/pagina10.com\/web\/#\/schema\/logo\/image\/"},"sameAs":["https:\/\/www.facebook.com\/pag10com","https:\/\/x.com\/Pag10com","https:\/\/www.instagram.com\/pagina10col\/","https:\/\/youtube.com\/channel\/pag10","https:\/\/www.tiktok.com\/@p10col"]},{"@type":"Person","@id":"https:\/\/pagina10.com\/web\/#\/schema\/person\/2efc4a090d25b667d3bc796798a3a81b","name":"P\u00e1gina 10","description":"P\u00e1gina 10 es un peri\u00f3dico regional que nace en Colombia, en el departamento de Nari\u00f1o, con un enfoque global, fundamentado en cuatro pilares esenciales: la libertad, el pluralismo, la inclusi\u00f3n y la independencia. P\u00e1gina 10 hace referencia a Nari\u00f1o como el d\u00e9cimo departamento creado en Colombia, despu\u00e9s de un proceso pol\u00edtico liderado por actores y actrices regionales con el fin de obtener la independencia y autonom\u00eda de nuestros territorios. Con la creaci\u00f3n de P\u00e1gina 10 se pretende abrir un escenario para el dialogo, la reflexi\u00f3n y el debate que se extienda a otras geograf\u00edas de Am\u00e9rica Latina y del planeta, en una apuesta por transformar colectivamente los desaf\u00edos de un mundo contempor\u00e1neo, m\u00e1s all\u00e1 de las fronteras impuestas.","url":"https:\/\/pagina10.com\/web\/author\/pdiezadmin\/"}]}},"_links":{"self":[{"href":"https:\/\/pagina10.com\/web\/wp-json\/wp\/v2\/posts\/70879203900","targetHints":{"allow":["GET"]}}],"collection":[{"href":"https:\/\/pagina10.com\/web\/wp-json\/wp\/v2\/posts"}],"about":[{"href":"https:\/\/pagina10.com\/web\/wp-json\/wp\/v2\/types\/post"}],"author":[{"embeddable":true,"href":"https:\/\/pagina10.com\/web\/wp-json\/wp\/v2\/users\/1"}],"replies":[{"embeddable":true,"href":"https:\/\/pagina10.com\/web\/wp-json\/wp\/v2\/comments?post=70879203900"}],"version-history":[{"count":3,"href":"https:\/\/pagina10.com\/web\/wp-json\/wp\/v2\/posts\/70879203900\/revisions"}],"predecessor-version":[{"id":70879203904,"href":"https:\/\/pagina10.com\/web\/wp-json\/wp\/v2\/posts\/70879203900\/revisions\/70879203904"}],"wp:featuredmedia":[{"embeddable":true,"href":"https:\/\/pagina10.com\/web\/wp-json\/wp\/v2\/media\/70879203902"}],"wp:attachment":[{"href":"https:\/\/pagina10.com\/web\/wp-json\/wp\/v2\/media?parent=70879203900"}],"wp:term":[{"taxonomy":"category","embeddable":true,"href":"https:\/\/pagina10.com\/web\/wp-json\/wp\/v2\/categories?post=70879203900"},{"taxonomy":"post_tag","embeddable":true,"href":"https:\/\/pagina10.com\/web\/wp-json\/wp\/v2\/tags?post=70879203900"}],"curies":[{"name":"wp","href":"https:\/\/api.w.org\/{rel}","templated":true}]}}