{"id":70879203910,"date":"2024-03-18T15:13:10","date_gmt":"2024-03-18T20:13:10","guid":{"rendered":"https:\/\/pagina10.com\/web\/?p=70879203910"},"modified":"2024-03-18T15:15:28","modified_gmt":"2024-03-18T20:15:28","slug":"jep-asume-los-casos-de-salvatore-mancuso-y-decidira-sobre-su-libertad","status":"publish","type":"post","link":"https:\/\/pagina10.com\/web\/jep-asume-los-casos-de-salvatore-mancuso-y-decidira-sobre-su-libertad\/","title":{"rendered":"JEP asume los casos de Salvatore Mancuso y decidir\u00e1 sobre su libertad"},"content":{"rendered":"<p style=\"text-align: justify;\">La Jurisdicci\u00f3n Especial para la Paz (JEP) asumir\u00e1 todos los casos pendientes del exjefe paramilitar Salvatore Mancuso y ser\u00e1 la que determine si queda o no en libertad, para cumplir su funci\u00f3n como gestor de paz del gobierno del presidente Petro, facilitando acercamientos con grupos como el Clan del Golfo o las Autodefensas Libertadoras de la Sierra.<\/p>\n<p style=\"text-align: justify;\">La JEP revoca el sometimiento parcial de Mancuso y otorga a esta jurisdicci\u00f3n la autoridad sobre sus beneficios y vigilar el cumplimiento del r\u00e9gimen de condicionalidad. Adem\u00e1s, exjefe paramilitar deber\u00e1 comprometerse con el Sistema Integral de Paz en lo referente a la indemnizaci\u00f3n y satisfacci\u00f3n de los derechos de las v\u00edctimas, bajo pena de exclusi\u00f3n definitiva de los procesos transicionales y retorno a la justicia ordinaria.<\/p>\n<p style=\"text-align: justify;\">La decisi\u00f3n es el resultado de la apelaci\u00f3n hecha por la defensa de Salvatore Mancuso, aceptado parcialmente en la JEP en noviembre del 2023. Esta medida busca garantizar un proceso justo y definitivo y, tambi\u00e9n, seg\u00fan expres\u00f3 Mancuso, plantea interrogantes sobre la existencia de dos sistemas de justicia transicional para un mismo conflicto armado, as\u00ed como la necesidad de establecer un tribunal de cierre que asegure la conclusi\u00f3n adecuada cada proceso.<\/p>\n","protected":false},"excerpt":{"rendered":"<p>La Jurisdicci\u00f3n Especial para la Paz (JEP) asumir\u00e1 todos los casos pendientes del exjefe paramilitar Salvatore Mancuso y ser\u00e1 la que determine si queda o no en libertad, para cumplir su funci\u00f3n como gestor de paz del gobierno del presidente Petro, facilitando acercamientos con grupos como el Clan del Golfo o las Autodefensas Libertadoras de [&hellip;]<\/p>\n","protected":false},"author":1,"featured_media":70879203912,"comment_status":"open","ping_status":"open","sticky":false,"template":"","format":"standard","meta":{"footnotes":""},"categories":[94],"tags":[],"class_list":["post-70879203910","post","type-post","status-publish","format-standard","has-post-thumbnail","hentry","category-nacional-global-2"],"yoast_head":"<!-- This site is optimized with the Yoast SEO plugin v27.1.1 - https:\/\/yoast.com\/product\/yoast-seo-wordpress\/ -->\n<title>JEP asume los casos de Salvatore Mancuso y decidir\u00e1 sobre su libertad | P\u00e1gina10<\/title>\n<meta name=\"robots\" content=\"index, follow, max-snippet:-1, max-image-preview:large, max-video-preview:-1\" \/>\n<link rel=\"canonical\" href=\"https:\/\/pagina10.com\/web\/jep-asume-los-casos-de-salvatore-mancuso-y-decidira-sobre-su-libertad\/\" \/>\n<meta property=\"og:locale\" content=\"es_ES\" \/>\n<meta property=\"og:type\" content=\"article\" \/>\n<meta property=\"og:title\" content=\"JEP asume los casos de Salvatore Mancuso y decidir\u00e1 sobre su libertad | P\u00e1gina10\" \/>\n<meta property=\"og:description\" content=\"La Jurisdicci\u00f3n Especial para la Paz (JEP) asumir\u00e1 todos los casos pendientes del exjefe paramilitar Salvatore Mancuso y ser\u00e1 la que determine si queda o no en libertad, para cumplir su funci\u00f3n como gestor de paz del gobierno del presidente Petro, facilitando acercamientos con grupos como el Clan del Golfo o las Autodefensas Libertadoras de [&hellip;]\" \/>\n<meta property=\"og:url\" content=\"https:\/\/pagina10.com\/web\/jep-asume-los-casos-de-salvatore-mancuso-y-decidira-sobre-su-libertad\/\" \/>\n<meta property=\"og:site_name\" content=\"P\u00e1gina10\" \/>\n<meta property=\"article:publisher\" content=\"https:\/\/www.facebook.com\/pag10com\" \/>\n<meta property=\"article:published_time\" content=\"2024-03-18T20:13:10+00:00\" \/>\n<meta property=\"article:modified_time\" content=\"2024-03-18T20:15:28+00:00\" \/>\n<meta property=\"og:image\" content=\"https:\/\/pagina10.com\/web\/wp-content\/uploads\/2024\/03\/ACDXFK3CFZBSXEWDRXQ6GQAU7Q.jpg\" \/>\n\t<meta property=\"og:image:width\" content=\"1200\" \/>\n\t<meta property=\"og:image:height\" content=\"533\" \/>\n\t<meta property=\"og:image:type\" content=\"image\/jpeg\" \/>\n<meta name=\"author\" content=\"P\u00e1gina 10\" \/>\n<meta name=\"twitter:card\" content=\"summary_large_image\" \/>\n<meta name=\"twitter:creator\" content=\"@Pag10com\" \/>\n<meta name=\"twitter:site\" content=\"@Pag10com\" \/>\n<meta name=\"twitter:label1\" content=\"Escrito por\" \/>\n\t<meta name=\"twitter:data1\" content=\"P\u00e1gina 10\" \/>\n\t<meta name=\"twitter:label2\" content=\"Tiempo de lectura\" \/>\n\t<meta name=\"twitter:data2\" content=\"2 minutos\" \/>\n<script type=\"application\/ld+json\" class=\"yoast-schema-graph\">{\"@context\":\"https:\/\/schema.org\",\"@graph\":[{\"@type\":\"Article\",\"@id\":\"https:\/\/pagina10.com\/web\/jep-asume-los-casos-de-salvatore-mancuso-y-decidira-sobre-su-libertad\/#article\",\"isPartOf\":{\"@id\":\"https:\/\/pagina10.com\/web\/jep-asume-los-casos-de-salvatore-mancuso-y-decidira-sobre-su-libertad\/\"},\"author\":{\"name\":\"P\u00e1gina 10\",\"@id\":\"https:\/\/pagina10.com\/web\/#\/schema\/person\/2efc4a090d25b667d3bc796798a3a81b\"},\"headline\":\"JEP asume los casos de Salvatore Mancuso y decidir\u00e1 sobre su libertad\",\"datePublished\":\"2024-03-18T20:13:10+00:00\",\"dateModified\":\"2024-03-18T20:15:28+00:00\",\"mainEntityOfPage\":{\"@id\":\"https:\/\/pagina10.com\/web\/jep-asume-los-casos-de-salvatore-mancuso-y-decidira-sobre-su-libertad\/\"},\"wordCount\":219,\"commentCount\":0,\"publisher\":{\"@id\":\"https:\/\/pagina10.com\/web\/#organization\"},\"image\":{\"@id\":\"https:\/\/pagina10.com\/web\/jep-asume-los-casos-de-salvatore-mancuso-y-decidira-sobre-su-libertad\/#primaryimage\"},\"thumbnailUrl\":\"https:\/\/pagina10.com\/web\/wp-content\/uploads\/2024\/03\/ACDXFK3CFZBSXEWDRXQ6GQAU7Q.jpg\",\"articleSection\":[\"Nacional\"],\"inLanguage\":\"es\",\"potentialAction\":[{\"@type\":\"CommentAction\",\"name\":\"Comment\",\"target\":[\"https:\/\/pagina10.com\/web\/jep-asume-los-casos-de-salvatore-mancuso-y-decidira-sobre-su-libertad\/#respond\"]}]},{\"@type\":\"WebPage\",\"@id\":\"https:\/\/pagina10.com\/web\/jep-asume-los-casos-de-salvatore-mancuso-y-decidira-sobre-su-libertad\/\",\"url\":\"https:\/\/pagina10.com\/web\/jep-asume-los-casos-de-salvatore-mancuso-y-decidira-sobre-su-libertad\/\",\"name\":\"JEP asume los casos de Salvatore Mancuso y decidir\u00e1 sobre su libertad | P\u00e1gina10\",\"isPartOf\":{\"@id\":\"https:\/\/pagina10.com\/web\/#website\"},\"primaryImageOfPage\":{\"@id\":\"https:\/\/pagina10.com\/web\/jep-asume-los-casos-de-salvatore-mancuso-y-decidira-sobre-su-libertad\/#primaryimage\"},\"image\":{\"@id\":\"https:\/\/pagina10.com\/web\/jep-asume-los-casos-de-salvatore-mancuso-y-decidira-sobre-su-libertad\/#primaryimage\"},\"thumbnailUrl\":\"https:\/\/pagina10.com\/web\/wp-content\/uploads\/2024\/03\/ACDXFK3CFZBSXEWDRXQ6GQAU7Q.jpg\",\"datePublished\":\"2024-03-18T20:13:10+00:00\",\"dateModified\":\"2024-03-18T20:15:28+00:00\",\"breadcrumb\":{\"@id\":\"https:\/\/pagina10.com\/web\/jep-asume-los-casos-de-salvatore-mancuso-y-decidira-sobre-su-libertad\/#breadcrumb\"},\"inLanguage\":\"es\",\"potentialAction\":[{\"@type\":\"ReadAction\",\"target\":[\"https:\/\/pagina10.com\/web\/jep-asume-los-casos-de-salvatore-mancuso-y-decidira-sobre-su-libertad\/\"]}]},{\"@type\":\"ImageObject\",\"inLanguage\":\"es\",\"@id\":\"https:\/\/pagina10.com\/web\/jep-asume-los-casos-de-salvatore-mancuso-y-decidira-sobre-su-libertad\/#primaryimage\",\"url\":\"https:\/\/pagina10.com\/web\/wp-content\/uploads\/2024\/03\/ACDXFK3CFZBSXEWDRXQ6GQAU7Q.jpg\",\"contentUrl\":\"https:\/\/pagina10.com\/web\/wp-content\/uploads\/2024\/03\/ACDXFK3CFZBSXEWDRXQ6GQAU7Q.jpg\",\"width\":1200,\"height\":533},{\"@type\":\"BreadcrumbList\",\"@id\":\"https:\/\/pagina10.com\/web\/jep-asume-los-casos-de-salvatore-mancuso-y-decidira-sobre-su-libertad\/#breadcrumb\",\"itemListElement\":[{\"@type\":\"ListItem\",\"position\":1,\"name\":\"Portada\",\"item\":\"https:\/\/pagina10.com\/web\/\"},{\"@type\":\"ListItem\",\"position\":2,\"name\":\"JEP asume los casos de Salvatore Mancuso y decidir\u00e1 sobre su libertad\"}]},{\"@type\":\"WebSite\",\"@id\":\"https:\/\/pagina10.com\/web\/#website\",\"url\":\"https:\/\/pagina10.com\/web\/\",\"name\":\"P\u00e1gina10\",\"description\":\"Peri\u00f3dico Regional\",\"publisher\":{\"@id\":\"https:\/\/pagina10.com\/web\/#organization\"},\"alternateName\":\"P\u00e1gina10 Peri\u00f3dico Regional\",\"potentialAction\":[{\"@type\":\"SearchAction\",\"target\":{\"@type\":\"EntryPoint\",\"urlTemplate\":\"https:\/\/pagina10.com\/web\/?s={search_term_string}\"},\"query-input\":{\"@type\":\"PropertyValueSpecification\",\"valueRequired\":true,\"valueName\":\"search_term_string\"}}],\"inLanguage\":\"es\"},{\"@type\":\"Organization\",\"@id\":\"https:\/\/pagina10.com\/web\/#organization\",\"name\":\"P\u00e1gina10\",\"alternateName\":\"P\u00e1gina10 Peri\u00f3dico Regional\",\"url\":\"https:\/\/pagina10.com\/web\/\",\"logo\":{\"@type\":\"ImageObject\",\"inLanguage\":\"es\",\"@id\":\"https:\/\/pagina10.com\/web\/#\/schema\/logo\/image\/\",\"url\":\"https:\/\/pagina10.com\/web\/wp-content\/uploads\/2024\/01\/40-pagina-10-periodico-regional-pasto.jpg\",\"contentUrl\":\"https:\/\/pagina10.com\/web\/wp-content\/uploads\/2024\/01\/40-pagina-10-periodico-regional-pasto.jpg\",\"width\":1280,\"height\":720,\"caption\":\"P\u00e1gina10\"},\"image\":{\"@id\":\"https:\/\/pagina10.com\/web\/#\/schema\/logo\/image\/\"},\"sameAs\":[\"https:\/\/www.facebook.com\/pag10com\",\"https:\/\/x.com\/Pag10com\",\"https:\/\/www.instagram.com\/pagina10col\/\",\"https:\/\/youtube.com\/channel\/pag10\",\"https:\/\/www.tiktok.com\/@p10col\"]},{\"@type\":\"Person\",\"@id\":\"https:\/\/pagina10.com\/web\/#\/schema\/person\/2efc4a090d25b667d3bc796798a3a81b\",\"name\":\"P\u00e1gina 10\",\"description\":\"P\u00e1gina 10 es un peri\u00f3dico regional que nace en Colombia, en el departamento de Nari\u00f1o, con un enfoque global, fundamentado en cuatro pilares esenciales: la libertad, el pluralismo, la inclusi\u00f3n y la independencia. P\u00e1gina 10 hace referencia a Nari\u00f1o como el d\u00e9cimo departamento creado en Colombia, despu\u00e9s de un proceso pol\u00edtico liderado por actores y actrices regionales con el fin de obtener la independencia y autonom\u00eda de nuestros territorios. Con la creaci\u00f3n de P\u00e1gina 10 se pretende abrir un escenario para el dialogo, la reflexi\u00f3n y el debate que se extienda a otras geograf\u00edas de Am\u00e9rica Latina y del planeta, en una apuesta por transformar colectivamente los desaf\u00edos de un mundo contempor\u00e1neo, m\u00e1s all\u00e1 de las fronteras impuestas.\",\"url\":\"https:\/\/pagina10.com\/web\/author\/pdiezadmin\/\"}]}<\/script>\n<!-- \/ Yoast SEO plugin. -->","yoast_head_json":{"title":"JEP asume los casos de Salvatore Mancuso y decidir\u00e1 sobre su libertad | P\u00e1gina10","robots":{"index":"index","follow":"follow","max-snippet":"max-snippet:-1","max-image-preview":"max-image-preview:large","max-video-preview":"max-video-preview:-1"},"canonical":"https:\/\/pagina10.com\/web\/jep-asume-los-casos-de-salvatore-mancuso-y-decidira-sobre-su-libertad\/","og_locale":"es_ES","og_type":"article","og_title":"JEP asume los casos de Salvatore Mancuso y decidir\u00e1 sobre su libertad | P\u00e1gina10","og_description":"La Jurisdicci\u00f3n Especial para la Paz (JEP) asumir\u00e1 todos los casos pendientes del exjefe paramilitar Salvatore Mancuso y ser\u00e1 la que determine si queda o no en libertad, para cumplir su funci\u00f3n como gestor de paz del gobierno del presidente Petro, facilitando acercamientos con grupos como el Clan del Golfo o las Autodefensas Libertadoras de [&hellip;]","og_url":"https:\/\/pagina10.com\/web\/jep-asume-los-casos-de-salvatore-mancuso-y-decidira-sobre-su-libertad\/","og_site_name":"P\u00e1gina10","article_publisher":"https:\/\/www.facebook.com\/pag10com","article_published_time":"2024-03-18T20:13:10+00:00","article_modified_time":"2024-03-18T20:15:28+00:00","og_image":[{"width":1200,"height":533,"url":"https:\/\/pagina10.com\/web\/wp-content\/uploads\/2024\/03\/ACDXFK3CFZBSXEWDRXQ6GQAU7Q.jpg","type":"image\/jpeg"}],"author":"P\u00e1gina 10","twitter_card":"summary_large_image","twitter_creator":"@Pag10com","twitter_site":"@Pag10com","twitter_misc":{"Escrito por":"P\u00e1gina 10","Tiempo de lectura":"2 minutos"},"schema":{"@context":"https:\/\/schema.org","@graph":[{"@type":"Article","@id":"https:\/\/pagina10.com\/web\/jep-asume-los-casos-de-salvatore-mancuso-y-decidira-sobre-su-libertad\/#article","isPartOf":{"@id":"https:\/\/pagina10.com\/web\/jep-asume-los-casos-de-salvatore-mancuso-y-decidira-sobre-su-libertad\/"},"author":{"name":"P\u00e1gina 10","@id":"https:\/\/pagina10.com\/web\/#\/schema\/person\/2efc4a090d25b667d3bc796798a3a81b"},"headline":"JEP asume los casos de Salvatore Mancuso y decidir\u00e1 sobre su libertad","datePublished":"2024-03-18T20:13:10+00:00","dateModified":"2024-03-18T20:15:28+00:00","mainEntityOfPage":{"@id":"https:\/\/pagina10.com\/web\/jep-asume-los-casos-de-salvatore-mancuso-y-decidira-sobre-su-libertad\/"},"wordCount":219,"commentCount":0,"publisher":{"@id":"https:\/\/pagina10.com\/web\/#organization"},"image":{"@id":"https:\/\/pagina10.com\/web\/jep-asume-los-casos-de-salvatore-mancuso-y-decidira-sobre-su-libertad\/#primaryimage"},"thumbnailUrl":"https:\/\/pagina10.com\/web\/wp-content\/uploads\/2024\/03\/ACDXFK3CFZBSXEWDRXQ6GQAU7Q.jpg","articleSection":["Nacional"],"inLanguage":"es","potentialAction":[{"@type":"CommentAction","name":"Comment","target":["https:\/\/pagina10.com\/web\/jep-asume-los-casos-de-salvatore-mancuso-y-decidira-sobre-su-libertad\/#respond"]}]},{"@type":"WebPage","@id":"https:\/\/pagina10.com\/web\/jep-asume-los-casos-de-salvatore-mancuso-y-decidira-sobre-su-libertad\/","url":"https:\/\/pagina10.com\/web\/jep-asume-los-casos-de-salvatore-mancuso-y-decidira-sobre-su-libertad\/","name":"JEP asume los casos de Salvatore Mancuso y decidir\u00e1 sobre su libertad | P\u00e1gina10","isPartOf":{"@id":"https:\/\/pagina10.com\/web\/#website"},"primaryImageOfPage":{"@id":"https:\/\/pagina10.com\/web\/jep-asume-los-casos-de-salvatore-mancuso-y-decidira-sobre-su-libertad\/#primaryimage"},"image":{"@id":"https:\/\/pagina10.com\/web\/jep-asume-los-casos-de-salvatore-mancuso-y-decidira-sobre-su-libertad\/#primaryimage"},"thumbnailUrl":"https:\/\/pagina10.com\/web\/wp-content\/uploads\/2024\/03\/ACDXFK3CFZBSXEWDRXQ6GQAU7Q.jpg","datePublished":"2024-03-18T20:13:10+00:00","dateModified":"2024-03-18T20:15:28+00:00","breadcrumb":{"@id":"https:\/\/pagina10.com\/web\/jep-asume-los-casos-de-salvatore-mancuso-y-decidira-sobre-su-libertad\/#breadcrumb"},"inLanguage":"es","potentialAction":[{"@type":"ReadAction","target":["https:\/\/pagina10.com\/web\/jep-asume-los-casos-de-salvatore-mancuso-y-decidira-sobre-su-libertad\/"]}]},{"@type":"ImageObject","inLanguage":"es","@id":"https:\/\/pagina10.com\/web\/jep-asume-los-casos-de-salvatore-mancuso-y-decidira-sobre-su-libertad\/#primaryimage","url":"https:\/\/pagina10.com\/web\/wp-content\/uploads\/2024\/03\/ACDXFK3CFZBSXEWDRXQ6GQAU7Q.jpg","contentUrl":"https:\/\/pagina10.com\/web\/wp-content\/uploads\/2024\/03\/ACDXFK3CFZBSXEWDRXQ6GQAU7Q.jpg","width":1200,"height":533},{"@type":"BreadcrumbList","@id":"https:\/\/pagina10.com\/web\/jep-asume-los-casos-de-salvatore-mancuso-y-decidira-sobre-su-libertad\/#breadcrumb","itemListElement":[{"@type":"ListItem","position":1,"name":"Portada","item":"https:\/\/pagina10.com\/web\/"},{"@type":"ListItem","position":2,"name":"JEP asume los casos de Salvatore Mancuso y decidir\u00e1 sobre su libertad"}]},{"@type":"WebSite","@id":"https:\/\/pagina10.com\/web\/#website","url":"https:\/\/pagina10.com\/web\/","name":"P\u00e1gina10","description":"Peri\u00f3dico Regional","publisher":{"@id":"https:\/\/pagina10.com\/web\/#organization"},"alternateName":"P\u00e1gina10 Peri\u00f3dico Regional","potentialAction":[{"@type":"SearchAction","target":{"@type":"EntryPoint","urlTemplate":"https:\/\/pagina10.com\/web\/?s={search_term_string}"},"query-input":{"@type":"PropertyValueSpecification","valueRequired":true,"valueName":"search_term_string"}}],"inLanguage":"es"},{"@type":"Organization","@id":"https:\/\/pagina10.com\/web\/#organization","name":"P\u00e1gina10","alternateName":"P\u00e1gina10 Peri\u00f3dico Regional","url":"https:\/\/pagina10.com\/web\/","logo":{"@type":"ImageObject","inLanguage":"es","@id":"https:\/\/pagina10.com\/web\/#\/schema\/logo\/image\/","url":"https:\/\/pagina10.com\/web\/wp-content\/uploads\/2024\/01\/40-pagina-10-periodico-regional-pasto.jpg","contentUrl":"https:\/\/pagina10.com\/web\/wp-content\/uploads\/2024\/01\/40-pagina-10-periodico-regional-pasto.jpg","width":1280,"height":720,"caption":"P\u00e1gina10"},"image":{"@id":"https:\/\/pagina10.com\/web\/#\/schema\/logo\/image\/"},"sameAs":["https:\/\/www.facebook.com\/pag10com","https:\/\/x.com\/Pag10com","https:\/\/www.instagram.com\/pagina10col\/","https:\/\/youtube.com\/channel\/pag10","https:\/\/www.tiktok.com\/@p10col"]},{"@type":"Person","@id":"https:\/\/pagina10.com\/web\/#\/schema\/person\/2efc4a090d25b667d3bc796798a3a81b","name":"P\u00e1gina 10","description":"P\u00e1gina 10 es un peri\u00f3dico regional que nace en Colombia, en el departamento de Nari\u00f1o, con un enfoque global, fundamentado en cuatro pilares esenciales: la libertad, el pluralismo, la inclusi\u00f3n y la independencia. P\u00e1gina 10 hace referencia a Nari\u00f1o como el d\u00e9cimo departamento creado en Colombia, despu\u00e9s de un proceso pol\u00edtico liderado por actores y actrices regionales con el fin de obtener la independencia y autonom\u00eda de nuestros territorios. Con la creaci\u00f3n de P\u00e1gina 10 se pretende abrir un escenario para el dialogo, la reflexi\u00f3n y el debate que se extienda a otras geograf\u00edas de Am\u00e9rica Latina y del planeta, en una apuesta por transformar colectivamente los desaf\u00edos de un mundo contempor\u00e1neo, m\u00e1s all\u00e1 de las fronteras impuestas.","url":"https:\/\/pagina10.com\/web\/author\/pdiezadmin\/"}]}},"_links":{"self":[{"href":"https:\/\/pagina10.com\/web\/wp-json\/wp\/v2\/posts\/70879203910","targetHints":{"allow":["GET"]}}],"collection":[{"href":"https:\/\/pagina10.com\/web\/wp-json\/wp\/v2\/posts"}],"about":[{"href":"https:\/\/pagina10.com\/web\/wp-json\/wp\/v2\/types\/post"}],"author":[{"embeddable":true,"href":"https:\/\/pagina10.com\/web\/wp-json\/wp\/v2\/users\/1"}],"replies":[{"embeddable":true,"href":"https:\/\/pagina10.com\/web\/wp-json\/wp\/v2\/comments?post=70879203910"}],"version-history":[{"count":1,"href":"https:\/\/pagina10.com\/web\/wp-json\/wp\/v2\/posts\/70879203910\/revisions"}],"predecessor-version":[{"id":70879203911,"href":"https:\/\/pagina10.com\/web\/wp-json\/wp\/v2\/posts\/70879203910\/revisions\/70879203911"}],"wp:featuredmedia":[{"embeddable":true,"href":"https:\/\/pagina10.com\/web\/wp-json\/wp\/v2\/media\/70879203912"}],"wp:attachment":[{"href":"https:\/\/pagina10.com\/web\/wp-json\/wp\/v2\/media?parent=70879203910"}],"wp:term":[{"taxonomy":"category","embeddable":true,"href":"https:\/\/pagina10.com\/web\/wp-json\/wp\/v2\/categories?post=70879203910"},{"taxonomy":"post_tag","embeddable":true,"href":"https:\/\/pagina10.com\/web\/wp-json\/wp\/v2\/tags?post=70879203910"}],"curies":[{"name":"wp","href":"https:\/\/api.w.org\/{rel}","templated":true}]}}