{"id":70879203932,"date":"2024-03-19T12:41:11","date_gmt":"2024-03-19T17:41:11","guid":{"rendered":"https:\/\/pagina10.com\/web\/?p=70879203932"},"modified":"2024-03-19T13:39:54","modified_gmt":"2024-03-19T18:39:54","slug":"estado-colombiano-debera-pedir-perdon-a-mujer-trans-por-ataques-contra-identidad","status":"publish","type":"post","link":"https:\/\/pagina10.com\/web\/estado-colombiano-debera-pedir-perdon-a-mujer-trans-por-ataques-contra-identidad\/","title":{"rendered":"Estado colombiano deber\u00e1 pedir perd\u00f3n a mujer trans por ataques contra su identidad"},"content":{"rendered":"<p style=\"text-align: justify;\">El Estado colombiano est\u00e1 a punto de realizar un acto sin precedentes y sumamente significativo para los derechos de personas y su identidad de g\u00e9nero, deber\u00e1 pedir perd\u00f3n por primera vez a, Raiza Isabela Salazar, una mujer trans residente del Valle del Cauca. Salazar ha denunciado desde el a\u00f1o 2001 ser v\u00edctima de constantes ataques contra su identidad de g\u00e9nero, pero las autoridades no brindaron la atenci\u00f3n necesaria.<\/p>\n<p style=\"text-align: justify;\">La Agencia Jur\u00eddica del Estado, el Ministerio de Cultura y la Comisi\u00f3n Interamericana de Derechos Humanos (CIDH) reconocer\u00e1n la responsabilidad del Estado en el quebrantamiento de los derechos de Raiza Isabela, fundamentalmente en garant\u00edas judiciales y protecci\u00f3n judicial.<\/p>\n<p style=\"text-align: justify;\">Se destaca este acto de reconocimiento porque ning\u00fan Estado del Sistema Interamericano de Derechos Humanos hab\u00eda pedido perd\u00f3n a una mujer trans sin una orden de condena de la Corte Interamericana de Derechos Humanos. El evento se realizar\u00e1 en la Casa de Mono de Cali, Valle del Cauca, donde Raiza y sus compa\u00f1eros de la Fundaci\u00f3n Santamar\u00eda estar\u00e1n presentes.<\/p>\n<p style=\"text-align: justify;\">Este reconocimiento marca sustancialmente la lucha por los derechos de la comunidad LGTBIQ+ en Colombia y logra reconocer y reparar en gran medida a las v\u00edctimas de violencia por su identidad de g\u00e9nero en el pa\u00eds.<\/p>\n","protected":false},"excerpt":{"rendered":"<p>El Estado colombiano est\u00e1 a punto de realizar un acto sin precedentes y sumamente significativo para los derechos de personas y su identidad de g\u00e9nero, deber\u00e1 pedir perd\u00f3n por primera vez a, Raiza Isabela Salazar, una mujer trans residente del Valle del Cauca. Salazar ha denunciado desde el a\u00f1o 2001 ser v\u00edctima de constantes ataques [&hellip;]<\/p>\n","protected":false},"author":1,"featured_media":70879203934,"comment_status":"open","ping_status":"open","sticky":false,"template":"","format":"standard","meta":{"footnotes":""},"categories":[94],"tags":[],"class_list":["post-70879203932","post","type-post","status-publish","format-standard","has-post-thumbnail","hentry","category-nacional-global-2"],"yoast_head":"<!-- This site is optimized with the Yoast SEO plugin v27.1.1 - https:\/\/yoast.com\/product\/yoast-seo-wordpress\/ -->\n<title>Estado colombiano deber\u00e1 pedir perd\u00f3n a mujer trans por ataques contra su identidad | P\u00e1gina10<\/title>\n<meta name=\"robots\" content=\"index, follow, max-snippet:-1, max-image-preview:large, max-video-preview:-1\" \/>\n<link rel=\"canonical\" href=\"https:\/\/pagina10.com\/web\/estado-colombiano-debera-pedir-perdon-a-mujer-trans-por-ataques-contra-identidad\/\" \/>\n<meta property=\"og:locale\" content=\"es_ES\" \/>\n<meta property=\"og:type\" content=\"article\" \/>\n<meta property=\"og:title\" content=\"Estado colombiano deber\u00e1 pedir perd\u00f3n a mujer trans por ataques contra su identidad | P\u00e1gina10\" \/>\n<meta property=\"og:description\" content=\"El Estado colombiano est\u00e1 a punto de realizar un acto sin precedentes y sumamente significativo para los derechos de personas y su identidad de g\u00e9nero, deber\u00e1 pedir perd\u00f3n por primera vez a, Raiza Isabela Salazar, una mujer trans residente del Valle del Cauca. Salazar ha denunciado desde el a\u00f1o 2001 ser v\u00edctima de constantes ataques [&hellip;]\" \/>\n<meta property=\"og:url\" content=\"https:\/\/pagina10.com\/web\/estado-colombiano-debera-pedir-perdon-a-mujer-trans-por-ataques-contra-identidad\/\" \/>\n<meta property=\"og:site_name\" content=\"P\u00e1gina10\" \/>\n<meta property=\"article:publisher\" content=\"https:\/\/www.facebook.com\/pag10com\" \/>\n<meta property=\"article:published_time\" content=\"2024-03-19T17:41:11+00:00\" \/>\n<meta property=\"article:modified_time\" content=\"2024-03-19T18:39:54+00:00\" \/>\n<meta property=\"og:image\" content=\"https:\/\/pagina10.com\/web\/wp-content\/uploads\/2024\/03\/58.webp\" \/>\n\t<meta property=\"og:image:width\" content=\"1000\" \/>\n\t<meta property=\"og:image:height\" content=\"567\" \/>\n\t<meta property=\"og:image:type\" content=\"image\/webp\" \/>\n<meta name=\"author\" content=\"P\u00e1gina 10\" \/>\n<meta name=\"twitter:card\" content=\"summary_large_image\" \/>\n<meta name=\"twitter:creator\" content=\"@Pag10com\" \/>\n<meta name=\"twitter:site\" content=\"@Pag10com\" \/>\n<meta name=\"twitter:label1\" content=\"Escrito por\" \/>\n\t<meta name=\"twitter:data1\" content=\"P\u00e1gina 10\" \/>\n\t<meta name=\"twitter:label2\" content=\"Tiempo de lectura\" \/>\n\t<meta name=\"twitter:data2\" content=\"2 minutos\" \/>\n<script type=\"application\/ld+json\" class=\"yoast-schema-graph\">{\"@context\":\"https:\/\/schema.org\",\"@graph\":[{\"@type\":\"Article\",\"@id\":\"https:\/\/pagina10.com\/web\/estado-colombiano-debera-pedir-perdon-a-mujer-trans-por-ataques-contra-identidad\/#article\",\"isPartOf\":{\"@id\":\"https:\/\/pagina10.com\/web\/estado-colombiano-debera-pedir-perdon-a-mujer-trans-por-ataques-contra-identidad\/\"},\"author\":{\"name\":\"P\u00e1gina 10\",\"@id\":\"https:\/\/pagina10.com\/web\/#\/schema\/person\/2efc4a090d25b667d3bc796798a3a81b\"},\"headline\":\"Estado colombiano deber\u00e1 pedir perd\u00f3n a mujer trans por ataques contra su identidad\",\"datePublished\":\"2024-03-19T17:41:11+00:00\",\"dateModified\":\"2024-03-19T18:39:54+00:00\",\"mainEntityOfPage\":{\"@id\":\"https:\/\/pagina10.com\/web\/estado-colombiano-debera-pedir-perdon-a-mujer-trans-por-ataques-contra-identidad\/\"},\"wordCount\":235,\"commentCount\":0,\"publisher\":{\"@id\":\"https:\/\/pagina10.com\/web\/#organization\"},\"image\":{\"@id\":\"https:\/\/pagina10.com\/web\/estado-colombiano-debera-pedir-perdon-a-mujer-trans-por-ataques-contra-identidad\/#primaryimage\"},\"thumbnailUrl\":\"https:\/\/pagina10.com\/web\/wp-content\/uploads\/2024\/03\/58.webp\",\"articleSection\":[\"Nacional\"],\"inLanguage\":\"es\",\"potentialAction\":[{\"@type\":\"CommentAction\",\"name\":\"Comment\",\"target\":[\"https:\/\/pagina10.com\/web\/estado-colombiano-debera-pedir-perdon-a-mujer-trans-por-ataques-contra-identidad\/#respond\"]}]},{\"@type\":\"WebPage\",\"@id\":\"https:\/\/pagina10.com\/web\/estado-colombiano-debera-pedir-perdon-a-mujer-trans-por-ataques-contra-identidad\/\",\"url\":\"https:\/\/pagina10.com\/web\/estado-colombiano-debera-pedir-perdon-a-mujer-trans-por-ataques-contra-identidad\/\",\"name\":\"Estado colombiano deber\u00e1 pedir perd\u00f3n a mujer trans por ataques contra su identidad | P\u00e1gina10\",\"isPartOf\":{\"@id\":\"https:\/\/pagina10.com\/web\/#website\"},\"primaryImageOfPage\":{\"@id\":\"https:\/\/pagina10.com\/web\/estado-colombiano-debera-pedir-perdon-a-mujer-trans-por-ataques-contra-identidad\/#primaryimage\"},\"image\":{\"@id\":\"https:\/\/pagina10.com\/web\/estado-colombiano-debera-pedir-perdon-a-mujer-trans-por-ataques-contra-identidad\/#primaryimage\"},\"thumbnailUrl\":\"https:\/\/pagina10.com\/web\/wp-content\/uploads\/2024\/03\/58.webp\",\"datePublished\":\"2024-03-19T17:41:11+00:00\",\"dateModified\":\"2024-03-19T18:39:54+00:00\",\"breadcrumb\":{\"@id\":\"https:\/\/pagina10.com\/web\/estado-colombiano-debera-pedir-perdon-a-mujer-trans-por-ataques-contra-identidad\/#breadcrumb\"},\"inLanguage\":\"es\",\"potentialAction\":[{\"@type\":\"ReadAction\",\"target\":[\"https:\/\/pagina10.com\/web\/estado-colombiano-debera-pedir-perdon-a-mujer-trans-por-ataques-contra-identidad\/\"]}]},{\"@type\":\"ImageObject\",\"inLanguage\":\"es\",\"@id\":\"https:\/\/pagina10.com\/web\/estado-colombiano-debera-pedir-perdon-a-mujer-trans-por-ataques-contra-identidad\/#primaryimage\",\"url\":\"https:\/\/pagina10.com\/web\/wp-content\/uploads\/2024\/03\/58.webp\",\"contentUrl\":\"https:\/\/pagina10.com\/web\/wp-content\/uploads\/2024\/03\/58.webp\",\"width\":1000,\"height\":567},{\"@type\":\"BreadcrumbList\",\"@id\":\"https:\/\/pagina10.com\/web\/estado-colombiano-debera-pedir-perdon-a-mujer-trans-por-ataques-contra-identidad\/#breadcrumb\",\"itemListElement\":[{\"@type\":\"ListItem\",\"position\":1,\"name\":\"Portada\",\"item\":\"https:\/\/pagina10.com\/web\/\"},{\"@type\":\"ListItem\",\"position\":2,\"name\":\"Estado colombiano deber\u00e1 pedir perd\u00f3n a mujer trans por ataques contra su identidad\"}]},{\"@type\":\"WebSite\",\"@id\":\"https:\/\/pagina10.com\/web\/#website\",\"url\":\"https:\/\/pagina10.com\/web\/\",\"name\":\"P\u00e1gina10\",\"description\":\"Peri\u00f3dico Regional\",\"publisher\":{\"@id\":\"https:\/\/pagina10.com\/web\/#organization\"},\"alternateName\":\"P\u00e1gina10 Peri\u00f3dico Regional\",\"potentialAction\":[{\"@type\":\"SearchAction\",\"target\":{\"@type\":\"EntryPoint\",\"urlTemplate\":\"https:\/\/pagina10.com\/web\/?s={search_term_string}\"},\"query-input\":{\"@type\":\"PropertyValueSpecification\",\"valueRequired\":true,\"valueName\":\"search_term_string\"}}],\"inLanguage\":\"es\"},{\"@type\":\"Organization\",\"@id\":\"https:\/\/pagina10.com\/web\/#organization\",\"name\":\"P\u00e1gina10\",\"alternateName\":\"P\u00e1gina10 Peri\u00f3dico Regional\",\"url\":\"https:\/\/pagina10.com\/web\/\",\"logo\":{\"@type\":\"ImageObject\",\"inLanguage\":\"es\",\"@id\":\"https:\/\/pagina10.com\/web\/#\/schema\/logo\/image\/\",\"url\":\"https:\/\/pagina10.com\/web\/wp-content\/uploads\/2024\/01\/40-pagina-10-periodico-regional-pasto.jpg\",\"contentUrl\":\"https:\/\/pagina10.com\/web\/wp-content\/uploads\/2024\/01\/40-pagina-10-periodico-regional-pasto.jpg\",\"width\":1280,\"height\":720,\"caption\":\"P\u00e1gina10\"},\"image\":{\"@id\":\"https:\/\/pagina10.com\/web\/#\/schema\/logo\/image\/\"},\"sameAs\":[\"https:\/\/www.facebook.com\/pag10com\",\"https:\/\/x.com\/Pag10com\",\"https:\/\/www.instagram.com\/pagina10col\/\",\"https:\/\/youtube.com\/channel\/pag10\",\"https:\/\/www.tiktok.com\/@p10col\"]},{\"@type\":\"Person\",\"@id\":\"https:\/\/pagina10.com\/web\/#\/schema\/person\/2efc4a090d25b667d3bc796798a3a81b\",\"name\":\"P\u00e1gina 10\",\"description\":\"P\u00e1gina 10 es un peri\u00f3dico regional que nace en Colombia, en el departamento de Nari\u00f1o, con un enfoque global, fundamentado en cuatro pilares esenciales: la libertad, el pluralismo, la inclusi\u00f3n y la independencia. P\u00e1gina 10 hace referencia a Nari\u00f1o como el d\u00e9cimo departamento creado en Colombia, despu\u00e9s de un proceso pol\u00edtico liderado por actores y actrices regionales con el fin de obtener la independencia y autonom\u00eda de nuestros territorios. Con la creaci\u00f3n de P\u00e1gina 10 se pretende abrir un escenario para el dialogo, la reflexi\u00f3n y el debate que se extienda a otras geograf\u00edas de Am\u00e9rica Latina y del planeta, en una apuesta por transformar colectivamente los desaf\u00edos de un mundo contempor\u00e1neo, m\u00e1s all\u00e1 de las fronteras impuestas.\",\"url\":\"https:\/\/pagina10.com\/web\/author\/pdiezadmin\/\"}]}<\/script>\n<!-- \/ Yoast SEO plugin. -->","yoast_head_json":{"title":"Estado colombiano deber\u00e1 pedir perd\u00f3n a mujer trans por ataques contra su identidad | P\u00e1gina10","robots":{"index":"index","follow":"follow","max-snippet":"max-snippet:-1","max-image-preview":"max-image-preview:large","max-video-preview":"max-video-preview:-1"},"canonical":"https:\/\/pagina10.com\/web\/estado-colombiano-debera-pedir-perdon-a-mujer-trans-por-ataques-contra-identidad\/","og_locale":"es_ES","og_type":"article","og_title":"Estado colombiano deber\u00e1 pedir perd\u00f3n a mujer trans por ataques contra su identidad | P\u00e1gina10","og_description":"El Estado colombiano est\u00e1 a punto de realizar un acto sin precedentes y sumamente significativo para los derechos de personas y su identidad de g\u00e9nero, deber\u00e1 pedir perd\u00f3n por primera vez a, Raiza Isabela Salazar, una mujer trans residente del Valle del Cauca. Salazar ha denunciado desde el a\u00f1o 2001 ser v\u00edctima de constantes ataques [&hellip;]","og_url":"https:\/\/pagina10.com\/web\/estado-colombiano-debera-pedir-perdon-a-mujer-trans-por-ataques-contra-identidad\/","og_site_name":"P\u00e1gina10","article_publisher":"https:\/\/www.facebook.com\/pag10com","article_published_time":"2024-03-19T17:41:11+00:00","article_modified_time":"2024-03-19T18:39:54+00:00","og_image":[{"width":1000,"height":567,"url":"https:\/\/pagina10.com\/web\/wp-content\/uploads\/2024\/03\/58.webp","type":"image\/webp"}],"author":"P\u00e1gina 10","twitter_card":"summary_large_image","twitter_creator":"@Pag10com","twitter_site":"@Pag10com","twitter_misc":{"Escrito por":"P\u00e1gina 10","Tiempo de lectura":"2 minutos"},"schema":{"@context":"https:\/\/schema.org","@graph":[{"@type":"Article","@id":"https:\/\/pagina10.com\/web\/estado-colombiano-debera-pedir-perdon-a-mujer-trans-por-ataques-contra-identidad\/#article","isPartOf":{"@id":"https:\/\/pagina10.com\/web\/estado-colombiano-debera-pedir-perdon-a-mujer-trans-por-ataques-contra-identidad\/"},"author":{"name":"P\u00e1gina 10","@id":"https:\/\/pagina10.com\/web\/#\/schema\/person\/2efc4a090d25b667d3bc796798a3a81b"},"headline":"Estado colombiano deber\u00e1 pedir perd\u00f3n a mujer trans por ataques contra su identidad","datePublished":"2024-03-19T17:41:11+00:00","dateModified":"2024-03-19T18:39:54+00:00","mainEntityOfPage":{"@id":"https:\/\/pagina10.com\/web\/estado-colombiano-debera-pedir-perdon-a-mujer-trans-por-ataques-contra-identidad\/"},"wordCount":235,"commentCount":0,"publisher":{"@id":"https:\/\/pagina10.com\/web\/#organization"},"image":{"@id":"https:\/\/pagina10.com\/web\/estado-colombiano-debera-pedir-perdon-a-mujer-trans-por-ataques-contra-identidad\/#primaryimage"},"thumbnailUrl":"https:\/\/pagina10.com\/web\/wp-content\/uploads\/2024\/03\/58.webp","articleSection":["Nacional"],"inLanguage":"es","potentialAction":[{"@type":"CommentAction","name":"Comment","target":["https:\/\/pagina10.com\/web\/estado-colombiano-debera-pedir-perdon-a-mujer-trans-por-ataques-contra-identidad\/#respond"]}]},{"@type":"WebPage","@id":"https:\/\/pagina10.com\/web\/estado-colombiano-debera-pedir-perdon-a-mujer-trans-por-ataques-contra-identidad\/","url":"https:\/\/pagina10.com\/web\/estado-colombiano-debera-pedir-perdon-a-mujer-trans-por-ataques-contra-identidad\/","name":"Estado colombiano deber\u00e1 pedir perd\u00f3n a mujer trans por ataques contra su identidad | P\u00e1gina10","isPartOf":{"@id":"https:\/\/pagina10.com\/web\/#website"},"primaryImageOfPage":{"@id":"https:\/\/pagina10.com\/web\/estado-colombiano-debera-pedir-perdon-a-mujer-trans-por-ataques-contra-identidad\/#primaryimage"},"image":{"@id":"https:\/\/pagina10.com\/web\/estado-colombiano-debera-pedir-perdon-a-mujer-trans-por-ataques-contra-identidad\/#primaryimage"},"thumbnailUrl":"https:\/\/pagina10.com\/web\/wp-content\/uploads\/2024\/03\/58.webp","datePublished":"2024-03-19T17:41:11+00:00","dateModified":"2024-03-19T18:39:54+00:00","breadcrumb":{"@id":"https:\/\/pagina10.com\/web\/estado-colombiano-debera-pedir-perdon-a-mujer-trans-por-ataques-contra-identidad\/#breadcrumb"},"inLanguage":"es","potentialAction":[{"@type":"ReadAction","target":["https:\/\/pagina10.com\/web\/estado-colombiano-debera-pedir-perdon-a-mujer-trans-por-ataques-contra-identidad\/"]}]},{"@type":"ImageObject","inLanguage":"es","@id":"https:\/\/pagina10.com\/web\/estado-colombiano-debera-pedir-perdon-a-mujer-trans-por-ataques-contra-identidad\/#primaryimage","url":"https:\/\/pagina10.com\/web\/wp-content\/uploads\/2024\/03\/58.webp","contentUrl":"https:\/\/pagina10.com\/web\/wp-content\/uploads\/2024\/03\/58.webp","width":1000,"height":567},{"@type":"BreadcrumbList","@id":"https:\/\/pagina10.com\/web\/estado-colombiano-debera-pedir-perdon-a-mujer-trans-por-ataques-contra-identidad\/#breadcrumb","itemListElement":[{"@type":"ListItem","position":1,"name":"Portada","item":"https:\/\/pagina10.com\/web\/"},{"@type":"ListItem","position":2,"name":"Estado colombiano deber\u00e1 pedir perd\u00f3n a mujer trans por ataques contra su identidad"}]},{"@type":"WebSite","@id":"https:\/\/pagina10.com\/web\/#website","url":"https:\/\/pagina10.com\/web\/","name":"P\u00e1gina10","description":"Peri\u00f3dico Regional","publisher":{"@id":"https:\/\/pagina10.com\/web\/#organization"},"alternateName":"P\u00e1gina10 Peri\u00f3dico Regional","potentialAction":[{"@type":"SearchAction","target":{"@type":"EntryPoint","urlTemplate":"https:\/\/pagina10.com\/web\/?s={search_term_string}"},"query-input":{"@type":"PropertyValueSpecification","valueRequired":true,"valueName":"search_term_string"}}],"inLanguage":"es"},{"@type":"Organization","@id":"https:\/\/pagina10.com\/web\/#organization","name":"P\u00e1gina10","alternateName":"P\u00e1gina10 Peri\u00f3dico Regional","url":"https:\/\/pagina10.com\/web\/","logo":{"@type":"ImageObject","inLanguage":"es","@id":"https:\/\/pagina10.com\/web\/#\/schema\/logo\/image\/","url":"https:\/\/pagina10.com\/web\/wp-content\/uploads\/2024\/01\/40-pagina-10-periodico-regional-pasto.jpg","contentUrl":"https:\/\/pagina10.com\/web\/wp-content\/uploads\/2024\/01\/40-pagina-10-periodico-regional-pasto.jpg","width":1280,"height":720,"caption":"P\u00e1gina10"},"image":{"@id":"https:\/\/pagina10.com\/web\/#\/schema\/logo\/image\/"},"sameAs":["https:\/\/www.facebook.com\/pag10com","https:\/\/x.com\/Pag10com","https:\/\/www.instagram.com\/pagina10col\/","https:\/\/youtube.com\/channel\/pag10","https:\/\/www.tiktok.com\/@p10col"]},{"@type":"Person","@id":"https:\/\/pagina10.com\/web\/#\/schema\/person\/2efc4a090d25b667d3bc796798a3a81b","name":"P\u00e1gina 10","description":"P\u00e1gina 10 es un peri\u00f3dico regional que nace en Colombia, en el departamento de Nari\u00f1o, con un enfoque global, fundamentado en cuatro pilares esenciales: la libertad, el pluralismo, la inclusi\u00f3n y la independencia. P\u00e1gina 10 hace referencia a Nari\u00f1o como el d\u00e9cimo departamento creado en Colombia, despu\u00e9s de un proceso pol\u00edtico liderado por actores y actrices regionales con el fin de obtener la independencia y autonom\u00eda de nuestros territorios. Con la creaci\u00f3n de P\u00e1gina 10 se pretende abrir un escenario para el dialogo, la reflexi\u00f3n y el debate que se extienda a otras geograf\u00edas de Am\u00e9rica Latina y del planeta, en una apuesta por transformar colectivamente los desaf\u00edos de un mundo contempor\u00e1neo, m\u00e1s all\u00e1 de las fronteras impuestas.","url":"https:\/\/pagina10.com\/web\/author\/pdiezadmin\/"}]}},"_links":{"self":[{"href":"https:\/\/pagina10.com\/web\/wp-json\/wp\/v2\/posts\/70879203932","targetHints":{"allow":["GET"]}}],"collection":[{"href":"https:\/\/pagina10.com\/web\/wp-json\/wp\/v2\/posts"}],"about":[{"href":"https:\/\/pagina10.com\/web\/wp-json\/wp\/v2\/types\/post"}],"author":[{"embeddable":true,"href":"https:\/\/pagina10.com\/web\/wp-json\/wp\/v2\/users\/1"}],"replies":[{"embeddable":true,"href":"https:\/\/pagina10.com\/web\/wp-json\/wp\/v2\/comments?post=70879203932"}],"version-history":[{"count":2,"href":"https:\/\/pagina10.com\/web\/wp-json\/wp\/v2\/posts\/70879203932\/revisions"}],"predecessor-version":[{"id":70879203935,"href":"https:\/\/pagina10.com\/web\/wp-json\/wp\/v2\/posts\/70879203932\/revisions\/70879203935"}],"wp:featuredmedia":[{"embeddable":true,"href":"https:\/\/pagina10.com\/web\/wp-json\/wp\/v2\/media\/70879203934"}],"wp:attachment":[{"href":"https:\/\/pagina10.com\/web\/wp-json\/wp\/v2\/media?parent=70879203932"}],"wp:term":[{"taxonomy":"category","embeddable":true,"href":"https:\/\/pagina10.com\/web\/wp-json\/wp\/v2\/categories?post=70879203932"},{"taxonomy":"post_tag","embeddable":true,"href":"https:\/\/pagina10.com\/web\/wp-json\/wp\/v2\/tags?post=70879203932"}],"curies":[{"name":"wp","href":"https:\/\/api.w.org\/{rel}","templated":true}]}}