{"id":70879203987,"date":"2024-03-22T00:57:43","date_gmt":"2024-03-22T05:57:43","guid":{"rendered":"https:\/\/pagina10.com\/web\/?p=70879203987"},"modified":"2024-03-22T09:48:56","modified_gmt":"2024-03-22T14:48:56","slug":"alcalde-de-pasto-estaria-en-desacuerdo-con-carlos-galan-sobre-no-modificar-la-primera-linea-del-metro-de-bogota","status":"publish","type":"post","link":"https:\/\/pagina10.com\/web\/alcalde-de-pasto-estaria-en-desacuerdo-con-carlos-galan-sobre-no-modificar-la-primera-linea-del-metro-de-bogota\/","title":{"rendered":"Alcalde de Pasto, del mismo partido de Gal\u00e1n, no lo respald\u00f3 frente al Metro"},"content":{"rendered":"<p style=\"text-align: justify;\">A trav\u00e9s de un comunicado a la opini\u00f3n p\u00fablica, 16 alcaldes del pa\u00eds mostraron con su firma estar a favor del alcalde de Bogot\u00e1, Carlos Fernando Gal\u00e1n, respecto a no realizar modificaciones a la primera l\u00ednea del Metro de la ciudad capitalina. Entre las firmas de alcaldes de Valledupar, Bucaramanga, Cali, Medell\u00edn, Yopal, Tunja, Barranquilla, entre otras, no se encuentra la del alcalde de Pasto, Nicolas Toro, evidenciando su falta de respaldo a la postura del dirigente bogotano, incluso perteneciendo al mismo partido pol\u00edtico.<\/p>\n<p style=\"text-align: justify;\">\u201cLa propuesta del presidente de la Rep\u00fablica de cambiar el trazado de la 1ra l\u00ednea del Metro por la Carrera 13 y la Caracas, sin ni siquiera tener viabilidad t\u00e9cnica, jur\u00eddica y financiera, no es conveniente ni oportuna. Esto implicar\u00eda desarrollar unos nuevos dise\u00f1os, modificar el contrato de obra, retrasar como m\u00ednimo 4 a\u00f1os el proyecto y poner en riesgo cerca de 2.9 billones de pesos ejecutados a la fecha\u201d, as\u00ed lo dio a conocer el comunicado.<\/p>\n<p style=\"text-align: justify;\">El comunicado emitido por los 16 alcaldes hace un llamado a no considerar las propuestas de modificaci\u00f3n hecha por el presidente Petro, con el objetivo de asegurar que el Metro de Bogot\u00e1 cumpla con las necesidades y expectativas de la ciudadan\u00eda, as\u00ed como con los est\u00e1ndares de calidad y eficiencia requeridos para una infraestructura de esta envergadura y no por el contrario, entorpecer y demorar el proyecto \u201cque beneficiar\u00e1 a 8,3 millones de habitantes\u201d.<\/p>\n<p style=\"text-align: justify;\">Este escenario genera dudas respecto al apoyo partidista entre mandatarios del pa\u00eds, porque a pesar de que los alcaldes de Pasto y Bogot\u00e1 pertenecen al mismo partido pol\u00edtico, no se apoyaron mutuamente en una decisi\u00f3n sumamente importante para la capital y el pa\u00eds.<\/p>\n<p><img fetchpriority=\"high\" decoding=\"async\" class=\"aligncenter size-large wp-image-70879203993\" src=\"https:\/\/pagina10.com\/web\/wp-content\/uploads\/2024\/03\/Picture1-1-1024x637.png\" alt=\"\" width=\"800\" height=\"498\" srcset=\"https:\/\/pagina10.com\/web\/wp-content\/uploads\/2024\/03\/Picture1-1-1024x637.png 1024w, https:\/\/pagina10.com\/web\/wp-content\/uploads\/2024\/03\/Picture1-1-300x187.png 300w, https:\/\/pagina10.com\/web\/wp-content\/uploads\/2024\/03\/Picture1-1-768x478.png 768w, https:\/\/pagina10.com\/web\/wp-content\/uploads\/2024\/03\/Picture1-1-600x373.png 600w, https:\/\/pagina10.com\/web\/wp-content\/uploads\/2024\/03\/Picture1-1-750x466.png 750w, https:\/\/pagina10.com\/web\/wp-content\/uploads\/2024\/03\/Picture1-1-1140x709.png 1140w, https:\/\/pagina10.com\/web\/wp-content\/uploads\/2024\/03\/Picture1-1.png 1494w\" sizes=\"(max-width: 800px) 100vw, 800px\" \/><\/p>\n","protected":false},"excerpt":{"rendered":"<p>A trav\u00e9s de un comunicado a la opini\u00f3n p\u00fablica, 16 alcaldes del pa\u00eds mostraron con su firma estar a favor del alcalde de Bogot\u00e1, Carlos Fernando Gal\u00e1n, respecto a no realizar modificaciones a la primera l\u00ednea del Metro de la ciudad capitalina. Entre las firmas de alcaldes de Valledupar, Bucaramanga, Cali, Medell\u00edn, Yopal, Tunja, Barranquilla, [&hellip;]<\/p>\n","protected":false},"author":1,"featured_media":70879203992,"comment_status":"open","ping_status":"open","sticky":false,"template":"","format":"standard","meta":{"footnotes":""},"categories":[14],"tags":[],"class_list":["post-70879203987","post","type-post","status-publish","format-standard","has-post-thumbnail","hentry","category-narino-actual"],"yoast_head":"<!-- This site is optimized with the Yoast SEO plugin v27.1.1 - https:\/\/yoast.com\/product\/yoast-seo-wordpress\/ -->\n<title>Alcalde de Pasto, del mismo partido de Gal\u00e1n, no lo respald\u00f3 frente al Metro | P\u00e1gina10<\/title>\n<meta name=\"robots\" content=\"index, follow, max-snippet:-1, max-image-preview:large, max-video-preview:-1\" \/>\n<link rel=\"canonical\" href=\"https:\/\/pagina10.com\/web\/alcalde-de-pasto-estaria-en-desacuerdo-con-carlos-galan-sobre-no-modificar-la-primera-linea-del-metro-de-bogota\/\" \/>\n<meta property=\"og:locale\" content=\"es_ES\" \/>\n<meta property=\"og:type\" content=\"article\" \/>\n<meta property=\"og:title\" content=\"Alcalde de Pasto, del mismo partido de Gal\u00e1n, no lo respald\u00f3 frente al Metro | P\u00e1gina10\" \/>\n<meta property=\"og:description\" content=\"A trav\u00e9s de un comunicado a la opini\u00f3n p\u00fablica, 16 alcaldes del pa\u00eds mostraron con su firma estar a favor del alcalde de Bogot\u00e1, Carlos Fernando Gal\u00e1n, respecto a no realizar modificaciones a la primera l\u00ednea del Metro de la ciudad capitalina. Entre las firmas de alcaldes de Valledupar, Bucaramanga, Cali, Medell\u00edn, Yopal, Tunja, Barranquilla, [&hellip;]\" \/>\n<meta property=\"og:url\" content=\"https:\/\/pagina10.com\/web\/alcalde-de-pasto-estaria-en-desacuerdo-con-carlos-galan-sobre-no-modificar-la-primera-linea-del-metro-de-bogota\/\" \/>\n<meta property=\"og:site_name\" content=\"P\u00e1gina10\" \/>\n<meta property=\"article:publisher\" content=\"https:\/\/www.facebook.com\/pag10com\" \/>\n<meta property=\"article:published_time\" content=\"2024-03-22T05:57:43+00:00\" \/>\n<meta property=\"article:modified_time\" content=\"2024-03-22T14:48:56+00:00\" \/>\n<meta property=\"og:image\" content=\"https:\/\/pagina10.com\/web\/wp-content\/uploads\/2024\/03\/FunPic_20240322_091757945.jpg\" \/>\n\t<meta property=\"og:image:width\" content=\"1920\" \/>\n\t<meta property=\"og:image:height\" content=\"1280\" \/>\n\t<meta property=\"og:image:type\" content=\"image\/jpeg\" \/>\n<meta name=\"author\" content=\"P\u00e1gina 10\" \/>\n<meta name=\"twitter:card\" content=\"summary_large_image\" \/>\n<meta name=\"twitter:creator\" content=\"@Pag10com\" \/>\n<meta name=\"twitter:site\" content=\"@Pag10com\" \/>\n<meta name=\"twitter:label1\" content=\"Escrito por\" \/>\n\t<meta name=\"twitter:data1\" content=\"P\u00e1gina 10\" \/>\n\t<meta name=\"twitter:label2\" content=\"Tiempo de lectura\" \/>\n\t<meta name=\"twitter:data2\" content=\"2 minutos\" \/>\n<script type=\"application\/ld+json\" class=\"yoast-schema-graph\">{\"@context\":\"https:\/\/schema.org\",\"@graph\":[{\"@type\":\"Article\",\"@id\":\"https:\/\/pagina10.com\/web\/alcalde-de-pasto-estaria-en-desacuerdo-con-carlos-galan-sobre-no-modificar-la-primera-linea-del-metro-de-bogota\/#article\",\"isPartOf\":{\"@id\":\"https:\/\/pagina10.com\/web\/alcalde-de-pasto-estaria-en-desacuerdo-con-carlos-galan-sobre-no-modificar-la-primera-linea-del-metro-de-bogota\/\"},\"author\":{\"name\":\"P\u00e1gina 10\",\"@id\":\"https:\/\/pagina10.com\/web\/#\/schema\/person\/2efc4a090d25b667d3bc796798a3a81b\"},\"headline\":\"Alcalde de Pasto, del mismo partido de Gal\u00e1n, no lo respald\u00f3 frente al Metro\",\"datePublished\":\"2024-03-22T05:57:43+00:00\",\"dateModified\":\"2024-03-22T14:48:56+00:00\",\"mainEntityOfPage\":{\"@id\":\"https:\/\/pagina10.com\/web\/alcalde-de-pasto-estaria-en-desacuerdo-con-carlos-galan-sobre-no-modificar-la-primera-linea-del-metro-de-bogota\/\"},\"wordCount\":310,\"commentCount\":0,\"publisher\":{\"@id\":\"https:\/\/pagina10.com\/web\/#organization\"},\"image\":{\"@id\":\"https:\/\/pagina10.com\/web\/alcalde-de-pasto-estaria-en-desacuerdo-con-carlos-galan-sobre-no-modificar-la-primera-linea-del-metro-de-bogota\/#primaryimage\"},\"thumbnailUrl\":\"https:\/\/pagina10.com\/web\/wp-content\/uploads\/2024\/03\/FunPic_20240322_091757945.jpg\",\"articleSection\":[\"Nari\u00f1o Actual\"],\"inLanguage\":\"es\",\"potentialAction\":[{\"@type\":\"CommentAction\",\"name\":\"Comment\",\"target\":[\"https:\/\/pagina10.com\/web\/alcalde-de-pasto-estaria-en-desacuerdo-con-carlos-galan-sobre-no-modificar-la-primera-linea-del-metro-de-bogota\/#respond\"]}]},{\"@type\":\"WebPage\",\"@id\":\"https:\/\/pagina10.com\/web\/alcalde-de-pasto-estaria-en-desacuerdo-con-carlos-galan-sobre-no-modificar-la-primera-linea-del-metro-de-bogota\/\",\"url\":\"https:\/\/pagina10.com\/web\/alcalde-de-pasto-estaria-en-desacuerdo-con-carlos-galan-sobre-no-modificar-la-primera-linea-del-metro-de-bogota\/\",\"name\":\"Alcalde de Pasto, del mismo partido de Gal\u00e1n, no lo respald\u00f3 frente al Metro | P\u00e1gina10\",\"isPartOf\":{\"@id\":\"https:\/\/pagina10.com\/web\/#website\"},\"primaryImageOfPage\":{\"@id\":\"https:\/\/pagina10.com\/web\/alcalde-de-pasto-estaria-en-desacuerdo-con-carlos-galan-sobre-no-modificar-la-primera-linea-del-metro-de-bogota\/#primaryimage\"},\"image\":{\"@id\":\"https:\/\/pagina10.com\/web\/alcalde-de-pasto-estaria-en-desacuerdo-con-carlos-galan-sobre-no-modificar-la-primera-linea-del-metro-de-bogota\/#primaryimage\"},\"thumbnailUrl\":\"https:\/\/pagina10.com\/web\/wp-content\/uploads\/2024\/03\/FunPic_20240322_091757945.jpg\",\"datePublished\":\"2024-03-22T05:57:43+00:00\",\"dateModified\":\"2024-03-22T14:48:56+00:00\",\"breadcrumb\":{\"@id\":\"https:\/\/pagina10.com\/web\/alcalde-de-pasto-estaria-en-desacuerdo-con-carlos-galan-sobre-no-modificar-la-primera-linea-del-metro-de-bogota\/#breadcrumb\"},\"inLanguage\":\"es\",\"potentialAction\":[{\"@type\":\"ReadAction\",\"target\":[\"https:\/\/pagina10.com\/web\/alcalde-de-pasto-estaria-en-desacuerdo-con-carlos-galan-sobre-no-modificar-la-primera-linea-del-metro-de-bogota\/\"]}]},{\"@type\":\"ImageObject\",\"inLanguage\":\"es\",\"@id\":\"https:\/\/pagina10.com\/web\/alcalde-de-pasto-estaria-en-desacuerdo-con-carlos-galan-sobre-no-modificar-la-primera-linea-del-metro-de-bogota\/#primaryimage\",\"url\":\"https:\/\/pagina10.com\/web\/wp-content\/uploads\/2024\/03\/FunPic_20240322_091757945.jpg\",\"contentUrl\":\"https:\/\/pagina10.com\/web\/wp-content\/uploads\/2024\/03\/FunPic_20240322_091757945.jpg\",\"width\":1920,\"height\":1280},{\"@type\":\"BreadcrumbList\",\"@id\":\"https:\/\/pagina10.com\/web\/alcalde-de-pasto-estaria-en-desacuerdo-con-carlos-galan-sobre-no-modificar-la-primera-linea-del-metro-de-bogota\/#breadcrumb\",\"itemListElement\":[{\"@type\":\"ListItem\",\"position\":1,\"name\":\"Portada\",\"item\":\"https:\/\/pagina10.com\/web\/\"},{\"@type\":\"ListItem\",\"position\":2,\"name\":\"Alcalde de Pasto, del mismo partido de Gal\u00e1n, no lo respald\u00f3 frente al Metro\"}]},{\"@type\":\"WebSite\",\"@id\":\"https:\/\/pagina10.com\/web\/#website\",\"url\":\"https:\/\/pagina10.com\/web\/\",\"name\":\"P\u00e1gina10\",\"description\":\"Peri\u00f3dico Regional\",\"publisher\":{\"@id\":\"https:\/\/pagina10.com\/web\/#organization\"},\"alternateName\":\"P\u00e1gina10 Peri\u00f3dico Regional\",\"potentialAction\":[{\"@type\":\"SearchAction\",\"target\":{\"@type\":\"EntryPoint\",\"urlTemplate\":\"https:\/\/pagina10.com\/web\/?s={search_term_string}\"},\"query-input\":{\"@type\":\"PropertyValueSpecification\",\"valueRequired\":true,\"valueName\":\"search_term_string\"}}],\"inLanguage\":\"es\"},{\"@type\":\"Organization\",\"@id\":\"https:\/\/pagina10.com\/web\/#organization\",\"name\":\"P\u00e1gina10\",\"alternateName\":\"P\u00e1gina10 Peri\u00f3dico Regional\",\"url\":\"https:\/\/pagina10.com\/web\/\",\"logo\":{\"@type\":\"ImageObject\",\"inLanguage\":\"es\",\"@id\":\"https:\/\/pagina10.com\/web\/#\/schema\/logo\/image\/\",\"url\":\"https:\/\/pagina10.com\/web\/wp-content\/uploads\/2024\/01\/40-pagina-10-periodico-regional-pasto.jpg\",\"contentUrl\":\"https:\/\/pagina10.com\/web\/wp-content\/uploads\/2024\/01\/40-pagina-10-periodico-regional-pasto.jpg\",\"width\":1280,\"height\":720,\"caption\":\"P\u00e1gina10\"},\"image\":{\"@id\":\"https:\/\/pagina10.com\/web\/#\/schema\/logo\/image\/\"},\"sameAs\":[\"https:\/\/www.facebook.com\/pag10com\",\"https:\/\/x.com\/Pag10com\",\"https:\/\/www.instagram.com\/pagina10col\/\",\"https:\/\/youtube.com\/channel\/pag10\",\"https:\/\/www.tiktok.com\/@p10col\"]},{\"@type\":\"Person\",\"@id\":\"https:\/\/pagina10.com\/web\/#\/schema\/person\/2efc4a090d25b667d3bc796798a3a81b\",\"name\":\"P\u00e1gina 10\",\"description\":\"P\u00e1gina 10 es un peri\u00f3dico regional que nace en Colombia, en el departamento de Nari\u00f1o, con un enfoque global, fundamentado en cuatro pilares esenciales: la libertad, el pluralismo, la inclusi\u00f3n y la independencia. P\u00e1gina 10 hace referencia a Nari\u00f1o como el d\u00e9cimo departamento creado en Colombia, despu\u00e9s de un proceso pol\u00edtico liderado por actores y actrices regionales con el fin de obtener la independencia y autonom\u00eda de nuestros territorios. Con la creaci\u00f3n de P\u00e1gina 10 se pretende abrir un escenario para el dialogo, la reflexi\u00f3n y el debate que se extienda a otras geograf\u00edas de Am\u00e9rica Latina y del planeta, en una apuesta por transformar colectivamente los desaf\u00edos de un mundo contempor\u00e1neo, m\u00e1s all\u00e1 de las fronteras impuestas.\",\"url\":\"https:\/\/pagina10.com\/web\/author\/pdiezadmin\/\"}]}<\/script>\n<!-- \/ Yoast SEO plugin. -->","yoast_head_json":{"title":"Alcalde de Pasto, del mismo partido de Gal\u00e1n, no lo respald\u00f3 frente al Metro | P\u00e1gina10","robots":{"index":"index","follow":"follow","max-snippet":"max-snippet:-1","max-image-preview":"max-image-preview:large","max-video-preview":"max-video-preview:-1"},"canonical":"https:\/\/pagina10.com\/web\/alcalde-de-pasto-estaria-en-desacuerdo-con-carlos-galan-sobre-no-modificar-la-primera-linea-del-metro-de-bogota\/","og_locale":"es_ES","og_type":"article","og_title":"Alcalde de Pasto, del mismo partido de Gal\u00e1n, no lo respald\u00f3 frente al Metro | P\u00e1gina10","og_description":"A trav\u00e9s de un comunicado a la opini\u00f3n p\u00fablica, 16 alcaldes del pa\u00eds mostraron con su firma estar a favor del alcalde de Bogot\u00e1, Carlos Fernando Gal\u00e1n, respecto a no realizar modificaciones a la primera l\u00ednea del Metro de la ciudad capitalina. Entre las firmas de alcaldes de Valledupar, Bucaramanga, Cali, Medell\u00edn, Yopal, Tunja, Barranquilla, [&hellip;]","og_url":"https:\/\/pagina10.com\/web\/alcalde-de-pasto-estaria-en-desacuerdo-con-carlos-galan-sobre-no-modificar-la-primera-linea-del-metro-de-bogota\/","og_site_name":"P\u00e1gina10","article_publisher":"https:\/\/www.facebook.com\/pag10com","article_published_time":"2024-03-22T05:57:43+00:00","article_modified_time":"2024-03-22T14:48:56+00:00","og_image":[{"width":1920,"height":1280,"url":"https:\/\/pagina10.com\/web\/wp-content\/uploads\/2024\/03\/FunPic_20240322_091757945.jpg","type":"image\/jpeg"}],"author":"P\u00e1gina 10","twitter_card":"summary_large_image","twitter_creator":"@Pag10com","twitter_site":"@Pag10com","twitter_misc":{"Escrito por":"P\u00e1gina 10","Tiempo de lectura":"2 minutos"},"schema":{"@context":"https:\/\/schema.org","@graph":[{"@type":"Article","@id":"https:\/\/pagina10.com\/web\/alcalde-de-pasto-estaria-en-desacuerdo-con-carlos-galan-sobre-no-modificar-la-primera-linea-del-metro-de-bogota\/#article","isPartOf":{"@id":"https:\/\/pagina10.com\/web\/alcalde-de-pasto-estaria-en-desacuerdo-con-carlos-galan-sobre-no-modificar-la-primera-linea-del-metro-de-bogota\/"},"author":{"name":"P\u00e1gina 10","@id":"https:\/\/pagina10.com\/web\/#\/schema\/person\/2efc4a090d25b667d3bc796798a3a81b"},"headline":"Alcalde de Pasto, del mismo partido de Gal\u00e1n, no lo respald\u00f3 frente al Metro","datePublished":"2024-03-22T05:57:43+00:00","dateModified":"2024-03-22T14:48:56+00:00","mainEntityOfPage":{"@id":"https:\/\/pagina10.com\/web\/alcalde-de-pasto-estaria-en-desacuerdo-con-carlos-galan-sobre-no-modificar-la-primera-linea-del-metro-de-bogota\/"},"wordCount":310,"commentCount":0,"publisher":{"@id":"https:\/\/pagina10.com\/web\/#organization"},"image":{"@id":"https:\/\/pagina10.com\/web\/alcalde-de-pasto-estaria-en-desacuerdo-con-carlos-galan-sobre-no-modificar-la-primera-linea-del-metro-de-bogota\/#primaryimage"},"thumbnailUrl":"https:\/\/pagina10.com\/web\/wp-content\/uploads\/2024\/03\/FunPic_20240322_091757945.jpg","articleSection":["Nari\u00f1o Actual"],"inLanguage":"es","potentialAction":[{"@type":"CommentAction","name":"Comment","target":["https:\/\/pagina10.com\/web\/alcalde-de-pasto-estaria-en-desacuerdo-con-carlos-galan-sobre-no-modificar-la-primera-linea-del-metro-de-bogota\/#respond"]}]},{"@type":"WebPage","@id":"https:\/\/pagina10.com\/web\/alcalde-de-pasto-estaria-en-desacuerdo-con-carlos-galan-sobre-no-modificar-la-primera-linea-del-metro-de-bogota\/","url":"https:\/\/pagina10.com\/web\/alcalde-de-pasto-estaria-en-desacuerdo-con-carlos-galan-sobre-no-modificar-la-primera-linea-del-metro-de-bogota\/","name":"Alcalde de Pasto, del mismo partido de Gal\u00e1n, no lo respald\u00f3 frente al Metro | P\u00e1gina10","isPartOf":{"@id":"https:\/\/pagina10.com\/web\/#website"},"primaryImageOfPage":{"@id":"https:\/\/pagina10.com\/web\/alcalde-de-pasto-estaria-en-desacuerdo-con-carlos-galan-sobre-no-modificar-la-primera-linea-del-metro-de-bogota\/#primaryimage"},"image":{"@id":"https:\/\/pagina10.com\/web\/alcalde-de-pasto-estaria-en-desacuerdo-con-carlos-galan-sobre-no-modificar-la-primera-linea-del-metro-de-bogota\/#primaryimage"},"thumbnailUrl":"https:\/\/pagina10.com\/web\/wp-content\/uploads\/2024\/03\/FunPic_20240322_091757945.jpg","datePublished":"2024-03-22T05:57:43+00:00","dateModified":"2024-03-22T14:48:56+00:00","breadcrumb":{"@id":"https:\/\/pagina10.com\/web\/alcalde-de-pasto-estaria-en-desacuerdo-con-carlos-galan-sobre-no-modificar-la-primera-linea-del-metro-de-bogota\/#breadcrumb"},"inLanguage":"es","potentialAction":[{"@type":"ReadAction","target":["https:\/\/pagina10.com\/web\/alcalde-de-pasto-estaria-en-desacuerdo-con-carlos-galan-sobre-no-modificar-la-primera-linea-del-metro-de-bogota\/"]}]},{"@type":"ImageObject","inLanguage":"es","@id":"https:\/\/pagina10.com\/web\/alcalde-de-pasto-estaria-en-desacuerdo-con-carlos-galan-sobre-no-modificar-la-primera-linea-del-metro-de-bogota\/#primaryimage","url":"https:\/\/pagina10.com\/web\/wp-content\/uploads\/2024\/03\/FunPic_20240322_091757945.jpg","contentUrl":"https:\/\/pagina10.com\/web\/wp-content\/uploads\/2024\/03\/FunPic_20240322_091757945.jpg","width":1920,"height":1280},{"@type":"BreadcrumbList","@id":"https:\/\/pagina10.com\/web\/alcalde-de-pasto-estaria-en-desacuerdo-con-carlos-galan-sobre-no-modificar-la-primera-linea-del-metro-de-bogota\/#breadcrumb","itemListElement":[{"@type":"ListItem","position":1,"name":"Portada","item":"https:\/\/pagina10.com\/web\/"},{"@type":"ListItem","position":2,"name":"Alcalde de Pasto, del mismo partido de Gal\u00e1n, no lo respald\u00f3 frente al Metro"}]},{"@type":"WebSite","@id":"https:\/\/pagina10.com\/web\/#website","url":"https:\/\/pagina10.com\/web\/","name":"P\u00e1gina10","description":"Peri\u00f3dico Regional","publisher":{"@id":"https:\/\/pagina10.com\/web\/#organization"},"alternateName":"P\u00e1gina10 Peri\u00f3dico Regional","potentialAction":[{"@type":"SearchAction","target":{"@type":"EntryPoint","urlTemplate":"https:\/\/pagina10.com\/web\/?s={search_term_string}"},"query-input":{"@type":"PropertyValueSpecification","valueRequired":true,"valueName":"search_term_string"}}],"inLanguage":"es"},{"@type":"Organization","@id":"https:\/\/pagina10.com\/web\/#organization","name":"P\u00e1gina10","alternateName":"P\u00e1gina10 Peri\u00f3dico Regional","url":"https:\/\/pagina10.com\/web\/","logo":{"@type":"ImageObject","inLanguage":"es","@id":"https:\/\/pagina10.com\/web\/#\/schema\/logo\/image\/","url":"https:\/\/pagina10.com\/web\/wp-content\/uploads\/2024\/01\/40-pagina-10-periodico-regional-pasto.jpg","contentUrl":"https:\/\/pagina10.com\/web\/wp-content\/uploads\/2024\/01\/40-pagina-10-periodico-regional-pasto.jpg","width":1280,"height":720,"caption":"P\u00e1gina10"},"image":{"@id":"https:\/\/pagina10.com\/web\/#\/schema\/logo\/image\/"},"sameAs":["https:\/\/www.facebook.com\/pag10com","https:\/\/x.com\/Pag10com","https:\/\/www.instagram.com\/pagina10col\/","https:\/\/youtube.com\/channel\/pag10","https:\/\/www.tiktok.com\/@p10col"]},{"@type":"Person","@id":"https:\/\/pagina10.com\/web\/#\/schema\/person\/2efc4a090d25b667d3bc796798a3a81b","name":"P\u00e1gina 10","description":"P\u00e1gina 10 es un peri\u00f3dico regional que nace en Colombia, en el departamento de Nari\u00f1o, con un enfoque global, fundamentado en cuatro pilares esenciales: la libertad, el pluralismo, la inclusi\u00f3n y la independencia. P\u00e1gina 10 hace referencia a Nari\u00f1o como el d\u00e9cimo departamento creado en Colombia, despu\u00e9s de un proceso pol\u00edtico liderado por actores y actrices regionales con el fin de obtener la independencia y autonom\u00eda de nuestros territorios. Con la creaci\u00f3n de P\u00e1gina 10 se pretende abrir un escenario para el dialogo, la reflexi\u00f3n y el debate que se extienda a otras geograf\u00edas de Am\u00e9rica Latina y del planeta, en una apuesta por transformar colectivamente los desaf\u00edos de un mundo contempor\u00e1neo, m\u00e1s all\u00e1 de las fronteras impuestas.","url":"https:\/\/pagina10.com\/web\/author\/pdiezadmin\/"}]}},"_links":{"self":[{"href":"https:\/\/pagina10.com\/web\/wp-json\/wp\/v2\/posts\/70879203987","targetHints":{"allow":["GET"]}}],"collection":[{"href":"https:\/\/pagina10.com\/web\/wp-json\/wp\/v2\/posts"}],"about":[{"href":"https:\/\/pagina10.com\/web\/wp-json\/wp\/v2\/types\/post"}],"author":[{"embeddable":true,"href":"https:\/\/pagina10.com\/web\/wp-json\/wp\/v2\/users\/1"}],"replies":[{"embeddable":true,"href":"https:\/\/pagina10.com\/web\/wp-json\/wp\/v2\/comments?post=70879203987"}],"version-history":[{"count":4,"href":"https:\/\/pagina10.com\/web\/wp-json\/wp\/v2\/posts\/70879203987\/revisions"}],"predecessor-version":[{"id":70879203994,"href":"https:\/\/pagina10.com\/web\/wp-json\/wp\/v2\/posts\/70879203987\/revisions\/70879203994"}],"wp:featuredmedia":[{"embeddable":true,"href":"https:\/\/pagina10.com\/web\/wp-json\/wp\/v2\/media\/70879203992"}],"wp:attachment":[{"href":"https:\/\/pagina10.com\/web\/wp-json\/wp\/v2\/media?parent=70879203987"}],"wp:term":[{"taxonomy":"category","embeddable":true,"href":"https:\/\/pagina10.com\/web\/wp-json\/wp\/v2\/categories?post=70879203987"},{"taxonomy":"post_tag","embeddable":true,"href":"https:\/\/pagina10.com\/web\/wp-json\/wp\/v2\/tags?post=70879203987"}],"curies":[{"name":"wp","href":"https:\/\/api.w.org\/{rel}","templated":true}]}}