{"id":70879204068,"date":"2024-03-27T00:07:34","date_gmt":"2024-03-27T05:07:34","guid":{"rendered":"https:\/\/pagina10.com\/web\/?p=70879204068"},"modified":"2024-03-27T00:08:49","modified_gmt":"2024-03-27T05:08:49","slug":"atencion-colombia-disminuira-horas-de-la-jornada-laboral-en-2024","status":"publish","type":"post","link":"https:\/\/pagina10.com\/web\/atencion-colombia-disminuira-horas-de-la-jornada-laboral-en-2024\/","title":{"rendered":"Atenci\u00f3n: Colombia disminuir\u00e1 horas de la jornada laboral en 2024"},"content":{"rendered":"<p style=\"text-align: justify;\">Dando continuidad a los cambios establecidos por la Ley 2101 de 2021, este a\u00f1o Colombia realizar\u00e1 una reducci\u00f3n en su jornada laboral. Este a\u00f1o contin\u00faa su implementaci\u00f3n gradual de esta ley que marc\u00f3 un punto de inflexi\u00f3n al reducir las horas laborales semanales de 48 a 42.<\/p>\n<p style=\"text-align: justify;\">El primer cambio se efectu\u00f3 en el a\u00f1o 2023, acortando la jornada a 47 horas, el segundo recorte se realizar\u00e1 este a\u00f1o, pues se prev\u00e9 que, a partir del 15 de junio, en todas las empresas, tanto privadas como gubernamentales, se disminuya a 46 horas. Ciertos trabajadores como supervisores, directores o aquellos en posiciones de confianza, est\u00e1n excluidos de estas regulaciones. Sin embargo, tendr\u00e1n derecho a compensaciones por trabajo nocturno o en d\u00edas festivos. Las empresas que no cumplan con la ley enfrentar\u00edan consecuencias legales.<\/p>\n<p style=\"text-align: justify;\">Esta ley no solo implica un cambio del tiempo laboral, sino tambi\u00e9n la eliminaci\u00f3n de beneficios como el &#8220;d\u00eda de la familia&#8221;, las horas destinadas a actividades recreativas y capacitaci\u00f3n, buscando adecuar la legislaci\u00f3n laboral colombiana a est\u00e1ndares internacionales y mejorar la calidad de vida de los trabajadores(as).<\/p>\n<p style=\"text-align: justify;\">El viceministro de Relaciones Laborales e Inspecci\u00f3n, Edwin Palma, asegur\u00f3 que esta medida refleja una tendencia global hacia una menor carga horaria, buscando explicar que la productividad no est\u00e1 siempre ligada al tiempo de trabajo.<\/p>\n","protected":false},"excerpt":{"rendered":"<p>Dando continuidad a los cambios establecidos por la Ley 2101 de 2021, este a\u00f1o Colombia realizar\u00e1 una reducci\u00f3n en su jornada laboral. Este a\u00f1o contin\u00faa su implementaci\u00f3n gradual de esta ley que marc\u00f3 un punto de inflexi\u00f3n al reducir las horas laborales semanales de 48 a 42. El primer cambio se efectu\u00f3 en el a\u00f1o [&hellip;]<\/p>\n","protected":false},"author":1,"featured_media":70879204070,"comment_status":"open","ping_status":"open","sticky":false,"template":"","format":"standard","meta":{"footnotes":""},"categories":[94],"tags":[],"class_list":["post-70879204068","post","type-post","status-publish","format-standard","has-post-thumbnail","hentry","category-nacional-global-2"],"yoast_head":"<!-- This site is optimized with the Yoast SEO plugin v27.1.1 - https:\/\/yoast.com\/product\/yoast-seo-wordpress\/ -->\n<title>Atenci\u00f3n: Colombia disminuir\u00e1 horas de la jornada laboral en 2024 | P\u00e1gina10<\/title>\n<meta name=\"robots\" content=\"index, follow, max-snippet:-1, max-image-preview:large, max-video-preview:-1\" \/>\n<link rel=\"canonical\" href=\"https:\/\/pagina10.com\/web\/atencion-colombia-disminuira-horas-de-la-jornada-laboral-en-2024\/\" \/>\n<meta property=\"og:locale\" content=\"es_ES\" \/>\n<meta property=\"og:type\" content=\"article\" \/>\n<meta property=\"og:title\" content=\"Atenci\u00f3n: Colombia disminuir\u00e1 horas de la jornada laboral en 2024 | P\u00e1gina10\" \/>\n<meta property=\"og:description\" content=\"Dando continuidad a los cambios establecidos por la Ley 2101 de 2021, este a\u00f1o Colombia realizar\u00e1 una reducci\u00f3n en su jornada laboral. Este a\u00f1o contin\u00faa su implementaci\u00f3n gradual de esta ley que marc\u00f3 un punto de inflexi\u00f3n al reducir las horas laborales semanales de 48 a 42. El primer cambio se efectu\u00f3 en el a\u00f1o [&hellip;]\" \/>\n<meta property=\"og:url\" content=\"https:\/\/pagina10.com\/web\/atencion-colombia-disminuira-horas-de-la-jornada-laboral-en-2024\/\" \/>\n<meta property=\"og:site_name\" content=\"P\u00e1gina10\" \/>\n<meta property=\"article:publisher\" content=\"https:\/\/www.facebook.com\/pag10com\" \/>\n<meta property=\"article:published_time\" content=\"2024-03-27T05:07:34+00:00\" \/>\n<meta property=\"article:modified_time\" content=\"2024-03-27T05:08:49+00:00\" \/>\n<meta property=\"og:image\" content=\"https:\/\/pagina10.com\/web\/wp-content\/uploads\/2024\/03\/Reduccion-de-jornada-laboral-1.png\" \/>\n\t<meta property=\"og:image:width\" content=\"750\" \/>\n\t<meta property=\"og:image:height\" content=\"500\" \/>\n\t<meta property=\"og:image:type\" content=\"image\/png\" \/>\n<meta name=\"author\" content=\"P\u00e1gina 10\" \/>\n<meta name=\"twitter:card\" content=\"summary_large_image\" \/>\n<meta name=\"twitter:creator\" content=\"@Pag10com\" \/>\n<meta name=\"twitter:site\" content=\"@Pag10com\" \/>\n<meta name=\"twitter:label1\" content=\"Escrito por\" \/>\n\t<meta name=\"twitter:data1\" content=\"P\u00e1gina 10\" \/>\n\t<meta name=\"twitter:label2\" content=\"Tiempo de lectura\" \/>\n\t<meta name=\"twitter:data2\" content=\"2 minutos\" \/>\n<script type=\"application\/ld+json\" class=\"yoast-schema-graph\">{\"@context\":\"https:\/\/schema.org\",\"@graph\":[{\"@type\":\"Article\",\"@id\":\"https:\/\/pagina10.com\/web\/atencion-colombia-disminuira-horas-de-la-jornada-laboral-en-2024\/#article\",\"isPartOf\":{\"@id\":\"https:\/\/pagina10.com\/web\/atencion-colombia-disminuira-horas-de-la-jornada-laboral-en-2024\/\"},\"author\":{\"name\":\"P\u00e1gina 10\",\"@id\":\"https:\/\/pagina10.com\/web\/#\/schema\/person\/2efc4a090d25b667d3bc796798a3a81b\"},\"headline\":\"Atenci\u00f3n: Colombia disminuir\u00e1 horas de la jornada laboral en 2024\",\"datePublished\":\"2024-03-27T05:07:34+00:00\",\"dateModified\":\"2024-03-27T05:08:49+00:00\",\"mainEntityOfPage\":{\"@id\":\"https:\/\/pagina10.com\/web\/atencion-colombia-disminuira-horas-de-la-jornada-laboral-en-2024\/\"},\"wordCount\":237,\"commentCount\":0,\"publisher\":{\"@id\":\"https:\/\/pagina10.com\/web\/#organization\"},\"image\":{\"@id\":\"https:\/\/pagina10.com\/web\/atencion-colombia-disminuira-horas-de-la-jornada-laboral-en-2024\/#primaryimage\"},\"thumbnailUrl\":\"https:\/\/pagina10.com\/web\/wp-content\/uploads\/2024\/03\/Reduccion-de-jornada-laboral-1.png\",\"articleSection\":[\"Nacional\"],\"inLanguage\":\"es\",\"potentialAction\":[{\"@type\":\"CommentAction\",\"name\":\"Comment\",\"target\":[\"https:\/\/pagina10.com\/web\/atencion-colombia-disminuira-horas-de-la-jornada-laboral-en-2024\/#respond\"]}]},{\"@type\":\"WebPage\",\"@id\":\"https:\/\/pagina10.com\/web\/atencion-colombia-disminuira-horas-de-la-jornada-laboral-en-2024\/\",\"url\":\"https:\/\/pagina10.com\/web\/atencion-colombia-disminuira-horas-de-la-jornada-laboral-en-2024\/\",\"name\":\"Atenci\u00f3n: Colombia disminuir\u00e1 horas de la jornada laboral en 2024 | P\u00e1gina10\",\"isPartOf\":{\"@id\":\"https:\/\/pagina10.com\/web\/#website\"},\"primaryImageOfPage\":{\"@id\":\"https:\/\/pagina10.com\/web\/atencion-colombia-disminuira-horas-de-la-jornada-laboral-en-2024\/#primaryimage\"},\"image\":{\"@id\":\"https:\/\/pagina10.com\/web\/atencion-colombia-disminuira-horas-de-la-jornada-laboral-en-2024\/#primaryimage\"},\"thumbnailUrl\":\"https:\/\/pagina10.com\/web\/wp-content\/uploads\/2024\/03\/Reduccion-de-jornada-laboral-1.png\",\"datePublished\":\"2024-03-27T05:07:34+00:00\",\"dateModified\":\"2024-03-27T05:08:49+00:00\",\"breadcrumb\":{\"@id\":\"https:\/\/pagina10.com\/web\/atencion-colombia-disminuira-horas-de-la-jornada-laboral-en-2024\/#breadcrumb\"},\"inLanguage\":\"es\",\"potentialAction\":[{\"@type\":\"ReadAction\",\"target\":[\"https:\/\/pagina10.com\/web\/atencion-colombia-disminuira-horas-de-la-jornada-laboral-en-2024\/\"]}]},{\"@type\":\"ImageObject\",\"inLanguage\":\"es\",\"@id\":\"https:\/\/pagina10.com\/web\/atencion-colombia-disminuira-horas-de-la-jornada-laboral-en-2024\/#primaryimage\",\"url\":\"https:\/\/pagina10.com\/web\/wp-content\/uploads\/2024\/03\/Reduccion-de-jornada-laboral-1.png\",\"contentUrl\":\"https:\/\/pagina10.com\/web\/wp-content\/uploads\/2024\/03\/Reduccion-de-jornada-laboral-1.png\",\"width\":750,\"height\":500},{\"@type\":\"BreadcrumbList\",\"@id\":\"https:\/\/pagina10.com\/web\/atencion-colombia-disminuira-horas-de-la-jornada-laboral-en-2024\/#breadcrumb\",\"itemListElement\":[{\"@type\":\"ListItem\",\"position\":1,\"name\":\"Portada\",\"item\":\"https:\/\/pagina10.com\/web\/\"},{\"@type\":\"ListItem\",\"position\":2,\"name\":\"Atenci\u00f3n: Colombia disminuir\u00e1 horas de la jornada laboral en 2024\"}]},{\"@type\":\"WebSite\",\"@id\":\"https:\/\/pagina10.com\/web\/#website\",\"url\":\"https:\/\/pagina10.com\/web\/\",\"name\":\"P\u00e1gina10\",\"description\":\"Peri\u00f3dico Regional\",\"publisher\":{\"@id\":\"https:\/\/pagina10.com\/web\/#organization\"},\"alternateName\":\"P\u00e1gina10 Peri\u00f3dico Regional\",\"potentialAction\":[{\"@type\":\"SearchAction\",\"target\":{\"@type\":\"EntryPoint\",\"urlTemplate\":\"https:\/\/pagina10.com\/web\/?s={search_term_string}\"},\"query-input\":{\"@type\":\"PropertyValueSpecification\",\"valueRequired\":true,\"valueName\":\"search_term_string\"}}],\"inLanguage\":\"es\"},{\"@type\":\"Organization\",\"@id\":\"https:\/\/pagina10.com\/web\/#organization\",\"name\":\"P\u00e1gina10\",\"alternateName\":\"P\u00e1gina10 Peri\u00f3dico Regional\",\"url\":\"https:\/\/pagina10.com\/web\/\",\"logo\":{\"@type\":\"ImageObject\",\"inLanguage\":\"es\",\"@id\":\"https:\/\/pagina10.com\/web\/#\/schema\/logo\/image\/\",\"url\":\"https:\/\/pagina10.com\/web\/wp-content\/uploads\/2024\/01\/40-pagina-10-periodico-regional-pasto.jpg\",\"contentUrl\":\"https:\/\/pagina10.com\/web\/wp-content\/uploads\/2024\/01\/40-pagina-10-periodico-regional-pasto.jpg\",\"width\":1280,\"height\":720,\"caption\":\"P\u00e1gina10\"},\"image\":{\"@id\":\"https:\/\/pagina10.com\/web\/#\/schema\/logo\/image\/\"},\"sameAs\":[\"https:\/\/www.facebook.com\/pag10com\",\"https:\/\/x.com\/Pag10com\",\"https:\/\/www.instagram.com\/pagina10col\/\",\"https:\/\/youtube.com\/channel\/pag10\",\"https:\/\/www.tiktok.com\/@p10col\"]},{\"@type\":\"Person\",\"@id\":\"https:\/\/pagina10.com\/web\/#\/schema\/person\/2efc4a090d25b667d3bc796798a3a81b\",\"name\":\"P\u00e1gina 10\",\"description\":\"P\u00e1gina 10 es un peri\u00f3dico regional que nace en Colombia, en el departamento de Nari\u00f1o, con un enfoque global, fundamentado en cuatro pilares esenciales: la libertad, el pluralismo, la inclusi\u00f3n y la independencia. P\u00e1gina 10 hace referencia a Nari\u00f1o como el d\u00e9cimo departamento creado en Colombia, despu\u00e9s de un proceso pol\u00edtico liderado por actores y actrices regionales con el fin de obtener la independencia y autonom\u00eda de nuestros territorios. Con la creaci\u00f3n de P\u00e1gina 10 se pretende abrir un escenario para el dialogo, la reflexi\u00f3n y el debate que se extienda a otras geograf\u00edas de Am\u00e9rica Latina y del planeta, en una apuesta por transformar colectivamente los desaf\u00edos de un mundo contempor\u00e1neo, m\u00e1s all\u00e1 de las fronteras impuestas.\",\"url\":\"https:\/\/pagina10.com\/web\/author\/pdiezadmin\/\"}]}<\/script>\n<!-- \/ Yoast SEO plugin. -->","yoast_head_json":{"title":"Atenci\u00f3n: Colombia disminuir\u00e1 horas de la jornada laboral en 2024 | P\u00e1gina10","robots":{"index":"index","follow":"follow","max-snippet":"max-snippet:-1","max-image-preview":"max-image-preview:large","max-video-preview":"max-video-preview:-1"},"canonical":"https:\/\/pagina10.com\/web\/atencion-colombia-disminuira-horas-de-la-jornada-laboral-en-2024\/","og_locale":"es_ES","og_type":"article","og_title":"Atenci\u00f3n: Colombia disminuir\u00e1 horas de la jornada laboral en 2024 | P\u00e1gina10","og_description":"Dando continuidad a los cambios establecidos por la Ley 2101 de 2021, este a\u00f1o Colombia realizar\u00e1 una reducci\u00f3n en su jornada laboral. Este a\u00f1o contin\u00faa su implementaci\u00f3n gradual de esta ley que marc\u00f3 un punto de inflexi\u00f3n al reducir las horas laborales semanales de 48 a 42. El primer cambio se efectu\u00f3 en el a\u00f1o [&hellip;]","og_url":"https:\/\/pagina10.com\/web\/atencion-colombia-disminuira-horas-de-la-jornada-laboral-en-2024\/","og_site_name":"P\u00e1gina10","article_publisher":"https:\/\/www.facebook.com\/pag10com","article_published_time":"2024-03-27T05:07:34+00:00","article_modified_time":"2024-03-27T05:08:49+00:00","og_image":[{"width":750,"height":500,"url":"https:\/\/pagina10.com\/web\/wp-content\/uploads\/2024\/03\/Reduccion-de-jornada-laboral-1.png","type":"image\/png"}],"author":"P\u00e1gina 10","twitter_card":"summary_large_image","twitter_creator":"@Pag10com","twitter_site":"@Pag10com","twitter_misc":{"Escrito por":"P\u00e1gina 10","Tiempo de lectura":"2 minutos"},"schema":{"@context":"https:\/\/schema.org","@graph":[{"@type":"Article","@id":"https:\/\/pagina10.com\/web\/atencion-colombia-disminuira-horas-de-la-jornada-laboral-en-2024\/#article","isPartOf":{"@id":"https:\/\/pagina10.com\/web\/atencion-colombia-disminuira-horas-de-la-jornada-laboral-en-2024\/"},"author":{"name":"P\u00e1gina 10","@id":"https:\/\/pagina10.com\/web\/#\/schema\/person\/2efc4a090d25b667d3bc796798a3a81b"},"headline":"Atenci\u00f3n: Colombia disminuir\u00e1 horas de la jornada laboral en 2024","datePublished":"2024-03-27T05:07:34+00:00","dateModified":"2024-03-27T05:08:49+00:00","mainEntityOfPage":{"@id":"https:\/\/pagina10.com\/web\/atencion-colombia-disminuira-horas-de-la-jornada-laboral-en-2024\/"},"wordCount":237,"commentCount":0,"publisher":{"@id":"https:\/\/pagina10.com\/web\/#organization"},"image":{"@id":"https:\/\/pagina10.com\/web\/atencion-colombia-disminuira-horas-de-la-jornada-laboral-en-2024\/#primaryimage"},"thumbnailUrl":"https:\/\/pagina10.com\/web\/wp-content\/uploads\/2024\/03\/Reduccion-de-jornada-laboral-1.png","articleSection":["Nacional"],"inLanguage":"es","potentialAction":[{"@type":"CommentAction","name":"Comment","target":["https:\/\/pagina10.com\/web\/atencion-colombia-disminuira-horas-de-la-jornada-laboral-en-2024\/#respond"]}]},{"@type":"WebPage","@id":"https:\/\/pagina10.com\/web\/atencion-colombia-disminuira-horas-de-la-jornada-laboral-en-2024\/","url":"https:\/\/pagina10.com\/web\/atencion-colombia-disminuira-horas-de-la-jornada-laboral-en-2024\/","name":"Atenci\u00f3n: Colombia disminuir\u00e1 horas de la jornada laboral en 2024 | P\u00e1gina10","isPartOf":{"@id":"https:\/\/pagina10.com\/web\/#website"},"primaryImageOfPage":{"@id":"https:\/\/pagina10.com\/web\/atencion-colombia-disminuira-horas-de-la-jornada-laboral-en-2024\/#primaryimage"},"image":{"@id":"https:\/\/pagina10.com\/web\/atencion-colombia-disminuira-horas-de-la-jornada-laboral-en-2024\/#primaryimage"},"thumbnailUrl":"https:\/\/pagina10.com\/web\/wp-content\/uploads\/2024\/03\/Reduccion-de-jornada-laboral-1.png","datePublished":"2024-03-27T05:07:34+00:00","dateModified":"2024-03-27T05:08:49+00:00","breadcrumb":{"@id":"https:\/\/pagina10.com\/web\/atencion-colombia-disminuira-horas-de-la-jornada-laboral-en-2024\/#breadcrumb"},"inLanguage":"es","potentialAction":[{"@type":"ReadAction","target":["https:\/\/pagina10.com\/web\/atencion-colombia-disminuira-horas-de-la-jornada-laboral-en-2024\/"]}]},{"@type":"ImageObject","inLanguage":"es","@id":"https:\/\/pagina10.com\/web\/atencion-colombia-disminuira-horas-de-la-jornada-laboral-en-2024\/#primaryimage","url":"https:\/\/pagina10.com\/web\/wp-content\/uploads\/2024\/03\/Reduccion-de-jornada-laboral-1.png","contentUrl":"https:\/\/pagina10.com\/web\/wp-content\/uploads\/2024\/03\/Reduccion-de-jornada-laboral-1.png","width":750,"height":500},{"@type":"BreadcrumbList","@id":"https:\/\/pagina10.com\/web\/atencion-colombia-disminuira-horas-de-la-jornada-laboral-en-2024\/#breadcrumb","itemListElement":[{"@type":"ListItem","position":1,"name":"Portada","item":"https:\/\/pagina10.com\/web\/"},{"@type":"ListItem","position":2,"name":"Atenci\u00f3n: Colombia disminuir\u00e1 horas de la jornada laboral en 2024"}]},{"@type":"WebSite","@id":"https:\/\/pagina10.com\/web\/#website","url":"https:\/\/pagina10.com\/web\/","name":"P\u00e1gina10","description":"Peri\u00f3dico Regional","publisher":{"@id":"https:\/\/pagina10.com\/web\/#organization"},"alternateName":"P\u00e1gina10 Peri\u00f3dico Regional","potentialAction":[{"@type":"SearchAction","target":{"@type":"EntryPoint","urlTemplate":"https:\/\/pagina10.com\/web\/?s={search_term_string}"},"query-input":{"@type":"PropertyValueSpecification","valueRequired":true,"valueName":"search_term_string"}}],"inLanguage":"es"},{"@type":"Organization","@id":"https:\/\/pagina10.com\/web\/#organization","name":"P\u00e1gina10","alternateName":"P\u00e1gina10 Peri\u00f3dico Regional","url":"https:\/\/pagina10.com\/web\/","logo":{"@type":"ImageObject","inLanguage":"es","@id":"https:\/\/pagina10.com\/web\/#\/schema\/logo\/image\/","url":"https:\/\/pagina10.com\/web\/wp-content\/uploads\/2024\/01\/40-pagina-10-periodico-regional-pasto.jpg","contentUrl":"https:\/\/pagina10.com\/web\/wp-content\/uploads\/2024\/01\/40-pagina-10-periodico-regional-pasto.jpg","width":1280,"height":720,"caption":"P\u00e1gina10"},"image":{"@id":"https:\/\/pagina10.com\/web\/#\/schema\/logo\/image\/"},"sameAs":["https:\/\/www.facebook.com\/pag10com","https:\/\/x.com\/Pag10com","https:\/\/www.instagram.com\/pagina10col\/","https:\/\/youtube.com\/channel\/pag10","https:\/\/www.tiktok.com\/@p10col"]},{"@type":"Person","@id":"https:\/\/pagina10.com\/web\/#\/schema\/person\/2efc4a090d25b667d3bc796798a3a81b","name":"P\u00e1gina 10","description":"P\u00e1gina 10 es un peri\u00f3dico regional que nace en Colombia, en el departamento de Nari\u00f1o, con un enfoque global, fundamentado en cuatro pilares esenciales: la libertad, el pluralismo, la inclusi\u00f3n y la independencia. P\u00e1gina 10 hace referencia a Nari\u00f1o como el d\u00e9cimo departamento creado en Colombia, despu\u00e9s de un proceso pol\u00edtico liderado por actores y actrices regionales con el fin de obtener la independencia y autonom\u00eda de nuestros territorios. Con la creaci\u00f3n de P\u00e1gina 10 se pretende abrir un escenario para el dialogo, la reflexi\u00f3n y el debate que se extienda a otras geograf\u00edas de Am\u00e9rica Latina y del planeta, en una apuesta por transformar colectivamente los desaf\u00edos de un mundo contempor\u00e1neo, m\u00e1s all\u00e1 de las fronteras impuestas.","url":"https:\/\/pagina10.com\/web\/author\/pdiezadmin\/"}]}},"_links":{"self":[{"href":"https:\/\/pagina10.com\/web\/wp-json\/wp\/v2\/posts\/70879204068","targetHints":{"allow":["GET"]}}],"collection":[{"href":"https:\/\/pagina10.com\/web\/wp-json\/wp\/v2\/posts"}],"about":[{"href":"https:\/\/pagina10.com\/web\/wp-json\/wp\/v2\/types\/post"}],"author":[{"embeddable":true,"href":"https:\/\/pagina10.com\/web\/wp-json\/wp\/v2\/users\/1"}],"replies":[{"embeddable":true,"href":"https:\/\/pagina10.com\/web\/wp-json\/wp\/v2\/comments?post=70879204068"}],"version-history":[{"count":1,"href":"https:\/\/pagina10.com\/web\/wp-json\/wp\/v2\/posts\/70879204068\/revisions"}],"predecessor-version":[{"id":70879204069,"href":"https:\/\/pagina10.com\/web\/wp-json\/wp\/v2\/posts\/70879204068\/revisions\/70879204069"}],"wp:featuredmedia":[{"embeddable":true,"href":"https:\/\/pagina10.com\/web\/wp-json\/wp\/v2\/media\/70879204070"}],"wp:attachment":[{"href":"https:\/\/pagina10.com\/web\/wp-json\/wp\/v2\/media?parent=70879204068"}],"wp:term":[{"taxonomy":"category","embeddable":true,"href":"https:\/\/pagina10.com\/web\/wp-json\/wp\/v2\/categories?post=70879204068"},{"taxonomy":"post_tag","embeddable":true,"href":"https:\/\/pagina10.com\/web\/wp-json\/wp\/v2\/tags?post=70879204068"}],"curies":[{"name":"wp","href":"https:\/\/api.w.org\/{rel}","templated":true}]}}