{"id":70879204167,"date":"2024-04-03T15:26:55","date_gmt":"2024-04-03T20:26:55","guid":{"rendered":"https:\/\/pagina10.com\/web\/?p=70879204167"},"modified":"2024-04-03T15:33:09","modified_gmt":"2024-04-03T20:33:09","slug":"camilo-romero-retoma-funciones-como-embajador-de-colombia-en-argentina","status":"publish","type":"post","link":"https:\/\/pagina10.com\/web\/camilo-romero-retoma-funciones-como-embajador-de-colombia-en-argentina\/","title":{"rendered":"Camilo Romero retoma funciones como embajador de Colombia en Argentina"},"content":{"rendered":"<p style=\"text-align: justify;\">El embajador de Colombia en Argentina, <strong>Camilo Romero, anunci\u00f3 su regreso formal a Buenos Aires<\/strong> a partir de este s\u00e1bado 6 de abril, tras un per\u00edodo de tensi\u00f3n diplom\u00e1tica iniciada por declaraciones entre los gobiernos de Gustavo Petro y Javier Milei.<\/p>\n<p style=\"text-align: justify;\">\u201c\u00a1Seguimos en la tarea de construir un nuevo momento de las relaciones con Argentina! (\u2026). Se trata de que, a pesar de las v\u00e1lidas diferencias, pasemos la p\u00e1gina por el bien de la ciudadan\u00eda y sigamos fortaleciendo una historia com\u00fan de 201 a\u00f1os como pueblos hermanos\u201d, <a href=\"https:\/\/x.com\/CamiloRomero\/status\/1775312381800857716?t=UF3avYBUSNwp-r7yBRsk1w&amp;s=08\"><strong>expuso el exgobernador de Nari\u00f1o, Camilo Romero a trav\u00e9s de sus redes sociales.<\/strong><\/a><\/p>\n<p style=\"text-align: justify;\">Se est\u00e1n llevando a cabo esfuerzos para normalizar el di\u00e1logo entre los dos pa\u00edses, incluyendo la coordinaci\u00f3n para la visita a Colombia de Diana Mondino, canciller de Milei. &#8220;Continuamos con las respectivas coordinaciones para la visita a nuestro pa\u00eds de la canciller, Diana Mondino&#8221;, precis\u00f3 el, tambi\u00e9n, exsenador Romero.<\/p>\n<p style=\"text-align: justify;\">Las tensiones entre el Gobierno Nacional de Colombia y Buenos Aires alcanzaron su punto m\u00e1s tenzo cuando Milei reiter\u00f3 su opini\u00f3n de que Petro es un &#8220;terrorista&#8221;, mientras que el presidente colombiano hab\u00eda comparado al mandatario argentino con Hitler. A<strong>nte esto, el embajador Romero <a href=\"https:\/\/x.com\/CamiloRomero\/status\/1775312381800857716?t=UF3avYBUSNwp-r7yBRsk1w&amp;s=08\">enfatiz\u00f3<\/a> la importancia de superar las diferencias en aras del bienestar de ambas naciones.<\/strong><\/p>\n","protected":false},"excerpt":{"rendered":"<p>El embajador de Colombia en Argentina, Camilo Romero, anunci\u00f3 su regreso formal a Buenos Aires a partir de este s\u00e1bado 6 de abril, tras un per\u00edodo de tensi\u00f3n diplom\u00e1tica iniciada por declaraciones entre los gobiernos de Gustavo Petro y Javier Milei. \u201c\u00a1Seguimos en la tarea de construir un nuevo momento de las relaciones con Argentina! [&hellip;]<\/p>\n","protected":false},"author":1,"featured_media":70879204169,"comment_status":"open","ping_status":"open","sticky":false,"template":"","format":"standard","meta":{"footnotes":""},"categories":[94,1528],"tags":[],"class_list":["post-70879204167","post","type-post","status-publish","format-standard","has-post-thumbnail","hentry","category-nacional-global-2","category-titulares"],"yoast_head":"<!-- This site is optimized with the Yoast SEO plugin v27.1.1 - https:\/\/yoast.com\/product\/yoast-seo-wordpress\/ -->\n<title>Camilo Romero retoma funciones como embajador de Colombia en Argentina | P\u00e1gina10<\/title>\n<meta name=\"robots\" content=\"index, follow, max-snippet:-1, max-image-preview:large, max-video-preview:-1\" \/>\n<link rel=\"canonical\" href=\"https:\/\/pagina10.com\/web\/camilo-romero-retoma-funciones-como-embajador-de-colombia-en-argentina\/\" \/>\n<meta property=\"og:locale\" content=\"es_ES\" \/>\n<meta property=\"og:type\" content=\"article\" \/>\n<meta property=\"og:title\" content=\"Camilo Romero retoma funciones como embajador de Colombia en Argentina | P\u00e1gina10\" \/>\n<meta property=\"og:description\" content=\"El embajador de Colombia en Argentina, Camilo Romero, anunci\u00f3 su regreso formal a Buenos Aires a partir de este s\u00e1bado 6 de abril, tras un per\u00edodo de tensi\u00f3n diplom\u00e1tica iniciada por declaraciones entre los gobiernos de Gustavo Petro y Javier Milei. \u201c\u00a1Seguimos en la tarea de construir un nuevo momento de las relaciones con Argentina! [&hellip;]\" \/>\n<meta property=\"og:url\" content=\"https:\/\/pagina10.com\/web\/camilo-romero-retoma-funciones-como-embajador-de-colombia-en-argentina\/\" \/>\n<meta property=\"og:site_name\" content=\"P\u00e1gina10\" \/>\n<meta property=\"article:publisher\" content=\"https:\/\/www.facebook.com\/pag10com\" \/>\n<meta property=\"article:published_time\" content=\"2024-04-03T20:26:55+00:00\" \/>\n<meta property=\"article:modified_time\" content=\"2024-04-03T20:33:09+00:00\" \/>\n<meta property=\"og:image\" content=\"https:\/\/pagina10.com\/web\/wp-content\/uploads\/2024\/04\/GKMtMPSXoAARkGn.jpeg\" \/>\n\t<meta property=\"og:image:width\" content=\"1280\" \/>\n\t<meta property=\"og:image:height\" content=\"851\" \/>\n\t<meta property=\"og:image:type\" content=\"image\/jpeg\" \/>\n<meta name=\"author\" content=\"P\u00e1gina 10\" \/>\n<meta name=\"twitter:card\" content=\"summary_large_image\" \/>\n<meta name=\"twitter:creator\" content=\"@Pag10com\" \/>\n<meta name=\"twitter:site\" content=\"@Pag10com\" \/>\n<meta name=\"twitter:label1\" content=\"Escrito por\" \/>\n\t<meta name=\"twitter:data1\" content=\"P\u00e1gina 10\" \/>\n\t<meta name=\"twitter:label2\" content=\"Tiempo de lectura\" \/>\n\t<meta name=\"twitter:data2\" content=\"2 minutos\" \/>\n<script type=\"application\/ld+json\" class=\"yoast-schema-graph\">{\"@context\":\"https:\/\/schema.org\",\"@graph\":[{\"@type\":\"Article\",\"@id\":\"https:\/\/pagina10.com\/web\/camilo-romero-retoma-funciones-como-embajador-de-colombia-en-argentina\/#article\",\"isPartOf\":{\"@id\":\"https:\/\/pagina10.com\/web\/camilo-romero-retoma-funciones-como-embajador-de-colombia-en-argentina\/\"},\"author\":{\"name\":\"P\u00e1gina 10\",\"@id\":\"https:\/\/pagina10.com\/web\/#\/schema\/person\/2efc4a090d25b667d3bc796798a3a81b\"},\"headline\":\"Camilo Romero retoma funciones como embajador de Colombia en Argentina\",\"datePublished\":\"2024-04-03T20:26:55+00:00\",\"dateModified\":\"2024-04-03T20:33:09+00:00\",\"mainEntityOfPage\":{\"@id\":\"https:\/\/pagina10.com\/web\/camilo-romero-retoma-funciones-como-embajador-de-colombia-en-argentina\/\"},\"wordCount\":234,\"commentCount\":0,\"publisher\":{\"@id\":\"https:\/\/pagina10.com\/web\/#organization\"},\"image\":{\"@id\":\"https:\/\/pagina10.com\/web\/camilo-romero-retoma-funciones-como-embajador-de-colombia-en-argentina\/#primaryimage\"},\"thumbnailUrl\":\"https:\/\/pagina10.com\/web\/wp-content\/uploads\/2024\/04\/GKMtMPSXoAARkGn.jpeg\",\"articleSection\":[\"Nacional\",\"Titulares\"],\"inLanguage\":\"es\",\"potentialAction\":[{\"@type\":\"CommentAction\",\"name\":\"Comment\",\"target\":[\"https:\/\/pagina10.com\/web\/camilo-romero-retoma-funciones-como-embajador-de-colombia-en-argentina\/#respond\"]}]},{\"@type\":\"WebPage\",\"@id\":\"https:\/\/pagina10.com\/web\/camilo-romero-retoma-funciones-como-embajador-de-colombia-en-argentina\/\",\"url\":\"https:\/\/pagina10.com\/web\/camilo-romero-retoma-funciones-como-embajador-de-colombia-en-argentina\/\",\"name\":\"Camilo Romero retoma funciones como embajador de Colombia en Argentina | P\u00e1gina10\",\"isPartOf\":{\"@id\":\"https:\/\/pagina10.com\/web\/#website\"},\"primaryImageOfPage\":{\"@id\":\"https:\/\/pagina10.com\/web\/camilo-romero-retoma-funciones-como-embajador-de-colombia-en-argentina\/#primaryimage\"},\"image\":{\"@id\":\"https:\/\/pagina10.com\/web\/camilo-romero-retoma-funciones-como-embajador-de-colombia-en-argentina\/#primaryimage\"},\"thumbnailUrl\":\"https:\/\/pagina10.com\/web\/wp-content\/uploads\/2024\/04\/GKMtMPSXoAARkGn.jpeg\",\"datePublished\":\"2024-04-03T20:26:55+00:00\",\"dateModified\":\"2024-04-03T20:33:09+00:00\",\"breadcrumb\":{\"@id\":\"https:\/\/pagina10.com\/web\/camilo-romero-retoma-funciones-como-embajador-de-colombia-en-argentina\/#breadcrumb\"},\"inLanguage\":\"es\",\"potentialAction\":[{\"@type\":\"ReadAction\",\"target\":[\"https:\/\/pagina10.com\/web\/camilo-romero-retoma-funciones-como-embajador-de-colombia-en-argentina\/\"]}]},{\"@type\":\"ImageObject\",\"inLanguage\":\"es\",\"@id\":\"https:\/\/pagina10.com\/web\/camilo-romero-retoma-funciones-como-embajador-de-colombia-en-argentina\/#primaryimage\",\"url\":\"https:\/\/pagina10.com\/web\/wp-content\/uploads\/2024\/04\/GKMtMPSXoAARkGn.jpeg\",\"contentUrl\":\"https:\/\/pagina10.com\/web\/wp-content\/uploads\/2024\/04\/GKMtMPSXoAARkGn.jpeg\",\"width\":1280,\"height\":851},{\"@type\":\"BreadcrumbList\",\"@id\":\"https:\/\/pagina10.com\/web\/camilo-romero-retoma-funciones-como-embajador-de-colombia-en-argentina\/#breadcrumb\",\"itemListElement\":[{\"@type\":\"ListItem\",\"position\":1,\"name\":\"Portada\",\"item\":\"https:\/\/pagina10.com\/web\/\"},{\"@type\":\"ListItem\",\"position\":2,\"name\":\"Camilo Romero retoma funciones como embajador de Colombia en Argentina\"}]},{\"@type\":\"WebSite\",\"@id\":\"https:\/\/pagina10.com\/web\/#website\",\"url\":\"https:\/\/pagina10.com\/web\/\",\"name\":\"P\u00e1gina10\",\"description\":\"Peri\u00f3dico Regional\",\"publisher\":{\"@id\":\"https:\/\/pagina10.com\/web\/#organization\"},\"alternateName\":\"P\u00e1gina10 Peri\u00f3dico Regional\",\"potentialAction\":[{\"@type\":\"SearchAction\",\"target\":{\"@type\":\"EntryPoint\",\"urlTemplate\":\"https:\/\/pagina10.com\/web\/?s={search_term_string}\"},\"query-input\":{\"@type\":\"PropertyValueSpecification\",\"valueRequired\":true,\"valueName\":\"search_term_string\"}}],\"inLanguage\":\"es\"},{\"@type\":\"Organization\",\"@id\":\"https:\/\/pagina10.com\/web\/#organization\",\"name\":\"P\u00e1gina10\",\"alternateName\":\"P\u00e1gina10 Peri\u00f3dico Regional\",\"url\":\"https:\/\/pagina10.com\/web\/\",\"logo\":{\"@type\":\"ImageObject\",\"inLanguage\":\"es\",\"@id\":\"https:\/\/pagina10.com\/web\/#\/schema\/logo\/image\/\",\"url\":\"https:\/\/pagina10.com\/web\/wp-content\/uploads\/2024\/01\/40-pagina-10-periodico-regional-pasto.jpg\",\"contentUrl\":\"https:\/\/pagina10.com\/web\/wp-content\/uploads\/2024\/01\/40-pagina-10-periodico-regional-pasto.jpg\",\"width\":1280,\"height\":720,\"caption\":\"P\u00e1gina10\"},\"image\":{\"@id\":\"https:\/\/pagina10.com\/web\/#\/schema\/logo\/image\/\"},\"sameAs\":[\"https:\/\/www.facebook.com\/pag10com\",\"https:\/\/x.com\/Pag10com\",\"https:\/\/www.instagram.com\/pagina10col\/\",\"https:\/\/youtube.com\/channel\/pag10\",\"https:\/\/www.tiktok.com\/@p10col\"]},{\"@type\":\"Person\",\"@id\":\"https:\/\/pagina10.com\/web\/#\/schema\/person\/2efc4a090d25b667d3bc796798a3a81b\",\"name\":\"P\u00e1gina 10\",\"description\":\"P\u00e1gina 10 es un peri\u00f3dico regional que nace en Colombia, en el departamento de Nari\u00f1o, con un enfoque global, fundamentado en cuatro pilares esenciales: la libertad, el pluralismo, la inclusi\u00f3n y la independencia. P\u00e1gina 10 hace referencia a Nari\u00f1o como el d\u00e9cimo departamento creado en Colombia, despu\u00e9s de un proceso pol\u00edtico liderado por actores y actrices regionales con el fin de obtener la independencia y autonom\u00eda de nuestros territorios. Con la creaci\u00f3n de P\u00e1gina 10 se pretende abrir un escenario para el dialogo, la reflexi\u00f3n y el debate que se extienda a otras geograf\u00edas de Am\u00e9rica Latina y del planeta, en una apuesta por transformar colectivamente los desaf\u00edos de un mundo contempor\u00e1neo, m\u00e1s all\u00e1 de las fronteras impuestas.\",\"url\":\"https:\/\/pagina10.com\/web\/author\/pdiezadmin\/\"}]}<\/script>\n<!-- \/ Yoast SEO plugin. -->","yoast_head_json":{"title":"Camilo Romero retoma funciones como embajador de Colombia en Argentina | P\u00e1gina10","robots":{"index":"index","follow":"follow","max-snippet":"max-snippet:-1","max-image-preview":"max-image-preview:large","max-video-preview":"max-video-preview:-1"},"canonical":"https:\/\/pagina10.com\/web\/camilo-romero-retoma-funciones-como-embajador-de-colombia-en-argentina\/","og_locale":"es_ES","og_type":"article","og_title":"Camilo Romero retoma funciones como embajador de Colombia en Argentina | P\u00e1gina10","og_description":"El embajador de Colombia en Argentina, Camilo Romero, anunci\u00f3 su regreso formal a Buenos Aires a partir de este s\u00e1bado 6 de abril, tras un per\u00edodo de tensi\u00f3n diplom\u00e1tica iniciada por declaraciones entre los gobiernos de Gustavo Petro y Javier Milei. \u201c\u00a1Seguimos en la tarea de construir un nuevo momento de las relaciones con Argentina! [&hellip;]","og_url":"https:\/\/pagina10.com\/web\/camilo-romero-retoma-funciones-como-embajador-de-colombia-en-argentina\/","og_site_name":"P\u00e1gina10","article_publisher":"https:\/\/www.facebook.com\/pag10com","article_published_time":"2024-04-03T20:26:55+00:00","article_modified_time":"2024-04-03T20:33:09+00:00","og_image":[{"width":1280,"height":851,"url":"https:\/\/pagina10.com\/web\/wp-content\/uploads\/2024\/04\/GKMtMPSXoAARkGn.jpeg","type":"image\/jpeg"}],"author":"P\u00e1gina 10","twitter_card":"summary_large_image","twitter_creator":"@Pag10com","twitter_site":"@Pag10com","twitter_misc":{"Escrito por":"P\u00e1gina 10","Tiempo de lectura":"2 minutos"},"schema":{"@context":"https:\/\/schema.org","@graph":[{"@type":"Article","@id":"https:\/\/pagina10.com\/web\/camilo-romero-retoma-funciones-como-embajador-de-colombia-en-argentina\/#article","isPartOf":{"@id":"https:\/\/pagina10.com\/web\/camilo-romero-retoma-funciones-como-embajador-de-colombia-en-argentina\/"},"author":{"name":"P\u00e1gina 10","@id":"https:\/\/pagina10.com\/web\/#\/schema\/person\/2efc4a090d25b667d3bc796798a3a81b"},"headline":"Camilo Romero retoma funciones como embajador de Colombia en Argentina","datePublished":"2024-04-03T20:26:55+00:00","dateModified":"2024-04-03T20:33:09+00:00","mainEntityOfPage":{"@id":"https:\/\/pagina10.com\/web\/camilo-romero-retoma-funciones-como-embajador-de-colombia-en-argentina\/"},"wordCount":234,"commentCount":0,"publisher":{"@id":"https:\/\/pagina10.com\/web\/#organization"},"image":{"@id":"https:\/\/pagina10.com\/web\/camilo-romero-retoma-funciones-como-embajador-de-colombia-en-argentina\/#primaryimage"},"thumbnailUrl":"https:\/\/pagina10.com\/web\/wp-content\/uploads\/2024\/04\/GKMtMPSXoAARkGn.jpeg","articleSection":["Nacional","Titulares"],"inLanguage":"es","potentialAction":[{"@type":"CommentAction","name":"Comment","target":["https:\/\/pagina10.com\/web\/camilo-romero-retoma-funciones-como-embajador-de-colombia-en-argentina\/#respond"]}]},{"@type":"WebPage","@id":"https:\/\/pagina10.com\/web\/camilo-romero-retoma-funciones-como-embajador-de-colombia-en-argentina\/","url":"https:\/\/pagina10.com\/web\/camilo-romero-retoma-funciones-como-embajador-de-colombia-en-argentina\/","name":"Camilo Romero retoma funciones como embajador de Colombia en Argentina | P\u00e1gina10","isPartOf":{"@id":"https:\/\/pagina10.com\/web\/#website"},"primaryImageOfPage":{"@id":"https:\/\/pagina10.com\/web\/camilo-romero-retoma-funciones-como-embajador-de-colombia-en-argentina\/#primaryimage"},"image":{"@id":"https:\/\/pagina10.com\/web\/camilo-romero-retoma-funciones-como-embajador-de-colombia-en-argentina\/#primaryimage"},"thumbnailUrl":"https:\/\/pagina10.com\/web\/wp-content\/uploads\/2024\/04\/GKMtMPSXoAARkGn.jpeg","datePublished":"2024-04-03T20:26:55+00:00","dateModified":"2024-04-03T20:33:09+00:00","breadcrumb":{"@id":"https:\/\/pagina10.com\/web\/camilo-romero-retoma-funciones-como-embajador-de-colombia-en-argentina\/#breadcrumb"},"inLanguage":"es","potentialAction":[{"@type":"ReadAction","target":["https:\/\/pagina10.com\/web\/camilo-romero-retoma-funciones-como-embajador-de-colombia-en-argentina\/"]}]},{"@type":"ImageObject","inLanguage":"es","@id":"https:\/\/pagina10.com\/web\/camilo-romero-retoma-funciones-como-embajador-de-colombia-en-argentina\/#primaryimage","url":"https:\/\/pagina10.com\/web\/wp-content\/uploads\/2024\/04\/GKMtMPSXoAARkGn.jpeg","contentUrl":"https:\/\/pagina10.com\/web\/wp-content\/uploads\/2024\/04\/GKMtMPSXoAARkGn.jpeg","width":1280,"height":851},{"@type":"BreadcrumbList","@id":"https:\/\/pagina10.com\/web\/camilo-romero-retoma-funciones-como-embajador-de-colombia-en-argentina\/#breadcrumb","itemListElement":[{"@type":"ListItem","position":1,"name":"Portada","item":"https:\/\/pagina10.com\/web\/"},{"@type":"ListItem","position":2,"name":"Camilo Romero retoma funciones como embajador de Colombia en Argentina"}]},{"@type":"WebSite","@id":"https:\/\/pagina10.com\/web\/#website","url":"https:\/\/pagina10.com\/web\/","name":"P\u00e1gina10","description":"Peri\u00f3dico Regional","publisher":{"@id":"https:\/\/pagina10.com\/web\/#organization"},"alternateName":"P\u00e1gina10 Peri\u00f3dico Regional","potentialAction":[{"@type":"SearchAction","target":{"@type":"EntryPoint","urlTemplate":"https:\/\/pagina10.com\/web\/?s={search_term_string}"},"query-input":{"@type":"PropertyValueSpecification","valueRequired":true,"valueName":"search_term_string"}}],"inLanguage":"es"},{"@type":"Organization","@id":"https:\/\/pagina10.com\/web\/#organization","name":"P\u00e1gina10","alternateName":"P\u00e1gina10 Peri\u00f3dico Regional","url":"https:\/\/pagina10.com\/web\/","logo":{"@type":"ImageObject","inLanguage":"es","@id":"https:\/\/pagina10.com\/web\/#\/schema\/logo\/image\/","url":"https:\/\/pagina10.com\/web\/wp-content\/uploads\/2024\/01\/40-pagina-10-periodico-regional-pasto.jpg","contentUrl":"https:\/\/pagina10.com\/web\/wp-content\/uploads\/2024\/01\/40-pagina-10-periodico-regional-pasto.jpg","width":1280,"height":720,"caption":"P\u00e1gina10"},"image":{"@id":"https:\/\/pagina10.com\/web\/#\/schema\/logo\/image\/"},"sameAs":["https:\/\/www.facebook.com\/pag10com","https:\/\/x.com\/Pag10com","https:\/\/www.instagram.com\/pagina10col\/","https:\/\/youtube.com\/channel\/pag10","https:\/\/www.tiktok.com\/@p10col"]},{"@type":"Person","@id":"https:\/\/pagina10.com\/web\/#\/schema\/person\/2efc4a090d25b667d3bc796798a3a81b","name":"P\u00e1gina 10","description":"P\u00e1gina 10 es un peri\u00f3dico regional que nace en Colombia, en el departamento de Nari\u00f1o, con un enfoque global, fundamentado en cuatro pilares esenciales: la libertad, el pluralismo, la inclusi\u00f3n y la independencia. P\u00e1gina 10 hace referencia a Nari\u00f1o como el d\u00e9cimo departamento creado en Colombia, despu\u00e9s de un proceso pol\u00edtico liderado por actores y actrices regionales con el fin de obtener la independencia y autonom\u00eda de nuestros territorios. Con la creaci\u00f3n de P\u00e1gina 10 se pretende abrir un escenario para el dialogo, la reflexi\u00f3n y el debate que se extienda a otras geograf\u00edas de Am\u00e9rica Latina y del planeta, en una apuesta por transformar colectivamente los desaf\u00edos de un mundo contempor\u00e1neo, m\u00e1s all\u00e1 de las fronteras impuestas.","url":"https:\/\/pagina10.com\/web\/author\/pdiezadmin\/"}]}},"_links":{"self":[{"href":"https:\/\/pagina10.com\/web\/wp-json\/wp\/v2\/posts\/70879204167","targetHints":{"allow":["GET"]}}],"collection":[{"href":"https:\/\/pagina10.com\/web\/wp-json\/wp\/v2\/posts"}],"about":[{"href":"https:\/\/pagina10.com\/web\/wp-json\/wp\/v2\/types\/post"}],"author":[{"embeddable":true,"href":"https:\/\/pagina10.com\/web\/wp-json\/wp\/v2\/users\/1"}],"replies":[{"embeddable":true,"href":"https:\/\/pagina10.com\/web\/wp-json\/wp\/v2\/comments?post=70879204167"}],"version-history":[{"count":3,"href":"https:\/\/pagina10.com\/web\/wp-json\/wp\/v2\/posts\/70879204167\/revisions"}],"predecessor-version":[{"id":70879204172,"href":"https:\/\/pagina10.com\/web\/wp-json\/wp\/v2\/posts\/70879204167\/revisions\/70879204172"}],"wp:featuredmedia":[{"embeddable":true,"href":"https:\/\/pagina10.com\/web\/wp-json\/wp\/v2\/media\/70879204169"}],"wp:attachment":[{"href":"https:\/\/pagina10.com\/web\/wp-json\/wp\/v2\/media?parent=70879204167"}],"wp:term":[{"taxonomy":"category","embeddable":true,"href":"https:\/\/pagina10.com\/web\/wp-json\/wp\/v2\/categories?post=70879204167"},{"taxonomy":"post_tag","embeddable":true,"href":"https:\/\/pagina10.com\/web\/wp-json\/wp\/v2\/tags?post=70879204167"}],"curies":[{"name":"wp","href":"https:\/\/api.w.org\/{rel}","templated":true}]}}