{"id":70879204168,"date":"2024-04-03T16:30:45","date_gmt":"2024-04-03T21:30:45","guid":{"rendered":"https:\/\/pagina10.com\/web\/?p=70879204168"},"modified":"2024-04-03T16:34:18","modified_gmt":"2024-04-03T21:34:18","slug":"la-ministra-de-ciencia-nunca-ha-sido-profesora-en-harvard-y-otras-mentiras","status":"publish","type":"post","link":"https:\/\/pagina10.com\/web\/la-ministra-de-ciencia-nunca-ha-sido-profesora-en-harvard-y-otras-mentiras\/","title":{"rendered":"La ministra de Ciencia nunca ha sido profesora en Harvard y otras mentiras"},"content":{"rendered":"<p style=\"text-align: justify;\">En el marco de la investigaci\u00f3n desarrollada por Jennifer Pedraza y su equipo de trabajo, se hall\u00f3 que la ministra de ciencia miente sobre la trayectoria profesional que present\u00f3 en su hoja de vida: no fue profesora en Harvard como asegur\u00f3 e infl\u00f3 su experiencia docente en al menos otras 3 universidades.<\/p>\n<p style=\"text-align: justify;\">La Ministra reproduce una pr\u00e1ctica que en la pol\u00edtica colombiana se ha vuelto recurrente, que expone cuestionamientos \u00e9ticos, legales y desnuda actitudes intelectualmente arribistas.<\/p>\n<p class=\"has-medium-font-size\" style=\"text-align: justify;\"><strong>La Ministra nunca ha sido profesora de Harvard<\/strong><\/p>\n<p style=\"text-align: justify;\">La Universidad de Harvard es una de las instituciones educativas de mayor prestigio a nivel mundial. Los r\u00e1nquines\u00a0<a href=\"https:\/\/www.topuniversities.com\/universities\/harvard-university#:~:text=Rankings%20%26%20ratings,-RANKINGS&amp;text=It%20is%20ranked%20%234%20in%20QS%20World%20University%20Rankings%202024.\">QS<\/a>\u00a0y de\u00a0<a href=\"https:\/\/www.shanghairanking.com\/rankings\/arwu\/2023\">SHANGHAI<\/a>\u00a0la mejor universidad del mundo en 2023 y 2024, respectivamente.<\/p>\n<p style=\"text-align: justify;\">No cabe duda que para Colombia, un pa\u00eds con deficiencias estructurales en materia educativa y cient\u00edfica, es motivo de orgullo que compatriotas estudien, investiguen y, sobre todo, dicten clases en Harvard.En\u00a0<a href=\"https:\/\/minciencias.gov.co\/quienes_somos\/talento_humano\/publicacion_hojas_de_vida\">DOS VERSIONES<\/a>\u00a0de su hoja de vida, presentadas para laborar en el Ministerio, Yesenia Olaya afirm\u00f3 haber dictado clases por casi un a\u00f1o -363 d\u00edas- en el\u00a0<em>Afro-Latin American Research Institute\u00a0<\/em>vinculado a la Facultad de Artes y Ciencias Sociales de Harvard.<\/p>\n<p>&nbsp;<\/p>\n<p><img decoding=\"async\" class=\"entered lazyloaded\" src=\"https:\/\/lh7-us.googleusercontent.com\/VKhJWNbPueZtfCSPtO97oOgnlbnSTkc3JUJp2_wZ0N6TJcH0stl0NFw7oldq1DtRV4r3EFaTvCXVJhpw-GMCNOqswhP5Uy2jLu2HJH8usUa5LrawxZJRm82d_2ilTKVt4nXzqwnYtEXxUo_XiMmkaU0\" width=\"602\" height=\"285.41209007881855\" data-lazy-src=\"https:\/\/lh7-us.googleusercontent.com\/VKhJWNbPueZtfCSPtO97oOgnlbnSTkc3JUJp2_wZ0N6TJcH0stl0NFw7oldq1DtRV4r3EFaTvCXVJhpw-GMCNOqswhP5Uy2jLu2HJH8usUa5LrawxZJRm82d_2ilTKVt4nXzqwnYtEXxUo_XiMmkaU0\" data-ll-status=\"loaded\" \/><\/p>\n<p>&nbsp;<\/p>\n<p>&nbsp;<\/p>\n<p style=\"text-align: justify;\">En el Sistema de Informaci\u00f3n y Gesti\u00f3n del Empleo P\u00fablico \u2013 SIGEP, que administra el Departamento Administrativo de la Funci\u00f3n P\u00fablica -DAFP-, reposan los soportes de la hoja de vida de la Ministra.<\/p>\n<p style=\"text-align: justify;\">Consultamos por dichos soportes y la Funci\u00f3n P\u00fablica nos remiti\u00f3 un certificado firmado por Alejandro de la Fuente, director del\u00a0<em>Afro-Latin American Research Institute.\u00a0<\/em>En el mismo se certifica que la Ministra imparti\u00f3 un seminario virtual con apenas 48 horas de carga en un a\u00f1o.<\/p>\n<p>&nbsp;<\/p>\n<p>&nbsp;<\/p>\n<p style=\"text-align: justify;\">\u201cPor haber impartido\u00a0<strong>el seminario especializado<\/strong>\u00a0\u201cResiliencias y resistencias afrocolombianas: trayectorias hist\u00f3ricas y contempor\u00e1neas\u201d\u2026 en la modalidad virtual (14 de septiembre 2021 -12 de septiembre 2022).\u00a0<strong>Con un total de 48 horas<\/strong>\u00a0de docencia\u201d (El \u00e9nfasis en negrilla es propio).<\/p>\n<figure class=\"wp-block-image size-large is-resized\" style=\"text-align: justify;\"><img fetchpriority=\"high\" decoding=\"async\" class=\"wp-image-4025 entered lazyloaded\" src=\"https:\/\/jenniferpedraza.com\/wp-content\/uploads\/2024\/04\/La-Ministra-de-Ciencianunca-ha-sido-docente-de-Harvard-02-732x1024.png\" sizes=\"(max-width: 732px) 100vw, 732px\" srcset=\"https:\/\/jenniferpedraza.com\/wp-content\/uploads\/2024\/04\/La-Ministra-de-Ciencianunca-ha-sido-docente-de-Harvard-02-732x1024.png 732w, https:\/\/jenniferpedraza.com\/wp-content\/uploads\/2024\/04\/La-Ministra-de-Ciencianunca-ha-sido-docente-de-Harvard-02-214x300.png 214w, https:\/\/jenniferpedraza.com\/wp-content\/uploads\/2024\/04\/La-Ministra-de-Ciencianunca-ha-sido-docente-de-Harvard-02-768x1075.png 768w, https:\/\/jenniferpedraza.com\/wp-content\/uploads\/2024\/04\/La-Ministra-de-Ciencianunca-ha-sido-docente-de-Harvard-02.png 776w\" alt=\"\" width=\"732\" height=\"1024\" data-lazy-srcset=\"https:\/\/jenniferpedraza.com\/wp-content\/uploads\/2024\/04\/La-Ministra-de-Ciencianunca-ha-sido-docente-de-Harvard-02-732x1024.png 732w, https:\/\/jenniferpedraza.com\/wp-content\/uploads\/2024\/04\/La-Ministra-de-Ciencianunca-ha-sido-docente-de-Harvard-02-214x300.png 214w, https:\/\/jenniferpedraza.com\/wp-content\/uploads\/2024\/04\/La-Ministra-de-Ciencianunca-ha-sido-docente-de-Harvard-02-768x1075.png 768w, https:\/\/jenniferpedraza.com\/wp-content\/uploads\/2024\/04\/La-Ministra-de-Ciencianunca-ha-sido-docente-de-Harvard-02.png 776w\" data-lazy-sizes=\"(max-width: 732px) 100vw, 732px\" data-lazy-src=\"https:\/\/jenniferpedraza.com\/wp-content\/uploads\/2024\/04\/La-Ministra-de-Ciencianunca-ha-sido-docente-de-Harvard-02-732x1024.png\" data-ll-status=\"loaded\" \/><\/figure>\n<p style=\"text-align: justify;\">La constancia, en vez de aclarar, crea nuevas inquietudes. \u00bfDictar un seminario en un instituto le concede la categor\u00eda de docente de Harvard a la ministra? \u00bfHaber dictado apenas 48 horas en 363 d\u00edas puede certificar casi un a\u00f1o de experiencia docente?<\/p>\n<p style=\"text-align: justify;\">Por ejemplo, en la\u00a0<a href=\"https:\/\/personal.manizales.unal.edu.co\/personal\/fileadmin\/user_upload\/ACUERDO_123_2013.pdf\">UNIVERSIDAD NACIONAL DE COLOMBIA<\/a>\u00a0un docente con dedicaci\u00f3n exclusiva tiene una carga horaria semanal de 44 horas y uno tiempo completo tiene 40 horas a la semana.<\/p>\n<p style=\"text-align: justify;\">Para resolver esos interrogantes consultamos Stephen Kargere, Director de la Oficina de Asuntos Posdoctorales de la Facultad de Artes y Ciencias de Harvard. Kargere\u00a0<a href=\"https:\/\/drive.google.com\/file\/d\/1uNvWgsxDTLA8WzAs7-pj8t6tXPoF3NKC\/view?usp=sharing\">ACLAR\u00d3<\/a>\u00a0que la Ministra Olaya ha tenido tres tipos de vinculaci\u00f3n con esa instituci\u00f3n pero que \u201c<strong><em>no se consideran parte del cuerpo docente<\/em><\/strong><em>\u201d.<\/em><\/p>\n<figure class=\"wp-block-image size-large is-resized\" style=\"text-align: justify;\"><img decoding=\"async\" class=\"wp-image-4026 entered lazyloaded\" src=\"https:\/\/jenniferpedraza.com\/wp-content\/uploads\/2024\/04\/La-Ministra-de-Ciencianunca-ha-sido-docente-de-Harvard2-02-658x1024.png\" sizes=\"(max-width: 658px) 100vw, 658px\" srcset=\"https:\/\/jenniferpedraza.com\/wp-content\/uploads\/2024\/04\/La-Ministra-de-Ciencianunca-ha-sido-docente-de-Harvard2-02-658x1024.png 658w, https:\/\/jenniferpedraza.com\/wp-content\/uploads\/2024\/04\/La-Ministra-de-Ciencianunca-ha-sido-docente-de-Harvard2-02-193x300.png 193w, https:\/\/jenniferpedraza.com\/wp-content\/uploads\/2024\/04\/La-Ministra-de-Ciencianunca-ha-sido-docente-de-Harvard2-02-768x1196.png 768w, https:\/\/jenniferpedraza.com\/wp-content\/uploads\/2024\/04\/La-Ministra-de-Ciencianunca-ha-sido-docente-de-Harvard2-02.png 837w\" alt=\"\" width=\"658\" height=\"1024\" data-lazy-srcset=\"https:\/\/jenniferpedraza.com\/wp-content\/uploads\/2024\/04\/La-Ministra-de-Ciencianunca-ha-sido-docente-de-Harvard2-02-658x1024.png 658w, https:\/\/jenniferpedraza.com\/wp-content\/uploads\/2024\/04\/La-Ministra-de-Ciencianunca-ha-sido-docente-de-Harvard2-02-193x300.png 193w, https:\/\/jenniferpedraza.com\/wp-content\/uploads\/2024\/04\/La-Ministra-de-Ciencianunca-ha-sido-docente-de-Harvard2-02-768x1196.png 768w, https:\/\/jenniferpedraza.com\/wp-content\/uploads\/2024\/04\/La-Ministra-de-Ciencianunca-ha-sido-docente-de-Harvard2-02.png 837w\" data-lazy-sizes=\"(max-width: 658px) 100vw, 658px\" data-lazy-src=\"https:\/\/jenniferpedraza.com\/wp-content\/uploads\/2024\/04\/La-Ministra-de-Ciencianunca-ha-sido-docente-de-Harvard2-02-658x1024.png\" data-ll-status=\"loaded\" \/><\/figure>\n<p style=\"text-align: justify;\">La respuesta es categ\u00f3rica:\u00a0<strong>la ministra nunca ha sido profesora de Harvard.<\/strong><\/p>\n<p style=\"text-align: justify;\">El perfil de Olaya en la p\u00e1gina del Instituto tampoco refleja que haya tenido calidad de docente y s\u00f3lo destaca su experiencia docente \u201c<a href=\"https:\/\/alari.fas.harvard.edu\/directory\/angela-yesenia-olaya-requene-2\/?cp-dir-id=1826\">EN UNIVERSIDADES DE AM\u00c9RICA LATINA<\/a>\u201d.<\/p>\n<p style=\"text-align: justify;\">Adem\u00e1s, si hipot\u00e9ticamente hubiese sido docente, la experiencia equivaldr\u00eda apenas a 6 d\u00edas certificables, puesto que el \u00a0art\u00edculo 2.2.2.3.8 del Decreto 1083 de 2015 dice que las horas de docencia se deben calcular \u201csumando las horas trabajadas y dividiendo el resultado por ocho (8)\u201d.<\/p>\n<p class=\"has-medium-font-size\" style=\"text-align: justify;\"><strong>Ministra de d\u00eda y asistente en Harvard de noche: Un segundo trabajo que es ilegal:<\/strong><\/p>\n<p style=\"text-align: justify;\">La respuesta del Director Kargere pone en evidencia que la funcionaria ha desarrollado un cargo administrativo en esa universidad al tiempo que ejerce como jefa de la cartera de ciencia.<\/p>\n<p style=\"text-align: justify;\">Olaya se vincul\u00f3 al Ministerio de Ciencia, Tecnolog\u00eda e Innovaci\u00f3n el 10 de noviembre de 2022 en calidad de Viceministra de Talento y Apropiaci\u00f3n del Conocimiento, uno de los dos viceministerios de la entidad.<\/p>\n<p style=\"text-align: justify;\">Al parecer a la entonces Viceministra le sobraba el tiempo o no le alcanzaba el dinero que recib\u00eda por su trabajo puesto que el 1 de febrero se vincul\u00f3 al\u00a0<em>Afro-Latin American Research Institute\u00a0<\/em>en calidad de asociada.<\/p>\n<figure class=\"wp-block-image size-large is-resized\" style=\"text-align: justify;\"><img decoding=\"async\" class=\"wp-image-4027 entered lazyloaded\" src=\"https:\/\/jenniferpedraza.com\/wp-content\/uploads\/2024\/04\/La-Ministra-de-Ciencianunca-ha-sido-docente-de-Harvard3-02-1024x109.png\" sizes=\"(max-width: 1024px) 100vw, 1024px\" srcset=\"https:\/\/jenniferpedraza.com\/wp-content\/uploads\/2024\/04\/La-Ministra-de-Ciencianunca-ha-sido-docente-de-Harvard3-02-1024x109.png 1024w, https:\/\/jenniferpedraza.com\/wp-content\/uploads\/2024\/04\/La-Ministra-de-Ciencianunca-ha-sido-docente-de-Harvard3-02-300x32.png 300w, https:\/\/jenniferpedraza.com\/wp-content\/uploads\/2024\/04\/La-Ministra-de-Ciencianunca-ha-sido-docente-de-Harvard3-02-768x82.png 768w, https:\/\/jenniferpedraza.com\/wp-content\/uploads\/2024\/04\/La-Ministra-de-Ciencianunca-ha-sido-docente-de-Harvard3-02.png 1191w\" alt=\"\" width=\"1024\" height=\"109\" data-lazy-srcset=\"https:\/\/jenniferpedraza.com\/wp-content\/uploads\/2024\/04\/La-Ministra-de-Ciencianunca-ha-sido-docente-de-Harvard3-02-1024x109.png 1024w, https:\/\/jenniferpedraza.com\/wp-content\/uploads\/2024\/04\/La-Ministra-de-Ciencianunca-ha-sido-docente-de-Harvard3-02-300x32.png 300w, https:\/\/jenniferpedraza.com\/wp-content\/uploads\/2024\/04\/La-Ministra-de-Ciencianunca-ha-sido-docente-de-Harvard3-02-768x82.png 768w, https:\/\/jenniferpedraza.com\/wp-content\/uploads\/2024\/04\/La-Ministra-de-Ciencianunca-ha-sido-docente-de-Harvard3-02.png 1191w\" data-lazy-sizes=\"(max-width: 1024px) 100vw, 1024px\" data-lazy-src=\"https:\/\/jenniferpedraza.com\/wp-content\/uploads\/2024\/04\/La-Ministra-de-Ciencianunca-ha-sido-docente-de-Harvard3-02-1024x109.png\" data-ll-status=\"loaded\" \/><\/figure>\n<p style=\"text-align: justify;\">Dicha actividad prestacional continu\u00f3 despu\u00e9s del 1 de mayo de 2023, cuando Olaya ascendi\u00f3 al cargo de Ministra y se extendi\u00f3 hasta el 31 de enero del 2024. En ambos casos, la prestaci\u00f3n de servicios profesionales en el Instituto de Harvard es legalmente incompatible con las funciones de ministra o viceministra.<\/p>\n<p style=\"text-align: justify;\">Conforme al ordenamiento jur\u00eddico colombiano, los cargos ministeriales son de naturaleza de\u00a0<em>direcci\u00f3n, manejo y confianza<\/em>\u00a0y se proveen mediante la modalidad de\u00a0<em>libre nombramiento y remoci\u00f3n<\/em>.<\/p>\n<p style=\"text-align: justify;\">Quienes ejercen este tipo de cargos deben garantizar una confianza superior a la normal que debe proyectar cualquier otro funcionario, as\u00ed lo expres\u00f3 la Corte Constitucional en Sentencia C-514 de 1994.<\/p>\n<p style=\"text-align: justify;\">Adem\u00e1s, por la misma raz\u00f3n de confianza la Corte aclar\u00f3 que este tipo de cargos\u00a0<strong>no est\u00e1n sujetos a la jornada laboral ordinaria<\/strong>\u00a0(Sentencia C-372 de 1998). Postura que respalda la Funci\u00f3n P\u00fablica en el\u00a0<a href=\"https:\/\/www.funcionpublica.gov.co\/eva\/gestornormativo\/norma.php?i=64744\">CONCEPTO 104571 DE 2013<\/a>).<\/p>\n<p style=\"text-align: justify;\">Ahora bien, la Funci\u00f3n P\u00fablica (<a href=\"https:\/\/www.funcionpublica.gov.co\/eva\/gestornormativo\/norma.php?i=74033#:~:text=Los%20servidores%20p%C3%BAblicos%20no%20podr%C3%A1n,%2C%20salvo%20las%20excepciones%20legales.%E2%80%9D\">CONCEPTO 147941 DE 2016<\/a>) contempla que si bien un funcionario p\u00fablico puede tener un segundo trabajo en una entidad privada,\u00a0<strong>no puede desarrollar sus obligaciones durante la jornada laboral del cargo p\u00fablico.<\/strong><\/p>\n<p style=\"text-align: justify;\">Sin embargo, una ministra ejerce un cargo de direcci\u00f3n, manejo y confianza que no se sujeta a la jornada laboral ordinaria y, por tanto, ejerce la funci\u00f3n p\u00fablica en todo momento.<\/p>\n<p style=\"text-align: justify;\">Claro, la Ministra tiene derecho a descansar, pero si la llaman a las 11 pm para resolver alg\u00fan asunto ministerial debe atender. Bueno, si es que no est\u00e1 trabajando para Harvard.<\/p>\n<p style=\"text-align: justify;\">Aunque no hay antecedentes judiciales semejantes a este caso, a la ministra le es jur\u00eddicamente prohibido desarrollar funciones como funcionaria de cualquier entidad p\u00fablica o privada a la vez que ejerce como jefa de su cartera.<\/p>\n<p style=\"text-align: justify;\">Consultamos a Harvard para saber si Olaya percibi\u00f3 salario u honorarios por la vinculaci\u00f3n que tuvo con el Instituto entre 2022 y 2023. Desafortunadamente dicha informaci\u00f3n se encuentra protegida por la legislaci\u00f3n estadounidense dado que es del resorte personal.<\/p>\n<p style=\"text-align: justify;\">Pero vale la pena que la Ministra le aclare al pa\u00eds:<\/p>\n<p>&nbsp;<\/p>\n<ul>\n<li style=\"list-style-type: none;\">\n<ul>\n<li>\u00bfSu relaci\u00f3n prestacional o laboral en Harvard mientras era Ministra era paga?<\/li>\n<\/ul>\n<\/li>\n<\/ul>\n<ul>\n<li>\n<ul>\n<li>\u00bfPor ser Ministra de d\u00eda y asistente administrativa en Harvard de noche es que la funcionaria no le cumple a la ciencia colombiana?<\/li>\n<\/ul>\n<\/li>\n<\/ul>\n<p class=\"has-medium-font-size\"><strong>Otras mentiras en su experiencia docente:<\/strong><\/p>\n<p style=\"text-align: justify;\">Yesenia Olaya no s\u00f3lo invent\u00f3 experiencia docente en Harvard, tambi\u00e9n sobredimension\u00f3 en m\u00e1s de 4 a\u00f1os su experiencia docente en: i) la Universidad Nacional Aut\u00f3noma de M\u00e9xico; ii) la Universidad de Magdalena y; iii) en la Pontificia Universidad Javeriana.<\/p>\n<p>&nbsp;<\/p>\n<figure class=\"wp-block-table\">\n<table>\n<tbody>\n<tr>\n<td><strong>Universidad<\/strong><\/td>\n<td><strong>Tiempo que reporta<\/strong><\/td>\n<td><strong>Tiempo certificado<\/strong><\/td>\n<td><strong>Sobredimensi\u00f3n<\/strong><\/td>\n<\/tr>\n<tr>\n<td><strong>UNAM*<\/strong><\/td>\n<td>3 a\u00f1os, 5 meses, 7 d\u00edas<\/td>\n<td>7 meses y 25 d\u00edas<\/td>\n<td>2 a\u00f1os, 10 meses y 18 d\u00edas<\/td>\n<\/tr>\n<tr>\n<td><strong>Universidad Nacional de San Mart\u00edn<\/strong><\/td>\n<td>1 a\u00f1o y 9 meses<\/td>\n<td>1 a\u00f1o y 9 meses<\/td>\n<td>0<\/td>\n<\/tr>\n<tr>\n<td><strong>Universidad de Magdalena<\/strong><\/td>\n<td>7 meses<\/td>\n<td>12 horas equivalentes a 1,5 d\u00edas<\/td>\n<td>6 meses y 28 d\u00edas<\/td>\n<\/tr>\n<tr>\n<td><strong>Universidad Javeriana<\/strong><\/td>\n<td>7 meses y 25 d\u00edas<\/td>\n<td>90 horas equivalentes a 11,25 d\u00edas<\/td>\n<td>7 meses y 13 d\u00edas<\/td>\n<\/tr>\n<tr>\n<td><strong>Harvard**<\/strong><\/td>\n<td>363 d\u00edas<\/td>\n<td>0<\/td>\n<td>363 d\u00edas<\/td>\n<\/tr>\n<tr>\n<td><strong>Total:<\/strong><\/td>\n<td>5 a\u00f1os, 8 meses<\/td>\n<td>2 a\u00f1os, 5 meses, 12,75 d\u00edas<\/td>\n<td><strong>4 a\u00f1os y 26 d\u00edas<\/strong><\/td>\n<\/tr>\n<\/tbody>\n<\/table><figcaption class=\"wp-element-caption\">*<a href=\"https:\/\/drive.google.com\/drive\/folders\/1hzUHvPBlJYVg9K04MRiH6GXlsRspe14r\">HOJA DE VIDA 1<\/a>\u00a0presentada para ser viceministra. En la\u00a0<a href=\"https:\/\/drive.google.com\/drive\/folders\/1hzUHvPBlJYVg9K04MRiH6GXlsRspe14r\">HOJA DE VIDA 2<\/a>\u00a0corrigi\u00f3 la informaci\u00f3n.<br \/>\n** Harvard: no es docencia por lo que no puede ser computable.<\/figcaption><\/figure>\n<p>&nbsp;<\/p>\n<p>Detalles de la sobredimensi\u00f3n de experiencia por universidad<\/p>\n<p>&nbsp;<\/p>\n<ul>\n<li>Universidad Nacional Aut\u00f3noma de M\u00e9xico: Desmiente a la Ministra en su Hoja de Vida 1.<\/li>\n<\/ul>\n<p>&nbsp;<\/p>\n<p>&nbsp;<\/p>\n<p>&nbsp;<\/p>\n<p><strong><img loading=\"lazy\" decoding=\"async\" class=\"entered lazyloaded\" src=\"https:\/\/lh7-us.googleusercontent.com\/lSW_6hQKU_IgXDq_DLaKVo1lV8T-8rfebOjbLpPSi6YRg13rHPA1NxBna8mzeVohzO5xcgOjThVN8F069D2QGvPxaWS32BvgRELQbiet-24avZBNc7tMrURDfc0BhpRxgk-6Pomo-Yu3ti4Crt3_u1w\" width=\"539\" height=\"219\" data-lazy-src=\"https:\/\/lh7-us.googleusercontent.com\/lSW_6hQKU_IgXDq_DLaKVo1lV8T-8rfebOjbLpPSi6YRg13rHPA1NxBna8mzeVohzO5xcgOjThVN8F069D2QGvPxaWS32BvgRELQbiet-24avZBNc7tMrURDfc0BhpRxgk-6Pomo-Yu3ti4Crt3_u1w\" data-ll-status=\"loaded\" \/><\/strong><\/p>\n<p>&nbsp;<\/p>\n<p>&nbsp;<\/p>\n<p>&nbsp;<\/p>\n<ul>\n<li>Universidad Nacional de San Mart\u00edn: Sin inconsistencia.<\/li>\n<\/ul>\n<p>&nbsp;<\/p>\n<ul>\n<li>Universidad del Magdalena: certifica horas, no 7 meses<\/li>\n<\/ul>\n<p>&nbsp;<\/p>\n<p>&nbsp;<\/p>\n<p><img loading=\"lazy\" decoding=\"async\" class=\"entered lazyloaded\" src=\"https:\/\/lh7-us.googleusercontent.com\/MWuQF0t2U80grfWP14zbgYah4H-IY-PWm34kN8cnqlW5vznHoFE8_lRX_FEEMJHepo93Q7Bwnjbp3jQddsA90ZrmKo4VvQKpY5gDd8QNNjf7qcNd7GKYKAnjLKWThZgRr1a-yOl_Jl9LNncGBPBViRc\" width=\"476\" height=\"326\" data-lazy-src=\"https:\/\/lh7-us.googleusercontent.com\/MWuQF0t2U80grfWP14zbgYah4H-IY-PWm34kN8cnqlW5vznHoFE8_lRX_FEEMJHepo93Q7Bwnjbp3jQddsA90ZrmKo4VvQKpY5gDd8QNNjf7qcNd7GKYKAnjLKWThZgRr1a-yOl_Jl9LNncGBPBViRc\" data-ll-status=\"loaded\" \/><\/p>\n<p>&nbsp;<\/p>\n<p>&nbsp;<\/p>\n<ul>\n<li><strong>Universidad Javeriana<\/strong>: certifica que la informaci\u00f3n no corresponde y que no fue docente durante el primer semestre de 2021.<\/li>\n<\/ul>\n<p>&nbsp;<\/p>\n<p>&nbsp;<\/p>\n<p>&nbsp;<\/p>\n<p>En la Hoja de Vida que reposa en el SIGEP la Ministra registr\u00f3 que fue docente de postgrado durante el primer semestre del 2021.<\/p>\n<p>&nbsp;<\/p>\n<p>&nbsp;<\/p>\n<figure class=\"wp-block-image size-large\"><img loading=\"lazy\" decoding=\"async\" class=\"wp-image-4028 entered lazyloaded\" src=\"https:\/\/jenniferpedraza.com\/wp-content\/uploads\/2024\/04\/La-Ministra-de-Ciencianunca-ha-sido-docente-de-Harvard4-02-1024x211.png\" sizes=\"(max-width: 1024px) 100vw, 1024px\" srcset=\"https:\/\/jenniferpedraza.com\/wp-content\/uploads\/2024\/04\/La-Ministra-de-Ciencianunca-ha-sido-docente-de-Harvard4-02-1024x211.png 1024w, https:\/\/jenniferpedraza.com\/wp-content\/uploads\/2024\/04\/La-Ministra-de-Ciencianunca-ha-sido-docente-de-Harvard4-02-300x62.png 300w, https:\/\/jenniferpedraza.com\/wp-content\/uploads\/2024\/04\/La-Ministra-de-Ciencianunca-ha-sido-docente-de-Harvard4-02-768x158.png 768w, https:\/\/jenniferpedraza.com\/wp-content\/uploads\/2024\/04\/La-Ministra-de-Ciencianunca-ha-sido-docente-de-Harvard4-02.png 1193w\" alt=\"\" width=\"1024\" height=\"211\" data-lazy-srcset=\"https:\/\/jenniferpedraza.com\/wp-content\/uploads\/2024\/04\/La-Ministra-de-Ciencianunca-ha-sido-docente-de-Harvard4-02-1024x211.png 1024w, https:\/\/jenniferpedraza.com\/wp-content\/uploads\/2024\/04\/La-Ministra-de-Ciencianunca-ha-sido-docente-de-Harvard4-02-300x62.png 300w, https:\/\/jenniferpedraza.com\/wp-content\/uploads\/2024\/04\/La-Ministra-de-Ciencianunca-ha-sido-docente-de-Harvard4-02-768x158.png 768w, https:\/\/jenniferpedraza.com\/wp-content\/uploads\/2024\/04\/La-Ministra-de-Ciencianunca-ha-sido-docente-de-Harvard4-02.png 1193w\" data-lazy-sizes=\"(max-width: 1024px) 100vw, 1024px\" data-lazy-src=\"https:\/\/jenniferpedraza.com\/wp-content\/uploads\/2024\/04\/La-Ministra-de-Ciencianunca-ha-sido-docente-de-Harvard4-02-1024x211.png\" data-ll-status=\"loaded\" \/><\/figure>\n<p>&nbsp;<\/p>\n<p>&nbsp;<\/p>\n<p>La Javeriana\u00a0<a href=\"https:\/\/drive.google.com\/file\/d\/19_5xPrN0SCsz5T7LkZMdyfGTAyZrxcVl\/view?usp=sharing\">ACLARA<\/a>\u00a0que en el primer semestre de 2021 Olaya no dict\u00f3 clases en postgrado. Tambi\u00e9n\u00a0<a href=\"https:\/\/drive.google.com\/file\/d\/1z3ElTnUKIMIZ4LqufkELzEpOheRBPfZ9\/view?usp=sharing\">CERTIFICA<\/a>\u00a0labores en tiempos que no corresponden a los registrados por la Ministra en su hoja de vida.<\/p>\n<p>&nbsp;<\/p>\n<p>&nbsp;<\/p>\n<figure class=\"wp-block-image size-large is-resized\"><img loading=\"lazy\" decoding=\"async\" class=\"wp-image-4029 entered lazyloaded\" src=\"https:\/\/jenniferpedraza.com\/wp-content\/uploads\/2024\/04\/La-Ministra-de-Ciencianunca-ha-sido-docente-de-Harvard-02-1-849x1024.png\" sizes=\"(max-width: 849px) 100vw, 849px\" srcset=\"https:\/\/jenniferpedraza.com\/wp-content\/uploads\/2024\/04\/La-Ministra-de-Ciencianunca-ha-sido-docente-de-Harvard-02-1-849x1024.png 849w, https:\/\/jenniferpedraza.com\/wp-content\/uploads\/2024\/04\/La-Ministra-de-Ciencianunca-ha-sido-docente-de-Harvard-02-1-249x300.png 249w, https:\/\/jenniferpedraza.com\/wp-content\/uploads\/2024\/04\/La-Ministra-de-Ciencianunca-ha-sido-docente-de-Harvard-02-1-768x926.png 768w, https:\/\/jenniferpedraza.com\/wp-content\/uploads\/2024\/04\/La-Ministra-de-Ciencianunca-ha-sido-docente-de-Harvard-02-1.png 1026w\" alt=\"\" width=\"849\" height=\"1024\" data-lazy-srcset=\"https:\/\/jenniferpedraza.com\/wp-content\/uploads\/2024\/04\/La-Ministra-de-Ciencianunca-ha-sido-docente-de-Harvard-02-1-849x1024.png 849w, https:\/\/jenniferpedraza.com\/wp-content\/uploads\/2024\/04\/La-Ministra-de-Ciencianunca-ha-sido-docente-de-Harvard-02-1-249x300.png 249w, https:\/\/jenniferpedraza.com\/wp-content\/uploads\/2024\/04\/La-Ministra-de-Ciencianunca-ha-sido-docente-de-Harvard-02-1-768x926.png 768w, https:\/\/jenniferpedraza.com\/wp-content\/uploads\/2024\/04\/La-Ministra-de-Ciencianunca-ha-sido-docente-de-Harvard-02-1.png 1026w\" data-lazy-sizes=\"(max-width: 849px) 100vw, 849px\" data-lazy-src=\"https:\/\/jenniferpedraza.com\/wp-content\/uploads\/2024\/04\/La-Ministra-de-Ciencianunca-ha-sido-docente-de-Harvard-02-1-849x1024.png\" data-ll-status=\"loaded\" \/><\/figure>\n<p>&nbsp;<\/p>\n<p>&nbsp;<\/p>\n<p><img loading=\"lazy\" decoding=\"async\" class=\"entered lazyloaded\" src=\"https:\/\/lh7-us.googleusercontent.com\/gBXHJlchthFQMXXbJp_NBUW1mcdQ7rGVqFbXfRqT8_tCkzjmdqBhfnbfoHKSng6SmSZhN3simXW3y6S4Rt0ltaOtX9HMH5OHelZxNasMxets7Tno14rosh8tp1bHUwViQkR0Ze9mZE0hg_WuYHlLyrc\" width=\"539\" height=\"252\" data-lazy-src=\"https:\/\/lh7-us.googleusercontent.com\/gBXHJlchthFQMXXbJp_NBUW1mcdQ7rGVqFbXfRqT8_tCkzjmdqBhfnbfoHKSng6SmSZhN3simXW3y6S4Rt0ltaOtX9HMH5OHelZxNasMxets7Tno14rosh8tp1bHUwViQkR0Ze9mZE0hg_WuYHlLyrc\" data-ll-status=\"loaded\" \/><\/p>\n<p>&nbsp;<\/p>\n<p>&nbsp;<\/p>\n<p style=\"text-align: justify;\">Resulta a\u00fan m\u00e1s escandaloso que la certificaci\u00f3n laboral que subi\u00f3 la Ministra al SIGEP de esta Universidad no la expidi\u00f3 la oficina de Gesti\u00f3n Humana, sino que fue\u00a0<strong>Mar\u00eda Camila D\u00edaz Casas<\/strong>, a quien luego premi\u00f3 nombr\u00e1ndola en el Viceministerio de Talento y Apropiaci\u00f3n Social del Conocimiento. D\u00edaz es la alta funcionaria del Ministerio que m\u00e1s ha durado en el cargo, desde julio de 2023, a la fecha y aparece como fiadora de la vivienda de la Ministra.<\/p>\n<p>&nbsp;<\/p>\n<p>&nbsp;<\/p>\n<figure class=\"wp-block-image size-large is-resized\"><img loading=\"lazy\" decoding=\"async\" class=\"wp-image-4030 entered lazyloaded\" src=\"https:\/\/jenniferpedraza.com\/wp-content\/uploads\/2024\/04\/La-Ministra-de-Ciencianunca-ha-sido-docente-de-Harvard6-02-665x1024.png\" sizes=\"(max-width: 665px) 100vw, 665px\" srcset=\"https:\/\/jenniferpedraza.com\/wp-content\/uploads\/2024\/04\/La-Ministra-de-Ciencianunca-ha-sido-docente-de-Harvard6-02-665x1024.png 665w, https:\/\/jenniferpedraza.com\/wp-content\/uploads\/2024\/04\/La-Ministra-de-Ciencianunca-ha-sido-docente-de-Harvard6-02-195x300.png 195w, https:\/\/jenniferpedraza.com\/wp-content\/uploads\/2024\/04\/La-Ministra-de-Ciencianunca-ha-sido-docente-de-Harvard6-02-768x1183.png 768w, https:\/\/jenniferpedraza.com\/wp-content\/uploads\/2024\/04\/La-Ministra-de-Ciencianunca-ha-sido-docente-de-Harvard6-02.png 847w\" alt=\"\" width=\"665\" height=\"1024\" data-lazy-srcset=\"https:\/\/jenniferpedraza.com\/wp-content\/uploads\/2024\/04\/La-Ministra-de-Ciencianunca-ha-sido-docente-de-Harvard6-02-665x1024.png 665w, https:\/\/jenniferpedraza.com\/wp-content\/uploads\/2024\/04\/La-Ministra-de-Ciencianunca-ha-sido-docente-de-Harvard6-02-195x300.png 195w, https:\/\/jenniferpedraza.com\/wp-content\/uploads\/2024\/04\/La-Ministra-de-Ciencianunca-ha-sido-docente-de-Harvard6-02-768x1183.png 768w, https:\/\/jenniferpedraza.com\/wp-content\/uploads\/2024\/04\/La-Ministra-de-Ciencianunca-ha-sido-docente-de-Harvard6-02.png 847w\" data-lazy-sizes=\"(max-width: 665px) 100vw, 665px\" data-lazy-src=\"https:\/\/jenniferpedraza.com\/wp-content\/uploads\/2024\/04\/La-Ministra-de-Ciencianunca-ha-sido-docente-de-Harvard6-02-665x1024.png\" data-ll-status=\"loaded\" \/><\/figure>\n<p>&nbsp;<\/p>\n<p>&nbsp;<\/p>\n<p>La\u00a0<strong>experiencia laboral\u00a0<\/strong>de la Ministra tampoco se registra de manera correcta en el SIGEP.<\/p>\n<p>&nbsp;<\/p>\n<p>&nbsp;<\/p>\n<figure class=\"wp-block-table\">\n<table>\n<tbody>\n<tr>\n<td><strong>Inicio<\/strong><\/td>\n<td><strong>Fin<\/strong><\/td>\n<td><strong>Entidades que incluye<\/strong><\/td>\n<\/tr>\n<tr>\n<td>6 de diciembre de 2018<\/td>\n<td>31 de octubre de 2022<\/td>\n<td>UNAM: docenteHarvard: laboral\u00a0\u00a0U San Mart\u00edn: docenteU Magdalena: docenteJaveriana: docente<\/td>\n<\/tr>\n<tr>\n<td>1 de noviembre 2022<\/td>\n<td>9 de noviembre de 2022<\/td>\n<td>No tuvo trabajo alguno.<\/td>\n<\/tr>\n<tr>\n<td>10 de noviembre<\/td>\n<td>31 de abril<\/td>\n<td>Viceministra de Ciencias: laboral<\/td>\n<\/tr>\n<tr>\n<td>Reporta:<\/td>\n<td>8 a\u00f1os y 3 meses<\/td>\n<td><\/td>\n<\/tr>\n<tr>\n<td>Certificado:<br \/>\n(Decreto 10853\/2015)<\/td>\n<td>4 a\u00f1os, 4 meses y 15 d\u00edas<\/td>\n<td><\/td>\n<\/tr>\n<tr>\n<td>Sobredimensi\u00f3n<\/td>\n<td><strong>3 a\u00f1os y 11 meses<\/strong><\/td>\n<td><\/td>\n<\/tr>\n<\/tbody>\n<\/table>\n<\/figure>\n<p>&nbsp;<\/p>\n<p>&nbsp;<\/p>\n<p>\u00bfC\u00f3mo calculamos la experiencia laboral de la Ministra?<\/p>\n<p>&nbsp;<\/p>\n<p style=\"text-align: justify;\">Conforme al art\u00edculo 2.2.2.3.8 del Decreto 1083 de 2015 el tiempo de experiencia se certifica sin sumar aquellos trabajos que son simult\u00e1neos:<em>\u00a0\u201cCuando la persona aspire a ocupar un cargo p\u00fablico y en ejercicio de su profesi\u00f3n haya prestado sus servicios en el mismo per\u00edodo a una o varias instituciones, el tiempo de experiencia se contabilizar\u00e1 por una sola vez\u201d<\/em>.<\/p>\n<p style=\"text-align: justify;\">El mismo art\u00edculo aclara que si la jornada laboral que se certifica es menor a 8 horas diarias, esta deber\u00e1 ser calculada\u00a0<em>\u201csumando las horas trabajadas y dividiendo el resultado por ocho (8)\u201d<\/em>.<\/p>\n<p style=\"text-align: justify;\">La Constituci\u00f3n Pol\u00edtica dice que para ser ministra s\u00f3lo se requiere nacionalidad colombiana y tener m\u00e1s de 25 a\u00f1os. Por tanto, nadie requiere acreditar experiencia profesional o acad\u00e9mica para ejercer un cargo ministerial.<\/p>\n<p>Sin embargo, Yesenia Olaya sobredimension\u00f3 sus m\u00e9ritos acad\u00e9micos y profesionales en la hoja de vida que present\u00f3 para ejercer, primero como viceministra y luego, como Ministra de Ciencia, Tecnolog\u00eda e Innovaci\u00f3n. Una maquillada a la hoja de vida absolutamente innecesaria y muy cuestionable en la academia.<\/p>\n<p>&nbsp;<\/p>\n<p>Fuente: https:\/\/jenniferpedraza.com\/la-ministra-de-ciencia-nunca-ha-sido-profesora-en-harvard-y-otras-mentiras-de-su-experiencia-docente\/<\/p>\n","protected":false},"excerpt":{"rendered":"<p>En el marco de la investigaci\u00f3n desarrollada por Jennifer Pedraza y su equipo de trabajo, se hall\u00f3 que la ministra de ciencia miente sobre la trayectoria profesional que present\u00f3 en su hoja de vida: no fue profesora en Harvard como asegur\u00f3 e infl\u00f3 su experiencia docente en al menos otras 3 universidades. La Ministra reproduce [&hellip;]<\/p>\n","protected":false},"author":15,"featured_media":70879204173,"comment_status":"open","ping_status":"open","sticky":false,"template":"","format":"standard","meta":{"footnotes":""},"categories":[94,1528],"tags":[],"class_list":["post-70879204168","post","type-post","status-publish","format-standard","has-post-thumbnail","hentry","category-nacional-global-2","category-titulares"],"yoast_head":"<!-- This site is optimized with the Yoast SEO plugin v27.1.1 - https:\/\/yoast.com\/product\/yoast-seo-wordpress\/ -->\n<title>La ministra de Ciencia nunca ha sido profesora en Harvard y otras mentiras | P\u00e1gina10<\/title>\n<meta name=\"robots\" content=\"index, follow, max-snippet:-1, max-image-preview:large, max-video-preview:-1\" \/>\n<link rel=\"canonical\" href=\"https:\/\/pagina10.com\/web\/la-ministra-de-ciencia-nunca-ha-sido-profesora-en-harvard-y-otras-mentiras\/\" \/>\n<meta property=\"og:locale\" content=\"es_ES\" \/>\n<meta property=\"og:type\" content=\"article\" \/>\n<meta property=\"og:title\" content=\"La ministra de Ciencia nunca ha sido profesora en Harvard y otras mentiras | P\u00e1gina10\" \/>\n<meta property=\"og:description\" content=\"En el marco de la investigaci\u00f3n desarrollada por Jennifer Pedraza y su equipo de trabajo, se hall\u00f3 que la ministra de ciencia miente sobre la trayectoria profesional que present\u00f3 en su hoja de vida: no fue profesora en Harvard como asegur\u00f3 e infl\u00f3 su experiencia docente en al menos otras 3 universidades. La Ministra reproduce [&hellip;]\" \/>\n<meta property=\"og:url\" content=\"https:\/\/pagina10.com\/web\/la-ministra-de-ciencia-nunca-ha-sido-profesora-en-harvard-y-otras-mentiras\/\" \/>\n<meta property=\"og:site_name\" content=\"P\u00e1gina10\" \/>\n<meta property=\"article:publisher\" content=\"https:\/\/www.facebook.com\/pag10com\" \/>\n<meta property=\"article:published_time\" content=\"2024-04-03T21:30:45+00:00\" \/>\n<meta property=\"article:modified_time\" content=\"2024-04-03T21:34:18+00:00\" \/>\n<meta property=\"og:image\" content=\"https:\/\/pagina10.com\/web\/wp-content\/uploads\/2024\/04\/WhatsApp-Image-2024-04-03-at-4.27.12-PM.jpeg\" \/>\n\t<meta property=\"og:image:width\" content=\"755\" \/>\n\t<meta property=\"og:image:height\" content=\"268\" \/>\n\t<meta property=\"og:image:type\" content=\"image\/jpeg\" \/>\n<meta name=\"author\" content=\"Columnista Invitado\" \/>\n<meta name=\"twitter:card\" content=\"summary_large_image\" \/>\n<meta name=\"twitter:creator\" content=\"@Pag10com\" \/>\n<meta name=\"twitter:site\" content=\"@Pag10com\" \/>\n<meta name=\"twitter:label1\" content=\"Escrito por\" \/>\n\t<meta name=\"twitter:data1\" content=\"Columnista Invitado\" \/>\n\t<meta name=\"twitter:label2\" content=\"Tiempo de lectura\" \/>\n\t<meta name=\"twitter:data2\" content=\"10 minutos\" \/>\n<script type=\"application\/ld+json\" class=\"yoast-schema-graph\">{\"@context\":\"https:\/\/schema.org\",\"@graph\":[{\"@type\":\"Article\",\"@id\":\"https:\/\/pagina10.com\/web\/la-ministra-de-ciencia-nunca-ha-sido-profesora-en-harvard-y-otras-mentiras\/#article\",\"isPartOf\":{\"@id\":\"https:\/\/pagina10.com\/web\/la-ministra-de-ciencia-nunca-ha-sido-profesora-en-harvard-y-otras-mentiras\/\"},\"author\":{\"name\":\"Columnista Invitado\",\"@id\":\"https:\/\/pagina10.com\/web\/#\/schema\/person\/21249ac8e46fa849c3df7b78feed163e\"},\"headline\":\"La ministra de Ciencia nunca ha sido profesora en Harvard y otras mentiras\",\"datePublished\":\"2024-04-03T21:30:45+00:00\",\"dateModified\":\"2024-04-03T21:34:18+00:00\",\"mainEntityOfPage\":{\"@id\":\"https:\/\/pagina10.com\/web\/la-ministra-de-ciencia-nunca-ha-sido-profesora-en-harvard-y-otras-mentiras\/\"},\"wordCount\":1718,\"commentCount\":0,\"publisher\":{\"@id\":\"https:\/\/pagina10.com\/web\/#organization\"},\"image\":{\"@id\":\"https:\/\/pagina10.com\/web\/la-ministra-de-ciencia-nunca-ha-sido-profesora-en-harvard-y-otras-mentiras\/#primaryimage\"},\"thumbnailUrl\":\"https:\/\/pagina10.com\/web\/wp-content\/uploads\/2024\/04\/WhatsApp-Image-2024-04-03-at-4.27.12-PM.jpeg\",\"articleSection\":[\"Nacional\",\"Titulares\"],\"inLanguage\":\"es\",\"potentialAction\":[{\"@type\":\"CommentAction\",\"name\":\"Comment\",\"target\":[\"https:\/\/pagina10.com\/web\/la-ministra-de-ciencia-nunca-ha-sido-profesora-en-harvard-y-otras-mentiras\/#respond\"]}]},{\"@type\":\"WebPage\",\"@id\":\"https:\/\/pagina10.com\/web\/la-ministra-de-ciencia-nunca-ha-sido-profesora-en-harvard-y-otras-mentiras\/\",\"url\":\"https:\/\/pagina10.com\/web\/la-ministra-de-ciencia-nunca-ha-sido-profesora-en-harvard-y-otras-mentiras\/\",\"name\":\"La ministra de Ciencia nunca ha sido profesora en Harvard y otras mentiras | P\u00e1gina10\",\"isPartOf\":{\"@id\":\"https:\/\/pagina10.com\/web\/#website\"},\"primaryImageOfPage\":{\"@id\":\"https:\/\/pagina10.com\/web\/la-ministra-de-ciencia-nunca-ha-sido-profesora-en-harvard-y-otras-mentiras\/#primaryimage\"},\"image\":{\"@id\":\"https:\/\/pagina10.com\/web\/la-ministra-de-ciencia-nunca-ha-sido-profesora-en-harvard-y-otras-mentiras\/#primaryimage\"},\"thumbnailUrl\":\"https:\/\/pagina10.com\/web\/wp-content\/uploads\/2024\/04\/WhatsApp-Image-2024-04-03-at-4.27.12-PM.jpeg\",\"datePublished\":\"2024-04-03T21:30:45+00:00\",\"dateModified\":\"2024-04-03T21:34:18+00:00\",\"breadcrumb\":{\"@id\":\"https:\/\/pagina10.com\/web\/la-ministra-de-ciencia-nunca-ha-sido-profesora-en-harvard-y-otras-mentiras\/#breadcrumb\"},\"inLanguage\":\"es\",\"potentialAction\":[{\"@type\":\"ReadAction\",\"target\":[\"https:\/\/pagina10.com\/web\/la-ministra-de-ciencia-nunca-ha-sido-profesora-en-harvard-y-otras-mentiras\/\"]}]},{\"@type\":\"ImageObject\",\"inLanguage\":\"es\",\"@id\":\"https:\/\/pagina10.com\/web\/la-ministra-de-ciencia-nunca-ha-sido-profesora-en-harvard-y-otras-mentiras\/#primaryimage\",\"url\":\"https:\/\/pagina10.com\/web\/wp-content\/uploads\/2024\/04\/WhatsApp-Image-2024-04-03-at-4.27.12-PM.jpeg\",\"contentUrl\":\"https:\/\/pagina10.com\/web\/wp-content\/uploads\/2024\/04\/WhatsApp-Image-2024-04-03-at-4.27.12-PM.jpeg\",\"width\":755,\"height\":268},{\"@type\":\"BreadcrumbList\",\"@id\":\"https:\/\/pagina10.com\/web\/la-ministra-de-ciencia-nunca-ha-sido-profesora-en-harvard-y-otras-mentiras\/#breadcrumb\",\"itemListElement\":[{\"@type\":\"ListItem\",\"position\":1,\"name\":\"Portada\",\"item\":\"https:\/\/pagina10.com\/web\/\"},{\"@type\":\"ListItem\",\"position\":2,\"name\":\"La ministra de Ciencia nunca ha sido profesora en Harvard y otras mentiras\"}]},{\"@type\":\"WebSite\",\"@id\":\"https:\/\/pagina10.com\/web\/#website\",\"url\":\"https:\/\/pagina10.com\/web\/\",\"name\":\"P\u00e1gina10\",\"description\":\"Peri\u00f3dico Regional\",\"publisher\":{\"@id\":\"https:\/\/pagina10.com\/web\/#organization\"},\"alternateName\":\"P\u00e1gina10 Peri\u00f3dico Regional\",\"potentialAction\":[{\"@type\":\"SearchAction\",\"target\":{\"@type\":\"EntryPoint\",\"urlTemplate\":\"https:\/\/pagina10.com\/web\/?s={search_term_string}\"},\"query-input\":{\"@type\":\"PropertyValueSpecification\",\"valueRequired\":true,\"valueName\":\"search_term_string\"}}],\"inLanguage\":\"es\"},{\"@type\":\"Organization\",\"@id\":\"https:\/\/pagina10.com\/web\/#organization\",\"name\":\"P\u00e1gina10\",\"alternateName\":\"P\u00e1gina10 Peri\u00f3dico Regional\",\"url\":\"https:\/\/pagina10.com\/web\/\",\"logo\":{\"@type\":\"ImageObject\",\"inLanguage\":\"es\",\"@id\":\"https:\/\/pagina10.com\/web\/#\/schema\/logo\/image\/\",\"url\":\"https:\/\/pagina10.com\/web\/wp-content\/uploads\/2024\/01\/40-pagina-10-periodico-regional-pasto.jpg\",\"contentUrl\":\"https:\/\/pagina10.com\/web\/wp-content\/uploads\/2024\/01\/40-pagina-10-periodico-regional-pasto.jpg\",\"width\":1280,\"height\":720,\"caption\":\"P\u00e1gina10\"},\"image\":{\"@id\":\"https:\/\/pagina10.com\/web\/#\/schema\/logo\/image\/\"},\"sameAs\":[\"https:\/\/www.facebook.com\/pag10com\",\"https:\/\/x.com\/Pag10com\",\"https:\/\/www.instagram.com\/pagina10col\/\",\"https:\/\/youtube.com\/channel\/pag10\",\"https:\/\/www.tiktok.com\/@p10col\"]},{\"@type\":\"Person\",\"@id\":\"https:\/\/pagina10.com\/web\/#\/schema\/person\/21249ac8e46fa849c3df7b78feed163e\",\"name\":\"Columnista Invitado\",\"url\":\"https:\/\/pagina10.com\/web\/author\/invitado\/\"}]}<\/script>\n<!-- \/ Yoast SEO plugin. -->","yoast_head_json":{"title":"La ministra de Ciencia nunca ha sido profesora en Harvard y otras mentiras | P\u00e1gina10","robots":{"index":"index","follow":"follow","max-snippet":"max-snippet:-1","max-image-preview":"max-image-preview:large","max-video-preview":"max-video-preview:-1"},"canonical":"https:\/\/pagina10.com\/web\/la-ministra-de-ciencia-nunca-ha-sido-profesora-en-harvard-y-otras-mentiras\/","og_locale":"es_ES","og_type":"article","og_title":"La ministra de Ciencia nunca ha sido profesora en Harvard y otras mentiras | P\u00e1gina10","og_description":"En el marco de la investigaci\u00f3n desarrollada por Jennifer Pedraza y su equipo de trabajo, se hall\u00f3 que la ministra de ciencia miente sobre la trayectoria profesional que present\u00f3 en su hoja de vida: no fue profesora en Harvard como asegur\u00f3 e infl\u00f3 su experiencia docente en al menos otras 3 universidades. La Ministra reproduce [&hellip;]","og_url":"https:\/\/pagina10.com\/web\/la-ministra-de-ciencia-nunca-ha-sido-profesora-en-harvard-y-otras-mentiras\/","og_site_name":"P\u00e1gina10","article_publisher":"https:\/\/www.facebook.com\/pag10com","article_published_time":"2024-04-03T21:30:45+00:00","article_modified_time":"2024-04-03T21:34:18+00:00","og_image":[{"width":755,"height":268,"url":"https:\/\/pagina10.com\/web\/wp-content\/uploads\/2024\/04\/WhatsApp-Image-2024-04-03-at-4.27.12-PM.jpeg","type":"image\/jpeg"}],"author":"Columnista Invitado","twitter_card":"summary_large_image","twitter_creator":"@Pag10com","twitter_site":"@Pag10com","twitter_misc":{"Escrito por":"Columnista Invitado","Tiempo de lectura":"10 minutos"},"schema":{"@context":"https:\/\/schema.org","@graph":[{"@type":"Article","@id":"https:\/\/pagina10.com\/web\/la-ministra-de-ciencia-nunca-ha-sido-profesora-en-harvard-y-otras-mentiras\/#article","isPartOf":{"@id":"https:\/\/pagina10.com\/web\/la-ministra-de-ciencia-nunca-ha-sido-profesora-en-harvard-y-otras-mentiras\/"},"author":{"name":"Columnista Invitado","@id":"https:\/\/pagina10.com\/web\/#\/schema\/person\/21249ac8e46fa849c3df7b78feed163e"},"headline":"La ministra de Ciencia nunca ha sido profesora en Harvard y otras mentiras","datePublished":"2024-04-03T21:30:45+00:00","dateModified":"2024-04-03T21:34:18+00:00","mainEntityOfPage":{"@id":"https:\/\/pagina10.com\/web\/la-ministra-de-ciencia-nunca-ha-sido-profesora-en-harvard-y-otras-mentiras\/"},"wordCount":1718,"commentCount":0,"publisher":{"@id":"https:\/\/pagina10.com\/web\/#organization"},"image":{"@id":"https:\/\/pagina10.com\/web\/la-ministra-de-ciencia-nunca-ha-sido-profesora-en-harvard-y-otras-mentiras\/#primaryimage"},"thumbnailUrl":"https:\/\/pagina10.com\/web\/wp-content\/uploads\/2024\/04\/WhatsApp-Image-2024-04-03-at-4.27.12-PM.jpeg","articleSection":["Nacional","Titulares"],"inLanguage":"es","potentialAction":[{"@type":"CommentAction","name":"Comment","target":["https:\/\/pagina10.com\/web\/la-ministra-de-ciencia-nunca-ha-sido-profesora-en-harvard-y-otras-mentiras\/#respond"]}]},{"@type":"WebPage","@id":"https:\/\/pagina10.com\/web\/la-ministra-de-ciencia-nunca-ha-sido-profesora-en-harvard-y-otras-mentiras\/","url":"https:\/\/pagina10.com\/web\/la-ministra-de-ciencia-nunca-ha-sido-profesora-en-harvard-y-otras-mentiras\/","name":"La ministra de Ciencia nunca ha sido profesora en Harvard y otras mentiras | P\u00e1gina10","isPartOf":{"@id":"https:\/\/pagina10.com\/web\/#website"},"primaryImageOfPage":{"@id":"https:\/\/pagina10.com\/web\/la-ministra-de-ciencia-nunca-ha-sido-profesora-en-harvard-y-otras-mentiras\/#primaryimage"},"image":{"@id":"https:\/\/pagina10.com\/web\/la-ministra-de-ciencia-nunca-ha-sido-profesora-en-harvard-y-otras-mentiras\/#primaryimage"},"thumbnailUrl":"https:\/\/pagina10.com\/web\/wp-content\/uploads\/2024\/04\/WhatsApp-Image-2024-04-03-at-4.27.12-PM.jpeg","datePublished":"2024-04-03T21:30:45+00:00","dateModified":"2024-04-03T21:34:18+00:00","breadcrumb":{"@id":"https:\/\/pagina10.com\/web\/la-ministra-de-ciencia-nunca-ha-sido-profesora-en-harvard-y-otras-mentiras\/#breadcrumb"},"inLanguage":"es","potentialAction":[{"@type":"ReadAction","target":["https:\/\/pagina10.com\/web\/la-ministra-de-ciencia-nunca-ha-sido-profesora-en-harvard-y-otras-mentiras\/"]}]},{"@type":"ImageObject","inLanguage":"es","@id":"https:\/\/pagina10.com\/web\/la-ministra-de-ciencia-nunca-ha-sido-profesora-en-harvard-y-otras-mentiras\/#primaryimage","url":"https:\/\/pagina10.com\/web\/wp-content\/uploads\/2024\/04\/WhatsApp-Image-2024-04-03-at-4.27.12-PM.jpeg","contentUrl":"https:\/\/pagina10.com\/web\/wp-content\/uploads\/2024\/04\/WhatsApp-Image-2024-04-03-at-4.27.12-PM.jpeg","width":755,"height":268},{"@type":"BreadcrumbList","@id":"https:\/\/pagina10.com\/web\/la-ministra-de-ciencia-nunca-ha-sido-profesora-en-harvard-y-otras-mentiras\/#breadcrumb","itemListElement":[{"@type":"ListItem","position":1,"name":"Portada","item":"https:\/\/pagina10.com\/web\/"},{"@type":"ListItem","position":2,"name":"La ministra de Ciencia nunca ha sido profesora en Harvard y otras mentiras"}]},{"@type":"WebSite","@id":"https:\/\/pagina10.com\/web\/#website","url":"https:\/\/pagina10.com\/web\/","name":"P\u00e1gina10","description":"Peri\u00f3dico Regional","publisher":{"@id":"https:\/\/pagina10.com\/web\/#organization"},"alternateName":"P\u00e1gina10 Peri\u00f3dico Regional","potentialAction":[{"@type":"SearchAction","target":{"@type":"EntryPoint","urlTemplate":"https:\/\/pagina10.com\/web\/?s={search_term_string}"},"query-input":{"@type":"PropertyValueSpecification","valueRequired":true,"valueName":"search_term_string"}}],"inLanguage":"es"},{"@type":"Organization","@id":"https:\/\/pagina10.com\/web\/#organization","name":"P\u00e1gina10","alternateName":"P\u00e1gina10 Peri\u00f3dico Regional","url":"https:\/\/pagina10.com\/web\/","logo":{"@type":"ImageObject","inLanguage":"es","@id":"https:\/\/pagina10.com\/web\/#\/schema\/logo\/image\/","url":"https:\/\/pagina10.com\/web\/wp-content\/uploads\/2024\/01\/40-pagina-10-periodico-regional-pasto.jpg","contentUrl":"https:\/\/pagina10.com\/web\/wp-content\/uploads\/2024\/01\/40-pagina-10-periodico-regional-pasto.jpg","width":1280,"height":720,"caption":"P\u00e1gina10"},"image":{"@id":"https:\/\/pagina10.com\/web\/#\/schema\/logo\/image\/"},"sameAs":["https:\/\/www.facebook.com\/pag10com","https:\/\/x.com\/Pag10com","https:\/\/www.instagram.com\/pagina10col\/","https:\/\/youtube.com\/channel\/pag10","https:\/\/www.tiktok.com\/@p10col"]},{"@type":"Person","@id":"https:\/\/pagina10.com\/web\/#\/schema\/person\/21249ac8e46fa849c3df7b78feed163e","name":"Columnista Invitado","url":"https:\/\/pagina10.com\/web\/author\/invitado\/"}]}},"_links":{"self":[{"href":"https:\/\/pagina10.com\/web\/wp-json\/wp\/v2\/posts\/70879204168","targetHints":{"allow":["GET"]}}],"collection":[{"href":"https:\/\/pagina10.com\/web\/wp-json\/wp\/v2\/posts"}],"about":[{"href":"https:\/\/pagina10.com\/web\/wp-json\/wp\/v2\/types\/post"}],"author":[{"embeddable":true,"href":"https:\/\/pagina10.com\/web\/wp-json\/wp\/v2\/users\/15"}],"replies":[{"embeddable":true,"href":"https:\/\/pagina10.com\/web\/wp-json\/wp\/v2\/comments?post=70879204168"}],"version-history":[{"count":3,"href":"https:\/\/pagina10.com\/web\/wp-json\/wp\/v2\/posts\/70879204168\/revisions"}],"predecessor-version":[{"id":70879204176,"href":"https:\/\/pagina10.com\/web\/wp-json\/wp\/v2\/posts\/70879204168\/revisions\/70879204176"}],"wp:featuredmedia":[{"embeddable":true,"href":"https:\/\/pagina10.com\/web\/wp-json\/wp\/v2\/media\/70879204173"}],"wp:attachment":[{"href":"https:\/\/pagina10.com\/web\/wp-json\/wp\/v2\/media?parent=70879204168"}],"wp:term":[{"taxonomy":"category","embeddable":true,"href":"https:\/\/pagina10.com\/web\/wp-json\/wp\/v2\/categories?post=70879204168"},{"taxonomy":"post_tag","embeddable":true,"href":"https:\/\/pagina10.com\/web\/wp-json\/wp\/v2\/tags?post=70879204168"}],"curies":[{"name":"wp","href":"https:\/\/api.w.org\/{rel}","templated":true}]}}