{"id":70879204197,"date":"2024-04-04T14:04:33","date_gmt":"2024-04-04T19:04:33","guid":{"rendered":"https:\/\/pagina10.com\/web\/?p=70879204197"},"modified":"2024-04-04T14:33:04","modified_gmt":"2024-04-04T19:33:04","slug":"procuraduria-inicia-investigacion-al-superintendente-de-salud-por-intervenir-la-eps-sanitas","status":"publish","type":"post","link":"https:\/\/pagina10.com\/web\/procuraduria-inicia-investigacion-al-superintendente-de-salud-por-intervenir-la-eps-sanitas\/","title":{"rendered":"Procuradur\u00eda inicia investigaci\u00f3n al superintendente de Salud por intervenir la EPS Sanitas"},"content":{"rendered":"<p style=\"text-align: justify;\">La Procuradur\u00eda General de la Naci\u00f3n anunci\u00f3 la apertura de una investigaci\u00f3n para Luis Carlos Leal, superintendente de Salud, debido a presuntas irregularidades que se relacionan con la toma de posesi\u00f3n e intervenci\u00f3n forzosa de la EPS Sanitas, comunicada en los \u00faltimos d\u00edas. Esta decisi\u00f3n surge a ra\u00edz de una queja por supuesta falsa motivaci\u00f3n en la resoluci\u00f3n que orden\u00f3 la intervenci\u00f3n de la entidad.<\/p>\n<p style=\"text-align: justify;\">Seg\u00fan informaci\u00f3n preliminar, se ha solicitado a la Superintendencia de Salud copia del proceso de toma de posesi\u00f3n de la EPS, as\u00ed como del tr\u00e1mite para designar al agente interventor. Adicionalmente, se ha requerido informaci\u00f3n sobre quejas, reclamaciones, tutelas y deudas de la EPS con la red de prestadores y proveedores de servicios de salud, entre otras.<\/p>\n<p style=\"text-align: justify;\">Por otra parte, la EPS Sanitas mostr\u00f3 su rechazo en\u00e9rgico ante la intervenci\u00f3n, calific\u00e1ndola de improvisada, ilegal, desproporcionada y discriminatoria. El grupo Krealty, al que pertenece la EPS, atribuye la situaci\u00f3n financiera de la entidad en gran medida a decisiones gubernamentales, como la insuficiencia de la UPC y la concentraci\u00f3n de riesgos por afiliado.<\/p>\n","protected":false},"excerpt":{"rendered":"<p>La Procuradur\u00eda General de la Naci\u00f3n anunci\u00f3 la apertura de una investigaci\u00f3n para Luis Carlos Leal, superintendente de Salud, debido a presuntas irregularidades que se relacionan con la toma de posesi\u00f3n e intervenci\u00f3n forzosa de la EPS Sanitas, comunicada en los \u00faltimos d\u00edas. Esta decisi\u00f3n surge a ra\u00edz de una queja por supuesta falsa motivaci\u00f3n [&hellip;]<\/p>\n","protected":false},"author":1,"featured_media":70879204198,"comment_status":"open","ping_status":"open","sticky":false,"template":"","format":"standard","meta":{"footnotes":""},"categories":[94],"tags":[],"class_list":["post-70879204197","post","type-post","status-publish","format-standard","has-post-thumbnail","hentry","category-nacional-global-2"],"yoast_head":"<!-- This site is optimized with the Yoast SEO plugin v27.1.1 - https:\/\/yoast.com\/product\/yoast-seo-wordpress\/ -->\n<title>Procuradur\u00eda inicia investigaci\u00f3n al superintendente de Salud por intervenir la EPS Sanitas | P\u00e1gina10<\/title>\n<meta name=\"robots\" content=\"index, follow, max-snippet:-1, max-image-preview:large, max-video-preview:-1\" \/>\n<link rel=\"canonical\" href=\"https:\/\/pagina10.com\/web\/procuraduria-inicia-investigacion-al-superintendente-de-salud-por-intervenir-la-eps-sanitas\/\" \/>\n<meta property=\"og:locale\" content=\"es_ES\" \/>\n<meta property=\"og:type\" content=\"article\" \/>\n<meta property=\"og:title\" content=\"Procuradur\u00eda inicia investigaci\u00f3n al superintendente de Salud por intervenir la EPS Sanitas | P\u00e1gina10\" \/>\n<meta property=\"og:description\" content=\"La Procuradur\u00eda General de la Naci\u00f3n anunci\u00f3 la apertura de una investigaci\u00f3n para Luis Carlos Leal, superintendente de Salud, debido a presuntas irregularidades que se relacionan con la toma de posesi\u00f3n e intervenci\u00f3n forzosa de la EPS Sanitas, comunicada en los \u00faltimos d\u00edas. Esta decisi\u00f3n surge a ra\u00edz de una queja por supuesta falsa motivaci\u00f3n [&hellip;]\" \/>\n<meta property=\"og:url\" content=\"https:\/\/pagina10.com\/web\/procuraduria-inicia-investigacion-al-superintendente-de-salud-por-intervenir-la-eps-sanitas\/\" \/>\n<meta property=\"og:site_name\" content=\"P\u00e1gina10\" \/>\n<meta property=\"article:publisher\" content=\"https:\/\/www.facebook.com\/pag10com\" \/>\n<meta property=\"article:published_time\" content=\"2024-04-04T19:04:33+00:00\" \/>\n<meta property=\"article:modified_time\" content=\"2024-04-04T19:33:04+00:00\" \/>\n<meta property=\"og:image\" content=\"https:\/\/pagina10.com\/web\/wp-content\/uploads\/2024\/04\/whatsapp_image_2024-02-23_at_3.42.31_pm.jpeg\" \/>\n\t<meta property=\"og:image:width\" content=\"414\" \/>\n\t<meta property=\"og:image:height\" content=\"310\" \/>\n\t<meta property=\"og:image:type\" content=\"image\/jpeg\" \/>\n<meta name=\"author\" content=\"P\u00e1gina 10\" \/>\n<meta name=\"twitter:card\" content=\"summary_large_image\" \/>\n<meta name=\"twitter:creator\" content=\"@Pag10com\" \/>\n<meta name=\"twitter:site\" content=\"@Pag10com\" \/>\n<meta name=\"twitter:label1\" content=\"Escrito por\" \/>\n\t<meta name=\"twitter:data1\" content=\"P\u00e1gina 10\" \/>\n\t<meta name=\"twitter:label2\" content=\"Tiempo de lectura\" \/>\n\t<meta name=\"twitter:data2\" content=\"2 minutos\" \/>\n<script type=\"application\/ld+json\" class=\"yoast-schema-graph\">{\"@context\":\"https:\/\/schema.org\",\"@graph\":[{\"@type\":\"Article\",\"@id\":\"https:\/\/pagina10.com\/web\/procuraduria-inicia-investigacion-al-superintendente-de-salud-por-intervenir-la-eps-sanitas\/#article\",\"isPartOf\":{\"@id\":\"https:\/\/pagina10.com\/web\/procuraduria-inicia-investigacion-al-superintendente-de-salud-por-intervenir-la-eps-sanitas\/\"},\"author\":{\"name\":\"P\u00e1gina 10\",\"@id\":\"https:\/\/pagina10.com\/web\/#\/schema\/person\/2efc4a090d25b667d3bc796798a3a81b\"},\"headline\":\"Procuradur\u00eda inicia investigaci\u00f3n al superintendente de Salud por intervenir la EPS Sanitas\",\"datePublished\":\"2024-04-04T19:04:33+00:00\",\"dateModified\":\"2024-04-04T19:33:04+00:00\",\"mainEntityOfPage\":{\"@id\":\"https:\/\/pagina10.com\/web\/procuraduria-inicia-investigacion-al-superintendente-de-salud-por-intervenir-la-eps-sanitas\/\"},\"wordCount\":211,\"commentCount\":0,\"publisher\":{\"@id\":\"https:\/\/pagina10.com\/web\/#organization\"},\"image\":{\"@id\":\"https:\/\/pagina10.com\/web\/procuraduria-inicia-investigacion-al-superintendente-de-salud-por-intervenir-la-eps-sanitas\/#primaryimage\"},\"thumbnailUrl\":\"https:\/\/pagina10.com\/web\/wp-content\/uploads\/2024\/04\/whatsapp_image_2024-02-23_at_3.42.31_pm.jpeg\",\"articleSection\":[\"Nacional\"],\"inLanguage\":\"es\",\"potentialAction\":[{\"@type\":\"CommentAction\",\"name\":\"Comment\",\"target\":[\"https:\/\/pagina10.com\/web\/procuraduria-inicia-investigacion-al-superintendente-de-salud-por-intervenir-la-eps-sanitas\/#respond\"]}]},{\"@type\":\"WebPage\",\"@id\":\"https:\/\/pagina10.com\/web\/procuraduria-inicia-investigacion-al-superintendente-de-salud-por-intervenir-la-eps-sanitas\/\",\"url\":\"https:\/\/pagina10.com\/web\/procuraduria-inicia-investigacion-al-superintendente-de-salud-por-intervenir-la-eps-sanitas\/\",\"name\":\"Procuradur\u00eda inicia investigaci\u00f3n al superintendente de Salud por intervenir la EPS Sanitas | P\u00e1gina10\",\"isPartOf\":{\"@id\":\"https:\/\/pagina10.com\/web\/#website\"},\"primaryImageOfPage\":{\"@id\":\"https:\/\/pagina10.com\/web\/procuraduria-inicia-investigacion-al-superintendente-de-salud-por-intervenir-la-eps-sanitas\/#primaryimage\"},\"image\":{\"@id\":\"https:\/\/pagina10.com\/web\/procuraduria-inicia-investigacion-al-superintendente-de-salud-por-intervenir-la-eps-sanitas\/#primaryimage\"},\"thumbnailUrl\":\"https:\/\/pagina10.com\/web\/wp-content\/uploads\/2024\/04\/whatsapp_image_2024-02-23_at_3.42.31_pm.jpeg\",\"datePublished\":\"2024-04-04T19:04:33+00:00\",\"dateModified\":\"2024-04-04T19:33:04+00:00\",\"breadcrumb\":{\"@id\":\"https:\/\/pagina10.com\/web\/procuraduria-inicia-investigacion-al-superintendente-de-salud-por-intervenir-la-eps-sanitas\/#breadcrumb\"},\"inLanguage\":\"es\",\"potentialAction\":[{\"@type\":\"ReadAction\",\"target\":[\"https:\/\/pagina10.com\/web\/procuraduria-inicia-investigacion-al-superintendente-de-salud-por-intervenir-la-eps-sanitas\/\"]}]},{\"@type\":\"ImageObject\",\"inLanguage\":\"es\",\"@id\":\"https:\/\/pagina10.com\/web\/procuraduria-inicia-investigacion-al-superintendente-de-salud-por-intervenir-la-eps-sanitas\/#primaryimage\",\"url\":\"https:\/\/pagina10.com\/web\/wp-content\/uploads\/2024\/04\/whatsapp_image_2024-02-23_at_3.42.31_pm.jpeg\",\"contentUrl\":\"https:\/\/pagina10.com\/web\/wp-content\/uploads\/2024\/04\/whatsapp_image_2024-02-23_at_3.42.31_pm.jpeg\",\"width\":414,\"height\":310},{\"@type\":\"BreadcrumbList\",\"@id\":\"https:\/\/pagina10.com\/web\/procuraduria-inicia-investigacion-al-superintendente-de-salud-por-intervenir-la-eps-sanitas\/#breadcrumb\",\"itemListElement\":[{\"@type\":\"ListItem\",\"position\":1,\"name\":\"Portada\",\"item\":\"https:\/\/pagina10.com\/web\/\"},{\"@type\":\"ListItem\",\"position\":2,\"name\":\"Procuradur\u00eda inicia investigaci\u00f3n al superintendente de Salud por intervenir la EPS Sanitas\"}]},{\"@type\":\"WebSite\",\"@id\":\"https:\/\/pagina10.com\/web\/#website\",\"url\":\"https:\/\/pagina10.com\/web\/\",\"name\":\"P\u00e1gina10\",\"description\":\"Peri\u00f3dico Regional\",\"publisher\":{\"@id\":\"https:\/\/pagina10.com\/web\/#organization\"},\"alternateName\":\"P\u00e1gina10 Peri\u00f3dico Regional\",\"potentialAction\":[{\"@type\":\"SearchAction\",\"target\":{\"@type\":\"EntryPoint\",\"urlTemplate\":\"https:\/\/pagina10.com\/web\/?s={search_term_string}\"},\"query-input\":{\"@type\":\"PropertyValueSpecification\",\"valueRequired\":true,\"valueName\":\"search_term_string\"}}],\"inLanguage\":\"es\"},{\"@type\":\"Organization\",\"@id\":\"https:\/\/pagina10.com\/web\/#organization\",\"name\":\"P\u00e1gina10\",\"alternateName\":\"P\u00e1gina10 Peri\u00f3dico Regional\",\"url\":\"https:\/\/pagina10.com\/web\/\",\"logo\":{\"@type\":\"ImageObject\",\"inLanguage\":\"es\",\"@id\":\"https:\/\/pagina10.com\/web\/#\/schema\/logo\/image\/\",\"url\":\"https:\/\/pagina10.com\/web\/wp-content\/uploads\/2024\/01\/40-pagina-10-periodico-regional-pasto.jpg\",\"contentUrl\":\"https:\/\/pagina10.com\/web\/wp-content\/uploads\/2024\/01\/40-pagina-10-periodico-regional-pasto.jpg\",\"width\":1280,\"height\":720,\"caption\":\"P\u00e1gina10\"},\"image\":{\"@id\":\"https:\/\/pagina10.com\/web\/#\/schema\/logo\/image\/\"},\"sameAs\":[\"https:\/\/www.facebook.com\/pag10com\",\"https:\/\/x.com\/Pag10com\",\"https:\/\/www.instagram.com\/pagina10col\/\",\"https:\/\/youtube.com\/channel\/pag10\",\"https:\/\/www.tiktok.com\/@p10col\"]},{\"@type\":\"Person\",\"@id\":\"https:\/\/pagina10.com\/web\/#\/schema\/person\/2efc4a090d25b667d3bc796798a3a81b\",\"name\":\"P\u00e1gina 10\",\"description\":\"P\u00e1gina 10 es un peri\u00f3dico regional que nace en Colombia, en el departamento de Nari\u00f1o, con un enfoque global, fundamentado en cuatro pilares esenciales: la libertad, el pluralismo, la inclusi\u00f3n y la independencia. P\u00e1gina 10 hace referencia a Nari\u00f1o como el d\u00e9cimo departamento creado en Colombia, despu\u00e9s de un proceso pol\u00edtico liderado por actores y actrices regionales con el fin de obtener la independencia y autonom\u00eda de nuestros territorios. Con la creaci\u00f3n de P\u00e1gina 10 se pretende abrir un escenario para el dialogo, la reflexi\u00f3n y el debate que se extienda a otras geograf\u00edas de Am\u00e9rica Latina y del planeta, en una apuesta por transformar colectivamente los desaf\u00edos de un mundo contempor\u00e1neo, m\u00e1s all\u00e1 de las fronteras impuestas.\",\"url\":\"https:\/\/pagina10.com\/web\/author\/pdiezadmin\/\"}]}<\/script>\n<!-- \/ Yoast SEO plugin. -->","yoast_head_json":{"title":"Procuradur\u00eda inicia investigaci\u00f3n al superintendente de Salud por intervenir la EPS Sanitas | P\u00e1gina10","robots":{"index":"index","follow":"follow","max-snippet":"max-snippet:-1","max-image-preview":"max-image-preview:large","max-video-preview":"max-video-preview:-1"},"canonical":"https:\/\/pagina10.com\/web\/procuraduria-inicia-investigacion-al-superintendente-de-salud-por-intervenir-la-eps-sanitas\/","og_locale":"es_ES","og_type":"article","og_title":"Procuradur\u00eda inicia investigaci\u00f3n al superintendente de Salud por intervenir la EPS Sanitas | P\u00e1gina10","og_description":"La Procuradur\u00eda General de la Naci\u00f3n anunci\u00f3 la apertura de una investigaci\u00f3n para Luis Carlos Leal, superintendente de Salud, debido a presuntas irregularidades que se relacionan con la toma de posesi\u00f3n e intervenci\u00f3n forzosa de la EPS Sanitas, comunicada en los \u00faltimos d\u00edas. Esta decisi\u00f3n surge a ra\u00edz de una queja por supuesta falsa motivaci\u00f3n [&hellip;]","og_url":"https:\/\/pagina10.com\/web\/procuraduria-inicia-investigacion-al-superintendente-de-salud-por-intervenir-la-eps-sanitas\/","og_site_name":"P\u00e1gina10","article_publisher":"https:\/\/www.facebook.com\/pag10com","article_published_time":"2024-04-04T19:04:33+00:00","article_modified_time":"2024-04-04T19:33:04+00:00","og_image":[{"width":414,"height":310,"url":"https:\/\/pagina10.com\/web\/wp-content\/uploads\/2024\/04\/whatsapp_image_2024-02-23_at_3.42.31_pm.jpeg","type":"image\/jpeg"}],"author":"P\u00e1gina 10","twitter_card":"summary_large_image","twitter_creator":"@Pag10com","twitter_site":"@Pag10com","twitter_misc":{"Escrito por":"P\u00e1gina 10","Tiempo de lectura":"2 minutos"},"schema":{"@context":"https:\/\/schema.org","@graph":[{"@type":"Article","@id":"https:\/\/pagina10.com\/web\/procuraduria-inicia-investigacion-al-superintendente-de-salud-por-intervenir-la-eps-sanitas\/#article","isPartOf":{"@id":"https:\/\/pagina10.com\/web\/procuraduria-inicia-investigacion-al-superintendente-de-salud-por-intervenir-la-eps-sanitas\/"},"author":{"name":"P\u00e1gina 10","@id":"https:\/\/pagina10.com\/web\/#\/schema\/person\/2efc4a090d25b667d3bc796798a3a81b"},"headline":"Procuradur\u00eda inicia investigaci\u00f3n al superintendente de Salud por intervenir la EPS Sanitas","datePublished":"2024-04-04T19:04:33+00:00","dateModified":"2024-04-04T19:33:04+00:00","mainEntityOfPage":{"@id":"https:\/\/pagina10.com\/web\/procuraduria-inicia-investigacion-al-superintendente-de-salud-por-intervenir-la-eps-sanitas\/"},"wordCount":211,"commentCount":0,"publisher":{"@id":"https:\/\/pagina10.com\/web\/#organization"},"image":{"@id":"https:\/\/pagina10.com\/web\/procuraduria-inicia-investigacion-al-superintendente-de-salud-por-intervenir-la-eps-sanitas\/#primaryimage"},"thumbnailUrl":"https:\/\/pagina10.com\/web\/wp-content\/uploads\/2024\/04\/whatsapp_image_2024-02-23_at_3.42.31_pm.jpeg","articleSection":["Nacional"],"inLanguage":"es","potentialAction":[{"@type":"CommentAction","name":"Comment","target":["https:\/\/pagina10.com\/web\/procuraduria-inicia-investigacion-al-superintendente-de-salud-por-intervenir-la-eps-sanitas\/#respond"]}]},{"@type":"WebPage","@id":"https:\/\/pagina10.com\/web\/procuraduria-inicia-investigacion-al-superintendente-de-salud-por-intervenir-la-eps-sanitas\/","url":"https:\/\/pagina10.com\/web\/procuraduria-inicia-investigacion-al-superintendente-de-salud-por-intervenir-la-eps-sanitas\/","name":"Procuradur\u00eda inicia investigaci\u00f3n al superintendente de Salud por intervenir la EPS Sanitas | P\u00e1gina10","isPartOf":{"@id":"https:\/\/pagina10.com\/web\/#website"},"primaryImageOfPage":{"@id":"https:\/\/pagina10.com\/web\/procuraduria-inicia-investigacion-al-superintendente-de-salud-por-intervenir-la-eps-sanitas\/#primaryimage"},"image":{"@id":"https:\/\/pagina10.com\/web\/procuraduria-inicia-investigacion-al-superintendente-de-salud-por-intervenir-la-eps-sanitas\/#primaryimage"},"thumbnailUrl":"https:\/\/pagina10.com\/web\/wp-content\/uploads\/2024\/04\/whatsapp_image_2024-02-23_at_3.42.31_pm.jpeg","datePublished":"2024-04-04T19:04:33+00:00","dateModified":"2024-04-04T19:33:04+00:00","breadcrumb":{"@id":"https:\/\/pagina10.com\/web\/procuraduria-inicia-investigacion-al-superintendente-de-salud-por-intervenir-la-eps-sanitas\/#breadcrumb"},"inLanguage":"es","potentialAction":[{"@type":"ReadAction","target":["https:\/\/pagina10.com\/web\/procuraduria-inicia-investigacion-al-superintendente-de-salud-por-intervenir-la-eps-sanitas\/"]}]},{"@type":"ImageObject","inLanguage":"es","@id":"https:\/\/pagina10.com\/web\/procuraduria-inicia-investigacion-al-superintendente-de-salud-por-intervenir-la-eps-sanitas\/#primaryimage","url":"https:\/\/pagina10.com\/web\/wp-content\/uploads\/2024\/04\/whatsapp_image_2024-02-23_at_3.42.31_pm.jpeg","contentUrl":"https:\/\/pagina10.com\/web\/wp-content\/uploads\/2024\/04\/whatsapp_image_2024-02-23_at_3.42.31_pm.jpeg","width":414,"height":310},{"@type":"BreadcrumbList","@id":"https:\/\/pagina10.com\/web\/procuraduria-inicia-investigacion-al-superintendente-de-salud-por-intervenir-la-eps-sanitas\/#breadcrumb","itemListElement":[{"@type":"ListItem","position":1,"name":"Portada","item":"https:\/\/pagina10.com\/web\/"},{"@type":"ListItem","position":2,"name":"Procuradur\u00eda inicia investigaci\u00f3n al superintendente de Salud por intervenir la EPS Sanitas"}]},{"@type":"WebSite","@id":"https:\/\/pagina10.com\/web\/#website","url":"https:\/\/pagina10.com\/web\/","name":"P\u00e1gina10","description":"Peri\u00f3dico Regional","publisher":{"@id":"https:\/\/pagina10.com\/web\/#organization"},"alternateName":"P\u00e1gina10 Peri\u00f3dico Regional","potentialAction":[{"@type":"SearchAction","target":{"@type":"EntryPoint","urlTemplate":"https:\/\/pagina10.com\/web\/?s={search_term_string}"},"query-input":{"@type":"PropertyValueSpecification","valueRequired":true,"valueName":"search_term_string"}}],"inLanguage":"es"},{"@type":"Organization","@id":"https:\/\/pagina10.com\/web\/#organization","name":"P\u00e1gina10","alternateName":"P\u00e1gina10 Peri\u00f3dico Regional","url":"https:\/\/pagina10.com\/web\/","logo":{"@type":"ImageObject","inLanguage":"es","@id":"https:\/\/pagina10.com\/web\/#\/schema\/logo\/image\/","url":"https:\/\/pagina10.com\/web\/wp-content\/uploads\/2024\/01\/40-pagina-10-periodico-regional-pasto.jpg","contentUrl":"https:\/\/pagina10.com\/web\/wp-content\/uploads\/2024\/01\/40-pagina-10-periodico-regional-pasto.jpg","width":1280,"height":720,"caption":"P\u00e1gina10"},"image":{"@id":"https:\/\/pagina10.com\/web\/#\/schema\/logo\/image\/"},"sameAs":["https:\/\/www.facebook.com\/pag10com","https:\/\/x.com\/Pag10com","https:\/\/www.instagram.com\/pagina10col\/","https:\/\/youtube.com\/channel\/pag10","https:\/\/www.tiktok.com\/@p10col"]},{"@type":"Person","@id":"https:\/\/pagina10.com\/web\/#\/schema\/person\/2efc4a090d25b667d3bc796798a3a81b","name":"P\u00e1gina 10","description":"P\u00e1gina 10 es un peri\u00f3dico regional que nace en Colombia, en el departamento de Nari\u00f1o, con un enfoque global, fundamentado en cuatro pilares esenciales: la libertad, el pluralismo, la inclusi\u00f3n y la independencia. P\u00e1gina 10 hace referencia a Nari\u00f1o como el d\u00e9cimo departamento creado en Colombia, despu\u00e9s de un proceso pol\u00edtico liderado por actores y actrices regionales con el fin de obtener la independencia y autonom\u00eda de nuestros territorios. Con la creaci\u00f3n de P\u00e1gina 10 se pretende abrir un escenario para el dialogo, la reflexi\u00f3n y el debate que se extienda a otras geograf\u00edas de Am\u00e9rica Latina y del planeta, en una apuesta por transformar colectivamente los desaf\u00edos de un mundo contempor\u00e1neo, m\u00e1s all\u00e1 de las fronteras impuestas.","url":"https:\/\/pagina10.com\/web\/author\/pdiezadmin\/"}]}},"_links":{"self":[{"href":"https:\/\/pagina10.com\/web\/wp-json\/wp\/v2\/posts\/70879204197","targetHints":{"allow":["GET"]}}],"collection":[{"href":"https:\/\/pagina10.com\/web\/wp-json\/wp\/v2\/posts"}],"about":[{"href":"https:\/\/pagina10.com\/web\/wp-json\/wp\/v2\/types\/post"}],"author":[{"embeddable":true,"href":"https:\/\/pagina10.com\/web\/wp-json\/wp\/v2\/users\/1"}],"replies":[{"embeddable":true,"href":"https:\/\/pagina10.com\/web\/wp-json\/wp\/v2\/comments?post=70879204197"}],"version-history":[{"count":1,"href":"https:\/\/pagina10.com\/web\/wp-json\/wp\/v2\/posts\/70879204197\/revisions"}],"predecessor-version":[{"id":70879204199,"href":"https:\/\/pagina10.com\/web\/wp-json\/wp\/v2\/posts\/70879204197\/revisions\/70879204199"}],"wp:featuredmedia":[{"embeddable":true,"href":"https:\/\/pagina10.com\/web\/wp-json\/wp\/v2\/media\/70879204198"}],"wp:attachment":[{"href":"https:\/\/pagina10.com\/web\/wp-json\/wp\/v2\/media?parent=70879204197"}],"wp:term":[{"taxonomy":"category","embeddable":true,"href":"https:\/\/pagina10.com\/web\/wp-json\/wp\/v2\/categories?post=70879204197"},{"taxonomy":"post_tag","embeddable":true,"href":"https:\/\/pagina10.com\/web\/wp-json\/wp\/v2\/tags?post=70879204197"}],"curies":[{"name":"wp","href":"https:\/\/api.w.org\/{rel}","templated":true}]}}