{"id":70879204200,"date":"2024-04-05T12:58:25","date_gmt":"2024-04-05T17:58:25","guid":{"rendered":"https:\/\/pagina10.com\/web\/?p=70879204200"},"modified":"2024-04-05T13:06:45","modified_gmt":"2024-04-05T18:06:45","slug":"senadores-del-pacto-historico-apelan-a-ultimo-recurso-por-revivir-reforma-a-la-salud","status":"publish","type":"post","link":"https:\/\/pagina10.com\/web\/senadores-del-pacto-historico-apelan-a-ultimo-recurso-por-revivir-reforma-a-la-salud\/","title":{"rendered":"Senadores del Pacto Hist\u00f3rico apelan a \u00faltimo recurso por revivir Reforma a la Salud"},"content":{"rendered":"<p style=\"text-align: justify;\">Luego del hundimiento de la reforma a la salud del Gobierno Nacional, <strong>senadores del Pacto Hist\u00f3rico han presentado un recurso de apelaci\u00f3n ante la Presidencia del Senado<\/strong> que tiene como prop\u00f3sito revivir el proyecto. Esta medida se origina luego de que la ponencia negativa lograra mayor\u00edas, causando el archivo del proyecto de ley.<\/p>\n<p style=\"text-align: justify;\"><strong>Respaldado por otros miembros de la bancada de gobierno<\/strong>, el congresista Wilson Arias, radic\u00f3 ante la presidencia de la corporaci\u00f3n el recurso de apelaci\u00f3n, donde solicita que se reconsidere la decisi\u00f3n tomada. Este recurso ser\u00eda el \u00faltimo esfuerzo por parte de los defensores de la reforma y as\u00ed evitar su hundimiento definitivo.<\/p>\n<p style=\"text-align: justify;\"><strong>Los senadores argumentan su solicitud en el art\u00edculo 166 de la Ley Quinta de 1992<\/strong>, que faculta la apelaci\u00f3n de decisiones tomadas en las comisiones, luego la plenaria decidir\u00e1 si acoge o no la apelaci\u00f3n. Las probabilidades de que la reforma a la salud sea revivida son inciertas, en caso de que la apelaci\u00f3n sea rechazada, se deber\u00e1 presentar un nuevo proyecto de ley en la pr\u00f3xima legislatura.<\/p>\n","protected":false},"excerpt":{"rendered":"<p>Luego del hundimiento de la reforma a la salud del Gobierno Nacional, senadores del Pacto Hist\u00f3rico han presentado un recurso de apelaci\u00f3n ante la Presidencia del Senado que tiene como prop\u00f3sito revivir el proyecto. Esta medida se origina luego de que la ponencia negativa lograra mayor\u00edas, causando el archivo del proyecto de ley. Respaldado por [&hellip;]<\/p>\n","protected":false},"author":1,"featured_media":70879204202,"comment_status":"open","ping_status":"open","sticky":false,"template":"","format":"standard","meta":{"footnotes":""},"categories":[94],"tags":[],"class_list":["post-70879204200","post","type-post","status-publish","format-standard","has-post-thumbnail","hentry","category-nacional-global-2"],"yoast_head":"<!-- This site is optimized with the Yoast SEO plugin v27.1.1 - https:\/\/yoast.com\/product\/yoast-seo-wordpress\/ -->\n<title>Senadores del Pacto Hist\u00f3rico apelan a \u00faltimo recurso por revivir Reforma a la Salud | P\u00e1gina10<\/title>\n<meta name=\"robots\" content=\"index, follow, max-snippet:-1, max-image-preview:large, max-video-preview:-1\" \/>\n<link rel=\"canonical\" href=\"https:\/\/pagina10.com\/web\/senadores-del-pacto-historico-apelan-a-ultimo-recurso-por-revivir-reforma-a-la-salud\/\" \/>\n<meta property=\"og:locale\" content=\"es_ES\" \/>\n<meta property=\"og:type\" content=\"article\" \/>\n<meta property=\"og:title\" content=\"Senadores del Pacto Hist\u00f3rico apelan a \u00faltimo recurso por revivir Reforma a la Salud | P\u00e1gina10\" \/>\n<meta property=\"og:description\" content=\"Luego del hundimiento de la reforma a la salud del Gobierno Nacional, senadores del Pacto Hist\u00f3rico han presentado un recurso de apelaci\u00f3n ante la Presidencia del Senado que tiene como prop\u00f3sito revivir el proyecto. Esta medida se origina luego de que la ponencia negativa lograra mayor\u00edas, causando el archivo del proyecto de ley. Respaldado por [&hellip;]\" \/>\n<meta property=\"og:url\" content=\"https:\/\/pagina10.com\/web\/senadores-del-pacto-historico-apelan-a-ultimo-recurso-por-revivir-reforma-a-la-salud\/\" \/>\n<meta property=\"og:site_name\" content=\"P\u00e1gina10\" \/>\n<meta property=\"article:publisher\" content=\"https:\/\/www.facebook.com\/pag10com\" \/>\n<meta property=\"article:published_time\" content=\"2024-04-05T17:58:25+00:00\" \/>\n<meta property=\"article:modified_time\" content=\"2024-04-05T18:06:45+00:00\" \/>\n<meta property=\"og:image\" content=\"https:\/\/pagina10.com\/web\/wp-content\/uploads\/2024\/04\/reforma-a-la-salud.png\" \/>\n\t<meta property=\"og:image:width\" content=\"774\" \/>\n\t<meta property=\"og:image:height\" content=\"512\" \/>\n\t<meta property=\"og:image:type\" content=\"image\/png\" \/>\n<meta name=\"author\" content=\"P\u00e1gina 10\" \/>\n<meta name=\"twitter:card\" content=\"summary_large_image\" \/>\n<meta name=\"twitter:creator\" content=\"@Pag10com\" \/>\n<meta name=\"twitter:site\" content=\"@Pag10com\" \/>\n<meta name=\"twitter:label1\" content=\"Escrito por\" \/>\n\t<meta name=\"twitter:data1\" content=\"P\u00e1gina 10\" \/>\n\t<meta name=\"twitter:label2\" content=\"Tiempo de lectura\" \/>\n\t<meta name=\"twitter:data2\" content=\"1 minuto\" \/>\n<script type=\"application\/ld+json\" class=\"yoast-schema-graph\">{\"@context\":\"https:\/\/schema.org\",\"@graph\":[{\"@type\":\"Article\",\"@id\":\"https:\/\/pagina10.com\/web\/senadores-del-pacto-historico-apelan-a-ultimo-recurso-por-revivir-reforma-a-la-salud\/#article\",\"isPartOf\":{\"@id\":\"https:\/\/pagina10.com\/web\/senadores-del-pacto-historico-apelan-a-ultimo-recurso-por-revivir-reforma-a-la-salud\/\"},\"author\":{\"name\":\"P\u00e1gina 10\",\"@id\":\"https:\/\/pagina10.com\/web\/#\/schema\/person\/2efc4a090d25b667d3bc796798a3a81b\"},\"headline\":\"Senadores del Pacto Hist\u00f3rico apelan a \u00faltimo recurso por revivir Reforma a la Salud\",\"datePublished\":\"2024-04-05T17:58:25+00:00\",\"dateModified\":\"2024-04-05T18:06:45+00:00\",\"mainEntityOfPage\":{\"@id\":\"https:\/\/pagina10.com\/web\/senadores-del-pacto-historico-apelan-a-ultimo-recurso-por-revivir-reforma-a-la-salud\/\"},\"wordCount\":199,\"commentCount\":0,\"publisher\":{\"@id\":\"https:\/\/pagina10.com\/web\/#organization\"},\"image\":{\"@id\":\"https:\/\/pagina10.com\/web\/senadores-del-pacto-historico-apelan-a-ultimo-recurso-por-revivir-reforma-a-la-salud\/#primaryimage\"},\"thumbnailUrl\":\"https:\/\/pagina10.com\/web\/wp-content\/uploads\/2024\/04\/reforma-a-la-salud.png\",\"articleSection\":[\"Nacional\"],\"inLanguage\":\"es\",\"potentialAction\":[{\"@type\":\"CommentAction\",\"name\":\"Comment\",\"target\":[\"https:\/\/pagina10.com\/web\/senadores-del-pacto-historico-apelan-a-ultimo-recurso-por-revivir-reforma-a-la-salud\/#respond\"]}]},{\"@type\":\"WebPage\",\"@id\":\"https:\/\/pagina10.com\/web\/senadores-del-pacto-historico-apelan-a-ultimo-recurso-por-revivir-reforma-a-la-salud\/\",\"url\":\"https:\/\/pagina10.com\/web\/senadores-del-pacto-historico-apelan-a-ultimo-recurso-por-revivir-reforma-a-la-salud\/\",\"name\":\"Senadores del Pacto Hist\u00f3rico apelan a \u00faltimo recurso por revivir Reforma a la Salud | P\u00e1gina10\",\"isPartOf\":{\"@id\":\"https:\/\/pagina10.com\/web\/#website\"},\"primaryImageOfPage\":{\"@id\":\"https:\/\/pagina10.com\/web\/senadores-del-pacto-historico-apelan-a-ultimo-recurso-por-revivir-reforma-a-la-salud\/#primaryimage\"},\"image\":{\"@id\":\"https:\/\/pagina10.com\/web\/senadores-del-pacto-historico-apelan-a-ultimo-recurso-por-revivir-reforma-a-la-salud\/#primaryimage\"},\"thumbnailUrl\":\"https:\/\/pagina10.com\/web\/wp-content\/uploads\/2024\/04\/reforma-a-la-salud.png\",\"datePublished\":\"2024-04-05T17:58:25+00:00\",\"dateModified\":\"2024-04-05T18:06:45+00:00\",\"breadcrumb\":{\"@id\":\"https:\/\/pagina10.com\/web\/senadores-del-pacto-historico-apelan-a-ultimo-recurso-por-revivir-reforma-a-la-salud\/#breadcrumb\"},\"inLanguage\":\"es\",\"potentialAction\":[{\"@type\":\"ReadAction\",\"target\":[\"https:\/\/pagina10.com\/web\/senadores-del-pacto-historico-apelan-a-ultimo-recurso-por-revivir-reforma-a-la-salud\/\"]}]},{\"@type\":\"ImageObject\",\"inLanguage\":\"es\",\"@id\":\"https:\/\/pagina10.com\/web\/senadores-del-pacto-historico-apelan-a-ultimo-recurso-por-revivir-reforma-a-la-salud\/#primaryimage\",\"url\":\"https:\/\/pagina10.com\/web\/wp-content\/uploads\/2024\/04\/reforma-a-la-salud.png\",\"contentUrl\":\"https:\/\/pagina10.com\/web\/wp-content\/uploads\/2024\/04\/reforma-a-la-salud.png\",\"width\":774,\"height\":512},{\"@type\":\"BreadcrumbList\",\"@id\":\"https:\/\/pagina10.com\/web\/senadores-del-pacto-historico-apelan-a-ultimo-recurso-por-revivir-reforma-a-la-salud\/#breadcrumb\",\"itemListElement\":[{\"@type\":\"ListItem\",\"position\":1,\"name\":\"Portada\",\"item\":\"https:\/\/pagina10.com\/web\/\"},{\"@type\":\"ListItem\",\"position\":2,\"name\":\"Senadores del Pacto Hist\u00f3rico apelan a \u00faltimo recurso por revivir Reforma a la Salud\"}]},{\"@type\":\"WebSite\",\"@id\":\"https:\/\/pagina10.com\/web\/#website\",\"url\":\"https:\/\/pagina10.com\/web\/\",\"name\":\"P\u00e1gina10\",\"description\":\"Peri\u00f3dico Regional\",\"publisher\":{\"@id\":\"https:\/\/pagina10.com\/web\/#organization\"},\"alternateName\":\"P\u00e1gina10 Peri\u00f3dico Regional\",\"potentialAction\":[{\"@type\":\"SearchAction\",\"target\":{\"@type\":\"EntryPoint\",\"urlTemplate\":\"https:\/\/pagina10.com\/web\/?s={search_term_string}\"},\"query-input\":{\"@type\":\"PropertyValueSpecification\",\"valueRequired\":true,\"valueName\":\"search_term_string\"}}],\"inLanguage\":\"es\"},{\"@type\":\"Organization\",\"@id\":\"https:\/\/pagina10.com\/web\/#organization\",\"name\":\"P\u00e1gina10\",\"alternateName\":\"P\u00e1gina10 Peri\u00f3dico Regional\",\"url\":\"https:\/\/pagina10.com\/web\/\",\"logo\":{\"@type\":\"ImageObject\",\"inLanguage\":\"es\",\"@id\":\"https:\/\/pagina10.com\/web\/#\/schema\/logo\/image\/\",\"url\":\"https:\/\/pagina10.com\/web\/wp-content\/uploads\/2024\/01\/40-pagina-10-periodico-regional-pasto.jpg\",\"contentUrl\":\"https:\/\/pagina10.com\/web\/wp-content\/uploads\/2024\/01\/40-pagina-10-periodico-regional-pasto.jpg\",\"width\":1280,\"height\":720,\"caption\":\"P\u00e1gina10\"},\"image\":{\"@id\":\"https:\/\/pagina10.com\/web\/#\/schema\/logo\/image\/\"},\"sameAs\":[\"https:\/\/www.facebook.com\/pag10com\",\"https:\/\/x.com\/Pag10com\",\"https:\/\/www.instagram.com\/pagina10col\/\",\"https:\/\/youtube.com\/channel\/pag10\",\"https:\/\/www.tiktok.com\/@p10col\"]},{\"@type\":\"Person\",\"@id\":\"https:\/\/pagina10.com\/web\/#\/schema\/person\/2efc4a090d25b667d3bc796798a3a81b\",\"name\":\"P\u00e1gina 10\",\"description\":\"P\u00e1gina 10 es un peri\u00f3dico regional que nace en Colombia, en el departamento de Nari\u00f1o, con un enfoque global, fundamentado en cuatro pilares esenciales: la libertad, el pluralismo, la inclusi\u00f3n y la independencia. P\u00e1gina 10 hace referencia a Nari\u00f1o como el d\u00e9cimo departamento creado en Colombia, despu\u00e9s de un proceso pol\u00edtico liderado por actores y actrices regionales con el fin de obtener la independencia y autonom\u00eda de nuestros territorios. Con la creaci\u00f3n de P\u00e1gina 10 se pretende abrir un escenario para el dialogo, la reflexi\u00f3n y el debate que se extienda a otras geograf\u00edas de Am\u00e9rica Latina y del planeta, en una apuesta por transformar colectivamente los desaf\u00edos de un mundo contempor\u00e1neo, m\u00e1s all\u00e1 de las fronteras impuestas.\",\"url\":\"https:\/\/pagina10.com\/web\/author\/pdiezadmin\/\"}]}<\/script>\n<!-- \/ Yoast SEO plugin. -->","yoast_head_json":{"title":"Senadores del Pacto Hist\u00f3rico apelan a \u00faltimo recurso por revivir Reforma a la Salud | P\u00e1gina10","robots":{"index":"index","follow":"follow","max-snippet":"max-snippet:-1","max-image-preview":"max-image-preview:large","max-video-preview":"max-video-preview:-1"},"canonical":"https:\/\/pagina10.com\/web\/senadores-del-pacto-historico-apelan-a-ultimo-recurso-por-revivir-reforma-a-la-salud\/","og_locale":"es_ES","og_type":"article","og_title":"Senadores del Pacto Hist\u00f3rico apelan a \u00faltimo recurso por revivir Reforma a la Salud | P\u00e1gina10","og_description":"Luego del hundimiento de la reforma a la salud del Gobierno Nacional, senadores del Pacto Hist\u00f3rico han presentado un recurso de apelaci\u00f3n ante la Presidencia del Senado que tiene como prop\u00f3sito revivir el proyecto. Esta medida se origina luego de que la ponencia negativa lograra mayor\u00edas, causando el archivo del proyecto de ley. Respaldado por [&hellip;]","og_url":"https:\/\/pagina10.com\/web\/senadores-del-pacto-historico-apelan-a-ultimo-recurso-por-revivir-reforma-a-la-salud\/","og_site_name":"P\u00e1gina10","article_publisher":"https:\/\/www.facebook.com\/pag10com","article_published_time":"2024-04-05T17:58:25+00:00","article_modified_time":"2024-04-05T18:06:45+00:00","og_image":[{"width":774,"height":512,"url":"https:\/\/pagina10.com\/web\/wp-content\/uploads\/2024\/04\/reforma-a-la-salud.png","type":"image\/png"}],"author":"P\u00e1gina 10","twitter_card":"summary_large_image","twitter_creator":"@Pag10com","twitter_site":"@Pag10com","twitter_misc":{"Escrito por":"P\u00e1gina 10","Tiempo de lectura":"1 minuto"},"schema":{"@context":"https:\/\/schema.org","@graph":[{"@type":"Article","@id":"https:\/\/pagina10.com\/web\/senadores-del-pacto-historico-apelan-a-ultimo-recurso-por-revivir-reforma-a-la-salud\/#article","isPartOf":{"@id":"https:\/\/pagina10.com\/web\/senadores-del-pacto-historico-apelan-a-ultimo-recurso-por-revivir-reforma-a-la-salud\/"},"author":{"name":"P\u00e1gina 10","@id":"https:\/\/pagina10.com\/web\/#\/schema\/person\/2efc4a090d25b667d3bc796798a3a81b"},"headline":"Senadores del Pacto Hist\u00f3rico apelan a \u00faltimo recurso por revivir Reforma a la Salud","datePublished":"2024-04-05T17:58:25+00:00","dateModified":"2024-04-05T18:06:45+00:00","mainEntityOfPage":{"@id":"https:\/\/pagina10.com\/web\/senadores-del-pacto-historico-apelan-a-ultimo-recurso-por-revivir-reforma-a-la-salud\/"},"wordCount":199,"commentCount":0,"publisher":{"@id":"https:\/\/pagina10.com\/web\/#organization"},"image":{"@id":"https:\/\/pagina10.com\/web\/senadores-del-pacto-historico-apelan-a-ultimo-recurso-por-revivir-reforma-a-la-salud\/#primaryimage"},"thumbnailUrl":"https:\/\/pagina10.com\/web\/wp-content\/uploads\/2024\/04\/reforma-a-la-salud.png","articleSection":["Nacional"],"inLanguage":"es","potentialAction":[{"@type":"CommentAction","name":"Comment","target":["https:\/\/pagina10.com\/web\/senadores-del-pacto-historico-apelan-a-ultimo-recurso-por-revivir-reforma-a-la-salud\/#respond"]}]},{"@type":"WebPage","@id":"https:\/\/pagina10.com\/web\/senadores-del-pacto-historico-apelan-a-ultimo-recurso-por-revivir-reforma-a-la-salud\/","url":"https:\/\/pagina10.com\/web\/senadores-del-pacto-historico-apelan-a-ultimo-recurso-por-revivir-reforma-a-la-salud\/","name":"Senadores del Pacto Hist\u00f3rico apelan a \u00faltimo recurso por revivir Reforma a la Salud | P\u00e1gina10","isPartOf":{"@id":"https:\/\/pagina10.com\/web\/#website"},"primaryImageOfPage":{"@id":"https:\/\/pagina10.com\/web\/senadores-del-pacto-historico-apelan-a-ultimo-recurso-por-revivir-reforma-a-la-salud\/#primaryimage"},"image":{"@id":"https:\/\/pagina10.com\/web\/senadores-del-pacto-historico-apelan-a-ultimo-recurso-por-revivir-reforma-a-la-salud\/#primaryimage"},"thumbnailUrl":"https:\/\/pagina10.com\/web\/wp-content\/uploads\/2024\/04\/reforma-a-la-salud.png","datePublished":"2024-04-05T17:58:25+00:00","dateModified":"2024-04-05T18:06:45+00:00","breadcrumb":{"@id":"https:\/\/pagina10.com\/web\/senadores-del-pacto-historico-apelan-a-ultimo-recurso-por-revivir-reforma-a-la-salud\/#breadcrumb"},"inLanguage":"es","potentialAction":[{"@type":"ReadAction","target":["https:\/\/pagina10.com\/web\/senadores-del-pacto-historico-apelan-a-ultimo-recurso-por-revivir-reforma-a-la-salud\/"]}]},{"@type":"ImageObject","inLanguage":"es","@id":"https:\/\/pagina10.com\/web\/senadores-del-pacto-historico-apelan-a-ultimo-recurso-por-revivir-reforma-a-la-salud\/#primaryimage","url":"https:\/\/pagina10.com\/web\/wp-content\/uploads\/2024\/04\/reforma-a-la-salud.png","contentUrl":"https:\/\/pagina10.com\/web\/wp-content\/uploads\/2024\/04\/reforma-a-la-salud.png","width":774,"height":512},{"@type":"BreadcrumbList","@id":"https:\/\/pagina10.com\/web\/senadores-del-pacto-historico-apelan-a-ultimo-recurso-por-revivir-reforma-a-la-salud\/#breadcrumb","itemListElement":[{"@type":"ListItem","position":1,"name":"Portada","item":"https:\/\/pagina10.com\/web\/"},{"@type":"ListItem","position":2,"name":"Senadores del Pacto Hist\u00f3rico apelan a \u00faltimo recurso por revivir Reforma a la Salud"}]},{"@type":"WebSite","@id":"https:\/\/pagina10.com\/web\/#website","url":"https:\/\/pagina10.com\/web\/","name":"P\u00e1gina10","description":"Peri\u00f3dico Regional","publisher":{"@id":"https:\/\/pagina10.com\/web\/#organization"},"alternateName":"P\u00e1gina10 Peri\u00f3dico Regional","potentialAction":[{"@type":"SearchAction","target":{"@type":"EntryPoint","urlTemplate":"https:\/\/pagina10.com\/web\/?s={search_term_string}"},"query-input":{"@type":"PropertyValueSpecification","valueRequired":true,"valueName":"search_term_string"}}],"inLanguage":"es"},{"@type":"Organization","@id":"https:\/\/pagina10.com\/web\/#organization","name":"P\u00e1gina10","alternateName":"P\u00e1gina10 Peri\u00f3dico Regional","url":"https:\/\/pagina10.com\/web\/","logo":{"@type":"ImageObject","inLanguage":"es","@id":"https:\/\/pagina10.com\/web\/#\/schema\/logo\/image\/","url":"https:\/\/pagina10.com\/web\/wp-content\/uploads\/2024\/01\/40-pagina-10-periodico-regional-pasto.jpg","contentUrl":"https:\/\/pagina10.com\/web\/wp-content\/uploads\/2024\/01\/40-pagina-10-periodico-regional-pasto.jpg","width":1280,"height":720,"caption":"P\u00e1gina10"},"image":{"@id":"https:\/\/pagina10.com\/web\/#\/schema\/logo\/image\/"},"sameAs":["https:\/\/www.facebook.com\/pag10com","https:\/\/x.com\/Pag10com","https:\/\/www.instagram.com\/pagina10col\/","https:\/\/youtube.com\/channel\/pag10","https:\/\/www.tiktok.com\/@p10col"]},{"@type":"Person","@id":"https:\/\/pagina10.com\/web\/#\/schema\/person\/2efc4a090d25b667d3bc796798a3a81b","name":"P\u00e1gina 10","description":"P\u00e1gina 10 es un peri\u00f3dico regional que nace en Colombia, en el departamento de Nari\u00f1o, con un enfoque global, fundamentado en cuatro pilares esenciales: la libertad, el pluralismo, la inclusi\u00f3n y la independencia. P\u00e1gina 10 hace referencia a Nari\u00f1o como el d\u00e9cimo departamento creado en Colombia, despu\u00e9s de un proceso pol\u00edtico liderado por actores y actrices regionales con el fin de obtener la independencia y autonom\u00eda de nuestros territorios. Con la creaci\u00f3n de P\u00e1gina 10 se pretende abrir un escenario para el dialogo, la reflexi\u00f3n y el debate que se extienda a otras geograf\u00edas de Am\u00e9rica Latina y del planeta, en una apuesta por transformar colectivamente los desaf\u00edos de un mundo contempor\u00e1neo, m\u00e1s all\u00e1 de las fronteras impuestas.","url":"https:\/\/pagina10.com\/web\/author\/pdiezadmin\/"}]}},"_links":{"self":[{"href":"https:\/\/pagina10.com\/web\/wp-json\/wp\/v2\/posts\/70879204200","targetHints":{"allow":["GET"]}}],"collection":[{"href":"https:\/\/pagina10.com\/web\/wp-json\/wp\/v2\/posts"}],"about":[{"href":"https:\/\/pagina10.com\/web\/wp-json\/wp\/v2\/types\/post"}],"author":[{"embeddable":true,"href":"https:\/\/pagina10.com\/web\/wp-json\/wp\/v2\/users\/1"}],"replies":[{"embeddable":true,"href":"https:\/\/pagina10.com\/web\/wp-json\/wp\/v2\/comments?post=70879204200"}],"version-history":[{"count":3,"href":"https:\/\/pagina10.com\/web\/wp-json\/wp\/v2\/posts\/70879204200\/revisions"}],"predecessor-version":[{"id":70879204208,"href":"https:\/\/pagina10.com\/web\/wp-json\/wp\/v2\/posts\/70879204200\/revisions\/70879204208"}],"wp:featuredmedia":[{"embeddable":true,"href":"https:\/\/pagina10.com\/web\/wp-json\/wp\/v2\/media\/70879204202"}],"wp:attachment":[{"href":"https:\/\/pagina10.com\/web\/wp-json\/wp\/v2\/media?parent=70879204200"}],"wp:term":[{"taxonomy":"category","embeddable":true,"href":"https:\/\/pagina10.com\/web\/wp-json\/wp\/v2\/categories?post=70879204200"},{"taxonomy":"post_tag","embeddable":true,"href":"https:\/\/pagina10.com\/web\/wp-json\/wp\/v2\/tags?post=70879204200"}],"curies":[{"name":"wp","href":"https:\/\/api.w.org\/{rel}","templated":true}]}}