{"id":70879204380,"date":"2024-04-13T19:14:34","date_gmt":"2024-04-14T00:14:34","guid":{"rendered":"https:\/\/pagina10.com\/web\/?p=70879204380"},"modified":"2024-04-14T21:21:07","modified_gmt":"2024-04-15T02:21:07","slug":"petro-le-incumplio-la-doble-calzada-a-narino","status":"publish","type":"post","link":"https:\/\/pagina10.com\/web\/petro-le-incumplio-la-doble-calzada-a-narino\/","title":{"rendered":"Dejaron de soplar los vientos del sur: Petro le incumpli\u00f3 la doble calzada a Nari\u00f1o"},"content":{"rendered":"<p style=\"text-align: justify;\">En medio de un debate de Control Pol\u00edtico la Senadora Liliana Benavides Solarte, del partido Conservador, hizo eco de la creciente preocupaci\u00f3n ciudadana sobre el desarrollo de la obra Rumichaca &#8211; Popay\u00e1n y la falta de un marco fiscal que proteja estas intervenciones viales fundamentales para el departamento de Nari\u00f1o. <a href=\"https:\/\/twitter.com\/lilianabsenado\/status\/1778761031499591945?s=48&amp;t=TKPcjEGgf8Gya5A6bgBU-Q\">En su intervenci\u00f3n expres\u00f3<\/a> su inquietud ante el pronunciamiento del gobierno sobre la falta de recursos para llevar a cabo esta infraestructura de vital importancia.<\/p>\n<p style=\"text-align: justify;\">En su intervenci\u00f3n, <strong>la senadora destac\u00f3 la necesidad urgente que tiene el pueblo nari\u00f1ense de la doble calzada Rumichaca &#8211; Popay\u00e1n<\/strong>, por los m\u00faltiples beneficios que esta obra brindar\u00eda, como mayores oportunidades econ\u00f3micas y reducci\u00f3n de la violencia asociada a la econom\u00eda il\u00edcita. Lament\u00f3 la espera y los fracasos en los estudios previos en este proyecto tan esperado por la comunidad.<\/p>\n<p style=\"text-align: justify;\"><strong>La respuesta del gobierno lleg\u00f3 de la mano de Mar\u00eda Constanza Garc\u00eda<\/strong>, directora general del Instituto Nacional de V\u00edas (INVIAS), quien subray\u00f3 la necesidad de contar con un marco fiscal adecuado para materializarlos, marco con el que no cuenta actualmente el gobierno nacional. Garc\u00eda se\u00f1al\u00f3 que los cupos fiscales est\u00e1n al l\u00edmite, lo que entorpece la asignaci\u00f3n de recursos para dichas intervenciones.<\/p>\n<p style=\"text-align: justify;\">Ante estas afirmaciones, <strong><a href=\"https:\/\/twitter.com\/lilianabsenado\/status\/1778761031499591945?s=48&amp;t=TKPcjEGgf8Gya5A6bgBU-Q\">Benavides cuestion\u00f3 las promesas hechas por Petro<\/a> sobre la doble calzada, sabiendo que no hay un marco fiscal disponible<\/strong>, dejando entrever la incertidumbre de la viabilidad y la concreci\u00f3n de proyectos viales trascendentales.<a href=\"https:\/\/twitter.com\/lilianabsenado\/status\/1778761031499591945?s=48&amp;t=TKPcjEGgf8Gya5A6bgBU-Q\"><img fetchpriority=\"high\" decoding=\"async\" class=\"aligncenter wp-image-70879204400\" src=\"https:\/\/pagina10.com\/web\/wp-content\/uploads\/2024\/04\/IMG_20240414_211513-541x1024.jpg\" alt=\"\" width=\"351\" height=\"665\" srcset=\"https:\/\/pagina10.com\/web\/wp-content\/uploads\/2024\/04\/IMG_20240414_211513-541x1024.jpg 541w, https:\/\/pagina10.com\/web\/wp-content\/uploads\/2024\/04\/IMG_20240414_211513-159x300.jpg 159w, https:\/\/pagina10.com\/web\/wp-content\/uploads\/2024\/04\/IMG_20240414_211513-768x1454.jpg 768w, https:\/\/pagina10.com\/web\/wp-content\/uploads\/2024\/04\/IMG_20240414_211513-812x1536.jpg 812w, https:\/\/pagina10.com\/web\/wp-content\/uploads\/2024\/04\/IMG_20240414_211513-600x1136.jpg 600w, https:\/\/pagina10.com\/web\/wp-content\/uploads\/2024\/04\/IMG_20240414_211513-750x1419.jpg 750w, https:\/\/pagina10.com\/web\/wp-content\/uploads\/2024\/04\/IMG_20240414_211513.jpg 1080w\" sizes=\"(max-width: 351px) 100vw, 351px\" \/><\/a><\/p>\n<p><strong>Fuente:<\/strong> <a href=\"https:\/\/twitter.com\/lilianabsenado\/status\/1778761031499591945?s=48&amp;t=TKPcjEGgf8Gya5A6bgBU-Q\">https:\/\/twitter.com\/lilianabsenado\/status\/1778761031499591945?s=48&amp;t=TKPcjEGgf8Gya5A6bgBU-Q<\/a><\/p>\n","protected":false},"excerpt":{"rendered":"<p>En medio de un debate de Control Pol\u00edtico la Senadora Liliana Benavides Solarte, del partido Conservador, hizo eco de la creciente preocupaci\u00f3n ciudadana sobre el desarrollo de la obra Rumichaca &#8211; Popay\u00e1n y la falta de un marco fiscal que proteja estas intervenciones viales fundamentales para el departamento de Nari\u00f1o. En su intervenci\u00f3n expres\u00f3 su [&hellip;]<\/p>\n","protected":false},"author":1,"featured_media":70879204386,"comment_status":"open","ping_status":"open","sticky":false,"template":"","format":"standard","meta":{"footnotes":""},"categories":[14],"tags":[],"class_list":["post-70879204380","post","type-post","status-publish","format-standard","has-post-thumbnail","hentry","category-narino-actual"],"yoast_head":"<!-- This site is optimized with the Yoast SEO plugin v27.1.1 - https:\/\/yoast.com\/product\/yoast-seo-wordpress\/ -->\n<title>Dejaron de soplar los vientos del sur: Petro le incumpli\u00f3 la doble calzada a Nari\u00f1o | P\u00e1gina10<\/title>\n<meta name=\"robots\" content=\"index, follow, max-snippet:-1, max-image-preview:large, max-video-preview:-1\" \/>\n<link rel=\"canonical\" href=\"https:\/\/pagina10.com\/web\/petro-le-incumplio-la-doble-calzada-a-narino\/\" \/>\n<meta property=\"og:locale\" content=\"es_ES\" \/>\n<meta property=\"og:type\" content=\"article\" \/>\n<meta property=\"og:title\" content=\"Dejaron de soplar los vientos del sur: Petro le incumpli\u00f3 la doble calzada a Nari\u00f1o | P\u00e1gina10\" \/>\n<meta property=\"og:description\" content=\"En medio de un debate de Control Pol\u00edtico la Senadora Liliana Benavides Solarte, del partido Conservador, hizo eco de la creciente preocupaci\u00f3n ciudadana sobre el desarrollo de la obra Rumichaca &#8211; Popay\u00e1n y la falta de un marco fiscal que proteja estas intervenciones viales fundamentales para el departamento de Nari\u00f1o. En su intervenci\u00f3n expres\u00f3 su [&hellip;]\" \/>\n<meta property=\"og:url\" content=\"https:\/\/pagina10.com\/web\/petro-le-incumplio-la-doble-calzada-a-narino\/\" \/>\n<meta property=\"og:site_name\" content=\"P\u00e1gina10\" \/>\n<meta property=\"article:publisher\" content=\"https:\/\/www.facebook.com\/pag10com\" \/>\n<meta property=\"article:published_time\" content=\"2024-04-14T00:14:34+00:00\" \/>\n<meta property=\"article:modified_time\" content=\"2024-04-15T02:21:07+00:00\" \/>\n<meta property=\"og:image\" content=\"https:\/\/pagina10.com\/web\/wp-content\/uploads\/2024\/04\/FunPic_20240413_204410929.jpg\" \/>\n\t<meta property=\"og:image:width\" content=\"1920\" \/>\n\t<meta property=\"og:image:height\" content=\"1280\" \/>\n\t<meta property=\"og:image:type\" content=\"image\/jpeg\" \/>\n<meta name=\"author\" content=\"P\u00e1gina 10\" \/>\n<meta name=\"twitter:card\" content=\"summary_large_image\" \/>\n<meta name=\"twitter:creator\" content=\"@Pag10com\" \/>\n<meta name=\"twitter:site\" content=\"@Pag10com\" \/>\n<meta name=\"twitter:label1\" content=\"Escrito por\" \/>\n\t<meta name=\"twitter:data1\" content=\"P\u00e1gina 10\" \/>\n\t<meta name=\"twitter:label2\" content=\"Tiempo de lectura\" \/>\n\t<meta name=\"twitter:data2\" content=\"2 minutos\" \/>\n<script type=\"application\/ld+json\" class=\"yoast-schema-graph\">{\"@context\":\"https:\/\/schema.org\",\"@graph\":[{\"@type\":\"Article\",\"@id\":\"https:\/\/pagina10.com\/web\/petro-le-incumplio-la-doble-calzada-a-narino\/#article\",\"isPartOf\":{\"@id\":\"https:\/\/pagina10.com\/web\/petro-le-incumplio-la-doble-calzada-a-narino\/\"},\"author\":{\"name\":\"P\u00e1gina 10\",\"@id\":\"https:\/\/pagina10.com\/web\/#\/schema\/person\/2efc4a090d25b667d3bc796798a3a81b\"},\"headline\":\"Dejaron de soplar los vientos del sur: Petro le incumpli\u00f3 la doble calzada a Nari\u00f1o\",\"datePublished\":\"2024-04-14T00:14:34+00:00\",\"dateModified\":\"2024-04-15T02:21:07+00:00\",\"mainEntityOfPage\":{\"@id\":\"https:\/\/pagina10.com\/web\/petro-le-incumplio-la-doble-calzada-a-narino\/\"},\"wordCount\":286,\"commentCount\":0,\"publisher\":{\"@id\":\"https:\/\/pagina10.com\/web\/#organization\"},\"image\":{\"@id\":\"https:\/\/pagina10.com\/web\/petro-le-incumplio-la-doble-calzada-a-narino\/#primaryimage\"},\"thumbnailUrl\":\"https:\/\/pagina10.com\/web\/wp-content\/uploads\/2024\/04\/FunPic_20240413_204410929.jpg\",\"articleSection\":[\"Nari\u00f1o Actual\"],\"inLanguage\":\"es\",\"potentialAction\":[{\"@type\":\"CommentAction\",\"name\":\"Comment\",\"target\":[\"https:\/\/pagina10.com\/web\/petro-le-incumplio-la-doble-calzada-a-narino\/#respond\"]}]},{\"@type\":\"WebPage\",\"@id\":\"https:\/\/pagina10.com\/web\/petro-le-incumplio-la-doble-calzada-a-narino\/\",\"url\":\"https:\/\/pagina10.com\/web\/petro-le-incumplio-la-doble-calzada-a-narino\/\",\"name\":\"Dejaron de soplar los vientos del sur: Petro le incumpli\u00f3 la doble calzada a Nari\u00f1o | P\u00e1gina10\",\"isPartOf\":{\"@id\":\"https:\/\/pagina10.com\/web\/#website\"},\"primaryImageOfPage\":{\"@id\":\"https:\/\/pagina10.com\/web\/petro-le-incumplio-la-doble-calzada-a-narino\/#primaryimage\"},\"image\":{\"@id\":\"https:\/\/pagina10.com\/web\/petro-le-incumplio-la-doble-calzada-a-narino\/#primaryimage\"},\"thumbnailUrl\":\"https:\/\/pagina10.com\/web\/wp-content\/uploads\/2024\/04\/FunPic_20240413_204410929.jpg\",\"datePublished\":\"2024-04-14T00:14:34+00:00\",\"dateModified\":\"2024-04-15T02:21:07+00:00\",\"breadcrumb\":{\"@id\":\"https:\/\/pagina10.com\/web\/petro-le-incumplio-la-doble-calzada-a-narino\/#breadcrumb\"},\"inLanguage\":\"es\",\"potentialAction\":[{\"@type\":\"ReadAction\",\"target\":[\"https:\/\/pagina10.com\/web\/petro-le-incumplio-la-doble-calzada-a-narino\/\"]}]},{\"@type\":\"ImageObject\",\"inLanguage\":\"es\",\"@id\":\"https:\/\/pagina10.com\/web\/petro-le-incumplio-la-doble-calzada-a-narino\/#primaryimage\",\"url\":\"https:\/\/pagina10.com\/web\/wp-content\/uploads\/2024\/04\/FunPic_20240413_204410929.jpg\",\"contentUrl\":\"https:\/\/pagina10.com\/web\/wp-content\/uploads\/2024\/04\/FunPic_20240413_204410929.jpg\",\"width\":1920,\"height\":1280},{\"@type\":\"BreadcrumbList\",\"@id\":\"https:\/\/pagina10.com\/web\/petro-le-incumplio-la-doble-calzada-a-narino\/#breadcrumb\",\"itemListElement\":[{\"@type\":\"ListItem\",\"position\":1,\"name\":\"Portada\",\"item\":\"https:\/\/pagina10.com\/web\/\"},{\"@type\":\"ListItem\",\"position\":2,\"name\":\"Dejaron de soplar los vientos del sur: Petro le incumpli\u00f3 la doble calzada a Nari\u00f1o\"}]},{\"@type\":\"WebSite\",\"@id\":\"https:\/\/pagina10.com\/web\/#website\",\"url\":\"https:\/\/pagina10.com\/web\/\",\"name\":\"P\u00e1gina10\",\"description\":\"Peri\u00f3dico Regional\",\"publisher\":{\"@id\":\"https:\/\/pagina10.com\/web\/#organization\"},\"alternateName\":\"P\u00e1gina10 Peri\u00f3dico Regional\",\"potentialAction\":[{\"@type\":\"SearchAction\",\"target\":{\"@type\":\"EntryPoint\",\"urlTemplate\":\"https:\/\/pagina10.com\/web\/?s={search_term_string}\"},\"query-input\":{\"@type\":\"PropertyValueSpecification\",\"valueRequired\":true,\"valueName\":\"search_term_string\"}}],\"inLanguage\":\"es\"},{\"@type\":\"Organization\",\"@id\":\"https:\/\/pagina10.com\/web\/#organization\",\"name\":\"P\u00e1gina10\",\"alternateName\":\"P\u00e1gina10 Peri\u00f3dico Regional\",\"url\":\"https:\/\/pagina10.com\/web\/\",\"logo\":{\"@type\":\"ImageObject\",\"inLanguage\":\"es\",\"@id\":\"https:\/\/pagina10.com\/web\/#\/schema\/logo\/image\/\",\"url\":\"https:\/\/pagina10.com\/web\/wp-content\/uploads\/2024\/01\/40-pagina-10-periodico-regional-pasto.jpg\",\"contentUrl\":\"https:\/\/pagina10.com\/web\/wp-content\/uploads\/2024\/01\/40-pagina-10-periodico-regional-pasto.jpg\",\"width\":1280,\"height\":720,\"caption\":\"P\u00e1gina10\"},\"image\":{\"@id\":\"https:\/\/pagina10.com\/web\/#\/schema\/logo\/image\/\"},\"sameAs\":[\"https:\/\/www.facebook.com\/pag10com\",\"https:\/\/x.com\/Pag10com\",\"https:\/\/www.instagram.com\/pagina10col\/\",\"https:\/\/youtube.com\/channel\/pag10\",\"https:\/\/www.tiktok.com\/@p10col\"]},{\"@type\":\"Person\",\"@id\":\"https:\/\/pagina10.com\/web\/#\/schema\/person\/2efc4a090d25b667d3bc796798a3a81b\",\"name\":\"P\u00e1gina 10\",\"description\":\"P\u00e1gina 10 es un peri\u00f3dico regional que nace en Colombia, en el departamento de Nari\u00f1o, con un enfoque global, fundamentado en cuatro pilares esenciales: la libertad, el pluralismo, la inclusi\u00f3n y la independencia. P\u00e1gina 10 hace referencia a Nari\u00f1o como el d\u00e9cimo departamento creado en Colombia, despu\u00e9s de un proceso pol\u00edtico liderado por actores y actrices regionales con el fin de obtener la independencia y autonom\u00eda de nuestros territorios. Con la creaci\u00f3n de P\u00e1gina 10 se pretende abrir un escenario para el dialogo, la reflexi\u00f3n y el debate que se extienda a otras geograf\u00edas de Am\u00e9rica Latina y del planeta, en una apuesta por transformar colectivamente los desaf\u00edos de un mundo contempor\u00e1neo, m\u00e1s all\u00e1 de las fronteras impuestas.\",\"url\":\"https:\/\/pagina10.com\/web\/author\/pdiezadmin\/\"}]}<\/script>\n<!-- \/ Yoast SEO plugin. -->","yoast_head_json":{"title":"Dejaron de soplar los vientos del sur: Petro le incumpli\u00f3 la doble calzada a Nari\u00f1o | P\u00e1gina10","robots":{"index":"index","follow":"follow","max-snippet":"max-snippet:-1","max-image-preview":"max-image-preview:large","max-video-preview":"max-video-preview:-1"},"canonical":"https:\/\/pagina10.com\/web\/petro-le-incumplio-la-doble-calzada-a-narino\/","og_locale":"es_ES","og_type":"article","og_title":"Dejaron de soplar los vientos del sur: Petro le incumpli\u00f3 la doble calzada a Nari\u00f1o | P\u00e1gina10","og_description":"En medio de un debate de Control Pol\u00edtico la Senadora Liliana Benavides Solarte, del partido Conservador, hizo eco de la creciente preocupaci\u00f3n ciudadana sobre el desarrollo de la obra Rumichaca &#8211; Popay\u00e1n y la falta de un marco fiscal que proteja estas intervenciones viales fundamentales para el departamento de Nari\u00f1o. En su intervenci\u00f3n expres\u00f3 su [&hellip;]","og_url":"https:\/\/pagina10.com\/web\/petro-le-incumplio-la-doble-calzada-a-narino\/","og_site_name":"P\u00e1gina10","article_publisher":"https:\/\/www.facebook.com\/pag10com","article_published_time":"2024-04-14T00:14:34+00:00","article_modified_time":"2024-04-15T02:21:07+00:00","og_image":[{"width":1920,"height":1280,"url":"https:\/\/pagina10.com\/web\/wp-content\/uploads\/2024\/04\/FunPic_20240413_204410929.jpg","type":"image\/jpeg"}],"author":"P\u00e1gina 10","twitter_card":"summary_large_image","twitter_creator":"@Pag10com","twitter_site":"@Pag10com","twitter_misc":{"Escrito por":"P\u00e1gina 10","Tiempo de lectura":"2 minutos"},"schema":{"@context":"https:\/\/schema.org","@graph":[{"@type":"Article","@id":"https:\/\/pagina10.com\/web\/petro-le-incumplio-la-doble-calzada-a-narino\/#article","isPartOf":{"@id":"https:\/\/pagina10.com\/web\/petro-le-incumplio-la-doble-calzada-a-narino\/"},"author":{"name":"P\u00e1gina 10","@id":"https:\/\/pagina10.com\/web\/#\/schema\/person\/2efc4a090d25b667d3bc796798a3a81b"},"headline":"Dejaron de soplar los vientos del sur: Petro le incumpli\u00f3 la doble calzada a Nari\u00f1o","datePublished":"2024-04-14T00:14:34+00:00","dateModified":"2024-04-15T02:21:07+00:00","mainEntityOfPage":{"@id":"https:\/\/pagina10.com\/web\/petro-le-incumplio-la-doble-calzada-a-narino\/"},"wordCount":286,"commentCount":0,"publisher":{"@id":"https:\/\/pagina10.com\/web\/#organization"},"image":{"@id":"https:\/\/pagina10.com\/web\/petro-le-incumplio-la-doble-calzada-a-narino\/#primaryimage"},"thumbnailUrl":"https:\/\/pagina10.com\/web\/wp-content\/uploads\/2024\/04\/FunPic_20240413_204410929.jpg","articleSection":["Nari\u00f1o Actual"],"inLanguage":"es","potentialAction":[{"@type":"CommentAction","name":"Comment","target":["https:\/\/pagina10.com\/web\/petro-le-incumplio-la-doble-calzada-a-narino\/#respond"]}]},{"@type":"WebPage","@id":"https:\/\/pagina10.com\/web\/petro-le-incumplio-la-doble-calzada-a-narino\/","url":"https:\/\/pagina10.com\/web\/petro-le-incumplio-la-doble-calzada-a-narino\/","name":"Dejaron de soplar los vientos del sur: Petro le incumpli\u00f3 la doble calzada a Nari\u00f1o | P\u00e1gina10","isPartOf":{"@id":"https:\/\/pagina10.com\/web\/#website"},"primaryImageOfPage":{"@id":"https:\/\/pagina10.com\/web\/petro-le-incumplio-la-doble-calzada-a-narino\/#primaryimage"},"image":{"@id":"https:\/\/pagina10.com\/web\/petro-le-incumplio-la-doble-calzada-a-narino\/#primaryimage"},"thumbnailUrl":"https:\/\/pagina10.com\/web\/wp-content\/uploads\/2024\/04\/FunPic_20240413_204410929.jpg","datePublished":"2024-04-14T00:14:34+00:00","dateModified":"2024-04-15T02:21:07+00:00","breadcrumb":{"@id":"https:\/\/pagina10.com\/web\/petro-le-incumplio-la-doble-calzada-a-narino\/#breadcrumb"},"inLanguage":"es","potentialAction":[{"@type":"ReadAction","target":["https:\/\/pagina10.com\/web\/petro-le-incumplio-la-doble-calzada-a-narino\/"]}]},{"@type":"ImageObject","inLanguage":"es","@id":"https:\/\/pagina10.com\/web\/petro-le-incumplio-la-doble-calzada-a-narino\/#primaryimage","url":"https:\/\/pagina10.com\/web\/wp-content\/uploads\/2024\/04\/FunPic_20240413_204410929.jpg","contentUrl":"https:\/\/pagina10.com\/web\/wp-content\/uploads\/2024\/04\/FunPic_20240413_204410929.jpg","width":1920,"height":1280},{"@type":"BreadcrumbList","@id":"https:\/\/pagina10.com\/web\/petro-le-incumplio-la-doble-calzada-a-narino\/#breadcrumb","itemListElement":[{"@type":"ListItem","position":1,"name":"Portada","item":"https:\/\/pagina10.com\/web\/"},{"@type":"ListItem","position":2,"name":"Dejaron de soplar los vientos del sur: Petro le incumpli\u00f3 la doble calzada a Nari\u00f1o"}]},{"@type":"WebSite","@id":"https:\/\/pagina10.com\/web\/#website","url":"https:\/\/pagina10.com\/web\/","name":"P\u00e1gina10","description":"Peri\u00f3dico Regional","publisher":{"@id":"https:\/\/pagina10.com\/web\/#organization"},"alternateName":"P\u00e1gina10 Peri\u00f3dico Regional","potentialAction":[{"@type":"SearchAction","target":{"@type":"EntryPoint","urlTemplate":"https:\/\/pagina10.com\/web\/?s={search_term_string}"},"query-input":{"@type":"PropertyValueSpecification","valueRequired":true,"valueName":"search_term_string"}}],"inLanguage":"es"},{"@type":"Organization","@id":"https:\/\/pagina10.com\/web\/#organization","name":"P\u00e1gina10","alternateName":"P\u00e1gina10 Peri\u00f3dico Regional","url":"https:\/\/pagina10.com\/web\/","logo":{"@type":"ImageObject","inLanguage":"es","@id":"https:\/\/pagina10.com\/web\/#\/schema\/logo\/image\/","url":"https:\/\/pagina10.com\/web\/wp-content\/uploads\/2024\/01\/40-pagina-10-periodico-regional-pasto.jpg","contentUrl":"https:\/\/pagina10.com\/web\/wp-content\/uploads\/2024\/01\/40-pagina-10-periodico-regional-pasto.jpg","width":1280,"height":720,"caption":"P\u00e1gina10"},"image":{"@id":"https:\/\/pagina10.com\/web\/#\/schema\/logo\/image\/"},"sameAs":["https:\/\/www.facebook.com\/pag10com","https:\/\/x.com\/Pag10com","https:\/\/www.instagram.com\/pagina10col\/","https:\/\/youtube.com\/channel\/pag10","https:\/\/www.tiktok.com\/@p10col"]},{"@type":"Person","@id":"https:\/\/pagina10.com\/web\/#\/schema\/person\/2efc4a090d25b667d3bc796798a3a81b","name":"P\u00e1gina 10","description":"P\u00e1gina 10 es un peri\u00f3dico regional que nace en Colombia, en el departamento de Nari\u00f1o, con un enfoque global, fundamentado en cuatro pilares esenciales: la libertad, el pluralismo, la inclusi\u00f3n y la independencia. P\u00e1gina 10 hace referencia a Nari\u00f1o como el d\u00e9cimo departamento creado en Colombia, despu\u00e9s de un proceso pol\u00edtico liderado por actores y actrices regionales con el fin de obtener la independencia y autonom\u00eda de nuestros territorios. Con la creaci\u00f3n de P\u00e1gina 10 se pretende abrir un escenario para el dialogo, la reflexi\u00f3n y el debate que se extienda a otras geograf\u00edas de Am\u00e9rica Latina y del planeta, en una apuesta por transformar colectivamente los desaf\u00edos de un mundo contempor\u00e1neo, m\u00e1s all\u00e1 de las fronteras impuestas.","url":"https:\/\/pagina10.com\/web\/author\/pdiezadmin\/"}]}},"_links":{"self":[{"href":"https:\/\/pagina10.com\/web\/wp-json\/wp\/v2\/posts\/70879204380","targetHints":{"allow":["GET"]}}],"collection":[{"href":"https:\/\/pagina10.com\/web\/wp-json\/wp\/v2\/posts"}],"about":[{"href":"https:\/\/pagina10.com\/web\/wp-json\/wp\/v2\/types\/post"}],"author":[{"embeddable":true,"href":"https:\/\/pagina10.com\/web\/wp-json\/wp\/v2\/users\/1"}],"replies":[{"embeddable":true,"href":"https:\/\/pagina10.com\/web\/wp-json\/wp\/v2\/comments?post=70879204380"}],"version-history":[{"count":7,"href":"https:\/\/pagina10.com\/web\/wp-json\/wp\/v2\/posts\/70879204380\/revisions"}],"predecessor-version":[{"id":70879204402,"href":"https:\/\/pagina10.com\/web\/wp-json\/wp\/v2\/posts\/70879204380\/revisions\/70879204402"}],"wp:featuredmedia":[{"embeddable":true,"href":"https:\/\/pagina10.com\/web\/wp-json\/wp\/v2\/media\/70879204386"}],"wp:attachment":[{"href":"https:\/\/pagina10.com\/web\/wp-json\/wp\/v2\/media?parent=70879204380"}],"wp:term":[{"taxonomy":"category","embeddable":true,"href":"https:\/\/pagina10.com\/web\/wp-json\/wp\/v2\/categories?post=70879204380"},{"taxonomy":"post_tag","embeddable":true,"href":"https:\/\/pagina10.com\/web\/wp-json\/wp\/v2\/tags?post=70879204380"}],"curies":[{"name":"wp","href":"https:\/\/api.w.org\/{rel}","templated":true}]}}