{"id":70879216268,"date":"2026-08-31T11:58:56","date_gmt":"2026-08-31T16:58:56","guid":{"rendered":"https:\/\/pagina10.com\/web\/?p=70879216268"},"modified":"2026-08-31T11:58:56","modified_gmt":"2026-08-31T16:58:56","slug":"yacuanquer-donde-pasto-comenzo-a-caminar","status":"publish","type":"post","link":"https:\/\/pagina10.com\/web\/yacuanquer-donde-pasto-comenzo-a-caminar\/","title":{"rendered":"Yacuanquer: donde Pasto comenz\u00f3 a caminar"},"content":{"rendered":"<p style=\"text-align: justify;\">Pablo Emilio Obando A.<\/p>\n<p style=\"text-align: justify;\">Yacuanquer se apresta a vivir un momento hist\u00f3rico de suma trascendencia.<\/p>\n<p style=\"text-align: justify;\">Durante septiembre y octubre, este municipio nari\u00f1ense prepara una programaci\u00f3n destinada a conmemorar su efem\u00e9ride, pero tambi\u00e9n a rescatar una memoria que durante demasiado tiempo ha permanecido en los m\u00e1rgenes de la gran historia regional. Porque hablar de Yacuanquer es hablar, inevitablemente, de Pasto.<\/p>\n<p style=\"text-align: justify;\">Los antiguos anales, documentos y estudios hist\u00f3ricos sit\u00faan en el valle de Guaguanquera, territorio que hoy corresponde a Yacuanquer, uno de los episodios fundamentales del proceso de poblamiento y fundaci\u00f3n de San Juan de Pasto.<\/p>\n<p style=\"text-align: justify;\">Los Anales del Concejo Municipal de Pasto llegan incluso a se\u00f1alar el 12 de octubre de 1539 como una fecha vinculada a aquella primera poblaci\u00f3n de Pasto en Yacuanquer.<\/p>\n<p style=\"text-align: justify;\">La Academia Colombiana de Historia recoge, igualmente, la tradici\u00f3n seg\u00fan la cual Lorenzo de Aldana habr\u00eda fundado la Villaviciosa de Pasto en la llanura de Yacuanquer. Despu\u00e9s vendr\u00eda el traslado hacia el Valle de Atriz.<\/p>\n<p style=\"text-align: justify;\">La historia, sin embargo, exige prudencia: el acta original de fundaci\u00f3n no ha sido localizada y existen distintas interpretaciones sobre fechas, protagonistas y circunstancias.<\/p>\n<p style=\"text-align: justify;\">Pero una cosa parece indiscutible: Yacuanquer ocupa un lugar fundamental en la historia temprana de Pasto. Y justamente all\u00ed reside la grandeza de esta celebraci\u00f3n.<\/p>\n<p style=\"text-align: justify;\">El alcalde Julio Insuasti ha entendido que no basta con organizar una fiesta m\u00e1s. Su prop\u00f3sito es convertir la efem\u00e9ride en un acontecimiento cultural, acad\u00e9mico e hist\u00f3rico que pueda institucionalizarse y crecer con los a\u00f1os.<\/p>\n<p style=\"text-align: justify;\">Para ello ha convocado a intelectuales, gestores culturales, acad\u00e9micos, historiadores y representantes de distintas instituciones.<\/p>\n<p style=\"text-align: justify;\">Se proyectan conferencias, encuentros, exposiciones, reconocimientos y actividades culturales que permitan que septiembre y octubre sean meses de memoria y orgullo yacuanquere\u00f1o.<\/p>\n<p style=\"text-align: justify;\">Habr\u00e1 tambi\u00e9n un reconocimiento especial a exalumnos de la instituci\u00f3n educativa del municipio y a hombres y mujeres que han contribuido a engrandecer el nombre de esta tierra.<\/p>\n<p style=\"text-align: justify;\">Pero hay un homenaje que tendr\u00e1 una significaci\u00f3n particular.<\/p>\n<p style=\"text-align: justify;\">Yacuanquer recibir\u00e1 \u2014si las circunstancias lo permiten\u2014 a una de sus hijas m\u00e1s ilustres: la jurista Em\u00e9rita del Socorro Mora Insuasty, recientemente elegida magistrada de la Sala Especial de Primera Instancia de la Corte Suprema de Justicia. La noticia merece ser contada con orgullo.<\/p>\n<p style=\"text-align: justify;\">El pasado 23 de julio, la Sala Plena de la Corte Suprema eligi\u00f3 a Mora Insuasty y a Paula Andrea Ram\u00edrez Barbosa como nuevas magistradas de esa Sala.<\/p>\n<p style=\"text-align: justify;\">Con ellas, por primera vez, dicha Sala qued\u00f3 integrada exclusivamente por mujeres.<\/p>\n<p style=\"text-align: justify;\">La nueva magistrada yacuanquere\u00f1a llega a la m\u00e1xima instancia de la justicia ordinaria despu\u00e9s de una extensa trayectoria profesional.<\/p>\n<p style=\"text-align: justify;\">Abogada egresada de la Universidad de Nari\u00f1o, posee especializaciones en Ciencias Penales y Criminol\u00f3gicas, Docencia Universitaria, Derechos Humanos, Derecho Administrativo, Derecho Probatorio y Casaci\u00f3n Penal, adem\u00e1s de maestr\u00edas en Ciencias Penales y Criminol\u00f3gicas y Derecho Probatorio.<\/p>\n<p style=\"text-align: justify;\">Fue magistrada de la Sala Penal del Tribunal Superior de Cali y desempe\u00f1\u00f3 durante a\u00f1os responsabilidades como fiscal delegada y directora seccional de Fiscal\u00edas.<\/p>\n<p style=\"text-align: justify;\">Hoy, una mujer nacida en Yacuanquer ocupa un lugar de enorme responsabilidad en la justicia colombiana.<\/p>\n<p style=\"text-align: justify;\">No es un dato menor. Es la demostraci\u00f3n contempor\u00e1nea de que la grandeza de un pueblo no se mide \u00fanicamente por la antig\u00fcedad de sus calles, sino tambi\u00e9n por la calidad de los hombres y mujeres que ha entregado al pa\u00eds. Por eso resulta tan significativo que su municipio natal quiera recibirla.<\/p>\n<p style=\"text-align: justify;\">Yacuanquer tambi\u00e9n prepara gestiones para que el Congreso de la Rep\u00fablica, la Asamblea Departamental y otras instituciones reconozcan p\u00fablicamente su importancia hist\u00f3rica.<\/p>\n<p style=\"text-align: justify;\">La Universidad de Nari\u00f1o tendr\u00e1 igualmente un papel especial en esta celebraci\u00f3n. No solamente por su condici\u00f3n de instituci\u00f3n fundamental de la educaci\u00f3n superior de Nari\u00f1o, sino porque su actual rectora, Martha Sof\u00eda Gonz\u00e1lez Insuasti, representa tambi\u00e9n un v\u00ednculo acad\u00e9mico y humano con esta tierra.<\/p>\n<p style=\"text-align: justify;\">La Academia Nari\u00f1ense de Historia est\u00e1 llamada a ocupar otro lugar central.<\/p>\n<p style=\"text-align: justify;\">Porque si Yacuanquer quiere convertir su celebraci\u00f3n en una verdadera pol\u00edtica de memoria, tendr\u00e1 que hacerlo desde la investigaci\u00f3n, desde los documentos y desde la discusi\u00f3n acad\u00e9mica.<\/p>\n<p style=\"text-align: justify;\">No se trata de inventar una historia. Se trata de recuperar la que existe. Y de investigar aquella que todav\u00eda espera nuevas respuestas. Pero Yacuanquer no vive solamente de sus recuerdos.Tambi\u00e9n quiere mostrar lo que es hoy. Por eso el caf\u00e9 tendr\u00e1 un lugar especial.<\/p>\n<p style=\"text-align: justify;\">La producci\u00f3n cafetera representa una de las expresiones econ\u00f3micas y culturales m\u00e1s importantes del municipio, con caf\u00e9s de alta calidad que han alcanzado reconocimientos y mercados m\u00e1s all\u00e1 de las fronteras de Nari\u00f1o.<\/p>\n<p style=\"text-align: justify;\">Ser\u00e1, entonces, una celebraci\u00f3n de la historia, pero tambi\u00e9n del presente y del futuro.<\/p>\n<p style=\"text-align: justify;\">Historia, educaci\u00f3n, justicia, cultura, caf\u00e9, memoria y talento humano. Todo ello cabe en Yacuanquer. Y existe una coincidencia que merece ser resaltada. El 12 de octubre, fecha universalmente vinculada al encuentro de dos mundos, aparece tambi\u00e9n en los antiguos anales como la fecha asociada a aquella poblaci\u00f3n de Pasto en Yacuanquer en 1539.<\/p>\n<p style=\"text-align: justify;\">El calendario parece querer recordarnos que algunos pueblos tienen fechas y otros tienen destinos. Yacuanquer tiene ambos. Por eso la iniciativa del alcalde Julio Insuasti merece ser acompa\u00f1ada y valorada.<\/p>\n<p style=\"text-align: justify;\">Si esta celebraci\u00f3n logra convertirse en una tradici\u00f3n anual, con investigaci\u00f3n hist\u00f3rica, participaci\u00f3n acad\u00e9mica, cultura, turismo, gastronom\u00eda, caf\u00e9 y reconocimiento a sus hijos ilustres, Yacuanquer habr\u00e1 hecho algo m\u00e1s que celebrar un aniversario.<\/p>\n<p style=\"text-align: justify;\">Habr\u00e1 comenzado a construir una pol\u00edtica permanente de memoria. Y quiz\u00e1 esa sea la mejor manera de entender su relaci\u00f3n con Pasto. Yacuanquer no pretende quitarle historia a Pasto. Pretende devolverle una parte de ella.<\/p>\n<p style=\"text-align: justify;\">Porque Pasto pudo trasladarse al Valle de Atriz. Pero una parte fundamental de su historia qued\u00f3 para siempre en estas monta\u00f1as. All\u00ed, donde alguna vez se llam\u00f3 Guaguanquera. All\u00ed, donde comenz\u00f3 a caminar una ciudad que con el tiempo se convertir\u00eda en la capital de Nari\u00f1o. All\u00ed est\u00e1 Yacuanquer. Antiguo, orgulloso, f\u00e9rtil y vivo.<\/p>\n<p style=\"text-align: justify;\">Y ahora dispuesto a contarle nuevamente al departamento que la historia tambi\u00e9n tiene memoria.<\/p>\n<p style=\"text-align: justify;\">Feliz aniversario, Yacuanquer.<\/p>\n<p style=\"text-align: justify;\">Que esta vez la celebraci\u00f3n no termine cuando se apaguen las luces.<\/p>\n<p style=\"text-align: justify;\">Que comience, precisamente, cuando empiece a encenderse la memoria.<\/p>\n","protected":false},"excerpt":{"rendered":"<p>Pablo Emilio Obando A. Yacuanquer se apresta a vivir un momento hist\u00f3rico de suma trascendencia. Durante septiembre y octubre, este municipio nari\u00f1ense prepara una programaci\u00f3n destinada a conmemorar su efem\u00e9ride, pero tambi\u00e9n a rescatar una memoria que durante demasiado tiempo ha permanecido en los m\u00e1rgenes de la gran historia regional. Porque hablar de Yacuanquer es [&hellip;]<\/p>\n","protected":false},"author":46,"featured_media":70879216269,"comment_status":"open","ping_status":"open","sticky":false,"template":"","format":"standard","meta":{"footnotes":""},"categories":[53,1528],"tags":[],"class_list":["post-70879216268","post","type-post","status-publish","format-standard","has-post-thumbnail","hentry","category-regiones","category-titulares"],"yoast_head":"<!-- This site is optimized with the Yoast SEO plugin v27.1.1 - https:\/\/yoast.com\/product\/yoast-seo-wordpress\/ -->\n<title>Yacuanquer: donde Pasto comenz\u00f3 a caminar | P\u00e1gina10<\/title>\n<meta name=\"robots\" content=\"index, follow, max-snippet:-1, max-image-preview:large, max-video-preview:-1\" \/>\n<link rel=\"canonical\" href=\"https:\/\/pagina10.com\/web\/yacuanquer-donde-pasto-comenzo-a-caminar\/\" \/>\n<meta property=\"og:locale\" content=\"es_ES\" \/>\n<meta property=\"og:type\" content=\"article\" \/>\n<meta property=\"og:title\" content=\"Yacuanquer: donde Pasto comenz\u00f3 a caminar | P\u00e1gina10\" \/>\n<meta property=\"og:description\" content=\"Pablo Emilio Obando A. Yacuanquer se apresta a vivir un momento hist\u00f3rico de suma trascendencia. Durante septiembre y octubre, este municipio nari\u00f1ense prepara una programaci\u00f3n destinada a conmemorar su efem\u00e9ride, pero tambi\u00e9n a rescatar una memoria que durante demasiado tiempo ha permanecido en los m\u00e1rgenes de la gran historia regional. Porque hablar de Yacuanquer es [&hellip;]\" \/>\n<meta property=\"og:url\" content=\"https:\/\/pagina10.com\/web\/yacuanquer-donde-pasto-comenzo-a-caminar\/\" \/>\n<meta property=\"og:site_name\" content=\"P\u00e1gina10\" \/>\n<meta property=\"article:publisher\" content=\"https:\/\/www.facebook.com\/pag10com\" \/>\n<meta property=\"article:published_time\" content=\"2026-08-31T16:58:56+00:00\" \/>\n<meta property=\"og:image\" content=\"https:\/\/pagina10.com\/web\/wp-content\/uploads\/2026\/08\/WhatsApp-Image-2026-08-30-at-11.30.11-AM.jpeg\" \/>\n\t<meta property=\"og:image:width\" content=\"1080\" \/>\n\t<meta property=\"og:image:height\" content=\"809\" \/>\n\t<meta property=\"og:image:type\" content=\"image\/jpeg\" \/>\n<meta name=\"author\" content=\"Pablo Emilio Obando Acosta\" \/>\n<meta name=\"twitter:card\" content=\"summary_large_image\" \/>\n<meta name=\"twitter:creator\" content=\"@Pag10com\" \/>\n<meta name=\"twitter:site\" content=\"@Pag10com\" \/>\n<meta name=\"twitter:label1\" content=\"Escrito por\" \/>\n\t<meta name=\"twitter:data1\" content=\"Pablo Emilio Obando Acosta\" \/>\n\t<meta name=\"twitter:label2\" content=\"Tiempo de lectura\" \/>\n\t<meta name=\"twitter:data2\" content=\"5 minutos\" \/>\n<script type=\"application\/ld+json\" class=\"yoast-schema-graph\">{\"@context\":\"https:\/\/schema.org\",\"@graph\":[{\"@type\":\"Article\",\"@id\":\"https:\/\/pagina10.com\/web\/yacuanquer-donde-pasto-comenzo-a-caminar\/#article\",\"isPartOf\":{\"@id\":\"https:\/\/pagina10.com\/web\/yacuanquer-donde-pasto-comenzo-a-caminar\/\"},\"author\":{\"name\":\"Pablo Emilio Obando Acosta\",\"@id\":\"https:\/\/pagina10.com\/web\/#\/schema\/person\/3d3687c9f037834284853a963ee45123\"},\"headline\":\"Yacuanquer: donde Pasto comenz\u00f3 a caminar\",\"datePublished\":\"2026-08-31T16:58:56+00:00\",\"mainEntityOfPage\":{\"@id\":\"https:\/\/pagina10.com\/web\/yacuanquer-donde-pasto-comenzo-a-caminar\/\"},\"wordCount\":1089,\"commentCount\":0,\"publisher\":{\"@id\":\"https:\/\/pagina10.com\/web\/#organization\"},\"image\":{\"@id\":\"https:\/\/pagina10.com\/web\/yacuanquer-donde-pasto-comenzo-a-caminar\/#primaryimage\"},\"thumbnailUrl\":\"https:\/\/pagina10.com\/web\/wp-content\/uploads\/2026\/08\/WhatsApp-Image-2026-08-30-at-11.30.11-AM.jpeg\",\"articleSection\":[\"Regiones\",\"Titulares\"],\"inLanguage\":\"es\",\"potentialAction\":[{\"@type\":\"CommentAction\",\"name\":\"Comment\",\"target\":[\"https:\/\/pagina10.com\/web\/yacuanquer-donde-pasto-comenzo-a-caminar\/#respond\"]}]},{\"@type\":\"WebPage\",\"@id\":\"https:\/\/pagina10.com\/web\/yacuanquer-donde-pasto-comenzo-a-caminar\/\",\"url\":\"https:\/\/pagina10.com\/web\/yacuanquer-donde-pasto-comenzo-a-caminar\/\",\"name\":\"Yacuanquer: donde Pasto comenz\u00f3 a caminar | P\u00e1gina10\",\"isPartOf\":{\"@id\":\"https:\/\/pagina10.com\/web\/#website\"},\"primaryImageOfPage\":{\"@id\":\"https:\/\/pagina10.com\/web\/yacuanquer-donde-pasto-comenzo-a-caminar\/#primaryimage\"},\"image\":{\"@id\":\"https:\/\/pagina10.com\/web\/yacuanquer-donde-pasto-comenzo-a-caminar\/#primaryimage\"},\"thumbnailUrl\":\"https:\/\/pagina10.com\/web\/wp-content\/uploads\/2026\/08\/WhatsApp-Image-2026-08-30-at-11.30.11-AM.jpeg\",\"datePublished\":\"2026-08-31T16:58:56+00:00\",\"breadcrumb\":{\"@id\":\"https:\/\/pagina10.com\/web\/yacuanquer-donde-pasto-comenzo-a-caminar\/#breadcrumb\"},\"inLanguage\":\"es\",\"potentialAction\":[{\"@type\":\"ReadAction\",\"target\":[\"https:\/\/pagina10.com\/web\/yacuanquer-donde-pasto-comenzo-a-caminar\/\"]}]},{\"@type\":\"ImageObject\",\"inLanguage\":\"es\",\"@id\":\"https:\/\/pagina10.com\/web\/yacuanquer-donde-pasto-comenzo-a-caminar\/#primaryimage\",\"url\":\"https:\/\/pagina10.com\/web\/wp-content\/uploads\/2026\/08\/WhatsApp-Image-2026-08-30-at-11.30.11-AM.jpeg\",\"contentUrl\":\"https:\/\/pagina10.com\/web\/wp-content\/uploads\/2026\/08\/WhatsApp-Image-2026-08-30-at-11.30.11-AM.jpeg\",\"width\":1080,\"height\":809},{\"@type\":\"BreadcrumbList\",\"@id\":\"https:\/\/pagina10.com\/web\/yacuanquer-donde-pasto-comenzo-a-caminar\/#breadcrumb\",\"itemListElement\":[{\"@type\":\"ListItem\",\"position\":1,\"name\":\"Portada\",\"item\":\"https:\/\/pagina10.com\/web\/\"},{\"@type\":\"ListItem\",\"position\":2,\"name\":\"Yacuanquer: donde Pasto comenz\u00f3 a caminar\"}]},{\"@type\":\"WebSite\",\"@id\":\"https:\/\/pagina10.com\/web\/#website\",\"url\":\"https:\/\/pagina10.com\/web\/\",\"name\":\"P\u00e1gina10\",\"description\":\"Peri\u00f3dico Regional\",\"publisher\":{\"@id\":\"https:\/\/pagina10.com\/web\/#organization\"},\"alternateName\":\"P\u00e1gina10 Peri\u00f3dico Regional\",\"potentialAction\":[{\"@type\":\"SearchAction\",\"target\":{\"@type\":\"EntryPoint\",\"urlTemplate\":\"https:\/\/pagina10.com\/web\/?s={search_term_string}\"},\"query-input\":{\"@type\":\"PropertyValueSpecification\",\"valueRequired\":true,\"valueName\":\"search_term_string\"}}],\"inLanguage\":\"es\"},{\"@type\":\"Organization\",\"@id\":\"https:\/\/pagina10.com\/web\/#organization\",\"name\":\"P\u00e1gina10\",\"alternateName\":\"P\u00e1gina10 Peri\u00f3dico Regional\",\"url\":\"https:\/\/pagina10.com\/web\/\",\"logo\":{\"@type\":\"ImageObject\",\"inLanguage\":\"es\",\"@id\":\"https:\/\/pagina10.com\/web\/#\/schema\/logo\/image\/\",\"url\":\"https:\/\/pagina10.com\/web\/wp-content\/uploads\/2024\/01\/40-pagina-10-periodico-regional-pasto.jpg\",\"contentUrl\":\"https:\/\/pagina10.com\/web\/wp-content\/uploads\/2024\/01\/40-pagina-10-periodico-regional-pasto.jpg\",\"width\":1280,\"height\":720,\"caption\":\"P\u00e1gina10\"},\"image\":{\"@id\":\"https:\/\/pagina10.com\/web\/#\/schema\/logo\/image\/\"},\"sameAs\":[\"https:\/\/www.facebook.com\/pag10com\",\"https:\/\/x.com\/Pag10com\",\"https:\/\/www.instagram.com\/pagina10col\/\",\"https:\/\/youtube.com\/channel\/pag10\",\"https:\/\/www.tiktok.com\/@p10col\"]},{\"@type\":\"Person\",\"@id\":\"https:\/\/pagina10.com\/web\/#\/schema\/person\/3d3687c9f037834284853a963ee45123\",\"name\":\"Pablo Emilio Obando Acosta\",\"description\":\"PABLO EMILIO OBANDO ACOSTA Nace en el a\u00f1o de 1965. Bachiller acad\u00e9mico Modalidad Humanidades del INEM de Pasto. En 1989 culmina sus estudios universitarios en la Universidad de Nari\u00f1o obteniendo el t\u00edtulo de Licenciado en Ciencias Sociales \u2013 \u00e9nfasis Ciencias de la Educaci\u00f3n \u2013Jornada nocturna-. Especialista en Literatura latinoamericana y colaborador de importantes medios de comunicaci\u00f3n escritos de nuestra regi\u00f3n y del pa\u00eds: El Tiempo.com, Semana.com, Dinero, Diario Del Sur, El Espectador.com, entre otros, Sus escritos se conocen y han obtenido reconocimientos en Chile, Uruguay, Paraguay, Espa\u00f1a y Alemania. En el a\u00f1o 2000 obtiene el reconocimiento CORREO DEL SUR como el personaje c\u00edvico del a\u00f1o por su f\u00e9rrea defensa de la dignidad pastense al protestar con su documento \u201cUn pueblo ante la historia\u201d por el trato despectivo de algunos medios de comunicaci\u00f3n. Las reacciones no se hacen esperar en peri\u00f3dicos de circulaci\u00f3n regional y nacional como El Tiempo, El Espectador y El Pa\u00eds. Ha obtenido m\u00faltiples medallas y condecoraciones por su labor period\u00edstica y cultural: Medalla al merito Guillermo Edmundo Ch\u00e1vez \u2013 mejor escritor del departamento de Nari\u00f1o 2005 \u2013 Fundaci\u00f3n Gabriel Garc\u00eda M\u00e1rquez. Mejor Columnista del departamento de Nari\u00f1o \u2013 a\u00f1os 1991 \u2013 1993 \u2013 1996 \u2013 2001 \u2013 2006 Fundaci\u00f3n Cultural Correo del Sur. Personaje C\u00edvico del Departamento de Nari\u00f1o a\u00f1o 2000. Medalla \u00c1lvaro Javier Jurado Calvache a\u00f1o 2007 \u2013 Centro Educativo PROFESA \u2013 defensor poblaci\u00f3n vulnerable del municipio de Pasto. Mejor cuentista del departamento de Nari\u00f1o \u2013 a\u00f1os 1989 \u2013 2004 \u2013 2005. Cronista m\u00e1s destacado del departamento de Nari\u00f1o \u2013 a\u00f1o 2001. Finalista VI Concurso Internacional de Cuento \u2013 Prensa Nueva \u2013 a\u00f1o 1991. Primer puesto Concurso nacional de cuento \u2013 Contralor\u00eda general de la Rep\u00fablica \u2013 a\u00f1o 1992. Primer Lugar Concurso Municipal de Periodismo \u201cSilvio Le\u00f3n Espa\u00f1a\u201d \u2013 2009. . Reconocimiento Concejo municipal de Pasto, por su labor c\u00edvica y educativa. Sus obras y escritos se conocen en varios pa\u00edses de Latinoam\u00e9rica y de Colombia. Es autor de una docena de textos y m\u00e1s de un millar de columnas de opini\u00f3n que han generado pol\u00e9mica en el contexto nacional y latinoamericano: Testimonio de una insurrecci\u00f3n ciudadana \u2013 2011. El doctor Mierda. Un pueblo ante la historia. La filosof\u00eda de la gallina. Del amor por la Tierra... y otros textos. Diario de un maestro de escuela. Apuntes para una nueva historia Nuevos apuntes \u2013 Tomas Hidalgo Calvache. El problema de los cristianos. La utilidad del poeta. \u00bfTe acuerdas Mariana...? Corona F\u00fanebre \u2013 Tomas Hidalgo Calvache. En formato digital ha editado los siguientes t\u00edtulos: - La nueva filosof\u00eda de la gallina. - Tomas Hidalgo Calvache - Apuntes. - Educar con valor. Figura en varias antolog\u00edas de autores nari\u00f1enses y en una latinoamericana. Sobre \u00e9l han escrito elogiosamente intelectuales de la talla de Otto Morales Ben\u00edtez, Edgar Bastidas Urresty, Juan Augusto Ortiz cabrera, Carlos Santamar\u00eda, Javier Rodrizales, Miguel Garz\u00f3n Arteaga, Fausto Molina, Jorge Arturo Bravo y otros tantos que ser\u00eda dif\u00edcil nombrar en esta peque\u00f1a cr\u00f3nica sobre Pablo Emilio Obando Acosta.\",\"url\":\"https:\/\/pagina10.com\/web\/author\/pobando\/\"}]}<\/script>\n<!-- \/ Yoast SEO plugin. -->","yoast_head_json":{"title":"Yacuanquer: donde Pasto comenz\u00f3 a caminar | P\u00e1gina10","robots":{"index":"index","follow":"follow","max-snippet":"max-snippet:-1","max-image-preview":"max-image-preview:large","max-video-preview":"max-video-preview:-1"},"canonical":"https:\/\/pagina10.com\/web\/yacuanquer-donde-pasto-comenzo-a-caminar\/","og_locale":"es_ES","og_type":"article","og_title":"Yacuanquer: donde Pasto comenz\u00f3 a caminar | P\u00e1gina10","og_description":"Pablo Emilio Obando A. Yacuanquer se apresta a vivir un momento hist\u00f3rico de suma trascendencia. Durante septiembre y octubre, este municipio nari\u00f1ense prepara una programaci\u00f3n destinada a conmemorar su efem\u00e9ride, pero tambi\u00e9n a rescatar una memoria que durante demasiado tiempo ha permanecido en los m\u00e1rgenes de la gran historia regional. Porque hablar de Yacuanquer es [&hellip;]","og_url":"https:\/\/pagina10.com\/web\/yacuanquer-donde-pasto-comenzo-a-caminar\/","og_site_name":"P\u00e1gina10","article_publisher":"https:\/\/www.facebook.com\/pag10com","article_published_time":"2026-08-31T16:58:56+00:00","og_image":[{"width":1080,"height":809,"url":"https:\/\/pagina10.com\/web\/wp-content\/uploads\/2026\/08\/WhatsApp-Image-2026-08-30-at-11.30.11-AM.jpeg","type":"image\/jpeg"}],"author":"Pablo Emilio Obando Acosta","twitter_card":"summary_large_image","twitter_creator":"@Pag10com","twitter_site":"@Pag10com","twitter_misc":{"Escrito por":"Pablo Emilio Obando Acosta","Tiempo de lectura":"5 minutos"},"schema":{"@context":"https:\/\/schema.org","@graph":[{"@type":"Article","@id":"https:\/\/pagina10.com\/web\/yacuanquer-donde-pasto-comenzo-a-caminar\/#article","isPartOf":{"@id":"https:\/\/pagina10.com\/web\/yacuanquer-donde-pasto-comenzo-a-caminar\/"},"author":{"name":"Pablo Emilio Obando Acosta","@id":"https:\/\/pagina10.com\/web\/#\/schema\/person\/3d3687c9f037834284853a963ee45123"},"headline":"Yacuanquer: donde Pasto comenz\u00f3 a caminar","datePublished":"2026-08-31T16:58:56+00:00","mainEntityOfPage":{"@id":"https:\/\/pagina10.com\/web\/yacuanquer-donde-pasto-comenzo-a-caminar\/"},"wordCount":1089,"commentCount":0,"publisher":{"@id":"https:\/\/pagina10.com\/web\/#organization"},"image":{"@id":"https:\/\/pagina10.com\/web\/yacuanquer-donde-pasto-comenzo-a-caminar\/#primaryimage"},"thumbnailUrl":"https:\/\/pagina10.com\/web\/wp-content\/uploads\/2026\/08\/WhatsApp-Image-2026-08-30-at-11.30.11-AM.jpeg","articleSection":["Regiones","Titulares"],"inLanguage":"es","potentialAction":[{"@type":"CommentAction","name":"Comment","target":["https:\/\/pagina10.com\/web\/yacuanquer-donde-pasto-comenzo-a-caminar\/#respond"]}]},{"@type":"WebPage","@id":"https:\/\/pagina10.com\/web\/yacuanquer-donde-pasto-comenzo-a-caminar\/","url":"https:\/\/pagina10.com\/web\/yacuanquer-donde-pasto-comenzo-a-caminar\/","name":"Yacuanquer: donde Pasto comenz\u00f3 a caminar | P\u00e1gina10","isPartOf":{"@id":"https:\/\/pagina10.com\/web\/#website"},"primaryImageOfPage":{"@id":"https:\/\/pagina10.com\/web\/yacuanquer-donde-pasto-comenzo-a-caminar\/#primaryimage"},"image":{"@id":"https:\/\/pagina10.com\/web\/yacuanquer-donde-pasto-comenzo-a-caminar\/#primaryimage"},"thumbnailUrl":"https:\/\/pagina10.com\/web\/wp-content\/uploads\/2026\/08\/WhatsApp-Image-2026-08-30-at-11.30.11-AM.jpeg","datePublished":"2026-08-31T16:58:56+00:00","breadcrumb":{"@id":"https:\/\/pagina10.com\/web\/yacuanquer-donde-pasto-comenzo-a-caminar\/#breadcrumb"},"inLanguage":"es","potentialAction":[{"@type":"ReadAction","target":["https:\/\/pagina10.com\/web\/yacuanquer-donde-pasto-comenzo-a-caminar\/"]}]},{"@type":"ImageObject","inLanguage":"es","@id":"https:\/\/pagina10.com\/web\/yacuanquer-donde-pasto-comenzo-a-caminar\/#primaryimage","url":"https:\/\/pagina10.com\/web\/wp-content\/uploads\/2026\/08\/WhatsApp-Image-2026-08-30-at-11.30.11-AM.jpeg","contentUrl":"https:\/\/pagina10.com\/web\/wp-content\/uploads\/2026\/08\/WhatsApp-Image-2026-08-30-at-11.30.11-AM.jpeg","width":1080,"height":809},{"@type":"BreadcrumbList","@id":"https:\/\/pagina10.com\/web\/yacuanquer-donde-pasto-comenzo-a-caminar\/#breadcrumb","itemListElement":[{"@type":"ListItem","position":1,"name":"Portada","item":"https:\/\/pagina10.com\/web\/"},{"@type":"ListItem","position":2,"name":"Yacuanquer: donde Pasto comenz\u00f3 a caminar"}]},{"@type":"WebSite","@id":"https:\/\/pagina10.com\/web\/#website","url":"https:\/\/pagina10.com\/web\/","name":"P\u00e1gina10","description":"Peri\u00f3dico Regional","publisher":{"@id":"https:\/\/pagina10.com\/web\/#organization"},"alternateName":"P\u00e1gina10 Peri\u00f3dico Regional","potentialAction":[{"@type":"SearchAction","target":{"@type":"EntryPoint","urlTemplate":"https:\/\/pagina10.com\/web\/?s={search_term_string}"},"query-input":{"@type":"PropertyValueSpecification","valueRequired":true,"valueName":"search_term_string"}}],"inLanguage":"es"},{"@type":"Organization","@id":"https:\/\/pagina10.com\/web\/#organization","name":"P\u00e1gina10","alternateName":"P\u00e1gina10 Peri\u00f3dico Regional","url":"https:\/\/pagina10.com\/web\/","logo":{"@type":"ImageObject","inLanguage":"es","@id":"https:\/\/pagina10.com\/web\/#\/schema\/logo\/image\/","url":"https:\/\/pagina10.com\/web\/wp-content\/uploads\/2024\/01\/40-pagina-10-periodico-regional-pasto.jpg","contentUrl":"https:\/\/pagina10.com\/web\/wp-content\/uploads\/2024\/01\/40-pagina-10-periodico-regional-pasto.jpg","width":1280,"height":720,"caption":"P\u00e1gina10"},"image":{"@id":"https:\/\/pagina10.com\/web\/#\/schema\/logo\/image\/"},"sameAs":["https:\/\/www.facebook.com\/pag10com","https:\/\/x.com\/Pag10com","https:\/\/www.instagram.com\/pagina10col\/","https:\/\/youtube.com\/channel\/pag10","https:\/\/www.tiktok.com\/@p10col"]},{"@type":"Person","@id":"https:\/\/pagina10.com\/web\/#\/schema\/person\/3d3687c9f037834284853a963ee45123","name":"Pablo Emilio Obando Acosta","description":"PABLO EMILIO OBANDO ACOSTA Nace en el a\u00f1o de 1965. Bachiller acad\u00e9mico Modalidad Humanidades del INEM de Pasto. En 1989 culmina sus estudios universitarios en la Universidad de Nari\u00f1o obteniendo el t\u00edtulo de Licenciado en Ciencias Sociales \u2013 \u00e9nfasis Ciencias de la Educaci\u00f3n \u2013Jornada nocturna-. Especialista en Literatura latinoamericana y colaborador de importantes medios de comunicaci\u00f3n escritos de nuestra regi\u00f3n y del pa\u00eds: El Tiempo.com, Semana.com, Dinero, Diario Del Sur, El Espectador.com, entre otros, Sus escritos se conocen y han obtenido reconocimientos en Chile, Uruguay, Paraguay, Espa\u00f1a y Alemania. En el a\u00f1o 2000 obtiene el reconocimiento CORREO DEL SUR como el personaje c\u00edvico del a\u00f1o por su f\u00e9rrea defensa de la dignidad pastense al protestar con su documento \u201cUn pueblo ante la historia\u201d por el trato despectivo de algunos medios de comunicaci\u00f3n. Las reacciones no se hacen esperar en peri\u00f3dicos de circulaci\u00f3n regional y nacional como El Tiempo, El Espectador y El Pa\u00eds. Ha obtenido m\u00faltiples medallas y condecoraciones por su labor period\u00edstica y cultural: Medalla al merito Guillermo Edmundo Ch\u00e1vez \u2013 mejor escritor del departamento de Nari\u00f1o 2005 \u2013 Fundaci\u00f3n Gabriel Garc\u00eda M\u00e1rquez. Mejor Columnista del departamento de Nari\u00f1o \u2013 a\u00f1os 1991 \u2013 1993 \u2013 1996 \u2013 2001 \u2013 2006 Fundaci\u00f3n Cultural Correo del Sur. Personaje C\u00edvico del Departamento de Nari\u00f1o a\u00f1o 2000. Medalla \u00c1lvaro Javier Jurado Calvache a\u00f1o 2007 \u2013 Centro Educativo PROFESA \u2013 defensor poblaci\u00f3n vulnerable del municipio de Pasto. Mejor cuentista del departamento de Nari\u00f1o \u2013 a\u00f1os 1989 \u2013 2004 \u2013 2005. Cronista m\u00e1s destacado del departamento de Nari\u00f1o \u2013 a\u00f1o 2001. Finalista VI Concurso Internacional de Cuento \u2013 Prensa Nueva \u2013 a\u00f1o 1991. Primer puesto Concurso nacional de cuento \u2013 Contralor\u00eda general de la Rep\u00fablica \u2013 a\u00f1o 1992. Primer Lugar Concurso Municipal de Periodismo \u201cSilvio Le\u00f3n Espa\u00f1a\u201d \u2013 2009. . Reconocimiento Concejo municipal de Pasto, por su labor c\u00edvica y educativa. Sus obras y escritos se conocen en varios pa\u00edses de Latinoam\u00e9rica y de Colombia. Es autor de una docena de textos y m\u00e1s de un millar de columnas de opini\u00f3n que han generado pol\u00e9mica en el contexto nacional y latinoamericano: Testimonio de una insurrecci\u00f3n ciudadana \u2013 2011. El doctor Mierda. Un pueblo ante la historia. La filosof\u00eda de la gallina. Del amor por la Tierra... y otros textos. Diario de un maestro de escuela. Apuntes para una nueva historia Nuevos apuntes \u2013 Tomas Hidalgo Calvache. El problema de los cristianos. La utilidad del poeta. \u00bfTe acuerdas Mariana...? Corona F\u00fanebre \u2013 Tomas Hidalgo Calvache. En formato digital ha editado los siguientes t\u00edtulos: - La nueva filosof\u00eda de la gallina. - Tomas Hidalgo Calvache - Apuntes. - Educar con valor. Figura en varias antolog\u00edas de autores nari\u00f1enses y en una latinoamericana. Sobre \u00e9l han escrito elogiosamente intelectuales de la talla de Otto Morales Ben\u00edtez, Edgar Bastidas Urresty, Juan Augusto Ortiz cabrera, Carlos Santamar\u00eda, Javier Rodrizales, Miguel Garz\u00f3n Arteaga, Fausto Molina, Jorge Arturo Bravo y otros tantos que ser\u00eda dif\u00edcil nombrar en esta peque\u00f1a cr\u00f3nica sobre Pablo Emilio Obando Acosta.","url":"https:\/\/pagina10.com\/web\/author\/pobando\/"}]}},"_links":{"self":[{"href":"https:\/\/pagina10.com\/web\/wp-json\/wp\/v2\/posts\/70879216268","targetHints":{"allow":["GET"]}}],"collection":[{"href":"https:\/\/pagina10.com\/web\/wp-json\/wp\/v2\/posts"}],"about":[{"href":"https:\/\/pagina10.com\/web\/wp-json\/wp\/v2\/types\/post"}],"author":[{"embeddable":true,"href":"https:\/\/pagina10.com\/web\/wp-json\/wp\/v2\/users\/46"}],"replies":[{"embeddable":true,"href":"https:\/\/pagina10.com\/web\/wp-json\/wp\/v2\/comments?post=70879216268"}],"version-history":[{"count":1,"href":"https:\/\/pagina10.com\/web\/wp-json\/wp\/v2\/posts\/70879216268\/revisions"}],"predecessor-version":[{"id":70879216270,"href":"https:\/\/pagina10.com\/web\/wp-json\/wp\/v2\/posts\/70879216268\/revisions\/70879216270"}],"wp:featuredmedia":[{"embeddable":true,"href":"https:\/\/pagina10.com\/web\/wp-json\/wp\/v2\/media\/70879216269"}],"wp:attachment":[{"href":"https:\/\/pagina10.com\/web\/wp-json\/wp\/v2\/media?parent=70879216268"}],"wp:term":[{"taxonomy":"category","embeddable":true,"href":"https:\/\/pagina10.com\/web\/wp-json\/wp\/v2\/categories?post=70879216268"},{"taxonomy":"post_tag","embeddable":true,"href":"https:\/\/pagina10.com\/web\/wp-json\/wp\/v2\/tags?post=70879216268"}],"curies":[{"name":"wp","href":"https:\/\/api.w.org\/{rel}","templated":true}]}}