{"id":70879216279,"date":"2026-08-31T22:32:29","date_gmt":"2026-09-01T03:32:29","guid":{"rendered":"https:\/\/pagina10.com\/web\/?p=70879216279"},"modified":"2026-08-31T22:32:29","modified_gmt":"2026-09-01T03:32:29","slug":"la-inquisicion-del-tigre","status":"publish","type":"post","link":"https:\/\/pagina10.com\/web\/la-inquisicion-del-tigre\/","title":{"rendered":"La Inquisici\u00f3n del Tigre"},"content":{"rendered":"<p>Por Tirso Benavides Benavides<\/p>\n<p>En la Casa de Nari\u00f1o no han encendido hogueras \u2014todav\u00eda las formas republicanas desaconsejan semejante escenograf\u00eda\u2014, pero ya funciona un Santo Oficio. Sus inquisidores no buscan delitos ni incompetencias: revisan trinos antiguos, amistades, c\u00f3nyuges, afectos e intimidades. Para caer en desgracia no hace falta traicionar al Estado. Basta con apartarse un grado del catecismo abelardista.<\/p>\n<p><a href=\"https:\/\/x.com\/ABDELAESPRIELLA\/status\/2088753374330032487\">El propio presidente dio la se\u00f1al<\/a>. El 15 de agosto orden\u00f3 a la ministra de las TIC revisar los antecedentes y actuaciones de sus futuros funcionarios y proceder cuando encontrara situaciones \u201cincompatibles con nuestros principios y lineamientos\u201d. No habr\u00eda nada escandaloso si la coherencia significara respeto por el programa que gan\u00f3 las elecciones. Todo gobernante necesita un equipo que ejecute sus pol\u00edticas. El problema comienza cuando la coherencia se convierte en pureza, la diferencia en herej\u00eda y la vida privada en requisito para entrar al servicio p\u00fablico. Semanas antes, Abelardo de la Espriella <a href=\"https:\/\/x.com\/ABDELAESPRIELLA\/status\/2081117262849908746\">hab\u00eda prometido<\/a> que \u201cel m\u00e9rito ser\u00e1 la \u00fanica recomendaci\u00f3n\u201d en la Patria Milagro. La frase envejeci\u00f3 con una rapidez casi milagrosa.<\/p>\n<p>Confieso que me alegr\u00f3 el nombramiento de <a href=\"https:\/\/www.elcolombiano.com\/colombia\/hannah-escobar-por-que-renuncio-al-minsalud-JD40349198\">Hanna Escobar<\/a> en la Direcci\u00f3n de Medicamentos y Tecnolog\u00edas en Salud. La conozco y sab\u00eda de lo que iba a dirigir, esta paisa es qu\u00edmica farmac\u00e9utica, mag\u00edster en Pol\u00edticas P\u00fablicas y tiene m\u00e1s de quince a\u00f1os de experiencia en el sector. Adem\u00e1s, hab\u00eda sido una de las voces m\u00e1s inc\u00f3modas contra la reforma a la salud y el manejo que Gustavo Petro y Guillermo Alfonso Jaramillo dieron a la crisis de medicamentos. No era una conversa de \u00faltima hora ni una oportunista en busca de puesto. Ven\u00eda de enfrentarse al poder anterior.<\/p>\n<p>Ese enfrentamiento le cost\u00f3 caro. Petro la llam\u00f3 \u201cnazi\u201d en X y el <a href=\"https:\/\/caracol.com.co\/2025\/02\/07\/consejo-de-estado-ordena-al-presidente-petro-retractarse-por-llamar-nazi-a-la-lider-social\/\">Consejo de Estado<\/a> tuvo que ordenarle borrar la publicaci\u00f3n, retractarse y ofrecer disculpas p\u00fablicas por vulnerar su honra y su buen nombre. La escena deber\u00eda avergonzar a cualquier dem\u00f3crata: un presidente se\u00f1alando desde su inmensa tribuna a una ciudadana que discut\u00eda una pol\u00edtica p\u00fablica. Pens\u00e9, ingenuamente, que haber sobrevivido a esa trituradora la hac\u00eda especialmente valiosa para un Gobierno que dec\u00eda venir a corregir los excesos del petrismo.<\/p>\n<p>Dur\u00f3 apenas unos d\u00edas. Seg\u00fan cont\u00f3 Escobar a <a href=\"https:\/\/www.elcolombiano.com\/colombia\/hannah-escobar-asi-fue-su-salida-del-ministerio-de-salud-DB40360524\"><em>El Colombiano<\/em><\/a>, la ministra de Salud le comunic\u00f3 que, por orden presidencial, deb\u00eda renunciar. Las bodegas m\u00e1s devotas le hab\u00edan colgado el sambenito de \u201cabortista\u201d, difundieron una fotograf\u00eda alterada con un pa\u00f1uelo verde y recortaron un p\u00f3dcast para volverlo prueba de cargo. \u00bfSu pecado real? Defender el acceso a la interrupci\u00f3n voluntaria del embarazo como un asunto de salud y recordar la existencia de un protocolo cl\u00ednico. Es decir, reconocer un marco constitucional que la <a href=\"https:\/\/www.corteconstitucional.gov.co\/relatoria\/2022\/C-055-22.htm\">Sentencia C-055 de 2022<\/a> y decisiones posteriores de la Corte mantienen vigente. El Ministerio, hasta ahora, no ha ofrecido una explicaci\u00f3n p\u00fablica distinta. Ella lo resumi\u00f3 sin rodeos: \u201cA m\u00ed me sacaron por defender los derechos de salud de las mujeres\u201d.<\/p>\n<p>La iron\u00eda es feroz. Para Petro, Hanna era nazi por oponerse a su reforma; para los guardianes de la nueva fe, termin\u00f3 convertida en \u201cabortista\u201d por no negar un derecho reconocido por la Corte. Cambi\u00f3 el inquisidor, no el m\u00e9todo. Los extremos que se insultan en la plaza suelen reconocerse en la sala de torturas.<\/p>\n<p>El siguiente auto de fe ni siquiera ocurri\u00f3 dentro del Estado. <a href=\"https:\/\/elpais.com\/america-colombia\/2026-08-26\/la-presion-del-gobierno-tumba-en-horas-la-designacion-de-carolina-soto-en-la-camara-colombiana-de-la-infraestructura.html\">Carolina Soto<\/a> fue elegida por ocho votos contra cuatro para presidir la C\u00e1mara Colombiana de la Infraestructura, un gremio privado. Su hoja de vida incluye el Viceministerio de Hacienda, la Alta Consejer\u00eda para la Competitividad y una silla en la Junta Directiva del Banco de la Rep\u00fablica. Pocas horas despu\u00e9s, Carolina G\u00f3mez, vocera designada del Gobierno, calific\u00f3 la elecci\u00f3n como una torpeza o una confrontaci\u00f3n y anunci\u00f3 que ning\u00fan funcionario del Ejecutivo se reunir\u00eda con la nueva presidenta. Luego borr\u00f3 los mensajes, ese moderno recurso con el que algunos creen borrar tambi\u00e9n los hechos.<\/p>\n<p>Soto declin\u00f3 al d\u00eda siguiente y dej\u00f3 escrita una frase que deber\u00eda inquietar incluso a quienes celebran la victoria del Tigre: pidi\u00f3 respeto por \u201cla independencia de las decisiones del sector privado\u201d. Todo apunta a que su falta consist\u00eda menos en su trayectoria que en su matrimonio con Alejandro Gaviria, quien fue ministro de Petro durante unos meses y despu\u00e9s se convirti\u00f3 en uno de sus cr\u00edticos m\u00e1s persistentes. La mujer qued\u00f3 reducida al prontuario pol\u00edtico del esposo. El Gobierno que hizo campa\u00f1a en nombre de la libertad de empresa descubri\u00f3 que la empresa es libre siempre que elija a quien le guste al Gobierno.<\/p>\n<p>El caso de <a href=\"https:\/\/cambiocolombia.com\/poder\/articulo\/2026\/8\/carlos-sepulveda-nombramiento-dnp-pasado-gobierno-petro-orientacion-sexual\">Carlos Eduardo Sep\u00falveda<\/a> a\u00f1ade un cap\u00edtulo m\u00e1s turbio. El 12 de agosto fue anunciado como director del Departamento Nacional de Planeaci\u00f3n; dos d\u00edas despu\u00e9s fue reemplazado. Credenciales no le faltaban: doctor en Econom\u00eda de la Universidad de Boston, exdecano de Econom\u00eda de la Universidad del Rosario, exsubdirector del DANE y conocedor de la planeaci\u00f3n p\u00fablica. La versi\u00f3n oficial hizo pesar su participaci\u00f3n en el Plan Nacional de Desarrollo de Petro, aunque tambi\u00e9n hab\u00eda trabajado en los planes de Santos y Duque y su reemplazo tuvo contratos durante el Gobierno anterior.<\/p>\n<p>La investigaci\u00f3n de <a href=\"https:\/\/www.lasillavacia.com\/silla-nacional\/el-equipo-de-gobierno-de-abelardo-lo-que-dicen-275-nombramientos\/\"><em>La Silla Vac\u00eda<\/em><\/a>, apoyada en dos fuentes del gabinete y recogida por <em>Cambio<\/em> y el Reporte Coronell, se\u00f1al\u00f3 otra raz\u00f3n: sectores religiosos y conservadores se habr\u00edan opuesto porque Sep\u00falveda tiene esposo y un hijo adoptado. Debe decirse con rigor: el Gobierno no ha admitido esa motivaci\u00f3n y las fuentes son reservadas. Pero la explicaci\u00f3n coincide demasiado bien con la conocida hostilidad del presidente hacia la adopci\u00f3n homoparental y con sus antecedentes de burlas contra personas homosexuales. Si fue as\u00ed, no estamos ante coherencia program\u00e1tica, sino ante homofobia con membrete oficial. La homofobia no siempre grita; a veces simplemente impide que se firme un decreto.<\/p>\n<p>Los defensores del Gobierno dir\u00e1n que los altos cargos son de libre nombramiento y que ning\u00fan presidente est\u00e1 obligado a gobernar con sus adversarios. Tienen raz\u00f3n, hasta cierto punto. Una cosa es exigir lealtad al programa; otra, castigar a alguien por acatar la jurisprudencia, por el trabajo de su c\u00f3nyuge o por la persona con quien comparte la cama y la crianza de un hijo. Y una cosa todav\u00eda m\u00e1s grave es usar el poder contractual del Estado para disciplinar a un gremio privado. La confianza pol\u00edtica no es una patente para la discriminaci\u00f3n.<\/p>\n<p>El Santo Oficio, adem\u00e1s, aplica su doctrina con una elasticidad conmovedora cuando examina a los fieles. Sobre 275 nombramientos encontr\u00f3 al menos cinco personas procedentes del bufete o de otras empresas de De la Espriella, adem\u00e1s de cinco vinculadas personalmente con \u00e9l. El antiguo director general de la firma lleg\u00f3 a la Secretar\u00eda Jur\u00eddica de la Presidencia; abogadas del bufete aterrizaron en la Superintendencia de Sociedades, la Unidad para las V\u00edctimas y la SAE; la antigua encargada de redes de la empresa maneja la prensa de Palacio. Yoly Beatriz Illidge, exesposa y cofundadora de la firma, fue designada superintendente delegada de Notariado y Registro.<\/p>\n<p>Ser\u00eda deshonesto afirmar que todas esas personas carecen de formaci\u00f3n o que su nombramiento es ilegal por el solo v\u00ednculo. Varias tienen experiencia. La cuesti\u00f3n es otra: \u00bfpor qu\u00e9 la cercan\u00eda con el Tigre funciona como una indulgencia, mientras a los dem\u00e1s se les escudri\u00f1an los trinos, el matrimonio y hasta la configuraci\u00f3n de la familia? Cuando el m\u00e9rito favorece a un amigo se presume; cuando acompa\u00f1a a un discrepante se somete a interrogatorio.<\/p>\n<p>Lo peligroso no es que un Gobierno de derecha nombre personas de derecha. Lo peligroso es convertir el Estado en una secta, la adhesi\u00f3n personal en virtud p\u00fablica y la diferencia en causal de excomuni\u00f3n. Petro intent\u00f3 hacerlo con su catecismo revolucionario; De la Espriella empieza a repetirlo con crucifijo, bandera y rugido. Colombia no vot\u00f3 para cambiar de inquisici\u00f3n.<\/p>\n<p>En la Patria Milagro, anunci\u00f3 el presidente, el m\u00e9rito ser\u00eda la \u00fanica recomendaci\u00f3n. Por ahora, el milagro parece otro: los capaces que piensan distinto terminan en la hoguera, mientras los amigos entran por la sacrist\u00eda.<\/p>\n<p><a href=\"#_ednref1\"><\/a><\/p>\n","protected":false},"excerpt":{"rendered":"<p>Por Tirso Benavides Benavides En la Casa de Nari\u00f1o no han encendido hogueras \u2014todav\u00eda las formas republicanas desaconsejan semejante escenograf\u00eda\u2014, pero ya funciona un Santo Oficio. Sus inquisidores no buscan delitos ni incompetencias: revisan trinos antiguos, amistades, c\u00f3nyuges, afectos e intimidades. Para caer en desgracia no hace falta traicionar al Estado. Basta con apartarse un [&hellip;]<\/p>\n","protected":false},"author":82,"featured_media":70879214462,"comment_status":"open","ping_status":"open","sticky":false,"template":"","format":"standard","meta":{"footnotes":""},"categories":[3],"tags":[],"class_list":["post-70879216279","post","type-post","status-publish","format-standard","has-post-thumbnail","hentry","category-opinion"],"yoast_head":"<!-- This site is optimized with the Yoast SEO plugin v27.1.1 - https:\/\/yoast.com\/product\/yoast-seo-wordpress\/ -->\n<title>La Inquisici\u00f3n del Tigre | P\u00e1gina10<\/title>\n<meta name=\"robots\" content=\"index, follow, max-snippet:-1, max-image-preview:large, max-video-preview:-1\" \/>\n<link rel=\"canonical\" href=\"https:\/\/pagina10.com\/web\/la-inquisicion-del-tigre\/\" \/>\n<meta property=\"og:locale\" content=\"es_ES\" \/>\n<meta property=\"og:type\" content=\"article\" \/>\n<meta property=\"og:title\" content=\"La Inquisici\u00f3n del Tigre | P\u00e1gina10\" \/>\n<meta property=\"og:description\" content=\"Por Tirso Benavides Benavides En la Casa de Nari\u00f1o no han encendido hogueras \u2014todav\u00eda las formas republicanas desaconsejan semejante escenograf\u00eda\u2014, pero ya funciona un Santo Oficio. Sus inquisidores no buscan delitos ni incompetencias: revisan trinos antiguos, amistades, c\u00f3nyuges, afectos e intimidades. Para caer en desgracia no hace falta traicionar al Estado. Basta con apartarse un [&hellip;]\" \/>\n<meta property=\"og:url\" content=\"https:\/\/pagina10.com\/web\/la-inquisicion-del-tigre\/\" \/>\n<meta property=\"og:site_name\" content=\"P\u00e1gina10\" \/>\n<meta property=\"article:publisher\" content=\"https:\/\/www.facebook.com\/pag10com\" \/>\n<meta property=\"article:published_time\" content=\"2026-09-01T03:32:29+00:00\" \/>\n<meta property=\"og:image\" content=\"https:\/\/pagina10.com\/web\/wp-content\/uploads\/2026\/04\/WhatsApp-Image-2026-03-31-at-4.18.49-PM.jpeg\" \/>\n\t<meta property=\"og:image:width\" content=\"1600\" \/>\n\t<meta property=\"og:image:height\" content=\"950\" \/>\n\t<meta property=\"og:image:type\" content=\"image\/jpeg\" \/>\n<meta name=\"author\" content=\"Tirso Benavides Benavides\" \/>\n<meta name=\"twitter:card\" content=\"summary_large_image\" \/>\n<meta name=\"twitter:creator\" content=\"@Pag10com\" \/>\n<meta name=\"twitter:site\" content=\"@Pag10com\" \/>\n<meta name=\"twitter:label1\" content=\"Escrito por\" \/>\n\t<meta name=\"twitter:data1\" content=\"Tirso Benavides Benavides\" \/>\n\t<meta name=\"twitter:label2\" content=\"Tiempo de lectura\" \/>\n\t<meta name=\"twitter:data2\" content=\"7 minutos\" \/>\n<script type=\"application\/ld+json\" class=\"yoast-schema-graph\">{\"@context\":\"https:\/\/schema.org\",\"@graph\":[{\"@type\":\"Article\",\"@id\":\"https:\/\/pagina10.com\/web\/la-inquisicion-del-tigre\/#article\",\"isPartOf\":{\"@id\":\"https:\/\/pagina10.com\/web\/la-inquisicion-del-tigre\/\"},\"author\":{\"name\":\"Tirso Benavides Benavides\",\"@id\":\"https:\/\/pagina10.com\/web\/#\/schema\/person\/3e05042176c3ab3452967095b9143268\"},\"headline\":\"La Inquisici\u00f3n del Tigre\",\"datePublished\":\"2026-09-01T03:32:29+00:00\",\"mainEntityOfPage\":{\"@id\":\"https:\/\/pagina10.com\/web\/la-inquisicion-del-tigre\/\"},\"wordCount\":1435,\"commentCount\":0,\"publisher\":{\"@id\":\"https:\/\/pagina10.com\/web\/#organization\"},\"image\":{\"@id\":\"https:\/\/pagina10.com\/web\/la-inquisicion-del-tigre\/#primaryimage\"},\"thumbnailUrl\":\"https:\/\/pagina10.com\/web\/wp-content\/uploads\/2026\/04\/WhatsApp-Image-2026-03-31-at-4.18.49-PM.jpeg\",\"articleSection\":[\"Opini\u00f3n\"],\"inLanguage\":\"es\",\"potentialAction\":[{\"@type\":\"CommentAction\",\"name\":\"Comment\",\"target\":[\"https:\/\/pagina10.com\/web\/la-inquisicion-del-tigre\/#respond\"]}]},{\"@type\":\"WebPage\",\"@id\":\"https:\/\/pagina10.com\/web\/la-inquisicion-del-tigre\/\",\"url\":\"https:\/\/pagina10.com\/web\/la-inquisicion-del-tigre\/\",\"name\":\"La Inquisici\u00f3n del Tigre | P\u00e1gina10\",\"isPartOf\":{\"@id\":\"https:\/\/pagina10.com\/web\/#website\"},\"primaryImageOfPage\":{\"@id\":\"https:\/\/pagina10.com\/web\/la-inquisicion-del-tigre\/#primaryimage\"},\"image\":{\"@id\":\"https:\/\/pagina10.com\/web\/la-inquisicion-del-tigre\/#primaryimage\"},\"thumbnailUrl\":\"https:\/\/pagina10.com\/web\/wp-content\/uploads\/2026\/04\/WhatsApp-Image-2026-03-31-at-4.18.49-PM.jpeg\",\"datePublished\":\"2026-09-01T03:32:29+00:00\",\"breadcrumb\":{\"@id\":\"https:\/\/pagina10.com\/web\/la-inquisicion-del-tigre\/#breadcrumb\"},\"inLanguage\":\"es\",\"potentialAction\":[{\"@type\":\"ReadAction\",\"target\":[\"https:\/\/pagina10.com\/web\/la-inquisicion-del-tigre\/\"]}]},{\"@type\":\"ImageObject\",\"inLanguage\":\"es\",\"@id\":\"https:\/\/pagina10.com\/web\/la-inquisicion-del-tigre\/#primaryimage\",\"url\":\"https:\/\/pagina10.com\/web\/wp-content\/uploads\/2026\/04\/WhatsApp-Image-2026-03-31-at-4.18.49-PM.jpeg\",\"contentUrl\":\"https:\/\/pagina10.com\/web\/wp-content\/uploads\/2026\/04\/WhatsApp-Image-2026-03-31-at-4.18.49-PM.jpeg\",\"width\":1600,\"height\":950},{\"@type\":\"BreadcrumbList\",\"@id\":\"https:\/\/pagina10.com\/web\/la-inquisicion-del-tigre\/#breadcrumb\",\"itemListElement\":[{\"@type\":\"ListItem\",\"position\":1,\"name\":\"Portada\",\"item\":\"https:\/\/pagina10.com\/web\/\"},{\"@type\":\"ListItem\",\"position\":2,\"name\":\"La Inquisici\u00f3n del Tigre\"}]},{\"@type\":\"WebSite\",\"@id\":\"https:\/\/pagina10.com\/web\/#website\",\"url\":\"https:\/\/pagina10.com\/web\/\",\"name\":\"P\u00e1gina10\",\"description\":\"Peri\u00f3dico Regional\",\"publisher\":{\"@id\":\"https:\/\/pagina10.com\/web\/#organization\"},\"alternateName\":\"P\u00e1gina10 Peri\u00f3dico Regional\",\"potentialAction\":[{\"@type\":\"SearchAction\",\"target\":{\"@type\":\"EntryPoint\",\"urlTemplate\":\"https:\/\/pagina10.com\/web\/?s={search_term_string}\"},\"query-input\":{\"@type\":\"PropertyValueSpecification\",\"valueRequired\":true,\"valueName\":\"search_term_string\"}}],\"inLanguage\":\"es\"},{\"@type\":\"Organization\",\"@id\":\"https:\/\/pagina10.com\/web\/#organization\",\"name\":\"P\u00e1gina10\",\"alternateName\":\"P\u00e1gina10 Peri\u00f3dico Regional\",\"url\":\"https:\/\/pagina10.com\/web\/\",\"logo\":{\"@type\":\"ImageObject\",\"inLanguage\":\"es\",\"@id\":\"https:\/\/pagina10.com\/web\/#\/schema\/logo\/image\/\",\"url\":\"https:\/\/pagina10.com\/web\/wp-content\/uploads\/2024\/01\/40-pagina-10-periodico-regional-pasto.jpg\",\"contentUrl\":\"https:\/\/pagina10.com\/web\/wp-content\/uploads\/2024\/01\/40-pagina-10-periodico-regional-pasto.jpg\",\"width\":1280,\"height\":720,\"caption\":\"P\u00e1gina10\"},\"image\":{\"@id\":\"https:\/\/pagina10.com\/web\/#\/schema\/logo\/image\/\"},\"sameAs\":[\"https:\/\/www.facebook.com\/pag10com\",\"https:\/\/x.com\/Pag10com\",\"https:\/\/www.instagram.com\/pagina10col\/\",\"https:\/\/youtube.com\/channel\/pag10\",\"https:\/\/www.tiktok.com\/@p10col\"]},{\"@type\":\"Person\",\"@id\":\"https:\/\/pagina10.com\/web\/#\/schema\/person\/3e05042176c3ab3452967095b9143268\",\"name\":\"Tirso Benavides Benavides\",\"description\":\"Escritor y periodista pastuso. Padre de Aurelia Mar\u00eda. Autor de los libros de relatos \\\"Noche de Desvelo\\\", \\\"Malditas Sean Todas las V\u00edrgenes\\\", \\\"Ella Quer\u00eda Ense\u00f1arme de G\u00e9nero, Yo Quer\u00eda Ense\u00f1arle Degenero\\\" y del poemario \\\"Polvos Casuales\\\". Abogado de la Universidad de Los Andes. Comunicador Social de la Universidad Pontificia Bolivariana. Especialista en Derecho Constitucional del Externado de Colombia. Especialista en Derecho M\u00e9dico de la Universidad Cooperativa. Mag\u00edster en Periodismo de la Universidad de Buenos Aires. Maestrando en Gerencia en Salud.\",\"url\":\"https:\/\/pagina10.com\/web\/author\/tirso-benavides-benavides\/\"}]}<\/script>\n<!-- \/ Yoast SEO plugin. -->","yoast_head_json":{"title":"La Inquisici\u00f3n del Tigre | P\u00e1gina10","robots":{"index":"index","follow":"follow","max-snippet":"max-snippet:-1","max-image-preview":"max-image-preview:large","max-video-preview":"max-video-preview:-1"},"canonical":"https:\/\/pagina10.com\/web\/la-inquisicion-del-tigre\/","og_locale":"es_ES","og_type":"article","og_title":"La Inquisici\u00f3n del Tigre | P\u00e1gina10","og_description":"Por Tirso Benavides Benavides En la Casa de Nari\u00f1o no han encendido hogueras \u2014todav\u00eda las formas republicanas desaconsejan semejante escenograf\u00eda\u2014, pero ya funciona un Santo Oficio. Sus inquisidores no buscan delitos ni incompetencias: revisan trinos antiguos, amistades, c\u00f3nyuges, afectos e intimidades. Para caer en desgracia no hace falta traicionar al Estado. Basta con apartarse un [&hellip;]","og_url":"https:\/\/pagina10.com\/web\/la-inquisicion-del-tigre\/","og_site_name":"P\u00e1gina10","article_publisher":"https:\/\/www.facebook.com\/pag10com","article_published_time":"2026-09-01T03:32:29+00:00","og_image":[{"width":1600,"height":950,"url":"https:\/\/pagina10.com\/web\/wp-content\/uploads\/2026\/04\/WhatsApp-Image-2026-03-31-at-4.18.49-PM.jpeg","type":"image\/jpeg"}],"author":"Tirso Benavides Benavides","twitter_card":"summary_large_image","twitter_creator":"@Pag10com","twitter_site":"@Pag10com","twitter_misc":{"Escrito por":"Tirso Benavides Benavides","Tiempo de lectura":"7 minutos"},"schema":{"@context":"https:\/\/schema.org","@graph":[{"@type":"Article","@id":"https:\/\/pagina10.com\/web\/la-inquisicion-del-tigre\/#article","isPartOf":{"@id":"https:\/\/pagina10.com\/web\/la-inquisicion-del-tigre\/"},"author":{"name":"Tirso Benavides Benavides","@id":"https:\/\/pagina10.com\/web\/#\/schema\/person\/3e05042176c3ab3452967095b9143268"},"headline":"La Inquisici\u00f3n del Tigre","datePublished":"2026-09-01T03:32:29+00:00","mainEntityOfPage":{"@id":"https:\/\/pagina10.com\/web\/la-inquisicion-del-tigre\/"},"wordCount":1435,"commentCount":0,"publisher":{"@id":"https:\/\/pagina10.com\/web\/#organization"},"image":{"@id":"https:\/\/pagina10.com\/web\/la-inquisicion-del-tigre\/#primaryimage"},"thumbnailUrl":"https:\/\/pagina10.com\/web\/wp-content\/uploads\/2026\/04\/WhatsApp-Image-2026-03-31-at-4.18.49-PM.jpeg","articleSection":["Opini\u00f3n"],"inLanguage":"es","potentialAction":[{"@type":"CommentAction","name":"Comment","target":["https:\/\/pagina10.com\/web\/la-inquisicion-del-tigre\/#respond"]}]},{"@type":"WebPage","@id":"https:\/\/pagina10.com\/web\/la-inquisicion-del-tigre\/","url":"https:\/\/pagina10.com\/web\/la-inquisicion-del-tigre\/","name":"La Inquisici\u00f3n del Tigre | P\u00e1gina10","isPartOf":{"@id":"https:\/\/pagina10.com\/web\/#website"},"primaryImageOfPage":{"@id":"https:\/\/pagina10.com\/web\/la-inquisicion-del-tigre\/#primaryimage"},"image":{"@id":"https:\/\/pagina10.com\/web\/la-inquisicion-del-tigre\/#primaryimage"},"thumbnailUrl":"https:\/\/pagina10.com\/web\/wp-content\/uploads\/2026\/04\/WhatsApp-Image-2026-03-31-at-4.18.49-PM.jpeg","datePublished":"2026-09-01T03:32:29+00:00","breadcrumb":{"@id":"https:\/\/pagina10.com\/web\/la-inquisicion-del-tigre\/#breadcrumb"},"inLanguage":"es","potentialAction":[{"@type":"ReadAction","target":["https:\/\/pagina10.com\/web\/la-inquisicion-del-tigre\/"]}]},{"@type":"ImageObject","inLanguage":"es","@id":"https:\/\/pagina10.com\/web\/la-inquisicion-del-tigre\/#primaryimage","url":"https:\/\/pagina10.com\/web\/wp-content\/uploads\/2026\/04\/WhatsApp-Image-2026-03-31-at-4.18.49-PM.jpeg","contentUrl":"https:\/\/pagina10.com\/web\/wp-content\/uploads\/2026\/04\/WhatsApp-Image-2026-03-31-at-4.18.49-PM.jpeg","width":1600,"height":950},{"@type":"BreadcrumbList","@id":"https:\/\/pagina10.com\/web\/la-inquisicion-del-tigre\/#breadcrumb","itemListElement":[{"@type":"ListItem","position":1,"name":"Portada","item":"https:\/\/pagina10.com\/web\/"},{"@type":"ListItem","position":2,"name":"La Inquisici\u00f3n del Tigre"}]},{"@type":"WebSite","@id":"https:\/\/pagina10.com\/web\/#website","url":"https:\/\/pagina10.com\/web\/","name":"P\u00e1gina10","description":"Peri\u00f3dico Regional","publisher":{"@id":"https:\/\/pagina10.com\/web\/#organization"},"alternateName":"P\u00e1gina10 Peri\u00f3dico Regional","potentialAction":[{"@type":"SearchAction","target":{"@type":"EntryPoint","urlTemplate":"https:\/\/pagina10.com\/web\/?s={search_term_string}"},"query-input":{"@type":"PropertyValueSpecification","valueRequired":true,"valueName":"search_term_string"}}],"inLanguage":"es"},{"@type":"Organization","@id":"https:\/\/pagina10.com\/web\/#organization","name":"P\u00e1gina10","alternateName":"P\u00e1gina10 Peri\u00f3dico Regional","url":"https:\/\/pagina10.com\/web\/","logo":{"@type":"ImageObject","inLanguage":"es","@id":"https:\/\/pagina10.com\/web\/#\/schema\/logo\/image\/","url":"https:\/\/pagina10.com\/web\/wp-content\/uploads\/2024\/01\/40-pagina-10-periodico-regional-pasto.jpg","contentUrl":"https:\/\/pagina10.com\/web\/wp-content\/uploads\/2024\/01\/40-pagina-10-periodico-regional-pasto.jpg","width":1280,"height":720,"caption":"P\u00e1gina10"},"image":{"@id":"https:\/\/pagina10.com\/web\/#\/schema\/logo\/image\/"},"sameAs":["https:\/\/www.facebook.com\/pag10com","https:\/\/x.com\/Pag10com","https:\/\/www.instagram.com\/pagina10col\/","https:\/\/youtube.com\/channel\/pag10","https:\/\/www.tiktok.com\/@p10col"]},{"@type":"Person","@id":"https:\/\/pagina10.com\/web\/#\/schema\/person\/3e05042176c3ab3452967095b9143268","name":"Tirso Benavides Benavides","description":"Escritor y periodista pastuso. Padre de Aurelia Mar\u00eda. Autor de los libros de relatos \"Noche de Desvelo\", \"Malditas Sean Todas las V\u00edrgenes\", \"Ella Quer\u00eda Ense\u00f1arme de G\u00e9nero, Yo Quer\u00eda Ense\u00f1arle Degenero\" y del poemario \"Polvos Casuales\". Abogado de la Universidad de Los Andes. Comunicador Social de la Universidad Pontificia Bolivariana. Especialista en Derecho Constitucional del Externado de Colombia. Especialista en Derecho M\u00e9dico de la Universidad Cooperativa. Mag\u00edster en Periodismo de la Universidad de Buenos Aires. Maestrando en Gerencia en Salud.","url":"https:\/\/pagina10.com\/web\/author\/tirso-benavides-benavides\/"}]}},"_links":{"self":[{"href":"https:\/\/pagina10.com\/web\/wp-json\/wp\/v2\/posts\/70879216279","targetHints":{"allow":["GET"]}}],"collection":[{"href":"https:\/\/pagina10.com\/web\/wp-json\/wp\/v2\/posts"}],"about":[{"href":"https:\/\/pagina10.com\/web\/wp-json\/wp\/v2\/types\/post"}],"author":[{"embeddable":true,"href":"https:\/\/pagina10.com\/web\/wp-json\/wp\/v2\/users\/82"}],"replies":[{"embeddable":true,"href":"https:\/\/pagina10.com\/web\/wp-json\/wp\/v2\/comments?post=70879216279"}],"version-history":[{"count":1,"href":"https:\/\/pagina10.com\/web\/wp-json\/wp\/v2\/posts\/70879216279\/revisions"}],"predecessor-version":[{"id":70879216280,"href":"https:\/\/pagina10.com\/web\/wp-json\/wp\/v2\/posts\/70879216279\/revisions\/70879216280"}],"wp:featuredmedia":[{"embeddable":true,"href":"https:\/\/pagina10.com\/web\/wp-json\/wp\/v2\/media\/70879214462"}],"wp:attachment":[{"href":"https:\/\/pagina10.com\/web\/wp-json\/wp\/v2\/media?parent=70879216279"}],"wp:term":[{"taxonomy":"category","embeddable":true,"href":"https:\/\/pagina10.com\/web\/wp-json\/wp\/v2\/categories?post=70879216279"},{"taxonomy":"post_tag","embeddable":true,"href":"https:\/\/pagina10.com\/web\/wp-json\/wp\/v2\/tags?post=70879216279"}],"curies":[{"name":"wp","href":"https:\/\/api.w.org\/{rel}","templated":true}]}}