{"id":70879216281,"date":"2026-09-01T13:03:42","date_gmt":"2026-09-01T18:03:42","guid":{"rendered":"https:\/\/pagina10.com\/web\/?p=70879216281"},"modified":"2026-09-01T13:13:29","modified_gmt":"2026-09-01T18:13:29","slug":"murio-leonel-sanchez-una-vida-dedicada-a-narino-al-conservatismo-y-a-su-querido-pedregal","status":"publish","type":"post","link":"https:\/\/pagina10.com\/web\/murio-leonel-sanchez-una-vida-dedicada-a-narino-al-conservatismo-y-a-su-querido-pedregal\/","title":{"rendered":"Muri\u00f3 Leonel S\u00e1nchez, una vida dedicada a Nari\u00f1o, al conservatismo y a su querido Pedregal"},"content":{"rendered":"<p style=\"text-align: justify;\" data-start=\"94\" data-end=\"369\"><strong data-start=\"94\" data-end=\"369\">Nari\u00f1o despide a Leonel Olmedo S\u00e1nchez Zambrano, exalcalde, exdiputado, empresario y dirigente del Partido Conservador. Su vida p\u00fablica estuvo marcada por el servicio al departamento, la defensa de El Pedregal, la actividad empresarial y una extensa trayectoria pol\u00edtica.<\/strong><\/p>\n<p style=\"text-align: justify;\" data-start=\"371\" data-end=\"692\">La muerte de <strong data-start=\"384\" data-end=\"411\">Leonel S\u00e1nchez Zambrano<\/strong> enluta a la pol\u00edtica y a diferentes sectores sociales y empresariales de Nari\u00f1o. Durante varias d\u00e9cadas construy\u00f3 una trayectoria vinculada al servicio p\u00fablico, al Partido Conservador y, de manera especial, a <strong data-start=\"621\" data-end=\"636\">El Pedregal<\/strong>, territorio al que dedic\u00f3 buena parte de sus esfuerzos.<\/p>\n<p style=\"text-align: justify;\" data-start=\"694\" data-end=\"1037\">S\u00e1nchez fue <strong data-start=\"706\" data-end=\"762\">alcalde y diputado de Nari\u00f1o durante varios periodos<\/strong>. Su recorrido pol\u00edtico estuvo ligado a distintas generaciones del conservatismo nari\u00f1ense. Su recorrido pol\u00edtico estuvo ligado a distintas generaciones del conservatismo nari\u00f1ense. Inici\u00f3 junto al recordado dirigente Juvenal de los R\u00edos, haciendo parte de un movimiento que represent\u00f3 una renovaci\u00f3n dentro del Partido Conservador en Nari\u00f1o. Posteriormente milit\u00f3 al lado del fallecido exsenador Eduardo Enr\u00edquez Maya. En los \u00faltimos a\u00f1os ven\u00eda acompa\u00f1ando pol\u00edticamente a la actual senadora Liliana Benavides y se mantuvo muy activo en la reciente campa\u00f1a electoral, ratificando una vocaci\u00f3n pol\u00edtica que conserv\u00f3 hasta sus \u00faltimos d\u00edas y sus aspiraciones de regresar a la Asamblea Departamental de Nari\u00f1o.<\/p>\n<p style=\"text-align: justify;\" data-start=\"1347\" data-end=\"1771\">Desde la Asamblea particip\u00f3 en debates y gestiones alrededor de las necesidades de los municipios. Entre sus actuaciones estuvieron iniciativas relacionadas con infraestructura y v\u00edas, as\u00ed como el seguimiento a la <strong data-start=\"1561\" data-end=\"1594\">doble calzada Pasto-Rumichaca<\/strong>. Tambi\u00e9n lider\u00f3 espacios de di\u00e1logo con comunidades, como la audiencia p\u00fablica realizada con los municipios de Cumbal y Guachucal en 2023.<\/p>\n<p style=\"text-align: justify;\" data-start=\"1773\" data-end=\"2143\">Su vocaci\u00f3n pol\u00edtica segu\u00eda vigente. <strong data-start=\"1810\" data-end=\"1903\">Leonel manten\u00eda aspiraciones de regresar nuevamente a la Asamblea Departamental de Nari\u00f1o<\/strong>, corporaci\u00f3n a la que dedic\u00f3 buena parte de su vida p\u00fablica.\u00a0 Su legado tambi\u00e9n estuvo relacionado con la cultura. Fue impulsor de iniciativas como el reconocimiento del <strong data-start=\"2253\" data-end=\"2282\">D\u00eda de la Radio en Nari\u00f1o<\/strong>, aprobado por la Asamblea, una propuesta que, seg\u00fan cont\u00f3 entonces el propio S\u00e1nchez, hab\u00eda promovido durante a\u00f1os.<\/p>\n<p style=\"text-align: justify;\" data-section-id=\"123h3gp\" data-start=\"2438\" data-end=\"2486\"><strong>El empresario y su compromiso con El Pedregal<\/strong><\/p>\n<p style=\"text-align: justify;\" data-start=\"2488\" data-end=\"2759\">Leonel S\u00e1nchez no fue solamente pol\u00edtico. Como <strong data-start=\"2535\" data-end=\"2646\">empresario estuvo vinculado a Los Guaduales, uno de los restaurantes m\u00e1s queridos y tradicionales de Nari\u00f1o<\/strong>, ubicado en El Pedregal y en Pasto, lugar que se convirti\u00f3 tambi\u00e9n en parte fundamental de su historia personal y familiar.<\/p>\n<p style=\"text-align: justify;\" data-start=\"2761\" data-end=\"3094\">Precisamente, cuando se adelant\u00f3 la construcci\u00f3n de la <strong data-start=\"2816\" data-end=\"2849\">doble calzada Pasto-Rumichaca<\/strong>, S\u00e1nchez particip\u00f3 en la organizaci\u00f3n y defensa de los intereses de comerciantes, empresarios y habitantes de El Pedregal, preocupados por los efectos que la nueva infraestructura pod\u00eda generar sobre la econom\u00eda y la din\u00e1mica de esta comunidad.<\/p>\n<p style=\"text-align: justify;\" data-start=\"3096\" data-end=\"3307\">Leonel fue un hombre profundamente vinculado a <strong data-start=\"3143\" data-end=\"3183\">su familia, a Nari\u00f1o y a El Pedregal<\/strong>. All\u00ed desarroll\u00f3 parte de su actividad empresarial, construy\u00f3 liderazgo y mantuvo una cercan\u00eda permanente con su comunidad.<\/p>\n<p style=\"text-align: justify;\" data-start=\"3309\" data-end=\"3663\" data-is-last-node=\"\" data-is-only-node=\"\"><strong data-start=\"3309\" data-end=\"3662\">P\u00e1gina 10 expresa su solidaridad y sus m\u00e1s sentidas condolencias a su familia, amigos y allegados. Nuestro director, Mario Cepeda, quien tuvo la fortuna de conocer a Leonel S\u00e1nchez, lamenta profundamente su partida y reconoce en \u00e9l a un hombre que dedic\u00f3 buena parte de su vida a Nari\u00f1o, a su familia, al Partido Conservador y a su querido Pedregal.<\/strong><\/p>\n","protected":false},"excerpt":{"rendered":"<p>Nari\u00f1o despide a Leonel Olmedo S\u00e1nchez Zambrano, exalcalde, exdiputado, empresario y dirigente del Partido Conservador. Su vida p\u00fablica estuvo marcada por el servicio al departamento, la defensa de El Pedregal, la actividad empresarial y una extensa trayectoria pol\u00edtica. La muerte de Leonel S\u00e1nchez Zambrano enluta a la pol\u00edtica y a diferentes sectores sociales y empresariales [&hellip;]<\/p>\n","protected":false},"author":1,"featured_media":70879216282,"comment_status":"open","ping_status":"open","sticky":false,"template":"","format":"standard","meta":{"footnotes":""},"categories":[14,1528],"tags":[],"class_list":["post-70879216281","post","type-post","status-publish","format-standard","has-post-thumbnail","hentry","category-narino-actual","category-titulares"],"yoast_head":"<!-- This site is optimized with the Yoast SEO plugin v27.1.1 - https:\/\/yoast.com\/product\/yoast-seo-wordpress\/ -->\n<title>Muri\u00f3 Leonel S\u00e1nchez, una vida dedicada a Nari\u00f1o, al conservatismo y a su querido Pedregal | P\u00e1gina10<\/title>\n<meta name=\"robots\" content=\"index, follow, max-snippet:-1, max-image-preview:large, max-video-preview:-1\" \/>\n<link rel=\"canonical\" href=\"https:\/\/pagina10.com\/web\/murio-leonel-sanchez-una-vida-dedicada-a-narino-al-conservatismo-y-a-su-querido-pedregal\/\" \/>\n<meta property=\"og:locale\" content=\"es_ES\" \/>\n<meta property=\"og:type\" content=\"article\" \/>\n<meta property=\"og:title\" content=\"Muri\u00f3 Leonel S\u00e1nchez, una vida dedicada a Nari\u00f1o, al conservatismo y a su querido Pedregal | P\u00e1gina10\" \/>\n<meta property=\"og:description\" content=\"Nari\u00f1o despide a Leonel Olmedo S\u00e1nchez Zambrano, exalcalde, exdiputado, empresario y dirigente del Partido Conservador. Su vida p\u00fablica estuvo marcada por el servicio al departamento, la defensa de El Pedregal, la actividad empresarial y una extensa trayectoria pol\u00edtica. La muerte de Leonel S\u00e1nchez Zambrano enluta a la pol\u00edtica y a diferentes sectores sociales y empresariales [&hellip;]\" \/>\n<meta property=\"og:url\" content=\"https:\/\/pagina10.com\/web\/murio-leonel-sanchez-una-vida-dedicada-a-narino-al-conservatismo-y-a-su-querido-pedregal\/\" \/>\n<meta property=\"og:site_name\" content=\"P\u00e1gina10\" \/>\n<meta property=\"article:publisher\" content=\"https:\/\/www.facebook.com\/pag10com\" \/>\n<meta property=\"article:published_time\" content=\"2026-09-01T18:03:42+00:00\" \/>\n<meta property=\"article:modified_time\" content=\"2026-09-01T18:13:29+00:00\" \/>\n<meta property=\"og:image\" content=\"https:\/\/pagina10.com\/web\/wp-content\/uploads\/2026\/09\/67500559_860680377638129_3068161689498157056_n-e1788285793373.jpg\" \/>\n\t<meta property=\"og:image:width\" content=\"2012\" \/>\n\t<meta property=\"og:image:height\" content=\"1508\" \/>\n\t<meta property=\"og:image:type\" content=\"image\/jpeg\" \/>\n<meta name=\"author\" content=\"P\u00e1gina 10\" \/>\n<meta name=\"twitter:card\" content=\"summary_large_image\" \/>\n<meta name=\"twitter:creator\" content=\"@Pag10com\" \/>\n<meta name=\"twitter:site\" content=\"@Pag10com\" \/>\n<meta name=\"twitter:label1\" content=\"Escrito por\" \/>\n\t<meta name=\"twitter:data1\" content=\"P\u00e1gina 10\" \/>\n\t<meta name=\"twitter:label2\" content=\"Tiempo de lectura\" \/>\n\t<meta name=\"twitter:data2\" content=\"3 minutos\" \/>\n<script type=\"application\/ld+json\" class=\"yoast-schema-graph\">{\"@context\":\"https:\/\/schema.org\",\"@graph\":[{\"@type\":\"Article\",\"@id\":\"https:\/\/pagina10.com\/web\/murio-leonel-sanchez-una-vida-dedicada-a-narino-al-conservatismo-y-a-su-querido-pedregal\/#article\",\"isPartOf\":{\"@id\":\"https:\/\/pagina10.com\/web\/murio-leonel-sanchez-una-vida-dedicada-a-narino-al-conservatismo-y-a-su-querido-pedregal\/\"},\"author\":{\"name\":\"P\u00e1gina 10\",\"@id\":\"https:\/\/pagina10.com\/web\/#\/schema\/person\/2efc4a090d25b667d3bc796798a3a81b\"},\"headline\":\"Muri\u00f3 Leonel S\u00e1nchez, una vida dedicada a Nari\u00f1o, al conservatismo y a su querido Pedregal\",\"datePublished\":\"2026-09-01T18:03:42+00:00\",\"dateModified\":\"2026-09-01T18:13:29+00:00\",\"mainEntityOfPage\":{\"@id\":\"https:\/\/pagina10.com\/web\/murio-leonel-sanchez-una-vida-dedicada-a-narino-al-conservatismo-y-a-su-querido-pedregal\/\"},\"wordCount\":588,\"commentCount\":0,\"publisher\":{\"@id\":\"https:\/\/pagina10.com\/web\/#organization\"},\"image\":{\"@id\":\"https:\/\/pagina10.com\/web\/murio-leonel-sanchez-una-vida-dedicada-a-narino-al-conservatismo-y-a-su-querido-pedregal\/#primaryimage\"},\"thumbnailUrl\":\"https:\/\/pagina10.com\/web\/wp-content\/uploads\/2026\/09\/67500559_860680377638129_3068161689498157056_n-e1788285793373.jpg\",\"articleSection\":[\"Nari\u00f1o Actual\",\"Titulares\"],\"inLanguage\":\"es\",\"potentialAction\":[{\"@type\":\"CommentAction\",\"name\":\"Comment\",\"target\":[\"https:\/\/pagina10.com\/web\/murio-leonel-sanchez-una-vida-dedicada-a-narino-al-conservatismo-y-a-su-querido-pedregal\/#respond\"]}]},{\"@type\":\"WebPage\",\"@id\":\"https:\/\/pagina10.com\/web\/murio-leonel-sanchez-una-vida-dedicada-a-narino-al-conservatismo-y-a-su-querido-pedregal\/\",\"url\":\"https:\/\/pagina10.com\/web\/murio-leonel-sanchez-una-vida-dedicada-a-narino-al-conservatismo-y-a-su-querido-pedregal\/\",\"name\":\"Muri\u00f3 Leonel S\u00e1nchez, una vida dedicada a Nari\u00f1o, al conservatismo y a su querido Pedregal | P\u00e1gina10\",\"isPartOf\":{\"@id\":\"https:\/\/pagina10.com\/web\/#website\"},\"primaryImageOfPage\":{\"@id\":\"https:\/\/pagina10.com\/web\/murio-leonel-sanchez-una-vida-dedicada-a-narino-al-conservatismo-y-a-su-querido-pedregal\/#primaryimage\"},\"image\":{\"@id\":\"https:\/\/pagina10.com\/web\/murio-leonel-sanchez-una-vida-dedicada-a-narino-al-conservatismo-y-a-su-querido-pedregal\/#primaryimage\"},\"thumbnailUrl\":\"https:\/\/pagina10.com\/web\/wp-content\/uploads\/2026\/09\/67500559_860680377638129_3068161689498157056_n-e1788285793373.jpg\",\"datePublished\":\"2026-09-01T18:03:42+00:00\",\"dateModified\":\"2026-09-01T18:13:29+00:00\",\"breadcrumb\":{\"@id\":\"https:\/\/pagina10.com\/web\/murio-leonel-sanchez-una-vida-dedicada-a-narino-al-conservatismo-y-a-su-querido-pedregal\/#breadcrumb\"},\"inLanguage\":\"es\",\"potentialAction\":[{\"@type\":\"ReadAction\",\"target\":[\"https:\/\/pagina10.com\/web\/murio-leonel-sanchez-una-vida-dedicada-a-narino-al-conservatismo-y-a-su-querido-pedregal\/\"]}]},{\"@type\":\"ImageObject\",\"inLanguage\":\"es\",\"@id\":\"https:\/\/pagina10.com\/web\/murio-leonel-sanchez-una-vida-dedicada-a-narino-al-conservatismo-y-a-su-querido-pedregal\/#primaryimage\",\"url\":\"https:\/\/pagina10.com\/web\/wp-content\/uploads\/2026\/09\/67500559_860680377638129_3068161689498157056_n-e1788285793373.jpg\",\"contentUrl\":\"https:\/\/pagina10.com\/web\/wp-content\/uploads\/2026\/09\/67500559_860680377638129_3068161689498157056_n-e1788285793373.jpg\",\"width\":2012,\"height\":1508},{\"@type\":\"BreadcrumbList\",\"@id\":\"https:\/\/pagina10.com\/web\/murio-leonel-sanchez-una-vida-dedicada-a-narino-al-conservatismo-y-a-su-querido-pedregal\/#breadcrumb\",\"itemListElement\":[{\"@type\":\"ListItem\",\"position\":1,\"name\":\"Portada\",\"item\":\"https:\/\/pagina10.com\/web\/\"},{\"@type\":\"ListItem\",\"position\":2,\"name\":\"Muri\u00f3 Leonel S\u00e1nchez, una vida dedicada a Nari\u00f1o, al conservatismo y a su querido Pedregal\"}]},{\"@type\":\"WebSite\",\"@id\":\"https:\/\/pagina10.com\/web\/#website\",\"url\":\"https:\/\/pagina10.com\/web\/\",\"name\":\"P\u00e1gina10\",\"description\":\"Peri\u00f3dico Regional\",\"publisher\":{\"@id\":\"https:\/\/pagina10.com\/web\/#organization\"},\"alternateName\":\"P\u00e1gina10 Peri\u00f3dico Regional\",\"potentialAction\":[{\"@type\":\"SearchAction\",\"target\":{\"@type\":\"EntryPoint\",\"urlTemplate\":\"https:\/\/pagina10.com\/web\/?s={search_term_string}\"},\"query-input\":{\"@type\":\"PropertyValueSpecification\",\"valueRequired\":true,\"valueName\":\"search_term_string\"}}],\"inLanguage\":\"es\"},{\"@type\":\"Organization\",\"@id\":\"https:\/\/pagina10.com\/web\/#organization\",\"name\":\"P\u00e1gina10\",\"alternateName\":\"P\u00e1gina10 Peri\u00f3dico Regional\",\"url\":\"https:\/\/pagina10.com\/web\/\",\"logo\":{\"@type\":\"ImageObject\",\"inLanguage\":\"es\",\"@id\":\"https:\/\/pagina10.com\/web\/#\/schema\/logo\/image\/\",\"url\":\"https:\/\/pagina10.com\/web\/wp-content\/uploads\/2024\/01\/40-pagina-10-periodico-regional-pasto.jpg\",\"contentUrl\":\"https:\/\/pagina10.com\/web\/wp-content\/uploads\/2024\/01\/40-pagina-10-periodico-regional-pasto.jpg\",\"width\":1280,\"height\":720,\"caption\":\"P\u00e1gina10\"},\"image\":{\"@id\":\"https:\/\/pagina10.com\/web\/#\/schema\/logo\/image\/\"},\"sameAs\":[\"https:\/\/www.facebook.com\/pag10com\",\"https:\/\/x.com\/Pag10com\",\"https:\/\/www.instagram.com\/pagina10col\/\",\"https:\/\/youtube.com\/channel\/pag10\",\"https:\/\/www.tiktok.com\/@p10col\"]},{\"@type\":\"Person\",\"@id\":\"https:\/\/pagina10.com\/web\/#\/schema\/person\/2efc4a090d25b667d3bc796798a3a81b\",\"name\":\"P\u00e1gina 10\",\"description\":\"P\u00e1gina 10 es un peri\u00f3dico regional que nace en Colombia, en el departamento de Nari\u00f1o, con un enfoque global, fundamentado en cuatro pilares esenciales: la libertad, el pluralismo, la inclusi\u00f3n y la independencia. P\u00e1gina 10 hace referencia a Nari\u00f1o como el d\u00e9cimo departamento creado en Colombia, despu\u00e9s de un proceso pol\u00edtico liderado por actores y actrices regionales con el fin de obtener la independencia y autonom\u00eda de nuestros territorios. Con la creaci\u00f3n de P\u00e1gina 10 se pretende abrir un escenario para el dialogo, la reflexi\u00f3n y el debate que se extienda a otras geograf\u00edas de Am\u00e9rica Latina y del planeta, en una apuesta por transformar colectivamente los desaf\u00edos de un mundo contempor\u00e1neo, m\u00e1s all\u00e1 de las fronteras impuestas.\",\"url\":\"https:\/\/pagina10.com\/web\/author\/pdiezadmin\/\"}]}<\/script>\n<!-- \/ Yoast SEO plugin. -->","yoast_head_json":{"title":"Muri\u00f3 Leonel S\u00e1nchez, una vida dedicada a Nari\u00f1o, al conservatismo y a su querido Pedregal | P\u00e1gina10","robots":{"index":"index","follow":"follow","max-snippet":"max-snippet:-1","max-image-preview":"max-image-preview:large","max-video-preview":"max-video-preview:-1"},"canonical":"https:\/\/pagina10.com\/web\/murio-leonel-sanchez-una-vida-dedicada-a-narino-al-conservatismo-y-a-su-querido-pedregal\/","og_locale":"es_ES","og_type":"article","og_title":"Muri\u00f3 Leonel S\u00e1nchez, una vida dedicada a Nari\u00f1o, al conservatismo y a su querido Pedregal | P\u00e1gina10","og_description":"Nari\u00f1o despide a Leonel Olmedo S\u00e1nchez Zambrano, exalcalde, exdiputado, empresario y dirigente del Partido Conservador. Su vida p\u00fablica estuvo marcada por el servicio al departamento, la defensa de El Pedregal, la actividad empresarial y una extensa trayectoria pol\u00edtica. La muerte de Leonel S\u00e1nchez Zambrano enluta a la pol\u00edtica y a diferentes sectores sociales y empresariales [&hellip;]","og_url":"https:\/\/pagina10.com\/web\/murio-leonel-sanchez-una-vida-dedicada-a-narino-al-conservatismo-y-a-su-querido-pedregal\/","og_site_name":"P\u00e1gina10","article_publisher":"https:\/\/www.facebook.com\/pag10com","article_published_time":"2026-09-01T18:03:42+00:00","article_modified_time":"2026-09-01T18:13:29+00:00","og_image":[{"width":2012,"height":1508,"url":"https:\/\/pagina10.com\/web\/wp-content\/uploads\/2026\/09\/67500559_860680377638129_3068161689498157056_n-e1788285793373.jpg","type":"image\/jpeg"}],"author":"P\u00e1gina 10","twitter_card":"summary_large_image","twitter_creator":"@Pag10com","twitter_site":"@Pag10com","twitter_misc":{"Escrito por":"P\u00e1gina 10","Tiempo de lectura":"3 minutos"},"schema":{"@context":"https:\/\/schema.org","@graph":[{"@type":"Article","@id":"https:\/\/pagina10.com\/web\/murio-leonel-sanchez-una-vida-dedicada-a-narino-al-conservatismo-y-a-su-querido-pedregal\/#article","isPartOf":{"@id":"https:\/\/pagina10.com\/web\/murio-leonel-sanchez-una-vida-dedicada-a-narino-al-conservatismo-y-a-su-querido-pedregal\/"},"author":{"name":"P\u00e1gina 10","@id":"https:\/\/pagina10.com\/web\/#\/schema\/person\/2efc4a090d25b667d3bc796798a3a81b"},"headline":"Muri\u00f3 Leonel S\u00e1nchez, una vida dedicada a Nari\u00f1o, al conservatismo y a su querido Pedregal","datePublished":"2026-09-01T18:03:42+00:00","dateModified":"2026-09-01T18:13:29+00:00","mainEntityOfPage":{"@id":"https:\/\/pagina10.com\/web\/murio-leonel-sanchez-una-vida-dedicada-a-narino-al-conservatismo-y-a-su-querido-pedregal\/"},"wordCount":588,"commentCount":0,"publisher":{"@id":"https:\/\/pagina10.com\/web\/#organization"},"image":{"@id":"https:\/\/pagina10.com\/web\/murio-leonel-sanchez-una-vida-dedicada-a-narino-al-conservatismo-y-a-su-querido-pedregal\/#primaryimage"},"thumbnailUrl":"https:\/\/pagina10.com\/web\/wp-content\/uploads\/2026\/09\/67500559_860680377638129_3068161689498157056_n-e1788285793373.jpg","articleSection":["Nari\u00f1o Actual","Titulares"],"inLanguage":"es","potentialAction":[{"@type":"CommentAction","name":"Comment","target":["https:\/\/pagina10.com\/web\/murio-leonel-sanchez-una-vida-dedicada-a-narino-al-conservatismo-y-a-su-querido-pedregal\/#respond"]}]},{"@type":"WebPage","@id":"https:\/\/pagina10.com\/web\/murio-leonel-sanchez-una-vida-dedicada-a-narino-al-conservatismo-y-a-su-querido-pedregal\/","url":"https:\/\/pagina10.com\/web\/murio-leonel-sanchez-una-vida-dedicada-a-narino-al-conservatismo-y-a-su-querido-pedregal\/","name":"Muri\u00f3 Leonel S\u00e1nchez, una vida dedicada a Nari\u00f1o, al conservatismo y a su querido Pedregal | P\u00e1gina10","isPartOf":{"@id":"https:\/\/pagina10.com\/web\/#website"},"primaryImageOfPage":{"@id":"https:\/\/pagina10.com\/web\/murio-leonel-sanchez-una-vida-dedicada-a-narino-al-conservatismo-y-a-su-querido-pedregal\/#primaryimage"},"image":{"@id":"https:\/\/pagina10.com\/web\/murio-leonel-sanchez-una-vida-dedicada-a-narino-al-conservatismo-y-a-su-querido-pedregal\/#primaryimage"},"thumbnailUrl":"https:\/\/pagina10.com\/web\/wp-content\/uploads\/2026\/09\/67500559_860680377638129_3068161689498157056_n-e1788285793373.jpg","datePublished":"2026-09-01T18:03:42+00:00","dateModified":"2026-09-01T18:13:29+00:00","breadcrumb":{"@id":"https:\/\/pagina10.com\/web\/murio-leonel-sanchez-una-vida-dedicada-a-narino-al-conservatismo-y-a-su-querido-pedregal\/#breadcrumb"},"inLanguage":"es","potentialAction":[{"@type":"ReadAction","target":["https:\/\/pagina10.com\/web\/murio-leonel-sanchez-una-vida-dedicada-a-narino-al-conservatismo-y-a-su-querido-pedregal\/"]}]},{"@type":"ImageObject","inLanguage":"es","@id":"https:\/\/pagina10.com\/web\/murio-leonel-sanchez-una-vida-dedicada-a-narino-al-conservatismo-y-a-su-querido-pedregal\/#primaryimage","url":"https:\/\/pagina10.com\/web\/wp-content\/uploads\/2026\/09\/67500559_860680377638129_3068161689498157056_n-e1788285793373.jpg","contentUrl":"https:\/\/pagina10.com\/web\/wp-content\/uploads\/2026\/09\/67500559_860680377638129_3068161689498157056_n-e1788285793373.jpg","width":2012,"height":1508},{"@type":"BreadcrumbList","@id":"https:\/\/pagina10.com\/web\/murio-leonel-sanchez-una-vida-dedicada-a-narino-al-conservatismo-y-a-su-querido-pedregal\/#breadcrumb","itemListElement":[{"@type":"ListItem","position":1,"name":"Portada","item":"https:\/\/pagina10.com\/web\/"},{"@type":"ListItem","position":2,"name":"Muri\u00f3 Leonel S\u00e1nchez, una vida dedicada a Nari\u00f1o, al conservatismo y a su querido Pedregal"}]},{"@type":"WebSite","@id":"https:\/\/pagina10.com\/web\/#website","url":"https:\/\/pagina10.com\/web\/","name":"P\u00e1gina10","description":"Peri\u00f3dico Regional","publisher":{"@id":"https:\/\/pagina10.com\/web\/#organization"},"alternateName":"P\u00e1gina10 Peri\u00f3dico Regional","potentialAction":[{"@type":"SearchAction","target":{"@type":"EntryPoint","urlTemplate":"https:\/\/pagina10.com\/web\/?s={search_term_string}"},"query-input":{"@type":"PropertyValueSpecification","valueRequired":true,"valueName":"search_term_string"}}],"inLanguage":"es"},{"@type":"Organization","@id":"https:\/\/pagina10.com\/web\/#organization","name":"P\u00e1gina10","alternateName":"P\u00e1gina10 Peri\u00f3dico Regional","url":"https:\/\/pagina10.com\/web\/","logo":{"@type":"ImageObject","inLanguage":"es","@id":"https:\/\/pagina10.com\/web\/#\/schema\/logo\/image\/","url":"https:\/\/pagina10.com\/web\/wp-content\/uploads\/2024\/01\/40-pagina-10-periodico-regional-pasto.jpg","contentUrl":"https:\/\/pagina10.com\/web\/wp-content\/uploads\/2024\/01\/40-pagina-10-periodico-regional-pasto.jpg","width":1280,"height":720,"caption":"P\u00e1gina10"},"image":{"@id":"https:\/\/pagina10.com\/web\/#\/schema\/logo\/image\/"},"sameAs":["https:\/\/www.facebook.com\/pag10com","https:\/\/x.com\/Pag10com","https:\/\/www.instagram.com\/pagina10col\/","https:\/\/youtube.com\/channel\/pag10","https:\/\/www.tiktok.com\/@p10col"]},{"@type":"Person","@id":"https:\/\/pagina10.com\/web\/#\/schema\/person\/2efc4a090d25b667d3bc796798a3a81b","name":"P\u00e1gina 10","description":"P\u00e1gina 10 es un peri\u00f3dico regional que nace en Colombia, en el departamento de Nari\u00f1o, con un enfoque global, fundamentado en cuatro pilares esenciales: la libertad, el pluralismo, la inclusi\u00f3n y la independencia. P\u00e1gina 10 hace referencia a Nari\u00f1o como el d\u00e9cimo departamento creado en Colombia, despu\u00e9s de un proceso pol\u00edtico liderado por actores y actrices regionales con el fin de obtener la independencia y autonom\u00eda de nuestros territorios. Con la creaci\u00f3n de P\u00e1gina 10 se pretende abrir un escenario para el dialogo, la reflexi\u00f3n y el debate que se extienda a otras geograf\u00edas de Am\u00e9rica Latina y del planeta, en una apuesta por transformar colectivamente los desaf\u00edos de un mundo contempor\u00e1neo, m\u00e1s all\u00e1 de las fronteras impuestas.","url":"https:\/\/pagina10.com\/web\/author\/pdiezadmin\/"}]}},"_links":{"self":[{"href":"https:\/\/pagina10.com\/web\/wp-json\/wp\/v2\/posts\/70879216281","targetHints":{"allow":["GET"]}}],"collection":[{"href":"https:\/\/pagina10.com\/web\/wp-json\/wp\/v2\/posts"}],"about":[{"href":"https:\/\/pagina10.com\/web\/wp-json\/wp\/v2\/types\/post"}],"author":[{"embeddable":true,"href":"https:\/\/pagina10.com\/web\/wp-json\/wp\/v2\/users\/1"}],"replies":[{"embeddable":true,"href":"https:\/\/pagina10.com\/web\/wp-json\/wp\/v2\/comments?post=70879216281"}],"version-history":[{"count":3,"href":"https:\/\/pagina10.com\/web\/wp-json\/wp\/v2\/posts\/70879216281\/revisions"}],"predecessor-version":[{"id":70879216285,"href":"https:\/\/pagina10.com\/web\/wp-json\/wp\/v2\/posts\/70879216281\/revisions\/70879216285"}],"wp:featuredmedia":[{"embeddable":true,"href":"https:\/\/pagina10.com\/web\/wp-json\/wp\/v2\/media\/70879216282"}],"wp:attachment":[{"href":"https:\/\/pagina10.com\/web\/wp-json\/wp\/v2\/media?parent=70879216281"}],"wp:term":[{"taxonomy":"category","embeddable":true,"href":"https:\/\/pagina10.com\/web\/wp-json\/wp\/v2\/categories?post=70879216281"},{"taxonomy":"post_tag","embeddable":true,"href":"https:\/\/pagina10.com\/web\/wp-json\/wp\/v2\/tags?post=70879216281"}],"curies":[{"name":"wp","href":"https:\/\/api.w.org\/{rel}","templated":true}]}}