{"id":70879216286,"date":"2026-09-01T15:32:59","date_gmt":"2026-09-01T20:32:59","guid":{"rendered":"https:\/\/pagina10.com\/web\/?p=70879216286"},"modified":"2026-09-01T15:32:59","modified_gmt":"2026-09-01T20:32:59","slug":"la-orquesta-sinfonica-del-sur-presenta-cuando-el-violin-se-encuentra-con-la-orquesta","status":"publish","type":"post","link":"https:\/\/pagina10.com\/web\/la-orquesta-sinfonica-del-sur-presenta-cuando-el-violin-se-encuentra-con-la-orquesta\/","title":{"rendered":"La Orquesta Sinf\u00f3nica del Sur presenta: &#8220;Cuando el viol\u00edn se encuentra con la Orquesta&#8221;"},"content":{"rendered":"<p style=\"text-align: justify;\">Ser solista frente a una orquesta sinf\u00f3nica representa uno de los mayores privilegios y desaf\u00edos para un m\u00fasico. No significa simplemente sobresalir entre decenas de instrumentistas, sino asumir la responsabilidad de establecer un di\u00e1logo con toda la orquesta y convertir la t\u00e9cnica, la sensibilidad y el car\u00e1cter interpretativo en una voz capaz de conducir al p\u00fablico por una experiencia musical.<\/p>\n<p style=\"text-align: justify;\">En esta oportunidad, la Orquesta Sinf\u00f3nica del Sur tendr\u00e1 como director invitado al maestro Jairo Zambrano Ortiz y como solista al violinista Gustavo Ceballos Bejarano, quien, con tan solo 17 a\u00f1os, comienza a ocupar un lugar destacado entre los j\u00f3venes solistas de Colombia gracias a su extraordinario talento, disciplina y sensibilidad musical.<\/p>\n<p style=\"text-align: justify;\">El reto art\u00edstico est\u00e1 a la altura de su talento: interpretar\u00e1, entre otras, la c\u00e9lebre Fantas\u00eda sobre Carmen, de Pablo de Sarasate, inspirada en la inmortal \u00f3pera de Georges Bizet y considerada una obra ic\u00f3nica del repertorio virtuoso para viol\u00edn.<\/p>\n<p style=\"text-align: justify;\">Sarasate transforma las inolvidables melod\u00edas de Carmen en un deslumbrante viaje para viol\u00edn solista. En sus manos, el instrumento canta, seduce, danza y desaf\u00eda sus propios l\u00edmites mediante vertiginosos pasajes, arm\u00f3nicos, dobles cuerdas y momentos de extraordinaria expresividad.<\/p>\n<p style=\"text-align: justify;\">Pero la verdadera virtud de un solista no est\u00e1 \u00fanicamente en superar las dificultades t\u00e9cnicas de una obra. Est\u00e1 en conseguir que el virtuosismo deje de percibirse como dificultad y se transforme en emoci\u00f3n.<\/p>\n<p style=\"text-align: justify;\">Que un m\u00fasico nari\u00f1ense de apenas 17 a\u00f1os asuma este desaf\u00edo junto a la Orquesta Sinf\u00f3nica del Sur es tambi\u00e9n una invitaci\u00f3n a reconocer el enorme potencial de las nuevas generaciones de m\u00fasicos colombianos. Porque cuando el talento encuentra en la disciplina y la sensibilidad sus mejores aliados, la edad deja de ser una medida y la m\u00fasica comienza a hablar por s\u00ed misma.<\/p>\n","protected":false},"excerpt":{"rendered":"<p>Ser solista frente a una orquesta sinf\u00f3nica representa uno de los mayores privilegios y desaf\u00edos para un m\u00fasico. No significa simplemente sobresalir entre decenas de instrumentistas, sino asumir la responsabilidad de establecer un di\u00e1logo con toda la orquesta y convertir la t\u00e9cnica, la sensibilidad y el car\u00e1cter interpretativo en una voz capaz de conducir al [&hellip;]<\/p>\n","protected":false},"author":1,"featured_media":70879216287,"comment_status":"open","ping_status":"open","sticky":false,"template":"","format":"standard","meta":{"footnotes":""},"categories":[85],"tags":[],"class_list":["post-70879216286","post","type-post","status-publish","format-standard","has-post-thumbnail","hentry","category-culturas-2"],"yoast_head":"<!-- This site is optimized with the Yoast SEO plugin v27.1.1 - https:\/\/yoast.com\/product\/yoast-seo-wordpress\/ -->\n<title>La Orquesta Sinf\u00f3nica del Sur presenta: &quot;Cuando el viol\u00edn se encuentra con la Orquesta&quot; | P\u00e1gina10<\/title>\n<meta name=\"robots\" content=\"index, follow, max-snippet:-1, max-image-preview:large, max-video-preview:-1\" \/>\n<link rel=\"canonical\" href=\"https:\/\/pagina10.com\/web\/la-orquesta-sinfonica-del-sur-presenta-cuando-el-violin-se-encuentra-con-la-orquesta\/\" \/>\n<meta property=\"og:locale\" content=\"es_ES\" \/>\n<meta property=\"og:type\" content=\"article\" \/>\n<meta property=\"og:title\" content=\"La Orquesta Sinf\u00f3nica del Sur presenta: &quot;Cuando el viol\u00edn se encuentra con la Orquesta&quot; | P\u00e1gina10\" \/>\n<meta property=\"og:description\" content=\"Ser solista frente a una orquesta sinf\u00f3nica representa uno de los mayores privilegios y desaf\u00edos para un m\u00fasico. No significa simplemente sobresalir entre decenas de instrumentistas, sino asumir la responsabilidad de establecer un di\u00e1logo con toda la orquesta y convertir la t\u00e9cnica, la sensibilidad y el car\u00e1cter interpretativo en una voz capaz de conducir al [&hellip;]\" \/>\n<meta property=\"og:url\" content=\"https:\/\/pagina10.com\/web\/la-orquesta-sinfonica-del-sur-presenta-cuando-el-violin-se-encuentra-con-la-orquesta\/\" \/>\n<meta property=\"og:site_name\" content=\"P\u00e1gina10\" \/>\n<meta property=\"article:publisher\" content=\"https:\/\/www.facebook.com\/pag10com\" \/>\n<meta property=\"article:published_time\" content=\"2026-09-01T20:32:59+00:00\" \/>\n<meta property=\"og:image\" content=\"https:\/\/pagina10.com\/web\/wp-content\/uploads\/2026\/09\/WhatsApp-Image-2026-08-28-at-2.12.39-PM-e1788294756366.jpeg\" \/>\n\t<meta property=\"og:image:width\" content=\"1044\" \/>\n\t<meta property=\"og:image:height\" content=\"656\" \/>\n\t<meta property=\"og:image:type\" content=\"image\/jpeg\" \/>\n<meta name=\"author\" content=\"P\u00e1gina 10\" \/>\n<meta name=\"twitter:card\" content=\"summary_large_image\" \/>\n<meta name=\"twitter:creator\" content=\"@Pag10com\" \/>\n<meta name=\"twitter:site\" content=\"@Pag10com\" \/>\n<meta name=\"twitter:label1\" content=\"Escrito por\" \/>\n\t<meta name=\"twitter:data1\" content=\"P\u00e1gina 10\" \/>\n\t<meta name=\"twitter:label2\" content=\"Tiempo de lectura\" \/>\n\t<meta name=\"twitter:data2\" content=\"2 minutos\" \/>\n<script type=\"application\/ld+json\" class=\"yoast-schema-graph\">{\"@context\":\"https:\/\/schema.org\",\"@graph\":[{\"@type\":\"Article\",\"@id\":\"https:\/\/pagina10.com\/web\/la-orquesta-sinfonica-del-sur-presenta-cuando-el-violin-se-encuentra-con-la-orquesta\/#article\",\"isPartOf\":{\"@id\":\"https:\/\/pagina10.com\/web\/la-orquesta-sinfonica-del-sur-presenta-cuando-el-violin-se-encuentra-con-la-orquesta\/\"},\"author\":{\"name\":\"P\u00e1gina 10\",\"@id\":\"https:\/\/pagina10.com\/web\/#\/schema\/person\/2efc4a090d25b667d3bc796798a3a81b\"},\"headline\":\"La Orquesta Sinf\u00f3nica del Sur presenta: &#8220;Cuando el viol\u00edn se encuentra con la Orquesta&#8221;\",\"datePublished\":\"2026-09-01T20:32:59+00:00\",\"mainEntityOfPage\":{\"@id\":\"https:\/\/pagina10.com\/web\/la-orquesta-sinfonica-del-sur-presenta-cuando-el-violin-se-encuentra-con-la-orquesta\/\"},\"wordCount\":333,\"commentCount\":0,\"publisher\":{\"@id\":\"https:\/\/pagina10.com\/web\/#organization\"},\"image\":{\"@id\":\"https:\/\/pagina10.com\/web\/la-orquesta-sinfonica-del-sur-presenta-cuando-el-violin-se-encuentra-con-la-orquesta\/#primaryimage\"},\"thumbnailUrl\":\"https:\/\/pagina10.com\/web\/wp-content\/uploads\/2026\/09\/WhatsApp-Image-2026-08-28-at-2.12.39-PM-e1788294756366.jpeg\",\"articleSection\":[\"Culturas\"],\"inLanguage\":\"es\",\"potentialAction\":[{\"@type\":\"CommentAction\",\"name\":\"Comment\",\"target\":[\"https:\/\/pagina10.com\/web\/la-orquesta-sinfonica-del-sur-presenta-cuando-el-violin-se-encuentra-con-la-orquesta\/#respond\"]}]},{\"@type\":\"WebPage\",\"@id\":\"https:\/\/pagina10.com\/web\/la-orquesta-sinfonica-del-sur-presenta-cuando-el-violin-se-encuentra-con-la-orquesta\/\",\"url\":\"https:\/\/pagina10.com\/web\/la-orquesta-sinfonica-del-sur-presenta-cuando-el-violin-se-encuentra-con-la-orquesta\/\",\"name\":\"La Orquesta Sinf\u00f3nica del Sur presenta: \\\"Cuando el viol\u00edn se encuentra con la Orquesta\\\" | P\u00e1gina10\",\"isPartOf\":{\"@id\":\"https:\/\/pagina10.com\/web\/#website\"},\"primaryImageOfPage\":{\"@id\":\"https:\/\/pagina10.com\/web\/la-orquesta-sinfonica-del-sur-presenta-cuando-el-violin-se-encuentra-con-la-orquesta\/#primaryimage\"},\"image\":{\"@id\":\"https:\/\/pagina10.com\/web\/la-orquesta-sinfonica-del-sur-presenta-cuando-el-violin-se-encuentra-con-la-orquesta\/#primaryimage\"},\"thumbnailUrl\":\"https:\/\/pagina10.com\/web\/wp-content\/uploads\/2026\/09\/WhatsApp-Image-2026-08-28-at-2.12.39-PM-e1788294756366.jpeg\",\"datePublished\":\"2026-09-01T20:32:59+00:00\",\"breadcrumb\":{\"@id\":\"https:\/\/pagina10.com\/web\/la-orquesta-sinfonica-del-sur-presenta-cuando-el-violin-se-encuentra-con-la-orquesta\/#breadcrumb\"},\"inLanguage\":\"es\",\"potentialAction\":[{\"@type\":\"ReadAction\",\"target\":[\"https:\/\/pagina10.com\/web\/la-orquesta-sinfonica-del-sur-presenta-cuando-el-violin-se-encuentra-con-la-orquesta\/\"]}]},{\"@type\":\"ImageObject\",\"inLanguage\":\"es\",\"@id\":\"https:\/\/pagina10.com\/web\/la-orquesta-sinfonica-del-sur-presenta-cuando-el-violin-se-encuentra-con-la-orquesta\/#primaryimage\",\"url\":\"https:\/\/pagina10.com\/web\/wp-content\/uploads\/2026\/09\/WhatsApp-Image-2026-08-28-at-2.12.39-PM-e1788294756366.jpeg\",\"contentUrl\":\"https:\/\/pagina10.com\/web\/wp-content\/uploads\/2026\/09\/WhatsApp-Image-2026-08-28-at-2.12.39-PM-e1788294756366.jpeg\",\"width\":1044,\"height\":656},{\"@type\":\"BreadcrumbList\",\"@id\":\"https:\/\/pagina10.com\/web\/la-orquesta-sinfonica-del-sur-presenta-cuando-el-violin-se-encuentra-con-la-orquesta\/#breadcrumb\",\"itemListElement\":[{\"@type\":\"ListItem\",\"position\":1,\"name\":\"Portada\",\"item\":\"https:\/\/pagina10.com\/web\/\"},{\"@type\":\"ListItem\",\"position\":2,\"name\":\"La Orquesta Sinf\u00f3nica del Sur presenta: &#8220;Cuando el viol\u00edn se encuentra con la Orquesta&#8221;\"}]},{\"@type\":\"WebSite\",\"@id\":\"https:\/\/pagina10.com\/web\/#website\",\"url\":\"https:\/\/pagina10.com\/web\/\",\"name\":\"P\u00e1gina10\",\"description\":\"Peri\u00f3dico Regional\",\"publisher\":{\"@id\":\"https:\/\/pagina10.com\/web\/#organization\"},\"alternateName\":\"P\u00e1gina10 Peri\u00f3dico Regional\",\"potentialAction\":[{\"@type\":\"SearchAction\",\"target\":{\"@type\":\"EntryPoint\",\"urlTemplate\":\"https:\/\/pagina10.com\/web\/?s={search_term_string}\"},\"query-input\":{\"@type\":\"PropertyValueSpecification\",\"valueRequired\":true,\"valueName\":\"search_term_string\"}}],\"inLanguage\":\"es\"},{\"@type\":\"Organization\",\"@id\":\"https:\/\/pagina10.com\/web\/#organization\",\"name\":\"P\u00e1gina10\",\"alternateName\":\"P\u00e1gina10 Peri\u00f3dico Regional\",\"url\":\"https:\/\/pagina10.com\/web\/\",\"logo\":{\"@type\":\"ImageObject\",\"inLanguage\":\"es\",\"@id\":\"https:\/\/pagina10.com\/web\/#\/schema\/logo\/image\/\",\"url\":\"https:\/\/pagina10.com\/web\/wp-content\/uploads\/2024\/01\/40-pagina-10-periodico-regional-pasto.jpg\",\"contentUrl\":\"https:\/\/pagina10.com\/web\/wp-content\/uploads\/2024\/01\/40-pagina-10-periodico-regional-pasto.jpg\",\"width\":1280,\"height\":720,\"caption\":\"P\u00e1gina10\"},\"image\":{\"@id\":\"https:\/\/pagina10.com\/web\/#\/schema\/logo\/image\/\"},\"sameAs\":[\"https:\/\/www.facebook.com\/pag10com\",\"https:\/\/x.com\/Pag10com\",\"https:\/\/www.instagram.com\/pagina10col\/\",\"https:\/\/youtube.com\/channel\/pag10\",\"https:\/\/www.tiktok.com\/@p10col\"]},{\"@type\":\"Person\",\"@id\":\"https:\/\/pagina10.com\/web\/#\/schema\/person\/2efc4a090d25b667d3bc796798a3a81b\",\"name\":\"P\u00e1gina 10\",\"description\":\"P\u00e1gina 10 es un peri\u00f3dico regional que nace en Colombia, en el departamento de Nari\u00f1o, con un enfoque global, fundamentado en cuatro pilares esenciales: la libertad, el pluralismo, la inclusi\u00f3n y la independencia. P\u00e1gina 10 hace referencia a Nari\u00f1o como el d\u00e9cimo departamento creado en Colombia, despu\u00e9s de un proceso pol\u00edtico liderado por actores y actrices regionales con el fin de obtener la independencia y autonom\u00eda de nuestros territorios. Con la creaci\u00f3n de P\u00e1gina 10 se pretende abrir un escenario para el dialogo, la reflexi\u00f3n y el debate que se extienda a otras geograf\u00edas de Am\u00e9rica Latina y del planeta, en una apuesta por transformar colectivamente los desaf\u00edos de un mundo contempor\u00e1neo, m\u00e1s all\u00e1 de las fronteras impuestas.\",\"url\":\"https:\/\/pagina10.com\/web\/author\/pdiezadmin\/\"}]}<\/script>\n<!-- \/ Yoast SEO plugin. -->","yoast_head_json":{"title":"La Orquesta Sinf\u00f3nica del Sur presenta: \"Cuando el viol\u00edn se encuentra con la Orquesta\" | P\u00e1gina10","robots":{"index":"index","follow":"follow","max-snippet":"max-snippet:-1","max-image-preview":"max-image-preview:large","max-video-preview":"max-video-preview:-1"},"canonical":"https:\/\/pagina10.com\/web\/la-orquesta-sinfonica-del-sur-presenta-cuando-el-violin-se-encuentra-con-la-orquesta\/","og_locale":"es_ES","og_type":"article","og_title":"La Orquesta Sinf\u00f3nica del Sur presenta: \"Cuando el viol\u00edn se encuentra con la Orquesta\" | P\u00e1gina10","og_description":"Ser solista frente a una orquesta sinf\u00f3nica representa uno de los mayores privilegios y desaf\u00edos para un m\u00fasico. No significa simplemente sobresalir entre decenas de instrumentistas, sino asumir la responsabilidad de establecer un di\u00e1logo con toda la orquesta y convertir la t\u00e9cnica, la sensibilidad y el car\u00e1cter interpretativo en una voz capaz de conducir al [&hellip;]","og_url":"https:\/\/pagina10.com\/web\/la-orquesta-sinfonica-del-sur-presenta-cuando-el-violin-se-encuentra-con-la-orquesta\/","og_site_name":"P\u00e1gina10","article_publisher":"https:\/\/www.facebook.com\/pag10com","article_published_time":"2026-09-01T20:32:59+00:00","og_image":[{"width":1044,"height":656,"url":"https:\/\/pagina10.com\/web\/wp-content\/uploads\/2026\/09\/WhatsApp-Image-2026-08-28-at-2.12.39-PM-e1788294756366.jpeg","type":"image\/jpeg"}],"author":"P\u00e1gina 10","twitter_card":"summary_large_image","twitter_creator":"@Pag10com","twitter_site":"@Pag10com","twitter_misc":{"Escrito por":"P\u00e1gina 10","Tiempo de lectura":"2 minutos"},"schema":{"@context":"https:\/\/schema.org","@graph":[{"@type":"Article","@id":"https:\/\/pagina10.com\/web\/la-orquesta-sinfonica-del-sur-presenta-cuando-el-violin-se-encuentra-con-la-orquesta\/#article","isPartOf":{"@id":"https:\/\/pagina10.com\/web\/la-orquesta-sinfonica-del-sur-presenta-cuando-el-violin-se-encuentra-con-la-orquesta\/"},"author":{"name":"P\u00e1gina 10","@id":"https:\/\/pagina10.com\/web\/#\/schema\/person\/2efc4a090d25b667d3bc796798a3a81b"},"headline":"La Orquesta Sinf\u00f3nica del Sur presenta: &#8220;Cuando el viol\u00edn se encuentra con la Orquesta&#8221;","datePublished":"2026-09-01T20:32:59+00:00","mainEntityOfPage":{"@id":"https:\/\/pagina10.com\/web\/la-orquesta-sinfonica-del-sur-presenta-cuando-el-violin-se-encuentra-con-la-orquesta\/"},"wordCount":333,"commentCount":0,"publisher":{"@id":"https:\/\/pagina10.com\/web\/#organization"},"image":{"@id":"https:\/\/pagina10.com\/web\/la-orquesta-sinfonica-del-sur-presenta-cuando-el-violin-se-encuentra-con-la-orquesta\/#primaryimage"},"thumbnailUrl":"https:\/\/pagina10.com\/web\/wp-content\/uploads\/2026\/09\/WhatsApp-Image-2026-08-28-at-2.12.39-PM-e1788294756366.jpeg","articleSection":["Culturas"],"inLanguage":"es","potentialAction":[{"@type":"CommentAction","name":"Comment","target":["https:\/\/pagina10.com\/web\/la-orquesta-sinfonica-del-sur-presenta-cuando-el-violin-se-encuentra-con-la-orquesta\/#respond"]}]},{"@type":"WebPage","@id":"https:\/\/pagina10.com\/web\/la-orquesta-sinfonica-del-sur-presenta-cuando-el-violin-se-encuentra-con-la-orquesta\/","url":"https:\/\/pagina10.com\/web\/la-orquesta-sinfonica-del-sur-presenta-cuando-el-violin-se-encuentra-con-la-orquesta\/","name":"La Orquesta Sinf\u00f3nica del Sur presenta: \"Cuando el viol\u00edn se encuentra con la Orquesta\" | P\u00e1gina10","isPartOf":{"@id":"https:\/\/pagina10.com\/web\/#website"},"primaryImageOfPage":{"@id":"https:\/\/pagina10.com\/web\/la-orquesta-sinfonica-del-sur-presenta-cuando-el-violin-se-encuentra-con-la-orquesta\/#primaryimage"},"image":{"@id":"https:\/\/pagina10.com\/web\/la-orquesta-sinfonica-del-sur-presenta-cuando-el-violin-se-encuentra-con-la-orquesta\/#primaryimage"},"thumbnailUrl":"https:\/\/pagina10.com\/web\/wp-content\/uploads\/2026\/09\/WhatsApp-Image-2026-08-28-at-2.12.39-PM-e1788294756366.jpeg","datePublished":"2026-09-01T20:32:59+00:00","breadcrumb":{"@id":"https:\/\/pagina10.com\/web\/la-orquesta-sinfonica-del-sur-presenta-cuando-el-violin-se-encuentra-con-la-orquesta\/#breadcrumb"},"inLanguage":"es","potentialAction":[{"@type":"ReadAction","target":["https:\/\/pagina10.com\/web\/la-orquesta-sinfonica-del-sur-presenta-cuando-el-violin-se-encuentra-con-la-orquesta\/"]}]},{"@type":"ImageObject","inLanguage":"es","@id":"https:\/\/pagina10.com\/web\/la-orquesta-sinfonica-del-sur-presenta-cuando-el-violin-se-encuentra-con-la-orquesta\/#primaryimage","url":"https:\/\/pagina10.com\/web\/wp-content\/uploads\/2026\/09\/WhatsApp-Image-2026-08-28-at-2.12.39-PM-e1788294756366.jpeg","contentUrl":"https:\/\/pagina10.com\/web\/wp-content\/uploads\/2026\/09\/WhatsApp-Image-2026-08-28-at-2.12.39-PM-e1788294756366.jpeg","width":1044,"height":656},{"@type":"BreadcrumbList","@id":"https:\/\/pagina10.com\/web\/la-orquesta-sinfonica-del-sur-presenta-cuando-el-violin-se-encuentra-con-la-orquesta\/#breadcrumb","itemListElement":[{"@type":"ListItem","position":1,"name":"Portada","item":"https:\/\/pagina10.com\/web\/"},{"@type":"ListItem","position":2,"name":"La Orquesta Sinf\u00f3nica del Sur presenta: &#8220;Cuando el viol\u00edn se encuentra con la Orquesta&#8221;"}]},{"@type":"WebSite","@id":"https:\/\/pagina10.com\/web\/#website","url":"https:\/\/pagina10.com\/web\/","name":"P\u00e1gina10","description":"Peri\u00f3dico Regional","publisher":{"@id":"https:\/\/pagina10.com\/web\/#organization"},"alternateName":"P\u00e1gina10 Peri\u00f3dico Regional","potentialAction":[{"@type":"SearchAction","target":{"@type":"EntryPoint","urlTemplate":"https:\/\/pagina10.com\/web\/?s={search_term_string}"},"query-input":{"@type":"PropertyValueSpecification","valueRequired":true,"valueName":"search_term_string"}}],"inLanguage":"es"},{"@type":"Organization","@id":"https:\/\/pagina10.com\/web\/#organization","name":"P\u00e1gina10","alternateName":"P\u00e1gina10 Peri\u00f3dico Regional","url":"https:\/\/pagina10.com\/web\/","logo":{"@type":"ImageObject","inLanguage":"es","@id":"https:\/\/pagina10.com\/web\/#\/schema\/logo\/image\/","url":"https:\/\/pagina10.com\/web\/wp-content\/uploads\/2024\/01\/40-pagina-10-periodico-regional-pasto.jpg","contentUrl":"https:\/\/pagina10.com\/web\/wp-content\/uploads\/2024\/01\/40-pagina-10-periodico-regional-pasto.jpg","width":1280,"height":720,"caption":"P\u00e1gina10"},"image":{"@id":"https:\/\/pagina10.com\/web\/#\/schema\/logo\/image\/"},"sameAs":["https:\/\/www.facebook.com\/pag10com","https:\/\/x.com\/Pag10com","https:\/\/www.instagram.com\/pagina10col\/","https:\/\/youtube.com\/channel\/pag10","https:\/\/www.tiktok.com\/@p10col"]},{"@type":"Person","@id":"https:\/\/pagina10.com\/web\/#\/schema\/person\/2efc4a090d25b667d3bc796798a3a81b","name":"P\u00e1gina 10","description":"P\u00e1gina 10 es un peri\u00f3dico regional que nace en Colombia, en el departamento de Nari\u00f1o, con un enfoque global, fundamentado en cuatro pilares esenciales: la libertad, el pluralismo, la inclusi\u00f3n y la independencia. P\u00e1gina 10 hace referencia a Nari\u00f1o como el d\u00e9cimo departamento creado en Colombia, despu\u00e9s de un proceso pol\u00edtico liderado por actores y actrices regionales con el fin de obtener la independencia y autonom\u00eda de nuestros territorios. Con la creaci\u00f3n de P\u00e1gina 10 se pretende abrir un escenario para el dialogo, la reflexi\u00f3n y el debate que se extienda a otras geograf\u00edas de Am\u00e9rica Latina y del planeta, en una apuesta por transformar colectivamente los desaf\u00edos de un mundo contempor\u00e1neo, m\u00e1s all\u00e1 de las fronteras impuestas.","url":"https:\/\/pagina10.com\/web\/author\/pdiezadmin\/"}]}},"_links":{"self":[{"href":"https:\/\/pagina10.com\/web\/wp-json\/wp\/v2\/posts\/70879216286","targetHints":{"allow":["GET"]}}],"collection":[{"href":"https:\/\/pagina10.com\/web\/wp-json\/wp\/v2\/posts"}],"about":[{"href":"https:\/\/pagina10.com\/web\/wp-json\/wp\/v2\/types\/post"}],"author":[{"embeddable":true,"href":"https:\/\/pagina10.com\/web\/wp-json\/wp\/v2\/users\/1"}],"replies":[{"embeddable":true,"href":"https:\/\/pagina10.com\/web\/wp-json\/wp\/v2\/comments?post=70879216286"}],"version-history":[{"count":1,"href":"https:\/\/pagina10.com\/web\/wp-json\/wp\/v2\/posts\/70879216286\/revisions"}],"predecessor-version":[{"id":70879216288,"href":"https:\/\/pagina10.com\/web\/wp-json\/wp\/v2\/posts\/70879216286\/revisions\/70879216288"}],"wp:featuredmedia":[{"embeddable":true,"href":"https:\/\/pagina10.com\/web\/wp-json\/wp\/v2\/media\/70879216287"}],"wp:attachment":[{"href":"https:\/\/pagina10.com\/web\/wp-json\/wp\/v2\/media?parent=70879216286"}],"wp:term":[{"taxonomy":"category","embeddable":true,"href":"https:\/\/pagina10.com\/web\/wp-json\/wp\/v2\/categories?post=70879216286"},{"taxonomy":"post_tag","embeddable":true,"href":"https:\/\/pagina10.com\/web\/wp-json\/wp\/v2\/tags?post=70879216286"}],"curies":[{"name":"wp","href":"https:\/\/api.w.org\/{rel}","templated":true}]}}