{"id":70879216290,"date":"2026-09-01T20:31:44","date_gmt":"2026-09-02T01:31:44","guid":{"rendered":"https:\/\/pagina10.com\/web\/?p=70879216290"},"modified":"2026-09-01T20:31:44","modified_gmt":"2026-09-02T01:31:44","slug":"piedad-bonnett-una-vida-escrita-sin-anestesia","status":"publish","type":"post","link":"https:\/\/pagina10.com\/web\/piedad-bonnett-una-vida-escrita-sin-anestesia\/","title":{"rendered":"Piedad Bonnett, una vida escrita sin anestesia"},"content":{"rendered":"<p><strong>Por Tirso Benavides Benavides<\/strong><\/p>\n<p>Los premios no convierten a nadie en escritor: a lo sumo, iluminan durante unos d\u00edas una obra que llevaba a\u00f1os trabajando en la penumbra. En el caso de Piedad Bonnett, la luz llega sobre un territorio que los lectores conocen bien. La autora colombiana fue declarada ganadora del Premio Internacional de las Letras ExLibris Murcia 2026, distinci\u00f3n que reconoce su trayectoria y su aporte a la literatura en espa\u00f1ol. La ceremonia se realizar\u00e1 el pr\u00f3ximo 25 de septiembre, durante la IX Semana Internacional de las Letras de la Regi\u00f3n de Murcia. Bonnett ha dicho que el reconocimiento la honra tremendamente. No es una cortes\u00eda menor ni una frase de ocasi\u00f3n: despu\u00e9s de una vida dedicada a ponerle palabras a lo que suele esconderse, el galard\u00f3n confirma que su voz ya no pertenece \u00fanicamente a Colombia.<\/p>\n<p>Nacida en Amalfi, Antioquia, y formada en Filosof\u00eda y Letras en la Universidad de los Andes, con una maestr\u00eda en Teor\u00eda del Arte, la Arquitectura y el Dise\u00f1o de la Universidad Nacional, Bonnett ha sido poeta, novelista, dramaturga, ensayista, profesora y columnista. Esa enumeraci\u00f3n podr\u00eda hacerla parecer una autora dispersa. Ocurre lo contrario. Los g\u00e9neros cambian, pero la pregunta permanece: qu\u00e9 hace una persona con los pedazos que dejan la infancia, la familia, el deseo, la enfermedad, la violencia y la muerte. Su literatura no promete recomponerlos. Los mira de frente.<\/p>\n<p>Bonnett es, antes que nada, poeta. Ella misma ha llamado a la poes\u00eda su lenguaje natural. Desde <em>De c\u00edrculo y ceniza<\/em> hasta <em>El hilo de los d\u00edas<\/em>, <em>Ese animal triste<\/em>, <em>Las tretas del d\u00e9bil<\/em>, <em>Las herencias<\/em>, <em>Explicaciones no pedidas<\/em> y <em>Los habitados<\/em>, su escritura ha construido una intimidad sin terciopelo. Habla del cuerpo que envejece, del amor cuando pierde su ret\u00f3rica, de la infancia como herencia y herida, de la casa familiar, del miedo, la p\u00e9rdida y el pa\u00eds. Su palabra, que con los a\u00f1os se volvi\u00f3 m\u00e1s dura, concisa y seca \u2014seg\u00fan ha explicado la propia autora\u2014, evita la solemnidad con la que cierta poes\u00eda intenta anunciar que es poes\u00eda. En Bonnett la imagen nace de la experiencia y la inteligencia vigila a la emoci\u00f3n para que no se vuelva chantaje.<\/p>\n<p>Esa trayectoria po\u00e9tica recibi\u00f3 en 2024 el Premio Reina Sof\u00eda de Poes\u00eda Iberoamericana, uno de los reconocimientos mayores de la lengua espa\u00f1ola y portuguesa. El jurado destac\u00f3 la solidez, organicidad y coherencia de su obra. Mucho antes hab\u00edan llegado el Premio Nacional de Poes\u00eda por <em>El hilo de los d\u00edas<\/em>, el Casa de Am\u00e9rica de Poes\u00eda Americana por <em>Explicaciones no pedidas<\/em>, el premio Poetas del Mundo Latino, el Jos\u00e9 Lezama Lima y el Generaci\u00f3n del 27 por <em>Los habitados<\/em>. El ExLibris Murcia se suma, entonces, a un palmar\u00e9s abundante, pero tiene una virtud particular: reconoce el conjunto de una autora que nunca se dej\u00f3 encerrar en el anaquel de la poes\u00eda.<\/p>\n<p>Su narrativa ampl\u00eda los mismos conflictos con personajes que cargan vidas agrietadas. <em>Despu\u00e9s de todo<\/em> sigue a Ana cuando se derrumba su mundo de afectos y certezas y debe preguntarse si alguna vez fue feliz. <em>Para otros es el cielo<\/em> explora los laberintos de los v\u00ednculos y la fragilidad con que construimos una vida. <em>Siempre fue invierno<\/em> lleva la violencia colombiana hasta la biograf\u00eda de \u00c1ngel y entrelaza desplazamiento, ambici\u00f3n, amor y fracaso. En <em>El prestigio de la belleza<\/em>, esa \u201cautobiograf\u00eda falsa\u201d, una ni\u00f1a descubre que la sociedad ya ha dictado sentencia sobre su aspecto y aprende que la belleza tambi\u00e9n puede ser una forma de poder. <em>Donde nadie me espere<\/em> acompa\u00f1a a Gabriel, un hombre que ha renunciado a la normalidad y trata de reconstruir el camino que lo dej\u00f3 en los m\u00e1rgenes. <em>Qu\u00e9 hacer con estos pedazos<\/em> encierra a Emilia en una remodelaci\u00f3n dom\u00e9stica que termina revelando d\u00e9cadas de renuncias, culpas y peque\u00f1as violencias matrimoniales. Y en <em>La mujer incierta<\/em> la memoria personal se convierte en examen de las muchas mujeres que ha sido.<\/p>\n<p>Pero hay un libro que cambi\u00f3 la relaci\u00f3n entre Bonnett y sus lectores. <em>Lo que no tiene nombre<\/em>, publicado en 2013, cuenta la enfermedad mental y el suicidio de su hijo Daniel Segura Bonnett, ocurrido en Nueva York en mayo de 2011. Daniel era artista y hab\u00eda convivido durante a\u00f1os con la esquizofrenia. La autora pudo refugiarse en el silencio, ese lugar al que las familias suelen ser empujadas por el estigma, la culpa y la inc\u00f3moda curiosidad ajena. Eligi\u00f3 escribir.<\/p>\n<p>El resultado no es una novela ni un manual de duelo. Es un testimonio atravesado por la memoria, la investigaci\u00f3n \u00edntima y una pregunta imposible: c\u00f3mo narrar la muerte de un hijo sin reducir su vida al acto final.<\/p>\n<p>Bonnett reconstruye la lucha de Daniel, la experiencia familiar frente a la enfermedad, las decisiones m\u00e9dicas, los signos que entonces parec\u00edan dispersos y la devastaci\u00f3n posterior. No convierte a su hijo en s\u00edmbolo ni a s\u00ed misma en estatua de madre doliente. Tampoco ofrece consuelo de farmacia. La escritura ordena, interroga, recuerda; no resucita. All\u00ed est\u00e1 una de las razones de la potencia del libro. <em>Lo que no tiene nombre<\/em> rompe dos silencios \u2014el de la enfermedad mental y el del suicidio\u2014 sin volverlos espect\u00e1culo. Su prosa conserva el pulso de la poeta: precisi\u00f3n, contenci\u00f3n, im\u00e1genes limpias, pausas que dicen tanto como las frases. El dolor aparece sin maquillaje, pero tambi\u00e9n sin exhibicionismo. Bonnett hace algo todav\u00eda m\u00e1s dif\u00edcil, devuelve a Daniel su condici\u00f3n de persona, su valent\u00eda, su talento, su humor, sus contradicciones. La muerte deja de devorarse toda la biograf\u00eda.<\/p>\n<p>En poes\u00eda y narrativa, su estilo trabaja con materiales semejantes. Hay una mirada psicol\u00f3gica aguda, una primera persona que no pide indulgencia, un lenguaje accesible que jam\u00e1s confunde claridad con pobreza y una iron\u00eda discreta frente a las imposturas de la familia, la pareja, la religi\u00f3n o las convenciones sociales. Lo \u00edntimo, en su obra, no es un cuarto cerrado: por sus rendijas entran la violencia colombiana, el mandato de la belleza, la educaci\u00f3n sentimental de las mujeres, la vejez, el deterioro de los afectos y la exclusi\u00f3n de quienes no encajan en la idea de normalidad.<\/p>\n<p>Por eso resulta insuficiente presentarla apenas como una escritora del dolor. Bonnett escribe tambi\u00e9n sobre el deseo, la resistencia, la libertad, la ternura y las formas precarias de seguir viviendo. Lo hace sin la obligaci\u00f3n contempor\u00e1nea de convertir cada herida en una lecci\u00f3n de superaci\u00f3n. En sus libros las personas no siempre sanan ni encuentran una respuesta edificante. A veces apenas comprenden qu\u00e9 les pas\u00f3. Esa lucidez, menos vendible que la esperanza instant\u00e1nea, es una forma m\u00e1s honesta de compa\u00f1\u00eda.<\/p>\n<p>El Premio Internacional de las Letras ExLibris Murcia 2026 llega dos a\u00f1os despu\u00e9s del Reina Sof\u00eda y confirma algo que sus lectores ya sab\u00edan, Piedad Bonnett es una de las autoras contempor\u00e1neas m\u00e1s destacadas de Am\u00e9rica Latina y de la literatura escrita en castellano. No porque acumule medallas \u2014aunque las acumula\u2014, sino porque ha forjado una obra coherente entre g\u00e9neros distintos y ha conseguido que la experiencia privada dialogue con los miedos de una \u00e9poca. Hay escritores que nombran lo visible. Bonnett ha dedicado su vida a encontrar palabras para aquello que, antes de ella, parec\u00eda no tener nombre.<\/p>\n","protected":false},"excerpt":{"rendered":"<p>Por Tirso Benavides Benavides Los premios no convierten a nadie en escritor: a lo sumo, iluminan durante unos d\u00edas una obra que llevaba a\u00f1os trabajando en la penumbra. En el caso de Piedad Bonnett, la luz llega sobre un territorio que los lectores conocen bien. La autora colombiana fue declarada ganadora del Premio Internacional de [&hellip;]<\/p>\n","protected":false},"author":82,"featured_media":70879216291,"comment_status":"open","ping_status":"open","sticky":false,"template":"","format":"standard","meta":{"footnotes":""},"categories":[87],"tags":[],"class_list":["post-70879216290","post","type-post","status-publish","format-standard","has-post-thumbnail","hentry","category-literatura-culturas-2"],"yoast_head":"<!-- This site is optimized with the Yoast SEO plugin v27.1.1 - https:\/\/yoast.com\/product\/yoast-seo-wordpress\/ -->\n<title>Piedad Bonnett, una vida escrita sin anestesia | P\u00e1gina10<\/title>\n<meta name=\"robots\" content=\"index, follow, max-snippet:-1, max-image-preview:large, max-video-preview:-1\" \/>\n<link rel=\"canonical\" href=\"https:\/\/pagina10.com\/web\/piedad-bonnett-una-vida-escrita-sin-anestesia\/\" \/>\n<meta property=\"og:locale\" content=\"es_ES\" \/>\n<meta property=\"og:type\" content=\"article\" \/>\n<meta property=\"og:title\" content=\"Piedad Bonnett, una vida escrita sin anestesia | P\u00e1gina10\" \/>\n<meta property=\"og:description\" content=\"Por Tirso Benavides Benavides Los premios no convierten a nadie en escritor: a lo sumo, iluminan durante unos d\u00edas una obra que llevaba a\u00f1os trabajando en la penumbra. En el caso de Piedad Bonnett, la luz llega sobre un territorio que los lectores conocen bien. La autora colombiana fue declarada ganadora del Premio Internacional de [&hellip;]\" \/>\n<meta property=\"og:url\" content=\"https:\/\/pagina10.com\/web\/piedad-bonnett-una-vida-escrita-sin-anestesia\/\" \/>\n<meta property=\"og:site_name\" content=\"P\u00e1gina10\" \/>\n<meta property=\"article:publisher\" content=\"https:\/\/www.facebook.com\/pag10com\" \/>\n<meta property=\"article:published_time\" content=\"2026-09-02T01:31:44+00:00\" \/>\n<meta property=\"og:image\" content=\"https:\/\/pagina10.com\/web\/wp-content\/uploads\/2026\/09\/piedad-bonnet.webp\" \/>\n\t<meta property=\"og:image:width\" content=\"1200\" \/>\n\t<meta property=\"og:image:height\" content=\"675\" \/>\n\t<meta property=\"og:image:type\" content=\"image\/webp\" \/>\n<meta name=\"author\" content=\"Tirso Benavides Benavides\" \/>\n<meta name=\"twitter:card\" content=\"summary_large_image\" \/>\n<meta name=\"twitter:creator\" content=\"@Pag10com\" \/>\n<meta name=\"twitter:site\" content=\"@Pag10com\" \/>\n<meta name=\"twitter:label1\" content=\"Escrito por\" \/>\n\t<meta name=\"twitter:data1\" content=\"Tirso Benavides Benavides\" \/>\n\t<meta name=\"twitter:label2\" content=\"Tiempo de lectura\" \/>\n\t<meta name=\"twitter:data2\" content=\"6 minutos\" \/>\n<script type=\"application\/ld+json\" class=\"yoast-schema-graph\">{\"@context\":\"https:\/\/schema.org\",\"@graph\":[{\"@type\":\"Article\",\"@id\":\"https:\/\/pagina10.com\/web\/piedad-bonnett-una-vida-escrita-sin-anestesia\/#article\",\"isPartOf\":{\"@id\":\"https:\/\/pagina10.com\/web\/piedad-bonnett-una-vida-escrita-sin-anestesia\/\"},\"author\":{\"name\":\"Tirso Benavides Benavides\",\"@id\":\"https:\/\/pagina10.com\/web\/#\/schema\/person\/3e05042176c3ab3452967095b9143268\"},\"headline\":\"Piedad Bonnett, una vida escrita sin anestesia\",\"datePublished\":\"2026-09-02T01:31:44+00:00\",\"mainEntityOfPage\":{\"@id\":\"https:\/\/pagina10.com\/web\/piedad-bonnett-una-vida-escrita-sin-anestesia\/\"},\"wordCount\":1288,\"commentCount\":0,\"publisher\":{\"@id\":\"https:\/\/pagina10.com\/web\/#organization\"},\"image\":{\"@id\":\"https:\/\/pagina10.com\/web\/piedad-bonnett-una-vida-escrita-sin-anestesia\/#primaryimage\"},\"thumbnailUrl\":\"https:\/\/pagina10.com\/web\/wp-content\/uploads\/2026\/09\/piedad-bonnet.webp\",\"articleSection\":[\"Literatura\"],\"inLanguage\":\"es\",\"potentialAction\":[{\"@type\":\"CommentAction\",\"name\":\"Comment\",\"target\":[\"https:\/\/pagina10.com\/web\/piedad-bonnett-una-vida-escrita-sin-anestesia\/#respond\"]}]},{\"@type\":\"WebPage\",\"@id\":\"https:\/\/pagina10.com\/web\/piedad-bonnett-una-vida-escrita-sin-anestesia\/\",\"url\":\"https:\/\/pagina10.com\/web\/piedad-bonnett-una-vida-escrita-sin-anestesia\/\",\"name\":\"Piedad Bonnett, una vida escrita sin anestesia | P\u00e1gina10\",\"isPartOf\":{\"@id\":\"https:\/\/pagina10.com\/web\/#website\"},\"primaryImageOfPage\":{\"@id\":\"https:\/\/pagina10.com\/web\/piedad-bonnett-una-vida-escrita-sin-anestesia\/#primaryimage\"},\"image\":{\"@id\":\"https:\/\/pagina10.com\/web\/piedad-bonnett-una-vida-escrita-sin-anestesia\/#primaryimage\"},\"thumbnailUrl\":\"https:\/\/pagina10.com\/web\/wp-content\/uploads\/2026\/09\/piedad-bonnet.webp\",\"datePublished\":\"2026-09-02T01:31:44+00:00\",\"breadcrumb\":{\"@id\":\"https:\/\/pagina10.com\/web\/piedad-bonnett-una-vida-escrita-sin-anestesia\/#breadcrumb\"},\"inLanguage\":\"es\",\"potentialAction\":[{\"@type\":\"ReadAction\",\"target\":[\"https:\/\/pagina10.com\/web\/piedad-bonnett-una-vida-escrita-sin-anestesia\/\"]}]},{\"@type\":\"ImageObject\",\"inLanguage\":\"es\",\"@id\":\"https:\/\/pagina10.com\/web\/piedad-bonnett-una-vida-escrita-sin-anestesia\/#primaryimage\",\"url\":\"https:\/\/pagina10.com\/web\/wp-content\/uploads\/2026\/09\/piedad-bonnet.webp\",\"contentUrl\":\"https:\/\/pagina10.com\/web\/wp-content\/uploads\/2026\/09\/piedad-bonnet.webp\",\"width\":1200,\"height\":675},{\"@type\":\"BreadcrumbList\",\"@id\":\"https:\/\/pagina10.com\/web\/piedad-bonnett-una-vida-escrita-sin-anestesia\/#breadcrumb\",\"itemListElement\":[{\"@type\":\"ListItem\",\"position\":1,\"name\":\"Portada\",\"item\":\"https:\/\/pagina10.com\/web\/\"},{\"@type\":\"ListItem\",\"position\":2,\"name\":\"Piedad Bonnett, una vida escrita sin anestesia\"}]},{\"@type\":\"WebSite\",\"@id\":\"https:\/\/pagina10.com\/web\/#website\",\"url\":\"https:\/\/pagina10.com\/web\/\",\"name\":\"P\u00e1gina10\",\"description\":\"Peri\u00f3dico Regional\",\"publisher\":{\"@id\":\"https:\/\/pagina10.com\/web\/#organization\"},\"alternateName\":\"P\u00e1gina10 Peri\u00f3dico Regional\",\"potentialAction\":[{\"@type\":\"SearchAction\",\"target\":{\"@type\":\"EntryPoint\",\"urlTemplate\":\"https:\/\/pagina10.com\/web\/?s={search_term_string}\"},\"query-input\":{\"@type\":\"PropertyValueSpecification\",\"valueRequired\":true,\"valueName\":\"search_term_string\"}}],\"inLanguage\":\"es\"},{\"@type\":\"Organization\",\"@id\":\"https:\/\/pagina10.com\/web\/#organization\",\"name\":\"P\u00e1gina10\",\"alternateName\":\"P\u00e1gina10 Peri\u00f3dico Regional\",\"url\":\"https:\/\/pagina10.com\/web\/\",\"logo\":{\"@type\":\"ImageObject\",\"inLanguage\":\"es\",\"@id\":\"https:\/\/pagina10.com\/web\/#\/schema\/logo\/image\/\",\"url\":\"https:\/\/pagina10.com\/web\/wp-content\/uploads\/2024\/01\/40-pagina-10-periodico-regional-pasto.jpg\",\"contentUrl\":\"https:\/\/pagina10.com\/web\/wp-content\/uploads\/2024\/01\/40-pagina-10-periodico-regional-pasto.jpg\",\"width\":1280,\"height\":720,\"caption\":\"P\u00e1gina10\"},\"image\":{\"@id\":\"https:\/\/pagina10.com\/web\/#\/schema\/logo\/image\/\"},\"sameAs\":[\"https:\/\/www.facebook.com\/pag10com\",\"https:\/\/x.com\/Pag10com\",\"https:\/\/www.instagram.com\/pagina10col\/\",\"https:\/\/youtube.com\/channel\/pag10\",\"https:\/\/www.tiktok.com\/@p10col\"]},{\"@type\":\"Person\",\"@id\":\"https:\/\/pagina10.com\/web\/#\/schema\/person\/3e05042176c3ab3452967095b9143268\",\"name\":\"Tirso Benavides Benavides\",\"description\":\"Escritor y periodista pastuso. Padre de Aurelia Mar\u00eda. Autor de los libros de relatos \\\"Noche de Desvelo\\\", \\\"Malditas Sean Todas las V\u00edrgenes\\\", \\\"Ella Quer\u00eda Ense\u00f1arme de G\u00e9nero, Yo Quer\u00eda Ense\u00f1arle Degenero\\\" y del poemario \\\"Polvos Casuales\\\". Abogado de la Universidad de Los Andes. Comunicador Social de la Universidad Pontificia Bolivariana. Especialista en Derecho Constitucional del Externado de Colombia. Especialista en Derecho M\u00e9dico de la Universidad Cooperativa. Mag\u00edster en Periodismo de la Universidad de Buenos Aires. Maestrando en Gerencia en Salud.\",\"url\":\"https:\/\/pagina10.com\/web\/author\/tirso-benavides-benavides\/\"}]}<\/script>\n<!-- \/ Yoast SEO plugin. -->","yoast_head_json":{"title":"Piedad Bonnett, una vida escrita sin anestesia | P\u00e1gina10","robots":{"index":"index","follow":"follow","max-snippet":"max-snippet:-1","max-image-preview":"max-image-preview:large","max-video-preview":"max-video-preview:-1"},"canonical":"https:\/\/pagina10.com\/web\/piedad-bonnett-una-vida-escrita-sin-anestesia\/","og_locale":"es_ES","og_type":"article","og_title":"Piedad Bonnett, una vida escrita sin anestesia | P\u00e1gina10","og_description":"Por Tirso Benavides Benavides Los premios no convierten a nadie en escritor: a lo sumo, iluminan durante unos d\u00edas una obra que llevaba a\u00f1os trabajando en la penumbra. En el caso de Piedad Bonnett, la luz llega sobre un territorio que los lectores conocen bien. La autora colombiana fue declarada ganadora del Premio Internacional de [&hellip;]","og_url":"https:\/\/pagina10.com\/web\/piedad-bonnett-una-vida-escrita-sin-anestesia\/","og_site_name":"P\u00e1gina10","article_publisher":"https:\/\/www.facebook.com\/pag10com","article_published_time":"2026-09-02T01:31:44+00:00","og_image":[{"width":1200,"height":675,"url":"https:\/\/pagina10.com\/web\/wp-content\/uploads\/2026\/09\/piedad-bonnet.webp","type":"image\/webp"}],"author":"Tirso Benavides Benavides","twitter_card":"summary_large_image","twitter_creator":"@Pag10com","twitter_site":"@Pag10com","twitter_misc":{"Escrito por":"Tirso Benavides Benavides","Tiempo de lectura":"6 minutos"},"schema":{"@context":"https:\/\/schema.org","@graph":[{"@type":"Article","@id":"https:\/\/pagina10.com\/web\/piedad-bonnett-una-vida-escrita-sin-anestesia\/#article","isPartOf":{"@id":"https:\/\/pagina10.com\/web\/piedad-bonnett-una-vida-escrita-sin-anestesia\/"},"author":{"name":"Tirso Benavides Benavides","@id":"https:\/\/pagina10.com\/web\/#\/schema\/person\/3e05042176c3ab3452967095b9143268"},"headline":"Piedad Bonnett, una vida escrita sin anestesia","datePublished":"2026-09-02T01:31:44+00:00","mainEntityOfPage":{"@id":"https:\/\/pagina10.com\/web\/piedad-bonnett-una-vida-escrita-sin-anestesia\/"},"wordCount":1288,"commentCount":0,"publisher":{"@id":"https:\/\/pagina10.com\/web\/#organization"},"image":{"@id":"https:\/\/pagina10.com\/web\/piedad-bonnett-una-vida-escrita-sin-anestesia\/#primaryimage"},"thumbnailUrl":"https:\/\/pagina10.com\/web\/wp-content\/uploads\/2026\/09\/piedad-bonnet.webp","articleSection":["Literatura"],"inLanguage":"es","potentialAction":[{"@type":"CommentAction","name":"Comment","target":["https:\/\/pagina10.com\/web\/piedad-bonnett-una-vida-escrita-sin-anestesia\/#respond"]}]},{"@type":"WebPage","@id":"https:\/\/pagina10.com\/web\/piedad-bonnett-una-vida-escrita-sin-anestesia\/","url":"https:\/\/pagina10.com\/web\/piedad-bonnett-una-vida-escrita-sin-anestesia\/","name":"Piedad Bonnett, una vida escrita sin anestesia | P\u00e1gina10","isPartOf":{"@id":"https:\/\/pagina10.com\/web\/#website"},"primaryImageOfPage":{"@id":"https:\/\/pagina10.com\/web\/piedad-bonnett-una-vida-escrita-sin-anestesia\/#primaryimage"},"image":{"@id":"https:\/\/pagina10.com\/web\/piedad-bonnett-una-vida-escrita-sin-anestesia\/#primaryimage"},"thumbnailUrl":"https:\/\/pagina10.com\/web\/wp-content\/uploads\/2026\/09\/piedad-bonnet.webp","datePublished":"2026-09-02T01:31:44+00:00","breadcrumb":{"@id":"https:\/\/pagina10.com\/web\/piedad-bonnett-una-vida-escrita-sin-anestesia\/#breadcrumb"},"inLanguage":"es","potentialAction":[{"@type":"ReadAction","target":["https:\/\/pagina10.com\/web\/piedad-bonnett-una-vida-escrita-sin-anestesia\/"]}]},{"@type":"ImageObject","inLanguage":"es","@id":"https:\/\/pagina10.com\/web\/piedad-bonnett-una-vida-escrita-sin-anestesia\/#primaryimage","url":"https:\/\/pagina10.com\/web\/wp-content\/uploads\/2026\/09\/piedad-bonnet.webp","contentUrl":"https:\/\/pagina10.com\/web\/wp-content\/uploads\/2026\/09\/piedad-bonnet.webp","width":1200,"height":675},{"@type":"BreadcrumbList","@id":"https:\/\/pagina10.com\/web\/piedad-bonnett-una-vida-escrita-sin-anestesia\/#breadcrumb","itemListElement":[{"@type":"ListItem","position":1,"name":"Portada","item":"https:\/\/pagina10.com\/web\/"},{"@type":"ListItem","position":2,"name":"Piedad Bonnett, una vida escrita sin anestesia"}]},{"@type":"WebSite","@id":"https:\/\/pagina10.com\/web\/#website","url":"https:\/\/pagina10.com\/web\/","name":"P\u00e1gina10","description":"Peri\u00f3dico Regional","publisher":{"@id":"https:\/\/pagina10.com\/web\/#organization"},"alternateName":"P\u00e1gina10 Peri\u00f3dico Regional","potentialAction":[{"@type":"SearchAction","target":{"@type":"EntryPoint","urlTemplate":"https:\/\/pagina10.com\/web\/?s={search_term_string}"},"query-input":{"@type":"PropertyValueSpecification","valueRequired":true,"valueName":"search_term_string"}}],"inLanguage":"es"},{"@type":"Organization","@id":"https:\/\/pagina10.com\/web\/#organization","name":"P\u00e1gina10","alternateName":"P\u00e1gina10 Peri\u00f3dico Regional","url":"https:\/\/pagina10.com\/web\/","logo":{"@type":"ImageObject","inLanguage":"es","@id":"https:\/\/pagina10.com\/web\/#\/schema\/logo\/image\/","url":"https:\/\/pagina10.com\/web\/wp-content\/uploads\/2024\/01\/40-pagina-10-periodico-regional-pasto.jpg","contentUrl":"https:\/\/pagina10.com\/web\/wp-content\/uploads\/2024\/01\/40-pagina-10-periodico-regional-pasto.jpg","width":1280,"height":720,"caption":"P\u00e1gina10"},"image":{"@id":"https:\/\/pagina10.com\/web\/#\/schema\/logo\/image\/"},"sameAs":["https:\/\/www.facebook.com\/pag10com","https:\/\/x.com\/Pag10com","https:\/\/www.instagram.com\/pagina10col\/","https:\/\/youtube.com\/channel\/pag10","https:\/\/www.tiktok.com\/@p10col"]},{"@type":"Person","@id":"https:\/\/pagina10.com\/web\/#\/schema\/person\/3e05042176c3ab3452967095b9143268","name":"Tirso Benavides Benavides","description":"Escritor y periodista pastuso. Padre de Aurelia Mar\u00eda. Autor de los libros de relatos \"Noche de Desvelo\", \"Malditas Sean Todas las V\u00edrgenes\", \"Ella Quer\u00eda Ense\u00f1arme de G\u00e9nero, Yo Quer\u00eda Ense\u00f1arle Degenero\" y del poemario \"Polvos Casuales\". Abogado de la Universidad de Los Andes. Comunicador Social de la Universidad Pontificia Bolivariana. Especialista en Derecho Constitucional del Externado de Colombia. Especialista en Derecho M\u00e9dico de la Universidad Cooperativa. Mag\u00edster en Periodismo de la Universidad de Buenos Aires. Maestrando en Gerencia en Salud.","url":"https:\/\/pagina10.com\/web\/author\/tirso-benavides-benavides\/"}]}},"_links":{"self":[{"href":"https:\/\/pagina10.com\/web\/wp-json\/wp\/v2\/posts\/70879216290","targetHints":{"allow":["GET"]}}],"collection":[{"href":"https:\/\/pagina10.com\/web\/wp-json\/wp\/v2\/posts"}],"about":[{"href":"https:\/\/pagina10.com\/web\/wp-json\/wp\/v2\/types\/post"}],"author":[{"embeddable":true,"href":"https:\/\/pagina10.com\/web\/wp-json\/wp\/v2\/users\/82"}],"replies":[{"embeddable":true,"href":"https:\/\/pagina10.com\/web\/wp-json\/wp\/v2\/comments?post=70879216290"}],"version-history":[{"count":1,"href":"https:\/\/pagina10.com\/web\/wp-json\/wp\/v2\/posts\/70879216290\/revisions"}],"predecessor-version":[{"id":70879216292,"href":"https:\/\/pagina10.com\/web\/wp-json\/wp\/v2\/posts\/70879216290\/revisions\/70879216292"}],"wp:featuredmedia":[{"embeddable":true,"href":"https:\/\/pagina10.com\/web\/wp-json\/wp\/v2\/media\/70879216291"}],"wp:attachment":[{"href":"https:\/\/pagina10.com\/web\/wp-json\/wp\/v2\/media?parent=70879216290"}],"wp:term":[{"taxonomy":"category","embeddable":true,"href":"https:\/\/pagina10.com\/web\/wp-json\/wp\/v2\/categories?post=70879216290"},{"taxonomy":"post_tag","embeddable":true,"href":"https:\/\/pagina10.com\/web\/wp-json\/wp\/v2\/tags?post=70879216290"}],"curies":[{"name":"wp","href":"https:\/\/api.w.org\/{rel}","templated":true}]}}