{"id":70879216293,"date":"2026-09-02T14:41:43","date_gmt":"2026-09-02T19:41:43","guid":{"rendered":"https:\/\/pagina10.com\/web\/?p=70879216293"},"modified":"2026-09-02T14:41:43","modified_gmt":"2026-09-02T19:41:43","slug":"zava-el-decreto-que-petro-anuncio-y-no-firmo","status":"publish","type":"post","link":"https:\/\/pagina10.com\/web\/zava-el-decreto-que-petro-anuncio-y-no-firmo\/","title":{"rendered":"ZAVA: el decreto que Petro anunci\u00f3 y no firm\u00f3"},"content":{"rendered":"<div class=\"xdj266r x14z9mp xat24cr x1lziwak x1vvkbs x126k92a\">\n<div dir=\"auto\" style=\"text-align: justify;\"><\/div>\n<div dir=\"auto\" style=\"text-align: justify;\">Pablo Emilio Obando A.<\/div>\n<\/div>\n<div class=\"x14z9mp xat24cr x1lziwak x1vvkbs xtlvy1s x126k92a\" style=\"text-align: justify;\">\n<div dir=\"auto\">Veinti\u00fan a\u00f1os son demasiados para vivir bajo una prohibici\u00f3n.<\/div>\n<\/div>\n<div class=\"x14z9mp xat24cr x1lziwak x1vvkbs xtlvy1s x126k92a\" style=\"text-align: justify;\">\n<div dir=\"auto\">Veinti\u00fan a\u00f1os son demasiados para que una comunidad escuche que su territorio es peligroso, que sus tierras no pueden desarrollarse, que la inversi\u00f3n debe detenerse y que el futuro debe esperar.<\/div>\n<\/div>\n<div class=\"x14z9mp xat24cr x1lziwak x1vvkbs xtlvy1s x126k92a\" style=\"text-align: justify;\">\n<div dir=\"auto\">En 2005, mediante el Decreto 4106, el Estado colombiano declar\u00f3 la situaci\u00f3n de desastre en Pasto, Nari\u00f1o y La Florida por la amenaza del volc\u00e1n Galeras. Aquella decisi\u00f3n, sustentada en el conocimiento cient\u00edfico disponible entonces, termin\u00f3 convirti\u00e9ndose en una camisa de fuerza para miles de nari\u00f1enses.<\/div>\n<\/div>\n<div class=\"x14z9mp xat24cr x1lziwak x1vvkbs xtlvy1s x126k92a\" style=\"text-align: justify;\">\n<div dir=\"auto\">No se trataba solamente de una delimitaci\u00f3n en un mapa.<\/div>\n<\/div>\n<div class=\"x14z9mp xat24cr x1lziwak x1vvkbs xtlvy1s x126k92a\" style=\"text-align: justify;\">\n<div dir=\"auto\">Era la vida de la gente. Era la propiedad. Era la vivienda. Era el desarrollo. Era la posibilidad de invertir. Era, en muchos casos, la condena silenciosa a permanecer en un territorio donde el Estado dec\u00eda: aqu\u00ed no se puede.<\/div>\n<\/div>\n<div class=\"x14z9mp xat24cr x1lziwak x1vvkbs xtlvy1s x126k92a\" style=\"text-align: justify;\">\n<div dir=\"auto\">La ciencia, sin embargo, no es una fotograf\u00eda inm\u00f3vil. Avanza. Investiga. Corrige. Precisa. Y eso ocurri\u00f3 con el Galeras.<\/div>\n<\/div>\n<div class=\"x14z9mp xat24cr x1lziwak x1vvkbs xtlvy1s x126k92a\" style=\"text-align: justify;\">\n<div dir=\"auto\">Nuevos estudios, nuevas metodolog\u00edas y nuevos mapas permitieron comprender que amenaza y riesgo no son exactamente lo mismo y que la gesti\u00f3n territorial no puede reducirse a una prohibici\u00f3n generalizada.<\/div>\n<\/div>\n<div class=\"x14z9mp xat24cr x1lziwak x1vvkbs xtlvy1s x126k92a\" style=\"text-align: justify;\">\n<div dir=\"auto\">La Corte Constitucional, mediante la Sentencia T-269 de 2015, hab\u00eda dejado trazada una ruta: elaborar un nuevo Plan Integral de Gesti\u00f3n del Riesgo y, posteriormente, valorar jur\u00eddicamente la posibilidad de retornar a la normalidad.<\/div>\n<\/div>\n<div class=\"x14z9mp xat24cr x1lziwak x1vvkbs xtlvy1s x126k92a\" style=\"text-align: justify;\">\n<div dir=\"auto\">Nari\u00f1o cumpli\u00f3 su parte.<\/div>\n<\/div>\n<div class=\"x14z9mp xat24cr x1lziwak x1vvkbs xtlvy1s x126k92a\" style=\"text-align: justify;\">\n<div dir=\"auto\">La Gobernaci\u00f3n adopt\u00f3 el nuevo Plan Integral de Gesti\u00f3n del Riesgo del Volc\u00e1n Galeras mediante el Decreto 032 del 20 de febrero de 2026.<\/div>\n<\/div>\n<div class=\"x14z9mp xat24cr x1lziwak x1vvkbs xtlvy1s x126k92a\" style=\"text-align: justify;\">\n<div dir=\"auto\">La ciencia hab\u00eda hablado. El territorio hab\u00eda hablado. Las comunidades hab\u00edan hablado. Y entonces lleg\u00f3 el momento pol\u00edtico.<\/div>\n<\/div>\n<div class=\"x14z9mp xat24cr x1lziwak x1vvkbs xtlvy1s x126k92a\" style=\"text-align: justify;\">\n<div dir=\"auto\">El 14 de abril de 2026, desde Ipiales, el presidente Gustavo Petro anunci\u00f3 lo que Nari\u00f1o hab\u00eda esperado durante m\u00e1s de dos d\u00e9cadas: el retorno a la normalidad en la zona de influencia del Galeras. La decisi\u00f3n hab\u00eda sido respaldada por el Consejo Nacional de Gesti\u00f3n del Riesgo.<\/div>\n<\/div>\n<div class=\"x14z9mp xat24cr x1lziwak x1vvkbs xtlvy1s x126k92a\" style=\"text-align: justify;\">\n<div dir=\"auto\">Parec\u00eda que la historia finalmente hab\u00eda terminado.<\/div>\n<div dir=\"auto\">Pero no. Porque una cosa es anunciar un decreto y otra muy distinta es expedirlo.El decreto necesitaba la firma presidencial. Y esa firma nunca lleg\u00f3. Aqu\u00ed comienza la verdadera historia.<\/div>\n<\/div>\n<div class=\"x14z9mp xat24cr x1lziwak x1vvkbs xtlvy1s x126k92a\" style=\"text-align: justify;\">\n<div dir=\"auto\">No estamos hablando de una ley que deb\u00eda ser sancionada por el Congreso. Estamos hablando de un decreto presidencial que deb\u00eda formalizar jur\u00eddicamente el retorno a la normalidad de Pasto, Nari\u00f1o y La Florida y cerrar el ciclo iniciado con el Decreto 4106 de 2005.<\/div>\n<\/div>\n<div class=\"x14z9mp xat24cr x1lziwak x1vvkbs xtlvy1s x126k92a\" style=\"text-align: justify;\">\n<div dir=\"auto\">El proyecto avanz\u00f3. Tuvo versiones sucesivas.<\/div>\n<div dir=\"auto\">Segunda. Tercera. Cuarta. Quinta. Y finalmente sexta versi\u00f3n.<\/div>\n<\/div>\n<div class=\"x14z9mp xat24cr x1lziwak x1vvkbs xtlvy1s x126k92a\" style=\"text-align: justify;\">\n<div dir=\"auto\">En noviembre de 2025 ya se discut\u00eda el segundo borrador. Las comunidades, los municipios, el departamento y las instituciones hicieron observaciones. Se discutieron responsabilidades, ordenamiento territorial, financiaci\u00f3n y aplicaci\u00f3n del nuevo conocimiento cient\u00edfico.<\/div>\n<\/div>\n<div class=\"x14z9mp xat24cr x1lziwak x1vvkbs xtlvy1s x126k92a\" style=\"text-align: justify;\">\n<div dir=\"auto\">Para mayo de 2026 ya exist\u00eda una sexta versi\u00f3n. Y aquella sexta versi\u00f3n no era una improvisaci\u00f3n.<\/div>\n<div dir=\"auto\">Era un documento jur\u00eddicamente estructurado.<\/div>\n<div dir=\"auto\">Ten\u00eda fundamento constitucional. Ten\u00eda fundamento legal. Ten\u00eda referencias a la Corte Constitucional. Ten\u00eda el nuevo Plan Integral. Ten\u00eda el concepto favorable del Consejo Nacional. Ten\u00eda disposiciones sobre ordenamiento territorial.Ten\u00eda mecanismos de seguimiento. Ten\u00eda financiaci\u00f3n. Y ten\u00eda, incluso, los espacios destinados a las firmas de los altos funcionarios. Pero falt\u00f3 la m\u00e1s importante. La del Presidente.<\/div>\n<\/div>\n<div class=\"x14z9mp xat24cr x1lziwak x1vvkbs xtlvy1s x126k92a\" style=\"text-align: justify;\">\n<div dir=\"auto\">El proyecto contemplaba recursos cercanos a los 588.096 millones de pesos para un per\u00edodo de 36 meses, entre 2027 y 2029. Casi seiscientos mil millones de pesos. Y aqu\u00ed apareci\u00f3 la discusi\u00f3n que posiblemente explica buena parte de la demora: \u00bfqui\u00e9n deb\u00eda pagar? La Naci\u00f3n. El departamento. Los municipios. Todos.<\/div>\n<\/div>\n<div class=\"x14z9mp xat24cr x1lziwak x1vvkbs xtlvy1s x126k92a\" style=\"text-align: justify;\">\n<div dir=\"auto\">La propuesta territorial defend\u00eda una tesis dif\u00edcil de controvertir: si fue el Estado nacional quien declar\u00f3 la situaci\u00f3n de desastre y mantuvo durante m\u00e1s de veinte a\u00f1os un r\u00e9gimen excepcional que condicion\u00f3 el desarrollo territorial, corresponde a la Naci\u00f3n asumir una responsabilidad financiera principal.<\/div>\n<\/div>\n<div class=\"x14z9mp xat24cr x1lziwak x1vvkbs xtlvy1s x126k92a\" style=\"text-align: justify;\">\n<div dir=\"auto\">No se trataba de regalar dinero. Se trataba de reconocer una deuda institucional.<\/div>\n<\/div>\n<div class=\"x14z9mp xat24cr x1lziwak x1vvkbs xtlvy1s x126k92a\" style=\"text-align: justify;\">\n<div dir=\"auto\">Hacienda intervino. Ambiente intervino. La UNGRD intervino. La Oficina Jur\u00eddica del DAPRE intervino. Hubo observaciones. Hubo ajustes. Hubo concertaciones. Hubo una sexta versi\u00f3n. Y, sin embargo, el decreto no sali\u00f3.<\/div>\n<\/div>\n<div class=\"x14z9mp xat24cr x1lziwak x1vvkbs xtlvy1s x126k92a\" style=\"text-align: justify;\">\n<div dir=\"auto\">No ser\u00eda responsable afirmar que el Ministerio de Hacienda lo bloque\u00f3. No existe, hasta hoy, prueba documental suficiente para sostener semejante acusaci\u00f3n.<\/div>\n<\/div>\n<div class=\"x14z9mp xat24cr x1lziwak x1vvkbs xtlvy1s x126k92a\" style=\"text-align: justify;\">\n<div dir=\"auto\">Tampoco ser\u00eda responsable afirmar que Ambiente lo objet\u00f3. Ni que la Oficina Jur\u00eddica de la Presidencia lo archiv\u00f3. Ni siquiera podemos afirmar que Gustavo Petro se neg\u00f3 deliberadamente a firmarlo.<\/div>\n<\/div>\n<div class=\"x14z9mp xat24cr x1lziwak x1vvkbs xtlvy1s x126k92a\" style=\"text-align: justify;\">\n<div dir=\"auto\">Lo que s\u00ed podemos afirmar es mucho m\u00e1s contundente: El presidente anunci\u00f3 el retorno. El Consejo Nacional lo respald\u00f3. El proyecto fue elaborado. El proyecto avanz\u00f3 por las instancias correspondientes. La UNGRD lo public\u00f3 como proyecto en tr\u00e1mite.<\/div>\n<\/div>\n<div class=\"x14z9mp xat24cr x1lziwak x1vvkbs xtlvy1s x126k92a\" style=\"text-align: justify;\">\n<div dir=\"auto\">La Defensor\u00eda del Pueblo advirti\u00f3 que el decreto todav\u00eda no hab\u00eda sido expedido y que tampoco estaban asignados los recursos.<\/div>\n<\/div>\n<div class=\"x14z9mp xat24cr x1lziwak x1vvkbs xtlvy1s x126k92a\" style=\"text-align: justify;\">\n<div dir=\"auto\">Y el 7 de agosto de 2026 termin\u00f3 el gobierno de Gustavo Petro.<\/div>\n<\/div>\n<div class=\"x14z9mp xat24cr x1lziwak x1vvkbs xtlvy1s x126k92a\" style=\"text-align: justify;\">\n<div dir=\"auto\">Sin firma.<\/div>\n<\/div>\n<div class=\"x14z9mp xat24cr x1lziwak x1vvkbs xtlvy1s x126k92a\" style=\"text-align: justify;\">\n<div dir=\"auto\">Sin decreto.<\/div>\n<\/div>\n<div class=\"x14z9mp xat24cr x1lziwak x1vvkbs xtlvy1s x126k92a\" style=\"text-align: justify;\">\n<div dir=\"auto\">Sin recursos.<\/div>\n<\/div>\n<div class=\"x14z9mp xat24cr x1lziwak x1vvkbs xtlvy1s x126k92a\" style=\"text-align: justify;\">\n<div dir=\"auto\">Sin el cierre jur\u00eddico definitivo de una historia que comenz\u00f3 en 2005.<\/div>\n<\/div>\n<div class=\"x14z9mp xat24cr x1lziwak x1vvkbs xtlvy1s x126k92a\" style=\"text-align: justify;\">\n<div dir=\"auto\">Esta es la paradoja.<\/div>\n<\/div>\n<div class=\"x14z9mp xat24cr x1lziwak x1vvkbs xtlvy1s x126k92a\" style=\"text-align: justify;\">\n<div dir=\"auto\">Se anunci\u00f3 la normalidad, pero la normalidad jur\u00eddica no lleg\u00f3.<\/div>\n<\/div>\n<div class=\"x14z9mp xat24cr x1lziwak x1vvkbs xtlvy1s x126k92a\" style=\"text-align: justify;\">\n<div dir=\"auto\">Se anunci\u00f3 la apertura de la puerta, pero la puerta qued\u00f3 entreabierta.<\/div>\n<\/div>\n<div class=\"x14z9mp xat24cr x1lziwak x1vvkbs xtlvy1s x126k92a\" style=\"text-align: justify;\">\n<div dir=\"auto\">Se anunci\u00f3 el fin de una restricci\u00f3n de m\u00e1s de dos d\u00e9cadas, pero el instrumento jur\u00eddico que deb\u00eda hacerlo realidad permaneci\u00f3 en proyecto.<\/div>\n<\/div>\n<div class=\"x14z9mp xat24cr x1lziwak x1vvkbs xtlvy1s x126k92a\" style=\"text-align: justify;\">\n<div dir=\"auto\">Nari\u00f1o no puede quedarse ahora mirando hacia Bogot\u00e1. Tampoco puede quedarse atrapado en la discusi\u00f3n partidista. Esto no es un asunto de izquierda o derecha.<\/div>\n<\/div>\n<div class=\"x14z9mp xat24cr x1lziwak x1vvkbs xtlvy1s x126k92a\" style=\"text-align: justify;\">\n<div dir=\"auto\">No es un triunfo de Petro. No puede convertirse tampoco en una derrota de Petro. Es un asunto de Nari\u00f1o. Y, por eso, la responsabilidad ahora cambia de manos.<\/div>\n<\/div>\n<div class=\"x14z9mp xat24cr x1lziwak x1vvkbs xtlvy1s x126k92a\" style=\"text-align: justify;\">\n<div dir=\"auto\">Les corresponde a nuestros congresistas. A todos. A los que estuvieron con Petro y a los que estuvieron contra Petro. A los representantes. A los senadores. A quienes hacen oposici\u00f3n y a quienes gobiernan. A quienes tienen influencia en el nuevo Gobierno.<\/div>\n<\/div>\n<div class=\"x14z9mp xat24cr x1lziwak x1vvkbs xtlvy1s x126k92a\" style=\"text-align: justify;\">\n<div dir=\"auto\">Porque si existe un proyecto jur\u00eddicamente viable, t\u00e9cnicamente sustentado y socialmente necesario, hay que retomarlo. Hay que revisarlo. Hay que actualizarlo. Hay que verificar sus fuentes de financiaci\u00f3n. Hay que corregir lo que deba corregirse. Y hay que llevarlo nuevamente hasta el escritorio presidencial.<\/div>\n<\/div>\n<div class=\"x14z9mp xat24cr x1lziwak x1vvkbs xtlvy1s x126k92a\" style=\"text-align: justify;\">\n<div dir=\"auto\">Hoy el Gobierno es otro.<\/div>\n<\/div>\n<div class=\"x14z9mp xat24cr x1lziwak x1vvkbs xtlvy1s x126k92a\" style=\"text-align: justify;\">\n<div dir=\"auto\">Abelardo de la Espriella ocupa la Presidencia de la Rep\u00fablica desde el 7 de agosto de 2026. Y precisamente por ello Nari\u00f1o tiene una nueva oportunidad.<\/div>\n<\/div>\n<div class=\"x14z9mp xat24cr x1lziwak x1vvkbs xtlvy1s x126k92a\" style=\"text-align: justify;\">\n<div dir=\"auto\">No se trata de pedirle al nuevo Gobierno que firme a ciegas un documento heredado.<\/div>\n<\/div>\n<div class=\"x14z9mp xat24cr x1lziwak x1vvkbs xtlvy1s x126k92a\" style=\"text-align: justify;\">\n<div dir=\"auto\">Se trata de exigirle que estudie con seriedad el expediente.<\/div>\n<\/div>\n<div class=\"x14z9mp xat24cr x1lziwak x1vvkbs xtlvy1s x126k92a\" style=\"text-align: justify;\">\n<div dir=\"auto\">Que escuche a la ciencia. Que escuche a las comunidades. Que escuche a los alcaldes. Que escuche a la Gobernaci\u00f3n. Que escuche a la UNGRD. Que revise las recomendaciones de Hacienda y Ambiente. Que examine la financiaci\u00f3n. Y que tome una decisi\u00f3n.<\/div>\n<\/div>\n<div class=\"x14z9mp xat24cr x1lziwak x1vvkbs xtlvy1s x126k92a\" style=\"text-align: justify;\">\n<div dir=\"auto\">Si el decreto es conveniente, viable y jur\u00eddicamente procedente, que se firme.<\/div>\n<\/div>\n<div class=\"x14z9mp xat24cr x1lziwak x1vvkbs xtlvy1s x126k92a\" style=\"text-align: justify;\">\n<div dir=\"auto\">Pero que se firme. Porque Nari\u00f1o no necesita m\u00e1s anuncios. Nari\u00f1o necesita decisiones. El Galeras continuar\u00e1 siendo un volc\u00e1n. Nadie sensato pretende eliminar el riesgo. Nadie responsable debe permitir construcciones indiscriminadas. Nadie puede convertir la seguridad de las comunidades en una bandera pol\u00edtica.<\/div>\n<\/div>\n<div class=\"x14z9mp xat24cr x1lziwak x1vvkbs xtlvy1s x126k92a\" style=\"text-align: justify;\">\n<div dir=\"auto\">Lo que se reclama es algo mucho m\u00e1s elemental: que el riesgo sea administrado con la ciencia del siglo XXI y no con los temores administrativos de 2005.<\/div>\n<\/div>\n<div class=\"x14z9mp xat24cr x1lziwak x1vvkbs xtlvy1s x126k92a\" style=\"text-align: justify;\">\n<div dir=\"auto\">Que la amenaza sea estudiada. Que el riesgo sea delimitado. Que las zonas no mitigables permanezcan protegidas.<\/div>\n<\/div>\n<div class=\"x14z9mp xat24cr x1lziwak x1vvkbs xtlvy1s x126k92a\" style=\"text-align: justify;\">\n<div dir=\"auto\">Pero que all\u00ed donde la ciencia determine que es posible vivir, invertir, construir y desarrollar bajo condiciones adecuadas, el Estado no siga condenando el territorio a la par\u00e1lisis.<\/div>\n<\/div>\n<div class=\"x14z9mp xat24cr x1lziwak x1vvkbs xtlvy1s x126k92a\" style=\"text-align: justify;\">\n<div dir=\"auto\">Veinti\u00fan a\u00f1os son demasiados.<\/div>\n<\/div>\n<div class=\"x14z9mp xat24cr x1lziwak x1vvkbs xtlvy1s x126k92a\" style=\"text-align: justify;\">\n<div dir=\"auto\">Demasiados para una familia.<\/div>\n<\/div>\n<div class=\"x14z9mp xat24cr x1lziwak x1vvkbs xtlvy1s x126k92a\" style=\"text-align: justify;\">\n<div dir=\"auto\">Demasiados para un municipio.<\/div>\n<\/div>\n<div class=\"x14z9mp xat24cr x1lziwak x1vvkbs xtlvy1s x126k92a\" style=\"text-align: justify;\">\n<div dir=\"auto\">Demasiados para un departamento.<\/div>\n<\/div>\n<div class=\"x14z9mp xat24cr x1lziwak x1vvkbs xtlvy1s x126k92a\" style=\"text-align: justify;\">\n<div dir=\"auto\">Demasiados para un pa\u00eds.<\/div>\n<\/div>\n<div class=\"x14z9mp xat24cr x1lziwak x1vvkbs xtlvy1s x126k92a\" style=\"text-align: justify;\">\n<div dir=\"auto\">El Galeras no necesita discursos. Necesita ciencia. Necesita recursos. Necesita responsabilidad. Y, sobre todo, necesita una firma. La firma que falt\u00f3. La firma que ahora puede convertirse en una nueva oportunidad para Nari\u00f1o.<\/div>\n<\/div>\n<div class=\"x14z9mp xat24cr x1lziwak x1vvkbs xtlvy1s x126k92a\" style=\"text-align: justify;\">\n<div dir=\"auto\">Que nuestros congresistas no permitan que el expediente duerma en alg\u00fan escritorio de Bogot\u00e1.<\/div>\n<div dir=\"auto\">Que lo busquen. Que lo estudien. Que lo exijan. Que lo defiendan. Que lo mejoren si es necesario.<\/div>\n<\/div>\n<div class=\"x14z9mp xat24cr x1lziwak x1vvkbs xtlvy1s x126k92a\" style=\"text-align: justify;\">\n<div dir=\"auto\">Y que, si despu\u00e9s de todo el an\u00e1lisis resulta conveniente para Nari\u00f1o, logren que el Gobierno de Abelardo de la Espriella convierta en realidad aquello que durante tantos a\u00f1os hemos escuchado como promesa.<\/div>\n<\/div>\n<div class=\"x14z9mp xat24cr x1lziwak x1vvkbs xtlvy1s x126k92a\" style=\"text-align: justify;\">\n<div dir=\"auto\">Porque un pueblo no puede vivir eternamente esperando que alguien firme su futuro.<\/div>\n<\/div>\n<div class=\"x14z9mp xat24cr x1lziwak x1vvkbs xtlvy1s x126k92a\" style=\"text-align: justify;\">\n<div dir=\"auto\">El Galeras sigue all\u00ed.<\/div>\n<\/div>\n<div class=\"x14z9mp xat24cr x1lziwak x1vvkbs xtlvy1s x126k92a\" style=\"text-align: justify;\">\n<div dir=\"auto\">Nari\u00f1o tambi\u00e9n.<\/div>\n<\/div>\n<div class=\"x14z9mp xat24cr x1lziwak x1vvkbs xtlvy1s x126k92a\">\n<div dir=\"auto\" style=\"text-align: justify;\">Y esta vez la historia no puede terminar en un borrador<\/div>\n<\/div>\n","protected":false},"excerpt":{"rendered":"<p>Pablo Emilio Obando A. Veinti\u00fan a\u00f1os son demasiados para vivir bajo una prohibici\u00f3n. Veinti\u00fan a\u00f1os son demasiados para que una comunidad escuche que su territorio es peligroso, que sus tierras no pueden desarrollarse, que la inversi\u00f3n debe detenerse y que el futuro debe esperar. En 2005, mediante el Decreto 4106, el Estado colombiano declar\u00f3 la [&hellip;]<\/p>\n","protected":false},"author":46,"featured_media":70879216294,"comment_status":"open","ping_status":"open","sticky":false,"template":"","format":"standard","meta":{"footnotes":""},"categories":[14,1528],"tags":[],"class_list":["post-70879216293","post","type-post","status-publish","format-standard","has-post-thumbnail","hentry","category-narino-actual","category-titulares"],"yoast_head":"<!-- This site is optimized with the Yoast SEO plugin v27.1.1 - https:\/\/yoast.com\/product\/yoast-seo-wordpress\/ -->\n<title>ZAVA: el decreto que Petro anunci\u00f3 y no firm\u00f3 | P\u00e1gina10<\/title>\n<meta name=\"robots\" content=\"index, follow, max-snippet:-1, max-image-preview:large, max-video-preview:-1\" \/>\n<link rel=\"canonical\" href=\"https:\/\/pagina10.com\/web\/zava-el-decreto-que-petro-anuncio-y-no-firmo\/\" \/>\n<meta property=\"og:locale\" content=\"es_ES\" \/>\n<meta property=\"og:type\" content=\"article\" \/>\n<meta property=\"og:title\" content=\"ZAVA: el decreto que Petro anunci\u00f3 y no firm\u00f3 | P\u00e1gina10\" \/>\n<meta property=\"og:description\" content=\"Pablo Emilio Obando A. Veinti\u00fan a\u00f1os son demasiados para vivir bajo una prohibici\u00f3n. Veinti\u00fan a\u00f1os son demasiados para que una comunidad escuche que su territorio es peligroso, que sus tierras no pueden desarrollarse, que la inversi\u00f3n debe detenerse y que el futuro debe esperar. En 2005, mediante el Decreto 4106, el Estado colombiano declar\u00f3 la [&hellip;]\" \/>\n<meta property=\"og:url\" content=\"https:\/\/pagina10.com\/web\/zava-el-decreto-que-petro-anuncio-y-no-firmo\/\" \/>\n<meta property=\"og:site_name\" content=\"P\u00e1gina10\" \/>\n<meta property=\"article:publisher\" content=\"https:\/\/www.facebook.com\/pag10com\" \/>\n<meta property=\"article:published_time\" content=\"2026-09-02T19:41:43+00:00\" \/>\n<meta property=\"og:image\" content=\"https:\/\/pagina10.com\/web\/wp-content\/uploads\/2026\/09\/792090220_10244682598902852_6842477471938358206_n-e1788378091678.jpg\" \/>\n\t<meta property=\"og:image:width\" content=\"399\" \/>\n\t<meta property=\"og:image:height\" content=\"217\" \/>\n\t<meta property=\"og:image:type\" content=\"image\/jpeg\" \/>\n<meta name=\"author\" content=\"Pablo Emilio Obando Acosta\" \/>\n<meta name=\"twitter:card\" content=\"summary_large_image\" \/>\n<meta name=\"twitter:creator\" content=\"@Pag10com\" \/>\n<meta name=\"twitter:site\" content=\"@Pag10com\" \/>\n<meta name=\"twitter:label1\" content=\"Escrito por\" \/>\n\t<meta name=\"twitter:data1\" content=\"Pablo Emilio Obando Acosta\" \/>\n\t<meta name=\"twitter:label2\" content=\"Tiempo de lectura\" \/>\n\t<meta name=\"twitter:data2\" content=\"7 minutos\" \/>\n<script type=\"application\/ld+json\" class=\"yoast-schema-graph\">{\"@context\":\"https:\/\/schema.org\",\"@graph\":[{\"@type\":\"Article\",\"@id\":\"https:\/\/pagina10.com\/web\/zava-el-decreto-que-petro-anuncio-y-no-firmo\/#article\",\"isPartOf\":{\"@id\":\"https:\/\/pagina10.com\/web\/zava-el-decreto-que-petro-anuncio-y-no-firmo\/\"},\"author\":{\"name\":\"Pablo Emilio Obando Acosta\",\"@id\":\"https:\/\/pagina10.com\/web\/#\/schema\/person\/3d3687c9f037834284853a963ee45123\"},\"headline\":\"ZAVA: el decreto que Petro anunci\u00f3 y no firm\u00f3\",\"datePublished\":\"2026-09-02T19:41:43+00:00\",\"mainEntityOfPage\":{\"@id\":\"https:\/\/pagina10.com\/web\/zava-el-decreto-que-petro-anuncio-y-no-firmo\/\"},\"wordCount\":1479,\"commentCount\":0,\"publisher\":{\"@id\":\"https:\/\/pagina10.com\/web\/#organization\"},\"image\":{\"@id\":\"https:\/\/pagina10.com\/web\/zava-el-decreto-que-petro-anuncio-y-no-firmo\/#primaryimage\"},\"thumbnailUrl\":\"https:\/\/pagina10.com\/web\/wp-content\/uploads\/2026\/09\/792090220_10244682598902852_6842477471938358206_n-e1788378091678.jpg\",\"articleSection\":[\"Nari\u00f1o Actual\",\"Titulares\"],\"inLanguage\":\"es\",\"potentialAction\":[{\"@type\":\"CommentAction\",\"name\":\"Comment\",\"target\":[\"https:\/\/pagina10.com\/web\/zava-el-decreto-que-petro-anuncio-y-no-firmo\/#respond\"]}]},{\"@type\":\"WebPage\",\"@id\":\"https:\/\/pagina10.com\/web\/zava-el-decreto-que-petro-anuncio-y-no-firmo\/\",\"url\":\"https:\/\/pagina10.com\/web\/zava-el-decreto-que-petro-anuncio-y-no-firmo\/\",\"name\":\"ZAVA: el decreto que Petro anunci\u00f3 y no firm\u00f3 | P\u00e1gina10\",\"isPartOf\":{\"@id\":\"https:\/\/pagina10.com\/web\/#website\"},\"primaryImageOfPage\":{\"@id\":\"https:\/\/pagina10.com\/web\/zava-el-decreto-que-petro-anuncio-y-no-firmo\/#primaryimage\"},\"image\":{\"@id\":\"https:\/\/pagina10.com\/web\/zava-el-decreto-que-petro-anuncio-y-no-firmo\/#primaryimage\"},\"thumbnailUrl\":\"https:\/\/pagina10.com\/web\/wp-content\/uploads\/2026\/09\/792090220_10244682598902852_6842477471938358206_n-e1788378091678.jpg\",\"datePublished\":\"2026-09-02T19:41:43+00:00\",\"breadcrumb\":{\"@id\":\"https:\/\/pagina10.com\/web\/zava-el-decreto-que-petro-anuncio-y-no-firmo\/#breadcrumb\"},\"inLanguage\":\"es\",\"potentialAction\":[{\"@type\":\"ReadAction\",\"target\":[\"https:\/\/pagina10.com\/web\/zava-el-decreto-que-petro-anuncio-y-no-firmo\/\"]}]},{\"@type\":\"ImageObject\",\"inLanguage\":\"es\",\"@id\":\"https:\/\/pagina10.com\/web\/zava-el-decreto-que-petro-anuncio-y-no-firmo\/#primaryimage\",\"url\":\"https:\/\/pagina10.com\/web\/wp-content\/uploads\/2026\/09\/792090220_10244682598902852_6842477471938358206_n-e1788378091678.jpg\",\"contentUrl\":\"https:\/\/pagina10.com\/web\/wp-content\/uploads\/2026\/09\/792090220_10244682598902852_6842477471938358206_n-e1788378091678.jpg\",\"width\":399,\"height\":217},{\"@type\":\"BreadcrumbList\",\"@id\":\"https:\/\/pagina10.com\/web\/zava-el-decreto-que-petro-anuncio-y-no-firmo\/#breadcrumb\",\"itemListElement\":[{\"@type\":\"ListItem\",\"position\":1,\"name\":\"Portada\",\"item\":\"https:\/\/pagina10.com\/web\/\"},{\"@type\":\"ListItem\",\"position\":2,\"name\":\"ZAVA: el decreto que Petro anunci\u00f3 y no firm\u00f3\"}]},{\"@type\":\"WebSite\",\"@id\":\"https:\/\/pagina10.com\/web\/#website\",\"url\":\"https:\/\/pagina10.com\/web\/\",\"name\":\"P\u00e1gina10\",\"description\":\"Peri\u00f3dico Regional\",\"publisher\":{\"@id\":\"https:\/\/pagina10.com\/web\/#organization\"},\"alternateName\":\"P\u00e1gina10 Peri\u00f3dico Regional\",\"potentialAction\":[{\"@type\":\"SearchAction\",\"target\":{\"@type\":\"EntryPoint\",\"urlTemplate\":\"https:\/\/pagina10.com\/web\/?s={search_term_string}\"},\"query-input\":{\"@type\":\"PropertyValueSpecification\",\"valueRequired\":true,\"valueName\":\"search_term_string\"}}],\"inLanguage\":\"es\"},{\"@type\":\"Organization\",\"@id\":\"https:\/\/pagina10.com\/web\/#organization\",\"name\":\"P\u00e1gina10\",\"alternateName\":\"P\u00e1gina10 Peri\u00f3dico Regional\",\"url\":\"https:\/\/pagina10.com\/web\/\",\"logo\":{\"@type\":\"ImageObject\",\"inLanguage\":\"es\",\"@id\":\"https:\/\/pagina10.com\/web\/#\/schema\/logo\/image\/\",\"url\":\"https:\/\/pagina10.com\/web\/wp-content\/uploads\/2024\/01\/40-pagina-10-periodico-regional-pasto.jpg\",\"contentUrl\":\"https:\/\/pagina10.com\/web\/wp-content\/uploads\/2024\/01\/40-pagina-10-periodico-regional-pasto.jpg\",\"width\":1280,\"height\":720,\"caption\":\"P\u00e1gina10\"},\"image\":{\"@id\":\"https:\/\/pagina10.com\/web\/#\/schema\/logo\/image\/\"},\"sameAs\":[\"https:\/\/www.facebook.com\/pag10com\",\"https:\/\/x.com\/Pag10com\",\"https:\/\/www.instagram.com\/pagina10col\/\",\"https:\/\/youtube.com\/channel\/pag10\",\"https:\/\/www.tiktok.com\/@p10col\"]},{\"@type\":\"Person\",\"@id\":\"https:\/\/pagina10.com\/web\/#\/schema\/person\/3d3687c9f037834284853a963ee45123\",\"name\":\"Pablo Emilio Obando Acosta\",\"description\":\"PABLO EMILIO OBANDO ACOSTA Nace en el a\u00f1o de 1965. Bachiller acad\u00e9mico Modalidad Humanidades del INEM de Pasto. En 1989 culmina sus estudios universitarios en la Universidad de Nari\u00f1o obteniendo el t\u00edtulo de Licenciado en Ciencias Sociales \u2013 \u00e9nfasis Ciencias de la Educaci\u00f3n \u2013Jornada nocturna-. Especialista en Literatura latinoamericana y colaborador de importantes medios de comunicaci\u00f3n escritos de nuestra regi\u00f3n y del pa\u00eds: El Tiempo.com, Semana.com, Dinero, Diario Del Sur, El Espectador.com, entre otros, Sus escritos se conocen y han obtenido reconocimientos en Chile, Uruguay, Paraguay, Espa\u00f1a y Alemania. En el a\u00f1o 2000 obtiene el reconocimiento CORREO DEL SUR como el personaje c\u00edvico del a\u00f1o por su f\u00e9rrea defensa de la dignidad pastense al protestar con su documento \u201cUn pueblo ante la historia\u201d por el trato despectivo de algunos medios de comunicaci\u00f3n. Las reacciones no se hacen esperar en peri\u00f3dicos de circulaci\u00f3n regional y nacional como El Tiempo, El Espectador y El Pa\u00eds. Ha obtenido m\u00faltiples medallas y condecoraciones por su labor period\u00edstica y cultural: Medalla al merito Guillermo Edmundo Ch\u00e1vez \u2013 mejor escritor del departamento de Nari\u00f1o 2005 \u2013 Fundaci\u00f3n Gabriel Garc\u00eda M\u00e1rquez. Mejor Columnista del departamento de Nari\u00f1o \u2013 a\u00f1os 1991 \u2013 1993 \u2013 1996 \u2013 2001 \u2013 2006 Fundaci\u00f3n Cultural Correo del Sur. Personaje C\u00edvico del Departamento de Nari\u00f1o a\u00f1o 2000. Medalla \u00c1lvaro Javier Jurado Calvache a\u00f1o 2007 \u2013 Centro Educativo PROFESA \u2013 defensor poblaci\u00f3n vulnerable del municipio de Pasto. Mejor cuentista del departamento de Nari\u00f1o \u2013 a\u00f1os 1989 \u2013 2004 \u2013 2005. Cronista m\u00e1s destacado del departamento de Nari\u00f1o \u2013 a\u00f1o 2001. Finalista VI Concurso Internacional de Cuento \u2013 Prensa Nueva \u2013 a\u00f1o 1991. Primer puesto Concurso nacional de cuento \u2013 Contralor\u00eda general de la Rep\u00fablica \u2013 a\u00f1o 1992. Primer Lugar Concurso Municipal de Periodismo \u201cSilvio Le\u00f3n Espa\u00f1a\u201d \u2013 2009. . Reconocimiento Concejo municipal de Pasto, por su labor c\u00edvica y educativa. Sus obras y escritos se conocen en varios pa\u00edses de Latinoam\u00e9rica y de Colombia. Es autor de una docena de textos y m\u00e1s de un millar de columnas de opini\u00f3n que han generado pol\u00e9mica en el contexto nacional y latinoamericano: Testimonio de una insurrecci\u00f3n ciudadana \u2013 2011. El doctor Mierda. Un pueblo ante la historia. La filosof\u00eda de la gallina. Del amor por la Tierra... y otros textos. Diario de un maestro de escuela. Apuntes para una nueva historia Nuevos apuntes \u2013 Tomas Hidalgo Calvache. El problema de los cristianos. La utilidad del poeta. \u00bfTe acuerdas Mariana...? Corona F\u00fanebre \u2013 Tomas Hidalgo Calvache. En formato digital ha editado los siguientes t\u00edtulos: - La nueva filosof\u00eda de la gallina. - Tomas Hidalgo Calvache - Apuntes. - Educar con valor. Figura en varias antolog\u00edas de autores nari\u00f1enses y en una latinoamericana. Sobre \u00e9l han escrito elogiosamente intelectuales de la talla de Otto Morales Ben\u00edtez, Edgar Bastidas Urresty, Juan Augusto Ortiz cabrera, Carlos Santamar\u00eda, Javier Rodrizales, Miguel Garz\u00f3n Arteaga, Fausto Molina, Jorge Arturo Bravo y otros tantos que ser\u00eda dif\u00edcil nombrar en esta peque\u00f1a cr\u00f3nica sobre Pablo Emilio Obando Acosta.\",\"url\":\"https:\/\/pagina10.com\/web\/author\/pobando\/\"}]}<\/script>\n<!-- \/ Yoast SEO plugin. -->","yoast_head_json":{"title":"ZAVA: el decreto que Petro anunci\u00f3 y no firm\u00f3 | P\u00e1gina10","robots":{"index":"index","follow":"follow","max-snippet":"max-snippet:-1","max-image-preview":"max-image-preview:large","max-video-preview":"max-video-preview:-1"},"canonical":"https:\/\/pagina10.com\/web\/zava-el-decreto-que-petro-anuncio-y-no-firmo\/","og_locale":"es_ES","og_type":"article","og_title":"ZAVA: el decreto que Petro anunci\u00f3 y no firm\u00f3 | P\u00e1gina10","og_description":"Pablo Emilio Obando A. Veinti\u00fan a\u00f1os son demasiados para vivir bajo una prohibici\u00f3n. Veinti\u00fan a\u00f1os son demasiados para que una comunidad escuche que su territorio es peligroso, que sus tierras no pueden desarrollarse, que la inversi\u00f3n debe detenerse y que el futuro debe esperar. En 2005, mediante el Decreto 4106, el Estado colombiano declar\u00f3 la [&hellip;]","og_url":"https:\/\/pagina10.com\/web\/zava-el-decreto-que-petro-anuncio-y-no-firmo\/","og_site_name":"P\u00e1gina10","article_publisher":"https:\/\/www.facebook.com\/pag10com","article_published_time":"2026-09-02T19:41:43+00:00","og_image":[{"width":399,"height":217,"url":"https:\/\/pagina10.com\/web\/wp-content\/uploads\/2026\/09\/792090220_10244682598902852_6842477471938358206_n-e1788378091678.jpg","type":"image\/jpeg"}],"author":"Pablo Emilio Obando Acosta","twitter_card":"summary_large_image","twitter_creator":"@Pag10com","twitter_site":"@Pag10com","twitter_misc":{"Escrito por":"Pablo Emilio Obando Acosta","Tiempo de lectura":"7 minutos"},"schema":{"@context":"https:\/\/schema.org","@graph":[{"@type":"Article","@id":"https:\/\/pagina10.com\/web\/zava-el-decreto-que-petro-anuncio-y-no-firmo\/#article","isPartOf":{"@id":"https:\/\/pagina10.com\/web\/zava-el-decreto-que-petro-anuncio-y-no-firmo\/"},"author":{"name":"Pablo Emilio Obando Acosta","@id":"https:\/\/pagina10.com\/web\/#\/schema\/person\/3d3687c9f037834284853a963ee45123"},"headline":"ZAVA: el decreto que Petro anunci\u00f3 y no firm\u00f3","datePublished":"2026-09-02T19:41:43+00:00","mainEntityOfPage":{"@id":"https:\/\/pagina10.com\/web\/zava-el-decreto-que-petro-anuncio-y-no-firmo\/"},"wordCount":1479,"commentCount":0,"publisher":{"@id":"https:\/\/pagina10.com\/web\/#organization"},"image":{"@id":"https:\/\/pagina10.com\/web\/zava-el-decreto-que-petro-anuncio-y-no-firmo\/#primaryimage"},"thumbnailUrl":"https:\/\/pagina10.com\/web\/wp-content\/uploads\/2026\/09\/792090220_10244682598902852_6842477471938358206_n-e1788378091678.jpg","articleSection":["Nari\u00f1o Actual","Titulares"],"inLanguage":"es","potentialAction":[{"@type":"CommentAction","name":"Comment","target":["https:\/\/pagina10.com\/web\/zava-el-decreto-que-petro-anuncio-y-no-firmo\/#respond"]}]},{"@type":"WebPage","@id":"https:\/\/pagina10.com\/web\/zava-el-decreto-que-petro-anuncio-y-no-firmo\/","url":"https:\/\/pagina10.com\/web\/zava-el-decreto-que-petro-anuncio-y-no-firmo\/","name":"ZAVA: el decreto que Petro anunci\u00f3 y no firm\u00f3 | P\u00e1gina10","isPartOf":{"@id":"https:\/\/pagina10.com\/web\/#website"},"primaryImageOfPage":{"@id":"https:\/\/pagina10.com\/web\/zava-el-decreto-que-petro-anuncio-y-no-firmo\/#primaryimage"},"image":{"@id":"https:\/\/pagina10.com\/web\/zava-el-decreto-que-petro-anuncio-y-no-firmo\/#primaryimage"},"thumbnailUrl":"https:\/\/pagina10.com\/web\/wp-content\/uploads\/2026\/09\/792090220_10244682598902852_6842477471938358206_n-e1788378091678.jpg","datePublished":"2026-09-02T19:41:43+00:00","breadcrumb":{"@id":"https:\/\/pagina10.com\/web\/zava-el-decreto-que-petro-anuncio-y-no-firmo\/#breadcrumb"},"inLanguage":"es","potentialAction":[{"@type":"ReadAction","target":["https:\/\/pagina10.com\/web\/zava-el-decreto-que-petro-anuncio-y-no-firmo\/"]}]},{"@type":"ImageObject","inLanguage":"es","@id":"https:\/\/pagina10.com\/web\/zava-el-decreto-que-petro-anuncio-y-no-firmo\/#primaryimage","url":"https:\/\/pagina10.com\/web\/wp-content\/uploads\/2026\/09\/792090220_10244682598902852_6842477471938358206_n-e1788378091678.jpg","contentUrl":"https:\/\/pagina10.com\/web\/wp-content\/uploads\/2026\/09\/792090220_10244682598902852_6842477471938358206_n-e1788378091678.jpg","width":399,"height":217},{"@type":"BreadcrumbList","@id":"https:\/\/pagina10.com\/web\/zava-el-decreto-que-petro-anuncio-y-no-firmo\/#breadcrumb","itemListElement":[{"@type":"ListItem","position":1,"name":"Portada","item":"https:\/\/pagina10.com\/web\/"},{"@type":"ListItem","position":2,"name":"ZAVA: el decreto que Petro anunci\u00f3 y no firm\u00f3"}]},{"@type":"WebSite","@id":"https:\/\/pagina10.com\/web\/#website","url":"https:\/\/pagina10.com\/web\/","name":"P\u00e1gina10","description":"Peri\u00f3dico Regional","publisher":{"@id":"https:\/\/pagina10.com\/web\/#organization"},"alternateName":"P\u00e1gina10 Peri\u00f3dico Regional","potentialAction":[{"@type":"SearchAction","target":{"@type":"EntryPoint","urlTemplate":"https:\/\/pagina10.com\/web\/?s={search_term_string}"},"query-input":{"@type":"PropertyValueSpecification","valueRequired":true,"valueName":"search_term_string"}}],"inLanguage":"es"},{"@type":"Organization","@id":"https:\/\/pagina10.com\/web\/#organization","name":"P\u00e1gina10","alternateName":"P\u00e1gina10 Peri\u00f3dico Regional","url":"https:\/\/pagina10.com\/web\/","logo":{"@type":"ImageObject","inLanguage":"es","@id":"https:\/\/pagina10.com\/web\/#\/schema\/logo\/image\/","url":"https:\/\/pagina10.com\/web\/wp-content\/uploads\/2024\/01\/40-pagina-10-periodico-regional-pasto.jpg","contentUrl":"https:\/\/pagina10.com\/web\/wp-content\/uploads\/2024\/01\/40-pagina-10-periodico-regional-pasto.jpg","width":1280,"height":720,"caption":"P\u00e1gina10"},"image":{"@id":"https:\/\/pagina10.com\/web\/#\/schema\/logo\/image\/"},"sameAs":["https:\/\/www.facebook.com\/pag10com","https:\/\/x.com\/Pag10com","https:\/\/www.instagram.com\/pagina10col\/","https:\/\/youtube.com\/channel\/pag10","https:\/\/www.tiktok.com\/@p10col"]},{"@type":"Person","@id":"https:\/\/pagina10.com\/web\/#\/schema\/person\/3d3687c9f037834284853a963ee45123","name":"Pablo Emilio Obando Acosta","description":"PABLO EMILIO OBANDO ACOSTA Nace en el a\u00f1o de 1965. Bachiller acad\u00e9mico Modalidad Humanidades del INEM de Pasto. En 1989 culmina sus estudios universitarios en la Universidad de Nari\u00f1o obteniendo el t\u00edtulo de Licenciado en Ciencias Sociales \u2013 \u00e9nfasis Ciencias de la Educaci\u00f3n \u2013Jornada nocturna-. Especialista en Literatura latinoamericana y colaborador de importantes medios de comunicaci\u00f3n escritos de nuestra regi\u00f3n y del pa\u00eds: El Tiempo.com, Semana.com, Dinero, Diario Del Sur, El Espectador.com, entre otros, Sus escritos se conocen y han obtenido reconocimientos en Chile, Uruguay, Paraguay, Espa\u00f1a y Alemania. En el a\u00f1o 2000 obtiene el reconocimiento CORREO DEL SUR como el personaje c\u00edvico del a\u00f1o por su f\u00e9rrea defensa de la dignidad pastense al protestar con su documento \u201cUn pueblo ante la historia\u201d por el trato despectivo de algunos medios de comunicaci\u00f3n. Las reacciones no se hacen esperar en peri\u00f3dicos de circulaci\u00f3n regional y nacional como El Tiempo, El Espectador y El Pa\u00eds. Ha obtenido m\u00faltiples medallas y condecoraciones por su labor period\u00edstica y cultural: Medalla al merito Guillermo Edmundo Ch\u00e1vez \u2013 mejor escritor del departamento de Nari\u00f1o 2005 \u2013 Fundaci\u00f3n Gabriel Garc\u00eda M\u00e1rquez. Mejor Columnista del departamento de Nari\u00f1o \u2013 a\u00f1os 1991 \u2013 1993 \u2013 1996 \u2013 2001 \u2013 2006 Fundaci\u00f3n Cultural Correo del Sur. Personaje C\u00edvico del Departamento de Nari\u00f1o a\u00f1o 2000. Medalla \u00c1lvaro Javier Jurado Calvache a\u00f1o 2007 \u2013 Centro Educativo PROFESA \u2013 defensor poblaci\u00f3n vulnerable del municipio de Pasto. Mejor cuentista del departamento de Nari\u00f1o \u2013 a\u00f1os 1989 \u2013 2004 \u2013 2005. Cronista m\u00e1s destacado del departamento de Nari\u00f1o \u2013 a\u00f1o 2001. Finalista VI Concurso Internacional de Cuento \u2013 Prensa Nueva \u2013 a\u00f1o 1991. Primer puesto Concurso nacional de cuento \u2013 Contralor\u00eda general de la Rep\u00fablica \u2013 a\u00f1o 1992. Primer Lugar Concurso Municipal de Periodismo \u201cSilvio Le\u00f3n Espa\u00f1a\u201d \u2013 2009. . Reconocimiento Concejo municipal de Pasto, por su labor c\u00edvica y educativa. Sus obras y escritos se conocen en varios pa\u00edses de Latinoam\u00e9rica y de Colombia. Es autor de una docena de textos y m\u00e1s de un millar de columnas de opini\u00f3n que han generado pol\u00e9mica en el contexto nacional y latinoamericano: Testimonio de una insurrecci\u00f3n ciudadana \u2013 2011. El doctor Mierda. Un pueblo ante la historia. La filosof\u00eda de la gallina. Del amor por la Tierra... y otros textos. Diario de un maestro de escuela. Apuntes para una nueva historia Nuevos apuntes \u2013 Tomas Hidalgo Calvache. El problema de los cristianos. La utilidad del poeta. \u00bfTe acuerdas Mariana...? Corona F\u00fanebre \u2013 Tomas Hidalgo Calvache. En formato digital ha editado los siguientes t\u00edtulos: - La nueva filosof\u00eda de la gallina. - Tomas Hidalgo Calvache - Apuntes. - Educar con valor. Figura en varias antolog\u00edas de autores nari\u00f1enses y en una latinoamericana. Sobre \u00e9l han escrito elogiosamente intelectuales de la talla de Otto Morales Ben\u00edtez, Edgar Bastidas Urresty, Juan Augusto Ortiz cabrera, Carlos Santamar\u00eda, Javier Rodrizales, Miguel Garz\u00f3n Arteaga, Fausto Molina, Jorge Arturo Bravo y otros tantos que ser\u00eda dif\u00edcil nombrar en esta peque\u00f1a cr\u00f3nica sobre Pablo Emilio Obando Acosta.","url":"https:\/\/pagina10.com\/web\/author\/pobando\/"}]}},"_links":{"self":[{"href":"https:\/\/pagina10.com\/web\/wp-json\/wp\/v2\/posts\/70879216293","targetHints":{"allow":["GET"]}}],"collection":[{"href":"https:\/\/pagina10.com\/web\/wp-json\/wp\/v2\/posts"}],"about":[{"href":"https:\/\/pagina10.com\/web\/wp-json\/wp\/v2\/types\/post"}],"author":[{"embeddable":true,"href":"https:\/\/pagina10.com\/web\/wp-json\/wp\/v2\/users\/46"}],"replies":[{"embeddable":true,"href":"https:\/\/pagina10.com\/web\/wp-json\/wp\/v2\/comments?post=70879216293"}],"version-history":[{"count":1,"href":"https:\/\/pagina10.com\/web\/wp-json\/wp\/v2\/posts\/70879216293\/revisions"}],"predecessor-version":[{"id":70879216295,"href":"https:\/\/pagina10.com\/web\/wp-json\/wp\/v2\/posts\/70879216293\/revisions\/70879216295"}],"wp:featuredmedia":[{"embeddable":true,"href":"https:\/\/pagina10.com\/web\/wp-json\/wp\/v2\/media\/70879216294"}],"wp:attachment":[{"href":"https:\/\/pagina10.com\/web\/wp-json\/wp\/v2\/media?parent=70879216293"}],"wp:term":[{"taxonomy":"category","embeddable":true,"href":"https:\/\/pagina10.com\/web\/wp-json\/wp\/v2\/categories?post=70879216293"},{"taxonomy":"post_tag","embeddable":true,"href":"https:\/\/pagina10.com\/web\/wp-json\/wp\/v2\/tags?post=70879216293"}],"curies":[{"name":"wp","href":"https:\/\/api.w.org\/{rel}","templated":true}]}}