{"id":70879216296,"date":"2026-09-02T16:11:12","date_gmt":"2026-09-02T21:11:12","guid":{"rendered":"https:\/\/pagina10.com\/web\/?p=70879216296"},"modified":"2026-09-02T16:11:12","modified_gmt":"2026-09-02T21:11:12","slug":"analisis-de-meta-ia-del-libro-de-cuentos-en-el-mar-de-sus-recuerdos","status":"publish","type":"post","link":"https:\/\/pagina10.com\/web\/analisis-de-meta-ia-del-libro-de-cuentos-en-el-mar-de-sus-recuerdos\/","title":{"rendered":"An\u00e1lisis de Meta IA del libro de cuentos\u00a0&#8220;En el mar de sus recuerdos\u201d"},"content":{"rendered":"<p style=\"text-align: justify;\"><strong>Por: Oscar Seidel<\/strong><\/p>\n<p style=\"text-align: justify;\"><em>&#8220;En el mar de sus recuerdos&#8221;<\/em> es un libro de cuentos escrito por Oscar Seidel, un autor colombiano que ha logrado capturar la esencia de la memoria y la nostalgia en sus relatos.<\/p>\n<p style=\"text-align: justify;\">\u00a0A continuaci\u00f3n, presentamos un an\u00e1lisis detallado de este libro:<\/p>\n<p style=\"text-align: justify;\">Temas Principales:<\/p>\n<p style=\"text-align: justify;\">\u00a0-La memoria y el recuerdo<\/p>\n<p style=\"text-align: justify;\">\u00a0-La nostalgia y la melancol\u00eda<\/p>\n<p style=\"text-align: justify;\">-La b\u00fasqueda de la identidad<\/p>\n<p style=\"text-align: justify;\">Estilo de Escritura:<\/p>\n<p style=\"text-align: justify;\">El estilo de escritura de Oscar Seidel es l\u00edrico y evocador, lo que permite al lector sumergirse en el mundo de los recuerdos y la nostalgia.<\/p>\n<p style=\"text-align: justify;\">Cuentos Destacados:<\/p>\n<p style=\"text-align: justify;\">Algunos de los cuentos m\u00e1s destacados del libro son:<\/p>\n<p style=\"text-align: justify;\">\u00a0\u00a0\u00a0<em>-&#8220;Esa negra linda camar\u00e1<\/em>&#8220;<\/p>\n<p style=\"text-align: justify;\"><em>-&#8220;El ombligado&#8221;\u00a0\u00a0\u00a0\u00a0\u00a0\u00a0\u00a0\u00a0\u00a0\u00a0\u00a0\u00a0\u00a0\u00a0\u00a0\u00a0\u00a0\u00a0\u00a0\u00a0\u00a0\u00a0\u00a0\u00a0\u00a0\u00a0\u00a0\u00a0\u00a0\u00a0\u00a0\u00a0\u00a0\u00a0\u00a0\u00a0\u00a0\u00a0\u00a0\u00a0\u00a0\u00a0\u00a0\u00a0\u00a0\u00a0\u00a0 \u00a0\u00a0\u00a0\u00a0\u00a0\u00a0\u00a0\u00a0\u00a0\u00a0\u00a0\u00a0\u00a0\u00a0\u00a0\u00a0\u00a0\u00a0\u00a0\u00a0\u00a0\u00a0\u00a0\u00a0\u00a0\u00a0\u00a0\u00a0\u00a0\u00a0\u00a0\u00a0\u00a0\u00a0\u00a0\u00a0\u00a0\u00a0\u00a0\u00a0\u00a0\u00a0\u00a0\u00a0\u00a0\u00a0\u00a0\u00a0\u00a0\u00a0\u00a0\u00a0\u00a0\u00a0\u00a0\u00a0\u00a0\u00a0\u00a0\u00a0\u00a0\u00a0\u00a0\u00a0\u00a0\u00a0\u00a0\u00a0\u00a0\u00a0\u00a0\u00a0\u00a0\u00a0\u00a0\u00a0<\/em><\/p>\n<p style=\"text-align: justify;\"><em>-&#8220;Salvados por la campana&#8221;<\/em><\/p>\n<p style=\"text-align: justify;\">An\u00e1lisis de los Personajes:<\/p>\n<p style=\"text-align: justify;\">Los personajes de los cuentos de Oscar Seidel son complejos y multifac\u00e9ticos, lo que permite al lector reflexionar sobre la condici\u00f3n humana.<\/p>\n<p style=\"text-align: justify;\">An\u00e1lisis del Cuento <em>&#8220;El alabao&#8221;:\u00a0\u00a0\u00a0\u00a0\u00a0\u00a0\u00a0\u00a0\u00a0\u00a0\u00a0\u00a0\u00a0\u00a0\u00a0\u00a0\u00a0\u00a0\u00a0\u00a0\u00a0\u00a0\u00a0\u00a0\u00a0\u00a0\u00a0\u00a0\u00a0\u00a0\u00a0\u00a0\u00a0\u00a0\u00a0\u00a0\u00a0\u00a0\u00a0\u00a0\u00a0\u00a0\u00a0\u00a0\u00a0\u00a0\u00a0\u00a0\u00a0\u00a0\u00a0\u00a0\u00a0\u00a0\u00a0\u00a0\u00a0\u00a0\u00a0\u00a0\u00a0\u00a0\u00a0\u00a0\u00a0\u00a0\u00a0\u00a0\u00a0\u00a0\u00a0\u00a0\u00a0\u00a0\u00a0\u00a0\u00a0\u00a0\u00a0\u00a0\u00a0\u00a0\u00a0\u00a0\u00a0\u00a0\u00a0\u00a0\u00a0\u00a0 \u00a0\u00a0\u00a0\u00a0\u00a0\u00a0\u00a0\u00a0\u00a0\u00a0\u00a0\u00a0\u00a0\u00a0\u00a0\u00a0\u00a0\u00a0\u00a0\u00a0<\/em><\/p>\n<p style=\"text-align: justify;\"><em>&#8220;El alabao<\/em>&#8221; es un cuento que forma parte del libro <em>&#8220;En el mar de sus recuerdos&#8221;<\/em> de Oscar Seidel. A continuaci\u00f3n, presenta un an\u00e1lisis detallado de este cuento.<\/p>\n<p style=\"text-align: justify;\">Resumen del Cuento<\/p>\n<p style=\"text-align: justify;\">\u00a0\u00a0\u00a0El cuento <em>&#8220;El alabao&#8221;<\/em> narra la historia de un personaje que se encuentra en un estado de refle-xi\u00f3n y nostalgia. El protagonista se siente atra\u00eddo por la figura del alabao, un culto m\u00edtico de la cultura del Pac\u00edfico colombiano.<\/p>\n<p style=\"text-align: justify;\">La mitolog\u00eda del Pac\u00edfico:<\/p>\n<p style=\"text-align: justify;\">Es rica y diversa, con una gran variedad de historias y leyendas que se han transmitido de generaci\u00f3n en generaci\u00f3n. Aunque no hay una lista espec\u00edfica de autores de mitolog\u00eda del Pac\u00edfico, podemos mencionar algunos escritores y autores que han contribuido a la literatura y la mitolog\u00eda de la regi\u00f3n.<\/p>\n<p style=\"text-align: justify;\">-Albert Wendt: Un escritor samoano que ha escrito extensamente sobre la cultura y la mitolog\u00eda del Pac\u00edfico. Su obra <em>&#8220;The Bone People&#8221;<\/em> es una novela que explora la identidad cultural y la conexi\u00f3n con la tierra en Nueva Zelanda.<\/p>\n<p style=\"text-align: justify;\">-Epeli Hau&#8217;ofa: Un escritor y acad\u00e9mico fijiano que ha escrito sobre la cultura y la historia del Pac\u00edfico. Su obra <em>&#8220;Nuestro mar de islas&#8221;<\/em> es una colecci\u00f3n de ensayos que exploran la identidad cultural y la conexi\u00f3n con la tierra en el Pac\u00edfico.<\/p>\n<p style=\"text-align: justify;\">-Oscar Seidel: Un escritor colombiano que ha escrito sobre la mitolog\u00eda y la cultura del Pac\u00edfico colombiano. Su obra <em>&#8220;En el mar de sus recuerdos&#8221;<\/em> es una colecci\u00f3n de cuentos que exploran la conexi\u00f3n entre la cultura y la naturaleza en la regi\u00f3n del Pac\u00edfico colombiano.<\/p>\n<p style=\"text-align: justify;\">Es importante destacar que la mitolog\u00eda del Pac\u00edfico es una tradici\u00f3n oral que se ha transmitido de generaci\u00f3n en generaci\u00f3n, por lo que no hay una lista espec\u00edfica de autores que hayan escrito sobre el tema. Sin embargo, los escritores mencionados anteriormente han contribuido a la literatura y la mitolog\u00eda de la regi\u00f3n.<\/p>\n<p style=\"text-align: justify;\">En la literatura colombiana, la cultura del Pac\u00edfico ha sido un tema recurrente, especialmente en la obra de autores como Manuel Zapata Olivella, \u00c1lvaro Mutis y Oscar Seidel, entre otros.<\/p>\n<p style=\"text-align: justify;\">Algunos elementos caracter\u00edsticos de la cultura del Pac\u00edfico que se reflejan en la literatura son:<\/p>\n<p style=\"text-align: justify;\">\u00a0-La riqueza cultural y ling\u00fc\u00edstica de las comunidades afrodescendientes e ind\u00edgenas.<\/p>\n<p style=\"text-align: justify;\">\u00a0 -La relaci\u00f3n estrecha con la naturaleza y la importancia de la selva y el mar en la cosmovisi\u00f3n de las comunidades.<\/p>\n<p style=\"text-align: justify;\">-La presencia de elementos m\u00e1gicos y religiosos, como la santer\u00eda y el animismo.<\/p>\n<p style=\"text-align: justify;\">-La lucha por la supervivencia y la resistencia en un entorno hostil y marginado.<\/p>\n<p style=\"text-align: justify;\">En la obra de Oscar Seidel, por ejemplo, se puede apreciar la riqueza cultural y la diversidad de la regi\u00f3n del Pac\u00edfico. Su libro <em>&#8220;En el Mar de sus Recuerdos&#8221;<\/em> es una colecci\u00f3n de cuentos que exploran la mitolog\u00eda y la cultura del Pac\u00edfico, entrelazando elementos de la naturaleza y la conducta humana.<\/p>\n<p style=\"text-align: justify;\">En resumen, la cultura del Pac\u00edfico en la literatura es un tema rico y diverso que refleja la complejidad y la belleza de las comunidades que habitan esta regi\u00f3n.<\/p>\n<p style=\"text-align: justify;\">Narrativa:<\/p>\n<p style=\"text-align: justify;\">En la narrativa de <em>&#8220;En el mar de sus recuerdos&#8221;,<\/em> Oscar Seidel profundiza en los componentes m\u00e1s arraigados del folclore del <a href=\"https:\/\/www.las2orillas.co\/el-litoral-pacifico-un-territorio-para-descubrir\/\">Pac\u00edfico colombiano<\/a>, utilizando la ficci\u00f3n para preservar y dar significado a las tradiciones locales.<\/p>\n<p style=\"text-align: justify;\">Los aspectos espec\u00edficos del folclore que estructuran sus cuentos son los siguientes:<\/p>\n<p style=\"text-align: justify;\"><strong>&#8211;<\/strong>Mitolog\u00eda y Deidades Africanas<\/p>\n<ul style=\"text-align: justify;\">\n<li>Sincretismo Espiritual: Los personajes invocan a divinidades del pante\u00f3n yoruba, como la diosa Osh\u00fan, entrelazando la fe cat\u00f3lica con las ra\u00edces africanas para pedir favores est\u00e9ticos o protecci\u00f3n.<\/li>\n<li>Din\u00e1mica Mitol\u00f3gica: Los mitos no son adornos; dictan de forma activa las conductas y determinan la tr\u00e1gica inestabilidad de los lugare\u00f1os.<\/li>\n<li>Naturaleza Antropomorfa: El paisaje del litoral (mar, r\u00edos y manglares) act\u00faa con conciencia propia.<\/li>\n<\/ul>\n<ul style=\"text-align: justify;\">\n<li>Fuerzas Desconocidas<strong>:<\/strong> El entorno natural es un plano m\u00edstico que altera el destino humano mediante hechizos o presagios ambientales.<\/li>\n<\/ul>\n<p style=\"text-align: justify;\"><strong>\u00a0<\/strong><\/p>\n<p style=\"text-align: justify;\">-Arquetipos del &#8220;Alma Terr\u00edgena&#8221;<\/p>\n<ul style=\"text-align: justify;\">\n<li>Hombres Err\u00e1ticos: Los protagonistas encarnan el arquetipo del navegante y del habitan-te del puerto, marcados por la nostalgia y los sue\u00f1os colectivos.<\/li>\n<li>Tradici\u00f3n Oral como Leyenda: El autor toma relatos transmitidos de generaci\u00f3n en gene-raci\u00f3n en <a href=\"https:\/\/poemiaeditorial.com\/autores\/oscar-seidel\">Tumaco<\/a> y los convierte en verdades literarias incuestionables.<\/li>\n<\/ul>\n<p style=\"text-align: justify;\">Es importante Analizar c\u00f3mo se conecta este libro con su otra gran novela <em>&#8220;El dulce olor de Puerto Perla&#8221;:\u00a0\u00a0\u00a0\u00a0\u00a0\u00a0\u00a0\u00a0\u00a0\u00a0\u00a0\u00a0\u00a0\u00a0\u00a0\u00a0\u00a0\u00a0\u00a0\u00a0\u00a0\u00a0\u00a0\u00a0\u00a0\u00a0\u00a0\u00a0\u00a0\u00a0\u00a0\u00a0\u00a0\u00a0\u00a0\u00a0\u00a0\u00a0\u00a0\u00a0\u00a0\u00a0\u00a0\u00a0\u00a0\u00a0\u00a0\u00a0\u00a0\u00a0\u00a0\u00a0\u00a0\u00a0\u00a0\u00a0\u00a0\u00a0\u00a0\u00a0\u00a0\u00a0\u00a0\u00a0\u00a0\u00a0\u00a0\u00a0\u00a0\u00a0\u00a0\u00a0\u00a0\u00a0\u00a0\u00a0\u00a0\u00a0\u00a0\u00a0\u00a0\u00a0\u00a0\u00a0\u00a0\u00a0\u00a0\u00a0\u00a0\u00a0\u00a0\u00a0\u00a0\u00a0\u00a0\u00a0\u00a0\u00a0\u00a0\u00a0\u00a0\u00a0\u00a0\u00a0\u00a0\u00a0\u00a0\u00a0\u00a0\u00a0\u00a0\u00a0\u00a0\u00a0\u00a0\u00a0\u00a0\u00a0\u00a0\u00a0\u00a0\u00a0\u00a0\u00a0\u00a0\u00a0\u00a0\u00a0\u00a0\u00a0\u00a0\u00a0\u00a0\u00a0\u00a0\u00a0\u00a0\u00a0\u00a0\u00a0\u00a0\u00a0\u00a0\u00a0\u00a0\u00a0\u00a0<\/em><\/p>\n<p style=\"text-align: justify;\">El libro<em> &#8220;En el mar de sus recuerdos&#8221; (2016)<\/em> y <em>&#8220;El dulce olor de Puerto Perla&#8221; (2018)<\/em> funcionan como dos caras de la misma moneda literaria dentro del universo ficcional que Oscar Seidel ha construido para el Pac\u00edfico colombiano. Mientras el libro de cuentos edifica las bases m\u00edsticas y folcl\u00f3ricas de la regi\u00f3n, la novela toma esos mismos elementos para proyectar una cruda alegor\u00eda social.<\/p>\n<p style=\"text-align: justify;\">Los dos libros se conectan estrechamente a trav\u00e9s de los siguientes ejes fundamentales:<\/p>\n<p style=\"text-align: justify;\">\u00a0\u00a0\u00a0\u00a0\u00a0 -El Territorio como Protagonista Compartido Tumaco como Epicentro: Ambos textos se desarrollan y nutren de la geograf\u00eda e idiosincrasia de Tumaco (llamado &#8220;La Perla del Pac\u00edfico&#8221;). En la novela, el territorio muta bajo el nombre ficcionalizada de &#8220;Puerto Perla&#8221;.<\/p>\n<p style=\"text-align: justify;\">-La Atm\u00f3sfera Enrarecida: La naturaleza misteriosa de los cuentos \u2014donde el entorno tiene voluntad propia\u2014 evoluciona en la novela hacia una atm\u00f3sfera asfixiante. All\u00ed, una extra\u00f1a emanaci\u00f3n y un hedor insoportable se apoderan del pueblo, alterando la mente y destino de sus habitantes de forma similar a los hechizos del manglar.<\/p>\n<p style=\"text-align: justify;\">Evoluci\u00f3n del Estilo Narrativo Econom\u00eda de la Palabra:<\/p>\n<p style=\"text-align: justify;\">\u00a0La prosa fluida y directa que Seidel experimenta en sus relatos cortos se consolida en la novela<\/p>\n<p style=\"text-align: justify;\">\u00a0<em>&#8220;El dulce olor de Puerto Perla&#8221;<\/em>, obra que inaugura formalmente su estilo basado en la brevedad y la precisi\u00f3n ling\u00fc\u00edstica para atrapar al lector.<\/p>\n<p style=\"text-align: justify;\">La Oralidad como Estructura:<\/p>\n<p style=\"text-align: justify;\">\u00a0Ambos libros renuncian a las estructuras acad\u00e9micas r\u00edgidas y prefieren cimentar el peso de sus tramas en la afroralidad y los di\u00e1logos cotidianos de las comunidades afrodescendientes de la costa.<\/p>\n<p style=\"text-align: justify;\">De lo M\u00edtico a lo Metaf\u00f3rico-Social<\/p>\n<p style=\"text-align: justify;\">\u00a0\u00a0 -El Tr\u00e1nsito del Dolor: En <em>&#8220;En el mar de sus recuerdos&#8221;,<\/em> la inestabilidad de los lugare\u00f1os surge del arraigo a los mitos y la herencia ancestral. En <em>&#8220;El dulce olor de Puerto Perla&#8221;,<\/em> ese sufrimi-ento se materializa en una met\u00e1fora de la corrupci\u00f3n, la violencia y el narcotr\u00e1fico. El &#8220;mal olor&#8221; representa la descomposici\u00f3n moral de la clase pol\u00edtica.<\/p>\n<p style=\"text-align: justify;\">\u00a0\u00a0-Di\u00e1logo con los Cl\u00e1sicos: Mientras los cuentos operan bajo la l\u00f3gica del realismo m\u00e1gico local, la novela se conecta con la literatura universal al proponer una antinomia con <em>&#8220;La n\u00e1usea&#8221; <\/em>de Sartre y evocar la soledad absoluta y el abandono de la Comala de Juan Rulfo.<\/p>\n<p style=\"text-align: justify;\">Personajes Marginales y Espectrales<\/p>\n<p style=\"text-align: justify;\">\u00a0\u00a0 -\u00c1nimas y Arquetipos: Los seres imaginarios que deambulan por el mar de los recuerdos en los cuentos toman un matiz fantasmal en la novela, donde el narrador advierte que las \u00e1nimas cami-nan de noche por las calles vac\u00edas.<\/p>\n<p style=\"text-align: justify;\">-El Curandero y el &#8220;Raja-muertos&#8221;: Los perfiles tradicionales<\/p>\n<p style=\"text-align: justify;\">An\u00e1lisis del contenido de los cuentos<\/p>\n<p style=\"text-align: justify;\">\u00a0\u00a0 El an\u00e1lisis detallado del contenido interno de <em>&#8220;En el mar de sus recuerdos&#8221;<\/em> revela que Oscar Seidel utiliza una estructura de cuentos interconectados donde la memoria colectiva act\u00faa como un archivo de resistencia cultural. Cada relato opera como un fragmento del espejo retrovisor de Tumaco y el litoral Pac\u00edfico.<\/p>\n<p style=\"text-align: justify;\">El contenido de las narraciones se desglosa a trav\u00e9s de las siguientes dimensiones anal\u00edticas:<\/p>\n<p style=\"text-align: justify;\">Radiograf\u00eda de Cuentos Destacados\u00a0\u00a0\u00a0\u00a0\u00a0\u00a0\u00a0\u00a0\u00a0\u00a0\u00a0\u00a0 \u00a0\u00a0\u00a0\u00a0\u00a0\u00a0\u00a0\u00a0\u00a0\u00a0\u00a0\u00a0\u00a0\u00a0\u00a0\u00a0\u00a0\u00a0\u00a0\u00a0\u00a0\u00a0\u00a0\u00a0\u00a0\u00a0\u00a0\u00a0\u00a0\u00a0\u00a0\u00a0\u00a0\u00a0\u00a0\u00a0\u00a0\u00a0\u00a0\u00a0\u00a0\u00a0\u00a0\u00a0\u00a0\u00a0\u00a0\u00a0\u00a0\u00a0\u00a0\u00a0\u00a0\u00a0\u00a0\u00a0\u00a0\u00a0\u00a0\u00a0\u00a0\u00a0\u00a0\u00a0\u00a0\u00a0\u00a0\u00a0\u00a0\u00a0\u00a0\u00a0\u00a0\u00a0\u00a0\u00a0\u00a0\u00a0\u00a0\u00a0\u00a0\u00a0\u00a0\u00a0\u00a0\u00a0\u00a0\u00a0\u00a0\u00a0\u00a0\u00a0\u00a0\u00a0<em>-&#8220;Esa negra linda camar\u00e1&#8221;<\/em>: Explora la sensualidad, el amor id\u00edlico y la identidad afrodescendiente a trav\u00e9s del ritmo, la m\u00fasica local y el lenguaje popular (el uso del vocablo &#8220;camar\u00e1&#8221; como s\u00edmbolo de hermandad y compadrazgo).<\/p>\n<p style=\"text-align: justify;\">\u00a0\u00a0 <em>-&#8220;El ombligado&#8221;:<\/em> Aborda de forma directa una de las tradiciones m\u00edsticas m\u00e1s profundas del Pac\u00edfico colombiano. El relato narra el ritual donde se entierra el cord\u00f3n umbilical del reci\u00e9n nacido junto a plantas o restos de animales (como garras de jaguar o espinas de pescado) para transferirle al ni\u00f1o destrezas espec\u00edficas, amarrando para siempre su destino metaf\u00edsico al territorio.<\/p>\n<p style=\"text-align: justify;\">\u00a0\u00a0 <em>-&#8220;Salvados por la campana<\/em>&#8220;: Un cuento centrado en la supervivencia, la fe y la estrecha relaci\u00f3n de dependencia y respeto que los pescadores artesanales sostienen con la hostilidad del oc\u00e9ano.<\/p>\n<p style=\"text-align: justify;\">Progresi\u00f3n Psicol\u00f3gica de los Personajes<\/p>\n<ul style=\"text-align: justify;\">\n<li>Hombres Err\u00e1ticos y Evocadores: Los personajes masculinos suelen ser marineros, n\u00e1ufragos o ancianos que sufren de una profunda inestabilidad emocional debido al choque entre la modernidad y sus recuerdos nost\u00e1lgicos.<\/li>\n<li>Incertidumbre Conductual: Los protagonistas no act\u00faan bajo una l\u00f3gica puramente racional. Sus decisiones y desequilibrios mentales est\u00e1n guiados por premoniciones, apariciones espectrales y el peso del determinismo geogr\u00e1fico.<\/li>\n<\/ul>\n<p style=\"text-align: justify;\">\n<p style=\"text-align: justify;\">Din\u00e1mica de la &#8220;Irrealidad Inasible&#8221;<\/p>\n<ul style=\"text-align: justify;\">\n<li>L\u00edmites Difusos: En la narrativa de Seidel, el plano de los vivos y el de las \u00e1nimas coexisten sin fricciones. Los personajes conversan con sus ancestros o con seres imaginarios en medio de la cotidianidad del muelle.<\/li>\n<li>Visi\u00f3n Antropomorfa del Entorno: La marea, las tormentas y los laberintos del manglar act\u00faan como personajes con intenciones propias que juzgan, castigan o premian a los lugare\u00f1os.<\/li>\n<li>Fusi\u00f3n Racial y Cultural (Sincretismo)<\/li>\n<\/ul>\n<ul style=\"text-align: justify;\">\n<li>El Tri\u00e1ngulo de Identidad: Los cuentos exaltan las din\u00e1micas de convivencia e hibridaci\u00f3n entre las vertientes negra, ind\u00edgena y europea en el litoral.<\/li>\n<li>Cosmogon\u00eda Combinada: El contenido de las historias entrelaza las plegarias cat\u00f3licas tradicionales con rezos curativos tradicionales y deidades africanas en un intento filos\u00f3fico por comprender la vida, el dolor y la muerte desde una perspectiva puramente coste\u00f1a.<\/li>\n<\/ul>\n<p style=\"text-align: justify;\">\n<p style=\"text-align: justify;\">Conclusiones<\/p>\n<p style=\"text-align: justify;\"><em>&#8220;En el mar de sus recuerdos&#8221;<\/em> de Oscar Seidel es una obra fundamental para la literatura colombiana y del Pac\u00edfico porque consolida la transici\u00f3n de la tradici\u00f3n oral a la alta literatura escrita. El libro no solo recopila an\u00e9cdotas, sino que eleva la cosmogon\u00eda afrocolombiana a una categor\u00eda est\u00e9tica universal.<\/p>\n<p style=\"text-align: justify;\">La importancia de este libro se resume en los siguientes puntos clave:<\/p>\n<p style=\"text-align: justify;\">Salvaguarda de la Identidad Ancestral<\/p>\n<ul style=\"text-align: justify;\">\n<li>Archivo de la Memoria: Funciona como un registro literario de rituales en peligro de extinci\u00f3n, como el sincretismo religioso y la pr\u00e1ctica m\u00edstica de &#8220;el ombligado&#8221;.<\/li>\n<li>Resistencia Cultural: Reivindica la historia de Tumaco y el litoral frente al olvido estatal, convirtiendo el dolor y la nostalgia en herramientas de orgullo e identidad colectiva.<\/li>\n<\/ul>\n<p style=\"text-align: justify;\">\n<p style=\"text-align: justify;\">Aporte Estil\u00edstico a la Literatura Nacional<\/p>\n<ul style=\"text-align: justify;\">\n<li>Descentralizaci\u00f3n de las Letras: Desplaza el eje literario de las grandes capitales andinas (Bogot\u00e1, Medell\u00edn) hacia la periferia costera, enriqueciendo el panorama de las letras colombianas.<\/li>\n<li>Consolidaci\u00f3n de la Afroralidad: Logra capturar la riqueza fon\u00e9tica, el ritmo y el l\u00e9xico del habla popular del Pac\u00edfico sin caer en la caricatura, integr\u00e1ndolo de forma natural en una estructura narrativa moderna y breve.<\/li>\n<\/ul>\n<p style=\"text-align: justify;\">\n<p style=\"text-align: justify;\">Renovaci\u00f3n del Realismo M\u00e1gico<\/p>\n<ul style=\"text-align: justify;\">\n<li>Misticismo Terr\u00edgena: A diferencia del realismo m\u00e1gico del Caribe, Seidel propone un misticismo oscuro, h\u00famedo y ligado al manglar, donde la naturaleza antropomorfa no es un decorado ex\u00f3tico, sino una fuerza psicol\u00f3gica que define la conducta humana.<\/li>\n<\/ul>\n<p style=\"text-align: justify;\">\n<p style=\"text-align: justify;\">Con esta conclusi\u00f3n cerramos el ciclo de an\u00e1lisis.<\/p>\n<p style=\"text-align: justify;\">\n<p style=\"text-align: justify;\">\n","protected":false},"excerpt":{"rendered":"<p>Por: Oscar Seidel &#8220;En el mar de sus recuerdos&#8221; es un libro de cuentos escrito por Oscar Seidel, un autor colombiano que ha logrado capturar la esencia de la memoria y la nostalgia en sus relatos. \u00a0A continuaci\u00f3n, presentamos un an\u00e1lisis detallado de este libro: Temas Principales: \u00a0-La memoria y el recuerdo \u00a0-La nostalgia y [&hellip;]<\/p>\n","protected":false},"author":91,"featured_media":70879216297,"comment_status":"open","ping_status":"open","sticky":false,"template":"","format":"standard","meta":{"footnotes":""},"categories":[85],"tags":[],"class_list":["post-70879216296","post","type-post","status-publish","format-standard","has-post-thumbnail","hentry","category-culturas-2"],"yoast_head":"<!-- This site is optimized with the Yoast SEO plugin v27.1.1 - https:\/\/yoast.com\/product\/yoast-seo-wordpress\/ -->\n<title>An\u00e1lisis de Meta IA del libro de cuentos\u00a0&quot;En el mar de sus recuerdos\u201d | P\u00e1gina10<\/title>\n<meta name=\"robots\" content=\"index, follow, max-snippet:-1, max-image-preview:large, max-video-preview:-1\" \/>\n<link rel=\"canonical\" href=\"https:\/\/pagina10.com\/web\/analisis-de-meta-ia-del-libro-de-cuentos-en-el-mar-de-sus-recuerdos\/\" \/>\n<meta property=\"og:locale\" content=\"es_ES\" \/>\n<meta property=\"og:type\" content=\"article\" \/>\n<meta property=\"og:title\" content=\"An\u00e1lisis de Meta IA del libro de cuentos\u00a0&quot;En el mar de sus recuerdos\u201d | P\u00e1gina10\" \/>\n<meta property=\"og:description\" content=\"Por: Oscar Seidel &#8220;En el mar de sus recuerdos&#8221; es un libro de cuentos escrito por Oscar Seidel, un autor colombiano que ha logrado capturar la esencia de la memoria y la nostalgia en sus relatos. A continuaci\u00f3n, presentamos un an\u00e1lisis detallado de este libro: Temas Principales: -La memoria y el recuerdo -La nostalgia y [&hellip;]\" \/>\n<meta property=\"og:url\" content=\"https:\/\/pagina10.com\/web\/analisis-de-meta-ia-del-libro-de-cuentos-en-el-mar-de-sus-recuerdos\/\" \/>\n<meta property=\"og:site_name\" content=\"P\u00e1gina10\" \/>\n<meta property=\"article:publisher\" content=\"https:\/\/www.facebook.com\/pag10com\" \/>\n<meta property=\"article:published_time\" content=\"2026-09-02T21:11:12+00:00\" \/>\n<meta property=\"og:image\" content=\"https:\/\/pagina10.com\/web\/wp-content\/uploads\/2026\/09\/WhatsApp-Image-2026-09-01-at-4.32.08-PM-e1788383455864.jpeg\" \/>\n\t<meta property=\"og:image:width\" content=\"778\" \/>\n\t<meta property=\"og:image:height\" content=\"588\" \/>\n\t<meta property=\"og:image:type\" content=\"image\/jpeg\" \/>\n<meta name=\"author\" content=\"Oscar Seidel\" \/>\n<meta name=\"twitter:card\" content=\"summary_large_image\" \/>\n<meta name=\"twitter:creator\" content=\"@Pag10com\" \/>\n<meta name=\"twitter:site\" content=\"@Pag10com\" \/>\n<meta name=\"twitter:label1\" content=\"Escrito por\" \/>\n\t<meta name=\"twitter:data1\" content=\"Oscar Seidel\" \/>\n\t<meta name=\"twitter:label2\" content=\"Tiempo de lectura\" \/>\n\t<meta name=\"twitter:data2\" content=\"9 minutos\" \/>\n<script type=\"application\/ld+json\" class=\"yoast-schema-graph\">{\"@context\":\"https:\/\/schema.org\",\"@graph\":[{\"@type\":\"Article\",\"@id\":\"https:\/\/pagina10.com\/web\/analisis-de-meta-ia-del-libro-de-cuentos-en-el-mar-de-sus-recuerdos\/#article\",\"isPartOf\":{\"@id\":\"https:\/\/pagina10.com\/web\/analisis-de-meta-ia-del-libro-de-cuentos-en-el-mar-de-sus-recuerdos\/\"},\"author\":{\"name\":\"Oscar Seidel\",\"@id\":\"https:\/\/pagina10.com\/web\/#\/schema\/person\/7a9f5b9767ceaacd7bb3854d6e8d7be2\"},\"headline\":\"An\u00e1lisis de Meta IA del libro de cuentos\u00a0&#8220;En el mar de sus recuerdos\u201d\",\"datePublished\":\"2026-09-02T21:11:12+00:00\",\"mainEntityOfPage\":{\"@id\":\"https:\/\/pagina10.com\/web\/analisis-de-meta-ia-del-libro-de-cuentos-en-el-mar-de-sus-recuerdos\/\"},\"wordCount\":2093,\"commentCount\":0,\"publisher\":{\"@id\":\"https:\/\/pagina10.com\/web\/#organization\"},\"image\":{\"@id\":\"https:\/\/pagina10.com\/web\/analisis-de-meta-ia-del-libro-de-cuentos-en-el-mar-de-sus-recuerdos\/#primaryimage\"},\"thumbnailUrl\":\"https:\/\/pagina10.com\/web\/wp-content\/uploads\/2026\/09\/WhatsApp-Image-2026-09-01-at-4.32.08-PM-e1788383455864.jpeg\",\"articleSection\":[\"Culturas\"],\"inLanguage\":\"es\",\"potentialAction\":[{\"@type\":\"CommentAction\",\"name\":\"Comment\",\"target\":[\"https:\/\/pagina10.com\/web\/analisis-de-meta-ia-del-libro-de-cuentos-en-el-mar-de-sus-recuerdos\/#respond\"]}]},{\"@type\":\"WebPage\",\"@id\":\"https:\/\/pagina10.com\/web\/analisis-de-meta-ia-del-libro-de-cuentos-en-el-mar-de-sus-recuerdos\/\",\"url\":\"https:\/\/pagina10.com\/web\/analisis-de-meta-ia-del-libro-de-cuentos-en-el-mar-de-sus-recuerdos\/\",\"name\":\"An\u00e1lisis de Meta IA del libro de cuentos\u00a0\\\"En el mar de sus recuerdos\u201d | P\u00e1gina10\",\"isPartOf\":{\"@id\":\"https:\/\/pagina10.com\/web\/#website\"},\"primaryImageOfPage\":{\"@id\":\"https:\/\/pagina10.com\/web\/analisis-de-meta-ia-del-libro-de-cuentos-en-el-mar-de-sus-recuerdos\/#primaryimage\"},\"image\":{\"@id\":\"https:\/\/pagina10.com\/web\/analisis-de-meta-ia-del-libro-de-cuentos-en-el-mar-de-sus-recuerdos\/#primaryimage\"},\"thumbnailUrl\":\"https:\/\/pagina10.com\/web\/wp-content\/uploads\/2026\/09\/WhatsApp-Image-2026-09-01-at-4.32.08-PM-e1788383455864.jpeg\",\"datePublished\":\"2026-09-02T21:11:12+00:00\",\"breadcrumb\":{\"@id\":\"https:\/\/pagina10.com\/web\/analisis-de-meta-ia-del-libro-de-cuentos-en-el-mar-de-sus-recuerdos\/#breadcrumb\"},\"inLanguage\":\"es\",\"potentialAction\":[{\"@type\":\"ReadAction\",\"target\":[\"https:\/\/pagina10.com\/web\/analisis-de-meta-ia-del-libro-de-cuentos-en-el-mar-de-sus-recuerdos\/\"]}]},{\"@type\":\"ImageObject\",\"inLanguage\":\"es\",\"@id\":\"https:\/\/pagina10.com\/web\/analisis-de-meta-ia-del-libro-de-cuentos-en-el-mar-de-sus-recuerdos\/#primaryimage\",\"url\":\"https:\/\/pagina10.com\/web\/wp-content\/uploads\/2026\/09\/WhatsApp-Image-2026-09-01-at-4.32.08-PM-e1788383455864.jpeg\",\"contentUrl\":\"https:\/\/pagina10.com\/web\/wp-content\/uploads\/2026\/09\/WhatsApp-Image-2026-09-01-at-4.32.08-PM-e1788383455864.jpeg\",\"width\":778,\"height\":588},{\"@type\":\"BreadcrumbList\",\"@id\":\"https:\/\/pagina10.com\/web\/analisis-de-meta-ia-del-libro-de-cuentos-en-el-mar-de-sus-recuerdos\/#breadcrumb\",\"itemListElement\":[{\"@type\":\"ListItem\",\"position\":1,\"name\":\"Portada\",\"item\":\"https:\/\/pagina10.com\/web\/\"},{\"@type\":\"ListItem\",\"position\":2,\"name\":\"An\u00e1lisis de Meta IA del libro de cuentos\u00a0&#8220;En el mar de sus recuerdos\u201d\"}]},{\"@type\":\"WebSite\",\"@id\":\"https:\/\/pagina10.com\/web\/#website\",\"url\":\"https:\/\/pagina10.com\/web\/\",\"name\":\"P\u00e1gina10\",\"description\":\"Peri\u00f3dico Regional\",\"publisher\":{\"@id\":\"https:\/\/pagina10.com\/web\/#organization\"},\"alternateName\":\"P\u00e1gina10 Peri\u00f3dico Regional\",\"potentialAction\":[{\"@type\":\"SearchAction\",\"target\":{\"@type\":\"EntryPoint\",\"urlTemplate\":\"https:\/\/pagina10.com\/web\/?s={search_term_string}\"},\"query-input\":{\"@type\":\"PropertyValueSpecification\",\"valueRequired\":true,\"valueName\":\"search_term_string\"}}],\"inLanguage\":\"es\"},{\"@type\":\"Organization\",\"@id\":\"https:\/\/pagina10.com\/web\/#organization\",\"name\":\"P\u00e1gina10\",\"alternateName\":\"P\u00e1gina10 Peri\u00f3dico Regional\",\"url\":\"https:\/\/pagina10.com\/web\/\",\"logo\":{\"@type\":\"ImageObject\",\"inLanguage\":\"es\",\"@id\":\"https:\/\/pagina10.com\/web\/#\/schema\/logo\/image\/\",\"url\":\"https:\/\/pagina10.com\/web\/wp-content\/uploads\/2024\/01\/40-pagina-10-periodico-regional-pasto.jpg\",\"contentUrl\":\"https:\/\/pagina10.com\/web\/wp-content\/uploads\/2024\/01\/40-pagina-10-periodico-regional-pasto.jpg\",\"width\":1280,\"height\":720,\"caption\":\"P\u00e1gina10\"},\"image\":{\"@id\":\"https:\/\/pagina10.com\/web\/#\/schema\/logo\/image\/\"},\"sameAs\":[\"https:\/\/www.facebook.com\/pag10com\",\"https:\/\/x.com\/Pag10com\",\"https:\/\/www.instagram.com\/pagina10col\/\",\"https:\/\/youtube.com\/channel\/pag10\",\"https:\/\/www.tiktok.com\/@p10col\"]},{\"@type\":\"Person\",\"@id\":\"https:\/\/pagina10.com\/web\/#\/schema\/person\/7a9f5b9767ceaacd7bb3854d6e8d7be2\",\"name\":\"Oscar Seidel\",\"description\":\"Naci\u00f3 en 1952, en Tumaco. Nari\u00f1o. Colombia.Bachiller del Liceo de Bachillerato de la Universidad de Nari\u00f1o en Pasto, 1970. Ingeniero Industrial de la Universidad Tecnol\u00f3gica de Pereira, 1977. Especialista en Finanzas de la Universidad EAFIT en Medell\u00edn, 1981. Medalla a la Excelencia Mejor Alumno del Liceo Nacional Max Seidel de Tumaco, 1968. Mejor Ejecutivo del A\u00f1o C\u00e1mara Junior de Colombia Cap\u00edtulo Buenaventura, 1986. Director Ejecutivo de la Fundaci\u00f3n de Escritores del Pacifico Colombiano-Fuespacol, 2016-2018. Autor de los libros \u201cEn el mar de sus recuerdos\u201d (Cuentos.2016), \u201cMax Seidel El Pedagogo Alem\u00e1n\u201d (Biografia.2017), \u201cEl dulce olor de Puerto Perla\u201d (Novela.2018), y \u201c\u00bfHasta cu\u00e1ndo me persigues?\u201d (Novela.2019). Coautor de los libros \u201cQue todo el mundo te cante\u201d (Relatos.2016) y \u201c100 palabras\u201d (Minicuentos.2017) Seidel figura en las antolog\u00edas de Microrrelatos del Tercer Concurso Comunidad Literaria de Microrrelato de Misterio Versos Compartidos de Montevideo, Uruguay, (2017); Concurso Microrrelatos de Terror Revista bimensual \u201cLa sirena varada\u201d. M\u00e9xico, (2017); en el IV Concurso de Microrrelatos \u201cSensaciones y Sentidos\u201d (2017), y en el I Concurso de Microrrelatos \u201cMicroAtardeceres\u201d (2018). Diversidad Literaria. Madrid, Espa\u00f1a; IV concurso Microrrelatos de Microterror (2018) Diversidad Literaria Madrid, Espa\u00f1a, y en \u201cLa marea literaria del Pacifico\u201d (Relatos.2018). Finalista del VIII Certamen Literario Canyada D\u2019art, (2017), Genero Microrrelato. (Espa\u00f1a), y en el XII Concurso de Microrrelatos Moleskin. Madrid. Espa\u00f1a (2.018) y el XIV Concurso de Relatos de Viajes y Derechos Humanos de Molesqu\u00edn en Madrid. Espa\u00f1a (2.019). Sus cuentos y relatos han sido publicados en El Magaz\u00edn del Espectador, Las Artes del Diario de Pereira; Letralia tierra de letras; Eku\u00f2reo; Escritores.org, y P\u00e1gina 10 entre otras. La Fundaci\u00f3n C\u00e9sar Egido Serrano, y el Museo de la Palabra, de Madrid. Espa\u00f1a, lo nombraron Embajador del idioma espa\u00f1ol de su pa\u00eds en el mundo, en el 2018\",\"url\":\"https:\/\/pagina10.com\/web\/author\/oscarseidel\/\"}]}<\/script>\n<!-- \/ Yoast SEO plugin. -->","yoast_head_json":{"title":"An\u00e1lisis de Meta IA del libro de cuentos\u00a0\"En el mar de sus recuerdos\u201d | P\u00e1gina10","robots":{"index":"index","follow":"follow","max-snippet":"max-snippet:-1","max-image-preview":"max-image-preview:large","max-video-preview":"max-video-preview:-1"},"canonical":"https:\/\/pagina10.com\/web\/analisis-de-meta-ia-del-libro-de-cuentos-en-el-mar-de-sus-recuerdos\/","og_locale":"es_ES","og_type":"article","og_title":"An\u00e1lisis de Meta IA del libro de cuentos\u00a0\"En el mar de sus recuerdos\u201d | P\u00e1gina10","og_description":"Por: Oscar Seidel &#8220;En el mar de sus recuerdos&#8221; es un libro de cuentos escrito por Oscar Seidel, un autor colombiano que ha logrado capturar la esencia de la memoria y la nostalgia en sus relatos. A continuaci\u00f3n, presentamos un an\u00e1lisis detallado de este libro: Temas Principales: -La memoria y el recuerdo -La nostalgia y [&hellip;]","og_url":"https:\/\/pagina10.com\/web\/analisis-de-meta-ia-del-libro-de-cuentos-en-el-mar-de-sus-recuerdos\/","og_site_name":"P\u00e1gina10","article_publisher":"https:\/\/www.facebook.com\/pag10com","article_published_time":"2026-09-02T21:11:12+00:00","og_image":[{"width":778,"height":588,"url":"https:\/\/pagina10.com\/web\/wp-content\/uploads\/2026\/09\/WhatsApp-Image-2026-09-01-at-4.32.08-PM-e1788383455864.jpeg","type":"image\/jpeg"}],"author":"Oscar Seidel","twitter_card":"summary_large_image","twitter_creator":"@Pag10com","twitter_site":"@Pag10com","twitter_misc":{"Escrito por":"Oscar Seidel","Tiempo de lectura":"9 minutos"},"schema":{"@context":"https:\/\/schema.org","@graph":[{"@type":"Article","@id":"https:\/\/pagina10.com\/web\/analisis-de-meta-ia-del-libro-de-cuentos-en-el-mar-de-sus-recuerdos\/#article","isPartOf":{"@id":"https:\/\/pagina10.com\/web\/analisis-de-meta-ia-del-libro-de-cuentos-en-el-mar-de-sus-recuerdos\/"},"author":{"name":"Oscar Seidel","@id":"https:\/\/pagina10.com\/web\/#\/schema\/person\/7a9f5b9767ceaacd7bb3854d6e8d7be2"},"headline":"An\u00e1lisis de Meta IA del libro de cuentos\u00a0&#8220;En el mar de sus recuerdos\u201d","datePublished":"2026-09-02T21:11:12+00:00","mainEntityOfPage":{"@id":"https:\/\/pagina10.com\/web\/analisis-de-meta-ia-del-libro-de-cuentos-en-el-mar-de-sus-recuerdos\/"},"wordCount":2093,"commentCount":0,"publisher":{"@id":"https:\/\/pagina10.com\/web\/#organization"},"image":{"@id":"https:\/\/pagina10.com\/web\/analisis-de-meta-ia-del-libro-de-cuentos-en-el-mar-de-sus-recuerdos\/#primaryimage"},"thumbnailUrl":"https:\/\/pagina10.com\/web\/wp-content\/uploads\/2026\/09\/WhatsApp-Image-2026-09-01-at-4.32.08-PM-e1788383455864.jpeg","articleSection":["Culturas"],"inLanguage":"es","potentialAction":[{"@type":"CommentAction","name":"Comment","target":["https:\/\/pagina10.com\/web\/analisis-de-meta-ia-del-libro-de-cuentos-en-el-mar-de-sus-recuerdos\/#respond"]}]},{"@type":"WebPage","@id":"https:\/\/pagina10.com\/web\/analisis-de-meta-ia-del-libro-de-cuentos-en-el-mar-de-sus-recuerdos\/","url":"https:\/\/pagina10.com\/web\/analisis-de-meta-ia-del-libro-de-cuentos-en-el-mar-de-sus-recuerdos\/","name":"An\u00e1lisis de Meta IA del libro de cuentos\u00a0\"En el mar de sus recuerdos\u201d | P\u00e1gina10","isPartOf":{"@id":"https:\/\/pagina10.com\/web\/#website"},"primaryImageOfPage":{"@id":"https:\/\/pagina10.com\/web\/analisis-de-meta-ia-del-libro-de-cuentos-en-el-mar-de-sus-recuerdos\/#primaryimage"},"image":{"@id":"https:\/\/pagina10.com\/web\/analisis-de-meta-ia-del-libro-de-cuentos-en-el-mar-de-sus-recuerdos\/#primaryimage"},"thumbnailUrl":"https:\/\/pagina10.com\/web\/wp-content\/uploads\/2026\/09\/WhatsApp-Image-2026-09-01-at-4.32.08-PM-e1788383455864.jpeg","datePublished":"2026-09-02T21:11:12+00:00","breadcrumb":{"@id":"https:\/\/pagina10.com\/web\/analisis-de-meta-ia-del-libro-de-cuentos-en-el-mar-de-sus-recuerdos\/#breadcrumb"},"inLanguage":"es","potentialAction":[{"@type":"ReadAction","target":["https:\/\/pagina10.com\/web\/analisis-de-meta-ia-del-libro-de-cuentos-en-el-mar-de-sus-recuerdos\/"]}]},{"@type":"ImageObject","inLanguage":"es","@id":"https:\/\/pagina10.com\/web\/analisis-de-meta-ia-del-libro-de-cuentos-en-el-mar-de-sus-recuerdos\/#primaryimage","url":"https:\/\/pagina10.com\/web\/wp-content\/uploads\/2026\/09\/WhatsApp-Image-2026-09-01-at-4.32.08-PM-e1788383455864.jpeg","contentUrl":"https:\/\/pagina10.com\/web\/wp-content\/uploads\/2026\/09\/WhatsApp-Image-2026-09-01-at-4.32.08-PM-e1788383455864.jpeg","width":778,"height":588},{"@type":"BreadcrumbList","@id":"https:\/\/pagina10.com\/web\/analisis-de-meta-ia-del-libro-de-cuentos-en-el-mar-de-sus-recuerdos\/#breadcrumb","itemListElement":[{"@type":"ListItem","position":1,"name":"Portada","item":"https:\/\/pagina10.com\/web\/"},{"@type":"ListItem","position":2,"name":"An\u00e1lisis de Meta IA del libro de cuentos\u00a0&#8220;En el mar de sus recuerdos\u201d"}]},{"@type":"WebSite","@id":"https:\/\/pagina10.com\/web\/#website","url":"https:\/\/pagina10.com\/web\/","name":"P\u00e1gina10","description":"Peri\u00f3dico Regional","publisher":{"@id":"https:\/\/pagina10.com\/web\/#organization"},"alternateName":"P\u00e1gina10 Peri\u00f3dico Regional","potentialAction":[{"@type":"SearchAction","target":{"@type":"EntryPoint","urlTemplate":"https:\/\/pagina10.com\/web\/?s={search_term_string}"},"query-input":{"@type":"PropertyValueSpecification","valueRequired":true,"valueName":"search_term_string"}}],"inLanguage":"es"},{"@type":"Organization","@id":"https:\/\/pagina10.com\/web\/#organization","name":"P\u00e1gina10","alternateName":"P\u00e1gina10 Peri\u00f3dico Regional","url":"https:\/\/pagina10.com\/web\/","logo":{"@type":"ImageObject","inLanguage":"es","@id":"https:\/\/pagina10.com\/web\/#\/schema\/logo\/image\/","url":"https:\/\/pagina10.com\/web\/wp-content\/uploads\/2024\/01\/40-pagina-10-periodico-regional-pasto.jpg","contentUrl":"https:\/\/pagina10.com\/web\/wp-content\/uploads\/2024\/01\/40-pagina-10-periodico-regional-pasto.jpg","width":1280,"height":720,"caption":"P\u00e1gina10"},"image":{"@id":"https:\/\/pagina10.com\/web\/#\/schema\/logo\/image\/"},"sameAs":["https:\/\/www.facebook.com\/pag10com","https:\/\/x.com\/Pag10com","https:\/\/www.instagram.com\/pagina10col\/","https:\/\/youtube.com\/channel\/pag10","https:\/\/www.tiktok.com\/@p10col"]},{"@type":"Person","@id":"https:\/\/pagina10.com\/web\/#\/schema\/person\/7a9f5b9767ceaacd7bb3854d6e8d7be2","name":"Oscar Seidel","description":"Naci\u00f3 en 1952, en Tumaco. Nari\u00f1o. Colombia.Bachiller del Liceo de Bachillerato de la Universidad de Nari\u00f1o en Pasto, 1970. Ingeniero Industrial de la Universidad Tecnol\u00f3gica de Pereira, 1977. Especialista en Finanzas de la Universidad EAFIT en Medell\u00edn, 1981. Medalla a la Excelencia Mejor Alumno del Liceo Nacional Max Seidel de Tumaco, 1968. Mejor Ejecutivo del A\u00f1o C\u00e1mara Junior de Colombia Cap\u00edtulo Buenaventura, 1986. Director Ejecutivo de la Fundaci\u00f3n de Escritores del Pacifico Colombiano-Fuespacol, 2016-2018. Autor de los libros \u201cEn el mar de sus recuerdos\u201d (Cuentos.2016), \u201cMax Seidel El Pedagogo Alem\u00e1n\u201d (Biografia.2017), \u201cEl dulce olor de Puerto Perla\u201d (Novela.2018), y \u201c\u00bfHasta cu\u00e1ndo me persigues?\u201d (Novela.2019). Coautor de los libros \u201cQue todo el mundo te cante\u201d (Relatos.2016) y \u201c100 palabras\u201d (Minicuentos.2017) Seidel figura en las antolog\u00edas de Microrrelatos del Tercer Concurso Comunidad Literaria de Microrrelato de Misterio Versos Compartidos de Montevideo, Uruguay, (2017); Concurso Microrrelatos de Terror Revista bimensual \u201cLa sirena varada\u201d. M\u00e9xico, (2017); en el IV Concurso de Microrrelatos \u201cSensaciones y Sentidos\u201d (2017), y en el I Concurso de Microrrelatos \u201cMicroAtardeceres\u201d (2018). Diversidad Literaria. Madrid, Espa\u00f1a; IV concurso Microrrelatos de Microterror (2018) Diversidad Literaria Madrid, Espa\u00f1a, y en \u201cLa marea literaria del Pacifico\u201d (Relatos.2018). Finalista del VIII Certamen Literario Canyada D\u2019art, (2017), Genero Microrrelato. (Espa\u00f1a), y en el XII Concurso de Microrrelatos Moleskin. Madrid. Espa\u00f1a (2.018) y el XIV Concurso de Relatos de Viajes y Derechos Humanos de Molesqu\u00edn en Madrid. Espa\u00f1a (2.019). Sus cuentos y relatos han sido publicados en El Magaz\u00edn del Espectador, Las Artes del Diario de Pereira; Letralia tierra de letras; Eku\u00f2reo; Escritores.org, y P\u00e1gina 10 entre otras. La Fundaci\u00f3n C\u00e9sar Egido Serrano, y el Museo de la Palabra, de Madrid. Espa\u00f1a, lo nombraron Embajador del idioma espa\u00f1ol de su pa\u00eds en el mundo, en el 2018","url":"https:\/\/pagina10.com\/web\/author\/oscarseidel\/"}]}},"_links":{"self":[{"href":"https:\/\/pagina10.com\/web\/wp-json\/wp\/v2\/posts\/70879216296","targetHints":{"allow":["GET"]}}],"collection":[{"href":"https:\/\/pagina10.com\/web\/wp-json\/wp\/v2\/posts"}],"about":[{"href":"https:\/\/pagina10.com\/web\/wp-json\/wp\/v2\/types\/post"}],"author":[{"embeddable":true,"href":"https:\/\/pagina10.com\/web\/wp-json\/wp\/v2\/users\/91"}],"replies":[{"embeddable":true,"href":"https:\/\/pagina10.com\/web\/wp-json\/wp\/v2\/comments?post=70879216296"}],"version-history":[{"count":1,"href":"https:\/\/pagina10.com\/web\/wp-json\/wp\/v2\/posts\/70879216296\/revisions"}],"predecessor-version":[{"id":70879216298,"href":"https:\/\/pagina10.com\/web\/wp-json\/wp\/v2\/posts\/70879216296\/revisions\/70879216298"}],"wp:featuredmedia":[{"embeddable":true,"href":"https:\/\/pagina10.com\/web\/wp-json\/wp\/v2\/media\/70879216297"}],"wp:attachment":[{"href":"https:\/\/pagina10.com\/web\/wp-json\/wp\/v2\/media?parent=70879216296"}],"wp:term":[{"taxonomy":"category","embeddable":true,"href":"https:\/\/pagina10.com\/web\/wp-json\/wp\/v2\/categories?post=70879216296"},{"taxonomy":"post_tag","embeddable":true,"href":"https:\/\/pagina10.com\/web\/wp-json\/wp\/v2\/tags?post=70879216296"}],"curies":[{"name":"wp","href":"https:\/\/api.w.org\/{rel}","templated":true}]}}