{"id":70879216307,"date":"2026-09-02T23:02:04","date_gmt":"2026-09-03T04:02:04","guid":{"rendered":"https:\/\/pagina10.com\/web\/?p=70879216307"},"modified":"2026-09-02T23:02:04","modified_gmt":"2026-09-03T04:02:04","slug":"fernanda-enriquez-escribir-para-contar-sanar-y-dar-voz-a-las-mujeres","status":"publish","type":"post","link":"https:\/\/pagina10.com\/web\/fernanda-enriquez-escribir-para-contar-sanar-y-dar-voz-a-las-mujeres\/","title":{"rendered":"Fernanda Enr\u00edquez: escribir para contar, sanar y dar voz a las mujeres"},"content":{"rendered":"<p style=\"text-align: justify;\"><strong>Desde ni\u00f1a encontr\u00f3 en los diarios una manera de narrar aquello que no pod\u00eda decir en voz alta. Hoy, Fernanda Enr\u00edquez ha convertido la escritura en un oficio atravesado por las historias de las mujeres, las violencias, la memoria, las ausencias y su propia experiencia de vida.<\/strong><\/p>\n<p style=\"text-align: justify;\">Fernanda Enr\u00edquez escribe pr\u00e1cticamente desde que aprendi\u00f3 a hacerlo. Antes incluso de ingresar a la escuela, su madre le hab\u00eda ense\u00f1ado a leer y a unir palabras. A los cinco o seis a\u00f1os ya llevaba diarios en los que registraba sus pensamientos m\u00e1s \u00edntimos.<\/p>\n<p style=\"text-align: justify;\">Muchos de aquellos cuadernos terminaron rotos, quemados o en la basura. Le preocupaba que sus hermanos o su familia descubrieran sus secretos infantiles. Sin saberlo, all\u00ed comenzaba una relaci\u00f3n con la escritura que la acompa\u00f1ar\u00eda durante toda su vida.<\/p>\n<p style=\"text-align: justify;\">\u201cSiempre estuvo ah\u00ed ese impulso de escribir y siempre fue un poco narrativo, porque siempre fue contar, contar, contar\u201d, recuerda.<\/p>\n<p style=\"text-align: justify;\"><strong>De los diarios a la literatura<\/strong><\/p>\n<p style=\"text-align: justify;\">Licenciada en Lengua Castellana y Literatura, Enr\u00edquez comenz\u00f3 a asumir la escritura de manera profesional alrededor de 2015. Su trabajo de grado fue tambi\u00e9n el origen de su primer libro de no ficci\u00f3n, construido a partir de entrevistas realizadas en un barrio perif\u00e9rico.<\/p>\n<p style=\"text-align: justify;\">Ese ejercicio termin\u00f3 definiendo buena parte de su mirada como escritora: <strong>las historias de otras mujeres<\/strong>.<\/p>\n<p style=\"text-align: justify;\">Quer\u00eda saber qu\u00e9 significaba ser mujer en esos territorios, c\u00f3mo eran las relaciones familiares y de pareja y qu\u00e9 situaciones enfrentaban en su cotidianidad. Las respuestas la llevaron hacia relatos marcados, en muchos casos, por distintas formas de violencia.<\/p>\n<p style=\"text-align: justify;\">\u201cYo me doy cuenta que a Fernanda le interesan las otras mujeres\u201d, explica.<\/p>\n<p style=\"text-align: justify;\">Desde entonces, las violencias contra las mujeres y la manera como ellas experimentan la sociedad se convirtieron en asuntos recurrentes de su escritura.<\/p>\n<p style=\"text-align: justify;\"><strong>Escribir todos los d\u00edas<\/strong><\/p>\n<p style=\"text-align: justify;\">Para Fernanda, escribir no depende exclusivamente de la inspiraci\u00f3n. Es un h\u00e1bito cotidiano. Contin\u00faa llevando un diario y tiene adem\u00e1s una pr\u00e1ctica particular: cada ma\u00f1ana intenta reconstruir los sue\u00f1os que recuerda y escribirlos antes de que desaparezcan de la memoria.<\/p>\n<p style=\"text-align: justify;\">Su creaci\u00f3n literaria tampoco se detiene. Actualmente trabaja en un libro de cuentos y en una micronovela que recorre una l\u00ednea temporal entre ella y su madre, su nacimiento y la vida materna.<\/p>\n<p style=\"text-align: justify;\">Entre sus principales referentes contempor\u00e1neos est\u00e1 la escritora ecuatoriana <strong>Mar\u00eda Fernanda Ampuero<\/strong>, especialmente por la crudeza con la que aborda la sociedad y la experiencia de las mujeres. El cuento <em>Subasta<\/em>, incluido en <em>Pelea de gallos<\/em>, fue uno de los textos que m\u00e1s la impact\u00f3.<\/p>\n<p style=\"text-align: justify;\"><strong>\u201cEs m\u00e1s dif\u00edcil creerse\u201d<\/strong><\/p>\n<p style=\"text-align: justify;\">Enr\u00edquez plantea una reflexi\u00f3n sobre las dificultades que enfrentan las mujeres que escriben. Para ella, una de las primeras barreras aparece incluso antes de publicar: reconocerse a s\u00ed mismas como escritoras.<\/p>\n<p style=\"text-align: justify;\">Durante su formaci\u00f3n acad\u00e9mica, buena parte de los grandes referentes que encontr\u00f3 pertenec\u00edan al canon masculino: Borges, Benedetti, Neruda o Gabriel Garc\u00eda M\u00e1rquez. Encontrar escritoras con quienes identificarse implic\u00f3 una b\u00fasqueda propia.<\/p>\n<p style=\"text-align: justify;\">\u201cEs m\u00e1s dif\u00edcil creerse, porque nosotras tenemos s\u00edndrome de la impostora\u201d, se\u00f1ala.<\/p>\n<p style=\"text-align: justify;\">Esa experiencia tambi\u00e9n la ha encontrado entre otras autoras: mujeres que escriben pero consideran que sus textos nunca deber\u00edan publicarse. En su criterio, la falta hist\u00f3rica de referentes femeninos contin\u00faa teniendo efectos sobre quienes intentan abrirse camino en la literatura.<\/p>\n<p style=\"text-align: justify;\"><strong><em>Fr\u00edo Sur<\/em>, la voz de Fernanda<\/strong><\/p>\n<p style=\"text-align: justify;\">A partir de 2020 comenz\u00f3 a participar en convocatorias de est\u00edmulos culturales y obtuvo reconocimiento con uno de sus cuentos. En 2023 present\u00f3 una versi\u00f3n revisada y editada del libro que hab\u00eda nacido de su trabajo universitario.<\/p>\n<p style=\"text-align: justify;\">Un a\u00f1o despu\u00e9s escribi\u00f3 <em>Fr\u00edo Sur<\/em>, una obra de no ficci\u00f3n que considera uno de sus trabajos m\u00e1s importantes.<\/p>\n<p style=\"text-align: justify;\">\u201c<em>Fr\u00edo Sur<\/em> es todo lo que Fernanda quiere decir\u201d, afirma.<\/p>\n<p style=\"text-align: justify;\">El libro re\u00fane diatribas, mon\u00f3logos, fragmentos de diario y textos que incluso se acercan a las columnas de opini\u00f3n. Esa hibridez le permiti\u00f3 construir una obra en la que siente representada su propia voz.<\/p>\n<p style=\"text-align: justify;\">En 2025 ocurri\u00f3 algo diferente. Algunos textos nacieron de su diario personal durante un momento emocional dif\u00edcil. Cuando apareci\u00f3 una convocatoria de est\u00edmulos decidi\u00f3 presentarlos, aunque inicialmente no ten\u00eda intenci\u00f3n de publicar un material tan \u00edntimo. El proyecto result\u00f3 ganador.<\/p>\n<p style=\"text-align: justify;\">La experiencia tambi\u00e9n la llev\u00f3 a conocer otra dimensi\u00f3n del oficio: buscar editora, pensar una cubierta, tramitar el ISBN, trabajar la diagramaci\u00f3n y comprender todo el proceso necesario para convertir un manuscrito en un libro. Es un aprendizaje que conecta con otro de sus proyectos: <strong>alg\u00fan d\u00eda tener su propia editorial<\/strong>.<\/p>\n<p style=\"text-align: justify;\"><strong>La ausencia convertida en escritura<\/strong><\/p>\n<p style=\"text-align: justify;\">Hay una experiencia que atraviesa profundamente su historia personal. Cuando Fernanda ten\u00eda 12 a\u00f1os muri\u00f3 su padre.<\/p>\n<p style=\"text-align: justify;\">Ella define ese momento como el nacimiento de su \u201cherida esencial\u201d: un antes y un despu\u00e9s entre la vida junto a alguien que se ama y la certeza de que esa persona ya no regresar\u00e1.<\/p>\n<p style=\"text-align: justify;\">Durante a\u00f1os pens\u00f3 que deb\u00eda permanecer vinculada al sufrimiento provocado por esa ausencia. Con el tiempo y mediante un proceso terap\u00e9utico comprendi\u00f3 que pod\u00eda continuar con su vida sin desconocer el dolor ni la importancia de aquella p\u00e9rdida.<\/p>\n<p style=\"text-align: justify;\">La escritura termin\u00f3 convirti\u00e9ndose en una manera de relacionarse con esa ausencia.<\/p>\n<p style=\"text-align: justify;\">\u201cDe pronto puedes llenar esa ausencia con la escritura y con algo que creas que te da vida\u201d, reflexiona.<\/p>\n<p style=\"text-align: justify;\">Y en su caso no hay dudas sobre qu\u00e9 ha ocupado ese lugar.<\/p>\n<p style=\"text-align: justify;\"><strong>\u201cA m\u00ed la escritura me ha dado mucha vida\u201d.<\/strong><\/p>\n","protected":false},"excerpt":{"rendered":"<p>Desde ni\u00f1a encontr\u00f3 en los diarios una manera de narrar aquello que no pod\u00eda decir en voz alta. Hoy, Fernanda Enr\u00edquez ha convertido la escritura en un oficio atravesado por las historias de las mujeres, las violencias, la memoria, las ausencias y su propia experiencia de vida. Fernanda Enr\u00edquez escribe pr\u00e1cticamente desde que aprendi\u00f3 a [&hellip;]<\/p>\n","protected":false},"author":1,"featured_media":70879216308,"comment_status":"open","ping_status":"open","sticky":false,"template":"","format":"standard","meta":{"footnotes":""},"categories":[85],"tags":[],"class_list":["post-70879216307","post","type-post","status-publish","format-standard","has-post-thumbnail","hentry","category-culturas-2"],"yoast_head":"<!-- This site is optimized with the Yoast SEO plugin v27.1.1 - https:\/\/yoast.com\/product\/yoast-seo-wordpress\/ -->\n<title>Fernanda Enr\u00edquez: escribir para contar, sanar y dar voz a las mujeres | P\u00e1gina10<\/title>\n<meta name=\"robots\" content=\"index, follow, max-snippet:-1, max-image-preview:large, max-video-preview:-1\" \/>\n<link rel=\"canonical\" href=\"https:\/\/pagina10.com\/web\/fernanda-enriquez-escribir-para-contar-sanar-y-dar-voz-a-las-mujeres\/\" \/>\n<meta property=\"og:locale\" content=\"es_ES\" \/>\n<meta property=\"og:type\" content=\"article\" \/>\n<meta property=\"og:title\" content=\"Fernanda Enr\u00edquez: escribir para contar, sanar y dar voz a las mujeres | P\u00e1gina10\" \/>\n<meta property=\"og:description\" content=\"Desde ni\u00f1a encontr\u00f3 en los diarios una manera de narrar aquello que no pod\u00eda decir en voz alta. Hoy, Fernanda Enr\u00edquez ha convertido la escritura en un oficio atravesado por las historias de las mujeres, las violencias, la memoria, las ausencias y su propia experiencia de vida. Fernanda Enr\u00edquez escribe pr\u00e1cticamente desde que aprendi\u00f3 a [&hellip;]\" \/>\n<meta property=\"og:url\" content=\"https:\/\/pagina10.com\/web\/fernanda-enriquez-escribir-para-contar-sanar-y-dar-voz-a-las-mujeres\/\" \/>\n<meta property=\"og:site_name\" content=\"P\u00e1gina10\" \/>\n<meta property=\"article:publisher\" content=\"https:\/\/www.facebook.com\/pag10com\" \/>\n<meta property=\"article:published_time\" content=\"2026-09-03T04:02:04+00:00\" \/>\n<meta property=\"og:image\" content=\"https:\/\/pagina10.com\/web\/wp-content\/uploads\/2026\/09\/WhatsApp-Image-2026-09-02-at-11.00.24-PM-e1788408085244.jpeg\" \/>\n\t<meta property=\"og:image:width\" content=\"1280\" \/>\n\t<meta property=\"og:image:height\" content=\"790\" \/>\n\t<meta property=\"og:image:type\" content=\"image\/jpeg\" \/>\n<meta name=\"author\" content=\"P\u00e1gina 10\" \/>\n<meta name=\"twitter:card\" content=\"summary_large_image\" \/>\n<meta name=\"twitter:creator\" content=\"@Pag10com\" \/>\n<meta name=\"twitter:site\" content=\"@Pag10com\" \/>\n<meta name=\"twitter:label1\" content=\"Escrito por\" \/>\n\t<meta name=\"twitter:data1\" content=\"P\u00e1gina 10\" \/>\n\t<meta name=\"twitter:label2\" content=\"Tiempo de lectura\" \/>\n\t<meta name=\"twitter:data2\" content=\"5 minutos\" \/>\n<script type=\"application\/ld+json\" class=\"yoast-schema-graph\">{\"@context\":\"https:\/\/schema.org\",\"@graph\":[{\"@type\":\"Article\",\"@id\":\"https:\/\/pagina10.com\/web\/fernanda-enriquez-escribir-para-contar-sanar-y-dar-voz-a-las-mujeres\/#article\",\"isPartOf\":{\"@id\":\"https:\/\/pagina10.com\/web\/fernanda-enriquez-escribir-para-contar-sanar-y-dar-voz-a-las-mujeres\/\"},\"author\":{\"name\":\"P\u00e1gina 10\",\"@id\":\"https:\/\/pagina10.com\/web\/#\/schema\/person\/2efc4a090d25b667d3bc796798a3a81b\"},\"headline\":\"Fernanda Enr\u00edquez: escribir para contar, sanar y dar voz a las mujeres\",\"datePublished\":\"2026-09-03T04:02:04+00:00\",\"mainEntityOfPage\":{\"@id\":\"https:\/\/pagina10.com\/web\/fernanda-enriquez-escribir-para-contar-sanar-y-dar-voz-a-las-mujeres\/\"},\"wordCount\":964,\"commentCount\":0,\"publisher\":{\"@id\":\"https:\/\/pagina10.com\/web\/#organization\"},\"image\":{\"@id\":\"https:\/\/pagina10.com\/web\/fernanda-enriquez-escribir-para-contar-sanar-y-dar-voz-a-las-mujeres\/#primaryimage\"},\"thumbnailUrl\":\"https:\/\/pagina10.com\/web\/wp-content\/uploads\/2026\/09\/WhatsApp-Image-2026-09-02-at-11.00.24-PM-e1788408085244.jpeg\",\"articleSection\":[\"Culturas\"],\"inLanguage\":\"es\",\"potentialAction\":[{\"@type\":\"CommentAction\",\"name\":\"Comment\",\"target\":[\"https:\/\/pagina10.com\/web\/fernanda-enriquez-escribir-para-contar-sanar-y-dar-voz-a-las-mujeres\/#respond\"]}]},{\"@type\":\"WebPage\",\"@id\":\"https:\/\/pagina10.com\/web\/fernanda-enriquez-escribir-para-contar-sanar-y-dar-voz-a-las-mujeres\/\",\"url\":\"https:\/\/pagina10.com\/web\/fernanda-enriquez-escribir-para-contar-sanar-y-dar-voz-a-las-mujeres\/\",\"name\":\"Fernanda Enr\u00edquez: escribir para contar, sanar y dar voz a las mujeres | P\u00e1gina10\",\"isPartOf\":{\"@id\":\"https:\/\/pagina10.com\/web\/#website\"},\"primaryImageOfPage\":{\"@id\":\"https:\/\/pagina10.com\/web\/fernanda-enriquez-escribir-para-contar-sanar-y-dar-voz-a-las-mujeres\/#primaryimage\"},\"image\":{\"@id\":\"https:\/\/pagina10.com\/web\/fernanda-enriquez-escribir-para-contar-sanar-y-dar-voz-a-las-mujeres\/#primaryimage\"},\"thumbnailUrl\":\"https:\/\/pagina10.com\/web\/wp-content\/uploads\/2026\/09\/WhatsApp-Image-2026-09-02-at-11.00.24-PM-e1788408085244.jpeg\",\"datePublished\":\"2026-09-03T04:02:04+00:00\",\"breadcrumb\":{\"@id\":\"https:\/\/pagina10.com\/web\/fernanda-enriquez-escribir-para-contar-sanar-y-dar-voz-a-las-mujeres\/#breadcrumb\"},\"inLanguage\":\"es\",\"potentialAction\":[{\"@type\":\"ReadAction\",\"target\":[\"https:\/\/pagina10.com\/web\/fernanda-enriquez-escribir-para-contar-sanar-y-dar-voz-a-las-mujeres\/\"]}]},{\"@type\":\"ImageObject\",\"inLanguage\":\"es\",\"@id\":\"https:\/\/pagina10.com\/web\/fernanda-enriquez-escribir-para-contar-sanar-y-dar-voz-a-las-mujeres\/#primaryimage\",\"url\":\"https:\/\/pagina10.com\/web\/wp-content\/uploads\/2026\/09\/WhatsApp-Image-2026-09-02-at-11.00.24-PM-e1788408085244.jpeg\",\"contentUrl\":\"https:\/\/pagina10.com\/web\/wp-content\/uploads\/2026\/09\/WhatsApp-Image-2026-09-02-at-11.00.24-PM-e1788408085244.jpeg\",\"width\":1280,\"height\":790},{\"@type\":\"BreadcrumbList\",\"@id\":\"https:\/\/pagina10.com\/web\/fernanda-enriquez-escribir-para-contar-sanar-y-dar-voz-a-las-mujeres\/#breadcrumb\",\"itemListElement\":[{\"@type\":\"ListItem\",\"position\":1,\"name\":\"Portada\",\"item\":\"https:\/\/pagina10.com\/web\/\"},{\"@type\":\"ListItem\",\"position\":2,\"name\":\"Fernanda Enr\u00edquez: escribir para contar, sanar y dar voz a las mujeres\"}]},{\"@type\":\"WebSite\",\"@id\":\"https:\/\/pagina10.com\/web\/#website\",\"url\":\"https:\/\/pagina10.com\/web\/\",\"name\":\"P\u00e1gina10\",\"description\":\"Peri\u00f3dico Regional\",\"publisher\":{\"@id\":\"https:\/\/pagina10.com\/web\/#organization\"},\"alternateName\":\"P\u00e1gina10 Peri\u00f3dico Regional\",\"potentialAction\":[{\"@type\":\"SearchAction\",\"target\":{\"@type\":\"EntryPoint\",\"urlTemplate\":\"https:\/\/pagina10.com\/web\/?s={search_term_string}\"},\"query-input\":{\"@type\":\"PropertyValueSpecification\",\"valueRequired\":true,\"valueName\":\"search_term_string\"}}],\"inLanguage\":\"es\"},{\"@type\":\"Organization\",\"@id\":\"https:\/\/pagina10.com\/web\/#organization\",\"name\":\"P\u00e1gina10\",\"alternateName\":\"P\u00e1gina10 Peri\u00f3dico Regional\",\"url\":\"https:\/\/pagina10.com\/web\/\",\"logo\":{\"@type\":\"ImageObject\",\"inLanguage\":\"es\",\"@id\":\"https:\/\/pagina10.com\/web\/#\/schema\/logo\/image\/\",\"url\":\"https:\/\/pagina10.com\/web\/wp-content\/uploads\/2024\/01\/40-pagina-10-periodico-regional-pasto.jpg\",\"contentUrl\":\"https:\/\/pagina10.com\/web\/wp-content\/uploads\/2024\/01\/40-pagina-10-periodico-regional-pasto.jpg\",\"width\":1280,\"height\":720,\"caption\":\"P\u00e1gina10\"},\"image\":{\"@id\":\"https:\/\/pagina10.com\/web\/#\/schema\/logo\/image\/\"},\"sameAs\":[\"https:\/\/www.facebook.com\/pag10com\",\"https:\/\/x.com\/Pag10com\",\"https:\/\/www.instagram.com\/pagina10col\/\",\"https:\/\/youtube.com\/channel\/pag10\",\"https:\/\/www.tiktok.com\/@p10col\"]},{\"@type\":\"Person\",\"@id\":\"https:\/\/pagina10.com\/web\/#\/schema\/person\/2efc4a090d25b667d3bc796798a3a81b\",\"name\":\"P\u00e1gina 10\",\"description\":\"P\u00e1gina 10 es un peri\u00f3dico regional que nace en Colombia, en el departamento de Nari\u00f1o, con un enfoque global, fundamentado en cuatro pilares esenciales: la libertad, el pluralismo, la inclusi\u00f3n y la independencia. P\u00e1gina 10 hace referencia a Nari\u00f1o como el d\u00e9cimo departamento creado en Colombia, despu\u00e9s de un proceso pol\u00edtico liderado por actores y actrices regionales con el fin de obtener la independencia y autonom\u00eda de nuestros territorios. Con la creaci\u00f3n de P\u00e1gina 10 se pretende abrir un escenario para el dialogo, la reflexi\u00f3n y el debate que se extienda a otras geograf\u00edas de Am\u00e9rica Latina y del planeta, en una apuesta por transformar colectivamente los desaf\u00edos de un mundo contempor\u00e1neo, m\u00e1s all\u00e1 de las fronteras impuestas.\",\"url\":\"https:\/\/pagina10.com\/web\/author\/pdiezadmin\/\"}]}<\/script>\n<!-- \/ Yoast SEO plugin. -->","yoast_head_json":{"title":"Fernanda Enr\u00edquez: escribir para contar, sanar y dar voz a las mujeres | P\u00e1gina10","robots":{"index":"index","follow":"follow","max-snippet":"max-snippet:-1","max-image-preview":"max-image-preview:large","max-video-preview":"max-video-preview:-1"},"canonical":"https:\/\/pagina10.com\/web\/fernanda-enriquez-escribir-para-contar-sanar-y-dar-voz-a-las-mujeres\/","og_locale":"es_ES","og_type":"article","og_title":"Fernanda Enr\u00edquez: escribir para contar, sanar y dar voz a las mujeres | P\u00e1gina10","og_description":"Desde ni\u00f1a encontr\u00f3 en los diarios una manera de narrar aquello que no pod\u00eda decir en voz alta. Hoy, Fernanda Enr\u00edquez ha convertido la escritura en un oficio atravesado por las historias de las mujeres, las violencias, la memoria, las ausencias y su propia experiencia de vida. Fernanda Enr\u00edquez escribe pr\u00e1cticamente desde que aprendi\u00f3 a [&hellip;]","og_url":"https:\/\/pagina10.com\/web\/fernanda-enriquez-escribir-para-contar-sanar-y-dar-voz-a-las-mujeres\/","og_site_name":"P\u00e1gina10","article_publisher":"https:\/\/www.facebook.com\/pag10com","article_published_time":"2026-09-03T04:02:04+00:00","og_image":[{"width":1280,"height":790,"url":"https:\/\/pagina10.com\/web\/wp-content\/uploads\/2026\/09\/WhatsApp-Image-2026-09-02-at-11.00.24-PM-e1788408085244.jpeg","type":"image\/jpeg"}],"author":"P\u00e1gina 10","twitter_card":"summary_large_image","twitter_creator":"@Pag10com","twitter_site":"@Pag10com","twitter_misc":{"Escrito por":"P\u00e1gina 10","Tiempo de lectura":"5 minutos"},"schema":{"@context":"https:\/\/schema.org","@graph":[{"@type":"Article","@id":"https:\/\/pagina10.com\/web\/fernanda-enriquez-escribir-para-contar-sanar-y-dar-voz-a-las-mujeres\/#article","isPartOf":{"@id":"https:\/\/pagina10.com\/web\/fernanda-enriquez-escribir-para-contar-sanar-y-dar-voz-a-las-mujeres\/"},"author":{"name":"P\u00e1gina 10","@id":"https:\/\/pagina10.com\/web\/#\/schema\/person\/2efc4a090d25b667d3bc796798a3a81b"},"headline":"Fernanda Enr\u00edquez: escribir para contar, sanar y dar voz a las mujeres","datePublished":"2026-09-03T04:02:04+00:00","mainEntityOfPage":{"@id":"https:\/\/pagina10.com\/web\/fernanda-enriquez-escribir-para-contar-sanar-y-dar-voz-a-las-mujeres\/"},"wordCount":964,"commentCount":0,"publisher":{"@id":"https:\/\/pagina10.com\/web\/#organization"},"image":{"@id":"https:\/\/pagina10.com\/web\/fernanda-enriquez-escribir-para-contar-sanar-y-dar-voz-a-las-mujeres\/#primaryimage"},"thumbnailUrl":"https:\/\/pagina10.com\/web\/wp-content\/uploads\/2026\/09\/WhatsApp-Image-2026-09-02-at-11.00.24-PM-e1788408085244.jpeg","articleSection":["Culturas"],"inLanguage":"es","potentialAction":[{"@type":"CommentAction","name":"Comment","target":["https:\/\/pagina10.com\/web\/fernanda-enriquez-escribir-para-contar-sanar-y-dar-voz-a-las-mujeres\/#respond"]}]},{"@type":"WebPage","@id":"https:\/\/pagina10.com\/web\/fernanda-enriquez-escribir-para-contar-sanar-y-dar-voz-a-las-mujeres\/","url":"https:\/\/pagina10.com\/web\/fernanda-enriquez-escribir-para-contar-sanar-y-dar-voz-a-las-mujeres\/","name":"Fernanda Enr\u00edquez: escribir para contar, sanar y dar voz a las mujeres | P\u00e1gina10","isPartOf":{"@id":"https:\/\/pagina10.com\/web\/#website"},"primaryImageOfPage":{"@id":"https:\/\/pagina10.com\/web\/fernanda-enriquez-escribir-para-contar-sanar-y-dar-voz-a-las-mujeres\/#primaryimage"},"image":{"@id":"https:\/\/pagina10.com\/web\/fernanda-enriquez-escribir-para-contar-sanar-y-dar-voz-a-las-mujeres\/#primaryimage"},"thumbnailUrl":"https:\/\/pagina10.com\/web\/wp-content\/uploads\/2026\/09\/WhatsApp-Image-2026-09-02-at-11.00.24-PM-e1788408085244.jpeg","datePublished":"2026-09-03T04:02:04+00:00","breadcrumb":{"@id":"https:\/\/pagina10.com\/web\/fernanda-enriquez-escribir-para-contar-sanar-y-dar-voz-a-las-mujeres\/#breadcrumb"},"inLanguage":"es","potentialAction":[{"@type":"ReadAction","target":["https:\/\/pagina10.com\/web\/fernanda-enriquez-escribir-para-contar-sanar-y-dar-voz-a-las-mujeres\/"]}]},{"@type":"ImageObject","inLanguage":"es","@id":"https:\/\/pagina10.com\/web\/fernanda-enriquez-escribir-para-contar-sanar-y-dar-voz-a-las-mujeres\/#primaryimage","url":"https:\/\/pagina10.com\/web\/wp-content\/uploads\/2026\/09\/WhatsApp-Image-2026-09-02-at-11.00.24-PM-e1788408085244.jpeg","contentUrl":"https:\/\/pagina10.com\/web\/wp-content\/uploads\/2026\/09\/WhatsApp-Image-2026-09-02-at-11.00.24-PM-e1788408085244.jpeg","width":1280,"height":790},{"@type":"BreadcrumbList","@id":"https:\/\/pagina10.com\/web\/fernanda-enriquez-escribir-para-contar-sanar-y-dar-voz-a-las-mujeres\/#breadcrumb","itemListElement":[{"@type":"ListItem","position":1,"name":"Portada","item":"https:\/\/pagina10.com\/web\/"},{"@type":"ListItem","position":2,"name":"Fernanda Enr\u00edquez: escribir para contar, sanar y dar voz a las mujeres"}]},{"@type":"WebSite","@id":"https:\/\/pagina10.com\/web\/#website","url":"https:\/\/pagina10.com\/web\/","name":"P\u00e1gina10","description":"Peri\u00f3dico Regional","publisher":{"@id":"https:\/\/pagina10.com\/web\/#organization"},"alternateName":"P\u00e1gina10 Peri\u00f3dico Regional","potentialAction":[{"@type":"SearchAction","target":{"@type":"EntryPoint","urlTemplate":"https:\/\/pagina10.com\/web\/?s={search_term_string}"},"query-input":{"@type":"PropertyValueSpecification","valueRequired":true,"valueName":"search_term_string"}}],"inLanguage":"es"},{"@type":"Organization","@id":"https:\/\/pagina10.com\/web\/#organization","name":"P\u00e1gina10","alternateName":"P\u00e1gina10 Peri\u00f3dico Regional","url":"https:\/\/pagina10.com\/web\/","logo":{"@type":"ImageObject","inLanguage":"es","@id":"https:\/\/pagina10.com\/web\/#\/schema\/logo\/image\/","url":"https:\/\/pagina10.com\/web\/wp-content\/uploads\/2024\/01\/40-pagina-10-periodico-regional-pasto.jpg","contentUrl":"https:\/\/pagina10.com\/web\/wp-content\/uploads\/2024\/01\/40-pagina-10-periodico-regional-pasto.jpg","width":1280,"height":720,"caption":"P\u00e1gina10"},"image":{"@id":"https:\/\/pagina10.com\/web\/#\/schema\/logo\/image\/"},"sameAs":["https:\/\/www.facebook.com\/pag10com","https:\/\/x.com\/Pag10com","https:\/\/www.instagram.com\/pagina10col\/","https:\/\/youtube.com\/channel\/pag10","https:\/\/www.tiktok.com\/@p10col"]},{"@type":"Person","@id":"https:\/\/pagina10.com\/web\/#\/schema\/person\/2efc4a090d25b667d3bc796798a3a81b","name":"P\u00e1gina 10","description":"P\u00e1gina 10 es un peri\u00f3dico regional que nace en Colombia, en el departamento de Nari\u00f1o, con un enfoque global, fundamentado en cuatro pilares esenciales: la libertad, el pluralismo, la inclusi\u00f3n y la independencia. P\u00e1gina 10 hace referencia a Nari\u00f1o como el d\u00e9cimo departamento creado en Colombia, despu\u00e9s de un proceso pol\u00edtico liderado por actores y actrices regionales con el fin de obtener la independencia y autonom\u00eda de nuestros territorios. Con la creaci\u00f3n de P\u00e1gina 10 se pretende abrir un escenario para el dialogo, la reflexi\u00f3n y el debate que se extienda a otras geograf\u00edas de Am\u00e9rica Latina y del planeta, en una apuesta por transformar colectivamente los desaf\u00edos de un mundo contempor\u00e1neo, m\u00e1s all\u00e1 de las fronteras impuestas.","url":"https:\/\/pagina10.com\/web\/author\/pdiezadmin\/"}]}},"_links":{"self":[{"href":"https:\/\/pagina10.com\/web\/wp-json\/wp\/v2\/posts\/70879216307","targetHints":{"allow":["GET"]}}],"collection":[{"href":"https:\/\/pagina10.com\/web\/wp-json\/wp\/v2\/posts"}],"about":[{"href":"https:\/\/pagina10.com\/web\/wp-json\/wp\/v2\/types\/post"}],"author":[{"embeddable":true,"href":"https:\/\/pagina10.com\/web\/wp-json\/wp\/v2\/users\/1"}],"replies":[{"embeddable":true,"href":"https:\/\/pagina10.com\/web\/wp-json\/wp\/v2\/comments?post=70879216307"}],"version-history":[{"count":1,"href":"https:\/\/pagina10.com\/web\/wp-json\/wp\/v2\/posts\/70879216307\/revisions"}],"predecessor-version":[{"id":70879216309,"href":"https:\/\/pagina10.com\/web\/wp-json\/wp\/v2\/posts\/70879216307\/revisions\/70879216309"}],"wp:featuredmedia":[{"embeddable":true,"href":"https:\/\/pagina10.com\/web\/wp-json\/wp\/v2\/media\/70879216308"}],"wp:attachment":[{"href":"https:\/\/pagina10.com\/web\/wp-json\/wp\/v2\/media?parent=70879216307"}],"wp:term":[{"taxonomy":"category","embeddable":true,"href":"https:\/\/pagina10.com\/web\/wp-json\/wp\/v2\/categories?post=70879216307"},{"taxonomy":"post_tag","embeddable":true,"href":"https:\/\/pagina10.com\/web\/wp-json\/wp\/v2\/tags?post=70879216307"}],"curies":[{"name":"wp","href":"https:\/\/api.w.org\/{rel}","templated":true}]}}