{"id":70879216312,"date":"2026-09-03T11:28:17","date_gmt":"2026-09-03T16:28:17","guid":{"rendered":"https:\/\/pagina10.com\/web\/?p=70879216312"},"modified":"2026-09-03T11:28:17","modified_gmt":"2026-09-03T16:28:17","slug":"adios-a-la-paz-territorial","status":"publish","type":"post","link":"https:\/\/pagina10.com\/web\/adios-a-la-paz-territorial\/","title":{"rendered":"Adi\u00f3s a la paz territorial."},"content":{"rendered":"<p style=\"text-align: justify;\">En el mundo, las personas hemos hecho de la fuerza y las armas, el medio para imponer reg\u00edmenes de toda ideolog\u00eda, el terror y el miedo reinan en contra de pueblos y comunidades, promoviendo guerras y los conflictos, que se resuelven por medio de la tierra arrasada y as\u00ed controla la econom\u00eda, reparti\u00e9ndose el mundo seg\u00fan sus intereses, las grandes potencias entre ellas los EE UU, dictan el libreto a jugar en el pa\u00eds, los primeros anuncios del gobierno de Abelardo de la Espriella se al\u00edan con los gringos y su doble nacionalidad contribuyen a los cantos de sirena con la guerra del mal llamado enemigo interno y cierra cualquier posibilidad de negociaci\u00f3n.<\/p>\n<p style=\"text-align: justify;\">En contraposici\u00f3n a la guerra arrasada, gran parte de la llamada sociedad civil en\u00a0 oposici\u00f3n a la violencia han promovi\u00f3 en los \u00faltimos a\u00f1os el derecho de gentes, tambi\u00e9n conocido como el derecho de guerra y tribunales como el de Nuremberg, que ha sido la antesala del estatuto de Roma, que cre\u00f3 la corte penal internacional, mecanismos creados para atacar la impunidad, y se buscan como alternativa a la guerra, la soluci\u00f3n pol\u00edtica para resolver los conflictos.<\/p>\n<p style=\"text-align: justify;\">Nari\u00f1o que ha sido golpeado como el que m\u00e1s por el conflicto, y en el gobierno del expresidente Gustavo Petro se le apost\u00f3 a paz territorial, mecanismo original que busc\u00f3 desprenderse de los fen\u00f3menos armados con cobertura nacional y los di\u00e1logos con comuneros del sur y la coordinadora guerrillera ej\u00e9rcito bolivariano, significaron avances de descalonamiento del conflicto y disminuci\u00f3n de asesinatos y algo de paz para territorios golpeados como el Pac\u00edfico y la cordillera; el anuncio de la terminaci\u00f3n de las mesas de negociaci\u00f3n por parte del gobierno de la Espriella, solo atraer\u00e1 muerte y terror para estas comunidades, quienes han pagado una alta cuota de sacrificio por esta guerra que solo en los \u00faltimos 20 a\u00f1os muestra el dolor de la guerra y el conflicto.<\/p>\n<p style=\"text-align: justify;\">En el pa\u00eds la guerra y el conflicto se han ensa\u00f1ado contra los territorios llamados de la Colombia profunda, el narcotr\u00e1fico fuente de financiamiento de todos los actores armados, se ha convertido en el mayor flagelo de la buena gente del sur, los cultivos de uso il\u00edcito crecieron en los \u00faltimos 20 a\u00f1os; Mientras en el a\u00f1o 2000 Nari\u00f1o contaba con cerca de 7.600 hect\u00e1reas, para el periodo 2024-2025 la cifra se multiplic\u00f3 casi por diez, 74.500 hect\u00e1reas, consolidando a la regi\u00f3n suroccidental como el epicentro del cultivo de uso il\u00edcito en el pa\u00eds.<\/p>\n<p style=\"text-align: justify;\">En Nari\u00f1o en los \u00faltimos 20 a\u00f1os han desplazado a 450 mil personas, o sea casi que un tercio del total de la poblaci\u00f3n del departamento y las causas est\u00e1n determinadas por la ausencia del estado donde la criminalidad lo han remplazado, la reconfiguraci\u00f3n de los grupos armados ilegales tras la desmovilizaci\u00f3n paramilitar, la disputas territoriales entre disidencias y la expansi\u00f3n de los cultivos de uso il\u00edcito hacia la Costa Pac\u00edfica\u00a0 y en menor medida la cordillera, impulsaron un flujo constante de desplazamientos masivos e individuales, siendo los Municipios como Tumaco, Olaya Herrera, Mag\u00fc\u00ed Pay\u00e1n, El Charco y Barbacoas en la subregi\u00f3n del Telemb\u00ed y Pac\u00edfico nari\u00f1ense los que han registrado de forma reiterada los mayores \u00edndices de expulsi\u00f3n forzada.<\/p>\n<p style=\"text-align: justify;\">Los homicidios en Nari\u00f1o en las dos \u00faltimas d\u00e9cadas han sido de un promedio de 500 a 650 homicidios anuales, Esta cifra equivale a una tasa hist\u00f3rica promedio de 30 a 40 homicidios por cada 100.000 habitantes, ubic\u00e1ndose generalmente por encima de la media nacional, seg\u00fan consolidados estad\u00edsticos de la Polic\u00eda Nacional, Medicina Legal y el Ministerio de Defensa.<\/p>\n<p style=\"text-align: justify;\">Las masacres han sido de 130 (homicidios colectivos de 3 o m\u00e1s personas en un mismo hecho), siendo el a\u00f1o 2018 donde se presentaron 70, seg\u00fan consolidaciones del Observatorio de Derechos Humanos de Indepaz, el Centro Nacional de Memoria Hist\u00f3rica (CNMH) y la Unidad de V\u00edctimas.<\/p>\n<p style=\"text-align: justify;\">El asesinato sistem\u00e1tico de l\u00edderes sociales y firmantes de La Paz han crecido en estos \u00faltimos 10 a\u00f1os, en la regi\u00f3n han sido asesinados m\u00e1s de 180 l\u00edderes sociales en la \u00faltima d\u00e9cada, concentr\u00e1ndose la violencia en autoridades ind\u00edgenas (pueblo Aw\u00e1 y Pastos), l\u00edderes afrodescendientes de los consejos comunitarios del Pac\u00edfico y dirigentes comunales, En el departamento han sido asesinados cerca de 45 excombatientes en proceso de reincorporaci\u00f3n, siendo el enclave de Tumaco y los municipios de la cordillera los puntos de mayor letalidad para este grupo.<\/p>\n<p style=\"text-align: justify;\">Frente a los cantos de sirena de la guerra en Nari\u00f1o, donde ya lleg\u00f3 el comando sur de los EE UU, por la entrega servil del gobierno del tigre solo puede tener la respuesta organizada del movimiento social, que nos corresponde resistir y con la resiliencia de las organizaciones sociales, responder de manera pac\u00edfica los embates que anuncia este gobierno de tierra arrasada, pero que la defensa de la vida debe prevalecer por encima de todos.<\/p>\n<p style=\"text-align: justify;\">\n<p style=\"text-align: justify;\">\n","protected":false},"excerpt":{"rendered":"<p>En el mundo, las personas hemos hecho de la fuerza y las armas, el medio para imponer reg\u00edmenes de toda ideolog\u00eda, el terror y el miedo reinan en contra de pueblos y comunidades, promoviendo guerras y los conflictos, que se resuelven por medio de la tierra arrasada y as\u00ed controla la econom\u00eda, reparti\u00e9ndose el mundo [&hellip;]<\/p>\n","protected":false},"author":134,"featured_media":70879204395,"comment_status":"open","ping_status":"open","sticky":false,"template":"","format":"standard","meta":{"footnotes":""},"categories":[3],"tags":[],"class_list":["post-70879216312","post","type-post","status-publish","format-standard","has-post-thumbnail","hentry","category-opinion"],"yoast_head":"<!-- This site is optimized with the Yoast SEO plugin v27.1.1 - https:\/\/yoast.com\/product\/yoast-seo-wordpress\/ -->\n<title>Adi\u00f3s a la paz territorial. | P\u00e1gina10<\/title>\n<meta name=\"robots\" content=\"index, follow, max-snippet:-1, max-image-preview:large, max-video-preview:-1\" \/>\n<link rel=\"canonical\" href=\"https:\/\/pagina10.com\/web\/adios-a-la-paz-territorial\/\" \/>\n<meta property=\"og:locale\" content=\"es_ES\" \/>\n<meta property=\"og:type\" content=\"article\" \/>\n<meta property=\"og:title\" content=\"Adi\u00f3s a la paz territorial. | P\u00e1gina10\" \/>\n<meta property=\"og:description\" content=\"En el mundo, las personas hemos hecho de la fuerza y las armas, el medio para imponer reg\u00edmenes de toda ideolog\u00eda, el terror y el miedo reinan en contra de pueblos y comunidades, promoviendo guerras y los conflictos, que se resuelven por medio de la tierra arrasada y as\u00ed controla la econom\u00eda, reparti\u00e9ndose el mundo [&hellip;]\" \/>\n<meta property=\"og:url\" content=\"https:\/\/pagina10.com\/web\/adios-a-la-paz-territorial\/\" \/>\n<meta property=\"og:site_name\" content=\"P\u00e1gina10\" \/>\n<meta property=\"article:publisher\" content=\"https:\/\/www.facebook.com\/pag10com\" \/>\n<meta property=\"article:published_time\" content=\"2026-09-03T16:28:17+00:00\" \/>\n<meta property=\"og:image\" content=\"https:\/\/pagina10.com\/web\/wp-content\/uploads\/2024\/04\/WhatsApp-Image-2024-04-08-at-8.36.12-PM-1.jpeg\" \/>\n\t<meta property=\"og:image:width\" content=\"1600\" \/>\n\t<meta property=\"og:image:height\" content=\"944\" \/>\n\t<meta property=\"og:image:type\" content=\"image\/jpeg\" \/>\n<meta name=\"author\" content=\"Harold Ruiz\" \/>\n<meta name=\"twitter:card\" content=\"summary_large_image\" \/>\n<meta name=\"twitter:creator\" content=\"@Pag10com\" \/>\n<meta name=\"twitter:site\" content=\"@Pag10com\" \/>\n<meta name=\"twitter:label1\" content=\"Escrito por\" \/>\n\t<meta name=\"twitter:data1\" content=\"Harold Ruiz\" \/>\n\t<meta name=\"twitter:label2\" content=\"Tiempo de lectura\" \/>\n\t<meta name=\"twitter:data2\" content=\"4 minutos\" \/>\n<script type=\"application\/ld+json\" class=\"yoast-schema-graph\">{\"@context\":\"https:\/\/schema.org\",\"@graph\":[{\"@type\":\"Article\",\"@id\":\"https:\/\/pagina10.com\/web\/adios-a-la-paz-territorial\/#article\",\"isPartOf\":{\"@id\":\"https:\/\/pagina10.com\/web\/adios-a-la-paz-territorial\/\"},\"author\":{\"name\":\"Harold Ruiz\",\"@id\":\"https:\/\/pagina10.com\/web\/#\/schema\/person\/f68bb445ac2c94a83953b461cf3c64a7\"},\"headline\":\"Adi\u00f3s a la paz territorial.\",\"datePublished\":\"2026-09-03T16:28:17+00:00\",\"mainEntityOfPage\":{\"@id\":\"https:\/\/pagina10.com\/web\/adios-a-la-paz-territorial\/\"},\"wordCount\":861,\"commentCount\":0,\"publisher\":{\"@id\":\"https:\/\/pagina10.com\/web\/#organization\"},\"image\":{\"@id\":\"https:\/\/pagina10.com\/web\/adios-a-la-paz-territorial\/#primaryimage\"},\"thumbnailUrl\":\"https:\/\/pagina10.com\/web\/wp-content\/uploads\/2024\/04\/WhatsApp-Image-2024-04-08-at-8.36.12-PM-1.jpeg\",\"articleSection\":[\"Opini\u00f3n\"],\"inLanguage\":\"es\",\"potentialAction\":[{\"@type\":\"CommentAction\",\"name\":\"Comment\",\"target\":[\"https:\/\/pagina10.com\/web\/adios-a-la-paz-territorial\/#respond\"]}]},{\"@type\":\"WebPage\",\"@id\":\"https:\/\/pagina10.com\/web\/adios-a-la-paz-territorial\/\",\"url\":\"https:\/\/pagina10.com\/web\/adios-a-la-paz-territorial\/\",\"name\":\"Adi\u00f3s a la paz territorial. | P\u00e1gina10\",\"isPartOf\":{\"@id\":\"https:\/\/pagina10.com\/web\/#website\"},\"primaryImageOfPage\":{\"@id\":\"https:\/\/pagina10.com\/web\/adios-a-la-paz-territorial\/#primaryimage\"},\"image\":{\"@id\":\"https:\/\/pagina10.com\/web\/adios-a-la-paz-territorial\/#primaryimage\"},\"thumbnailUrl\":\"https:\/\/pagina10.com\/web\/wp-content\/uploads\/2024\/04\/WhatsApp-Image-2024-04-08-at-8.36.12-PM-1.jpeg\",\"datePublished\":\"2026-09-03T16:28:17+00:00\",\"breadcrumb\":{\"@id\":\"https:\/\/pagina10.com\/web\/adios-a-la-paz-territorial\/#breadcrumb\"},\"inLanguage\":\"es\",\"potentialAction\":[{\"@type\":\"ReadAction\",\"target\":[\"https:\/\/pagina10.com\/web\/adios-a-la-paz-territorial\/\"]}]},{\"@type\":\"ImageObject\",\"inLanguage\":\"es\",\"@id\":\"https:\/\/pagina10.com\/web\/adios-a-la-paz-territorial\/#primaryimage\",\"url\":\"https:\/\/pagina10.com\/web\/wp-content\/uploads\/2024\/04\/WhatsApp-Image-2024-04-08-at-8.36.12-PM-1.jpeg\",\"contentUrl\":\"https:\/\/pagina10.com\/web\/wp-content\/uploads\/2024\/04\/WhatsApp-Image-2024-04-08-at-8.36.12-PM-1.jpeg\",\"width\":1600,\"height\":944},{\"@type\":\"BreadcrumbList\",\"@id\":\"https:\/\/pagina10.com\/web\/adios-a-la-paz-territorial\/#breadcrumb\",\"itemListElement\":[{\"@type\":\"ListItem\",\"position\":1,\"name\":\"Portada\",\"item\":\"https:\/\/pagina10.com\/web\/\"},{\"@type\":\"ListItem\",\"position\":2,\"name\":\"Adi\u00f3s a la paz territorial.\"}]},{\"@type\":\"WebSite\",\"@id\":\"https:\/\/pagina10.com\/web\/#website\",\"url\":\"https:\/\/pagina10.com\/web\/\",\"name\":\"P\u00e1gina10\",\"description\":\"Peri\u00f3dico Regional\",\"publisher\":{\"@id\":\"https:\/\/pagina10.com\/web\/#organization\"},\"alternateName\":\"P\u00e1gina10 Peri\u00f3dico Regional\",\"potentialAction\":[{\"@type\":\"SearchAction\",\"target\":{\"@type\":\"EntryPoint\",\"urlTemplate\":\"https:\/\/pagina10.com\/web\/?s={search_term_string}\"},\"query-input\":{\"@type\":\"PropertyValueSpecification\",\"valueRequired\":true,\"valueName\":\"search_term_string\"}}],\"inLanguage\":\"es\"},{\"@type\":\"Organization\",\"@id\":\"https:\/\/pagina10.com\/web\/#organization\",\"name\":\"P\u00e1gina10\",\"alternateName\":\"P\u00e1gina10 Peri\u00f3dico Regional\",\"url\":\"https:\/\/pagina10.com\/web\/\",\"logo\":{\"@type\":\"ImageObject\",\"inLanguage\":\"es\",\"@id\":\"https:\/\/pagina10.com\/web\/#\/schema\/logo\/image\/\",\"url\":\"https:\/\/pagina10.com\/web\/wp-content\/uploads\/2024\/01\/40-pagina-10-periodico-regional-pasto.jpg\",\"contentUrl\":\"https:\/\/pagina10.com\/web\/wp-content\/uploads\/2024\/01\/40-pagina-10-periodico-regional-pasto.jpg\",\"width\":1280,\"height\":720,\"caption\":\"P\u00e1gina10\"},\"image\":{\"@id\":\"https:\/\/pagina10.com\/web\/#\/schema\/logo\/image\/\"},\"sameAs\":[\"https:\/\/www.facebook.com\/pag10com\",\"https:\/\/x.com\/Pag10com\",\"https:\/\/www.instagram.com\/pagina10col\/\",\"https:\/\/youtube.com\/channel\/pag10\",\"https:\/\/www.tiktok.com\/@p10col\"]},{\"@type\":\"Person\",\"@id\":\"https:\/\/pagina10.com\/web\/#\/schema\/person\/f68bb445ac2c94a83953b461cf3c64a7\",\"name\":\"Harold Ruiz\",\"url\":\"https:\/\/pagina10.com\/web\/author\/harold-ruiz\/\"}]}<\/script>\n<!-- \/ Yoast SEO plugin. -->","yoast_head_json":{"title":"Adi\u00f3s a la paz territorial. | P\u00e1gina10","robots":{"index":"index","follow":"follow","max-snippet":"max-snippet:-1","max-image-preview":"max-image-preview:large","max-video-preview":"max-video-preview:-1"},"canonical":"https:\/\/pagina10.com\/web\/adios-a-la-paz-territorial\/","og_locale":"es_ES","og_type":"article","og_title":"Adi\u00f3s a la paz territorial. | P\u00e1gina10","og_description":"En el mundo, las personas hemos hecho de la fuerza y las armas, el medio para imponer reg\u00edmenes de toda ideolog\u00eda, el terror y el miedo reinan en contra de pueblos y comunidades, promoviendo guerras y los conflictos, que se resuelven por medio de la tierra arrasada y as\u00ed controla la econom\u00eda, reparti\u00e9ndose el mundo [&hellip;]","og_url":"https:\/\/pagina10.com\/web\/adios-a-la-paz-territorial\/","og_site_name":"P\u00e1gina10","article_publisher":"https:\/\/www.facebook.com\/pag10com","article_published_time":"2026-09-03T16:28:17+00:00","og_image":[{"width":1600,"height":944,"url":"https:\/\/pagina10.com\/web\/wp-content\/uploads\/2024\/04\/WhatsApp-Image-2024-04-08-at-8.36.12-PM-1.jpeg","type":"image\/jpeg"}],"author":"Harold Ruiz","twitter_card":"summary_large_image","twitter_creator":"@Pag10com","twitter_site":"@Pag10com","twitter_misc":{"Escrito por":"Harold Ruiz","Tiempo de lectura":"4 minutos"},"schema":{"@context":"https:\/\/schema.org","@graph":[{"@type":"Article","@id":"https:\/\/pagina10.com\/web\/adios-a-la-paz-territorial\/#article","isPartOf":{"@id":"https:\/\/pagina10.com\/web\/adios-a-la-paz-territorial\/"},"author":{"name":"Harold Ruiz","@id":"https:\/\/pagina10.com\/web\/#\/schema\/person\/f68bb445ac2c94a83953b461cf3c64a7"},"headline":"Adi\u00f3s a la paz territorial.","datePublished":"2026-09-03T16:28:17+00:00","mainEntityOfPage":{"@id":"https:\/\/pagina10.com\/web\/adios-a-la-paz-territorial\/"},"wordCount":861,"commentCount":0,"publisher":{"@id":"https:\/\/pagina10.com\/web\/#organization"},"image":{"@id":"https:\/\/pagina10.com\/web\/adios-a-la-paz-territorial\/#primaryimage"},"thumbnailUrl":"https:\/\/pagina10.com\/web\/wp-content\/uploads\/2024\/04\/WhatsApp-Image-2024-04-08-at-8.36.12-PM-1.jpeg","articleSection":["Opini\u00f3n"],"inLanguage":"es","potentialAction":[{"@type":"CommentAction","name":"Comment","target":["https:\/\/pagina10.com\/web\/adios-a-la-paz-territorial\/#respond"]}]},{"@type":"WebPage","@id":"https:\/\/pagina10.com\/web\/adios-a-la-paz-territorial\/","url":"https:\/\/pagina10.com\/web\/adios-a-la-paz-territorial\/","name":"Adi\u00f3s a la paz territorial. | P\u00e1gina10","isPartOf":{"@id":"https:\/\/pagina10.com\/web\/#website"},"primaryImageOfPage":{"@id":"https:\/\/pagina10.com\/web\/adios-a-la-paz-territorial\/#primaryimage"},"image":{"@id":"https:\/\/pagina10.com\/web\/adios-a-la-paz-territorial\/#primaryimage"},"thumbnailUrl":"https:\/\/pagina10.com\/web\/wp-content\/uploads\/2024\/04\/WhatsApp-Image-2024-04-08-at-8.36.12-PM-1.jpeg","datePublished":"2026-09-03T16:28:17+00:00","breadcrumb":{"@id":"https:\/\/pagina10.com\/web\/adios-a-la-paz-territorial\/#breadcrumb"},"inLanguage":"es","potentialAction":[{"@type":"ReadAction","target":["https:\/\/pagina10.com\/web\/adios-a-la-paz-territorial\/"]}]},{"@type":"ImageObject","inLanguage":"es","@id":"https:\/\/pagina10.com\/web\/adios-a-la-paz-territorial\/#primaryimage","url":"https:\/\/pagina10.com\/web\/wp-content\/uploads\/2024\/04\/WhatsApp-Image-2024-04-08-at-8.36.12-PM-1.jpeg","contentUrl":"https:\/\/pagina10.com\/web\/wp-content\/uploads\/2024\/04\/WhatsApp-Image-2024-04-08-at-8.36.12-PM-1.jpeg","width":1600,"height":944},{"@type":"BreadcrumbList","@id":"https:\/\/pagina10.com\/web\/adios-a-la-paz-territorial\/#breadcrumb","itemListElement":[{"@type":"ListItem","position":1,"name":"Portada","item":"https:\/\/pagina10.com\/web\/"},{"@type":"ListItem","position":2,"name":"Adi\u00f3s a la paz territorial."}]},{"@type":"WebSite","@id":"https:\/\/pagina10.com\/web\/#website","url":"https:\/\/pagina10.com\/web\/","name":"P\u00e1gina10","description":"Peri\u00f3dico Regional","publisher":{"@id":"https:\/\/pagina10.com\/web\/#organization"},"alternateName":"P\u00e1gina10 Peri\u00f3dico Regional","potentialAction":[{"@type":"SearchAction","target":{"@type":"EntryPoint","urlTemplate":"https:\/\/pagina10.com\/web\/?s={search_term_string}"},"query-input":{"@type":"PropertyValueSpecification","valueRequired":true,"valueName":"search_term_string"}}],"inLanguage":"es"},{"@type":"Organization","@id":"https:\/\/pagina10.com\/web\/#organization","name":"P\u00e1gina10","alternateName":"P\u00e1gina10 Peri\u00f3dico Regional","url":"https:\/\/pagina10.com\/web\/","logo":{"@type":"ImageObject","inLanguage":"es","@id":"https:\/\/pagina10.com\/web\/#\/schema\/logo\/image\/","url":"https:\/\/pagina10.com\/web\/wp-content\/uploads\/2024\/01\/40-pagina-10-periodico-regional-pasto.jpg","contentUrl":"https:\/\/pagina10.com\/web\/wp-content\/uploads\/2024\/01\/40-pagina-10-periodico-regional-pasto.jpg","width":1280,"height":720,"caption":"P\u00e1gina10"},"image":{"@id":"https:\/\/pagina10.com\/web\/#\/schema\/logo\/image\/"},"sameAs":["https:\/\/www.facebook.com\/pag10com","https:\/\/x.com\/Pag10com","https:\/\/www.instagram.com\/pagina10col\/","https:\/\/youtube.com\/channel\/pag10","https:\/\/www.tiktok.com\/@p10col"]},{"@type":"Person","@id":"https:\/\/pagina10.com\/web\/#\/schema\/person\/f68bb445ac2c94a83953b461cf3c64a7","name":"Harold Ruiz","url":"https:\/\/pagina10.com\/web\/author\/harold-ruiz\/"}]}},"_links":{"self":[{"href":"https:\/\/pagina10.com\/web\/wp-json\/wp\/v2\/posts\/70879216312","targetHints":{"allow":["GET"]}}],"collection":[{"href":"https:\/\/pagina10.com\/web\/wp-json\/wp\/v2\/posts"}],"about":[{"href":"https:\/\/pagina10.com\/web\/wp-json\/wp\/v2\/types\/post"}],"author":[{"embeddable":true,"href":"https:\/\/pagina10.com\/web\/wp-json\/wp\/v2\/users\/134"}],"replies":[{"embeddable":true,"href":"https:\/\/pagina10.com\/web\/wp-json\/wp\/v2\/comments?post=70879216312"}],"version-history":[{"count":1,"href":"https:\/\/pagina10.com\/web\/wp-json\/wp\/v2\/posts\/70879216312\/revisions"}],"predecessor-version":[{"id":70879216313,"href":"https:\/\/pagina10.com\/web\/wp-json\/wp\/v2\/posts\/70879216312\/revisions\/70879216313"}],"wp:featuredmedia":[{"embeddable":true,"href":"https:\/\/pagina10.com\/web\/wp-json\/wp\/v2\/media\/70879204395"}],"wp:attachment":[{"href":"https:\/\/pagina10.com\/web\/wp-json\/wp\/v2\/media?parent=70879216312"}],"wp:term":[{"taxonomy":"category","embeddable":true,"href":"https:\/\/pagina10.com\/web\/wp-json\/wp\/v2\/categories?post=70879216312"},{"taxonomy":"post_tag","embeddable":true,"href":"https:\/\/pagina10.com\/web\/wp-json\/wp\/v2\/tags?post=70879216312"}],"curies":[{"name":"wp","href":"https:\/\/api.w.org\/{rel}","templated":true}]}}