{"id":70879216314,"date":"2026-09-03T14:37:58","date_gmt":"2026-09-03T19:37:58","guid":{"rendered":"https:\/\/pagina10.com\/web\/?p=70879216314"},"modified":"2026-09-03T14:37:58","modified_gmt":"2026-09-03T19:37:58","slug":"lienzo-cuando-un-joven-de-tuquerres-convierte-la-incertidumbre-en-musica","status":"publish","type":"post","link":"https:\/\/pagina10.com\/web\/lienzo-cuando-un-joven-de-tuquerres-convierte-la-incertidumbre-en-musica\/","title":{"rendered":"Lienzo: cuando un joven de T\u00faquerres convierte la incertidumbre en m\u00fasica."},"content":{"rendered":"<div class=\"xdj266r x14z9mp xat24cr x1lziwak x1vvkbs x126k92a\">\n<div dir=\"auto\" style=\"text-align: justify;\"><\/div>\n<div dir=\"auto\" style=\"text-align: justify;\">Pablo Emilio Obando A.<\/div>\n<\/div>\n<div class=\"x14z9mp xat24cr x1lziwak x1vvkbs xtlvy1s x126k92a\" style=\"text-align: justify;\">\n<div dir=\"auto\">-Juan Camilo Pantoja Cer\u00f3n y el nacimiento de una voz musical desde el sur de Colombia-<\/div>\n<\/div>\n<div class=\"x14z9mp xat24cr x1lziwak x1vvkbs xtlvy1s x126k92a\" style=\"text-align: justify;\">\n<div dir=\"auto\">A lo largo de nuestra vida nos encontramos con artistas que viven la m\u00fasica; otros parecen haber nacido dentro de ella. Juan Camilo Pantoja Cer\u00f3n pertenece a esa segunda estirpe. Nacido el 24 de agosto de 2004 en T\u00faquerres, la ciudad sabanera de Nari\u00f1o, ha construido desde muy joven un camino marcado por la disciplina, la sensibilidad y una profunda necesidad de preguntarse por el sentido de estar vivos.<\/div>\n<\/div>\n<div class=\"x14z9mp xat24cr x1lziwak x1vvkbs xtlvy1s x126k92a\" style=\"text-align: justify;\">\n<div dir=\"auto\">Su historia comienza en las aulas del Instituto Normal Teresiano, donde curs\u00f3 sus estudios primarios. All\u00ed empez\u00f3 a revelarse una condici\u00f3n que posteriormente marcar\u00eda su trayectoria: la capacidad de convertir la dedicaci\u00f3n en oportunidad.<\/div>\n<\/div>\n<div class=\"x14z9mp xat24cr x1lziwak x1vvkbs xtlvy1s x126k92a\" style=\"text-align: justify;\">\n<div dir=\"auto\">Su talento y disciplina le permitieron obtener uno de los tres cupos ofrecidos por la Universidad del Cauca para estudiar piano instrumental. El instrumento, entonces, dej\u00f3 de ser solamente una herramienta musical para convertirse en una forma de comprender el mundo.<\/div>\n<\/div>\n<div class=\"x14z9mp xat24cr x1lziwak x1vvkbs xtlvy1s x126k92a\" style=\"text-align: justify;\">\n<div dir=\"auto\">Dos semestres despu\u00e9s llegar\u00eda otro giro decisivo. Una beca le abri\u00f3 las puertas de la Universidad Icesi, en Cali, donde actualmente cursa el octavo semestre de M\u00fasica, con \u00e9nfasis en producci\u00f3n musical.<\/div>\n<\/div>\n<div class=\"x14z9mp xat24cr x1lziwak x1vvkbs xtlvy1s x126k92a\" style=\"text-align: justify;\">\n<div dir=\"auto\">El cambio de territorio tambi\u00e9n signific\u00f3 un cambio de perspectiva. De las monta\u00f1as, la sabana y la tradici\u00f3n cultural de T\u00faquerres pas\u00f3 a una ciudad din\u00e1mica y creativa como Cali, llevando consigo una memoria andina que ahora dialoga con nuevos sonidos, nuevas tecnolog\u00edas y nuevas maneras de concebir la creaci\u00f3n art\u00edstica.<\/div>\n<\/div>\n<div class=\"x14z9mp xat24cr x1lziwak x1vvkbs xtlvy1s x126k92a\" style=\"text-align: justify;\">\n<div dir=\"auto\">Pero Juan Camilo no quiere limitarse a interpretar m\u00fasica. Quiere construirla. Quiere producirla. Quiere pensarla. Y, sobre todo, quiere dejar algo de s\u00ed mismo en ella.<\/div>\n<\/div>\n<div class=\"x14z9mp xat24cr x1lziwak x1vvkbs xtlvy1s x126k92a\" style=\"text-align: justify;\">\n<div dir=\"auto\">Ese prop\u00f3sito se refleja en su trabajo como productor de la banda Darma, agrupaci\u00f3n que ya cuenta con dos sencillos publicados y que obtuvo una convocatoria del sello discogr\u00e1fico 312 Records, vinculado al Centro de Producci\u00f3n Creativa 312 de la Universidad Icesi. Este espacio desarrolla procesos de producci\u00f3n fonogr\u00e1fica y acompa\u00f1a proyectos musicales desde la creaci\u00f3n hasta su distribuci\u00f3n y promoci\u00f3n.<\/div>\n<\/div>\n<div class=\"x14z9mp xat24cr x1lziwak x1vvkbs xtlvy1s x126k92a\" style=\"text-align: justify;\">\n<div dir=\"auto\">En ese universo de sonidos, experimentaci\u00f3n y b\u00fasqueda aparece LIENZO, su nombre art\u00edstico. No parece una elecci\u00f3n casual. Un lienzo es, al mismo tiempo, vac\u00edo y posibilidad. Es el lugar donde todav\u00eda no existe una obra, pero donde todo puede comenzar. Es espacio para el color, para la duda, para el riesgo y para la transformaci\u00f3n.<\/div>\n<\/div>\n<div class=\"x14z9mp xat24cr x1lziwak x1vvkbs xtlvy1s x126k92a\" style=\"text-align: justify;\">\n<div dir=\"auto\">Y precisamente eso parece representar Juan Camilo. Un joven que todav\u00eda est\u00e1 construyendo su obra, pero que ya sabe que crear significa atreverse a entrar en territorios desconocidos.<\/div>\n<\/div>\n<div class=\"x14z9mp xat24cr x1lziwak x1vvkbs xtlvy1s x126k92a\" style=\"text-align: justify;\">\n<div dir=\"auto\">Su primer gran proyecto conceptual lleva por nombre CICLOS. M\u00e1s que un \u00e1lbum, lo concibe como un recorrido filos\u00f3fico por el tiempo y por la conciencia humana. Cada canci\u00f3n posee una identidad propia, pero todas forman parte de una obra mayor. Como sucede con los ciclos de la vida, cada pieza parece tener un comienzo, un tr\u00e1nsito, una transformaci\u00f3n y la posibilidad de regresar al punto de partida desde una nueva conciencia.<\/div>\n<\/div>\n<div class=\"x14z9mp xat24cr x1lziwak x1vvkbs xtlvy1s x126k92a\" style=\"text-align: justify;\">\n<div dir=\"auto\">En el centro de esta propuesta aparece una pregunta tan sencilla como profunda: \u00bfPara d\u00f3nde voy? No es solamente el t\u00edtulo de una canci\u00f3n. Es una pregunta que acompa\u00f1a a toda un generaci\u00f3n. \u00bfHacia d\u00f3nde caminar cuando todav\u00eda no conocemos el destino? \u00bfQu\u00e9 hacemos cuando la vida nos obliga a escoger? \u00bfQui\u00e9nes somos mientras buscamos convertirnos en aquello que so\u00f1amos? LIENZO transforma esas preguntas en m\u00fasica.<\/div>\n<\/div>\n<div class=\"x14z9mp xat24cr x1lziwak x1vvkbs xtlvy1s x126k92a\" style=\"text-align: justify;\">\n<div dir=\"auto\">El primer sencillo de CICLOS, presentado el 24 de agosto, precisamente en la fecha de su cumplea\u00f1os, representa as\u00ed el comienzo p\u00fablico de una propuesta art\u00edstica que busca que el oyente no sea un espectador pasivo, sino un interlocutor.<\/div>\n<\/div>\n<div class=\"x14z9mp xat24cr x1lziwak x1vvkbs xtlvy1s x126k92a\" style=\"text-align: justify;\">\n<div dir=\"auto\">La canci\u00f3n utiliza lo metaf\u00f3rico y lo literal para provocar una reflexi\u00f3n sobre el comportamiento cotidiano y sobre las decisiones que cada persona toma frente a su propia existencia.<\/div>\n<\/div>\n<div class=\"x14z9mp xat24cr x1lziwak x1vvkbs xtlvy1s x126k92a\" style=\"text-align: justify;\">\n<div dir=\"auto\">Hay en esta propuesta una sensibilidad particularmente valiosa. Juan Camilo no parece interesado \u00fanicamente en producir sonidos agradables. Su intenci\u00f3n es generar preguntas. Hacer que la m\u00fasica acompa\u00f1e al oyente, pero tambi\u00e9n que lo confronte.<\/div>\n<\/div>\n<div class=\"x14z9mp xat24cr x1lziwak x1vvkbs xtlvy1s x126k92a\" style=\"text-align: justify;\">\n<div dir=\"auto\">Porque la creaci\u00f3n art\u00edstica, cuando alcanza verdadera profundidad, no solamente entretiene: incomoda, despierta, transforma. Y all\u00ed radica buena parte del inter\u00e9s de CICLOS.<\/div>\n<\/div>\n<div class=\"x14z9mp xat24cr x1lziwak x1vvkbs xtlvy1s x126k92a\" style=\"text-align: justify;\">\n<div dir=\"auto\">El proyecto nace, seg\u00fan explica su propio creador, de una sensaci\u00f3n profundamente humana: sentirse perdido no solamente ante la pregunta por el rumbo de la vida, sino ante la obligaci\u00f3n permanente de escoger un camino.<\/div>\n<\/div>\n<div class=\"x14z9mp xat24cr x1lziwak x1vvkbs xtlvy1s x126k92a\" style=\"text-align: justify;\">\n<div dir=\"auto\">En una sociedad que suele exigir respuestas r\u00e1pidas, LIENZO parece reivindicar el derecho a la incertidumbre.<\/div>\n<\/div>\n<div class=\"x14z9mp xat24cr x1lziwak x1vvkbs xtlvy1s x126k92a\" style=\"text-align: justify;\">\n<div dir=\"auto\">Su filosof\u00eda podr\u00eda resumirse en una frase que atraviesa todo el proyecto: \u201cdejemos que todo se mueva\u201d. Y quiz\u00e1 esa sea una de las mejores maneras de aproximarse a este joven m\u00fasico de T\u00faquerres.<\/div>\n<\/div>\n<div class=\"x14z9mp xat24cr x1lziwak x1vvkbs xtlvy1s x126k92a\" style=\"text-align: justify;\">\n<div dir=\"auto\">Porque Juan Camilo tambi\u00e9n est\u00e1 en movimiento.<\/div>\n<div dir=\"auto\">Se mueve entre la interpretaci\u00f3n y la producci\u00f3n, entre la academia y la creaci\u00f3n independiente, entre la memoria de su tierra natal y las posibilidades de la industria musical contempor\u00e1nea.<\/div>\n<\/div>\n<div class=\"x14z9mp xat24cr x1lziwak x1vvkbs xtlvy1s x126k92a\" style=\"text-align: justify;\">\n<div dir=\"auto\">A sus 22 a\u00f1os, todav\u00eda tiene mucho camino por recorrer. Pero justamente all\u00ed reside la belleza de su historia: no se presenta como una obra terminada, sino como una obra en construcci\u00f3n.<\/div>\n<\/div>\n<div class=\"x14z9mp xat24cr x1lziwak x1vvkbs xtlvy1s x126k92a\" style=\"text-align: justify;\">\n<div dir=\"auto\">Hay m\u00fasicos que buscan solamente un escenario.<\/div>\n<div dir=\"auto\">LIENZO parece estar buscando algo m\u00e1s: una identidad. Una voz. Un lenguaje.<\/div>\n<\/div>\n<div class=\"x14z9mp xat24cr x1lziwak x1vvkbs xtlvy1s x126k92a\" style=\"text-align: justify;\">\n<div dir=\"auto\">Una manera propia de decirle al mundo que desde el sur de Colombia tambi\u00e9n se puede pensar, producir y proyectar m\u00fasica contempor\u00e1nea con ambici\u00f3n art\u00edstica.<\/div>\n<\/div>\n<div class=\"x14z9mp xat24cr x1lziwak x1vvkbs xtlvy1s x126k92a\" style=\"text-align: justify;\">\n<div dir=\"auto\">T\u00faquerres le dio la ra\u00edz. El piano le entreg\u00f3 el lenguaje. La academia le proporcion\u00f3 herramientas. La producci\u00f3n musical le abri\u00f3 nuevos caminos. Y la incertidumbre, parad\u00f3jicamente, parece haberle entregado el tema central de su creaci\u00f3n.<\/div>\n<\/div>\n<div class=\"x14z9mp xat24cr x1lziwak x1vvkbs xtlvy1s x126k92a\" style=\"text-align: justify;\">\n<div dir=\"auto\">CICLOS apenas comienza. Y quiz\u00e1 eso sea lo m\u00e1s interesante. Porque cuando un artista joven se atreve a convertir sus dudas en obra, sus preguntas en canciones y sus experiencias en una propuesta est\u00e9tica, ya no estamos simplemente frente a una promesa.<\/div>\n<\/div>\n<div class=\"x14z9mp xat24cr x1lziwak x1vvkbs xtlvy1s x126k92a\" style=\"text-align: justify;\">\n<div dir=\"auto\">Estamos frente a un creador que empieza a encontrar su propia voz. Juan Camilo Pantoja Cer\u00f3n, LIENZO, tiene todav\u00eda muchos caminos por recorrer.<\/div>\n<\/div>\n<div class=\"x14z9mp xat24cr x1lziwak x1vvkbs xtlvy1s x126k92a\">\n<div dir=\"auto\" style=\"text-align: justify;\">Pero hay una pregunta que ya convirti\u00f3 en m\u00fasica.<\/div>\n<div dir=\"auto\" style=\"text-align: justify;\">\u00bfPara d\u00f3nde voy? La respuesta, por ahora, no parece estar escrita. Y tal vez esa sea precisamente la intenci\u00f3n. Que todo se mueva. Que todo cambie. Que cada ciclo termine para que otro pueda comenzar. Y que la m\u00fasica sea, finalmente, el lugar donde la b\u00fasqueda encuentra su primera forma.<\/div>\n<\/div>\n","protected":false},"excerpt":{"rendered":"<p>Pablo Emilio Obando A. -Juan Camilo Pantoja Cer\u00f3n y el nacimiento de una voz musical desde el sur de Colombia- A lo largo de nuestra vida nos encontramos con artistas que viven la m\u00fasica; otros parecen haber nacido dentro de ella. Juan Camilo Pantoja Cer\u00f3n pertenece a esa segunda estirpe. Nacido el 24 de agosto [&hellip;]<\/p>\n","protected":false},"author":46,"featured_media":70879216315,"comment_status":"open","ping_status":"open","sticky":false,"template":"","format":"standard","meta":{"footnotes":""},"categories":[85],"tags":[],"class_list":["post-70879216314","post","type-post","status-publish","format-standard","has-post-thumbnail","hentry","category-culturas-2"],"yoast_head":"<!-- This site is optimized with the Yoast SEO plugin v27.1.1 - https:\/\/yoast.com\/product\/yoast-seo-wordpress\/ -->\n<title>Lienzo: cuando un joven de T\u00faquerres convierte la incertidumbre en m\u00fasica. | P\u00e1gina10<\/title>\n<meta name=\"robots\" content=\"index, follow, max-snippet:-1, max-image-preview:large, max-video-preview:-1\" \/>\n<link rel=\"canonical\" href=\"https:\/\/pagina10.com\/web\/lienzo-cuando-un-joven-de-tuquerres-convierte-la-incertidumbre-en-musica\/\" \/>\n<meta property=\"og:locale\" content=\"es_ES\" \/>\n<meta property=\"og:type\" content=\"article\" \/>\n<meta property=\"og:title\" content=\"Lienzo: cuando un joven de T\u00faquerres convierte la incertidumbre en m\u00fasica. | P\u00e1gina10\" \/>\n<meta property=\"og:description\" content=\"Pablo Emilio Obando A. -Juan Camilo Pantoja Cer\u00f3n y el nacimiento de una voz musical desde el sur de Colombia- A lo largo de nuestra vida nos encontramos con artistas que viven la m\u00fasica; otros parecen haber nacido dentro de ella. Juan Camilo Pantoja Cer\u00f3n pertenece a esa segunda estirpe. Nacido el 24 de agosto [&hellip;]\" \/>\n<meta property=\"og:url\" content=\"https:\/\/pagina10.com\/web\/lienzo-cuando-un-joven-de-tuquerres-convierte-la-incertidumbre-en-musica\/\" \/>\n<meta property=\"og:site_name\" content=\"P\u00e1gina10\" \/>\n<meta property=\"article:publisher\" content=\"https:\/\/www.facebook.com\/pag10com\" \/>\n<meta property=\"article:published_time\" content=\"2026-09-03T19:37:58+00:00\" \/>\n<meta property=\"og:image\" content=\"https:\/\/pagina10.com\/web\/wp-content\/uploads\/2026\/09\/784927667_10244575125296079_1743769750779517909_n-e1788464262245.jpg\" \/>\n\t<meta property=\"og:image:width\" content=\"1080\" \/>\n\t<meta property=\"og:image:height\" content=\"845\" \/>\n\t<meta property=\"og:image:type\" content=\"image\/jpeg\" \/>\n<meta name=\"author\" content=\"Pablo Emilio Obando Acosta\" \/>\n<meta name=\"twitter:card\" content=\"summary_large_image\" \/>\n<meta name=\"twitter:creator\" content=\"@Pag10com\" \/>\n<meta name=\"twitter:site\" content=\"@Pag10com\" \/>\n<meta name=\"twitter:label1\" content=\"Escrito por\" \/>\n\t<meta name=\"twitter:data1\" content=\"Pablo Emilio Obando Acosta\" \/>\n\t<meta name=\"twitter:label2\" content=\"Tiempo de lectura\" \/>\n\t<meta name=\"twitter:data2\" content=\"5 minutos\" \/>\n<script type=\"application\/ld+json\" class=\"yoast-schema-graph\">{\"@context\":\"https:\/\/schema.org\",\"@graph\":[{\"@type\":\"Article\",\"@id\":\"https:\/\/pagina10.com\/web\/lienzo-cuando-un-joven-de-tuquerres-convierte-la-incertidumbre-en-musica\/#article\",\"isPartOf\":{\"@id\":\"https:\/\/pagina10.com\/web\/lienzo-cuando-un-joven-de-tuquerres-convierte-la-incertidumbre-en-musica\/\"},\"author\":{\"name\":\"Pablo Emilio Obando Acosta\",\"@id\":\"https:\/\/pagina10.com\/web\/#\/schema\/person\/3d3687c9f037834284853a963ee45123\"},\"headline\":\"Lienzo: cuando un joven de T\u00faquerres convierte la incertidumbre en m\u00fasica.\",\"datePublished\":\"2026-09-03T19:37:58+00:00\",\"mainEntityOfPage\":{\"@id\":\"https:\/\/pagina10.com\/web\/lienzo-cuando-un-joven-de-tuquerres-convierte-la-incertidumbre-en-musica\/\"},\"wordCount\":1151,\"commentCount\":0,\"publisher\":{\"@id\":\"https:\/\/pagina10.com\/web\/#organization\"},\"image\":{\"@id\":\"https:\/\/pagina10.com\/web\/lienzo-cuando-un-joven-de-tuquerres-convierte-la-incertidumbre-en-musica\/#primaryimage\"},\"thumbnailUrl\":\"https:\/\/pagina10.com\/web\/wp-content\/uploads\/2026\/09\/784927667_10244575125296079_1743769750779517909_n-e1788464262245.jpg\",\"articleSection\":[\"Culturas\"],\"inLanguage\":\"es\",\"potentialAction\":[{\"@type\":\"CommentAction\",\"name\":\"Comment\",\"target\":[\"https:\/\/pagina10.com\/web\/lienzo-cuando-un-joven-de-tuquerres-convierte-la-incertidumbre-en-musica\/#respond\"]}]},{\"@type\":\"WebPage\",\"@id\":\"https:\/\/pagina10.com\/web\/lienzo-cuando-un-joven-de-tuquerres-convierte-la-incertidumbre-en-musica\/\",\"url\":\"https:\/\/pagina10.com\/web\/lienzo-cuando-un-joven-de-tuquerres-convierte-la-incertidumbre-en-musica\/\",\"name\":\"Lienzo: cuando un joven de T\u00faquerres convierte la incertidumbre en m\u00fasica. | P\u00e1gina10\",\"isPartOf\":{\"@id\":\"https:\/\/pagina10.com\/web\/#website\"},\"primaryImageOfPage\":{\"@id\":\"https:\/\/pagina10.com\/web\/lienzo-cuando-un-joven-de-tuquerres-convierte-la-incertidumbre-en-musica\/#primaryimage\"},\"image\":{\"@id\":\"https:\/\/pagina10.com\/web\/lienzo-cuando-un-joven-de-tuquerres-convierte-la-incertidumbre-en-musica\/#primaryimage\"},\"thumbnailUrl\":\"https:\/\/pagina10.com\/web\/wp-content\/uploads\/2026\/09\/784927667_10244575125296079_1743769750779517909_n-e1788464262245.jpg\",\"datePublished\":\"2026-09-03T19:37:58+00:00\",\"breadcrumb\":{\"@id\":\"https:\/\/pagina10.com\/web\/lienzo-cuando-un-joven-de-tuquerres-convierte-la-incertidumbre-en-musica\/#breadcrumb\"},\"inLanguage\":\"es\",\"potentialAction\":[{\"@type\":\"ReadAction\",\"target\":[\"https:\/\/pagina10.com\/web\/lienzo-cuando-un-joven-de-tuquerres-convierte-la-incertidumbre-en-musica\/\"]}]},{\"@type\":\"ImageObject\",\"inLanguage\":\"es\",\"@id\":\"https:\/\/pagina10.com\/web\/lienzo-cuando-un-joven-de-tuquerres-convierte-la-incertidumbre-en-musica\/#primaryimage\",\"url\":\"https:\/\/pagina10.com\/web\/wp-content\/uploads\/2026\/09\/784927667_10244575125296079_1743769750779517909_n-e1788464262245.jpg\",\"contentUrl\":\"https:\/\/pagina10.com\/web\/wp-content\/uploads\/2026\/09\/784927667_10244575125296079_1743769750779517909_n-e1788464262245.jpg\",\"width\":1080,\"height\":845},{\"@type\":\"BreadcrumbList\",\"@id\":\"https:\/\/pagina10.com\/web\/lienzo-cuando-un-joven-de-tuquerres-convierte-la-incertidumbre-en-musica\/#breadcrumb\",\"itemListElement\":[{\"@type\":\"ListItem\",\"position\":1,\"name\":\"Portada\",\"item\":\"https:\/\/pagina10.com\/web\/\"},{\"@type\":\"ListItem\",\"position\":2,\"name\":\"Lienzo: cuando un joven de T\u00faquerres convierte la incertidumbre en m\u00fasica.\"}]},{\"@type\":\"WebSite\",\"@id\":\"https:\/\/pagina10.com\/web\/#website\",\"url\":\"https:\/\/pagina10.com\/web\/\",\"name\":\"P\u00e1gina10\",\"description\":\"Peri\u00f3dico Regional\",\"publisher\":{\"@id\":\"https:\/\/pagina10.com\/web\/#organization\"},\"alternateName\":\"P\u00e1gina10 Peri\u00f3dico Regional\",\"potentialAction\":[{\"@type\":\"SearchAction\",\"target\":{\"@type\":\"EntryPoint\",\"urlTemplate\":\"https:\/\/pagina10.com\/web\/?s={search_term_string}\"},\"query-input\":{\"@type\":\"PropertyValueSpecification\",\"valueRequired\":true,\"valueName\":\"search_term_string\"}}],\"inLanguage\":\"es\"},{\"@type\":\"Organization\",\"@id\":\"https:\/\/pagina10.com\/web\/#organization\",\"name\":\"P\u00e1gina10\",\"alternateName\":\"P\u00e1gina10 Peri\u00f3dico Regional\",\"url\":\"https:\/\/pagina10.com\/web\/\",\"logo\":{\"@type\":\"ImageObject\",\"inLanguage\":\"es\",\"@id\":\"https:\/\/pagina10.com\/web\/#\/schema\/logo\/image\/\",\"url\":\"https:\/\/pagina10.com\/web\/wp-content\/uploads\/2024\/01\/40-pagina-10-periodico-regional-pasto.jpg\",\"contentUrl\":\"https:\/\/pagina10.com\/web\/wp-content\/uploads\/2024\/01\/40-pagina-10-periodico-regional-pasto.jpg\",\"width\":1280,\"height\":720,\"caption\":\"P\u00e1gina10\"},\"image\":{\"@id\":\"https:\/\/pagina10.com\/web\/#\/schema\/logo\/image\/\"},\"sameAs\":[\"https:\/\/www.facebook.com\/pag10com\",\"https:\/\/x.com\/Pag10com\",\"https:\/\/www.instagram.com\/pagina10col\/\",\"https:\/\/youtube.com\/channel\/pag10\",\"https:\/\/www.tiktok.com\/@p10col\"]},{\"@type\":\"Person\",\"@id\":\"https:\/\/pagina10.com\/web\/#\/schema\/person\/3d3687c9f037834284853a963ee45123\",\"name\":\"Pablo Emilio Obando Acosta\",\"description\":\"PABLO EMILIO OBANDO ACOSTA Nace en el a\u00f1o de 1965. Bachiller acad\u00e9mico Modalidad Humanidades del INEM de Pasto. En 1989 culmina sus estudios universitarios en la Universidad de Nari\u00f1o obteniendo el t\u00edtulo de Licenciado en Ciencias Sociales \u2013 \u00e9nfasis Ciencias de la Educaci\u00f3n \u2013Jornada nocturna-. Especialista en Literatura latinoamericana y colaborador de importantes medios de comunicaci\u00f3n escritos de nuestra regi\u00f3n y del pa\u00eds: El Tiempo.com, Semana.com, Dinero, Diario Del Sur, El Espectador.com, entre otros, Sus escritos se conocen y han obtenido reconocimientos en Chile, Uruguay, Paraguay, Espa\u00f1a y Alemania. En el a\u00f1o 2000 obtiene el reconocimiento CORREO DEL SUR como el personaje c\u00edvico del a\u00f1o por su f\u00e9rrea defensa de la dignidad pastense al protestar con su documento \u201cUn pueblo ante la historia\u201d por el trato despectivo de algunos medios de comunicaci\u00f3n. Las reacciones no se hacen esperar en peri\u00f3dicos de circulaci\u00f3n regional y nacional como El Tiempo, El Espectador y El Pa\u00eds. Ha obtenido m\u00faltiples medallas y condecoraciones por su labor period\u00edstica y cultural: Medalla al merito Guillermo Edmundo Ch\u00e1vez \u2013 mejor escritor del departamento de Nari\u00f1o 2005 \u2013 Fundaci\u00f3n Gabriel Garc\u00eda M\u00e1rquez. Mejor Columnista del departamento de Nari\u00f1o \u2013 a\u00f1os 1991 \u2013 1993 \u2013 1996 \u2013 2001 \u2013 2006 Fundaci\u00f3n Cultural Correo del Sur. Personaje C\u00edvico del Departamento de Nari\u00f1o a\u00f1o 2000. Medalla \u00c1lvaro Javier Jurado Calvache a\u00f1o 2007 \u2013 Centro Educativo PROFESA \u2013 defensor poblaci\u00f3n vulnerable del municipio de Pasto. Mejor cuentista del departamento de Nari\u00f1o \u2013 a\u00f1os 1989 \u2013 2004 \u2013 2005. Cronista m\u00e1s destacado del departamento de Nari\u00f1o \u2013 a\u00f1o 2001. Finalista VI Concurso Internacional de Cuento \u2013 Prensa Nueva \u2013 a\u00f1o 1991. Primer puesto Concurso nacional de cuento \u2013 Contralor\u00eda general de la Rep\u00fablica \u2013 a\u00f1o 1992. Primer Lugar Concurso Municipal de Periodismo \u201cSilvio Le\u00f3n Espa\u00f1a\u201d \u2013 2009. . Reconocimiento Concejo municipal de Pasto, por su labor c\u00edvica y educativa. Sus obras y escritos se conocen en varios pa\u00edses de Latinoam\u00e9rica y de Colombia. Es autor de una docena de textos y m\u00e1s de un millar de columnas de opini\u00f3n que han generado pol\u00e9mica en el contexto nacional y latinoamericano: Testimonio de una insurrecci\u00f3n ciudadana \u2013 2011. El doctor Mierda. Un pueblo ante la historia. La filosof\u00eda de la gallina. Del amor por la Tierra... y otros textos. Diario de un maestro de escuela. Apuntes para una nueva historia Nuevos apuntes \u2013 Tomas Hidalgo Calvache. El problema de los cristianos. La utilidad del poeta. \u00bfTe acuerdas Mariana...? Corona F\u00fanebre \u2013 Tomas Hidalgo Calvache. En formato digital ha editado los siguientes t\u00edtulos: - La nueva filosof\u00eda de la gallina. - Tomas Hidalgo Calvache - Apuntes. - Educar con valor. Figura en varias antolog\u00edas de autores nari\u00f1enses y en una latinoamericana. Sobre \u00e9l han escrito elogiosamente intelectuales de la talla de Otto Morales Ben\u00edtez, Edgar Bastidas Urresty, Juan Augusto Ortiz cabrera, Carlos Santamar\u00eda, Javier Rodrizales, Miguel Garz\u00f3n Arteaga, Fausto Molina, Jorge Arturo Bravo y otros tantos que ser\u00eda dif\u00edcil nombrar en esta peque\u00f1a cr\u00f3nica sobre Pablo Emilio Obando Acosta.\",\"url\":\"https:\/\/pagina10.com\/web\/author\/pobando\/\"}]}<\/script>\n<!-- \/ Yoast SEO plugin. -->","yoast_head_json":{"title":"Lienzo: cuando un joven de T\u00faquerres convierte la incertidumbre en m\u00fasica. | P\u00e1gina10","robots":{"index":"index","follow":"follow","max-snippet":"max-snippet:-1","max-image-preview":"max-image-preview:large","max-video-preview":"max-video-preview:-1"},"canonical":"https:\/\/pagina10.com\/web\/lienzo-cuando-un-joven-de-tuquerres-convierte-la-incertidumbre-en-musica\/","og_locale":"es_ES","og_type":"article","og_title":"Lienzo: cuando un joven de T\u00faquerres convierte la incertidumbre en m\u00fasica. | P\u00e1gina10","og_description":"Pablo Emilio Obando A. -Juan Camilo Pantoja Cer\u00f3n y el nacimiento de una voz musical desde el sur de Colombia- A lo largo de nuestra vida nos encontramos con artistas que viven la m\u00fasica; otros parecen haber nacido dentro de ella. Juan Camilo Pantoja Cer\u00f3n pertenece a esa segunda estirpe. Nacido el 24 de agosto [&hellip;]","og_url":"https:\/\/pagina10.com\/web\/lienzo-cuando-un-joven-de-tuquerres-convierte-la-incertidumbre-en-musica\/","og_site_name":"P\u00e1gina10","article_publisher":"https:\/\/www.facebook.com\/pag10com","article_published_time":"2026-09-03T19:37:58+00:00","og_image":[{"width":1080,"height":845,"url":"https:\/\/pagina10.com\/web\/wp-content\/uploads\/2026\/09\/784927667_10244575125296079_1743769750779517909_n-e1788464262245.jpg","type":"image\/jpeg"}],"author":"Pablo Emilio Obando Acosta","twitter_card":"summary_large_image","twitter_creator":"@Pag10com","twitter_site":"@Pag10com","twitter_misc":{"Escrito por":"Pablo Emilio Obando Acosta","Tiempo de lectura":"5 minutos"},"schema":{"@context":"https:\/\/schema.org","@graph":[{"@type":"Article","@id":"https:\/\/pagina10.com\/web\/lienzo-cuando-un-joven-de-tuquerres-convierte-la-incertidumbre-en-musica\/#article","isPartOf":{"@id":"https:\/\/pagina10.com\/web\/lienzo-cuando-un-joven-de-tuquerres-convierte-la-incertidumbre-en-musica\/"},"author":{"name":"Pablo Emilio Obando Acosta","@id":"https:\/\/pagina10.com\/web\/#\/schema\/person\/3d3687c9f037834284853a963ee45123"},"headline":"Lienzo: cuando un joven de T\u00faquerres convierte la incertidumbre en m\u00fasica.","datePublished":"2026-09-03T19:37:58+00:00","mainEntityOfPage":{"@id":"https:\/\/pagina10.com\/web\/lienzo-cuando-un-joven-de-tuquerres-convierte-la-incertidumbre-en-musica\/"},"wordCount":1151,"commentCount":0,"publisher":{"@id":"https:\/\/pagina10.com\/web\/#organization"},"image":{"@id":"https:\/\/pagina10.com\/web\/lienzo-cuando-un-joven-de-tuquerres-convierte-la-incertidumbre-en-musica\/#primaryimage"},"thumbnailUrl":"https:\/\/pagina10.com\/web\/wp-content\/uploads\/2026\/09\/784927667_10244575125296079_1743769750779517909_n-e1788464262245.jpg","articleSection":["Culturas"],"inLanguage":"es","potentialAction":[{"@type":"CommentAction","name":"Comment","target":["https:\/\/pagina10.com\/web\/lienzo-cuando-un-joven-de-tuquerres-convierte-la-incertidumbre-en-musica\/#respond"]}]},{"@type":"WebPage","@id":"https:\/\/pagina10.com\/web\/lienzo-cuando-un-joven-de-tuquerres-convierte-la-incertidumbre-en-musica\/","url":"https:\/\/pagina10.com\/web\/lienzo-cuando-un-joven-de-tuquerres-convierte-la-incertidumbre-en-musica\/","name":"Lienzo: cuando un joven de T\u00faquerres convierte la incertidumbre en m\u00fasica. | P\u00e1gina10","isPartOf":{"@id":"https:\/\/pagina10.com\/web\/#website"},"primaryImageOfPage":{"@id":"https:\/\/pagina10.com\/web\/lienzo-cuando-un-joven-de-tuquerres-convierte-la-incertidumbre-en-musica\/#primaryimage"},"image":{"@id":"https:\/\/pagina10.com\/web\/lienzo-cuando-un-joven-de-tuquerres-convierte-la-incertidumbre-en-musica\/#primaryimage"},"thumbnailUrl":"https:\/\/pagina10.com\/web\/wp-content\/uploads\/2026\/09\/784927667_10244575125296079_1743769750779517909_n-e1788464262245.jpg","datePublished":"2026-09-03T19:37:58+00:00","breadcrumb":{"@id":"https:\/\/pagina10.com\/web\/lienzo-cuando-un-joven-de-tuquerres-convierte-la-incertidumbre-en-musica\/#breadcrumb"},"inLanguage":"es","potentialAction":[{"@type":"ReadAction","target":["https:\/\/pagina10.com\/web\/lienzo-cuando-un-joven-de-tuquerres-convierte-la-incertidumbre-en-musica\/"]}]},{"@type":"ImageObject","inLanguage":"es","@id":"https:\/\/pagina10.com\/web\/lienzo-cuando-un-joven-de-tuquerres-convierte-la-incertidumbre-en-musica\/#primaryimage","url":"https:\/\/pagina10.com\/web\/wp-content\/uploads\/2026\/09\/784927667_10244575125296079_1743769750779517909_n-e1788464262245.jpg","contentUrl":"https:\/\/pagina10.com\/web\/wp-content\/uploads\/2026\/09\/784927667_10244575125296079_1743769750779517909_n-e1788464262245.jpg","width":1080,"height":845},{"@type":"BreadcrumbList","@id":"https:\/\/pagina10.com\/web\/lienzo-cuando-un-joven-de-tuquerres-convierte-la-incertidumbre-en-musica\/#breadcrumb","itemListElement":[{"@type":"ListItem","position":1,"name":"Portada","item":"https:\/\/pagina10.com\/web\/"},{"@type":"ListItem","position":2,"name":"Lienzo: cuando un joven de T\u00faquerres convierte la incertidumbre en m\u00fasica."}]},{"@type":"WebSite","@id":"https:\/\/pagina10.com\/web\/#website","url":"https:\/\/pagina10.com\/web\/","name":"P\u00e1gina10","description":"Peri\u00f3dico Regional","publisher":{"@id":"https:\/\/pagina10.com\/web\/#organization"},"alternateName":"P\u00e1gina10 Peri\u00f3dico Regional","potentialAction":[{"@type":"SearchAction","target":{"@type":"EntryPoint","urlTemplate":"https:\/\/pagina10.com\/web\/?s={search_term_string}"},"query-input":{"@type":"PropertyValueSpecification","valueRequired":true,"valueName":"search_term_string"}}],"inLanguage":"es"},{"@type":"Organization","@id":"https:\/\/pagina10.com\/web\/#organization","name":"P\u00e1gina10","alternateName":"P\u00e1gina10 Peri\u00f3dico Regional","url":"https:\/\/pagina10.com\/web\/","logo":{"@type":"ImageObject","inLanguage":"es","@id":"https:\/\/pagina10.com\/web\/#\/schema\/logo\/image\/","url":"https:\/\/pagina10.com\/web\/wp-content\/uploads\/2024\/01\/40-pagina-10-periodico-regional-pasto.jpg","contentUrl":"https:\/\/pagina10.com\/web\/wp-content\/uploads\/2024\/01\/40-pagina-10-periodico-regional-pasto.jpg","width":1280,"height":720,"caption":"P\u00e1gina10"},"image":{"@id":"https:\/\/pagina10.com\/web\/#\/schema\/logo\/image\/"},"sameAs":["https:\/\/www.facebook.com\/pag10com","https:\/\/x.com\/Pag10com","https:\/\/www.instagram.com\/pagina10col\/","https:\/\/youtube.com\/channel\/pag10","https:\/\/www.tiktok.com\/@p10col"]},{"@type":"Person","@id":"https:\/\/pagina10.com\/web\/#\/schema\/person\/3d3687c9f037834284853a963ee45123","name":"Pablo Emilio Obando Acosta","description":"PABLO EMILIO OBANDO ACOSTA Nace en el a\u00f1o de 1965. Bachiller acad\u00e9mico Modalidad Humanidades del INEM de Pasto. En 1989 culmina sus estudios universitarios en la Universidad de Nari\u00f1o obteniendo el t\u00edtulo de Licenciado en Ciencias Sociales \u2013 \u00e9nfasis Ciencias de la Educaci\u00f3n \u2013Jornada nocturna-. Especialista en Literatura latinoamericana y colaborador de importantes medios de comunicaci\u00f3n escritos de nuestra regi\u00f3n y del pa\u00eds: El Tiempo.com, Semana.com, Dinero, Diario Del Sur, El Espectador.com, entre otros, Sus escritos se conocen y han obtenido reconocimientos en Chile, Uruguay, Paraguay, Espa\u00f1a y Alemania. En el a\u00f1o 2000 obtiene el reconocimiento CORREO DEL SUR como el personaje c\u00edvico del a\u00f1o por su f\u00e9rrea defensa de la dignidad pastense al protestar con su documento \u201cUn pueblo ante la historia\u201d por el trato despectivo de algunos medios de comunicaci\u00f3n. Las reacciones no se hacen esperar en peri\u00f3dicos de circulaci\u00f3n regional y nacional como El Tiempo, El Espectador y El Pa\u00eds. Ha obtenido m\u00faltiples medallas y condecoraciones por su labor period\u00edstica y cultural: Medalla al merito Guillermo Edmundo Ch\u00e1vez \u2013 mejor escritor del departamento de Nari\u00f1o 2005 \u2013 Fundaci\u00f3n Gabriel Garc\u00eda M\u00e1rquez. Mejor Columnista del departamento de Nari\u00f1o \u2013 a\u00f1os 1991 \u2013 1993 \u2013 1996 \u2013 2001 \u2013 2006 Fundaci\u00f3n Cultural Correo del Sur. Personaje C\u00edvico del Departamento de Nari\u00f1o a\u00f1o 2000. Medalla \u00c1lvaro Javier Jurado Calvache a\u00f1o 2007 \u2013 Centro Educativo PROFESA \u2013 defensor poblaci\u00f3n vulnerable del municipio de Pasto. Mejor cuentista del departamento de Nari\u00f1o \u2013 a\u00f1os 1989 \u2013 2004 \u2013 2005. Cronista m\u00e1s destacado del departamento de Nari\u00f1o \u2013 a\u00f1o 2001. Finalista VI Concurso Internacional de Cuento \u2013 Prensa Nueva \u2013 a\u00f1o 1991. Primer puesto Concurso nacional de cuento \u2013 Contralor\u00eda general de la Rep\u00fablica \u2013 a\u00f1o 1992. Primer Lugar Concurso Municipal de Periodismo \u201cSilvio Le\u00f3n Espa\u00f1a\u201d \u2013 2009. . Reconocimiento Concejo municipal de Pasto, por su labor c\u00edvica y educativa. Sus obras y escritos se conocen en varios pa\u00edses de Latinoam\u00e9rica y de Colombia. Es autor de una docena de textos y m\u00e1s de un millar de columnas de opini\u00f3n que han generado pol\u00e9mica en el contexto nacional y latinoamericano: Testimonio de una insurrecci\u00f3n ciudadana \u2013 2011. El doctor Mierda. Un pueblo ante la historia. La filosof\u00eda de la gallina. Del amor por la Tierra... y otros textos. Diario de un maestro de escuela. Apuntes para una nueva historia Nuevos apuntes \u2013 Tomas Hidalgo Calvache. El problema de los cristianos. La utilidad del poeta. \u00bfTe acuerdas Mariana...? Corona F\u00fanebre \u2013 Tomas Hidalgo Calvache. En formato digital ha editado los siguientes t\u00edtulos: - La nueva filosof\u00eda de la gallina. - Tomas Hidalgo Calvache - Apuntes. - Educar con valor. Figura en varias antolog\u00edas de autores nari\u00f1enses y en una latinoamericana. Sobre \u00e9l han escrito elogiosamente intelectuales de la talla de Otto Morales Ben\u00edtez, Edgar Bastidas Urresty, Juan Augusto Ortiz cabrera, Carlos Santamar\u00eda, Javier Rodrizales, Miguel Garz\u00f3n Arteaga, Fausto Molina, Jorge Arturo Bravo y otros tantos que ser\u00eda dif\u00edcil nombrar en esta peque\u00f1a cr\u00f3nica sobre Pablo Emilio Obando Acosta.","url":"https:\/\/pagina10.com\/web\/author\/pobando\/"}]}},"_links":{"self":[{"href":"https:\/\/pagina10.com\/web\/wp-json\/wp\/v2\/posts\/70879216314","targetHints":{"allow":["GET"]}}],"collection":[{"href":"https:\/\/pagina10.com\/web\/wp-json\/wp\/v2\/posts"}],"about":[{"href":"https:\/\/pagina10.com\/web\/wp-json\/wp\/v2\/types\/post"}],"author":[{"embeddable":true,"href":"https:\/\/pagina10.com\/web\/wp-json\/wp\/v2\/users\/46"}],"replies":[{"embeddable":true,"href":"https:\/\/pagina10.com\/web\/wp-json\/wp\/v2\/comments?post=70879216314"}],"version-history":[{"count":1,"href":"https:\/\/pagina10.com\/web\/wp-json\/wp\/v2\/posts\/70879216314\/revisions"}],"predecessor-version":[{"id":70879216316,"href":"https:\/\/pagina10.com\/web\/wp-json\/wp\/v2\/posts\/70879216314\/revisions\/70879216316"}],"wp:featuredmedia":[{"embeddable":true,"href":"https:\/\/pagina10.com\/web\/wp-json\/wp\/v2\/media\/70879216315"}],"wp:attachment":[{"href":"https:\/\/pagina10.com\/web\/wp-json\/wp\/v2\/media?parent=70879216314"}],"wp:term":[{"taxonomy":"category","embeddable":true,"href":"https:\/\/pagina10.com\/web\/wp-json\/wp\/v2\/categories?post=70879216314"},{"taxonomy":"post_tag","embeddable":true,"href":"https:\/\/pagina10.com\/web\/wp-json\/wp\/v2\/tags?post=70879216314"}],"curies":[{"name":"wp","href":"https:\/\/api.w.org\/{rel}","templated":true}]}}