{"id":70879216324,"date":"2026-09-04T15:37:07","date_gmt":"2026-09-04T20:37:07","guid":{"rendered":"https:\/\/pagina10.com\/web\/?p=70879216324"},"modified":"2026-09-04T15:37:07","modified_gmt":"2026-09-04T20:37:07","slug":"gobierno-termina-el-proceso-de-paz-con-comuneros-del-sur-y-narino-queda-sin-sus-dos-principales-mesas-territoriales","status":"publish","type":"post","link":"https:\/\/pagina10.com\/web\/gobierno-termina-el-proceso-de-paz-con-comuneros-del-sur-y-narino-queda-sin-sus-dos-principales-mesas-territoriales\/","title":{"rendered":"Gobierno termina el proceso de paz con Comuneros del Sur y Nari\u00f1o queda sin sus dos principales mesas territoriales"},"content":{"rendered":"<p style=\"text-align: justify;\" data-start=\"119\" data-end=\"474\"><strong data-start=\"119\" data-end=\"474\">La decisi\u00f3n del presidente Abelardo De la Espriella pone fin a un proceso que hab\u00eda avanzado en destrucci\u00f3n de material de guerra, desminado, reintegraci\u00f3n y transformaci\u00f3n territorial. D\u00edas antes, el Gobierno tambi\u00e9n hab\u00eda cerrado la negociaci\u00f3n con la Coordinadora Nacional Ej\u00e9rcito Bolivariano, otro de los procesos con fuerte incidencia en Nari\u00f1o.<\/strong><\/p>\n<p style=\"text-align: justify;\" data-start=\"476\" data-end=\"609\">En Nari\u00f1o, dos de las apuestas m\u00e1s ambiciosas para sacar a estructuras armadas de la guerra quedaron cerradas en menos de una semana.<\/p>\n<p style=\"text-align: justify;\" data-start=\"611\" data-end=\"936\">Primero fue la <strong data-start=\"626\" data-end=\"679\">Coordinadora Nacional Ej\u00e9rcito Bolivariano (CNEB)<\/strong>. Ahora, el turno fue para <strong data-start=\"706\" data-end=\"727\">Comuneros del Sur<\/strong>, la estructura que se separ\u00f3 del ELN y que durante cerca de dos a\u00f1os hab\u00eda convertido municipios como Samaniego y otras zonas del occidente de Nari\u00f1o en escenario de un experimento de negociaci\u00f3n territorial.<\/p>\n<p style=\"text-align: justify;\" data-start=\"938\" data-end=\"1407\">El presidente Abelardo De la Espriella firm\u00f3 el 3 de septiembre la <strong data-start=\"1005\" data-end=\"1041\">Resoluci\u00f3n Ejecutiva 365 de 2026<\/strong>, mediante la cual dio por terminada oficialmente la Mesa de Di\u00e1logos de Paz entre el Gobierno nacional y el autodenominado Frente Guerrillero Comuneros del Sur. La determinaci\u00f3n rige desde el momento de su expedici\u00f3n y deroga la Resoluci\u00f3n 369 del 13 de septiembre de 2024, con la cual hab\u00eda sido instalada formalmente la mesa.<\/p>\n<p style=\"text-align: justify;\" data-start=\"1409\" data-end=\"1872\">El documento es corto y contundente: ordena terminar la negociaci\u00f3n y dispone que la Oficina del Consejero Comisionado de Paz comunique la decisi\u00f3n a las autoridades correspondientes. A diferencia de la resoluci\u00f3n mediante la cual se cerr\u00f3 d\u00edas atr\u00e1s la negociaci\u00f3n con la CNEB, el acto administrativo conocido sobre Comuneros del Sur no desarrolla en su parte resolutiva una acusaci\u00f3n espec\u00edfica de falta de voluntad de paz.<\/p>\n<p style=\"text-align: justify;\" data-start=\"1874\" data-end=\"2281\">La decisi\u00f3n tiene un peso especial en Nari\u00f1o porque este no era solamente un proceso de conversaciones pol\u00edticas. Durante el Gobierno de Gustavo Petro, la mesa hab\u00eda sido presentada como una experiencia de <strong data-start=\"2080\" data-end=\"2101\">\u201cpaz territorial\u201d<\/strong>, en la que los acuerdos con el grupo armado estaban ligados a inversiones sociales, desminado, sustituci\u00f3n de econom\u00edas il\u00edcitas y tr\u00e1nsito de sus integrantes hacia la vida civil.<\/p>\n<h3 style=\"text-align: justify;\" data-section-id=\"zur0uy\" data-start=\"2283\" data-end=\"2331\">De las armas destruidas al cierre de la mesa<\/h3>\n<p style=\"text-align: justify;\" data-start=\"2333\" data-end=\"2664\">El camino hab\u00eda comenzado formalmente en septiembre de 2024, despu\u00e9s de que Comuneros del Sur se apartara de la estructura nacional del ELN. Uno de los primeros acuerdos contempl\u00f3 un cese bilateral, zonas de concentraci\u00f3n, destrucci\u00f3n de material de guerra y acciones de desminado humanitario.<\/p>\n<p style=\"text-align: justify;\" data-start=\"2666\" data-end=\"2731\">Meses despu\u00e9s, esas decisiones comenzaron a traducirse en hechos.<\/p>\n<p style=\"text-align: justify;\" data-start=\"2733\" data-end=\"3124\">En abril de 2025, en Samaniego, el Ej\u00e9rcito destruy\u00f3 <strong data-start=\"2786\" data-end=\"2815\">585 artefactos explosivos<\/strong> entregados por Comuneros del Sur, entre minas, morteros, granadas y cilindros bomba. El procedimiento estuvo acompa\u00f1ado por la institucionalidad y organismos internacionales y fue considerado entonces como el inicio progresivo de la dejaci\u00f3n de armas de la organizaci\u00f3n.<\/p>\n<p style=\"text-align: justify;\" data-start=\"3126\" data-end=\"3517\">El proceso tambi\u00e9n dio origen a acuerdos relacionados con las v\u00edctimas, la b\u00fasqueda de personas desaparecidas, desminado humanitario y proyectos sociales. La Consejer\u00eda de Paz report\u00f3 en 2025 inversiones superiores a <strong data-start=\"3343\" data-end=\"3364\">$290.000 millones<\/strong> asociadas a transformaci\u00f3n territorial, incluidas acciones en salud, educaci\u00f3n, infraestructura y desarrollo vial.<\/p>\n<p style=\"text-align: justify;\" data-start=\"3519\" data-end=\"3867\">En agosto de ese a\u00f1o, la Agencia para la Reincorporaci\u00f3n y la Normalizaci\u00f3n present\u00f3 incluso un <strong data-start=\"3615\" data-end=\"3697\">Programa de Reintegraci\u00f3n Integral para la Paz y la Transformaci\u00f3n Territorial<\/strong>, dise\u00f1ado espec\u00edficamente para Comuneros del Sur y pensado como una ruta para facilitar el paso de sus integrantes a la vida civil.<\/p>\n<p style=\"text-align: justify;\" data-start=\"3869\" data-end=\"4153\">La preparaci\u00f3n de una Zona de Ubicaci\u00f3n Temporal sigui\u00f3 avanzando posteriormente. En noviembre de 2025, m\u00e1s de mil integrantes de comunidades ind\u00edgenas del Resguardo del Gran Mallama participaron en procesos de consulta relacionados con esa zona.<\/p>\n<p style=\"text-align: justify;\" data-start=\"4155\" data-end=\"4322\">Todo ese recorrido queda ahora frente a un escenario distinto: <strong data-start=\"4218\" data-end=\"4321\">la mesa que daba soporte pol\u00edtico y jur\u00eddico a los acuerdos fue terminada por decisi\u00f3n presidencial<\/strong>.<\/p>\n<h3 style=\"text-align: justify;\" data-section-id=\"1lb76yn\" data-start=\"4324\" data-end=\"4373\">La Coordinadora hab\u00eda corrido la misma suerte<\/h3>\n<p style=\"text-align: justify;\" data-start=\"4375\" data-end=\"4509\">El cierre de Comuneros del Sur ocurre apenas d\u00edas despu\u00e9s de una decisi\u00f3n que afect\u00f3 otro proceso directamente relacionado con Nari\u00f1o.<\/p>\n<p style=\"text-align: justify;\" data-start=\"4511\" data-end=\"4754\">Mediante la <strong data-start=\"4523\" data-end=\"4576\">Resoluci\u00f3n Ejecutiva 346 del 28 de agosto de 2026<\/strong>, el Gobierno termin\u00f3 la Mesa de Di\u00e1logos con la <strong data-start=\"4625\" data-end=\"4671\">Coordinadora Nacional Ej\u00e9rcito Bolivariano<\/strong>, argumentando \u201causencia de voluntad de paz\u201d.<\/p>\n<p style=\"text-align: justify;\" data-start=\"4756\" data-end=\"5168\">La CNEB hab\u00eda surgido despu\u00e9s de que la Coordinadora Guerrillera del Pac\u00edfico y los Comandos de la Frontera Ej\u00e9rcito Bolivariano se apartaran de la denominaci\u00f3n Segunda Marquetalia. El proceso ten\u00eda una marcada presencia en <strong data-start=\"4980\" data-end=\"5001\">Nari\u00f1o y Putumayo<\/strong>, donde se desarrollaban iniciativas de sustituci\u00f3n de cultivos, ubicaci\u00f3n temporal de combatientes y transformaci\u00f3n territorial.<\/p>\n<p style=\"text-align: justify;\" data-start=\"5170\" data-end=\"5209\">La reacci\u00f3n desde Nari\u00f1o fue inmediata.<\/p>\n<p style=\"text-align: justify;\" data-start=\"5211\" data-end=\"5778\">La Gobernaci\u00f3n pidi\u00f3 al Gobierno nacional evaluar los resultados conseguidos antes de cerrar definitivamente ese proceso. Seg\u00fan cifras entregadas por la administraci\u00f3n departamental, durante el di\u00e1logo con la CNEB se hab\u00edan destruido <strong data-start=\"5445\" data-end=\"5490\">m\u00e1s de 14 toneladas de material de guerra<\/strong> en Nari\u00f1o y Putumayo; <strong data-start=\"5513\" data-end=\"5531\">99 integrantes<\/strong> hab\u00edan dejado las armas e ingresado en junio de 2026 a una Zona de Ubicaci\u00f3n Temporal y exist\u00eda una meta de sustituci\u00f3n voluntaria de <strong data-start=\"5666\" data-end=\"5694\">30.000 hect\u00e1reas de coca<\/strong>, de las cuales 15.000 correspond\u00edan a Nari\u00f1o.<\/p>\n<p style=\"text-align: justify;\" data-start=\"5780\" data-end=\"5950\">Esos datos muestran por qu\u00e9 la terminaci\u00f3n de ambas mesas tiene en Nari\u00f1o una dimensi\u00f3n distinta a la discusi\u00f3n pol\u00edtica nacional sobre el futuro de la llamada Paz Total.<\/p>\n<h3 style=\"text-align: justify;\" data-section-id=\"14lnxlh\" data-start=\"5952\" data-end=\"6000\">Un giro completo en la pol\u00edtica de seguridad<\/h3>\n<p style=\"text-align: justify;\" data-start=\"6002\" data-end=\"6106\">Los cierres hacen parte del cambio de orientaci\u00f3n impulsado por el Gobierno de Abelardo De la Espriella.<\/p>\n<p style=\"text-align: justify;\" data-start=\"6108\" data-end=\"6467\">El 30 de agosto, la Presidencia inform\u00f3 que la administraci\u00f3n hab\u00eda decidido acabar tres procesos que consideraba carentes de resultados suficientes: los di\u00e1logos con estructuras relacionadas con alias Calarc\u00e1, con la Coordinadora Nacional Ej\u00e9rcito Bolivariano y con las Autodefensas Conquistadoras de la Sierra Nevada.<\/p>\n<p style=\"text-align: justify;\" data-start=\"6469\" data-end=\"6755\">La terminaci\u00f3n posterior del proceso con Comuneros del Sur profundiza ese viraje. El Ejecutivo tambi\u00e9n cerr\u00f3 el espacio sociojur\u00eddico con las estructuras criminales de Medell\u00edn y el Valle de Aburr\u00e1, mediante la Resoluci\u00f3n 369 del 3 de septiembre.<\/p>\n<p style=\"text-align: justify;\" data-start=\"6757\" data-end=\"7079\">En t\u00e9rminos pol\u00edticos, el mensaje es claro: el nuevo Gobierno est\u00e1 desmontando los principales mecanismos de negociaci\u00f3n que recibi\u00f3 de la administraci\u00f3n Petro y reemplaz\u00e1ndolos por una estrategia con mayor \u00e9nfasis en seguridad, persecuci\u00f3n penal y operaciones de la Fuerza P\u00fablica.<\/p>\n<h3 style=\"text-align: justify;\" data-section-id=\"ttewjt\" data-start=\"7081\" data-end=\"7124\">La pregunta que queda abierta en Nari\u00f1o<\/h3>\n<p style=\"text-align: justify;\" data-start=\"7126\" data-end=\"7187\">Sin embargo, en el departamento la discusi\u00f3n apenas comienza.<\/p>\n<p style=\"text-align: justify;\" data-start=\"7189\" data-end=\"7525\">Cerrar una mesa por resoluci\u00f3n administrativa es inmediato. Resolver qu\u00e9 ocurrir\u00e1 con las personas que ya hab\u00edan avanzado hacia la dejaci\u00f3n de armas, con las comunidades vinculadas a los acuerdos, con los proyectos de sustituci\u00f3n, con las zonas de ubicaci\u00f3n temporal y con los compromisos de inversi\u00f3n territorial es mucho m\u00e1s complejo.<\/p>\n<p style=\"text-align: justify;\" data-start=\"7527\" data-end=\"7580\">Ese ser\u00e1 ahora el principal interrogante para Nari\u00f1o.<\/p>\n<p style=\"text-align: justify;\" data-start=\"7582\" data-end=\"7831\">Porque en cuesti\u00f3n de d\u00edas el departamento pas\u00f3 de tener <strong data-start=\"7639\" data-end=\"7830\">dos procesos de paz territorial avanzando simult\u00e1neamente \u2014Comuneros del Sur y la Coordinadora Nacional Ej\u00e9rcito Bolivariano\u2014 a tener ambos formalmente terminados por el Gobierno nacional<\/strong>.<\/p>\n<p style=\"text-align: justify;\" data-start=\"7833\" data-end=\"8181\" data-is-last-node=\"\" data-is-only-node=\"\">Y mientras Bogot\u00e1 redefine su estrategia frente a los grupos armados, en los municipios donde se desarrollaron esos procesos comienza una etapa de incertidumbre: saber cu\u00e1les compromisos sobrevivir\u00e1n a las mesas que los originaron y, sobre todo, qu\u00e9 ocurrir\u00e1 con los hombres y mujeres que ya hab\u00edan empezado a caminar del fusil hacia la vida civil.<\/p>\n","protected":false},"excerpt":{"rendered":"<p>La decisi\u00f3n del presidente Abelardo De la Espriella pone fin a un proceso que hab\u00eda avanzado en destrucci\u00f3n de material de guerra, desminado, reintegraci\u00f3n y transformaci\u00f3n territorial. D\u00edas antes, el Gobierno tambi\u00e9n hab\u00eda cerrado la negociaci\u00f3n con la Coordinadora Nacional Ej\u00e9rcito Bolivariano, otro de los procesos con fuerte incidencia en Nari\u00f1o. En Nari\u00f1o, dos de [&hellip;]<\/p>\n","protected":false},"author":1,"featured_media":70879215585,"comment_status":"open","ping_status":"open","sticky":false,"template":"","format":"standard","meta":{"footnotes":""},"categories":[14,1528],"tags":[],"class_list":["post-70879216324","post","type-post","status-publish","format-standard","has-post-thumbnail","hentry","category-narino-actual","category-titulares"],"yoast_head":"<!-- This site is optimized with the Yoast SEO plugin v27.1.1 - https:\/\/yoast.com\/product\/yoast-seo-wordpress\/ -->\n<title>Gobierno termina el proceso de paz con Comuneros del Sur y Nari\u00f1o queda sin sus dos principales mesas territoriales | P\u00e1gina10<\/title>\n<meta name=\"robots\" content=\"index, follow, max-snippet:-1, max-image-preview:large, max-video-preview:-1\" \/>\n<link rel=\"canonical\" href=\"https:\/\/pagina10.com\/web\/gobierno-termina-el-proceso-de-paz-con-comuneros-del-sur-y-narino-queda-sin-sus-dos-principales-mesas-territoriales\/\" \/>\n<meta property=\"og:locale\" content=\"es_ES\" \/>\n<meta property=\"og:type\" content=\"article\" \/>\n<meta property=\"og:title\" content=\"Gobierno termina el proceso de paz con Comuneros del Sur y Nari\u00f1o queda sin sus dos principales mesas territoriales | P\u00e1gina10\" \/>\n<meta property=\"og:description\" content=\"La decisi\u00f3n del presidente Abelardo De la Espriella pone fin a un proceso que hab\u00eda avanzado en destrucci\u00f3n de material de guerra, desminado, reintegraci\u00f3n y transformaci\u00f3n territorial. D\u00edas antes, el Gobierno tambi\u00e9n hab\u00eda cerrado la negociaci\u00f3n con la Coordinadora Nacional Ej\u00e9rcito Bolivariano, otro de los procesos con fuerte incidencia en Nari\u00f1o. En Nari\u00f1o, dos de [&hellip;]\" \/>\n<meta property=\"og:url\" content=\"https:\/\/pagina10.com\/web\/gobierno-termina-el-proceso-de-paz-con-comuneros-del-sur-y-narino-queda-sin-sus-dos-principales-mesas-territoriales\/\" \/>\n<meta property=\"og:site_name\" content=\"P\u00e1gina10\" \/>\n<meta property=\"article:publisher\" content=\"https:\/\/www.facebook.com\/pag10com\" \/>\n<meta property=\"article:published_time\" content=\"2026-09-04T20:37:07+00:00\" \/>\n<meta property=\"og:image\" content=\"https:\/\/pagina10.com\/web\/wp-content\/uploads\/2026\/06\/728685475_1537414471373207_8869743221954442296_n.jpg\" \/>\n\t<meta property=\"og:image:width\" content=\"1152\" \/>\n\t<meta property=\"og:image:height\" content=\"1440\" \/>\n\t<meta property=\"og:image:type\" content=\"image\/jpeg\" \/>\n<meta name=\"author\" content=\"P\u00e1gina 10\" \/>\n<meta name=\"twitter:card\" content=\"summary_large_image\" \/>\n<meta name=\"twitter:creator\" content=\"@Pag10com\" \/>\n<meta name=\"twitter:site\" content=\"@Pag10com\" \/>\n<meta name=\"twitter:label1\" content=\"Escrito por\" \/>\n\t<meta name=\"twitter:data1\" content=\"P\u00e1gina 10\" \/>\n\t<meta name=\"twitter:label2\" content=\"Tiempo de lectura\" \/>\n\t<meta name=\"twitter:data2\" content=\"6 minutos\" \/>\n<script type=\"application\/ld+json\" class=\"yoast-schema-graph\">{\"@context\":\"https:\/\/schema.org\",\"@graph\":[{\"@type\":\"Article\",\"@id\":\"https:\/\/pagina10.com\/web\/gobierno-termina-el-proceso-de-paz-con-comuneros-del-sur-y-narino-queda-sin-sus-dos-principales-mesas-territoriales\/#article\",\"isPartOf\":{\"@id\":\"https:\/\/pagina10.com\/web\/gobierno-termina-el-proceso-de-paz-con-comuneros-del-sur-y-narino-queda-sin-sus-dos-principales-mesas-territoriales\/\"},\"author\":{\"name\":\"P\u00e1gina 10\",\"@id\":\"https:\/\/pagina10.com\/web\/#\/schema\/person\/2efc4a090d25b667d3bc796798a3a81b\"},\"headline\":\"Gobierno termina el proceso de paz con Comuneros del Sur y Nari\u00f1o queda sin sus dos principales mesas territoriales\",\"datePublished\":\"2026-09-04T20:37:07+00:00\",\"mainEntityOfPage\":{\"@id\":\"https:\/\/pagina10.com\/web\/gobierno-termina-el-proceso-de-paz-con-comuneros-del-sur-y-narino-queda-sin-sus-dos-principales-mesas-territoriales\/\"},\"wordCount\":1276,\"commentCount\":0,\"publisher\":{\"@id\":\"https:\/\/pagina10.com\/web\/#organization\"},\"image\":{\"@id\":\"https:\/\/pagina10.com\/web\/gobierno-termina-el-proceso-de-paz-con-comuneros-del-sur-y-narino-queda-sin-sus-dos-principales-mesas-territoriales\/#primaryimage\"},\"thumbnailUrl\":\"https:\/\/pagina10.com\/web\/wp-content\/uploads\/2026\/06\/728685475_1537414471373207_8869743221954442296_n.jpg\",\"articleSection\":[\"Nari\u00f1o Actual\",\"Titulares\"],\"inLanguage\":\"es\",\"potentialAction\":[{\"@type\":\"CommentAction\",\"name\":\"Comment\",\"target\":[\"https:\/\/pagina10.com\/web\/gobierno-termina-el-proceso-de-paz-con-comuneros-del-sur-y-narino-queda-sin-sus-dos-principales-mesas-territoriales\/#respond\"]}]},{\"@type\":\"WebPage\",\"@id\":\"https:\/\/pagina10.com\/web\/gobierno-termina-el-proceso-de-paz-con-comuneros-del-sur-y-narino-queda-sin-sus-dos-principales-mesas-territoriales\/\",\"url\":\"https:\/\/pagina10.com\/web\/gobierno-termina-el-proceso-de-paz-con-comuneros-del-sur-y-narino-queda-sin-sus-dos-principales-mesas-territoriales\/\",\"name\":\"Gobierno termina el proceso de paz con Comuneros del Sur y Nari\u00f1o queda sin sus dos principales mesas territoriales | P\u00e1gina10\",\"isPartOf\":{\"@id\":\"https:\/\/pagina10.com\/web\/#website\"},\"primaryImageOfPage\":{\"@id\":\"https:\/\/pagina10.com\/web\/gobierno-termina-el-proceso-de-paz-con-comuneros-del-sur-y-narino-queda-sin-sus-dos-principales-mesas-territoriales\/#primaryimage\"},\"image\":{\"@id\":\"https:\/\/pagina10.com\/web\/gobierno-termina-el-proceso-de-paz-con-comuneros-del-sur-y-narino-queda-sin-sus-dos-principales-mesas-territoriales\/#primaryimage\"},\"thumbnailUrl\":\"https:\/\/pagina10.com\/web\/wp-content\/uploads\/2026\/06\/728685475_1537414471373207_8869743221954442296_n.jpg\",\"datePublished\":\"2026-09-04T20:37:07+00:00\",\"breadcrumb\":{\"@id\":\"https:\/\/pagina10.com\/web\/gobierno-termina-el-proceso-de-paz-con-comuneros-del-sur-y-narino-queda-sin-sus-dos-principales-mesas-territoriales\/#breadcrumb\"},\"inLanguage\":\"es\",\"potentialAction\":[{\"@type\":\"ReadAction\",\"target\":[\"https:\/\/pagina10.com\/web\/gobierno-termina-el-proceso-de-paz-con-comuneros-del-sur-y-narino-queda-sin-sus-dos-principales-mesas-territoriales\/\"]}]},{\"@type\":\"ImageObject\",\"inLanguage\":\"es\",\"@id\":\"https:\/\/pagina10.com\/web\/gobierno-termina-el-proceso-de-paz-con-comuneros-del-sur-y-narino-queda-sin-sus-dos-principales-mesas-territoriales\/#primaryimage\",\"url\":\"https:\/\/pagina10.com\/web\/wp-content\/uploads\/2026\/06\/728685475_1537414471373207_8869743221954442296_n.jpg\",\"contentUrl\":\"https:\/\/pagina10.com\/web\/wp-content\/uploads\/2026\/06\/728685475_1537414471373207_8869743221954442296_n.jpg\",\"width\":1152,\"height\":1440},{\"@type\":\"BreadcrumbList\",\"@id\":\"https:\/\/pagina10.com\/web\/gobierno-termina-el-proceso-de-paz-con-comuneros-del-sur-y-narino-queda-sin-sus-dos-principales-mesas-territoriales\/#breadcrumb\",\"itemListElement\":[{\"@type\":\"ListItem\",\"position\":1,\"name\":\"Portada\",\"item\":\"https:\/\/pagina10.com\/web\/\"},{\"@type\":\"ListItem\",\"position\":2,\"name\":\"Gobierno termina el proceso de paz con Comuneros del Sur y Nari\u00f1o queda sin sus dos principales mesas territoriales\"}]},{\"@type\":\"WebSite\",\"@id\":\"https:\/\/pagina10.com\/web\/#website\",\"url\":\"https:\/\/pagina10.com\/web\/\",\"name\":\"P\u00e1gina10\",\"description\":\"Peri\u00f3dico Regional\",\"publisher\":{\"@id\":\"https:\/\/pagina10.com\/web\/#organization\"},\"alternateName\":\"P\u00e1gina10 Peri\u00f3dico Regional\",\"potentialAction\":[{\"@type\":\"SearchAction\",\"target\":{\"@type\":\"EntryPoint\",\"urlTemplate\":\"https:\/\/pagina10.com\/web\/?s={search_term_string}\"},\"query-input\":{\"@type\":\"PropertyValueSpecification\",\"valueRequired\":true,\"valueName\":\"search_term_string\"}}],\"inLanguage\":\"es\"},{\"@type\":\"Organization\",\"@id\":\"https:\/\/pagina10.com\/web\/#organization\",\"name\":\"P\u00e1gina10\",\"alternateName\":\"P\u00e1gina10 Peri\u00f3dico Regional\",\"url\":\"https:\/\/pagina10.com\/web\/\",\"logo\":{\"@type\":\"ImageObject\",\"inLanguage\":\"es\",\"@id\":\"https:\/\/pagina10.com\/web\/#\/schema\/logo\/image\/\",\"url\":\"https:\/\/pagina10.com\/web\/wp-content\/uploads\/2024\/01\/40-pagina-10-periodico-regional-pasto.jpg\",\"contentUrl\":\"https:\/\/pagina10.com\/web\/wp-content\/uploads\/2024\/01\/40-pagina-10-periodico-regional-pasto.jpg\",\"width\":1280,\"height\":720,\"caption\":\"P\u00e1gina10\"},\"image\":{\"@id\":\"https:\/\/pagina10.com\/web\/#\/schema\/logo\/image\/\"},\"sameAs\":[\"https:\/\/www.facebook.com\/pag10com\",\"https:\/\/x.com\/Pag10com\",\"https:\/\/www.instagram.com\/pagina10col\/\",\"https:\/\/youtube.com\/channel\/pag10\",\"https:\/\/www.tiktok.com\/@p10col\"]},{\"@type\":\"Person\",\"@id\":\"https:\/\/pagina10.com\/web\/#\/schema\/person\/2efc4a090d25b667d3bc796798a3a81b\",\"name\":\"P\u00e1gina 10\",\"description\":\"P\u00e1gina 10 es un peri\u00f3dico regional que nace en Colombia, en el departamento de Nari\u00f1o, con un enfoque global, fundamentado en cuatro pilares esenciales: la libertad, el pluralismo, la inclusi\u00f3n y la independencia. P\u00e1gina 10 hace referencia a Nari\u00f1o como el d\u00e9cimo departamento creado en Colombia, despu\u00e9s de un proceso pol\u00edtico liderado por actores y actrices regionales con el fin de obtener la independencia y autonom\u00eda de nuestros territorios. Con la creaci\u00f3n de P\u00e1gina 10 se pretende abrir un escenario para el dialogo, la reflexi\u00f3n y el debate que se extienda a otras geograf\u00edas de Am\u00e9rica Latina y del planeta, en una apuesta por transformar colectivamente los desaf\u00edos de un mundo contempor\u00e1neo, m\u00e1s all\u00e1 de las fronteras impuestas.\",\"url\":\"https:\/\/pagina10.com\/web\/author\/pdiezadmin\/\"}]}<\/script>\n<!-- \/ Yoast SEO plugin. -->","yoast_head_json":{"title":"Gobierno termina el proceso de paz con Comuneros del Sur y Nari\u00f1o queda sin sus dos principales mesas territoriales | P\u00e1gina10","robots":{"index":"index","follow":"follow","max-snippet":"max-snippet:-1","max-image-preview":"max-image-preview:large","max-video-preview":"max-video-preview:-1"},"canonical":"https:\/\/pagina10.com\/web\/gobierno-termina-el-proceso-de-paz-con-comuneros-del-sur-y-narino-queda-sin-sus-dos-principales-mesas-territoriales\/","og_locale":"es_ES","og_type":"article","og_title":"Gobierno termina el proceso de paz con Comuneros del Sur y Nari\u00f1o queda sin sus dos principales mesas territoriales | P\u00e1gina10","og_description":"La decisi\u00f3n del presidente Abelardo De la Espriella pone fin a un proceso que hab\u00eda avanzado en destrucci\u00f3n de material de guerra, desminado, reintegraci\u00f3n y transformaci\u00f3n territorial. D\u00edas antes, el Gobierno tambi\u00e9n hab\u00eda cerrado la negociaci\u00f3n con la Coordinadora Nacional Ej\u00e9rcito Bolivariano, otro de los procesos con fuerte incidencia en Nari\u00f1o. En Nari\u00f1o, dos de [&hellip;]","og_url":"https:\/\/pagina10.com\/web\/gobierno-termina-el-proceso-de-paz-con-comuneros-del-sur-y-narino-queda-sin-sus-dos-principales-mesas-territoriales\/","og_site_name":"P\u00e1gina10","article_publisher":"https:\/\/www.facebook.com\/pag10com","article_published_time":"2026-09-04T20:37:07+00:00","og_image":[{"width":1152,"height":1440,"url":"https:\/\/pagina10.com\/web\/wp-content\/uploads\/2026\/06\/728685475_1537414471373207_8869743221954442296_n.jpg","type":"image\/jpeg"}],"author":"P\u00e1gina 10","twitter_card":"summary_large_image","twitter_creator":"@Pag10com","twitter_site":"@Pag10com","twitter_misc":{"Escrito por":"P\u00e1gina 10","Tiempo de lectura":"6 minutos"},"schema":{"@context":"https:\/\/schema.org","@graph":[{"@type":"Article","@id":"https:\/\/pagina10.com\/web\/gobierno-termina-el-proceso-de-paz-con-comuneros-del-sur-y-narino-queda-sin-sus-dos-principales-mesas-territoriales\/#article","isPartOf":{"@id":"https:\/\/pagina10.com\/web\/gobierno-termina-el-proceso-de-paz-con-comuneros-del-sur-y-narino-queda-sin-sus-dos-principales-mesas-territoriales\/"},"author":{"name":"P\u00e1gina 10","@id":"https:\/\/pagina10.com\/web\/#\/schema\/person\/2efc4a090d25b667d3bc796798a3a81b"},"headline":"Gobierno termina el proceso de paz con Comuneros del Sur y Nari\u00f1o queda sin sus dos principales mesas territoriales","datePublished":"2026-09-04T20:37:07+00:00","mainEntityOfPage":{"@id":"https:\/\/pagina10.com\/web\/gobierno-termina-el-proceso-de-paz-con-comuneros-del-sur-y-narino-queda-sin-sus-dos-principales-mesas-territoriales\/"},"wordCount":1276,"commentCount":0,"publisher":{"@id":"https:\/\/pagina10.com\/web\/#organization"},"image":{"@id":"https:\/\/pagina10.com\/web\/gobierno-termina-el-proceso-de-paz-con-comuneros-del-sur-y-narino-queda-sin-sus-dos-principales-mesas-territoriales\/#primaryimage"},"thumbnailUrl":"https:\/\/pagina10.com\/web\/wp-content\/uploads\/2026\/06\/728685475_1537414471373207_8869743221954442296_n.jpg","articleSection":["Nari\u00f1o Actual","Titulares"],"inLanguage":"es","potentialAction":[{"@type":"CommentAction","name":"Comment","target":["https:\/\/pagina10.com\/web\/gobierno-termina-el-proceso-de-paz-con-comuneros-del-sur-y-narino-queda-sin-sus-dos-principales-mesas-territoriales\/#respond"]}]},{"@type":"WebPage","@id":"https:\/\/pagina10.com\/web\/gobierno-termina-el-proceso-de-paz-con-comuneros-del-sur-y-narino-queda-sin-sus-dos-principales-mesas-territoriales\/","url":"https:\/\/pagina10.com\/web\/gobierno-termina-el-proceso-de-paz-con-comuneros-del-sur-y-narino-queda-sin-sus-dos-principales-mesas-territoriales\/","name":"Gobierno termina el proceso de paz con Comuneros del Sur y Nari\u00f1o queda sin sus dos principales mesas territoriales | P\u00e1gina10","isPartOf":{"@id":"https:\/\/pagina10.com\/web\/#website"},"primaryImageOfPage":{"@id":"https:\/\/pagina10.com\/web\/gobierno-termina-el-proceso-de-paz-con-comuneros-del-sur-y-narino-queda-sin-sus-dos-principales-mesas-territoriales\/#primaryimage"},"image":{"@id":"https:\/\/pagina10.com\/web\/gobierno-termina-el-proceso-de-paz-con-comuneros-del-sur-y-narino-queda-sin-sus-dos-principales-mesas-territoriales\/#primaryimage"},"thumbnailUrl":"https:\/\/pagina10.com\/web\/wp-content\/uploads\/2026\/06\/728685475_1537414471373207_8869743221954442296_n.jpg","datePublished":"2026-09-04T20:37:07+00:00","breadcrumb":{"@id":"https:\/\/pagina10.com\/web\/gobierno-termina-el-proceso-de-paz-con-comuneros-del-sur-y-narino-queda-sin-sus-dos-principales-mesas-territoriales\/#breadcrumb"},"inLanguage":"es","potentialAction":[{"@type":"ReadAction","target":["https:\/\/pagina10.com\/web\/gobierno-termina-el-proceso-de-paz-con-comuneros-del-sur-y-narino-queda-sin-sus-dos-principales-mesas-territoriales\/"]}]},{"@type":"ImageObject","inLanguage":"es","@id":"https:\/\/pagina10.com\/web\/gobierno-termina-el-proceso-de-paz-con-comuneros-del-sur-y-narino-queda-sin-sus-dos-principales-mesas-territoriales\/#primaryimage","url":"https:\/\/pagina10.com\/web\/wp-content\/uploads\/2026\/06\/728685475_1537414471373207_8869743221954442296_n.jpg","contentUrl":"https:\/\/pagina10.com\/web\/wp-content\/uploads\/2026\/06\/728685475_1537414471373207_8869743221954442296_n.jpg","width":1152,"height":1440},{"@type":"BreadcrumbList","@id":"https:\/\/pagina10.com\/web\/gobierno-termina-el-proceso-de-paz-con-comuneros-del-sur-y-narino-queda-sin-sus-dos-principales-mesas-territoriales\/#breadcrumb","itemListElement":[{"@type":"ListItem","position":1,"name":"Portada","item":"https:\/\/pagina10.com\/web\/"},{"@type":"ListItem","position":2,"name":"Gobierno termina el proceso de paz con Comuneros del Sur y Nari\u00f1o queda sin sus dos principales mesas territoriales"}]},{"@type":"WebSite","@id":"https:\/\/pagina10.com\/web\/#website","url":"https:\/\/pagina10.com\/web\/","name":"P\u00e1gina10","description":"Peri\u00f3dico Regional","publisher":{"@id":"https:\/\/pagina10.com\/web\/#organization"},"alternateName":"P\u00e1gina10 Peri\u00f3dico Regional","potentialAction":[{"@type":"SearchAction","target":{"@type":"EntryPoint","urlTemplate":"https:\/\/pagina10.com\/web\/?s={search_term_string}"},"query-input":{"@type":"PropertyValueSpecification","valueRequired":true,"valueName":"search_term_string"}}],"inLanguage":"es"},{"@type":"Organization","@id":"https:\/\/pagina10.com\/web\/#organization","name":"P\u00e1gina10","alternateName":"P\u00e1gina10 Peri\u00f3dico Regional","url":"https:\/\/pagina10.com\/web\/","logo":{"@type":"ImageObject","inLanguage":"es","@id":"https:\/\/pagina10.com\/web\/#\/schema\/logo\/image\/","url":"https:\/\/pagina10.com\/web\/wp-content\/uploads\/2024\/01\/40-pagina-10-periodico-regional-pasto.jpg","contentUrl":"https:\/\/pagina10.com\/web\/wp-content\/uploads\/2024\/01\/40-pagina-10-periodico-regional-pasto.jpg","width":1280,"height":720,"caption":"P\u00e1gina10"},"image":{"@id":"https:\/\/pagina10.com\/web\/#\/schema\/logo\/image\/"},"sameAs":["https:\/\/www.facebook.com\/pag10com","https:\/\/x.com\/Pag10com","https:\/\/www.instagram.com\/pagina10col\/","https:\/\/youtube.com\/channel\/pag10","https:\/\/www.tiktok.com\/@p10col"]},{"@type":"Person","@id":"https:\/\/pagina10.com\/web\/#\/schema\/person\/2efc4a090d25b667d3bc796798a3a81b","name":"P\u00e1gina 10","description":"P\u00e1gina 10 es un peri\u00f3dico regional que nace en Colombia, en el departamento de Nari\u00f1o, con un enfoque global, fundamentado en cuatro pilares esenciales: la libertad, el pluralismo, la inclusi\u00f3n y la independencia. P\u00e1gina 10 hace referencia a Nari\u00f1o como el d\u00e9cimo departamento creado en Colombia, despu\u00e9s de un proceso pol\u00edtico liderado por actores y actrices regionales con el fin de obtener la independencia y autonom\u00eda de nuestros territorios. Con la creaci\u00f3n de P\u00e1gina 10 se pretende abrir un escenario para el dialogo, la reflexi\u00f3n y el debate que se extienda a otras geograf\u00edas de Am\u00e9rica Latina y del planeta, en una apuesta por transformar colectivamente los desaf\u00edos de un mundo contempor\u00e1neo, m\u00e1s all\u00e1 de las fronteras impuestas.","url":"https:\/\/pagina10.com\/web\/author\/pdiezadmin\/"}]}},"_links":{"self":[{"href":"https:\/\/pagina10.com\/web\/wp-json\/wp\/v2\/posts\/70879216324","targetHints":{"allow":["GET"]}}],"collection":[{"href":"https:\/\/pagina10.com\/web\/wp-json\/wp\/v2\/posts"}],"about":[{"href":"https:\/\/pagina10.com\/web\/wp-json\/wp\/v2\/types\/post"}],"author":[{"embeddable":true,"href":"https:\/\/pagina10.com\/web\/wp-json\/wp\/v2\/users\/1"}],"replies":[{"embeddable":true,"href":"https:\/\/pagina10.com\/web\/wp-json\/wp\/v2\/comments?post=70879216324"}],"version-history":[{"count":1,"href":"https:\/\/pagina10.com\/web\/wp-json\/wp\/v2\/posts\/70879216324\/revisions"}],"predecessor-version":[{"id":70879216325,"href":"https:\/\/pagina10.com\/web\/wp-json\/wp\/v2\/posts\/70879216324\/revisions\/70879216325"}],"wp:featuredmedia":[{"embeddable":true,"href":"https:\/\/pagina10.com\/web\/wp-json\/wp\/v2\/media\/70879215585"}],"wp:attachment":[{"href":"https:\/\/pagina10.com\/web\/wp-json\/wp\/v2\/media?parent=70879216324"}],"wp:term":[{"taxonomy":"category","embeddable":true,"href":"https:\/\/pagina10.com\/web\/wp-json\/wp\/v2\/categories?post=70879216324"},{"taxonomy":"post_tag","embeddable":true,"href":"https:\/\/pagina10.com\/web\/wp-json\/wp\/v2\/tags?post=70879216324"}],"curies":[{"name":"wp","href":"https:\/\/api.w.org\/{rel}","templated":true}]}}