{"id":70879216329,"date":"2026-09-05T22:55:47","date_gmt":"2026-09-06T03:55:47","guid":{"rendered":"https:\/\/pagina10.com\/web\/?p=70879216329"},"modified":"2026-09-05T22:55:47","modified_gmt":"2026-09-06T03:55:47","slug":"petro-pide-un-paro-en-narino-para-defender-una-paz-que-su-propio-gobierno-dejo-inconclusa","status":"publish","type":"post","link":"https:\/\/pagina10.com\/web\/petro-pide-un-paro-en-narino-para-defender-una-paz-que-su-propio-gobierno-dejo-inconclusa\/","title":{"rendered":"Petro pide un paro en Nari\u00f1o para defender una paz que su propio gobierno dej\u00f3 inconclusa"},"content":{"rendered":"<p class=\"PDq2pG_selectionAnchorContainer\" style=\"text-align: justify;\" data-start=\"129\" data-end=\"698\"><strong data-start=\"129\" data-end=\"698\">El expresidente Gustavo Petro pas\u00f3 de pedir que los nari\u00f1enses \u201cse expresen\u201d a proponer abiertamente un paro c\u00edvico para respaldar al gobernador Luis Alfonso Escobar frente al presidente Abelardo de la Espriella. El llamado abre una paradoja: Petro reclama ahora movilizaci\u00f3n social para defender una pol\u00edtica de paz que, durante sus cuatro a\u00f1os en el poder, dej\u00f3 avances en Nari\u00f1o, pero tambi\u00e9n graves problemas de dise\u00f1o, ejecuci\u00f3n, seguridad y cumplimiento. Adem\u00e1s, introduce a Escobar en una confrontaci\u00f3n pol\u00edtica que el propio gobernador ha tratado de evitar.<\/strong><\/p>\n<p style=\"text-align: justify;\" data-start=\"700\" data-end=\"730\">Gustavo Petro dio un paso m\u00e1s. Primero pidi\u00f3 que el \u201cpueblo nari\u00f1ense se exprese\u201d despu\u00e9s de que el presidente Abelardo de la Espriella advirtiera p\u00fablicamente al gobernador Luis Alfonso Escobar que los mandatarios territoriales no pueden adelantar negociaciones por su cuenta con grupos armados.<\/p>\n<p style=\"text-align: justify;\" data-start=\"999\" data-end=\"1073\">Ahora el expresidente propone directamente un <strong data-start=\"1045\" data-end=\"1072\">\u201cparo c\u00edvico nari\u00f1ense\u201d<\/strong>.<\/p>\n<p style=\"text-align: justify;\" data-start=\"1075\" data-end=\"1246\">\u201cEn mi opini\u00f3n y propongo al pueblo de Nari\u00f1o, en apoyo a su lucha por la Paz, que el gobernador debe ser respaldado a trav\u00e9s de un paro c\u00edvico nari\u00f1ense\u201d, escribi\u00f3 Petro.<\/p>\n<p style=\"text-align: justify;\" data-start=\"1248\" data-end=\"1361\">Y agreg\u00f3 que, a su juicio, De la Espriella \u201cno amenaza a un gobernador, sino a todo un pueblo que quiere la Paz\u201d.<\/p>\n<p style=\"text-align: justify;\" data-start=\"1363\" data-end=\"1417\">La declaraci\u00f3n cambia la dimensi\u00f3n del enfrentamiento. Hasta ahora, Escobar hab\u00eda intentado mantener la controversia en el terreno institucional. Reconoci\u00f3 que la negociaci\u00f3n con organizaciones armadas corresponde exclusivamente al Gobierno Nacional, neg\u00f3 haber realizado acuerdos clandestinos e invit\u00f3 al presidente a conocer los resultados obtenidos en Nari\u00f1o.<\/p>\n<p style=\"text-align: justify;\" data-start=\"1728\" data-end=\"1776\">Petro, en cambio, lleva la discusi\u00f3n a la calle.<\/p>\n<p style=\"text-align: justify;\" data-section-id=\"2c1st4\" data-start=\"1778\" data-end=\"1831\"><strong>Una defensa que tambi\u00e9n puede dejar solo a Escobar<\/strong><\/p>\n<p style=\"text-align: justify;\" data-start=\"1833\" data-end=\"1857\">La paradoja es evidente. Mientras Escobar ha evitado confrontar directamente al presidente, Petro lo coloca en el centro de una eventual movilizaci\u00f3n contra el Gobierno Nacional. El expresidente dice respaldarlo, pero ese respaldo podr\u00eda terminar estrechando el margen pol\u00edtico del gobernador.<\/p>\n<p style=\"text-align: justify;\" data-start=\"2130\" data-end=\"2433\">Si Escobar acompa\u00f1a un paro contra De la Espriella, corre el riesgo de que su defensa de la paz territorial sea interpretada como una confrontaci\u00f3n pol\u00edtica con el nuevo Gobierno. Si se distancia de la propuesta, deber\u00e1 marcar diferencias precisamente con quien acaba de salir p\u00fablicamente a defenderlo.<\/p>\n<p style=\"text-align: justify;\" data-start=\"2435\" data-end=\"2627\">En ese sentido, <strong data-start=\"2451\" data-end=\"2626\">Petro puede estar respaldando al gobernador en el discurso, pero dej\u00e1ndolo solo frente a las consecuencias institucionales de una confrontaci\u00f3n que Escobar no ha promovido<\/strong>.<\/p>\n<p style=\"text-align: justify;\" data-start=\"2629\" data-end=\"2873\">Hasta ahora, el mandatario nari\u00f1ense ha defendido una tesis distinta: no se trata de prolongar autom\u00e1ticamente la Paz Total de Petro, sino de evaluar qu\u00e9 funcion\u00f3 en Nari\u00f1o y evitar que los avances verificables desaparezcan junto con las mesas.<\/p>\n<p style=\"text-align: justify;\" data-section-id=\"621ehm\" data-start=\"2875\" data-end=\"2935\"><strong>Petro tambi\u00e9n debe responder por cuatro a\u00f1os de Paz Total<\/strong><\/p>\n<p style=\"text-align: justify;\" data-start=\"2937\" data-end=\"3147\">El llamado a movilizarse adquiere otra dimensi\u00f3n porque proviene del presidente que tuvo durante cuatro a\u00f1os las herramientas constitucionales, presupuestales y administrativas para conducir la pol\u00edtica de paz.<\/p>\n<p style=\"text-align: justify;\" data-start=\"3149\" data-end=\"3193\">Y el balance est\u00e1 lejos de ser indiscutible.<\/p>\n<p class=\"\" style=\"text-align: justify;\" data-start=\"3195\" data-end=\"3733\">Un informe publicado al cierre de su mandato por la Fundaci\u00f3n Ideas para la Paz concluy\u00f3 que la Paz Total padeci\u00f3 problemas de dise\u00f1o institucional y jur\u00eddico y que muchas mesas alcanzaron acuerdos que tuvieron poco impacto en las zonas donde operaban los grupos armados. La FIP tambi\u00e9n encontr\u00f3 que las disputas entre organizaciones ilegales pasaron de siete en 2022 a 14 al cierre del Gobierno y que en 2025 se registraron 116 enfrentamientos entre estos grupos, la cifra anual m\u00e1s alta desde 2016.<\/p>\n<p style=\"text-align: justify;\" data-start=\"3735\" data-end=\"4137\">La organizaci\u00f3n reconoce avances puntuales, entre ellos la destrucci\u00f3n de material b\u00e9lico de Comuneros del Sur y de la CNEB y el inicio del tr\u00e1nsito a la legalidad de 99 integrantes de esta \u00faltima estructura. Pero advierte que ning\u00fan proceso culmin\u00f3 completamente en el tr\u00e1nsito a la legalidad de una organizaci\u00f3n y que persistieron vac\u00edos jur\u00eddicos fundamentales.<\/p>\n<p style=\"text-align: justify;\" data-start=\"4139\" data-end=\"4188\">Nari\u00f1o tampoco estuvo libre de esas dificultades.<\/p>\n<p style=\"text-align: justify;\" data-start=\"4190\" data-end=\"4666\"><a href=\"https:\/\/www.pares.com.co\/crisis-en-los-dialogos-regionales-de-paz-en-narino\/\">Un an\u00e1lisis<\/a> sobre la crisis de los di\u00e1logos regionales document\u00f3 problemas de financiaci\u00f3n para implementar acuerdos, desacuerdos sobre sustituci\u00f3n de cultivos de coca, fragmentaci\u00f3n dentro de la CNEB, reiteradas suspensiones de los ciclos y dificultades de la estructura para controlar a todas sus unidades. El proceso lleg\u00f3 adem\u00e1s a momentos cr\u00edticos despu\u00e9s de hechos violentos atribuidos a estructuras vinculadas con esa organizaci\u00f3n.<\/p>\n<p style=\"text-align: justify;\" data-start=\"4668\" data-end=\"4789\">Es decir, <strong data-start=\"4678\" data-end=\"4788\">defender los logros alcanzados en Nari\u00f1o no obliga a desconocer los errores de la pol\u00edtica que los produjo<\/strong>.<\/p>\n<p style=\"text-align: justify;\" data-start=\"4949\" data-end=\"5353\">Hubo destrucci\u00f3n de armas y explosivos, avances de concentraci\u00f3n de combatientes y reducciones en algunos indicadores de violencia. La propia FIP reconoce que los homicidios disminuyeron en Nari\u00f1o y Putumayo, aunque advierte que esa reducci\u00f3n coexisti\u00f3 con una mayor gobernanza de actores armados y que no puede atribuirse autom\u00e1ticamente a las mesas de negociaci\u00f3n.<\/p>\n<p style=\"text-align: justify;\" data-start=\"5355\" data-end=\"5464\">Precisamente ah\u00ed deber\u00eda concentrarse el debate p\u00fablico: <strong data-start=\"5412\" data-end=\"5463\">qu\u00e9 funcion\u00f3, qu\u00e9 fracas\u00f3 y qu\u00e9 debe mantenerse<\/strong>.<\/p>\n<p style=\"text-align: justify;\" data-start=\"5466\" data-end=\"5561\">El problema del mensaje de Petro es que sustituye esa evaluaci\u00f3n por una convocatoria pol\u00edtica.<\/p>\n<p style=\"text-align: justify;\" data-start=\"5563\" data-end=\"5942\">Despu\u00e9s de cuatro a\u00f1os en los que su Gobierno tuvo la responsabilidad de resolver vac\u00edos jur\u00eddicos, financiar adecuadamente la implementaci\u00f3n, exigir mecanismos efectivos de verificaci\u00f3n y garantizar que los grupos negociadores cumplieran sus compromisos, el expresidente propone ahora que sean los nari\u00f1enses quienes salgan a las calles para impedir el desmonte de esa pol\u00edtica.<\/p>\n<p style=\"text-align: justify;\" data-section-id=\"1fmurp3\" data-start=\"5944\" data-end=\"5993\"><strong>Escobar necesita preservar una posici\u00f3n propia<\/strong><\/p>\n<p style=\"text-align: justify;\" data-start=\"5995\" data-end=\"6058\">El gobernador enfrenta entonces una decisi\u00f3n pol\u00edtica delicada. Su mayor fortaleza hasta ahora ha sido no presentarse como defensor incondicional de Petro ni como adversario de De la Espriella.<\/p>\n<p style=\"text-align: justify;\" data-start=\"6191\" data-end=\"6273\">Su argumento ha sido territorial: <strong data-start=\"6225\" data-end=\"6272\">Nari\u00f1o debe ser evaluado por sus resultados<\/strong>.<\/p>\n<p style=\"text-align: justify;\" data-start=\"6275\" data-end=\"6315\">Y probablemente all\u00ed deber\u00eda mantenerse. Seguridad y paz no tendr\u00edan que ser conceptos incompatibles.<\/p>\n<p style=\"text-align: justify;\" data-start=\"6517\" data-end=\"6820\">La protecci\u00f3n de la vida exige Fuerza P\u00fablica con capacidad de control territorial, pero tambi\u00e9n justicia, sustituci\u00f3n sostenible de econom\u00edas ilegales, inversi\u00f3n social, protecci\u00f3n de comunidades y mecanismos serios para que quienes realmente abandonen las armas puedan hacerlo dentro de reglas claras.<\/p>\n<p style=\"text-align: justify;\" data-start=\"6822\" data-end=\"6907\">Petro tiene derecho a defender su legado y a cuestionar las decisiones de su sucesor.<\/p>\n<p style=\"text-align: justify;\" data-start=\"6909\" data-end=\"7098\">Pero tambi\u00e9n carga con la responsabilidad de explicar por qu\u00e9, despu\u00e9s de cuatro a\u00f1os, dej\u00f3 procesos inconclusos, grupos fragmentados, vac\u00edos jur\u00eddicos y compromisos dif\u00edciles de financiar.<\/p>\n<p style=\"text-align: justify;\" data-start=\"7100\" data-end=\"7201\">Y antes de convocar un paro c\u00edvico alrededor del gobernador de Nari\u00f1o, queda una pregunta inevitable:<\/p>\n<p style=\"text-align: justify;\" data-start=\"7203\" data-end=\"7436\" data-is-last-node=\"\" data-is-only-node=\"\"><strong data-start=\"7203\" data-end=\"7436\" data-is-last-node=\"\">\u00bfest\u00e1 Petro ayudando a Luis Alfonso Escobar a defender los resultados de la paz territorial o est\u00e1 convirtiendo al gobernador en protagonista de una confrontaci\u00f3n nacional que \u00e9l, hasta ahora, ha tratado cuidadosamente de evitar?<\/strong><\/p>\n","protected":false},"excerpt":{"rendered":"<p>El expresidente Gustavo Petro pas\u00f3 de pedir que los nari\u00f1enses \u201cse expresen\u201d a proponer abiertamente un paro c\u00edvico para respaldar al gobernador Luis Alfonso Escobar frente al presidente Abelardo de la Espriella. El llamado abre una paradoja: Petro reclama ahora movilizaci\u00f3n social para defender una pol\u00edtica de paz que, durante sus cuatro a\u00f1os en el [&hellip;]<\/p>\n","protected":false},"author":1,"featured_media":70879202693,"comment_status":"open","ping_status":"open","sticky":false,"template":"","format":"standard","meta":{"footnotes":""},"categories":[14],"tags":[],"class_list":["post-70879216329","post","type-post","status-publish","format-standard","has-post-thumbnail","hentry","category-narino-actual"],"yoast_head":"<!-- This site is optimized with the Yoast SEO plugin v27.1.1 - https:\/\/yoast.com\/product\/yoast-seo-wordpress\/ -->\n<title>Petro pide un paro en Nari\u00f1o para defender una paz que su propio gobierno dej\u00f3 inconclusa | P\u00e1gina10<\/title>\n<meta name=\"robots\" content=\"index, follow, max-snippet:-1, max-image-preview:large, max-video-preview:-1\" \/>\n<link rel=\"canonical\" href=\"https:\/\/pagina10.com\/web\/petro-pide-un-paro-en-narino-para-defender-una-paz-que-su-propio-gobierno-dejo-inconclusa\/\" \/>\n<meta property=\"og:locale\" content=\"es_ES\" \/>\n<meta property=\"og:type\" content=\"article\" \/>\n<meta property=\"og:title\" content=\"Petro pide un paro en Nari\u00f1o para defender una paz que su propio gobierno dej\u00f3 inconclusa | P\u00e1gina10\" \/>\n<meta property=\"og:description\" content=\"El expresidente Gustavo Petro pas\u00f3 de pedir que los nari\u00f1enses \u201cse expresen\u201d a proponer abiertamente un paro c\u00edvico para respaldar al gobernador Luis Alfonso Escobar frente al presidente Abelardo de la Espriella. El llamado abre una paradoja: Petro reclama ahora movilizaci\u00f3n social para defender una pol\u00edtica de paz que, durante sus cuatro a\u00f1os en el [&hellip;]\" \/>\n<meta property=\"og:url\" content=\"https:\/\/pagina10.com\/web\/petro-pide-un-paro-en-narino-para-defender-una-paz-que-su-propio-gobierno-dejo-inconclusa\/\" \/>\n<meta property=\"og:site_name\" content=\"P\u00e1gina10\" \/>\n<meta property=\"article:publisher\" content=\"https:\/\/www.facebook.com\/pag10com\" \/>\n<meta property=\"article:published_time\" content=\"2026-09-06T03:55:47+00:00\" \/>\n<meta property=\"og:image\" content=\"https:\/\/pagina10.com\/web\/wp-content\/uploads\/2024\/02\/240201-Presidente-Gustavo-Petro-es-nominado-al-premio-Nobel-de-Paz-1280.jpg\" \/>\n\t<meta property=\"og:image:width\" content=\"1280\" \/>\n\t<meta property=\"og:image:height\" content=\"720\" \/>\n\t<meta property=\"og:image:type\" content=\"image\/jpeg\" \/>\n<meta name=\"author\" content=\"P\u00e1gina 10\" \/>\n<meta name=\"twitter:card\" content=\"summary_large_image\" \/>\n<meta name=\"twitter:creator\" content=\"@Pag10com\" \/>\n<meta name=\"twitter:site\" content=\"@Pag10com\" \/>\n<meta name=\"twitter:label1\" content=\"Escrito por\" \/>\n\t<meta name=\"twitter:data1\" content=\"P\u00e1gina 10\" \/>\n\t<meta name=\"twitter:label2\" content=\"Tiempo de lectura\" \/>\n\t<meta name=\"twitter:data2\" content=\"5 minutos\" \/>\n<script type=\"application\/ld+json\" class=\"yoast-schema-graph\">{\"@context\":\"https:\/\/schema.org\",\"@graph\":[{\"@type\":\"Article\",\"@id\":\"https:\/\/pagina10.com\/web\/petro-pide-un-paro-en-narino-para-defender-una-paz-que-su-propio-gobierno-dejo-inconclusa\/#article\",\"isPartOf\":{\"@id\":\"https:\/\/pagina10.com\/web\/petro-pide-un-paro-en-narino-para-defender-una-paz-que-su-propio-gobierno-dejo-inconclusa\/\"},\"author\":{\"name\":\"P\u00e1gina 10\",\"@id\":\"https:\/\/pagina10.com\/web\/#\/schema\/person\/2efc4a090d25b667d3bc796798a3a81b\"},\"headline\":\"Petro pide un paro en Nari\u00f1o para defender una paz que su propio gobierno dej\u00f3 inconclusa\",\"datePublished\":\"2026-09-06T03:55:47+00:00\",\"mainEntityOfPage\":{\"@id\":\"https:\/\/pagina10.com\/web\/petro-pide-un-paro-en-narino-para-defender-una-paz-que-su-propio-gobierno-dejo-inconclusa\/\"},\"wordCount\":1148,\"commentCount\":0,\"publisher\":{\"@id\":\"https:\/\/pagina10.com\/web\/#organization\"},\"image\":{\"@id\":\"https:\/\/pagina10.com\/web\/petro-pide-un-paro-en-narino-para-defender-una-paz-que-su-propio-gobierno-dejo-inconclusa\/#primaryimage\"},\"thumbnailUrl\":\"https:\/\/pagina10.com\/web\/wp-content\/uploads\/2024\/02\/240201-Presidente-Gustavo-Petro-es-nominado-al-premio-Nobel-de-Paz-1280.jpg\",\"articleSection\":[\"Nari\u00f1o Actual\"],\"inLanguage\":\"es\",\"potentialAction\":[{\"@type\":\"CommentAction\",\"name\":\"Comment\",\"target\":[\"https:\/\/pagina10.com\/web\/petro-pide-un-paro-en-narino-para-defender-una-paz-que-su-propio-gobierno-dejo-inconclusa\/#respond\"]}]},{\"@type\":\"WebPage\",\"@id\":\"https:\/\/pagina10.com\/web\/petro-pide-un-paro-en-narino-para-defender-una-paz-que-su-propio-gobierno-dejo-inconclusa\/\",\"url\":\"https:\/\/pagina10.com\/web\/petro-pide-un-paro-en-narino-para-defender-una-paz-que-su-propio-gobierno-dejo-inconclusa\/\",\"name\":\"Petro pide un paro en Nari\u00f1o para defender una paz que su propio gobierno dej\u00f3 inconclusa | P\u00e1gina10\",\"isPartOf\":{\"@id\":\"https:\/\/pagina10.com\/web\/#website\"},\"primaryImageOfPage\":{\"@id\":\"https:\/\/pagina10.com\/web\/petro-pide-un-paro-en-narino-para-defender-una-paz-que-su-propio-gobierno-dejo-inconclusa\/#primaryimage\"},\"image\":{\"@id\":\"https:\/\/pagina10.com\/web\/petro-pide-un-paro-en-narino-para-defender-una-paz-que-su-propio-gobierno-dejo-inconclusa\/#primaryimage\"},\"thumbnailUrl\":\"https:\/\/pagina10.com\/web\/wp-content\/uploads\/2024\/02\/240201-Presidente-Gustavo-Petro-es-nominado-al-premio-Nobel-de-Paz-1280.jpg\",\"datePublished\":\"2026-09-06T03:55:47+00:00\",\"breadcrumb\":{\"@id\":\"https:\/\/pagina10.com\/web\/petro-pide-un-paro-en-narino-para-defender-una-paz-que-su-propio-gobierno-dejo-inconclusa\/#breadcrumb\"},\"inLanguage\":\"es\",\"potentialAction\":[{\"@type\":\"ReadAction\",\"target\":[\"https:\/\/pagina10.com\/web\/petro-pide-un-paro-en-narino-para-defender-una-paz-que-su-propio-gobierno-dejo-inconclusa\/\"]}]},{\"@type\":\"ImageObject\",\"inLanguage\":\"es\",\"@id\":\"https:\/\/pagina10.com\/web\/petro-pide-un-paro-en-narino-para-defender-una-paz-que-su-propio-gobierno-dejo-inconclusa\/#primaryimage\",\"url\":\"https:\/\/pagina10.com\/web\/wp-content\/uploads\/2024\/02\/240201-Presidente-Gustavo-Petro-es-nominado-al-premio-Nobel-de-Paz-1280.jpg\",\"contentUrl\":\"https:\/\/pagina10.com\/web\/wp-content\/uploads\/2024\/02\/240201-Presidente-Gustavo-Petro-es-nominado-al-premio-Nobel-de-Paz-1280.jpg\",\"width\":1280,\"height\":720},{\"@type\":\"BreadcrumbList\",\"@id\":\"https:\/\/pagina10.com\/web\/petro-pide-un-paro-en-narino-para-defender-una-paz-que-su-propio-gobierno-dejo-inconclusa\/#breadcrumb\",\"itemListElement\":[{\"@type\":\"ListItem\",\"position\":1,\"name\":\"Portada\",\"item\":\"https:\/\/pagina10.com\/web\/\"},{\"@type\":\"ListItem\",\"position\":2,\"name\":\"Petro pide un paro en Nari\u00f1o para defender una paz que su propio gobierno dej\u00f3 inconclusa\"}]},{\"@type\":\"WebSite\",\"@id\":\"https:\/\/pagina10.com\/web\/#website\",\"url\":\"https:\/\/pagina10.com\/web\/\",\"name\":\"P\u00e1gina10\",\"description\":\"Peri\u00f3dico Regional\",\"publisher\":{\"@id\":\"https:\/\/pagina10.com\/web\/#organization\"},\"alternateName\":\"P\u00e1gina10 Peri\u00f3dico Regional\",\"potentialAction\":[{\"@type\":\"SearchAction\",\"target\":{\"@type\":\"EntryPoint\",\"urlTemplate\":\"https:\/\/pagina10.com\/web\/?s={search_term_string}\"},\"query-input\":{\"@type\":\"PropertyValueSpecification\",\"valueRequired\":true,\"valueName\":\"search_term_string\"}}],\"inLanguage\":\"es\"},{\"@type\":\"Organization\",\"@id\":\"https:\/\/pagina10.com\/web\/#organization\",\"name\":\"P\u00e1gina10\",\"alternateName\":\"P\u00e1gina10 Peri\u00f3dico Regional\",\"url\":\"https:\/\/pagina10.com\/web\/\",\"logo\":{\"@type\":\"ImageObject\",\"inLanguage\":\"es\",\"@id\":\"https:\/\/pagina10.com\/web\/#\/schema\/logo\/image\/\",\"url\":\"https:\/\/pagina10.com\/web\/wp-content\/uploads\/2024\/01\/40-pagina-10-periodico-regional-pasto.jpg\",\"contentUrl\":\"https:\/\/pagina10.com\/web\/wp-content\/uploads\/2024\/01\/40-pagina-10-periodico-regional-pasto.jpg\",\"width\":1280,\"height\":720,\"caption\":\"P\u00e1gina10\"},\"image\":{\"@id\":\"https:\/\/pagina10.com\/web\/#\/schema\/logo\/image\/\"},\"sameAs\":[\"https:\/\/www.facebook.com\/pag10com\",\"https:\/\/x.com\/Pag10com\",\"https:\/\/www.instagram.com\/pagina10col\/\",\"https:\/\/youtube.com\/channel\/pag10\",\"https:\/\/www.tiktok.com\/@p10col\"]},{\"@type\":\"Person\",\"@id\":\"https:\/\/pagina10.com\/web\/#\/schema\/person\/2efc4a090d25b667d3bc796798a3a81b\",\"name\":\"P\u00e1gina 10\",\"description\":\"P\u00e1gina 10 es un peri\u00f3dico regional que nace en Colombia, en el departamento de Nari\u00f1o, con un enfoque global, fundamentado en cuatro pilares esenciales: la libertad, el pluralismo, la inclusi\u00f3n y la independencia. P\u00e1gina 10 hace referencia a Nari\u00f1o como el d\u00e9cimo departamento creado en Colombia, despu\u00e9s de un proceso pol\u00edtico liderado por actores y actrices regionales con el fin de obtener la independencia y autonom\u00eda de nuestros territorios. Con la creaci\u00f3n de P\u00e1gina 10 se pretende abrir un escenario para el dialogo, la reflexi\u00f3n y el debate que se extienda a otras geograf\u00edas de Am\u00e9rica Latina y del planeta, en una apuesta por transformar colectivamente los desaf\u00edos de un mundo contempor\u00e1neo, m\u00e1s all\u00e1 de las fronteras impuestas.\",\"url\":\"https:\/\/pagina10.com\/web\/author\/pdiezadmin\/\"}]}<\/script>\n<!-- \/ Yoast SEO plugin. -->","yoast_head_json":{"title":"Petro pide un paro en Nari\u00f1o para defender una paz que su propio gobierno dej\u00f3 inconclusa | P\u00e1gina10","robots":{"index":"index","follow":"follow","max-snippet":"max-snippet:-1","max-image-preview":"max-image-preview:large","max-video-preview":"max-video-preview:-1"},"canonical":"https:\/\/pagina10.com\/web\/petro-pide-un-paro-en-narino-para-defender-una-paz-que-su-propio-gobierno-dejo-inconclusa\/","og_locale":"es_ES","og_type":"article","og_title":"Petro pide un paro en Nari\u00f1o para defender una paz que su propio gobierno dej\u00f3 inconclusa | P\u00e1gina10","og_description":"El expresidente Gustavo Petro pas\u00f3 de pedir que los nari\u00f1enses \u201cse expresen\u201d a proponer abiertamente un paro c\u00edvico para respaldar al gobernador Luis Alfonso Escobar frente al presidente Abelardo de la Espriella. El llamado abre una paradoja: Petro reclama ahora movilizaci\u00f3n social para defender una pol\u00edtica de paz que, durante sus cuatro a\u00f1os en el [&hellip;]","og_url":"https:\/\/pagina10.com\/web\/petro-pide-un-paro-en-narino-para-defender-una-paz-que-su-propio-gobierno-dejo-inconclusa\/","og_site_name":"P\u00e1gina10","article_publisher":"https:\/\/www.facebook.com\/pag10com","article_published_time":"2026-09-06T03:55:47+00:00","og_image":[{"width":1280,"height":720,"url":"https:\/\/pagina10.com\/web\/wp-content\/uploads\/2024\/02\/240201-Presidente-Gustavo-Petro-es-nominado-al-premio-Nobel-de-Paz-1280.jpg","type":"image\/jpeg"}],"author":"P\u00e1gina 10","twitter_card":"summary_large_image","twitter_creator":"@Pag10com","twitter_site":"@Pag10com","twitter_misc":{"Escrito por":"P\u00e1gina 10","Tiempo de lectura":"5 minutos"},"schema":{"@context":"https:\/\/schema.org","@graph":[{"@type":"Article","@id":"https:\/\/pagina10.com\/web\/petro-pide-un-paro-en-narino-para-defender-una-paz-que-su-propio-gobierno-dejo-inconclusa\/#article","isPartOf":{"@id":"https:\/\/pagina10.com\/web\/petro-pide-un-paro-en-narino-para-defender-una-paz-que-su-propio-gobierno-dejo-inconclusa\/"},"author":{"name":"P\u00e1gina 10","@id":"https:\/\/pagina10.com\/web\/#\/schema\/person\/2efc4a090d25b667d3bc796798a3a81b"},"headline":"Petro pide un paro en Nari\u00f1o para defender una paz que su propio gobierno dej\u00f3 inconclusa","datePublished":"2026-09-06T03:55:47+00:00","mainEntityOfPage":{"@id":"https:\/\/pagina10.com\/web\/petro-pide-un-paro-en-narino-para-defender-una-paz-que-su-propio-gobierno-dejo-inconclusa\/"},"wordCount":1148,"commentCount":0,"publisher":{"@id":"https:\/\/pagina10.com\/web\/#organization"},"image":{"@id":"https:\/\/pagina10.com\/web\/petro-pide-un-paro-en-narino-para-defender-una-paz-que-su-propio-gobierno-dejo-inconclusa\/#primaryimage"},"thumbnailUrl":"https:\/\/pagina10.com\/web\/wp-content\/uploads\/2024\/02\/240201-Presidente-Gustavo-Petro-es-nominado-al-premio-Nobel-de-Paz-1280.jpg","articleSection":["Nari\u00f1o Actual"],"inLanguage":"es","potentialAction":[{"@type":"CommentAction","name":"Comment","target":["https:\/\/pagina10.com\/web\/petro-pide-un-paro-en-narino-para-defender-una-paz-que-su-propio-gobierno-dejo-inconclusa\/#respond"]}]},{"@type":"WebPage","@id":"https:\/\/pagina10.com\/web\/petro-pide-un-paro-en-narino-para-defender-una-paz-que-su-propio-gobierno-dejo-inconclusa\/","url":"https:\/\/pagina10.com\/web\/petro-pide-un-paro-en-narino-para-defender-una-paz-que-su-propio-gobierno-dejo-inconclusa\/","name":"Petro pide un paro en Nari\u00f1o para defender una paz que su propio gobierno dej\u00f3 inconclusa | P\u00e1gina10","isPartOf":{"@id":"https:\/\/pagina10.com\/web\/#website"},"primaryImageOfPage":{"@id":"https:\/\/pagina10.com\/web\/petro-pide-un-paro-en-narino-para-defender-una-paz-que-su-propio-gobierno-dejo-inconclusa\/#primaryimage"},"image":{"@id":"https:\/\/pagina10.com\/web\/petro-pide-un-paro-en-narino-para-defender-una-paz-que-su-propio-gobierno-dejo-inconclusa\/#primaryimage"},"thumbnailUrl":"https:\/\/pagina10.com\/web\/wp-content\/uploads\/2024\/02\/240201-Presidente-Gustavo-Petro-es-nominado-al-premio-Nobel-de-Paz-1280.jpg","datePublished":"2026-09-06T03:55:47+00:00","breadcrumb":{"@id":"https:\/\/pagina10.com\/web\/petro-pide-un-paro-en-narino-para-defender-una-paz-que-su-propio-gobierno-dejo-inconclusa\/#breadcrumb"},"inLanguage":"es","potentialAction":[{"@type":"ReadAction","target":["https:\/\/pagina10.com\/web\/petro-pide-un-paro-en-narino-para-defender-una-paz-que-su-propio-gobierno-dejo-inconclusa\/"]}]},{"@type":"ImageObject","inLanguage":"es","@id":"https:\/\/pagina10.com\/web\/petro-pide-un-paro-en-narino-para-defender-una-paz-que-su-propio-gobierno-dejo-inconclusa\/#primaryimage","url":"https:\/\/pagina10.com\/web\/wp-content\/uploads\/2024\/02\/240201-Presidente-Gustavo-Petro-es-nominado-al-premio-Nobel-de-Paz-1280.jpg","contentUrl":"https:\/\/pagina10.com\/web\/wp-content\/uploads\/2024\/02\/240201-Presidente-Gustavo-Petro-es-nominado-al-premio-Nobel-de-Paz-1280.jpg","width":1280,"height":720},{"@type":"BreadcrumbList","@id":"https:\/\/pagina10.com\/web\/petro-pide-un-paro-en-narino-para-defender-una-paz-que-su-propio-gobierno-dejo-inconclusa\/#breadcrumb","itemListElement":[{"@type":"ListItem","position":1,"name":"Portada","item":"https:\/\/pagina10.com\/web\/"},{"@type":"ListItem","position":2,"name":"Petro pide un paro en Nari\u00f1o para defender una paz que su propio gobierno dej\u00f3 inconclusa"}]},{"@type":"WebSite","@id":"https:\/\/pagina10.com\/web\/#website","url":"https:\/\/pagina10.com\/web\/","name":"P\u00e1gina10","description":"Peri\u00f3dico Regional","publisher":{"@id":"https:\/\/pagina10.com\/web\/#organization"},"alternateName":"P\u00e1gina10 Peri\u00f3dico Regional","potentialAction":[{"@type":"SearchAction","target":{"@type":"EntryPoint","urlTemplate":"https:\/\/pagina10.com\/web\/?s={search_term_string}"},"query-input":{"@type":"PropertyValueSpecification","valueRequired":true,"valueName":"search_term_string"}}],"inLanguage":"es"},{"@type":"Organization","@id":"https:\/\/pagina10.com\/web\/#organization","name":"P\u00e1gina10","alternateName":"P\u00e1gina10 Peri\u00f3dico Regional","url":"https:\/\/pagina10.com\/web\/","logo":{"@type":"ImageObject","inLanguage":"es","@id":"https:\/\/pagina10.com\/web\/#\/schema\/logo\/image\/","url":"https:\/\/pagina10.com\/web\/wp-content\/uploads\/2024\/01\/40-pagina-10-periodico-regional-pasto.jpg","contentUrl":"https:\/\/pagina10.com\/web\/wp-content\/uploads\/2024\/01\/40-pagina-10-periodico-regional-pasto.jpg","width":1280,"height":720,"caption":"P\u00e1gina10"},"image":{"@id":"https:\/\/pagina10.com\/web\/#\/schema\/logo\/image\/"},"sameAs":["https:\/\/www.facebook.com\/pag10com","https:\/\/x.com\/Pag10com","https:\/\/www.instagram.com\/pagina10col\/","https:\/\/youtube.com\/channel\/pag10","https:\/\/www.tiktok.com\/@p10col"]},{"@type":"Person","@id":"https:\/\/pagina10.com\/web\/#\/schema\/person\/2efc4a090d25b667d3bc796798a3a81b","name":"P\u00e1gina 10","description":"P\u00e1gina 10 es un peri\u00f3dico regional que nace en Colombia, en el departamento de Nari\u00f1o, con un enfoque global, fundamentado en cuatro pilares esenciales: la libertad, el pluralismo, la inclusi\u00f3n y la independencia. P\u00e1gina 10 hace referencia a Nari\u00f1o como el d\u00e9cimo departamento creado en Colombia, despu\u00e9s de un proceso pol\u00edtico liderado por actores y actrices regionales con el fin de obtener la independencia y autonom\u00eda de nuestros territorios. Con la creaci\u00f3n de P\u00e1gina 10 se pretende abrir un escenario para el dialogo, la reflexi\u00f3n y el debate que se extienda a otras geograf\u00edas de Am\u00e9rica Latina y del planeta, en una apuesta por transformar colectivamente los desaf\u00edos de un mundo contempor\u00e1neo, m\u00e1s all\u00e1 de las fronteras impuestas.","url":"https:\/\/pagina10.com\/web\/author\/pdiezadmin\/"}]}},"_links":{"self":[{"href":"https:\/\/pagina10.com\/web\/wp-json\/wp\/v2\/posts\/70879216329","targetHints":{"allow":["GET"]}}],"collection":[{"href":"https:\/\/pagina10.com\/web\/wp-json\/wp\/v2\/posts"}],"about":[{"href":"https:\/\/pagina10.com\/web\/wp-json\/wp\/v2\/types\/post"}],"author":[{"embeddable":true,"href":"https:\/\/pagina10.com\/web\/wp-json\/wp\/v2\/users\/1"}],"replies":[{"embeddable":true,"href":"https:\/\/pagina10.com\/web\/wp-json\/wp\/v2\/comments?post=70879216329"}],"version-history":[{"count":1,"href":"https:\/\/pagina10.com\/web\/wp-json\/wp\/v2\/posts\/70879216329\/revisions"}],"predecessor-version":[{"id":70879216330,"href":"https:\/\/pagina10.com\/web\/wp-json\/wp\/v2\/posts\/70879216329\/revisions\/70879216330"}],"wp:featuredmedia":[{"embeddable":true,"href":"https:\/\/pagina10.com\/web\/wp-json\/wp\/v2\/media\/70879202693"}],"wp:attachment":[{"href":"https:\/\/pagina10.com\/web\/wp-json\/wp\/v2\/media?parent=70879216329"}],"wp:term":[{"taxonomy":"category","embeddable":true,"href":"https:\/\/pagina10.com\/web\/wp-json\/wp\/v2\/categories?post=70879216329"},{"taxonomy":"post_tag","embeddable":true,"href":"https:\/\/pagina10.com\/web\/wp-json\/wp\/v2\/tags?post=70879216329"}],"curies":[{"name":"wp","href":"https:\/\/api.w.org\/{rel}","templated":true}]}}