{"id":70879216333,"date":"2026-09-05T23:13:39","date_gmt":"2026-09-06T04:13:39","guid":{"rendered":"https:\/\/pagina10.com\/web\/?p=70879216333"},"modified":"2026-09-05T23:13:39","modified_gmt":"2026-09-06T04:13:39","slug":"narino-tambien-se-lee-una-biblioteca-que-ensena-a-descubrir-el-territorio-mas-alla-de-los-libros","status":"publish","type":"post","link":"https:\/\/pagina10.com\/web\/narino-tambien-se-lee-una-biblioteca-que-ensena-a-descubrir-el-territorio-mas-alla-de-los-libros\/","title":{"rendered":"Nari\u00f1o tambi\u00e9n se lee: una biblioteca que ense\u00f1a a descubrir el territorio m\u00e1s all\u00e1 de los libros"},"content":{"rendered":"<p style=\"text-align: justify;\">\u00bfQui\u00e9n nos ense\u00f1\u00f3 a leer las flores? \u00bfC\u00f3mo sabe un campesino cu\u00e1ndo debe sembrar? \u00bfSe puede leer el estado de \u00e1nimo de otra persona? \u00bfQu\u00e9 historias guarda un ojo de agua?<\/p>\n<p style=\"text-align: justify;\">Estas preguntas hacen parte de una manera diferente de entender la lectura que se viene promoviendo desde la Biblioteca P\u00fablica de Comfamiliar de Nari\u00f1o en los Barrios Surorientales de Pasto.<\/p>\n<p style=\"text-align: justify;\">Para <strong>Nataly C\u00e1ceres, funcionaria de Comfamiliar<\/strong>, una biblioteca no deber\u00eda limitarse a ense\u00f1ar a interpretar los s\u00edmbolos contenidos en un libro. Tambi\u00e9n debe ayudar a las personas a <strong>\u201caprender a leer el mundo\u201d<\/strong>.<\/p>\n<p style=\"text-align: justify;\">\u201cLas lecturas del contexto son importantes, no solamente el libro como tal\u201d, explica.<\/p>\n<h3 style=\"text-align: justify;\">Leer una flor, el clima y al otro<\/h3>\n<p style=\"text-align: justify;\">La propuesta adquiere especial significado en un departamento como Nari\u00f1o, donde numerosos conocimientos han sido transmitidos mediante la oralidad y la experiencia.<\/p>\n<p style=\"text-align: justify;\">Nataly pone un ejemplo sencillo. Con los ni\u00f1os se puede hablar sobre las flores y preguntarles qui\u00e9n les ense\u00f1\u00f3 a interpretarlas, para qu\u00e9 sirven o qu\u00e9 puede significar encontrar determinadas flores en un territorio fr\u00edo.<\/p>\n<p style=\"text-align: justify;\">Lo mismo sucede con el clima.<\/p>\n<p style=\"text-align: justify;\">Existen personas que, sin consultar necesariamente un texto, saben interpretar cu\u00e1ndo sembrar y cu\u00e1ndo cosechar.<\/p>\n<p style=\"text-align: justify;\">Tambi\u00e9n podemos aprender a \u201cleer\u201d a otra persona: reconocer si un compa\u00f1ero est\u00e1 triste, alegre o necesita ayuda.<\/p>\n<p style=\"text-align: justify;\">Son saberes que hacen parte de la vida y que permiten ampliar la concepci\u00f3n tradicional de lectura, escritura y oralidad.<\/p>\n<p style=\"text-align: justify;\"><strong>Nari\u00f1o escrito por nari\u00f1enses<\/strong><\/p>\n<p style=\"text-align: justify;\">Esta filosof\u00eda se complementa con el <strong>Rinc\u00f3n Nari\u00f1ense<\/strong>, una colecci\u00f3n que busca acercar a los usuarios a escritores, investigadores y creadores del departamento.<\/p>\n<p style=\"text-align: justify;\">Literatura, historia, mitolog\u00eda, leyendas, cuentos infantiles, l\u00e9xico pastuso, Carnaval y hasta publicaciones relacionadas con el Deportivo Pasto hacen parte de un esfuerzo por fortalecer el conocimiento de la regi\u00f3n.<\/p>\n<p style=\"text-align: justify;\">Pero la identidad tambi\u00e9n se construye mediante encuentros.<\/p>\n<p style=\"text-align: justify;\">En la biblioteca se realizan conversatorios, presentaciones y actividades con escritores regionales. Existe adem\u00e1s un club de lectura que trabaja especialmente con autores y autoras nari\u00f1enses.<\/p>\n<p style=\"text-align: justify;\">El mensaje detr\u00e1s de estas iniciativas es claro: para conocer el mundo no es necesario dejar de mirar lo propio.<\/p>\n<p style=\"text-align: justify;\"><strong>Los abuelos tambi\u00e9n son bibliotecas<\/strong><\/p>\n<p style=\"text-align: justify;\">Uno de los mayores repositorios de memoria de la Comuna 4 no se encuentra en los estantes.<\/p>\n<p style=\"text-align: justify;\">Est\u00e1 en sus habitantes.<\/p>\n<p style=\"text-align: justify;\">En los encuentros con adultos mayores comienzan a aparecer historias sobre c\u00f3mo era anteriormente este sector de Pasto.<\/p>\n<p style=\"text-align: justify;\">Recuerdan las ladrilleras, los aljibes, la llegada del agua, las familias que habitaron determinados lugares, los caballos y las transformaciones que experimentaron los barrios.<\/p>\n<p style=\"text-align: justify;\">El desaf\u00edo consiste en evitar que esos relatos desaparezcan.<\/p>\n<p style=\"text-align: justify;\">Por eso desde la biblioteca no solamente se promueve que los adultos mayores hablen. Tambi\u00e9n se busca que escriban sus memorias.<\/p>\n<p style=\"text-align: justify;\">El proceso ha avanzado hasta la construcci\u00f3n de un guion para una lectura dram\u00e1tica relacionada con la memoria del barrio y con otra pregunta: <strong>\u00bfqu\u00e9 significa envejecer?<\/strong><\/p>\n<p style=\"text-align: justify;\"><strong>La biblioteca sali\u00f3 a buscar a las lavanderas<\/strong><\/p>\n<p style=\"text-align: justify;\">Quiz\u00e1 una de las experiencias que mejor resume esta filosof\u00eda ocurri\u00f3 fuera de las instalaciones.<\/p>\n<p style=\"text-align: justify;\">Muy cerca de la biblioteca existe un ojo de agua donde trabajan mujeres dedicadas al lavado de ropa.<\/p>\n<p style=\"text-align: justify;\">El equipo decidi\u00f3 llevarles literatura.<\/p>\n<p style=\"text-align: justify;\">El acercamiento fue progresivo.<\/p>\n<p style=\"text-align: justify;\">\u201cAl principio les le\u00edamos desde ac\u00e1, luego fuimos ac\u00e1 y luego nos fuimos acercando\u201d, recuerda Nataly.<\/p>\n<p style=\"text-align: justify;\">No pod\u00edan llegar con textos extensos. Las mujeres estaban trabajando y sus jornadas pod\u00edan prolongarse durante horas.<\/p>\n<p style=\"text-align: justify;\">Por eso realizaron una selecci\u00f3n de microrrelatos alrededor del agua, el viento, la naturaleza y la historia.<\/p>\n<p style=\"text-align: justify;\">En algunos encuentros tambi\u00e9n particip\u00f3 Estefan\u00eda Calder\u00f3n, rapera de Flor de Fango.<\/p>\n<p style=\"text-align: justify;\">Y ocurri\u00f3 algo inesperado: mientras la biblioteca llevaba historias, las lavanderas comenzaron a contar las suyas.<\/p>\n<p style=\"text-align: justify;\">Hablaron sobre el ojo de agua, recordaron que anteriormente estaba ubicado m\u00e1s arriba, mencionaron los peque\u00f1os peces que pod\u00edan verse, los \u00e1rboles que rodeaban el sector y una antigua hacienda.<\/p>\n<p style=\"text-align: justify;\">La lectura termin\u00f3 abriendo las puertas de la memoria.<\/p>\n<p style=\"text-align: justify;\"><strong>Llevar la cultura hasta los barrios<\/strong><\/p>\n<p style=\"text-align: justify;\">La misma concepci\u00f3n aparece en la <strong>Vitrina Cultural<\/strong> de la biblioteca.<\/p>\n<p style=\"text-align: justify;\">A trav\u00e9s de articulaciones con la Universidad de Nari\u00f1o se han realizado exposiciones y actividades acad\u00e9micas. Seg\u00fan Nataly, se desarrollan aproximadamente tres o cuatro exposiciones al a\u00f1o.<\/p>\n<p style=\"text-align: justify;\">La intenci\u00f3n es contribuir a <strong>descentralizar las artes pl\u00e1sticas<\/strong>, acerc\u00e1ndolas a sectores donde no necesariamente existen galer\u00edas o una oferta cultural permanente.<\/p>\n<p style=\"text-align: justify;\">Tambi\u00e9n han llegado obras de teatro y talleres de escritura creativa mediante procesos vinculados a est\u00edmulos culturales.<\/p>\n<p style=\"text-align: justify;\">La biblioteca se convierte as\u00ed en una peque\u00f1a galer\u00eda, escenario, aula y lugar de conversaci\u00f3n dentro de la Comuna 4.<\/p>\n<p style=\"text-align: justify;\">Porque leer, desde esta perspectiva, no comienza ni termina al abrir un libro.<\/p>\n<p style=\"text-align: justify;\"><strong>Tambi\u00e9n se lee una flor, un tejido, un rostro, un barrio y la memoria de quienes llegaron antes que nosotros. Nari\u00f1o, finalmente, tambi\u00e9n es un texto que debemos aprender a interpretar.<\/strong><\/p>\n","protected":false},"excerpt":{"rendered":"<p>\u00bfQui\u00e9n nos ense\u00f1\u00f3 a leer las flores? \u00bfC\u00f3mo sabe un campesino cu\u00e1ndo debe sembrar? \u00bfSe puede leer el estado de \u00e1nimo de otra persona? \u00bfQu\u00e9 historias guarda un ojo de agua? Estas preguntas hacen parte de una manera diferente de entender la lectura que se viene promoviendo desde la Biblioteca P\u00fablica de Comfamiliar de Nari\u00f1o [&hellip;]<\/p>\n","protected":false},"author":1,"featured_media":70879216334,"comment_status":"open","ping_status":"open","sticky":false,"template":"","format":"standard","meta":{"footnotes":""},"categories":[85],"tags":[],"class_list":["post-70879216333","post","type-post","status-publish","format-standard","has-post-thumbnail","hentry","category-culturas-2"],"yoast_head":"<!-- This site is optimized with the Yoast SEO plugin v27.1.1 - https:\/\/yoast.com\/product\/yoast-seo-wordpress\/ -->\n<title>Nari\u00f1o tambi\u00e9n se lee: una biblioteca que ense\u00f1a a descubrir el territorio m\u00e1s all\u00e1 de los libros | P\u00e1gina10<\/title>\n<meta name=\"robots\" content=\"index, follow, max-snippet:-1, max-image-preview:large, max-video-preview:-1\" \/>\n<link rel=\"canonical\" href=\"https:\/\/pagina10.com\/web\/narino-tambien-se-lee-una-biblioteca-que-ensena-a-descubrir-el-territorio-mas-alla-de-los-libros\/\" \/>\n<meta property=\"og:locale\" content=\"es_ES\" \/>\n<meta property=\"og:type\" content=\"article\" \/>\n<meta property=\"og:title\" content=\"Nari\u00f1o tambi\u00e9n se lee: una biblioteca que ense\u00f1a a descubrir el territorio m\u00e1s all\u00e1 de los libros | P\u00e1gina10\" \/>\n<meta property=\"og:description\" content=\"\u00bfQui\u00e9n nos ense\u00f1\u00f3 a leer las flores? \u00bfC\u00f3mo sabe un campesino cu\u00e1ndo debe sembrar? \u00bfSe puede leer el estado de \u00e1nimo de otra persona? \u00bfQu\u00e9 historias guarda un ojo de agua? Estas preguntas hacen parte de una manera diferente de entender la lectura que se viene promoviendo desde la Biblioteca P\u00fablica de Comfamiliar de Nari\u00f1o [&hellip;]\" \/>\n<meta property=\"og:url\" content=\"https:\/\/pagina10.com\/web\/narino-tambien-se-lee-una-biblioteca-que-ensena-a-descubrir-el-territorio-mas-alla-de-los-libros\/\" \/>\n<meta property=\"og:site_name\" content=\"P\u00e1gina10\" \/>\n<meta property=\"article:publisher\" content=\"https:\/\/www.facebook.com\/pag10com\" \/>\n<meta property=\"article:published_time\" content=\"2026-09-06T04:13:39+00:00\" \/>\n<meta property=\"og:image\" content=\"https:\/\/pagina10.com\/web\/wp-content\/uploads\/2026\/09\/WhatsApp-Image-2026-09-02-at-11.40.35-AM-1-e1788667972496.jpeg\" \/>\n\t<meta property=\"og:image:width\" content=\"806\" \/>\n\t<meta property=\"og:image:height\" content=\"557\" \/>\n\t<meta property=\"og:image:type\" content=\"image\/jpeg\" \/>\n<meta name=\"author\" content=\"P\u00e1gina 10\" \/>\n<meta name=\"twitter:card\" content=\"summary_large_image\" \/>\n<meta name=\"twitter:creator\" content=\"@Pag10com\" \/>\n<meta name=\"twitter:site\" content=\"@Pag10com\" \/>\n<meta name=\"twitter:label1\" content=\"Escrito por\" \/>\n\t<meta name=\"twitter:data1\" content=\"P\u00e1gina 10\" \/>\n\t<meta name=\"twitter:label2\" content=\"Tiempo de lectura\" \/>\n\t<meta name=\"twitter:data2\" content=\"4 minutos\" \/>\n<script type=\"application\/ld+json\" class=\"yoast-schema-graph\">{\"@context\":\"https:\/\/schema.org\",\"@graph\":[{\"@type\":\"Article\",\"@id\":\"https:\/\/pagina10.com\/web\/narino-tambien-se-lee-una-biblioteca-que-ensena-a-descubrir-el-territorio-mas-alla-de-los-libros\/#article\",\"isPartOf\":{\"@id\":\"https:\/\/pagina10.com\/web\/narino-tambien-se-lee-una-biblioteca-que-ensena-a-descubrir-el-territorio-mas-alla-de-los-libros\/\"},\"author\":{\"name\":\"P\u00e1gina 10\",\"@id\":\"https:\/\/pagina10.com\/web\/#\/schema\/person\/2efc4a090d25b667d3bc796798a3a81b\"},\"headline\":\"Nari\u00f1o tambi\u00e9n se lee: una biblioteca que ense\u00f1a a descubrir el territorio m\u00e1s all\u00e1 de los libros\",\"datePublished\":\"2026-09-06T04:13:39+00:00\",\"mainEntityOfPage\":{\"@id\":\"https:\/\/pagina10.com\/web\/narino-tambien-se-lee-una-biblioteca-que-ensena-a-descubrir-el-territorio-mas-alla-de-los-libros\/\"},\"wordCount\":866,\"commentCount\":0,\"publisher\":{\"@id\":\"https:\/\/pagina10.com\/web\/#organization\"},\"image\":{\"@id\":\"https:\/\/pagina10.com\/web\/narino-tambien-se-lee-una-biblioteca-que-ensena-a-descubrir-el-territorio-mas-alla-de-los-libros\/#primaryimage\"},\"thumbnailUrl\":\"https:\/\/pagina10.com\/web\/wp-content\/uploads\/2026\/09\/WhatsApp-Image-2026-09-02-at-11.40.35-AM-1-e1788667972496.jpeg\",\"articleSection\":[\"Culturas\"],\"inLanguage\":\"es\",\"potentialAction\":[{\"@type\":\"CommentAction\",\"name\":\"Comment\",\"target\":[\"https:\/\/pagina10.com\/web\/narino-tambien-se-lee-una-biblioteca-que-ensena-a-descubrir-el-territorio-mas-alla-de-los-libros\/#respond\"]}]},{\"@type\":\"WebPage\",\"@id\":\"https:\/\/pagina10.com\/web\/narino-tambien-se-lee-una-biblioteca-que-ensena-a-descubrir-el-territorio-mas-alla-de-los-libros\/\",\"url\":\"https:\/\/pagina10.com\/web\/narino-tambien-se-lee-una-biblioteca-que-ensena-a-descubrir-el-territorio-mas-alla-de-los-libros\/\",\"name\":\"Nari\u00f1o tambi\u00e9n se lee: una biblioteca que ense\u00f1a a descubrir el territorio m\u00e1s all\u00e1 de los libros | P\u00e1gina10\",\"isPartOf\":{\"@id\":\"https:\/\/pagina10.com\/web\/#website\"},\"primaryImageOfPage\":{\"@id\":\"https:\/\/pagina10.com\/web\/narino-tambien-se-lee-una-biblioteca-que-ensena-a-descubrir-el-territorio-mas-alla-de-los-libros\/#primaryimage\"},\"image\":{\"@id\":\"https:\/\/pagina10.com\/web\/narino-tambien-se-lee-una-biblioteca-que-ensena-a-descubrir-el-territorio-mas-alla-de-los-libros\/#primaryimage\"},\"thumbnailUrl\":\"https:\/\/pagina10.com\/web\/wp-content\/uploads\/2026\/09\/WhatsApp-Image-2026-09-02-at-11.40.35-AM-1-e1788667972496.jpeg\",\"datePublished\":\"2026-09-06T04:13:39+00:00\",\"breadcrumb\":{\"@id\":\"https:\/\/pagina10.com\/web\/narino-tambien-se-lee-una-biblioteca-que-ensena-a-descubrir-el-territorio-mas-alla-de-los-libros\/#breadcrumb\"},\"inLanguage\":\"es\",\"potentialAction\":[{\"@type\":\"ReadAction\",\"target\":[\"https:\/\/pagina10.com\/web\/narino-tambien-se-lee-una-biblioteca-que-ensena-a-descubrir-el-territorio-mas-alla-de-los-libros\/\"]}]},{\"@type\":\"ImageObject\",\"inLanguage\":\"es\",\"@id\":\"https:\/\/pagina10.com\/web\/narino-tambien-se-lee-una-biblioteca-que-ensena-a-descubrir-el-territorio-mas-alla-de-los-libros\/#primaryimage\",\"url\":\"https:\/\/pagina10.com\/web\/wp-content\/uploads\/2026\/09\/WhatsApp-Image-2026-09-02-at-11.40.35-AM-1-e1788667972496.jpeg\",\"contentUrl\":\"https:\/\/pagina10.com\/web\/wp-content\/uploads\/2026\/09\/WhatsApp-Image-2026-09-02-at-11.40.35-AM-1-e1788667972496.jpeg\",\"width\":806,\"height\":557},{\"@type\":\"BreadcrumbList\",\"@id\":\"https:\/\/pagina10.com\/web\/narino-tambien-se-lee-una-biblioteca-que-ensena-a-descubrir-el-territorio-mas-alla-de-los-libros\/#breadcrumb\",\"itemListElement\":[{\"@type\":\"ListItem\",\"position\":1,\"name\":\"Portada\",\"item\":\"https:\/\/pagina10.com\/web\/\"},{\"@type\":\"ListItem\",\"position\":2,\"name\":\"Nari\u00f1o tambi\u00e9n se lee: una biblioteca que ense\u00f1a a descubrir el territorio m\u00e1s all\u00e1 de los libros\"}]},{\"@type\":\"WebSite\",\"@id\":\"https:\/\/pagina10.com\/web\/#website\",\"url\":\"https:\/\/pagina10.com\/web\/\",\"name\":\"P\u00e1gina10\",\"description\":\"Peri\u00f3dico Regional\",\"publisher\":{\"@id\":\"https:\/\/pagina10.com\/web\/#organization\"},\"alternateName\":\"P\u00e1gina10 Peri\u00f3dico Regional\",\"potentialAction\":[{\"@type\":\"SearchAction\",\"target\":{\"@type\":\"EntryPoint\",\"urlTemplate\":\"https:\/\/pagina10.com\/web\/?s={search_term_string}\"},\"query-input\":{\"@type\":\"PropertyValueSpecification\",\"valueRequired\":true,\"valueName\":\"search_term_string\"}}],\"inLanguage\":\"es\"},{\"@type\":\"Organization\",\"@id\":\"https:\/\/pagina10.com\/web\/#organization\",\"name\":\"P\u00e1gina10\",\"alternateName\":\"P\u00e1gina10 Peri\u00f3dico Regional\",\"url\":\"https:\/\/pagina10.com\/web\/\",\"logo\":{\"@type\":\"ImageObject\",\"inLanguage\":\"es\",\"@id\":\"https:\/\/pagina10.com\/web\/#\/schema\/logo\/image\/\",\"url\":\"https:\/\/pagina10.com\/web\/wp-content\/uploads\/2024\/01\/40-pagina-10-periodico-regional-pasto.jpg\",\"contentUrl\":\"https:\/\/pagina10.com\/web\/wp-content\/uploads\/2024\/01\/40-pagina-10-periodico-regional-pasto.jpg\",\"width\":1280,\"height\":720,\"caption\":\"P\u00e1gina10\"},\"image\":{\"@id\":\"https:\/\/pagina10.com\/web\/#\/schema\/logo\/image\/\"},\"sameAs\":[\"https:\/\/www.facebook.com\/pag10com\",\"https:\/\/x.com\/Pag10com\",\"https:\/\/www.instagram.com\/pagina10col\/\",\"https:\/\/youtube.com\/channel\/pag10\",\"https:\/\/www.tiktok.com\/@p10col\"]},{\"@type\":\"Person\",\"@id\":\"https:\/\/pagina10.com\/web\/#\/schema\/person\/2efc4a090d25b667d3bc796798a3a81b\",\"name\":\"P\u00e1gina 10\",\"description\":\"P\u00e1gina 10 es un peri\u00f3dico regional que nace en Colombia, en el departamento de Nari\u00f1o, con un enfoque global, fundamentado en cuatro pilares esenciales: la libertad, el pluralismo, la inclusi\u00f3n y la independencia. P\u00e1gina 10 hace referencia a Nari\u00f1o como el d\u00e9cimo departamento creado en Colombia, despu\u00e9s de un proceso pol\u00edtico liderado por actores y actrices regionales con el fin de obtener la independencia y autonom\u00eda de nuestros territorios. Con la creaci\u00f3n de P\u00e1gina 10 se pretende abrir un escenario para el dialogo, la reflexi\u00f3n y el debate que se extienda a otras geograf\u00edas de Am\u00e9rica Latina y del planeta, en una apuesta por transformar colectivamente los desaf\u00edos de un mundo contempor\u00e1neo, m\u00e1s all\u00e1 de las fronteras impuestas.\",\"url\":\"https:\/\/pagina10.com\/web\/author\/pdiezadmin\/\"}]}<\/script>\n<!-- \/ Yoast SEO plugin. -->","yoast_head_json":{"title":"Nari\u00f1o tambi\u00e9n se lee: una biblioteca que ense\u00f1a a descubrir el territorio m\u00e1s all\u00e1 de los libros | P\u00e1gina10","robots":{"index":"index","follow":"follow","max-snippet":"max-snippet:-1","max-image-preview":"max-image-preview:large","max-video-preview":"max-video-preview:-1"},"canonical":"https:\/\/pagina10.com\/web\/narino-tambien-se-lee-una-biblioteca-que-ensena-a-descubrir-el-territorio-mas-alla-de-los-libros\/","og_locale":"es_ES","og_type":"article","og_title":"Nari\u00f1o tambi\u00e9n se lee: una biblioteca que ense\u00f1a a descubrir el territorio m\u00e1s all\u00e1 de los libros | P\u00e1gina10","og_description":"\u00bfQui\u00e9n nos ense\u00f1\u00f3 a leer las flores? \u00bfC\u00f3mo sabe un campesino cu\u00e1ndo debe sembrar? \u00bfSe puede leer el estado de \u00e1nimo de otra persona? \u00bfQu\u00e9 historias guarda un ojo de agua? Estas preguntas hacen parte de una manera diferente de entender la lectura que se viene promoviendo desde la Biblioteca P\u00fablica de Comfamiliar de Nari\u00f1o [&hellip;]","og_url":"https:\/\/pagina10.com\/web\/narino-tambien-se-lee-una-biblioteca-que-ensena-a-descubrir-el-territorio-mas-alla-de-los-libros\/","og_site_name":"P\u00e1gina10","article_publisher":"https:\/\/www.facebook.com\/pag10com","article_published_time":"2026-09-06T04:13:39+00:00","og_image":[{"width":806,"height":557,"url":"https:\/\/pagina10.com\/web\/wp-content\/uploads\/2026\/09\/WhatsApp-Image-2026-09-02-at-11.40.35-AM-1-e1788667972496.jpeg","type":"image\/jpeg"}],"author":"P\u00e1gina 10","twitter_card":"summary_large_image","twitter_creator":"@Pag10com","twitter_site":"@Pag10com","twitter_misc":{"Escrito por":"P\u00e1gina 10","Tiempo de lectura":"4 minutos"},"schema":{"@context":"https:\/\/schema.org","@graph":[{"@type":"Article","@id":"https:\/\/pagina10.com\/web\/narino-tambien-se-lee-una-biblioteca-que-ensena-a-descubrir-el-territorio-mas-alla-de-los-libros\/#article","isPartOf":{"@id":"https:\/\/pagina10.com\/web\/narino-tambien-se-lee-una-biblioteca-que-ensena-a-descubrir-el-territorio-mas-alla-de-los-libros\/"},"author":{"name":"P\u00e1gina 10","@id":"https:\/\/pagina10.com\/web\/#\/schema\/person\/2efc4a090d25b667d3bc796798a3a81b"},"headline":"Nari\u00f1o tambi\u00e9n se lee: una biblioteca que ense\u00f1a a descubrir el territorio m\u00e1s all\u00e1 de los libros","datePublished":"2026-09-06T04:13:39+00:00","mainEntityOfPage":{"@id":"https:\/\/pagina10.com\/web\/narino-tambien-se-lee-una-biblioteca-que-ensena-a-descubrir-el-territorio-mas-alla-de-los-libros\/"},"wordCount":866,"commentCount":0,"publisher":{"@id":"https:\/\/pagina10.com\/web\/#organization"},"image":{"@id":"https:\/\/pagina10.com\/web\/narino-tambien-se-lee-una-biblioteca-que-ensena-a-descubrir-el-territorio-mas-alla-de-los-libros\/#primaryimage"},"thumbnailUrl":"https:\/\/pagina10.com\/web\/wp-content\/uploads\/2026\/09\/WhatsApp-Image-2026-09-02-at-11.40.35-AM-1-e1788667972496.jpeg","articleSection":["Culturas"],"inLanguage":"es","potentialAction":[{"@type":"CommentAction","name":"Comment","target":["https:\/\/pagina10.com\/web\/narino-tambien-se-lee-una-biblioteca-que-ensena-a-descubrir-el-territorio-mas-alla-de-los-libros\/#respond"]}]},{"@type":"WebPage","@id":"https:\/\/pagina10.com\/web\/narino-tambien-se-lee-una-biblioteca-que-ensena-a-descubrir-el-territorio-mas-alla-de-los-libros\/","url":"https:\/\/pagina10.com\/web\/narino-tambien-se-lee-una-biblioteca-que-ensena-a-descubrir-el-territorio-mas-alla-de-los-libros\/","name":"Nari\u00f1o tambi\u00e9n se lee: una biblioteca que ense\u00f1a a descubrir el territorio m\u00e1s all\u00e1 de los libros | P\u00e1gina10","isPartOf":{"@id":"https:\/\/pagina10.com\/web\/#website"},"primaryImageOfPage":{"@id":"https:\/\/pagina10.com\/web\/narino-tambien-se-lee-una-biblioteca-que-ensena-a-descubrir-el-territorio-mas-alla-de-los-libros\/#primaryimage"},"image":{"@id":"https:\/\/pagina10.com\/web\/narino-tambien-se-lee-una-biblioteca-que-ensena-a-descubrir-el-territorio-mas-alla-de-los-libros\/#primaryimage"},"thumbnailUrl":"https:\/\/pagina10.com\/web\/wp-content\/uploads\/2026\/09\/WhatsApp-Image-2026-09-02-at-11.40.35-AM-1-e1788667972496.jpeg","datePublished":"2026-09-06T04:13:39+00:00","breadcrumb":{"@id":"https:\/\/pagina10.com\/web\/narino-tambien-se-lee-una-biblioteca-que-ensena-a-descubrir-el-territorio-mas-alla-de-los-libros\/#breadcrumb"},"inLanguage":"es","potentialAction":[{"@type":"ReadAction","target":["https:\/\/pagina10.com\/web\/narino-tambien-se-lee-una-biblioteca-que-ensena-a-descubrir-el-territorio-mas-alla-de-los-libros\/"]}]},{"@type":"ImageObject","inLanguage":"es","@id":"https:\/\/pagina10.com\/web\/narino-tambien-se-lee-una-biblioteca-que-ensena-a-descubrir-el-territorio-mas-alla-de-los-libros\/#primaryimage","url":"https:\/\/pagina10.com\/web\/wp-content\/uploads\/2026\/09\/WhatsApp-Image-2026-09-02-at-11.40.35-AM-1-e1788667972496.jpeg","contentUrl":"https:\/\/pagina10.com\/web\/wp-content\/uploads\/2026\/09\/WhatsApp-Image-2026-09-02-at-11.40.35-AM-1-e1788667972496.jpeg","width":806,"height":557},{"@type":"BreadcrumbList","@id":"https:\/\/pagina10.com\/web\/narino-tambien-se-lee-una-biblioteca-que-ensena-a-descubrir-el-territorio-mas-alla-de-los-libros\/#breadcrumb","itemListElement":[{"@type":"ListItem","position":1,"name":"Portada","item":"https:\/\/pagina10.com\/web\/"},{"@type":"ListItem","position":2,"name":"Nari\u00f1o tambi\u00e9n se lee: una biblioteca que ense\u00f1a a descubrir el territorio m\u00e1s all\u00e1 de los libros"}]},{"@type":"WebSite","@id":"https:\/\/pagina10.com\/web\/#website","url":"https:\/\/pagina10.com\/web\/","name":"P\u00e1gina10","description":"Peri\u00f3dico Regional","publisher":{"@id":"https:\/\/pagina10.com\/web\/#organization"},"alternateName":"P\u00e1gina10 Peri\u00f3dico Regional","potentialAction":[{"@type":"SearchAction","target":{"@type":"EntryPoint","urlTemplate":"https:\/\/pagina10.com\/web\/?s={search_term_string}"},"query-input":{"@type":"PropertyValueSpecification","valueRequired":true,"valueName":"search_term_string"}}],"inLanguage":"es"},{"@type":"Organization","@id":"https:\/\/pagina10.com\/web\/#organization","name":"P\u00e1gina10","alternateName":"P\u00e1gina10 Peri\u00f3dico Regional","url":"https:\/\/pagina10.com\/web\/","logo":{"@type":"ImageObject","inLanguage":"es","@id":"https:\/\/pagina10.com\/web\/#\/schema\/logo\/image\/","url":"https:\/\/pagina10.com\/web\/wp-content\/uploads\/2024\/01\/40-pagina-10-periodico-regional-pasto.jpg","contentUrl":"https:\/\/pagina10.com\/web\/wp-content\/uploads\/2024\/01\/40-pagina-10-periodico-regional-pasto.jpg","width":1280,"height":720,"caption":"P\u00e1gina10"},"image":{"@id":"https:\/\/pagina10.com\/web\/#\/schema\/logo\/image\/"},"sameAs":["https:\/\/www.facebook.com\/pag10com","https:\/\/x.com\/Pag10com","https:\/\/www.instagram.com\/pagina10col\/","https:\/\/youtube.com\/channel\/pag10","https:\/\/www.tiktok.com\/@p10col"]},{"@type":"Person","@id":"https:\/\/pagina10.com\/web\/#\/schema\/person\/2efc4a090d25b667d3bc796798a3a81b","name":"P\u00e1gina 10","description":"P\u00e1gina 10 es un peri\u00f3dico regional que nace en Colombia, en el departamento de Nari\u00f1o, con un enfoque global, fundamentado en cuatro pilares esenciales: la libertad, el pluralismo, la inclusi\u00f3n y la independencia. P\u00e1gina 10 hace referencia a Nari\u00f1o como el d\u00e9cimo departamento creado en Colombia, despu\u00e9s de un proceso pol\u00edtico liderado por actores y actrices regionales con el fin de obtener la independencia y autonom\u00eda de nuestros territorios. Con la creaci\u00f3n de P\u00e1gina 10 se pretende abrir un escenario para el dialogo, la reflexi\u00f3n y el debate que se extienda a otras geograf\u00edas de Am\u00e9rica Latina y del planeta, en una apuesta por transformar colectivamente los desaf\u00edos de un mundo contempor\u00e1neo, m\u00e1s all\u00e1 de las fronteras impuestas.","url":"https:\/\/pagina10.com\/web\/author\/pdiezadmin\/"}]}},"_links":{"self":[{"href":"https:\/\/pagina10.com\/web\/wp-json\/wp\/v2\/posts\/70879216333","targetHints":{"allow":["GET"]}}],"collection":[{"href":"https:\/\/pagina10.com\/web\/wp-json\/wp\/v2\/posts"}],"about":[{"href":"https:\/\/pagina10.com\/web\/wp-json\/wp\/v2\/types\/post"}],"author":[{"embeddable":true,"href":"https:\/\/pagina10.com\/web\/wp-json\/wp\/v2\/users\/1"}],"replies":[{"embeddable":true,"href":"https:\/\/pagina10.com\/web\/wp-json\/wp\/v2\/comments?post=70879216333"}],"version-history":[{"count":1,"href":"https:\/\/pagina10.com\/web\/wp-json\/wp\/v2\/posts\/70879216333\/revisions"}],"predecessor-version":[{"id":70879216335,"href":"https:\/\/pagina10.com\/web\/wp-json\/wp\/v2\/posts\/70879216333\/revisions\/70879216335"}],"wp:featuredmedia":[{"embeddable":true,"href":"https:\/\/pagina10.com\/web\/wp-json\/wp\/v2\/media\/70879216334"}],"wp:attachment":[{"href":"https:\/\/pagina10.com\/web\/wp-json\/wp\/v2\/media?parent=70879216333"}],"wp:term":[{"taxonomy":"category","embeddable":true,"href":"https:\/\/pagina10.com\/web\/wp-json\/wp\/v2\/categories?post=70879216333"},{"taxonomy":"post_tag","embeddable":true,"href":"https:\/\/pagina10.com\/web\/wp-json\/wp\/v2\/tags?post=70879216333"}],"curies":[{"name":"wp","href":"https:\/\/api.w.org\/{rel}","templated":true}]}}