{"id":70879216336,"date":"2026-09-06T10:58:16","date_gmt":"2026-09-06T15:58:16","guid":{"rendered":"https:\/\/pagina10.com\/web\/?p=70879216336"},"modified":"2026-09-06T10:58:16","modified_gmt":"2026-09-06T15:58:16","slug":"el-penol-marca-la-primera-gran-ofensiva-militar-del-gobierno-de-la-espriella-en-narino","status":"publish","type":"post","link":"https:\/\/pagina10.com\/web\/el-penol-marca-la-primera-gran-ofensiva-militar-del-gobierno-de-la-espriella-en-narino\/","title":{"rendered":"El Pe\u00f1ol marca la primera gran ofensiva militar del gobierno De La Espriella en Nari\u00f1o"},"content":{"rendered":"<p class=\"isSelectedEnd\" style=\"text-align: justify;\"><strong>Siete presuntos integrantes del frente Franco Benavides murieron y cinco personas fueron capturadas. Aunque desde agosto ya se hab\u00edan registrado operaciones, capturas e incautaciones contra esta estructura en Nari\u00f1o, el episodio de El Pe\u00f1ol aparece como el primer golpe militar de gran escala y con muertos en combate reportado en el departamento durante la nueva administraci\u00f3n.<\/strong><\/p>\n<p class=\"isSelectedEnd\" style=\"text-align: justify;\">En este municipio del norte de Nari\u00f1o, donde desde hace meses las comunidades conviven con amenazas, explosivos, retenes ilegales y el temor provocado por la expansi\u00f3n de los grupos armados, una operaci\u00f3n de la Fuerza P\u00fablica dej\u00f3 uno de los balances militares m\u00e1s fuertes registrados recientemente en el departamento.<\/p>\n<p class=\"isSelectedEnd\" style=\"text-align: justify;\">El presidente Abelardo De La Espriella confirm\u00f3 este domingo 6 de septiembre que siete integrantes del frente Franco Benavides, perteneciente al Estado Mayor Central de las disidencias de las antiguas Farc, murieron durante operaciones militares desarrolladas en El Pe\u00f1ol. Otras cinco personas fueron capturadas.<\/p>\n<p class=\"isSelectedEnd\" style=\"text-align: justify;\">El Ministerio de Defensa, citado por medios nacionales, agreg\u00f3 que doce personas resultaron heridas durante la operaci\u00f3n y que las tropas incautaron un fusil M4, una pistola, ocho granadas de fabricaci\u00f3n artesanal, 946 cartuchos de diferentes calibres, adem\u00e1s de material documental que qued\u00f3 en poder de las autoridades.<\/p>\n<p style=\"text-align: justify;\">El mandatario present\u00f3 el resultado bajo una frase que parece condensar la nueva pol\u00edtica de seguridad de la Casa de Nari\u00f1o: <strong>\u201cLa ofensiva de nuestra Fuerza P\u00fablica no se detiene\u201d<\/strong>.<\/p>\n<p style=\"text-align: justify;\"><strong>Nari\u00f1o entra en una nueva etapa de la pol\u00edtica de seguridad<\/strong><\/p>\n<p class=\"isSelectedEnd\" style=\"text-align: justify;\">Lo ocurrido en El Pe\u00f1ol permite observar algo m\u00e1s que el resultado de un combate.<\/p>\n<p class=\"isSelectedEnd\" style=\"text-align: justify;\">Desde su llegada a la Presidencia, De La Espriella ha prometido una pol\u00edtica mucho m\u00e1s ofensiva contra las organizaciones armadas y el narcotr\u00e1fico. Durante las primeras semanas se registraron principalmente capturas, operaciones judiciales, incautaciones y golpes contra las redes log\u00edsticas de estas estructuras en Nari\u00f1o.<\/p>\n<p class=\"isSelectedEnd\" style=\"text-align: justify;\">El operativo de El Pe\u00f1ol muestra ahora otra dimensi\u00f3n: <strong>el empleo directo de operaciones militares contra estructuras armadas en zonas rurales donde las disidencias mantienen presencia territorial.<\/strong><\/p>\n<p class=\"isSelectedEnd\" style=\"text-align: justify;\">La pregunta que comienza a abrirse para Nari\u00f1o es hasta d\u00f3nde llegar\u00e1 esa ofensiva.<\/p>\n<p class=\"isSelectedEnd\" style=\"text-align: justify;\">Porque el departamento no enfrenta \u00fanicamente al frente Franco Benavides.<\/p>\n<p class=\"isSelectedEnd\" style=\"text-align: justify;\">En distintas regiones confluyen disidencias, estructuras dedicadas al narcotr\u00e1fico y organizaciones armadas que disputan corredores estrat\u00e9gicos hacia el Pac\u00edfico y la frontera con Ecuador.<\/p>\n<p class=\"isSelectedEnd\" style=\"text-align: justify;\">Y en medio de esa disputa est\u00e1n nuevamente las comunidades.<\/p>\n<p class=\"isSelectedEnd\" style=\"text-align: justify;\">El resultado militar de El Pe\u00f1ol puede convertirse en uno de los primeros s\u00edmbolos de la pol\u00edtica de seguridad de Abelardo De La Espriella en Nari\u00f1o.<\/p>\n<p class=\"isSelectedEnd\" style=\"text-align: justify;\">Pero su verdadero impacto no se medir\u00e1 solamente por el n\u00famero de muertos, capturados o armas incautadas.<\/p>\n<p class=\"isSelectedEnd\" style=\"text-align: justify;\">Se medir\u00e1 tambi\u00e9n por una pregunta que durante d\u00e9cadas ha acompa\u00f1ado al departamento:<\/p>\n<p style=\"text-align: justify;\"><strong>\u00bfpodr\u00e1 el Estado recuperar el territorio sin que las comunidades rurales vuelvan a pagar el precio de la guerra?<\/strong><\/p>\n","protected":false},"excerpt":{"rendered":"<p>Siete presuntos integrantes del frente Franco Benavides murieron y cinco personas fueron capturadas. Aunque desde agosto ya se hab\u00edan registrado operaciones, capturas e incautaciones contra esta estructura en Nari\u00f1o, el episodio de El Pe\u00f1ol aparece como el primer golpe militar de gran escala y con muertos en combate reportado en el departamento durante la nueva [&hellip;]<\/p>\n","protected":false},"author":1,"featured_media":70879216337,"comment_status":"open","ping_status":"open","sticky":false,"template":"","format":"standard","meta":{"footnotes":""},"categories":[14],"tags":[],"class_list":["post-70879216336","post","type-post","status-publish","format-standard","has-post-thumbnail","hentry","category-narino-actual"],"yoast_head":"<!-- This site is optimized with the Yoast SEO plugin v27.1.1 - https:\/\/yoast.com\/product\/yoast-seo-wordpress\/ -->\n<title>El Pe\u00f1ol marca la primera gran ofensiva militar del gobierno De La Espriella en Nari\u00f1o | P\u00e1gina10<\/title>\n<meta name=\"robots\" content=\"index, follow, max-snippet:-1, max-image-preview:large, max-video-preview:-1\" \/>\n<link rel=\"canonical\" href=\"https:\/\/pagina10.com\/web\/el-penol-marca-la-primera-gran-ofensiva-militar-del-gobierno-de-la-espriella-en-narino\/\" \/>\n<meta property=\"og:locale\" content=\"es_ES\" \/>\n<meta property=\"og:type\" content=\"article\" \/>\n<meta property=\"og:title\" content=\"El Pe\u00f1ol marca la primera gran ofensiva militar del gobierno De La Espriella en Nari\u00f1o | P\u00e1gina10\" \/>\n<meta property=\"og:description\" content=\"Siete presuntos integrantes del frente Franco Benavides murieron y cinco personas fueron capturadas. Aunque desde agosto ya se hab\u00edan registrado operaciones, capturas e incautaciones contra esta estructura en Nari\u00f1o, el episodio de El Pe\u00f1ol aparece como el primer golpe militar de gran escala y con muertos en combate reportado en el departamento durante la nueva [&hellip;]\" \/>\n<meta property=\"og:url\" content=\"https:\/\/pagina10.com\/web\/el-penol-marca-la-primera-gran-ofensiva-militar-del-gobierno-de-la-espriella-en-narino\/\" \/>\n<meta property=\"og:site_name\" content=\"P\u00e1gina10\" \/>\n<meta property=\"article:publisher\" content=\"https:\/\/www.facebook.com\/pag10com\" \/>\n<meta property=\"article:published_time\" content=\"2026-09-06T15:58:16+00:00\" \/>\n<meta property=\"og:image\" content=\"https:\/\/pagina10.com\/web\/wp-content\/uploads\/2026\/09\/778869699_1588905779557409_6232626490939781154_n-1-e1788710287746.jpg\" \/>\n\t<meta property=\"og:image:width\" content=\"1080\" \/>\n\t<meta property=\"og:image:height\" content=\"585\" \/>\n\t<meta property=\"og:image:type\" content=\"image\/jpeg\" \/>\n<meta name=\"author\" content=\"P\u00e1gina 10\" \/>\n<meta name=\"twitter:card\" content=\"summary_large_image\" \/>\n<meta name=\"twitter:creator\" content=\"@Pag10com\" \/>\n<meta name=\"twitter:site\" content=\"@Pag10com\" \/>\n<meta name=\"twitter:label1\" content=\"Escrito por\" \/>\n\t<meta name=\"twitter:data1\" content=\"P\u00e1gina 10\" \/>\n\t<meta name=\"twitter:label2\" content=\"Tiempo de lectura\" \/>\n\t<meta name=\"twitter:data2\" content=\"3 minutos\" \/>\n<script type=\"application\/ld+json\" class=\"yoast-schema-graph\">{\"@context\":\"https:\/\/schema.org\",\"@graph\":[{\"@type\":\"Article\",\"@id\":\"https:\/\/pagina10.com\/web\/el-penol-marca-la-primera-gran-ofensiva-militar-del-gobierno-de-la-espriella-en-narino\/#article\",\"isPartOf\":{\"@id\":\"https:\/\/pagina10.com\/web\/el-penol-marca-la-primera-gran-ofensiva-militar-del-gobierno-de-la-espriella-en-narino\/\"},\"author\":{\"name\":\"P\u00e1gina 10\",\"@id\":\"https:\/\/pagina10.com\/web\/#\/schema\/person\/2efc4a090d25b667d3bc796798a3a81b\"},\"headline\":\"El Pe\u00f1ol marca la primera gran ofensiva militar del gobierno De La Espriella en Nari\u00f1o\",\"datePublished\":\"2026-09-06T15:58:16+00:00\",\"mainEntityOfPage\":{\"@id\":\"https:\/\/pagina10.com\/web\/el-penol-marca-la-primera-gran-ofensiva-militar-del-gobierno-de-la-espriella-en-narino\/\"},\"wordCount\":514,\"commentCount\":0,\"publisher\":{\"@id\":\"https:\/\/pagina10.com\/web\/#organization\"},\"image\":{\"@id\":\"https:\/\/pagina10.com\/web\/el-penol-marca-la-primera-gran-ofensiva-militar-del-gobierno-de-la-espriella-en-narino\/#primaryimage\"},\"thumbnailUrl\":\"https:\/\/pagina10.com\/web\/wp-content\/uploads\/2026\/09\/778869699_1588905779557409_6232626490939781154_n-1-e1788710287746.jpg\",\"articleSection\":[\"Nari\u00f1o Actual\"],\"inLanguage\":\"es\",\"potentialAction\":[{\"@type\":\"CommentAction\",\"name\":\"Comment\",\"target\":[\"https:\/\/pagina10.com\/web\/el-penol-marca-la-primera-gran-ofensiva-militar-del-gobierno-de-la-espriella-en-narino\/#respond\"]}]},{\"@type\":\"WebPage\",\"@id\":\"https:\/\/pagina10.com\/web\/el-penol-marca-la-primera-gran-ofensiva-militar-del-gobierno-de-la-espriella-en-narino\/\",\"url\":\"https:\/\/pagina10.com\/web\/el-penol-marca-la-primera-gran-ofensiva-militar-del-gobierno-de-la-espriella-en-narino\/\",\"name\":\"El Pe\u00f1ol marca la primera gran ofensiva militar del gobierno De La Espriella en Nari\u00f1o | P\u00e1gina10\",\"isPartOf\":{\"@id\":\"https:\/\/pagina10.com\/web\/#website\"},\"primaryImageOfPage\":{\"@id\":\"https:\/\/pagina10.com\/web\/el-penol-marca-la-primera-gran-ofensiva-militar-del-gobierno-de-la-espriella-en-narino\/#primaryimage\"},\"image\":{\"@id\":\"https:\/\/pagina10.com\/web\/el-penol-marca-la-primera-gran-ofensiva-militar-del-gobierno-de-la-espriella-en-narino\/#primaryimage\"},\"thumbnailUrl\":\"https:\/\/pagina10.com\/web\/wp-content\/uploads\/2026\/09\/778869699_1588905779557409_6232626490939781154_n-1-e1788710287746.jpg\",\"datePublished\":\"2026-09-06T15:58:16+00:00\",\"breadcrumb\":{\"@id\":\"https:\/\/pagina10.com\/web\/el-penol-marca-la-primera-gran-ofensiva-militar-del-gobierno-de-la-espriella-en-narino\/#breadcrumb\"},\"inLanguage\":\"es\",\"potentialAction\":[{\"@type\":\"ReadAction\",\"target\":[\"https:\/\/pagina10.com\/web\/el-penol-marca-la-primera-gran-ofensiva-militar-del-gobierno-de-la-espriella-en-narino\/\"]}]},{\"@type\":\"ImageObject\",\"inLanguage\":\"es\",\"@id\":\"https:\/\/pagina10.com\/web\/el-penol-marca-la-primera-gran-ofensiva-militar-del-gobierno-de-la-espriella-en-narino\/#primaryimage\",\"url\":\"https:\/\/pagina10.com\/web\/wp-content\/uploads\/2026\/09\/778869699_1588905779557409_6232626490939781154_n-1-e1788710287746.jpg\",\"contentUrl\":\"https:\/\/pagina10.com\/web\/wp-content\/uploads\/2026\/09\/778869699_1588905779557409_6232626490939781154_n-1-e1788710287746.jpg\",\"width\":1080,\"height\":585},{\"@type\":\"BreadcrumbList\",\"@id\":\"https:\/\/pagina10.com\/web\/el-penol-marca-la-primera-gran-ofensiva-militar-del-gobierno-de-la-espriella-en-narino\/#breadcrumb\",\"itemListElement\":[{\"@type\":\"ListItem\",\"position\":1,\"name\":\"Portada\",\"item\":\"https:\/\/pagina10.com\/web\/\"},{\"@type\":\"ListItem\",\"position\":2,\"name\":\"El Pe\u00f1ol marca la primera gran ofensiva militar del gobierno De La Espriella en Nari\u00f1o\"}]},{\"@type\":\"WebSite\",\"@id\":\"https:\/\/pagina10.com\/web\/#website\",\"url\":\"https:\/\/pagina10.com\/web\/\",\"name\":\"P\u00e1gina10\",\"description\":\"Peri\u00f3dico Regional\",\"publisher\":{\"@id\":\"https:\/\/pagina10.com\/web\/#organization\"},\"alternateName\":\"P\u00e1gina10 Peri\u00f3dico Regional\",\"potentialAction\":[{\"@type\":\"SearchAction\",\"target\":{\"@type\":\"EntryPoint\",\"urlTemplate\":\"https:\/\/pagina10.com\/web\/?s={search_term_string}\"},\"query-input\":{\"@type\":\"PropertyValueSpecification\",\"valueRequired\":true,\"valueName\":\"search_term_string\"}}],\"inLanguage\":\"es\"},{\"@type\":\"Organization\",\"@id\":\"https:\/\/pagina10.com\/web\/#organization\",\"name\":\"P\u00e1gina10\",\"alternateName\":\"P\u00e1gina10 Peri\u00f3dico Regional\",\"url\":\"https:\/\/pagina10.com\/web\/\",\"logo\":{\"@type\":\"ImageObject\",\"inLanguage\":\"es\",\"@id\":\"https:\/\/pagina10.com\/web\/#\/schema\/logo\/image\/\",\"url\":\"https:\/\/pagina10.com\/web\/wp-content\/uploads\/2024\/01\/40-pagina-10-periodico-regional-pasto.jpg\",\"contentUrl\":\"https:\/\/pagina10.com\/web\/wp-content\/uploads\/2024\/01\/40-pagina-10-periodico-regional-pasto.jpg\",\"width\":1280,\"height\":720,\"caption\":\"P\u00e1gina10\"},\"image\":{\"@id\":\"https:\/\/pagina10.com\/web\/#\/schema\/logo\/image\/\"},\"sameAs\":[\"https:\/\/www.facebook.com\/pag10com\",\"https:\/\/x.com\/Pag10com\",\"https:\/\/www.instagram.com\/pagina10col\/\",\"https:\/\/youtube.com\/channel\/pag10\",\"https:\/\/www.tiktok.com\/@p10col\"]},{\"@type\":\"Person\",\"@id\":\"https:\/\/pagina10.com\/web\/#\/schema\/person\/2efc4a090d25b667d3bc796798a3a81b\",\"name\":\"P\u00e1gina 10\",\"description\":\"P\u00e1gina 10 es un peri\u00f3dico regional que nace en Colombia, en el departamento de Nari\u00f1o, con un enfoque global, fundamentado en cuatro pilares esenciales: la libertad, el pluralismo, la inclusi\u00f3n y la independencia. P\u00e1gina 10 hace referencia a Nari\u00f1o como el d\u00e9cimo departamento creado en Colombia, despu\u00e9s de un proceso pol\u00edtico liderado por actores y actrices regionales con el fin de obtener la independencia y autonom\u00eda de nuestros territorios. Con la creaci\u00f3n de P\u00e1gina 10 se pretende abrir un escenario para el dialogo, la reflexi\u00f3n y el debate que se extienda a otras geograf\u00edas de Am\u00e9rica Latina y del planeta, en una apuesta por transformar colectivamente los desaf\u00edos de un mundo contempor\u00e1neo, m\u00e1s all\u00e1 de las fronteras impuestas.\",\"url\":\"https:\/\/pagina10.com\/web\/author\/pdiezadmin\/\"}]}<\/script>\n<!-- \/ Yoast SEO plugin. -->","yoast_head_json":{"title":"El Pe\u00f1ol marca la primera gran ofensiva militar del gobierno De La Espriella en Nari\u00f1o | P\u00e1gina10","robots":{"index":"index","follow":"follow","max-snippet":"max-snippet:-1","max-image-preview":"max-image-preview:large","max-video-preview":"max-video-preview:-1"},"canonical":"https:\/\/pagina10.com\/web\/el-penol-marca-la-primera-gran-ofensiva-militar-del-gobierno-de-la-espriella-en-narino\/","og_locale":"es_ES","og_type":"article","og_title":"El Pe\u00f1ol marca la primera gran ofensiva militar del gobierno De La Espriella en Nari\u00f1o | P\u00e1gina10","og_description":"Siete presuntos integrantes del frente Franco Benavides murieron y cinco personas fueron capturadas. Aunque desde agosto ya se hab\u00edan registrado operaciones, capturas e incautaciones contra esta estructura en Nari\u00f1o, el episodio de El Pe\u00f1ol aparece como el primer golpe militar de gran escala y con muertos en combate reportado en el departamento durante la nueva [&hellip;]","og_url":"https:\/\/pagina10.com\/web\/el-penol-marca-la-primera-gran-ofensiva-militar-del-gobierno-de-la-espriella-en-narino\/","og_site_name":"P\u00e1gina10","article_publisher":"https:\/\/www.facebook.com\/pag10com","article_published_time":"2026-09-06T15:58:16+00:00","og_image":[{"width":1080,"height":585,"url":"https:\/\/pagina10.com\/web\/wp-content\/uploads\/2026\/09\/778869699_1588905779557409_6232626490939781154_n-1-e1788710287746.jpg","type":"image\/jpeg"}],"author":"P\u00e1gina 10","twitter_card":"summary_large_image","twitter_creator":"@Pag10com","twitter_site":"@Pag10com","twitter_misc":{"Escrito por":"P\u00e1gina 10","Tiempo de lectura":"3 minutos"},"schema":{"@context":"https:\/\/schema.org","@graph":[{"@type":"Article","@id":"https:\/\/pagina10.com\/web\/el-penol-marca-la-primera-gran-ofensiva-militar-del-gobierno-de-la-espriella-en-narino\/#article","isPartOf":{"@id":"https:\/\/pagina10.com\/web\/el-penol-marca-la-primera-gran-ofensiva-militar-del-gobierno-de-la-espriella-en-narino\/"},"author":{"name":"P\u00e1gina 10","@id":"https:\/\/pagina10.com\/web\/#\/schema\/person\/2efc4a090d25b667d3bc796798a3a81b"},"headline":"El Pe\u00f1ol marca la primera gran ofensiva militar del gobierno De La Espriella en Nari\u00f1o","datePublished":"2026-09-06T15:58:16+00:00","mainEntityOfPage":{"@id":"https:\/\/pagina10.com\/web\/el-penol-marca-la-primera-gran-ofensiva-militar-del-gobierno-de-la-espriella-en-narino\/"},"wordCount":514,"commentCount":0,"publisher":{"@id":"https:\/\/pagina10.com\/web\/#organization"},"image":{"@id":"https:\/\/pagina10.com\/web\/el-penol-marca-la-primera-gran-ofensiva-militar-del-gobierno-de-la-espriella-en-narino\/#primaryimage"},"thumbnailUrl":"https:\/\/pagina10.com\/web\/wp-content\/uploads\/2026\/09\/778869699_1588905779557409_6232626490939781154_n-1-e1788710287746.jpg","articleSection":["Nari\u00f1o Actual"],"inLanguage":"es","potentialAction":[{"@type":"CommentAction","name":"Comment","target":["https:\/\/pagina10.com\/web\/el-penol-marca-la-primera-gran-ofensiva-militar-del-gobierno-de-la-espriella-en-narino\/#respond"]}]},{"@type":"WebPage","@id":"https:\/\/pagina10.com\/web\/el-penol-marca-la-primera-gran-ofensiva-militar-del-gobierno-de-la-espriella-en-narino\/","url":"https:\/\/pagina10.com\/web\/el-penol-marca-la-primera-gran-ofensiva-militar-del-gobierno-de-la-espriella-en-narino\/","name":"El Pe\u00f1ol marca la primera gran ofensiva militar del gobierno De La Espriella en Nari\u00f1o | P\u00e1gina10","isPartOf":{"@id":"https:\/\/pagina10.com\/web\/#website"},"primaryImageOfPage":{"@id":"https:\/\/pagina10.com\/web\/el-penol-marca-la-primera-gran-ofensiva-militar-del-gobierno-de-la-espriella-en-narino\/#primaryimage"},"image":{"@id":"https:\/\/pagina10.com\/web\/el-penol-marca-la-primera-gran-ofensiva-militar-del-gobierno-de-la-espriella-en-narino\/#primaryimage"},"thumbnailUrl":"https:\/\/pagina10.com\/web\/wp-content\/uploads\/2026\/09\/778869699_1588905779557409_6232626490939781154_n-1-e1788710287746.jpg","datePublished":"2026-09-06T15:58:16+00:00","breadcrumb":{"@id":"https:\/\/pagina10.com\/web\/el-penol-marca-la-primera-gran-ofensiva-militar-del-gobierno-de-la-espriella-en-narino\/#breadcrumb"},"inLanguage":"es","potentialAction":[{"@type":"ReadAction","target":["https:\/\/pagina10.com\/web\/el-penol-marca-la-primera-gran-ofensiva-militar-del-gobierno-de-la-espriella-en-narino\/"]}]},{"@type":"ImageObject","inLanguage":"es","@id":"https:\/\/pagina10.com\/web\/el-penol-marca-la-primera-gran-ofensiva-militar-del-gobierno-de-la-espriella-en-narino\/#primaryimage","url":"https:\/\/pagina10.com\/web\/wp-content\/uploads\/2026\/09\/778869699_1588905779557409_6232626490939781154_n-1-e1788710287746.jpg","contentUrl":"https:\/\/pagina10.com\/web\/wp-content\/uploads\/2026\/09\/778869699_1588905779557409_6232626490939781154_n-1-e1788710287746.jpg","width":1080,"height":585},{"@type":"BreadcrumbList","@id":"https:\/\/pagina10.com\/web\/el-penol-marca-la-primera-gran-ofensiva-militar-del-gobierno-de-la-espriella-en-narino\/#breadcrumb","itemListElement":[{"@type":"ListItem","position":1,"name":"Portada","item":"https:\/\/pagina10.com\/web\/"},{"@type":"ListItem","position":2,"name":"El Pe\u00f1ol marca la primera gran ofensiva militar del gobierno De La Espriella en Nari\u00f1o"}]},{"@type":"WebSite","@id":"https:\/\/pagina10.com\/web\/#website","url":"https:\/\/pagina10.com\/web\/","name":"P\u00e1gina10","description":"Peri\u00f3dico Regional","publisher":{"@id":"https:\/\/pagina10.com\/web\/#organization"},"alternateName":"P\u00e1gina10 Peri\u00f3dico Regional","potentialAction":[{"@type":"SearchAction","target":{"@type":"EntryPoint","urlTemplate":"https:\/\/pagina10.com\/web\/?s={search_term_string}"},"query-input":{"@type":"PropertyValueSpecification","valueRequired":true,"valueName":"search_term_string"}}],"inLanguage":"es"},{"@type":"Organization","@id":"https:\/\/pagina10.com\/web\/#organization","name":"P\u00e1gina10","alternateName":"P\u00e1gina10 Peri\u00f3dico Regional","url":"https:\/\/pagina10.com\/web\/","logo":{"@type":"ImageObject","inLanguage":"es","@id":"https:\/\/pagina10.com\/web\/#\/schema\/logo\/image\/","url":"https:\/\/pagina10.com\/web\/wp-content\/uploads\/2024\/01\/40-pagina-10-periodico-regional-pasto.jpg","contentUrl":"https:\/\/pagina10.com\/web\/wp-content\/uploads\/2024\/01\/40-pagina-10-periodico-regional-pasto.jpg","width":1280,"height":720,"caption":"P\u00e1gina10"},"image":{"@id":"https:\/\/pagina10.com\/web\/#\/schema\/logo\/image\/"},"sameAs":["https:\/\/www.facebook.com\/pag10com","https:\/\/x.com\/Pag10com","https:\/\/www.instagram.com\/pagina10col\/","https:\/\/youtube.com\/channel\/pag10","https:\/\/www.tiktok.com\/@p10col"]},{"@type":"Person","@id":"https:\/\/pagina10.com\/web\/#\/schema\/person\/2efc4a090d25b667d3bc796798a3a81b","name":"P\u00e1gina 10","description":"P\u00e1gina 10 es un peri\u00f3dico regional que nace en Colombia, en el departamento de Nari\u00f1o, con un enfoque global, fundamentado en cuatro pilares esenciales: la libertad, el pluralismo, la inclusi\u00f3n y la independencia. P\u00e1gina 10 hace referencia a Nari\u00f1o como el d\u00e9cimo departamento creado en Colombia, despu\u00e9s de un proceso pol\u00edtico liderado por actores y actrices regionales con el fin de obtener la independencia y autonom\u00eda de nuestros territorios. Con la creaci\u00f3n de P\u00e1gina 10 se pretende abrir un escenario para el dialogo, la reflexi\u00f3n y el debate que se extienda a otras geograf\u00edas de Am\u00e9rica Latina y del planeta, en una apuesta por transformar colectivamente los desaf\u00edos de un mundo contempor\u00e1neo, m\u00e1s all\u00e1 de las fronteras impuestas.","url":"https:\/\/pagina10.com\/web\/author\/pdiezadmin\/"}]}},"_links":{"self":[{"href":"https:\/\/pagina10.com\/web\/wp-json\/wp\/v2\/posts\/70879216336","targetHints":{"allow":["GET"]}}],"collection":[{"href":"https:\/\/pagina10.com\/web\/wp-json\/wp\/v2\/posts"}],"about":[{"href":"https:\/\/pagina10.com\/web\/wp-json\/wp\/v2\/types\/post"}],"author":[{"embeddable":true,"href":"https:\/\/pagina10.com\/web\/wp-json\/wp\/v2\/users\/1"}],"replies":[{"embeddable":true,"href":"https:\/\/pagina10.com\/web\/wp-json\/wp\/v2\/comments?post=70879216336"}],"version-history":[{"count":1,"href":"https:\/\/pagina10.com\/web\/wp-json\/wp\/v2\/posts\/70879216336\/revisions"}],"predecessor-version":[{"id":70879216338,"href":"https:\/\/pagina10.com\/web\/wp-json\/wp\/v2\/posts\/70879216336\/revisions\/70879216338"}],"wp:featuredmedia":[{"embeddable":true,"href":"https:\/\/pagina10.com\/web\/wp-json\/wp\/v2\/media\/70879216337"}],"wp:attachment":[{"href":"https:\/\/pagina10.com\/web\/wp-json\/wp\/v2\/media?parent=70879216336"}],"wp:term":[{"taxonomy":"category","embeddable":true,"href":"https:\/\/pagina10.com\/web\/wp-json\/wp\/v2\/categories?post=70879216336"},{"taxonomy":"post_tag","embeddable":true,"href":"https:\/\/pagina10.com\/web\/wp-json\/wp\/v2\/tags?post=70879216336"}],"curies":[{"name":"wp","href":"https:\/\/api.w.org\/{rel}","templated":true}]}}