{"id":70879216341,"date":"2026-09-06T17:51:59","date_gmt":"2026-09-06T22:51:59","guid":{"rendered":"https:\/\/pagina10.com\/web\/?p=70879216341"},"modified":"2026-09-06T17:53:55","modified_gmt":"2026-09-06T22:53:55","slug":"alejandro-valencia-tejada-el-hombre-que-lleno-de-gatas-el-rio-cali","status":"publish","type":"post","link":"https:\/\/pagina10.com\/web\/alejandro-valencia-tejada-el-hombre-que-lleno-de-gatas-el-rio-cali\/","title":{"rendered":"Alejandro Valencia Tejada, el hombre que llen\u00f3 de gatas el r\u00edo Cali"},"content":{"rendered":"<p style=\"text-align: justify;\">Por Albeiro Arciniegas<\/p>\n<p style=\"text-align: justify;\"><em>Hijo de la pintora colombiana Lucy Tejada y sobrino de Hernando Tejada, Alejandro recuerda el origen de las esculturas que se convirtieron en uno de los s\u00edmbolos de Cali. Formado de manera emp\u00edrica, comenz\u00f3 haciendo caballos y termin\u00f3 creando una familia de felinos que hoy forma parte del paisaje de la capital vallecaucana.<\/em><\/p>\n<p style=\"text-align: justify;\">Hay territorios que tienen monumentos; otros que convierten sus espacios p\u00fablicos en museos al aire libre: Cali pertenece a esta segunda categor\u00eda. A orillas del r\u00edo que atraviesa la ciudad, cerca del bulevar, un conjunto de esculturas felinas termin\u00f3 convertido en ic\u00f3nico y homenaje a la cultura. Las gatas del r\u00edo Cali es una estampa urbana que comenz\u00f3 con una idea aparentemente sencilla: darle compa\u00f1\u00eda al famoso <em>Gato del R\u00edo<\/em> creado por el escultor risaraldense Hernando Tejada.<\/p>\n<p style=\"text-align: justify;\">Alejandro Valencia recuerda que el origen de aquellas figuras estuvo relacionado con una conversaci\u00f3n familiar y con una propuesta algo casual. El presidente de la C\u00e1mara de Comercio de Cali plante\u00f3 la posibilidad de crear la novia del gato que su t\u00edo hab\u00eda instalado junto al r\u00edo. Valencia hab\u00eda conocido el <em>Cow Parade<\/em>, proyecto internacional que convirti\u00f3 esculturas de vacas en piezas de arte p\u00fablico intervenidas por distintos artistas.<\/p>\n<p style=\"text-align: justify;\">La idea le pareci\u00f3 trasladable a Cali. \u201cYo hab\u00eda estado estudiando el <em>Cow Parade<\/em> en esos d\u00edas\u201d. Y cuando recibi\u00f3 la propuesta respondi\u00f3: \u201cDoctor, yo lo realizo\u201d.<\/p>\n<p style=\"text-align: justify;\">Un a\u00f1o despu\u00e9s lleg\u00f3 el encargo. Alejandro Valencia prepar\u00f3 el proyecto planteando tres esculturas: una gata caminando, otra sentada y una tercera profundamente dormida. Aquella primera familia acabar\u00eda multiplic\u00e1ndose. Hoy Cali cuenta con alrededor de medio centenar de gatas, muchas de ellas integradas en el paisaje urbano y convertidas en un atractivo tur\u00edstico<\/p>\n<p style=\"text-align: justify;\">La historia de Alejandro Valencia Tejada, sin embargo, comenz\u00f3 mucho antes de aquel proyecto. Nacido en Bogot\u00e1, creci\u00f3 dentro de una familia en la que el arte era parte de la vida cotidiana. Su padre tambi\u00e9n era pintor. Su madre, Lucy Tejada, fue una de las figuras fundamentales de la pintura colombiana del siglo XX y su t\u00edo Hernando Tejada alcanzar\u00eda tambi\u00e9n un lugar destacado en el arte nacional.<\/p>\n<p style=\"text-align: justify;\">\u201cNunca tuve formaci\u00f3n acad\u00e9mica\u201d, recuerda Alejandro. \u201cYo fui emp\u00edrico\u201d. En su caso, el aprendizaje en buena medida tuvo lugar dentro de su entorno familiar que era rico en talento y vocaci\u00f3n por la creaci\u00f3n art\u00edstica y, antes de que aparecieran las gatas, fueron los caballos su tema favorito. Durante a\u00f1os se dedic\u00f3 a realizar peque\u00f1as esculturas de equinos y lleg\u00f3 a ser reconocido por esa especialidad.<\/p>\n<p style=\"text-align: justify;\">\u201cYo llevo el caballo en mi sangre desde ni\u00f1o\u201d, dice. Por lo tanto, su llegada a las gatas fue la consecuencia de una iniciativa de la C\u00e1mara, sin pensar que estos animales terminar\u00edan convertidos en un s\u00edmbolo para la ciudad. \u201cLo de la gata fue circunstancial. Si no, hubiera seguido haciendo caballos\u201d, manifiesta.<\/p>\n<p style=\"text-align: justify;\"><strong>El legado familiar<\/strong><\/p>\n<p style=\"text-align: justify;\">Adentrarse en la biograf\u00eda de Alejandro Valencia es entender que est\u00e1 marcada por los viajes. Cuando ten\u00eda cuatro a\u00f1os, su familia se traslad\u00f3 a Espa\u00f1a despu\u00e9s de que su padre obtuviera una beca internacional de pintura. Su madre recibi\u00f3 entonces el segundo premio.<\/p>\n<p style=\"text-align: justify;\">La estancia dur\u00f3 cuatro a\u00f1os y su padre los dej\u00f3 en Europa. Entonces Lucy Tejada regres\u00f3 con sus hijos a Colombia. El retorno estuvo acompa\u00f1ado de una circunstancia decisiva para la familia: meses despu\u00e9s, su madre obtuvo el primer premio nacional de pintura. Aquello permiti\u00f3 a la familia superar, al menos parcialmente, las dificultades econ\u00f3micas de los primeros a\u00f1os.<\/p>\n<p style=\"text-align: justify;\">Lucy y Hernando aparecen en su relato como figuras de una dimensi\u00f3n art\u00edstica excepcional. Y lo son. Hernando es uno de los artistas ic\u00f3nicos del pa\u00eds. Y la importancia de su madre no radica \u00fanicamente en su obra, sino tambi\u00e9n en haber construido una trayectoria art\u00edstica en una \u00e9poca en la que el mundo del arte estaba dominado por los hombres. \u201cFue una mujer muy valiente\u201d, dice el escultor.<\/p>\n<p style=\"text-align: justify;\">Actualmente, el legado de Lucy Tejada permanece vivo en la ciudad de Pereira donde existe un centro cultural que lleva su nombre y conserva parte de su memoria art\u00edstica. El propio Alejandro establece una comparaci\u00f3n que revela su manera de entender el legado familiar. Cuando se le pregunta por el aporte de los Tejada a la cultura colombiana, no duda en destacarlo, pero evita colocarse a la misma altura, pues su aporte personal lo considera m\u00e1s modesto. \u201cEllos eran personas superiores. Y lo digo con honestidad\u201d.<\/p>\n<p style=\"text-align: justify;\">En los \u00faltimos a\u00f1os, Alejandro Valencia centra su actividad en la conservaci\u00f3n de la memoria. Ha realizado dos retrospectivas dedicadas a sus familiares y public\u00f3 dos libros, uno con la obra de Hernando y otro con la de su madre. Son trabajos que \u00e9l mismo comercializa y que considera referencias importantes para acercarse a la calidad art\u00edstica de ambos.<\/p>\n<p style=\"text-align: justify;\">Lo cierto es que con su trabajo los Tejada terminaron construyendo una especie de genealog\u00eda art\u00edstica que atraviesa varias generaciones. Y all\u00ed est\u00e1 el r\u00edo. Con sus espacios adaptados para el deporte y el bienestar f\u00edsico, para el encuentro de la familia alrededor de un caf\u00e9 o para contemplar el reino de las gatas en la compa\u00f1\u00eda de un amigo. Es dif\u00edcil concebir al r\u00edo Cali actualmente sin la presencia felina que domina bajo su ornamentaci\u00f3n vegetal y la calidez de su clima.<\/p>\n<p style=\"text-align: justify;\">\n","protected":false},"excerpt":{"rendered":"<p>Por Albeiro Arciniegas Hijo de la pintora colombiana Lucy Tejada y sobrino de Hernando Tejada, Alejandro recuerda el origen de las esculturas que se convirtieron en uno de los s\u00edmbolos de Cali. Formado de manera emp\u00edrica, comenz\u00f3 haciendo caballos y termin\u00f3 creando una familia de felinos que hoy forma parte del paisaje de la capital [&hellip;]<\/p>\n","protected":false},"author":17,"featured_media":70879216343,"comment_status":"open","ping_status":"open","sticky":false,"template":"","format":"standard","meta":{"footnotes":""},"categories":[85],"tags":[],"class_list":["post-70879216341","post","type-post","status-publish","format-standard","has-post-thumbnail","hentry","category-culturas-2"],"yoast_head":"<!-- This site is optimized with the Yoast SEO plugin v27.1.1 - https:\/\/yoast.com\/product\/yoast-seo-wordpress\/ -->\n<title>Alejandro Valencia Tejada, el hombre que llen\u00f3 de gatas el r\u00edo Cali | P\u00e1gina10<\/title>\n<meta name=\"robots\" content=\"index, follow, max-snippet:-1, max-image-preview:large, max-video-preview:-1\" \/>\n<link rel=\"canonical\" href=\"https:\/\/pagina10.com\/web\/alejandro-valencia-tejada-el-hombre-que-lleno-de-gatas-el-rio-cali\/\" \/>\n<meta property=\"og:locale\" content=\"es_ES\" \/>\n<meta property=\"og:type\" content=\"article\" \/>\n<meta property=\"og:title\" content=\"Alejandro Valencia Tejada, el hombre que llen\u00f3 de gatas el r\u00edo Cali | P\u00e1gina10\" \/>\n<meta property=\"og:description\" content=\"Por Albeiro Arciniegas Hijo de la pintora colombiana Lucy Tejada y sobrino de Hernando Tejada, Alejandro recuerda el origen de las esculturas que se convirtieron en uno de los s\u00edmbolos de Cali. Formado de manera emp\u00edrica, comenz\u00f3 haciendo caballos y termin\u00f3 creando una familia de felinos que hoy forma parte del paisaje de la capital [&hellip;]\" \/>\n<meta property=\"og:url\" content=\"https:\/\/pagina10.com\/web\/alejandro-valencia-tejada-el-hombre-que-lleno-de-gatas-el-rio-cali\/\" \/>\n<meta property=\"og:site_name\" content=\"P\u00e1gina10\" \/>\n<meta property=\"article:publisher\" content=\"https:\/\/www.facebook.com\/pag10com\" \/>\n<meta property=\"article:published_time\" content=\"2026-09-06T22:51:59+00:00\" \/>\n<meta property=\"article:modified_time\" content=\"2026-09-06T22:53:55+00:00\" \/>\n<meta property=\"og:image\" content=\"https:\/\/pagina10.com\/web\/wp-content\/uploads\/2026\/09\/Alejandro-Valencia-Tejada-e1788735209886.jpg\" \/>\n\t<meta property=\"og:image:width\" content=\"1900\" \/>\n\t<meta property=\"og:image:height\" content=\"1890\" \/>\n\t<meta property=\"og:image:type\" content=\"image\/jpeg\" \/>\n<meta name=\"author\" content=\"Albeiro Arciniegas\" \/>\n<meta name=\"twitter:card\" content=\"summary_large_image\" \/>\n<meta name=\"twitter:creator\" content=\"@Pag10com\" \/>\n<meta name=\"twitter:site\" content=\"@Pag10com\" \/>\n<meta name=\"twitter:label1\" content=\"Escrito por\" \/>\n\t<meta name=\"twitter:data1\" content=\"Albeiro Arciniegas\" \/>\n\t<meta name=\"twitter:label2\" content=\"Tiempo de lectura\" \/>\n\t<meta name=\"twitter:data2\" content=\"5 minutos\" \/>\n<script type=\"application\/ld+json\" class=\"yoast-schema-graph\">{\"@context\":\"https:\/\/schema.org\",\"@graph\":[{\"@type\":\"Article\",\"@id\":\"https:\/\/pagina10.com\/web\/alejandro-valencia-tejada-el-hombre-que-lleno-de-gatas-el-rio-cali\/#article\",\"isPartOf\":{\"@id\":\"https:\/\/pagina10.com\/web\/alejandro-valencia-tejada-el-hombre-que-lleno-de-gatas-el-rio-cali\/\"},\"author\":{\"name\":\"Albeiro Arciniegas\",\"@id\":\"https:\/\/pagina10.com\/web\/#\/schema\/person\/334a167008451d8dce4633b56c1082b8\"},\"headline\":\"Alejandro Valencia Tejada, el hombre que llen\u00f3 de gatas el r\u00edo Cali\",\"datePublished\":\"2026-09-06T22:51:59+00:00\",\"dateModified\":\"2026-09-06T22:53:55+00:00\",\"mainEntityOfPage\":{\"@id\":\"https:\/\/pagina10.com\/web\/alejandro-valencia-tejada-el-hombre-que-lleno-de-gatas-el-rio-cali\/\"},\"wordCount\":954,\"commentCount\":0,\"publisher\":{\"@id\":\"https:\/\/pagina10.com\/web\/#organization\"},\"image\":{\"@id\":\"https:\/\/pagina10.com\/web\/alejandro-valencia-tejada-el-hombre-que-lleno-de-gatas-el-rio-cali\/#primaryimage\"},\"thumbnailUrl\":\"https:\/\/pagina10.com\/web\/wp-content\/uploads\/2026\/09\/Alejandro-Valencia-Tejada-e1788735209886.jpg\",\"articleSection\":[\"Culturas\"],\"inLanguage\":\"es\",\"potentialAction\":[{\"@type\":\"CommentAction\",\"name\":\"Comment\",\"target\":[\"https:\/\/pagina10.com\/web\/alejandro-valencia-tejada-el-hombre-que-lleno-de-gatas-el-rio-cali\/#respond\"]}]},{\"@type\":\"WebPage\",\"@id\":\"https:\/\/pagina10.com\/web\/alejandro-valencia-tejada-el-hombre-que-lleno-de-gatas-el-rio-cali\/\",\"url\":\"https:\/\/pagina10.com\/web\/alejandro-valencia-tejada-el-hombre-que-lleno-de-gatas-el-rio-cali\/\",\"name\":\"Alejandro Valencia Tejada, el hombre que llen\u00f3 de gatas el r\u00edo Cali | P\u00e1gina10\",\"isPartOf\":{\"@id\":\"https:\/\/pagina10.com\/web\/#website\"},\"primaryImageOfPage\":{\"@id\":\"https:\/\/pagina10.com\/web\/alejandro-valencia-tejada-el-hombre-que-lleno-de-gatas-el-rio-cali\/#primaryimage\"},\"image\":{\"@id\":\"https:\/\/pagina10.com\/web\/alejandro-valencia-tejada-el-hombre-que-lleno-de-gatas-el-rio-cali\/#primaryimage\"},\"thumbnailUrl\":\"https:\/\/pagina10.com\/web\/wp-content\/uploads\/2026\/09\/Alejandro-Valencia-Tejada-e1788735209886.jpg\",\"datePublished\":\"2026-09-06T22:51:59+00:00\",\"dateModified\":\"2026-09-06T22:53:55+00:00\",\"breadcrumb\":{\"@id\":\"https:\/\/pagina10.com\/web\/alejandro-valencia-tejada-el-hombre-que-lleno-de-gatas-el-rio-cali\/#breadcrumb\"},\"inLanguage\":\"es\",\"potentialAction\":[{\"@type\":\"ReadAction\",\"target\":[\"https:\/\/pagina10.com\/web\/alejandro-valencia-tejada-el-hombre-que-lleno-de-gatas-el-rio-cali\/\"]}]},{\"@type\":\"ImageObject\",\"inLanguage\":\"es\",\"@id\":\"https:\/\/pagina10.com\/web\/alejandro-valencia-tejada-el-hombre-que-lleno-de-gatas-el-rio-cali\/#primaryimage\",\"url\":\"https:\/\/pagina10.com\/web\/wp-content\/uploads\/2026\/09\/Alejandro-Valencia-Tejada-e1788735209886.jpg\",\"contentUrl\":\"https:\/\/pagina10.com\/web\/wp-content\/uploads\/2026\/09\/Alejandro-Valencia-Tejada-e1788735209886.jpg\",\"width\":1900,\"height\":1890},{\"@type\":\"BreadcrumbList\",\"@id\":\"https:\/\/pagina10.com\/web\/alejandro-valencia-tejada-el-hombre-que-lleno-de-gatas-el-rio-cali\/#breadcrumb\",\"itemListElement\":[{\"@type\":\"ListItem\",\"position\":1,\"name\":\"Portada\",\"item\":\"https:\/\/pagina10.com\/web\/\"},{\"@type\":\"ListItem\",\"position\":2,\"name\":\"Alejandro Valencia Tejada, el hombre que llen\u00f3 de gatas el r\u00edo Cali\"}]},{\"@type\":\"WebSite\",\"@id\":\"https:\/\/pagina10.com\/web\/#website\",\"url\":\"https:\/\/pagina10.com\/web\/\",\"name\":\"P\u00e1gina10\",\"description\":\"Peri\u00f3dico Regional\",\"publisher\":{\"@id\":\"https:\/\/pagina10.com\/web\/#organization\"},\"alternateName\":\"P\u00e1gina10 Peri\u00f3dico Regional\",\"potentialAction\":[{\"@type\":\"SearchAction\",\"target\":{\"@type\":\"EntryPoint\",\"urlTemplate\":\"https:\/\/pagina10.com\/web\/?s={search_term_string}\"},\"query-input\":{\"@type\":\"PropertyValueSpecification\",\"valueRequired\":true,\"valueName\":\"search_term_string\"}}],\"inLanguage\":\"es\"},{\"@type\":\"Organization\",\"@id\":\"https:\/\/pagina10.com\/web\/#organization\",\"name\":\"P\u00e1gina10\",\"alternateName\":\"P\u00e1gina10 Peri\u00f3dico Regional\",\"url\":\"https:\/\/pagina10.com\/web\/\",\"logo\":{\"@type\":\"ImageObject\",\"inLanguage\":\"es\",\"@id\":\"https:\/\/pagina10.com\/web\/#\/schema\/logo\/image\/\",\"url\":\"https:\/\/pagina10.com\/web\/wp-content\/uploads\/2024\/01\/40-pagina-10-periodico-regional-pasto.jpg\",\"contentUrl\":\"https:\/\/pagina10.com\/web\/wp-content\/uploads\/2024\/01\/40-pagina-10-periodico-regional-pasto.jpg\",\"width\":1280,\"height\":720,\"caption\":\"P\u00e1gina10\"},\"image\":{\"@id\":\"https:\/\/pagina10.com\/web\/#\/schema\/logo\/image\/\"},\"sameAs\":[\"https:\/\/www.facebook.com\/pag10com\",\"https:\/\/x.com\/Pag10com\",\"https:\/\/www.instagram.com\/pagina10col\/\",\"https:\/\/youtube.com\/channel\/pag10\",\"https:\/\/www.tiktok.com\/@p10col\"]},{\"@type\":\"Person\",\"@id\":\"https:\/\/pagina10.com\/web\/#\/schema\/person\/334a167008451d8dce4633b56c1082b8\",\"name\":\"Albeiro Arciniegas\",\"description\":\"Escritor. Periodista. Licenciado en Filosof\u00eda y Letras y Mag\u00edster en Etnoliteratura de la Universidad de Nari\u00f1o. Ha publicado dos libros: Los decadentes y otros cuentos, con la Editorial Pre-textos de Valencia, Espa\u00f1a, y 5-12, Operaci\u00f3n Cauterio\/ Los decadentes y otros cuentos, con Ediciones Mascaluna de Medell\u00edn. Ganador del Concurso Nacional de Cuento de la Universidad Metropolitana de Barranquilla, finalista del Concurso de Cuentos \u201cCarlos Castro Saavedra\u201d de Medell\u00edn y ganador del Concurso Nacional de Cuento \u201cNuevo Milenio\u201d de Pereira. En Espa\u00f1a, gan\u00f3 el Premio Internacional de Libros de Cuentos \u201cManuel Llano\u201d, otorgado por el gobierno de Cantabria. Es el creador del Concurso Internacional de Cuento Ecol\u00f3gico \u201cCiudad de Pupiales\u201d, evento literario que cuenta con la participaci\u00f3n de escritores de los cinco continentes, especialmente de Am\u00e9rica y Europa. Actualmente, inmerso en la preparaci\u00f3n de su primera novela y algunos art\u00edculos de prensa. E-mail: albeiroarciniegas@yahoo.com.ar\",\"url\":\"https:\/\/pagina10.com\/web\/author\/aarciniegas\/\"}]}<\/script>\n<!-- \/ Yoast SEO plugin. -->","yoast_head_json":{"title":"Alejandro Valencia Tejada, el hombre que llen\u00f3 de gatas el r\u00edo Cali | P\u00e1gina10","robots":{"index":"index","follow":"follow","max-snippet":"max-snippet:-1","max-image-preview":"max-image-preview:large","max-video-preview":"max-video-preview:-1"},"canonical":"https:\/\/pagina10.com\/web\/alejandro-valencia-tejada-el-hombre-que-lleno-de-gatas-el-rio-cali\/","og_locale":"es_ES","og_type":"article","og_title":"Alejandro Valencia Tejada, el hombre que llen\u00f3 de gatas el r\u00edo Cali | P\u00e1gina10","og_description":"Por Albeiro Arciniegas Hijo de la pintora colombiana Lucy Tejada y sobrino de Hernando Tejada, Alejandro recuerda el origen de las esculturas que se convirtieron en uno de los s\u00edmbolos de Cali. Formado de manera emp\u00edrica, comenz\u00f3 haciendo caballos y termin\u00f3 creando una familia de felinos que hoy forma parte del paisaje de la capital [&hellip;]","og_url":"https:\/\/pagina10.com\/web\/alejandro-valencia-tejada-el-hombre-que-lleno-de-gatas-el-rio-cali\/","og_site_name":"P\u00e1gina10","article_publisher":"https:\/\/www.facebook.com\/pag10com","article_published_time":"2026-09-06T22:51:59+00:00","article_modified_time":"2026-09-06T22:53:55+00:00","og_image":[{"width":1900,"height":1890,"url":"https:\/\/pagina10.com\/web\/wp-content\/uploads\/2026\/09\/Alejandro-Valencia-Tejada-e1788735209886.jpg","type":"image\/jpeg"}],"author":"Albeiro Arciniegas","twitter_card":"summary_large_image","twitter_creator":"@Pag10com","twitter_site":"@Pag10com","twitter_misc":{"Escrito por":"Albeiro Arciniegas","Tiempo de lectura":"5 minutos"},"schema":{"@context":"https:\/\/schema.org","@graph":[{"@type":"Article","@id":"https:\/\/pagina10.com\/web\/alejandro-valencia-tejada-el-hombre-que-lleno-de-gatas-el-rio-cali\/#article","isPartOf":{"@id":"https:\/\/pagina10.com\/web\/alejandro-valencia-tejada-el-hombre-que-lleno-de-gatas-el-rio-cali\/"},"author":{"name":"Albeiro Arciniegas","@id":"https:\/\/pagina10.com\/web\/#\/schema\/person\/334a167008451d8dce4633b56c1082b8"},"headline":"Alejandro Valencia Tejada, el hombre que llen\u00f3 de gatas el r\u00edo Cali","datePublished":"2026-09-06T22:51:59+00:00","dateModified":"2026-09-06T22:53:55+00:00","mainEntityOfPage":{"@id":"https:\/\/pagina10.com\/web\/alejandro-valencia-tejada-el-hombre-que-lleno-de-gatas-el-rio-cali\/"},"wordCount":954,"commentCount":0,"publisher":{"@id":"https:\/\/pagina10.com\/web\/#organization"},"image":{"@id":"https:\/\/pagina10.com\/web\/alejandro-valencia-tejada-el-hombre-que-lleno-de-gatas-el-rio-cali\/#primaryimage"},"thumbnailUrl":"https:\/\/pagina10.com\/web\/wp-content\/uploads\/2026\/09\/Alejandro-Valencia-Tejada-e1788735209886.jpg","articleSection":["Culturas"],"inLanguage":"es","potentialAction":[{"@type":"CommentAction","name":"Comment","target":["https:\/\/pagina10.com\/web\/alejandro-valencia-tejada-el-hombre-que-lleno-de-gatas-el-rio-cali\/#respond"]}]},{"@type":"WebPage","@id":"https:\/\/pagina10.com\/web\/alejandro-valencia-tejada-el-hombre-que-lleno-de-gatas-el-rio-cali\/","url":"https:\/\/pagina10.com\/web\/alejandro-valencia-tejada-el-hombre-que-lleno-de-gatas-el-rio-cali\/","name":"Alejandro Valencia Tejada, el hombre que llen\u00f3 de gatas el r\u00edo Cali | P\u00e1gina10","isPartOf":{"@id":"https:\/\/pagina10.com\/web\/#website"},"primaryImageOfPage":{"@id":"https:\/\/pagina10.com\/web\/alejandro-valencia-tejada-el-hombre-que-lleno-de-gatas-el-rio-cali\/#primaryimage"},"image":{"@id":"https:\/\/pagina10.com\/web\/alejandro-valencia-tejada-el-hombre-que-lleno-de-gatas-el-rio-cali\/#primaryimage"},"thumbnailUrl":"https:\/\/pagina10.com\/web\/wp-content\/uploads\/2026\/09\/Alejandro-Valencia-Tejada-e1788735209886.jpg","datePublished":"2026-09-06T22:51:59+00:00","dateModified":"2026-09-06T22:53:55+00:00","breadcrumb":{"@id":"https:\/\/pagina10.com\/web\/alejandro-valencia-tejada-el-hombre-que-lleno-de-gatas-el-rio-cali\/#breadcrumb"},"inLanguage":"es","potentialAction":[{"@type":"ReadAction","target":["https:\/\/pagina10.com\/web\/alejandro-valencia-tejada-el-hombre-que-lleno-de-gatas-el-rio-cali\/"]}]},{"@type":"ImageObject","inLanguage":"es","@id":"https:\/\/pagina10.com\/web\/alejandro-valencia-tejada-el-hombre-que-lleno-de-gatas-el-rio-cali\/#primaryimage","url":"https:\/\/pagina10.com\/web\/wp-content\/uploads\/2026\/09\/Alejandro-Valencia-Tejada-e1788735209886.jpg","contentUrl":"https:\/\/pagina10.com\/web\/wp-content\/uploads\/2026\/09\/Alejandro-Valencia-Tejada-e1788735209886.jpg","width":1900,"height":1890},{"@type":"BreadcrumbList","@id":"https:\/\/pagina10.com\/web\/alejandro-valencia-tejada-el-hombre-que-lleno-de-gatas-el-rio-cali\/#breadcrumb","itemListElement":[{"@type":"ListItem","position":1,"name":"Portada","item":"https:\/\/pagina10.com\/web\/"},{"@type":"ListItem","position":2,"name":"Alejandro Valencia Tejada, el hombre que llen\u00f3 de gatas el r\u00edo Cali"}]},{"@type":"WebSite","@id":"https:\/\/pagina10.com\/web\/#website","url":"https:\/\/pagina10.com\/web\/","name":"P\u00e1gina10","description":"Peri\u00f3dico Regional","publisher":{"@id":"https:\/\/pagina10.com\/web\/#organization"},"alternateName":"P\u00e1gina10 Peri\u00f3dico Regional","potentialAction":[{"@type":"SearchAction","target":{"@type":"EntryPoint","urlTemplate":"https:\/\/pagina10.com\/web\/?s={search_term_string}"},"query-input":{"@type":"PropertyValueSpecification","valueRequired":true,"valueName":"search_term_string"}}],"inLanguage":"es"},{"@type":"Organization","@id":"https:\/\/pagina10.com\/web\/#organization","name":"P\u00e1gina10","alternateName":"P\u00e1gina10 Peri\u00f3dico Regional","url":"https:\/\/pagina10.com\/web\/","logo":{"@type":"ImageObject","inLanguage":"es","@id":"https:\/\/pagina10.com\/web\/#\/schema\/logo\/image\/","url":"https:\/\/pagina10.com\/web\/wp-content\/uploads\/2024\/01\/40-pagina-10-periodico-regional-pasto.jpg","contentUrl":"https:\/\/pagina10.com\/web\/wp-content\/uploads\/2024\/01\/40-pagina-10-periodico-regional-pasto.jpg","width":1280,"height":720,"caption":"P\u00e1gina10"},"image":{"@id":"https:\/\/pagina10.com\/web\/#\/schema\/logo\/image\/"},"sameAs":["https:\/\/www.facebook.com\/pag10com","https:\/\/x.com\/Pag10com","https:\/\/www.instagram.com\/pagina10col\/","https:\/\/youtube.com\/channel\/pag10","https:\/\/www.tiktok.com\/@p10col"]},{"@type":"Person","@id":"https:\/\/pagina10.com\/web\/#\/schema\/person\/334a167008451d8dce4633b56c1082b8","name":"Albeiro Arciniegas","description":"Escritor. Periodista. Licenciado en Filosof\u00eda y Letras y Mag\u00edster en Etnoliteratura de la Universidad de Nari\u00f1o. Ha publicado dos libros: Los decadentes y otros cuentos, con la Editorial Pre-textos de Valencia, Espa\u00f1a, y 5-12, Operaci\u00f3n Cauterio\/ Los decadentes y otros cuentos, con Ediciones Mascaluna de Medell\u00edn. Ganador del Concurso Nacional de Cuento de la Universidad Metropolitana de Barranquilla, finalista del Concurso de Cuentos \u201cCarlos Castro Saavedra\u201d de Medell\u00edn y ganador del Concurso Nacional de Cuento \u201cNuevo Milenio\u201d de Pereira. En Espa\u00f1a, gan\u00f3 el Premio Internacional de Libros de Cuentos \u201cManuel Llano\u201d, otorgado por el gobierno de Cantabria. Es el creador del Concurso Internacional de Cuento Ecol\u00f3gico \u201cCiudad de Pupiales\u201d, evento literario que cuenta con la participaci\u00f3n de escritores de los cinco continentes, especialmente de Am\u00e9rica y Europa. Actualmente, inmerso en la preparaci\u00f3n de su primera novela y algunos art\u00edculos de prensa. E-mail: albeiroarciniegas@yahoo.com.ar","url":"https:\/\/pagina10.com\/web\/author\/aarciniegas\/"}]}},"_links":{"self":[{"href":"https:\/\/pagina10.com\/web\/wp-json\/wp\/v2\/posts\/70879216341","targetHints":{"allow":["GET"]}}],"collection":[{"href":"https:\/\/pagina10.com\/web\/wp-json\/wp\/v2\/posts"}],"about":[{"href":"https:\/\/pagina10.com\/web\/wp-json\/wp\/v2\/types\/post"}],"author":[{"embeddable":true,"href":"https:\/\/pagina10.com\/web\/wp-json\/wp\/v2\/users\/17"}],"replies":[{"embeddable":true,"href":"https:\/\/pagina10.com\/web\/wp-json\/wp\/v2\/comments?post=70879216341"}],"version-history":[{"count":2,"href":"https:\/\/pagina10.com\/web\/wp-json\/wp\/v2\/posts\/70879216341\/revisions"}],"predecessor-version":[{"id":70879216344,"href":"https:\/\/pagina10.com\/web\/wp-json\/wp\/v2\/posts\/70879216341\/revisions\/70879216344"}],"wp:featuredmedia":[{"embeddable":true,"href":"https:\/\/pagina10.com\/web\/wp-json\/wp\/v2\/media\/70879216343"}],"wp:attachment":[{"href":"https:\/\/pagina10.com\/web\/wp-json\/wp\/v2\/media?parent=70879216341"}],"wp:term":[{"taxonomy":"category","embeddable":true,"href":"https:\/\/pagina10.com\/web\/wp-json\/wp\/v2\/categories?post=70879216341"},{"taxonomy":"post_tag","embeddable":true,"href":"https:\/\/pagina10.com\/web\/wp-json\/wp\/v2\/tags?post=70879216341"}],"curies":[{"name":"wp","href":"https:\/\/api.w.org\/{rel}","templated":true}]}}