{"id":71965,"date":"2024-01-04T10:51:27","date_gmt":"2024-01-04T15:51:27","guid":{"rendered":"https:\/\/pagina10.com\/web\/?p=70759"},"modified":"2024-01-04T10:51:27","modified_gmt":"2024-01-04T15:51:27","slug":"congresistas-anuncian-mocion-de-censura-contra-mindeportes","status":"publish","type":"post","link":"https:\/\/pagina10.com\/web\/congresistas-anuncian-mocion-de-censura-contra-mindeportes\/","title":{"rendered":"Congresistas anuncian moci\u00f3n de censura contra Mindeportes"},"content":{"rendered":"<p style=\"text-align: justify;\">La cancelaci\u00f3n de los Juegos Panamericanos 2027 que se realizar\u00edan en Barranquilla desat\u00f3 ola de cr\u00edticas y se\u00f1alamientos hacia el Ministerio del Deporte en Colombia: congresistas de algunos partidos pol\u00edticos informaron su intenci\u00f3n de presentar mociones de censura y debates de control pol\u00edtico contra el ministerio y qui\u00e9n lo lidera, responsabiliz\u00e1ndolo por la \u201cverg\u00fcenza\u201d internacional que caus\u00f3 la suspensi\u00f3n del evento.<\/p>\n<p style=\"text-align: justify;\">La entidad encargada de los Juegos Panamericanos, Panam Sports, confirm\u00f3 oficialmente que Barranquilla ya no ser\u00e1 la sede del importante acontecimiento, aludiendo desacuerdos con el Gobierno colombiano, raz\u00f3n por la cual el foco de atenci\u00f3n se centra en el Congreso, que busca respuestas y responsabilidades.<\/p>\n<p style=\"text-align: justify;\">El senador David Luna, del partido Cambio Radical, expres\u00f3 su c\u00f3lera, culpando a la desidia administrativa y anunciando la presentaci\u00f3n de una moci\u00f3n de censura contra la ministra del Deporte, Astrid Rodr\u00edguez. &#8220;Es lamentable que, existiendo los recursos para organizar los Juegos Panamericanos, el pa\u00eds no lo haya hecho&#8221;, dijo Luna.<\/p>\n<p style=\"text-align: justify;\">El representante del Centro Democr\u00e1tico, Andr\u00e9s Forero, mencion\u00f3, adem\u00e1s, que presentar\u00e1 una proposici\u00f3n en la Comisi\u00f3n S\u00e9ptima de la C\u00e1mara para llevar a cabo un debate de control pol\u00edtico contra el Mindeporte, para esclarecer las razones de la cancelaci\u00f3n y determinar qui\u00e9n o qui\u00e9nes fueron responsables.<\/p>\n<p style=\"text-align: justify;\">En respuesta, el Ministerio del Deporte emiti\u00f3 un comunicado alegando que la decisi\u00f3n de cancelar los juegos fue unilateral y reafirm\u00f3 el compromiso del Gobierno con la realizaci\u00f3n de los Juegos Panamericanos y Parapanamericanos 2027.<\/p>\n","protected":false},"excerpt":{"rendered":"<p>La cancelaci\u00f3n de los Juegos Panamericanos 2027 que se realizar\u00edan en Barranquilla desat\u00f3 ola de cr\u00edticas y se\u00f1alamientos hacia el Ministerio del Deporte en Colombia: congresistas de algunos partidos pol\u00edticos informaron su intenci\u00f3n de presentar mociones de censura y debates de control pol\u00edtico contra el ministerio y qui\u00e9n lo lidera, responsabiliz\u00e1ndolo por la \u201cverg\u00fcenza\u201d internacional [&hellip;]<\/p>\n","protected":false},"author":1,"featured_media":71966,"comment_status":"open","ping_status":"open","sticky":false,"template":"","format":"standard","meta":{"footnotes":""},"categories":[94],"tags":[],"class_list":["post-71965","post","type-post","status-publish","format-standard","has-post-thumbnail","hentry","category-nacional-global-2"],"yoast_head":"<!-- This site is optimized with the Yoast SEO plugin v27.1.1 - https:\/\/yoast.com\/product\/yoast-seo-wordpress\/ -->\n<title>Congresistas anuncian moci\u00f3n de censura contra Mindeportes | P\u00e1gina10<\/title>\n<meta name=\"robots\" content=\"index, follow, max-snippet:-1, max-image-preview:large, max-video-preview:-1\" \/>\n<link rel=\"canonical\" href=\"https:\/\/pagina10.com\/web\/congresistas-anuncian-mocion-de-censura-contra-mindeportes\/\" \/>\n<meta property=\"og:locale\" content=\"es_ES\" \/>\n<meta property=\"og:type\" content=\"article\" \/>\n<meta property=\"og:title\" content=\"Congresistas anuncian moci\u00f3n de censura contra Mindeportes | P\u00e1gina10\" \/>\n<meta property=\"og:description\" content=\"La cancelaci\u00f3n de los Juegos Panamericanos 2027 que se realizar\u00edan en Barranquilla desat\u00f3 ola de cr\u00edticas y se\u00f1alamientos hacia el Ministerio del Deporte en Colombia: congresistas de algunos partidos pol\u00edticos informaron su intenci\u00f3n de presentar mociones de censura y debates de control pol\u00edtico contra el ministerio y qui\u00e9n lo lidera, responsabiliz\u00e1ndolo por la \u201cverg\u00fcenza\u201d internacional [&hellip;]\" \/>\n<meta property=\"og:url\" content=\"https:\/\/pagina10.com\/web\/congresistas-anuncian-mocion-de-censura-contra-mindeportes\/\" \/>\n<meta property=\"og:site_name\" content=\"P\u00e1gina10\" \/>\n<meta property=\"article:publisher\" content=\"https:\/\/www.facebook.com\/pag10com\" \/>\n<meta property=\"article:published_time\" content=\"2024-01-04T15:51:27+00:00\" \/>\n<meta property=\"og:image\" content=\"https:\/\/pagina10.com\/web\/wp-content\/uploads\/2024\/01\/EVPQC2RKREL5MEGUWT5ENZBF7A.jpg\" \/>\n\t<meta property=\"og:image:width\" content=\"920\" \/>\n\t<meta property=\"og:image:height\" content=\"613\" \/>\n\t<meta property=\"og:image:type\" content=\"image\/jpeg\" \/>\n<meta name=\"author\" content=\"P\u00e1gina 10\" \/>\n<meta name=\"twitter:card\" content=\"summary_large_image\" \/>\n<meta name=\"twitter:creator\" content=\"@Pag10com\" \/>\n<meta name=\"twitter:site\" content=\"@Pag10com\" \/>\n<meta name=\"twitter:label1\" content=\"Escrito por\" \/>\n\t<meta name=\"twitter:data1\" content=\"P\u00e1gina 10\" \/>\n\t<meta name=\"twitter:label2\" content=\"Tiempo de lectura\" \/>\n\t<meta name=\"twitter:data2\" content=\"1 minuto\" \/>\n<script type=\"application\/ld+json\" class=\"yoast-schema-graph\">{\"@context\":\"https:\/\/schema.org\",\"@graph\":[{\"@type\":\"Article\",\"@id\":\"https:\/\/pagina10.com\/web\/congresistas-anuncian-mocion-de-censura-contra-mindeportes\/#article\",\"isPartOf\":{\"@id\":\"https:\/\/pagina10.com\/web\/congresistas-anuncian-mocion-de-censura-contra-mindeportes\/\"},\"author\":{\"name\":\"P\u00e1gina 10\",\"@id\":\"https:\/\/pagina10.com\/web\/#\/schema\/person\/2efc4a090d25b667d3bc796798a3a81b\"},\"headline\":\"Congresistas anuncian moci\u00f3n de censura contra Mindeportes\",\"datePublished\":\"2024-01-04T15:51:27+00:00\",\"mainEntityOfPage\":{\"@id\":\"https:\/\/pagina10.com\/web\/congresistas-anuncian-mocion-de-censura-contra-mindeportes\/\"},\"wordCount\":275,\"commentCount\":0,\"publisher\":{\"@id\":\"https:\/\/pagina10.com\/web\/#organization\"},\"image\":{\"@id\":\"https:\/\/pagina10.com\/web\/congresistas-anuncian-mocion-de-censura-contra-mindeportes\/#primaryimage\"},\"thumbnailUrl\":\"https:\/\/pagina10.com\/web\/wp-content\/uploads\/2024\/01\/EVPQC2RKREL5MEGUWT5ENZBF7A.jpg\",\"articleSection\":[\"Nacional\"],\"inLanguage\":\"es\",\"potentialAction\":[{\"@type\":\"CommentAction\",\"name\":\"Comment\",\"target\":[\"https:\/\/pagina10.com\/web\/congresistas-anuncian-mocion-de-censura-contra-mindeportes\/#respond\"]}]},{\"@type\":\"WebPage\",\"@id\":\"https:\/\/pagina10.com\/web\/congresistas-anuncian-mocion-de-censura-contra-mindeportes\/\",\"url\":\"https:\/\/pagina10.com\/web\/congresistas-anuncian-mocion-de-censura-contra-mindeportes\/\",\"name\":\"Congresistas anuncian moci\u00f3n de censura contra Mindeportes | P\u00e1gina10\",\"isPartOf\":{\"@id\":\"https:\/\/pagina10.com\/web\/#website\"},\"primaryImageOfPage\":{\"@id\":\"https:\/\/pagina10.com\/web\/congresistas-anuncian-mocion-de-censura-contra-mindeportes\/#primaryimage\"},\"image\":{\"@id\":\"https:\/\/pagina10.com\/web\/congresistas-anuncian-mocion-de-censura-contra-mindeportes\/#primaryimage\"},\"thumbnailUrl\":\"https:\/\/pagina10.com\/web\/wp-content\/uploads\/2024\/01\/EVPQC2RKREL5MEGUWT5ENZBF7A.jpg\",\"datePublished\":\"2024-01-04T15:51:27+00:00\",\"breadcrumb\":{\"@id\":\"https:\/\/pagina10.com\/web\/congresistas-anuncian-mocion-de-censura-contra-mindeportes\/#breadcrumb\"},\"inLanguage\":\"es\",\"potentialAction\":[{\"@type\":\"ReadAction\",\"target\":[\"https:\/\/pagina10.com\/web\/congresistas-anuncian-mocion-de-censura-contra-mindeportes\/\"]}]},{\"@type\":\"ImageObject\",\"inLanguage\":\"es\",\"@id\":\"https:\/\/pagina10.com\/web\/congresistas-anuncian-mocion-de-censura-contra-mindeportes\/#primaryimage\",\"url\":\"https:\/\/pagina10.com\/web\/wp-content\/uploads\/2024\/01\/EVPQC2RKREL5MEGUWT5ENZBF7A.jpg\",\"contentUrl\":\"https:\/\/pagina10.com\/web\/wp-content\/uploads\/2024\/01\/EVPQC2RKREL5MEGUWT5ENZBF7A.jpg\",\"width\":920,\"height\":613},{\"@type\":\"BreadcrumbList\",\"@id\":\"https:\/\/pagina10.com\/web\/congresistas-anuncian-mocion-de-censura-contra-mindeportes\/#breadcrumb\",\"itemListElement\":[{\"@type\":\"ListItem\",\"position\":1,\"name\":\"Portada\",\"item\":\"https:\/\/pagina10.com\/web\/\"},{\"@type\":\"ListItem\",\"position\":2,\"name\":\"Congresistas anuncian moci\u00f3n de censura contra Mindeportes\"}]},{\"@type\":\"WebSite\",\"@id\":\"https:\/\/pagina10.com\/web\/#website\",\"url\":\"https:\/\/pagina10.com\/web\/\",\"name\":\"P\u00e1gina10\",\"description\":\"Peri\u00f3dico Regional\",\"publisher\":{\"@id\":\"https:\/\/pagina10.com\/web\/#organization\"},\"alternateName\":\"P\u00e1gina10 Peri\u00f3dico Regional\",\"potentialAction\":[{\"@type\":\"SearchAction\",\"target\":{\"@type\":\"EntryPoint\",\"urlTemplate\":\"https:\/\/pagina10.com\/web\/?s={search_term_string}\"},\"query-input\":{\"@type\":\"PropertyValueSpecification\",\"valueRequired\":true,\"valueName\":\"search_term_string\"}}],\"inLanguage\":\"es\"},{\"@type\":\"Organization\",\"@id\":\"https:\/\/pagina10.com\/web\/#organization\",\"name\":\"P\u00e1gina10\",\"alternateName\":\"P\u00e1gina10 Peri\u00f3dico Regional\",\"url\":\"https:\/\/pagina10.com\/web\/\",\"logo\":{\"@type\":\"ImageObject\",\"inLanguage\":\"es\",\"@id\":\"https:\/\/pagina10.com\/web\/#\/schema\/logo\/image\/\",\"url\":\"https:\/\/pagina10.com\/web\/wp-content\/uploads\/2024\/01\/40-pagina-10-periodico-regional-pasto.jpg\",\"contentUrl\":\"https:\/\/pagina10.com\/web\/wp-content\/uploads\/2024\/01\/40-pagina-10-periodico-regional-pasto.jpg\",\"width\":1280,\"height\":720,\"caption\":\"P\u00e1gina10\"},\"image\":{\"@id\":\"https:\/\/pagina10.com\/web\/#\/schema\/logo\/image\/\"},\"sameAs\":[\"https:\/\/www.facebook.com\/pag10com\",\"https:\/\/x.com\/Pag10com\",\"https:\/\/www.instagram.com\/pagina10col\/\",\"https:\/\/youtube.com\/channel\/pag10\",\"https:\/\/www.tiktok.com\/@p10col\"]},{\"@type\":\"Person\",\"@id\":\"https:\/\/pagina10.com\/web\/#\/schema\/person\/2efc4a090d25b667d3bc796798a3a81b\",\"name\":\"P\u00e1gina 10\",\"description\":\"P\u00e1gina 10 es un peri\u00f3dico regional que nace en Colombia, en el departamento de Nari\u00f1o, con un enfoque global, fundamentado en cuatro pilares esenciales: la libertad, el pluralismo, la inclusi\u00f3n y la independencia. P\u00e1gina 10 hace referencia a Nari\u00f1o como el d\u00e9cimo departamento creado en Colombia, despu\u00e9s de un proceso pol\u00edtico liderado por actores y actrices regionales con el fin de obtener la independencia y autonom\u00eda de nuestros territorios. Con la creaci\u00f3n de P\u00e1gina 10 se pretende abrir un escenario para el dialogo, la reflexi\u00f3n y el debate que se extienda a otras geograf\u00edas de Am\u00e9rica Latina y del planeta, en una apuesta por transformar colectivamente los desaf\u00edos de un mundo contempor\u00e1neo, m\u00e1s all\u00e1 de las fronteras impuestas.\",\"url\":\"https:\/\/pagina10.com\/web\/author\/pdiezadmin\/\"}]}<\/script>\n<!-- \/ Yoast SEO plugin. -->","yoast_head_json":{"title":"Congresistas anuncian moci\u00f3n de censura contra Mindeportes | P\u00e1gina10","robots":{"index":"index","follow":"follow","max-snippet":"max-snippet:-1","max-image-preview":"max-image-preview:large","max-video-preview":"max-video-preview:-1"},"canonical":"https:\/\/pagina10.com\/web\/congresistas-anuncian-mocion-de-censura-contra-mindeportes\/","og_locale":"es_ES","og_type":"article","og_title":"Congresistas anuncian moci\u00f3n de censura contra Mindeportes | P\u00e1gina10","og_description":"La cancelaci\u00f3n de los Juegos Panamericanos 2027 que se realizar\u00edan en Barranquilla desat\u00f3 ola de cr\u00edticas y se\u00f1alamientos hacia el Ministerio del Deporte en Colombia: congresistas de algunos partidos pol\u00edticos informaron su intenci\u00f3n de presentar mociones de censura y debates de control pol\u00edtico contra el ministerio y qui\u00e9n lo lidera, responsabiliz\u00e1ndolo por la \u201cverg\u00fcenza\u201d internacional [&hellip;]","og_url":"https:\/\/pagina10.com\/web\/congresistas-anuncian-mocion-de-censura-contra-mindeportes\/","og_site_name":"P\u00e1gina10","article_publisher":"https:\/\/www.facebook.com\/pag10com","article_published_time":"2024-01-04T15:51:27+00:00","og_image":[{"width":920,"height":613,"url":"https:\/\/pagina10.com\/web\/wp-content\/uploads\/2024\/01\/EVPQC2RKREL5MEGUWT5ENZBF7A.jpg","type":"image\/jpeg"}],"author":"P\u00e1gina 10","twitter_card":"summary_large_image","twitter_creator":"@Pag10com","twitter_site":"@Pag10com","twitter_misc":{"Escrito por":"P\u00e1gina 10","Tiempo de lectura":"1 minuto"},"schema":{"@context":"https:\/\/schema.org","@graph":[{"@type":"Article","@id":"https:\/\/pagina10.com\/web\/congresistas-anuncian-mocion-de-censura-contra-mindeportes\/#article","isPartOf":{"@id":"https:\/\/pagina10.com\/web\/congresistas-anuncian-mocion-de-censura-contra-mindeportes\/"},"author":{"name":"P\u00e1gina 10","@id":"https:\/\/pagina10.com\/web\/#\/schema\/person\/2efc4a090d25b667d3bc796798a3a81b"},"headline":"Congresistas anuncian moci\u00f3n de censura contra Mindeportes","datePublished":"2024-01-04T15:51:27+00:00","mainEntityOfPage":{"@id":"https:\/\/pagina10.com\/web\/congresistas-anuncian-mocion-de-censura-contra-mindeportes\/"},"wordCount":275,"commentCount":0,"publisher":{"@id":"https:\/\/pagina10.com\/web\/#organization"},"image":{"@id":"https:\/\/pagina10.com\/web\/congresistas-anuncian-mocion-de-censura-contra-mindeportes\/#primaryimage"},"thumbnailUrl":"https:\/\/pagina10.com\/web\/wp-content\/uploads\/2024\/01\/EVPQC2RKREL5MEGUWT5ENZBF7A.jpg","articleSection":["Nacional"],"inLanguage":"es","potentialAction":[{"@type":"CommentAction","name":"Comment","target":["https:\/\/pagina10.com\/web\/congresistas-anuncian-mocion-de-censura-contra-mindeportes\/#respond"]}]},{"@type":"WebPage","@id":"https:\/\/pagina10.com\/web\/congresistas-anuncian-mocion-de-censura-contra-mindeportes\/","url":"https:\/\/pagina10.com\/web\/congresistas-anuncian-mocion-de-censura-contra-mindeportes\/","name":"Congresistas anuncian moci\u00f3n de censura contra Mindeportes | P\u00e1gina10","isPartOf":{"@id":"https:\/\/pagina10.com\/web\/#website"},"primaryImageOfPage":{"@id":"https:\/\/pagina10.com\/web\/congresistas-anuncian-mocion-de-censura-contra-mindeportes\/#primaryimage"},"image":{"@id":"https:\/\/pagina10.com\/web\/congresistas-anuncian-mocion-de-censura-contra-mindeportes\/#primaryimage"},"thumbnailUrl":"https:\/\/pagina10.com\/web\/wp-content\/uploads\/2024\/01\/EVPQC2RKREL5MEGUWT5ENZBF7A.jpg","datePublished":"2024-01-04T15:51:27+00:00","breadcrumb":{"@id":"https:\/\/pagina10.com\/web\/congresistas-anuncian-mocion-de-censura-contra-mindeportes\/#breadcrumb"},"inLanguage":"es","potentialAction":[{"@type":"ReadAction","target":["https:\/\/pagina10.com\/web\/congresistas-anuncian-mocion-de-censura-contra-mindeportes\/"]}]},{"@type":"ImageObject","inLanguage":"es","@id":"https:\/\/pagina10.com\/web\/congresistas-anuncian-mocion-de-censura-contra-mindeportes\/#primaryimage","url":"https:\/\/pagina10.com\/web\/wp-content\/uploads\/2024\/01\/EVPQC2RKREL5MEGUWT5ENZBF7A.jpg","contentUrl":"https:\/\/pagina10.com\/web\/wp-content\/uploads\/2024\/01\/EVPQC2RKREL5MEGUWT5ENZBF7A.jpg","width":920,"height":613},{"@type":"BreadcrumbList","@id":"https:\/\/pagina10.com\/web\/congresistas-anuncian-mocion-de-censura-contra-mindeportes\/#breadcrumb","itemListElement":[{"@type":"ListItem","position":1,"name":"Portada","item":"https:\/\/pagina10.com\/web\/"},{"@type":"ListItem","position":2,"name":"Congresistas anuncian moci\u00f3n de censura contra Mindeportes"}]},{"@type":"WebSite","@id":"https:\/\/pagina10.com\/web\/#website","url":"https:\/\/pagina10.com\/web\/","name":"P\u00e1gina10","description":"Peri\u00f3dico Regional","publisher":{"@id":"https:\/\/pagina10.com\/web\/#organization"},"alternateName":"P\u00e1gina10 Peri\u00f3dico Regional","potentialAction":[{"@type":"SearchAction","target":{"@type":"EntryPoint","urlTemplate":"https:\/\/pagina10.com\/web\/?s={search_term_string}"},"query-input":{"@type":"PropertyValueSpecification","valueRequired":true,"valueName":"search_term_string"}}],"inLanguage":"es"},{"@type":"Organization","@id":"https:\/\/pagina10.com\/web\/#organization","name":"P\u00e1gina10","alternateName":"P\u00e1gina10 Peri\u00f3dico Regional","url":"https:\/\/pagina10.com\/web\/","logo":{"@type":"ImageObject","inLanguage":"es","@id":"https:\/\/pagina10.com\/web\/#\/schema\/logo\/image\/","url":"https:\/\/pagina10.com\/web\/wp-content\/uploads\/2024\/01\/40-pagina-10-periodico-regional-pasto.jpg","contentUrl":"https:\/\/pagina10.com\/web\/wp-content\/uploads\/2024\/01\/40-pagina-10-periodico-regional-pasto.jpg","width":1280,"height":720,"caption":"P\u00e1gina10"},"image":{"@id":"https:\/\/pagina10.com\/web\/#\/schema\/logo\/image\/"},"sameAs":["https:\/\/www.facebook.com\/pag10com","https:\/\/x.com\/Pag10com","https:\/\/www.instagram.com\/pagina10col\/","https:\/\/youtube.com\/channel\/pag10","https:\/\/www.tiktok.com\/@p10col"]},{"@type":"Person","@id":"https:\/\/pagina10.com\/web\/#\/schema\/person\/2efc4a090d25b667d3bc796798a3a81b","name":"P\u00e1gina 10","description":"P\u00e1gina 10 es un peri\u00f3dico regional que nace en Colombia, en el departamento de Nari\u00f1o, con un enfoque global, fundamentado en cuatro pilares esenciales: la libertad, el pluralismo, la inclusi\u00f3n y la independencia. P\u00e1gina 10 hace referencia a Nari\u00f1o como el d\u00e9cimo departamento creado en Colombia, despu\u00e9s de un proceso pol\u00edtico liderado por actores y actrices regionales con el fin de obtener la independencia y autonom\u00eda de nuestros territorios. Con la creaci\u00f3n de P\u00e1gina 10 se pretende abrir un escenario para el dialogo, la reflexi\u00f3n y el debate que se extienda a otras geograf\u00edas de Am\u00e9rica Latina y del planeta, en una apuesta por transformar colectivamente los desaf\u00edos de un mundo contempor\u00e1neo, m\u00e1s all\u00e1 de las fronteras impuestas.","url":"https:\/\/pagina10.com\/web\/author\/pdiezadmin\/"}]}},"_links":{"self":[{"href":"https:\/\/pagina10.com\/web\/wp-json\/wp\/v2\/posts\/71965","targetHints":{"allow":["GET"]}}],"collection":[{"href":"https:\/\/pagina10.com\/web\/wp-json\/wp\/v2\/posts"}],"about":[{"href":"https:\/\/pagina10.com\/web\/wp-json\/wp\/v2\/types\/post"}],"author":[{"embeddable":true,"href":"https:\/\/pagina10.com\/web\/wp-json\/wp\/v2\/users\/1"}],"replies":[{"embeddable":true,"href":"https:\/\/pagina10.com\/web\/wp-json\/wp\/v2\/comments?post=71965"}],"version-history":[{"count":0,"href":"https:\/\/pagina10.com\/web\/wp-json\/wp\/v2\/posts\/71965\/revisions"}],"wp:featuredmedia":[{"embeddable":true,"href":"https:\/\/pagina10.com\/web\/wp-json\/wp\/v2\/media\/71966"}],"wp:attachment":[{"href":"https:\/\/pagina10.com\/web\/wp-json\/wp\/v2\/media?parent=71965"}],"wp:term":[{"taxonomy":"category","embeddable":true,"href":"https:\/\/pagina10.com\/web\/wp-json\/wp\/v2\/categories?post=71965"},{"taxonomy":"post_tag","embeddable":true,"href":"https:\/\/pagina10.com\/web\/wp-json\/wp\/v2\/tags?post=71965"}],"curies":[{"name":"wp","href":"https:\/\/api.w.org\/{rel}","templated":true}]}}