{"id":72398,"date":"2024-01-10T10:08:55","date_gmt":"2024-01-10T15:08:55","guid":{"rendered":"https:\/\/pagina10.com\/web\/?p=70831"},"modified":"2024-01-10T10:08:55","modified_gmt":"2024-01-10T15:08:55","slug":"70831-2","status":"publish","type":"post","link":"https:\/\/pagina10.com\/web\/70831-2\/","title":{"rendered":"Gobierno financia gastos monumentales en la primera dama, Ver\u00f3nica Alcocer"},"content":{"rendered":"<p style=\"text-align: justify;\">En una revelaci\u00f3n realizada por medio nacional La Silla Vac\u00eda se conoci\u00f3 que Ver\u00f3nica Alcocer, primera dama de Colombia, mantiene un \u201cs\u00e9quito\u201d costoso para el Estado, logrando superar los mil millones de pesos, financiados por el Gobierno de Gustavo Petro. El equipo lo conforman un maquillador, estilista, fot\u00f3grafo y amiga cercana, quienes gestionan la imagen, agenda y compa\u00f1\u00eda de Alcocer.<\/p>\n<p style=\"text-align: justify;\">Los honorarios de sus acompa\u00f1antes est\u00e1n entre 10 y 30 millones de pesos mensuales, adem\u00e1s de los vi\u00e1ticos por ir las actividades, aunque muchas veces no se relacionen con sus roles oficiales. Seg\u00fan el medio nacional el equipo lo conforman Fady Fl\u00f3rez, maquillador y vestuarista; Carolina Plata, mejor amiga y dama de compa\u00f1\u00eda; Maria Antonia Pardo, asesora con sueldo de ministra desde Procolombia; y Mauricio V\u00e9lez, fot\u00f3grafo profesional.<\/p>\n<p style=\"text-align: justify;\">Estos monumentales gastos generan interrogantes sobre la transparencia en la asignaci\u00f3n de recursos y el uso eficiente del presupuesto estatal, especialmente en un momento en que se enfatiza la austeridad financiera, y a prop\u00f3sito de las promesas de Petro de ahorrar recursos del Estado desde el inicio de su campa\u00f1a.<\/p>\n","protected":false},"excerpt":{"rendered":"<p>En una revelaci\u00f3n realizada por medio nacional La Silla Vac\u00eda se conoci\u00f3 que Ver\u00f3nica Alcocer, primera dama de Colombia, mantiene un \u201cs\u00e9quito\u201d costoso para el Estado, logrando superar los mil millones de pesos, financiados por el Gobierno de Gustavo Petro. El equipo lo conforman un maquillador, estilista, fot\u00f3grafo y amiga cercana, quienes gestionan la imagen, [&hellip;]<\/p>\n","protected":false},"author":1,"featured_media":72399,"comment_status":"open","ping_status":"open","sticky":false,"template":"","format":"standard","meta":{"footnotes":""},"categories":[94],"tags":[],"class_list":["post-72398","post","type-post","status-publish","format-standard","has-post-thumbnail","hentry","category-nacional-global-2"],"yoast_head":"<!-- This site is optimized with the Yoast SEO plugin v27.1.1 - https:\/\/yoast.com\/product\/yoast-seo-wordpress\/ -->\n<title>Gobierno financia gastos monumentales en la primera dama, Ver\u00f3nica Alcocer | P\u00e1gina10<\/title>\n<meta name=\"robots\" content=\"index, follow, max-snippet:-1, max-image-preview:large, max-video-preview:-1\" \/>\n<link rel=\"canonical\" href=\"https:\/\/pagina10.com\/web\/70831-2\/\" \/>\n<meta property=\"og:locale\" content=\"es_ES\" \/>\n<meta property=\"og:type\" content=\"article\" \/>\n<meta property=\"og:title\" content=\"Gobierno financia gastos monumentales en la primera dama, Ver\u00f3nica Alcocer | P\u00e1gina10\" \/>\n<meta property=\"og:description\" content=\"En una revelaci\u00f3n realizada por medio nacional La Silla Vac\u00eda se conoci\u00f3 que Ver\u00f3nica Alcocer, primera dama de Colombia, mantiene un \u201cs\u00e9quito\u201d costoso para el Estado, logrando superar los mil millones de pesos, financiados por el Gobierno de Gustavo Petro. El equipo lo conforman un maquillador, estilista, fot\u00f3grafo y amiga cercana, quienes gestionan la imagen, [&hellip;]\" \/>\n<meta property=\"og:url\" content=\"https:\/\/pagina10.com\/web\/70831-2\/\" \/>\n<meta property=\"og:site_name\" content=\"P\u00e1gina10\" \/>\n<meta property=\"article:publisher\" content=\"https:\/\/www.facebook.com\/pag10com\" \/>\n<meta property=\"article:published_time\" content=\"2024-01-10T15:08:55+00:00\" \/>\n<meta property=\"og:image\" content=\"https:\/\/pagina10.com\/web\/wp-content\/uploads\/2024\/01\/WZOGZJYPWVFZRO7LVJSDQGYOQQ.jpeg\" \/>\n\t<meta property=\"og:image:width\" content=\"800\" \/>\n\t<meta property=\"og:image:height\" content=\"533\" \/>\n\t<meta property=\"og:image:type\" content=\"image\/jpeg\" \/>\n<meta name=\"author\" content=\"P\u00e1gina 10\" \/>\n<meta name=\"twitter:card\" content=\"summary_large_image\" \/>\n<meta name=\"twitter:creator\" content=\"@Pag10com\" \/>\n<meta name=\"twitter:site\" content=\"@Pag10com\" \/>\n<meta name=\"twitter:label1\" content=\"Escrito por\" \/>\n\t<meta name=\"twitter:data1\" content=\"P\u00e1gina 10\" \/>\n\t<meta name=\"twitter:label2\" content=\"Tiempo de lectura\" \/>\n\t<meta name=\"twitter:data2\" content=\"1 minuto\" \/>\n<script type=\"application\/ld+json\" class=\"yoast-schema-graph\">{\"@context\":\"https:\/\/schema.org\",\"@graph\":[{\"@type\":\"Article\",\"@id\":\"https:\/\/pagina10.com\/web\/70831-2\/#article\",\"isPartOf\":{\"@id\":\"https:\/\/pagina10.com\/web\/70831-2\/\"},\"author\":{\"name\":\"P\u00e1gina 10\",\"@id\":\"https:\/\/pagina10.com\/web\/#\/schema\/person\/2efc4a090d25b667d3bc796798a3a81b\"},\"headline\":\"Gobierno financia gastos monumentales en la primera dama, Ver\u00f3nica Alcocer\",\"datePublished\":\"2024-01-10T15:08:55+00:00\",\"mainEntityOfPage\":{\"@id\":\"https:\/\/pagina10.com\/web\/70831-2\/\"},\"wordCount\":205,\"commentCount\":0,\"publisher\":{\"@id\":\"https:\/\/pagina10.com\/web\/#organization\"},\"image\":{\"@id\":\"https:\/\/pagina10.com\/web\/70831-2\/#primaryimage\"},\"thumbnailUrl\":\"https:\/\/pagina10.com\/web\/wp-content\/uploads\/2024\/01\/WZOGZJYPWVFZRO7LVJSDQGYOQQ.jpeg\",\"articleSection\":[\"Nacional\"],\"inLanguage\":\"es\",\"potentialAction\":[{\"@type\":\"CommentAction\",\"name\":\"Comment\",\"target\":[\"https:\/\/pagina10.com\/web\/70831-2\/#respond\"]}]},{\"@type\":\"WebPage\",\"@id\":\"https:\/\/pagina10.com\/web\/70831-2\/\",\"url\":\"https:\/\/pagina10.com\/web\/70831-2\/\",\"name\":\"Gobierno financia gastos monumentales en la primera dama, Ver\u00f3nica Alcocer | P\u00e1gina10\",\"isPartOf\":{\"@id\":\"https:\/\/pagina10.com\/web\/#website\"},\"primaryImageOfPage\":{\"@id\":\"https:\/\/pagina10.com\/web\/70831-2\/#primaryimage\"},\"image\":{\"@id\":\"https:\/\/pagina10.com\/web\/70831-2\/#primaryimage\"},\"thumbnailUrl\":\"https:\/\/pagina10.com\/web\/wp-content\/uploads\/2024\/01\/WZOGZJYPWVFZRO7LVJSDQGYOQQ.jpeg\",\"datePublished\":\"2024-01-10T15:08:55+00:00\",\"breadcrumb\":{\"@id\":\"https:\/\/pagina10.com\/web\/70831-2\/#breadcrumb\"},\"inLanguage\":\"es\",\"potentialAction\":[{\"@type\":\"ReadAction\",\"target\":[\"https:\/\/pagina10.com\/web\/70831-2\/\"]}]},{\"@type\":\"ImageObject\",\"inLanguage\":\"es\",\"@id\":\"https:\/\/pagina10.com\/web\/70831-2\/#primaryimage\",\"url\":\"https:\/\/pagina10.com\/web\/wp-content\/uploads\/2024\/01\/WZOGZJYPWVFZRO7LVJSDQGYOQQ.jpeg\",\"contentUrl\":\"https:\/\/pagina10.com\/web\/wp-content\/uploads\/2024\/01\/WZOGZJYPWVFZRO7LVJSDQGYOQQ.jpeg\",\"width\":800,\"height\":533},{\"@type\":\"BreadcrumbList\",\"@id\":\"https:\/\/pagina10.com\/web\/70831-2\/#breadcrumb\",\"itemListElement\":[{\"@type\":\"ListItem\",\"position\":1,\"name\":\"Portada\",\"item\":\"https:\/\/pagina10.com\/web\/\"},{\"@type\":\"ListItem\",\"position\":2,\"name\":\"Gobierno financia gastos monumentales en la primera dama, Ver\u00f3nica Alcocer\"}]},{\"@type\":\"WebSite\",\"@id\":\"https:\/\/pagina10.com\/web\/#website\",\"url\":\"https:\/\/pagina10.com\/web\/\",\"name\":\"P\u00e1gina10\",\"description\":\"Peri\u00f3dico Regional\",\"publisher\":{\"@id\":\"https:\/\/pagina10.com\/web\/#organization\"},\"alternateName\":\"P\u00e1gina10 Peri\u00f3dico Regional\",\"potentialAction\":[{\"@type\":\"SearchAction\",\"target\":{\"@type\":\"EntryPoint\",\"urlTemplate\":\"https:\/\/pagina10.com\/web\/?s={search_term_string}\"},\"query-input\":{\"@type\":\"PropertyValueSpecification\",\"valueRequired\":true,\"valueName\":\"search_term_string\"}}],\"inLanguage\":\"es\"},{\"@type\":\"Organization\",\"@id\":\"https:\/\/pagina10.com\/web\/#organization\",\"name\":\"P\u00e1gina10\",\"alternateName\":\"P\u00e1gina10 Peri\u00f3dico Regional\",\"url\":\"https:\/\/pagina10.com\/web\/\",\"logo\":{\"@type\":\"ImageObject\",\"inLanguage\":\"es\",\"@id\":\"https:\/\/pagina10.com\/web\/#\/schema\/logo\/image\/\",\"url\":\"https:\/\/pagina10.com\/web\/wp-content\/uploads\/2024\/01\/40-pagina-10-periodico-regional-pasto.jpg\",\"contentUrl\":\"https:\/\/pagina10.com\/web\/wp-content\/uploads\/2024\/01\/40-pagina-10-periodico-regional-pasto.jpg\",\"width\":1280,\"height\":720,\"caption\":\"P\u00e1gina10\"},\"image\":{\"@id\":\"https:\/\/pagina10.com\/web\/#\/schema\/logo\/image\/\"},\"sameAs\":[\"https:\/\/www.facebook.com\/pag10com\",\"https:\/\/x.com\/Pag10com\",\"https:\/\/www.instagram.com\/pagina10col\/\",\"https:\/\/youtube.com\/channel\/pag10\",\"https:\/\/www.tiktok.com\/@p10col\"]},{\"@type\":\"Person\",\"@id\":\"https:\/\/pagina10.com\/web\/#\/schema\/person\/2efc4a090d25b667d3bc796798a3a81b\",\"name\":\"P\u00e1gina 10\",\"description\":\"P\u00e1gina 10 es un peri\u00f3dico regional que nace en Colombia, en el departamento de Nari\u00f1o, con un enfoque global, fundamentado en cuatro pilares esenciales: la libertad, el pluralismo, la inclusi\u00f3n y la independencia. P\u00e1gina 10 hace referencia a Nari\u00f1o como el d\u00e9cimo departamento creado en Colombia, despu\u00e9s de un proceso pol\u00edtico liderado por actores y actrices regionales con el fin de obtener la independencia y autonom\u00eda de nuestros territorios. Con la creaci\u00f3n de P\u00e1gina 10 se pretende abrir un escenario para el dialogo, la reflexi\u00f3n y el debate que se extienda a otras geograf\u00edas de Am\u00e9rica Latina y del planeta, en una apuesta por transformar colectivamente los desaf\u00edos de un mundo contempor\u00e1neo, m\u00e1s all\u00e1 de las fronteras impuestas.\",\"url\":\"https:\/\/pagina10.com\/web\/author\/pdiezadmin\/\"}]}<\/script>\n<!-- \/ Yoast SEO plugin. -->","yoast_head_json":{"title":"Gobierno financia gastos monumentales en la primera dama, Ver\u00f3nica Alcocer | P\u00e1gina10","robots":{"index":"index","follow":"follow","max-snippet":"max-snippet:-1","max-image-preview":"max-image-preview:large","max-video-preview":"max-video-preview:-1"},"canonical":"https:\/\/pagina10.com\/web\/70831-2\/","og_locale":"es_ES","og_type":"article","og_title":"Gobierno financia gastos monumentales en la primera dama, Ver\u00f3nica Alcocer | P\u00e1gina10","og_description":"En una revelaci\u00f3n realizada por medio nacional La Silla Vac\u00eda se conoci\u00f3 que Ver\u00f3nica Alcocer, primera dama de Colombia, mantiene un \u201cs\u00e9quito\u201d costoso para el Estado, logrando superar los mil millones de pesos, financiados por el Gobierno de Gustavo Petro. El equipo lo conforman un maquillador, estilista, fot\u00f3grafo y amiga cercana, quienes gestionan la imagen, [&hellip;]","og_url":"https:\/\/pagina10.com\/web\/70831-2\/","og_site_name":"P\u00e1gina10","article_publisher":"https:\/\/www.facebook.com\/pag10com","article_published_time":"2024-01-10T15:08:55+00:00","og_image":[{"width":800,"height":533,"url":"https:\/\/pagina10.com\/web\/wp-content\/uploads\/2024\/01\/WZOGZJYPWVFZRO7LVJSDQGYOQQ.jpeg","type":"image\/jpeg"}],"author":"P\u00e1gina 10","twitter_card":"summary_large_image","twitter_creator":"@Pag10com","twitter_site":"@Pag10com","twitter_misc":{"Escrito por":"P\u00e1gina 10","Tiempo de lectura":"1 minuto"},"schema":{"@context":"https:\/\/schema.org","@graph":[{"@type":"Article","@id":"https:\/\/pagina10.com\/web\/70831-2\/#article","isPartOf":{"@id":"https:\/\/pagina10.com\/web\/70831-2\/"},"author":{"name":"P\u00e1gina 10","@id":"https:\/\/pagina10.com\/web\/#\/schema\/person\/2efc4a090d25b667d3bc796798a3a81b"},"headline":"Gobierno financia gastos monumentales en la primera dama, Ver\u00f3nica Alcocer","datePublished":"2024-01-10T15:08:55+00:00","mainEntityOfPage":{"@id":"https:\/\/pagina10.com\/web\/70831-2\/"},"wordCount":205,"commentCount":0,"publisher":{"@id":"https:\/\/pagina10.com\/web\/#organization"},"image":{"@id":"https:\/\/pagina10.com\/web\/70831-2\/#primaryimage"},"thumbnailUrl":"https:\/\/pagina10.com\/web\/wp-content\/uploads\/2024\/01\/WZOGZJYPWVFZRO7LVJSDQGYOQQ.jpeg","articleSection":["Nacional"],"inLanguage":"es","potentialAction":[{"@type":"CommentAction","name":"Comment","target":["https:\/\/pagina10.com\/web\/70831-2\/#respond"]}]},{"@type":"WebPage","@id":"https:\/\/pagina10.com\/web\/70831-2\/","url":"https:\/\/pagina10.com\/web\/70831-2\/","name":"Gobierno financia gastos monumentales en la primera dama, Ver\u00f3nica Alcocer | P\u00e1gina10","isPartOf":{"@id":"https:\/\/pagina10.com\/web\/#website"},"primaryImageOfPage":{"@id":"https:\/\/pagina10.com\/web\/70831-2\/#primaryimage"},"image":{"@id":"https:\/\/pagina10.com\/web\/70831-2\/#primaryimage"},"thumbnailUrl":"https:\/\/pagina10.com\/web\/wp-content\/uploads\/2024\/01\/WZOGZJYPWVFZRO7LVJSDQGYOQQ.jpeg","datePublished":"2024-01-10T15:08:55+00:00","breadcrumb":{"@id":"https:\/\/pagina10.com\/web\/70831-2\/#breadcrumb"},"inLanguage":"es","potentialAction":[{"@type":"ReadAction","target":["https:\/\/pagina10.com\/web\/70831-2\/"]}]},{"@type":"ImageObject","inLanguage":"es","@id":"https:\/\/pagina10.com\/web\/70831-2\/#primaryimage","url":"https:\/\/pagina10.com\/web\/wp-content\/uploads\/2024\/01\/WZOGZJYPWVFZRO7LVJSDQGYOQQ.jpeg","contentUrl":"https:\/\/pagina10.com\/web\/wp-content\/uploads\/2024\/01\/WZOGZJYPWVFZRO7LVJSDQGYOQQ.jpeg","width":800,"height":533},{"@type":"BreadcrumbList","@id":"https:\/\/pagina10.com\/web\/70831-2\/#breadcrumb","itemListElement":[{"@type":"ListItem","position":1,"name":"Portada","item":"https:\/\/pagina10.com\/web\/"},{"@type":"ListItem","position":2,"name":"Gobierno financia gastos monumentales en la primera dama, Ver\u00f3nica Alcocer"}]},{"@type":"WebSite","@id":"https:\/\/pagina10.com\/web\/#website","url":"https:\/\/pagina10.com\/web\/","name":"P\u00e1gina10","description":"Peri\u00f3dico Regional","publisher":{"@id":"https:\/\/pagina10.com\/web\/#organization"},"alternateName":"P\u00e1gina10 Peri\u00f3dico Regional","potentialAction":[{"@type":"SearchAction","target":{"@type":"EntryPoint","urlTemplate":"https:\/\/pagina10.com\/web\/?s={search_term_string}"},"query-input":{"@type":"PropertyValueSpecification","valueRequired":true,"valueName":"search_term_string"}}],"inLanguage":"es"},{"@type":"Organization","@id":"https:\/\/pagina10.com\/web\/#organization","name":"P\u00e1gina10","alternateName":"P\u00e1gina10 Peri\u00f3dico Regional","url":"https:\/\/pagina10.com\/web\/","logo":{"@type":"ImageObject","inLanguage":"es","@id":"https:\/\/pagina10.com\/web\/#\/schema\/logo\/image\/","url":"https:\/\/pagina10.com\/web\/wp-content\/uploads\/2024\/01\/40-pagina-10-periodico-regional-pasto.jpg","contentUrl":"https:\/\/pagina10.com\/web\/wp-content\/uploads\/2024\/01\/40-pagina-10-periodico-regional-pasto.jpg","width":1280,"height":720,"caption":"P\u00e1gina10"},"image":{"@id":"https:\/\/pagina10.com\/web\/#\/schema\/logo\/image\/"},"sameAs":["https:\/\/www.facebook.com\/pag10com","https:\/\/x.com\/Pag10com","https:\/\/www.instagram.com\/pagina10col\/","https:\/\/youtube.com\/channel\/pag10","https:\/\/www.tiktok.com\/@p10col"]},{"@type":"Person","@id":"https:\/\/pagina10.com\/web\/#\/schema\/person\/2efc4a090d25b667d3bc796798a3a81b","name":"P\u00e1gina 10","description":"P\u00e1gina 10 es un peri\u00f3dico regional que nace en Colombia, en el departamento de Nari\u00f1o, con un enfoque global, fundamentado en cuatro pilares esenciales: la libertad, el pluralismo, la inclusi\u00f3n y la independencia. P\u00e1gina 10 hace referencia a Nari\u00f1o como el d\u00e9cimo departamento creado en Colombia, despu\u00e9s de un proceso pol\u00edtico liderado por actores y actrices regionales con el fin de obtener la independencia y autonom\u00eda de nuestros territorios. Con la creaci\u00f3n de P\u00e1gina 10 se pretende abrir un escenario para el dialogo, la reflexi\u00f3n y el debate que se extienda a otras geograf\u00edas de Am\u00e9rica Latina y del planeta, en una apuesta por transformar colectivamente los desaf\u00edos de un mundo contempor\u00e1neo, m\u00e1s all\u00e1 de las fronteras impuestas.","url":"https:\/\/pagina10.com\/web\/author\/pdiezadmin\/"}]}},"_links":{"self":[{"href":"https:\/\/pagina10.com\/web\/wp-json\/wp\/v2\/posts\/72398","targetHints":{"allow":["GET"]}}],"collection":[{"href":"https:\/\/pagina10.com\/web\/wp-json\/wp\/v2\/posts"}],"about":[{"href":"https:\/\/pagina10.com\/web\/wp-json\/wp\/v2\/types\/post"}],"author":[{"embeddable":true,"href":"https:\/\/pagina10.com\/web\/wp-json\/wp\/v2\/users\/1"}],"replies":[{"embeddable":true,"href":"https:\/\/pagina10.com\/web\/wp-json\/wp\/v2\/comments?post=72398"}],"version-history":[{"count":0,"href":"https:\/\/pagina10.com\/web\/wp-json\/wp\/v2\/posts\/72398\/revisions"}],"wp:featuredmedia":[{"embeddable":true,"href":"https:\/\/pagina10.com\/web\/wp-json\/wp\/v2\/media\/72399"}],"wp:attachment":[{"href":"https:\/\/pagina10.com\/web\/wp-json\/wp\/v2\/media?parent=72398"}],"wp:term":[{"taxonomy":"category","embeddable":true,"href":"https:\/\/pagina10.com\/web\/wp-json\/wp\/v2\/categories?post=72398"},{"taxonomy":"post_tag","embeddable":true,"href":"https:\/\/pagina10.com\/web\/wp-json\/wp\/v2\/tags?post=72398"}],"curies":[{"name":"wp","href":"https:\/\/api.w.org\/{rel}","templated":true}]}}