{"id":72593,"date":"2024-01-21T11:30:49","date_gmt":"2024-01-21T16:30:49","guid":{"rendered":"https:\/\/pagina10.com\/web\/?p=71092"},"modified":"2024-01-23T00:57:31","modified_gmt":"2024-01-23T05:57:31","slug":"capturan-a-comandante-de-policia-en-policarpa-narino-por-colaboracion-con-grupos-ilegales","status":"publish","type":"post","link":"https:\/\/pagina10.com\/web\/capturan-a-comandante-de-policia-en-policarpa-narino-por-colaboracion-con-grupos-ilegales\/","title":{"rendered":"Capturan a comandante de Polic\u00eda en Policarpa (Nari\u00f1o) por colaboraci\u00f3n con grupos ilegales"},"content":{"rendered":"<p style=\"text-align: justify;\">Luego de labores de inteligencia realizados por cuatro meses y a trav\u00e9s de un un operativo de la Sij\u00edn de la Polic\u00eda Nacional, fue detenido, en las instalaciones del comando del departamento de Polic\u00eda, el intendente Luis Alonso Aguilar Madera, comandante de la estaci\u00f3n de Polic\u00eda en el corregimiento de El Ejido del municipio de Policarpa.<\/p>\n<p style=\"text-align: justify;\">Seg\u00fan la investigaci\u00f3n, Aguilar habr\u00eda colaborado con grupos armados ilegales en el norte del departamento, alert\u00e1ndolos sobre operativos policiales en la zona. Al intendente se le imputan los delitos de cohecho y concierto para delinquir, y adicionalmente, se destac\u00f3 que habr\u00eda recibido d\u00e1divas y mantenido v\u00ednculos con estas organizaciones criminales.<\/p>\n<p style=\"text-align: justify;\">El funcionario estar\u00eda vinculado con la activaci\u00f3n de un artefacto explosivo el pasado 21 de septiembre del 2023, que dej\u00f3 cinco funcionarios lesionados. El suboficial ser\u00e1 presentado ante un juez con funci\u00f3n de control de garant\u00edas, donde se determinar\u00e1 su situaci\u00f3n jur\u00eddica.<\/p>\n","protected":false},"excerpt":{"rendered":"<p>Luego de labores de inteligencia realizados por cuatro meses y a trav\u00e9s de un un operativo de la Sij\u00edn de la Polic\u00eda Nacional, fue detenido, en las instalaciones del comando del departamento de Polic\u00eda, el intendente Luis Alonso Aguilar Madera, comandante de la estaci\u00f3n de Polic\u00eda en el corregimiento de El Ejido del municipio de [&hellip;]<\/p>\n","protected":false},"author":1,"featured_media":72594,"comment_status":"open","ping_status":"open","sticky":false,"template":"","format":"standard","meta":{"footnotes":""},"categories":[14],"tags":[],"class_list":["post-72593","post","type-post","status-publish","format-standard","has-post-thumbnail","hentry","category-narino-actual"],"yoast_head":"<!-- This site is optimized with the Yoast SEO plugin v27.1.1 - https:\/\/yoast.com\/product\/yoast-seo-wordpress\/ -->\n<title>Capturan a comandante de Polic\u00eda en Policarpa (Nari\u00f1o) por colaboraci\u00f3n con grupos ilegales | P\u00e1gina10<\/title>\n<meta name=\"robots\" content=\"index, follow, max-snippet:-1, max-image-preview:large, max-video-preview:-1\" \/>\n<link rel=\"canonical\" href=\"https:\/\/pagina10.com\/web\/capturan-a-comandante-de-policia-en-policarpa-narino-por-colaboracion-con-grupos-ilegales\/\" \/>\n<meta property=\"og:locale\" content=\"es_ES\" \/>\n<meta property=\"og:type\" content=\"article\" \/>\n<meta property=\"og:title\" content=\"Capturan a comandante de Polic\u00eda en Policarpa (Nari\u00f1o) por colaboraci\u00f3n con grupos ilegales | P\u00e1gina10\" \/>\n<meta property=\"og:description\" content=\"Luego de labores de inteligencia realizados por cuatro meses y a trav\u00e9s de un un operativo de la Sij\u00edn de la Polic\u00eda Nacional, fue detenido, en las instalaciones del comando del departamento de Polic\u00eda, el intendente Luis Alonso Aguilar Madera, comandante de la estaci\u00f3n de Polic\u00eda en el corregimiento de El Ejido del municipio de [&hellip;]\" \/>\n<meta property=\"og:url\" content=\"https:\/\/pagina10.com\/web\/capturan-a-comandante-de-policia-en-policarpa-narino-por-colaboracion-con-grupos-ilegales\/\" \/>\n<meta property=\"og:site_name\" content=\"P\u00e1gina10\" \/>\n<meta property=\"article:publisher\" content=\"https:\/\/www.facebook.com\/pag10com\" \/>\n<meta property=\"article:published_time\" content=\"2024-01-21T16:30:49+00:00\" \/>\n<meta property=\"article:modified_time\" content=\"2024-01-23T05:57:31+00:00\" \/>\n<meta property=\"og:image\" content=\"https:\/\/pagina10.com\/web\/wp-content\/uploads\/2024\/01\/policarpa.jpg\" \/>\n\t<meta property=\"og:image:width\" content=\"700\" \/>\n\t<meta property=\"og:image:height\" content=\"500\" \/>\n\t<meta property=\"og:image:type\" content=\"image\/jpeg\" \/>\n<meta name=\"author\" content=\"P\u00e1gina 10\" \/>\n<meta name=\"twitter:card\" content=\"summary_large_image\" \/>\n<meta name=\"twitter:creator\" content=\"@Pag10com\" \/>\n<meta name=\"twitter:site\" content=\"@Pag10com\" \/>\n<meta name=\"twitter:label1\" content=\"Escrito por\" \/>\n\t<meta name=\"twitter:data1\" content=\"P\u00e1gina 10\" \/>\n\t<meta name=\"twitter:label2\" content=\"Tiempo de lectura\" \/>\n\t<meta name=\"twitter:data2\" content=\"1 minuto\" \/>\n<script type=\"application\/ld+json\" class=\"yoast-schema-graph\">{\"@context\":\"https:\/\/schema.org\",\"@graph\":[{\"@type\":\"Article\",\"@id\":\"https:\/\/pagina10.com\/web\/capturan-a-comandante-de-policia-en-policarpa-narino-por-colaboracion-con-grupos-ilegales\/#article\",\"isPartOf\":{\"@id\":\"https:\/\/pagina10.com\/web\/capturan-a-comandante-de-policia-en-policarpa-narino-por-colaboracion-con-grupos-ilegales\/\"},\"author\":{\"name\":\"P\u00e1gina 10\",\"@id\":\"https:\/\/pagina10.com\/web\/#\/schema\/person\/2efc4a090d25b667d3bc796798a3a81b\"},\"headline\":\"Capturan a comandante de Polic\u00eda en Policarpa (Nari\u00f1o) por colaboraci\u00f3n con grupos ilegales\",\"datePublished\":\"2024-01-21T16:30:49+00:00\",\"dateModified\":\"2024-01-23T05:57:31+00:00\",\"mainEntityOfPage\":{\"@id\":\"https:\/\/pagina10.com\/web\/capturan-a-comandante-de-policia-en-policarpa-narino-por-colaboracion-con-grupos-ilegales\/\"},\"wordCount\":181,\"commentCount\":0,\"publisher\":{\"@id\":\"https:\/\/pagina10.com\/web\/#organization\"},\"image\":{\"@id\":\"https:\/\/pagina10.com\/web\/capturan-a-comandante-de-policia-en-policarpa-narino-por-colaboracion-con-grupos-ilegales\/#primaryimage\"},\"thumbnailUrl\":\"https:\/\/pagina10.com\/web\/wp-content\/uploads\/2024\/01\/policarpa.jpg\",\"articleSection\":[\"Nari\u00f1o Actual\"],\"inLanguage\":\"es\",\"potentialAction\":[{\"@type\":\"CommentAction\",\"name\":\"Comment\",\"target\":[\"https:\/\/pagina10.com\/web\/capturan-a-comandante-de-policia-en-policarpa-narino-por-colaboracion-con-grupos-ilegales\/#respond\"]}]},{\"@type\":\"WebPage\",\"@id\":\"https:\/\/pagina10.com\/web\/capturan-a-comandante-de-policia-en-policarpa-narino-por-colaboracion-con-grupos-ilegales\/\",\"url\":\"https:\/\/pagina10.com\/web\/capturan-a-comandante-de-policia-en-policarpa-narino-por-colaboracion-con-grupos-ilegales\/\",\"name\":\"Capturan a comandante de Polic\u00eda en Policarpa (Nari\u00f1o) por colaboraci\u00f3n con grupos ilegales | P\u00e1gina10\",\"isPartOf\":{\"@id\":\"https:\/\/pagina10.com\/web\/#website\"},\"primaryImageOfPage\":{\"@id\":\"https:\/\/pagina10.com\/web\/capturan-a-comandante-de-policia-en-policarpa-narino-por-colaboracion-con-grupos-ilegales\/#primaryimage\"},\"image\":{\"@id\":\"https:\/\/pagina10.com\/web\/capturan-a-comandante-de-policia-en-policarpa-narino-por-colaboracion-con-grupos-ilegales\/#primaryimage\"},\"thumbnailUrl\":\"https:\/\/pagina10.com\/web\/wp-content\/uploads\/2024\/01\/policarpa.jpg\",\"datePublished\":\"2024-01-21T16:30:49+00:00\",\"dateModified\":\"2024-01-23T05:57:31+00:00\",\"breadcrumb\":{\"@id\":\"https:\/\/pagina10.com\/web\/capturan-a-comandante-de-policia-en-policarpa-narino-por-colaboracion-con-grupos-ilegales\/#breadcrumb\"},\"inLanguage\":\"es\",\"potentialAction\":[{\"@type\":\"ReadAction\",\"target\":[\"https:\/\/pagina10.com\/web\/capturan-a-comandante-de-policia-en-policarpa-narino-por-colaboracion-con-grupos-ilegales\/\"]}]},{\"@type\":\"ImageObject\",\"inLanguage\":\"es\",\"@id\":\"https:\/\/pagina10.com\/web\/capturan-a-comandante-de-policia-en-policarpa-narino-por-colaboracion-con-grupos-ilegales\/#primaryimage\",\"url\":\"https:\/\/pagina10.com\/web\/wp-content\/uploads\/2024\/01\/policarpa.jpg\",\"contentUrl\":\"https:\/\/pagina10.com\/web\/wp-content\/uploads\/2024\/01\/policarpa.jpg\",\"width\":700,\"height\":500},{\"@type\":\"BreadcrumbList\",\"@id\":\"https:\/\/pagina10.com\/web\/capturan-a-comandante-de-policia-en-policarpa-narino-por-colaboracion-con-grupos-ilegales\/#breadcrumb\",\"itemListElement\":[{\"@type\":\"ListItem\",\"position\":1,\"name\":\"Portada\",\"item\":\"https:\/\/pagina10.com\/web\/\"},{\"@type\":\"ListItem\",\"position\":2,\"name\":\"Capturan a comandante de Polic\u00eda en Policarpa (Nari\u00f1o) por colaboraci\u00f3n con grupos ilegales\"}]},{\"@type\":\"WebSite\",\"@id\":\"https:\/\/pagina10.com\/web\/#website\",\"url\":\"https:\/\/pagina10.com\/web\/\",\"name\":\"P\u00e1gina10\",\"description\":\"Peri\u00f3dico Regional\",\"publisher\":{\"@id\":\"https:\/\/pagina10.com\/web\/#organization\"},\"alternateName\":\"P\u00e1gina10 Peri\u00f3dico Regional\",\"potentialAction\":[{\"@type\":\"SearchAction\",\"target\":{\"@type\":\"EntryPoint\",\"urlTemplate\":\"https:\/\/pagina10.com\/web\/?s={search_term_string}\"},\"query-input\":{\"@type\":\"PropertyValueSpecification\",\"valueRequired\":true,\"valueName\":\"search_term_string\"}}],\"inLanguage\":\"es\"},{\"@type\":\"Organization\",\"@id\":\"https:\/\/pagina10.com\/web\/#organization\",\"name\":\"P\u00e1gina10\",\"alternateName\":\"P\u00e1gina10 Peri\u00f3dico Regional\",\"url\":\"https:\/\/pagina10.com\/web\/\",\"logo\":{\"@type\":\"ImageObject\",\"inLanguage\":\"es\",\"@id\":\"https:\/\/pagina10.com\/web\/#\/schema\/logo\/image\/\",\"url\":\"https:\/\/pagina10.com\/web\/wp-content\/uploads\/2024\/01\/40-pagina-10-periodico-regional-pasto.jpg\",\"contentUrl\":\"https:\/\/pagina10.com\/web\/wp-content\/uploads\/2024\/01\/40-pagina-10-periodico-regional-pasto.jpg\",\"width\":1280,\"height\":720,\"caption\":\"P\u00e1gina10\"},\"image\":{\"@id\":\"https:\/\/pagina10.com\/web\/#\/schema\/logo\/image\/\"},\"sameAs\":[\"https:\/\/www.facebook.com\/pag10com\",\"https:\/\/x.com\/Pag10com\",\"https:\/\/www.instagram.com\/pagina10col\/\",\"https:\/\/youtube.com\/channel\/pag10\",\"https:\/\/www.tiktok.com\/@p10col\"]},{\"@type\":\"Person\",\"@id\":\"https:\/\/pagina10.com\/web\/#\/schema\/person\/2efc4a090d25b667d3bc796798a3a81b\",\"name\":\"P\u00e1gina 10\",\"description\":\"P\u00e1gina 10 es un peri\u00f3dico regional que nace en Colombia, en el departamento de Nari\u00f1o, con un enfoque global, fundamentado en cuatro pilares esenciales: la libertad, el pluralismo, la inclusi\u00f3n y la independencia. P\u00e1gina 10 hace referencia a Nari\u00f1o como el d\u00e9cimo departamento creado en Colombia, despu\u00e9s de un proceso pol\u00edtico liderado por actores y actrices regionales con el fin de obtener la independencia y autonom\u00eda de nuestros territorios. Con la creaci\u00f3n de P\u00e1gina 10 se pretende abrir un escenario para el dialogo, la reflexi\u00f3n y el debate que se extienda a otras geograf\u00edas de Am\u00e9rica Latina y del planeta, en una apuesta por transformar colectivamente los desaf\u00edos de un mundo contempor\u00e1neo, m\u00e1s all\u00e1 de las fronteras impuestas.\",\"url\":\"https:\/\/pagina10.com\/web\/author\/pdiezadmin\/\"}]}<\/script>\n<!-- \/ Yoast SEO plugin. -->","yoast_head_json":{"title":"Capturan a comandante de Polic\u00eda en Policarpa (Nari\u00f1o) por colaboraci\u00f3n con grupos ilegales | P\u00e1gina10","robots":{"index":"index","follow":"follow","max-snippet":"max-snippet:-1","max-image-preview":"max-image-preview:large","max-video-preview":"max-video-preview:-1"},"canonical":"https:\/\/pagina10.com\/web\/capturan-a-comandante-de-policia-en-policarpa-narino-por-colaboracion-con-grupos-ilegales\/","og_locale":"es_ES","og_type":"article","og_title":"Capturan a comandante de Polic\u00eda en Policarpa (Nari\u00f1o) por colaboraci\u00f3n con grupos ilegales | P\u00e1gina10","og_description":"Luego de labores de inteligencia realizados por cuatro meses y a trav\u00e9s de un un operativo de la Sij\u00edn de la Polic\u00eda Nacional, fue detenido, en las instalaciones del comando del departamento de Polic\u00eda, el intendente Luis Alonso Aguilar Madera, comandante de la estaci\u00f3n de Polic\u00eda en el corregimiento de El Ejido del municipio de [&hellip;]","og_url":"https:\/\/pagina10.com\/web\/capturan-a-comandante-de-policia-en-policarpa-narino-por-colaboracion-con-grupos-ilegales\/","og_site_name":"P\u00e1gina10","article_publisher":"https:\/\/www.facebook.com\/pag10com","article_published_time":"2024-01-21T16:30:49+00:00","article_modified_time":"2024-01-23T05:57:31+00:00","og_image":[{"width":700,"height":500,"url":"https:\/\/pagina10.com\/web\/wp-content\/uploads\/2024\/01\/policarpa.jpg","type":"image\/jpeg"}],"author":"P\u00e1gina 10","twitter_card":"summary_large_image","twitter_creator":"@Pag10com","twitter_site":"@Pag10com","twitter_misc":{"Escrito por":"P\u00e1gina 10","Tiempo de lectura":"1 minuto"},"schema":{"@context":"https:\/\/schema.org","@graph":[{"@type":"Article","@id":"https:\/\/pagina10.com\/web\/capturan-a-comandante-de-policia-en-policarpa-narino-por-colaboracion-con-grupos-ilegales\/#article","isPartOf":{"@id":"https:\/\/pagina10.com\/web\/capturan-a-comandante-de-policia-en-policarpa-narino-por-colaboracion-con-grupos-ilegales\/"},"author":{"name":"P\u00e1gina 10","@id":"https:\/\/pagina10.com\/web\/#\/schema\/person\/2efc4a090d25b667d3bc796798a3a81b"},"headline":"Capturan a comandante de Polic\u00eda en Policarpa (Nari\u00f1o) por colaboraci\u00f3n con grupos ilegales","datePublished":"2024-01-21T16:30:49+00:00","dateModified":"2024-01-23T05:57:31+00:00","mainEntityOfPage":{"@id":"https:\/\/pagina10.com\/web\/capturan-a-comandante-de-policia-en-policarpa-narino-por-colaboracion-con-grupos-ilegales\/"},"wordCount":181,"commentCount":0,"publisher":{"@id":"https:\/\/pagina10.com\/web\/#organization"},"image":{"@id":"https:\/\/pagina10.com\/web\/capturan-a-comandante-de-policia-en-policarpa-narino-por-colaboracion-con-grupos-ilegales\/#primaryimage"},"thumbnailUrl":"https:\/\/pagina10.com\/web\/wp-content\/uploads\/2024\/01\/policarpa.jpg","articleSection":["Nari\u00f1o Actual"],"inLanguage":"es","potentialAction":[{"@type":"CommentAction","name":"Comment","target":["https:\/\/pagina10.com\/web\/capturan-a-comandante-de-policia-en-policarpa-narino-por-colaboracion-con-grupos-ilegales\/#respond"]}]},{"@type":"WebPage","@id":"https:\/\/pagina10.com\/web\/capturan-a-comandante-de-policia-en-policarpa-narino-por-colaboracion-con-grupos-ilegales\/","url":"https:\/\/pagina10.com\/web\/capturan-a-comandante-de-policia-en-policarpa-narino-por-colaboracion-con-grupos-ilegales\/","name":"Capturan a comandante de Polic\u00eda en Policarpa (Nari\u00f1o) por colaboraci\u00f3n con grupos ilegales | P\u00e1gina10","isPartOf":{"@id":"https:\/\/pagina10.com\/web\/#website"},"primaryImageOfPage":{"@id":"https:\/\/pagina10.com\/web\/capturan-a-comandante-de-policia-en-policarpa-narino-por-colaboracion-con-grupos-ilegales\/#primaryimage"},"image":{"@id":"https:\/\/pagina10.com\/web\/capturan-a-comandante-de-policia-en-policarpa-narino-por-colaboracion-con-grupos-ilegales\/#primaryimage"},"thumbnailUrl":"https:\/\/pagina10.com\/web\/wp-content\/uploads\/2024\/01\/policarpa.jpg","datePublished":"2024-01-21T16:30:49+00:00","dateModified":"2024-01-23T05:57:31+00:00","breadcrumb":{"@id":"https:\/\/pagina10.com\/web\/capturan-a-comandante-de-policia-en-policarpa-narino-por-colaboracion-con-grupos-ilegales\/#breadcrumb"},"inLanguage":"es","potentialAction":[{"@type":"ReadAction","target":["https:\/\/pagina10.com\/web\/capturan-a-comandante-de-policia-en-policarpa-narino-por-colaboracion-con-grupos-ilegales\/"]}]},{"@type":"ImageObject","inLanguage":"es","@id":"https:\/\/pagina10.com\/web\/capturan-a-comandante-de-policia-en-policarpa-narino-por-colaboracion-con-grupos-ilegales\/#primaryimage","url":"https:\/\/pagina10.com\/web\/wp-content\/uploads\/2024\/01\/policarpa.jpg","contentUrl":"https:\/\/pagina10.com\/web\/wp-content\/uploads\/2024\/01\/policarpa.jpg","width":700,"height":500},{"@type":"BreadcrumbList","@id":"https:\/\/pagina10.com\/web\/capturan-a-comandante-de-policia-en-policarpa-narino-por-colaboracion-con-grupos-ilegales\/#breadcrumb","itemListElement":[{"@type":"ListItem","position":1,"name":"Portada","item":"https:\/\/pagina10.com\/web\/"},{"@type":"ListItem","position":2,"name":"Capturan a comandante de Polic\u00eda en Policarpa (Nari\u00f1o) por colaboraci\u00f3n con grupos ilegales"}]},{"@type":"WebSite","@id":"https:\/\/pagina10.com\/web\/#website","url":"https:\/\/pagina10.com\/web\/","name":"P\u00e1gina10","description":"Peri\u00f3dico Regional","publisher":{"@id":"https:\/\/pagina10.com\/web\/#organization"},"alternateName":"P\u00e1gina10 Peri\u00f3dico Regional","potentialAction":[{"@type":"SearchAction","target":{"@type":"EntryPoint","urlTemplate":"https:\/\/pagina10.com\/web\/?s={search_term_string}"},"query-input":{"@type":"PropertyValueSpecification","valueRequired":true,"valueName":"search_term_string"}}],"inLanguage":"es"},{"@type":"Organization","@id":"https:\/\/pagina10.com\/web\/#organization","name":"P\u00e1gina10","alternateName":"P\u00e1gina10 Peri\u00f3dico Regional","url":"https:\/\/pagina10.com\/web\/","logo":{"@type":"ImageObject","inLanguage":"es","@id":"https:\/\/pagina10.com\/web\/#\/schema\/logo\/image\/","url":"https:\/\/pagina10.com\/web\/wp-content\/uploads\/2024\/01\/40-pagina-10-periodico-regional-pasto.jpg","contentUrl":"https:\/\/pagina10.com\/web\/wp-content\/uploads\/2024\/01\/40-pagina-10-periodico-regional-pasto.jpg","width":1280,"height":720,"caption":"P\u00e1gina10"},"image":{"@id":"https:\/\/pagina10.com\/web\/#\/schema\/logo\/image\/"},"sameAs":["https:\/\/www.facebook.com\/pag10com","https:\/\/x.com\/Pag10com","https:\/\/www.instagram.com\/pagina10col\/","https:\/\/youtube.com\/channel\/pag10","https:\/\/www.tiktok.com\/@p10col"]},{"@type":"Person","@id":"https:\/\/pagina10.com\/web\/#\/schema\/person\/2efc4a090d25b667d3bc796798a3a81b","name":"P\u00e1gina 10","description":"P\u00e1gina 10 es un peri\u00f3dico regional que nace en Colombia, en el departamento de Nari\u00f1o, con un enfoque global, fundamentado en cuatro pilares esenciales: la libertad, el pluralismo, la inclusi\u00f3n y la independencia. P\u00e1gina 10 hace referencia a Nari\u00f1o como el d\u00e9cimo departamento creado en Colombia, despu\u00e9s de un proceso pol\u00edtico liderado por actores y actrices regionales con el fin de obtener la independencia y autonom\u00eda de nuestros territorios. Con la creaci\u00f3n de P\u00e1gina 10 se pretende abrir un escenario para el dialogo, la reflexi\u00f3n y el debate que se extienda a otras geograf\u00edas de Am\u00e9rica Latina y del planeta, en una apuesta por transformar colectivamente los desaf\u00edos de un mundo contempor\u00e1neo, m\u00e1s all\u00e1 de las fronteras impuestas.","url":"https:\/\/pagina10.com\/web\/author\/pdiezadmin\/"}]}},"_links":{"self":[{"href":"https:\/\/pagina10.com\/web\/wp-json\/wp\/v2\/posts\/72593","targetHints":{"allow":["GET"]}}],"collection":[{"href":"https:\/\/pagina10.com\/web\/wp-json\/wp\/v2\/posts"}],"about":[{"href":"https:\/\/pagina10.com\/web\/wp-json\/wp\/v2\/types\/post"}],"author":[{"embeddable":true,"href":"https:\/\/pagina10.com\/web\/wp-json\/wp\/v2\/users\/1"}],"replies":[{"embeddable":true,"href":"https:\/\/pagina10.com\/web\/wp-json\/wp\/v2\/comments?post=72593"}],"version-history":[{"count":1,"href":"https:\/\/pagina10.com\/web\/wp-json\/wp\/v2\/posts\/72593\/revisions"}],"predecessor-version":[{"id":72643,"href":"https:\/\/pagina10.com\/web\/wp-json\/wp\/v2\/posts\/72593\/revisions\/72643"}],"wp:featuredmedia":[{"embeddable":true,"href":"https:\/\/pagina10.com\/web\/wp-json\/wp\/v2\/media\/72594"}],"wp:attachment":[{"href":"https:\/\/pagina10.com\/web\/wp-json\/wp\/v2\/media?parent=72593"}],"wp:term":[{"taxonomy":"category","embeddable":true,"href":"https:\/\/pagina10.com\/web\/wp-json\/wp\/v2\/categories?post=72593"},{"taxonomy":"post_tag","embeddable":true,"href":"https:\/\/pagina10.com\/web\/wp-json\/wp\/v2\/tags?post=72593"}],"curies":[{"name":"wp","href":"https:\/\/api.w.org\/{rel}","templated":true}]}}