{"id":72597,"date":"2024-01-20T21:56:11","date_gmt":"2024-01-21T02:56:11","guid":{"rendered":"https:\/\/pagina10.com\/web\/?p=71085"},"modified":"2024-01-20T21:56:11","modified_gmt":"2024-01-21T02:56:11","slug":"71085-2","status":"publish","type":"post","link":"https:\/\/pagina10.com\/web\/71085-2\/","title":{"rendered":"Finaliz\u00f3 tercer ciclo de di\u00e1logos con el EMC con preagenda de negociaci\u00f3n"},"content":{"rendered":"<p style=\"text-align: justify;\">Los negociadores del gobierno nacional y el Estado Mayor Central de las Farc (EMC) concluyeron el tercer ciclo de di\u00e1logos en Bogot\u00e1, marcando un avance con la suscripci\u00f3n del quinto acuerdo en el proceso de paz. El documento sella la extensi\u00f3n del cese al fuego bilateral hasta el 15 de julio y reafirma el compromiso con la no violencia. La preagenda de negociaci\u00f3n aborda temas trascendentales y establece la ruta para la participaci\u00f3n de la sociedad.<\/p>\n<p style=\"text-align: justify;\">El ciclo permiti\u00f3 que el EMC reiterara su compromiso de poner fin a las &#8220;retenciones con fines econ\u00f3micos&#8221; durante el periodo del cese al fuego bilateral, excluyendo los secuestros extorsivos. Adem\u00e1s, se ha ratificado la ejecuci\u00f3n de acciones humanitarias, abarcando la prevenci\u00f3n de contacto armado, el retorno de civiles y\/o combatientes, la implementaci\u00f3n de corredores humanitarios y el respeto al Derecho Internacional Humanitario (DIH).<\/p>\n<p style=\"text-align: justify;\">Entre las claves de este proceso, est\u00e1n la creaci\u00f3n de un &#8220;Acuerdo Especial para la Participaci\u00f3n y Decisiones&#8221;, un &#8220;Protocolo de Participaci\u00f3n&#8221; y se prioriza la participaci\u00f3n de diversos sectores de la sociedad: campesinos, ind\u00edgenas, negros, mujeres, j\u00f3venes, v\u00edctimas y poblaci\u00f3n vulnerable. Asimismo, los di\u00e1logos abordan temas como tierras, territorio, ambiente, seguridad, educaci\u00f3n, despojo, desarrollo sostenible, poder local, modelos de gobernanza, v\u00edctimas del conflicto armado y social, econom\u00edas il\u00edcitas, territorialidades \u00e9tnicas y campesinas.<\/p>\n","protected":false},"excerpt":{"rendered":"<p>Los negociadores del gobierno nacional y el Estado Mayor Central de las Farc (EMC) concluyeron el tercer ciclo de di\u00e1logos en Bogot\u00e1, marcando un avance con la suscripci\u00f3n del quinto acuerdo en el proceso de paz. El documento sella la extensi\u00f3n del cese al fuego bilateral hasta el 15 de julio y reafirma el compromiso [&hellip;]<\/p>\n","protected":false},"author":1,"featured_media":72598,"comment_status":"open","ping_status":"open","sticky":false,"template":"","format":"standard","meta":{"footnotes":""},"categories":[14],"tags":[],"class_list":["post-72597","post","type-post","status-publish","format-standard","has-post-thumbnail","hentry","category-narino-actual"],"yoast_head":"<!-- This site is optimized with the Yoast SEO plugin v27.1.1 - https:\/\/yoast.com\/product\/yoast-seo-wordpress\/ -->\n<title>Finaliz\u00f3 tercer ciclo de di\u00e1logos con el EMC con preagenda de negociaci\u00f3n | P\u00e1gina10<\/title>\n<meta name=\"robots\" content=\"index, follow, max-snippet:-1, max-image-preview:large, max-video-preview:-1\" \/>\n<link rel=\"canonical\" href=\"https:\/\/pagina10.com\/web\/71085-2\/\" \/>\n<meta property=\"og:locale\" content=\"es_ES\" \/>\n<meta property=\"og:type\" content=\"article\" \/>\n<meta property=\"og:title\" content=\"Finaliz\u00f3 tercer ciclo de di\u00e1logos con el EMC con preagenda de negociaci\u00f3n | P\u00e1gina10\" \/>\n<meta property=\"og:description\" content=\"Los negociadores del gobierno nacional y el Estado Mayor Central de las Farc (EMC) concluyeron el tercer ciclo de di\u00e1logos en Bogot\u00e1, marcando un avance con la suscripci\u00f3n del quinto acuerdo en el proceso de paz. El documento sella la extensi\u00f3n del cese al fuego bilateral hasta el 15 de julio y reafirma el compromiso [&hellip;]\" \/>\n<meta property=\"og:url\" content=\"https:\/\/pagina10.com\/web\/71085-2\/\" \/>\n<meta property=\"og:site_name\" content=\"P\u00e1gina10\" \/>\n<meta property=\"article:publisher\" content=\"https:\/\/www.facebook.com\/pag10com\" \/>\n<meta property=\"article:published_time\" content=\"2024-01-21T02:56:11+00:00\" \/>\n<meta property=\"og:image\" content=\"https:\/\/pagina10.com\/web\/wp-content\/uploads\/2024\/01\/IMG-20240120-WA0046.jpg\" \/>\n\t<meta property=\"og:image:width\" content=\"1200\" \/>\n\t<meta property=\"og:image:height\" content=\"900\" \/>\n\t<meta property=\"og:image:type\" content=\"image\/jpeg\" \/>\n<meta name=\"author\" content=\"P\u00e1gina 10\" \/>\n<meta name=\"twitter:card\" content=\"summary_large_image\" \/>\n<meta name=\"twitter:creator\" content=\"@Pag10com\" \/>\n<meta name=\"twitter:site\" content=\"@Pag10com\" \/>\n<meta name=\"twitter:label1\" content=\"Escrito por\" \/>\n\t<meta name=\"twitter:data1\" content=\"P\u00e1gina 10\" \/>\n\t<meta name=\"twitter:label2\" content=\"Tiempo de lectura\" \/>\n\t<meta name=\"twitter:data2\" content=\"1 minuto\" \/>\n<script type=\"application\/ld+json\" class=\"yoast-schema-graph\">{\"@context\":\"https:\/\/schema.org\",\"@graph\":[{\"@type\":\"Article\",\"@id\":\"https:\/\/pagina10.com\/web\/71085-2\/#article\",\"isPartOf\":{\"@id\":\"https:\/\/pagina10.com\/web\/71085-2\/\"},\"author\":{\"name\":\"P\u00e1gina 10\",\"@id\":\"https:\/\/pagina10.com\/web\/#\/schema\/person\/2efc4a090d25b667d3bc796798a3a81b\"},\"headline\":\"Finaliz\u00f3 tercer ciclo de di\u00e1logos con el EMC con preagenda de negociaci\u00f3n\",\"datePublished\":\"2024-01-21T02:56:11+00:00\",\"mainEntityOfPage\":{\"@id\":\"https:\/\/pagina10.com\/web\/71085-2\/\"},\"wordCount\":251,\"commentCount\":0,\"publisher\":{\"@id\":\"https:\/\/pagina10.com\/web\/#organization\"},\"image\":{\"@id\":\"https:\/\/pagina10.com\/web\/71085-2\/#primaryimage\"},\"thumbnailUrl\":\"https:\/\/pagina10.com\/web\/wp-content\/uploads\/2024\/01\/IMG-20240120-WA0046.jpg\",\"articleSection\":[\"Nari\u00f1o Actual\"],\"inLanguage\":\"es\",\"potentialAction\":[{\"@type\":\"CommentAction\",\"name\":\"Comment\",\"target\":[\"https:\/\/pagina10.com\/web\/71085-2\/#respond\"]}]},{\"@type\":\"WebPage\",\"@id\":\"https:\/\/pagina10.com\/web\/71085-2\/\",\"url\":\"https:\/\/pagina10.com\/web\/71085-2\/\",\"name\":\"Finaliz\u00f3 tercer ciclo de di\u00e1logos con el EMC con preagenda de negociaci\u00f3n | P\u00e1gina10\",\"isPartOf\":{\"@id\":\"https:\/\/pagina10.com\/web\/#website\"},\"primaryImageOfPage\":{\"@id\":\"https:\/\/pagina10.com\/web\/71085-2\/#primaryimage\"},\"image\":{\"@id\":\"https:\/\/pagina10.com\/web\/71085-2\/#primaryimage\"},\"thumbnailUrl\":\"https:\/\/pagina10.com\/web\/wp-content\/uploads\/2024\/01\/IMG-20240120-WA0046.jpg\",\"datePublished\":\"2024-01-21T02:56:11+00:00\",\"breadcrumb\":{\"@id\":\"https:\/\/pagina10.com\/web\/71085-2\/#breadcrumb\"},\"inLanguage\":\"es\",\"potentialAction\":[{\"@type\":\"ReadAction\",\"target\":[\"https:\/\/pagina10.com\/web\/71085-2\/\"]}]},{\"@type\":\"ImageObject\",\"inLanguage\":\"es\",\"@id\":\"https:\/\/pagina10.com\/web\/71085-2\/#primaryimage\",\"url\":\"https:\/\/pagina10.com\/web\/wp-content\/uploads\/2024\/01\/IMG-20240120-WA0046.jpg\",\"contentUrl\":\"https:\/\/pagina10.com\/web\/wp-content\/uploads\/2024\/01\/IMG-20240120-WA0046.jpg\",\"width\":1200,\"height\":900},{\"@type\":\"BreadcrumbList\",\"@id\":\"https:\/\/pagina10.com\/web\/71085-2\/#breadcrumb\",\"itemListElement\":[{\"@type\":\"ListItem\",\"position\":1,\"name\":\"Portada\",\"item\":\"https:\/\/pagina10.com\/web\/\"},{\"@type\":\"ListItem\",\"position\":2,\"name\":\"Finaliz\u00f3 tercer ciclo de di\u00e1logos con el EMC con preagenda de negociaci\u00f3n\"}]},{\"@type\":\"WebSite\",\"@id\":\"https:\/\/pagina10.com\/web\/#website\",\"url\":\"https:\/\/pagina10.com\/web\/\",\"name\":\"P\u00e1gina10\",\"description\":\"Peri\u00f3dico Regional\",\"publisher\":{\"@id\":\"https:\/\/pagina10.com\/web\/#organization\"},\"alternateName\":\"P\u00e1gina10 Peri\u00f3dico Regional\",\"potentialAction\":[{\"@type\":\"SearchAction\",\"target\":{\"@type\":\"EntryPoint\",\"urlTemplate\":\"https:\/\/pagina10.com\/web\/?s={search_term_string}\"},\"query-input\":{\"@type\":\"PropertyValueSpecification\",\"valueRequired\":true,\"valueName\":\"search_term_string\"}}],\"inLanguage\":\"es\"},{\"@type\":\"Organization\",\"@id\":\"https:\/\/pagina10.com\/web\/#organization\",\"name\":\"P\u00e1gina10\",\"alternateName\":\"P\u00e1gina10 Peri\u00f3dico Regional\",\"url\":\"https:\/\/pagina10.com\/web\/\",\"logo\":{\"@type\":\"ImageObject\",\"inLanguage\":\"es\",\"@id\":\"https:\/\/pagina10.com\/web\/#\/schema\/logo\/image\/\",\"url\":\"https:\/\/pagina10.com\/web\/wp-content\/uploads\/2024\/01\/40-pagina-10-periodico-regional-pasto.jpg\",\"contentUrl\":\"https:\/\/pagina10.com\/web\/wp-content\/uploads\/2024\/01\/40-pagina-10-periodico-regional-pasto.jpg\",\"width\":1280,\"height\":720,\"caption\":\"P\u00e1gina10\"},\"image\":{\"@id\":\"https:\/\/pagina10.com\/web\/#\/schema\/logo\/image\/\"},\"sameAs\":[\"https:\/\/www.facebook.com\/pag10com\",\"https:\/\/x.com\/Pag10com\",\"https:\/\/www.instagram.com\/pagina10col\/\",\"https:\/\/youtube.com\/channel\/pag10\",\"https:\/\/www.tiktok.com\/@p10col\"]},{\"@type\":\"Person\",\"@id\":\"https:\/\/pagina10.com\/web\/#\/schema\/person\/2efc4a090d25b667d3bc796798a3a81b\",\"name\":\"P\u00e1gina 10\",\"description\":\"P\u00e1gina 10 es un peri\u00f3dico regional que nace en Colombia, en el departamento de Nari\u00f1o, con un enfoque global, fundamentado en cuatro pilares esenciales: la libertad, el pluralismo, la inclusi\u00f3n y la independencia. P\u00e1gina 10 hace referencia a Nari\u00f1o como el d\u00e9cimo departamento creado en Colombia, despu\u00e9s de un proceso pol\u00edtico liderado por actores y actrices regionales con el fin de obtener la independencia y autonom\u00eda de nuestros territorios. Con la creaci\u00f3n de P\u00e1gina 10 se pretende abrir un escenario para el dialogo, la reflexi\u00f3n y el debate que se extienda a otras geograf\u00edas de Am\u00e9rica Latina y del planeta, en una apuesta por transformar colectivamente los desaf\u00edos de un mundo contempor\u00e1neo, m\u00e1s all\u00e1 de las fronteras impuestas.\",\"url\":\"https:\/\/pagina10.com\/web\/author\/pdiezadmin\/\"}]}<\/script>\n<!-- \/ Yoast SEO plugin. -->","yoast_head_json":{"title":"Finaliz\u00f3 tercer ciclo de di\u00e1logos con el EMC con preagenda de negociaci\u00f3n | P\u00e1gina10","robots":{"index":"index","follow":"follow","max-snippet":"max-snippet:-1","max-image-preview":"max-image-preview:large","max-video-preview":"max-video-preview:-1"},"canonical":"https:\/\/pagina10.com\/web\/71085-2\/","og_locale":"es_ES","og_type":"article","og_title":"Finaliz\u00f3 tercer ciclo de di\u00e1logos con el EMC con preagenda de negociaci\u00f3n | P\u00e1gina10","og_description":"Los negociadores del gobierno nacional y el Estado Mayor Central de las Farc (EMC) concluyeron el tercer ciclo de di\u00e1logos en Bogot\u00e1, marcando un avance con la suscripci\u00f3n del quinto acuerdo en el proceso de paz. El documento sella la extensi\u00f3n del cese al fuego bilateral hasta el 15 de julio y reafirma el compromiso [&hellip;]","og_url":"https:\/\/pagina10.com\/web\/71085-2\/","og_site_name":"P\u00e1gina10","article_publisher":"https:\/\/www.facebook.com\/pag10com","article_published_time":"2024-01-21T02:56:11+00:00","og_image":[{"width":1200,"height":900,"url":"https:\/\/pagina10.com\/web\/wp-content\/uploads\/2024\/01\/IMG-20240120-WA0046.jpg","type":"image\/jpeg"}],"author":"P\u00e1gina 10","twitter_card":"summary_large_image","twitter_creator":"@Pag10com","twitter_site":"@Pag10com","twitter_misc":{"Escrito por":"P\u00e1gina 10","Tiempo de lectura":"1 minuto"},"schema":{"@context":"https:\/\/schema.org","@graph":[{"@type":"Article","@id":"https:\/\/pagina10.com\/web\/71085-2\/#article","isPartOf":{"@id":"https:\/\/pagina10.com\/web\/71085-2\/"},"author":{"name":"P\u00e1gina 10","@id":"https:\/\/pagina10.com\/web\/#\/schema\/person\/2efc4a090d25b667d3bc796798a3a81b"},"headline":"Finaliz\u00f3 tercer ciclo de di\u00e1logos con el EMC con preagenda de negociaci\u00f3n","datePublished":"2024-01-21T02:56:11+00:00","mainEntityOfPage":{"@id":"https:\/\/pagina10.com\/web\/71085-2\/"},"wordCount":251,"commentCount":0,"publisher":{"@id":"https:\/\/pagina10.com\/web\/#organization"},"image":{"@id":"https:\/\/pagina10.com\/web\/71085-2\/#primaryimage"},"thumbnailUrl":"https:\/\/pagina10.com\/web\/wp-content\/uploads\/2024\/01\/IMG-20240120-WA0046.jpg","articleSection":["Nari\u00f1o Actual"],"inLanguage":"es","potentialAction":[{"@type":"CommentAction","name":"Comment","target":["https:\/\/pagina10.com\/web\/71085-2\/#respond"]}]},{"@type":"WebPage","@id":"https:\/\/pagina10.com\/web\/71085-2\/","url":"https:\/\/pagina10.com\/web\/71085-2\/","name":"Finaliz\u00f3 tercer ciclo de di\u00e1logos con el EMC con preagenda de negociaci\u00f3n | P\u00e1gina10","isPartOf":{"@id":"https:\/\/pagina10.com\/web\/#website"},"primaryImageOfPage":{"@id":"https:\/\/pagina10.com\/web\/71085-2\/#primaryimage"},"image":{"@id":"https:\/\/pagina10.com\/web\/71085-2\/#primaryimage"},"thumbnailUrl":"https:\/\/pagina10.com\/web\/wp-content\/uploads\/2024\/01\/IMG-20240120-WA0046.jpg","datePublished":"2024-01-21T02:56:11+00:00","breadcrumb":{"@id":"https:\/\/pagina10.com\/web\/71085-2\/#breadcrumb"},"inLanguage":"es","potentialAction":[{"@type":"ReadAction","target":["https:\/\/pagina10.com\/web\/71085-2\/"]}]},{"@type":"ImageObject","inLanguage":"es","@id":"https:\/\/pagina10.com\/web\/71085-2\/#primaryimage","url":"https:\/\/pagina10.com\/web\/wp-content\/uploads\/2024\/01\/IMG-20240120-WA0046.jpg","contentUrl":"https:\/\/pagina10.com\/web\/wp-content\/uploads\/2024\/01\/IMG-20240120-WA0046.jpg","width":1200,"height":900},{"@type":"BreadcrumbList","@id":"https:\/\/pagina10.com\/web\/71085-2\/#breadcrumb","itemListElement":[{"@type":"ListItem","position":1,"name":"Portada","item":"https:\/\/pagina10.com\/web\/"},{"@type":"ListItem","position":2,"name":"Finaliz\u00f3 tercer ciclo de di\u00e1logos con el EMC con preagenda de negociaci\u00f3n"}]},{"@type":"WebSite","@id":"https:\/\/pagina10.com\/web\/#website","url":"https:\/\/pagina10.com\/web\/","name":"P\u00e1gina10","description":"Peri\u00f3dico Regional","publisher":{"@id":"https:\/\/pagina10.com\/web\/#organization"},"alternateName":"P\u00e1gina10 Peri\u00f3dico Regional","potentialAction":[{"@type":"SearchAction","target":{"@type":"EntryPoint","urlTemplate":"https:\/\/pagina10.com\/web\/?s={search_term_string}"},"query-input":{"@type":"PropertyValueSpecification","valueRequired":true,"valueName":"search_term_string"}}],"inLanguage":"es"},{"@type":"Organization","@id":"https:\/\/pagina10.com\/web\/#organization","name":"P\u00e1gina10","alternateName":"P\u00e1gina10 Peri\u00f3dico Regional","url":"https:\/\/pagina10.com\/web\/","logo":{"@type":"ImageObject","inLanguage":"es","@id":"https:\/\/pagina10.com\/web\/#\/schema\/logo\/image\/","url":"https:\/\/pagina10.com\/web\/wp-content\/uploads\/2024\/01\/40-pagina-10-periodico-regional-pasto.jpg","contentUrl":"https:\/\/pagina10.com\/web\/wp-content\/uploads\/2024\/01\/40-pagina-10-periodico-regional-pasto.jpg","width":1280,"height":720,"caption":"P\u00e1gina10"},"image":{"@id":"https:\/\/pagina10.com\/web\/#\/schema\/logo\/image\/"},"sameAs":["https:\/\/www.facebook.com\/pag10com","https:\/\/x.com\/Pag10com","https:\/\/www.instagram.com\/pagina10col\/","https:\/\/youtube.com\/channel\/pag10","https:\/\/www.tiktok.com\/@p10col"]},{"@type":"Person","@id":"https:\/\/pagina10.com\/web\/#\/schema\/person\/2efc4a090d25b667d3bc796798a3a81b","name":"P\u00e1gina 10","description":"P\u00e1gina 10 es un peri\u00f3dico regional que nace en Colombia, en el departamento de Nari\u00f1o, con un enfoque global, fundamentado en cuatro pilares esenciales: la libertad, el pluralismo, la inclusi\u00f3n y la independencia. P\u00e1gina 10 hace referencia a Nari\u00f1o como el d\u00e9cimo departamento creado en Colombia, despu\u00e9s de un proceso pol\u00edtico liderado por actores y actrices regionales con el fin de obtener la independencia y autonom\u00eda de nuestros territorios. Con la creaci\u00f3n de P\u00e1gina 10 se pretende abrir un escenario para el dialogo, la reflexi\u00f3n y el debate que se extienda a otras geograf\u00edas de Am\u00e9rica Latina y del planeta, en una apuesta por transformar colectivamente los desaf\u00edos de un mundo contempor\u00e1neo, m\u00e1s all\u00e1 de las fronteras impuestas.","url":"https:\/\/pagina10.com\/web\/author\/pdiezadmin\/"}]}},"_links":{"self":[{"href":"https:\/\/pagina10.com\/web\/wp-json\/wp\/v2\/posts\/72597","targetHints":{"allow":["GET"]}}],"collection":[{"href":"https:\/\/pagina10.com\/web\/wp-json\/wp\/v2\/posts"}],"about":[{"href":"https:\/\/pagina10.com\/web\/wp-json\/wp\/v2\/types\/post"}],"author":[{"embeddable":true,"href":"https:\/\/pagina10.com\/web\/wp-json\/wp\/v2\/users\/1"}],"replies":[{"embeddable":true,"href":"https:\/\/pagina10.com\/web\/wp-json\/wp\/v2\/comments?post=72597"}],"version-history":[{"count":0,"href":"https:\/\/pagina10.com\/web\/wp-json\/wp\/v2\/posts\/72597\/revisions"}],"wp:featuredmedia":[{"embeddable":true,"href":"https:\/\/pagina10.com\/web\/wp-json\/wp\/v2\/media\/72598"}],"wp:attachment":[{"href":"https:\/\/pagina10.com\/web\/wp-json\/wp\/v2\/media?parent=72597"}],"wp:term":[{"taxonomy":"category","embeddable":true,"href":"https:\/\/pagina10.com\/web\/wp-json\/wp\/v2\/categories?post=72597"},{"taxonomy":"post_tag","embeddable":true,"href":"https:\/\/pagina10.com\/web\/wp-json\/wp\/v2\/tags?post=72597"}],"curies":[{"name":"wp","href":"https:\/\/api.w.org\/{rel}","templated":true}]}}