{"id":72603,"date":"2024-01-20T11:51:46","date_gmt":"2024-01-20T16:51:46","guid":{"rendered":"https:\/\/pagina10.com\/web\/?p=71071"},"modified":"2024-01-20T11:51:46","modified_gmt":"2024-01-20T16:51:46","slug":"el-narinense-jairo-tarapuez-es-el-director-de-la-pelicula-gal-montana-de-fuego","status":"publish","type":"post","link":"https:\/\/pagina10.com\/web\/el-narinense-jairo-tarapuez-es-el-director-de-la-pelicula-gal-montana-de-fuego\/","title":{"rendered":"El nari\u00f1ense Jairo Tarapuez es el director de la pel\u00edcula &#8220;Gal, Monta\u00f1a de Fuego&#8221;"},"content":{"rendered":"<p style=\"text-align: justify;\">El <strong>cineasta nari\u00f1ense Jairo Tarapuez Jaramillo conquista la pantalla con su m\u00e1s reciente obra audiovisual<\/strong>, &#8220;Gal, Monta\u00f1a de Fuego&#8221;. La pel\u00edcula, que se encuentra en exhibici\u00f3n simult\u00e1nea hasta el 31 de enero, en las salas de cine de Royal Films en 30 ciudades de Colombia y en la plataforma VOD Retina Latina, ha cautivado audiencias con una historia fant\u00e1stica con origen en el municipio de Ipiales.<\/p>\n<p style=\"text-align: justify;\">El film es una creaci\u00f3n m\u00e1gica hecha desde Ipiales que narra la historia de \u2018Gal\u2019, una criatura de fuego creada por \u2018Inti\u2019, el dios sol. La personalidad aventurera y traviesa de Gal desencadenar\u00e1 eventos que pondr\u00e1n en riesgo a los humanos, provocando el despertar de la Pachamama, la madre tierra.<\/p>\n<p style=\"text-align: justify;\">Jairo Tarapuez, director, productor y gestor cultural, ha dejado huella en la producci\u00f3n cinematogr\u00e1fica nacional. Con una amplia trayectoria como miembro del Colectivo C\u00e1mara Oscura desde 2017, ha participado en la realizaci\u00f3n de videoclips y cortometrajes en animaci\u00f3n Stop Motion, incluyendo el proyecto ganador del FDC 2021, &#8220;El Chucur&#8221;. Adem\u00e1s, ha liderado el laboratorio &#8220;Imagianimando el Sur&#8221;, un proyecto colaborativo que vincula a j\u00f3venes artistas del sur de Nari\u00f1o con profesionales de amplia trayectoria nacional.<\/p>\n<p style=\"text-align: justify;\">Este cortometraje de 12 minutos se destaca por su narrativa \u00fanica, animaci\u00f3n impecable y un elenco talentoso. Una experiencia cinematogr\u00e1fica que transporta a los espectadores a un mundo de fantas\u00eda, donde la creaci\u00f3n divina de Gal despierta la esencia misma de la Pachamama.<\/p>\n<p><img fetchpriority=\"high\" decoding=\"async\" class=\"aligncenter size-large wp-image-71050\" src=\"https:\/\/pagina10.com\/web\/wp-content\/uploads\/2024\/01\/IMG-20240119-WA0009-819x1024.jpg\" alt=\"\" width=\"819\" height=\"1024\" \/><\/p>\n","protected":false},"excerpt":{"rendered":"<p>El cineasta nari\u00f1ense Jairo Tarapuez Jaramillo conquista la pantalla con su m\u00e1s reciente obra audiovisual, &#8220;Gal, Monta\u00f1a de Fuego&#8221;. La pel\u00edcula, que se encuentra en exhibici\u00f3n simult\u00e1nea hasta el 31 de enero, en las salas de cine de Royal Films en 30 ciudades de Colombia y en la plataforma VOD Retina Latina, ha cautivado audiencias [&hellip;]<\/p>\n","protected":false},"author":1,"featured_media":72604,"comment_status":"open","ping_status":"open","sticky":false,"template":"","format":"standard","meta":{"footnotes":""},"categories":[14],"tags":[],"class_list":["post-72603","post","type-post","status-publish","format-standard","has-post-thumbnail","hentry","category-narino-actual"],"yoast_head":"<!-- This site is optimized with the Yoast SEO plugin v27.1.1 - https:\/\/yoast.com\/product\/yoast-seo-wordpress\/ -->\n<title>El nari\u00f1ense Jairo Tarapuez es el director de la pel\u00edcula &quot;Gal, Monta\u00f1a de Fuego&quot; | P\u00e1gina10<\/title>\n<meta name=\"robots\" content=\"index, follow, max-snippet:-1, max-image-preview:large, max-video-preview:-1\" \/>\n<link rel=\"canonical\" href=\"https:\/\/pagina10.com\/web\/el-narinense-jairo-tarapuez-es-el-director-de-la-pelicula-gal-montana-de-fuego\/\" \/>\n<meta property=\"og:locale\" content=\"es_ES\" \/>\n<meta property=\"og:type\" content=\"article\" \/>\n<meta property=\"og:title\" content=\"El nari\u00f1ense Jairo Tarapuez es el director de la pel\u00edcula &quot;Gal, Monta\u00f1a de Fuego&quot; | P\u00e1gina10\" \/>\n<meta property=\"og:description\" content=\"El cineasta nari\u00f1ense Jairo Tarapuez Jaramillo conquista la pantalla con su m\u00e1s reciente obra audiovisual, &#8220;Gal, Monta\u00f1a de Fuego&#8221;. La pel\u00edcula, que se encuentra en exhibici\u00f3n simult\u00e1nea hasta el 31 de enero, en las salas de cine de Royal Films en 30 ciudades de Colombia y en la plataforma VOD Retina Latina, ha cautivado audiencias [&hellip;]\" \/>\n<meta property=\"og:url\" content=\"https:\/\/pagina10.com\/web\/el-narinense-jairo-tarapuez-es-el-director-de-la-pelicula-gal-montana-de-fuego\/\" \/>\n<meta property=\"og:site_name\" content=\"P\u00e1gina10\" \/>\n<meta property=\"article:publisher\" content=\"https:\/\/www.facebook.com\/pag10com\" \/>\n<meta property=\"article:published_time\" content=\"2024-01-20T16:51:46+00:00\" \/>\n<meta property=\"og:image\" content=\"https:\/\/pagina10.com\/web\/wp-content\/uploads\/2024\/01\/SNOW_20240120_114941_230.jpg\" \/>\n\t<meta property=\"og:image:width\" content=\"1080\" \/>\n\t<meta property=\"og:image:height\" content=\"749\" \/>\n\t<meta property=\"og:image:type\" content=\"image\/jpeg\" \/>\n<meta name=\"author\" content=\"P\u00e1gina 10\" \/>\n<meta name=\"twitter:card\" content=\"summary_large_image\" \/>\n<meta name=\"twitter:creator\" content=\"@Pag10com\" \/>\n<meta name=\"twitter:site\" content=\"@Pag10com\" \/>\n<meta name=\"twitter:label1\" content=\"Escrito por\" \/>\n\t<meta name=\"twitter:data1\" content=\"P\u00e1gina 10\" \/>\n\t<meta name=\"twitter:label2\" content=\"Tiempo de lectura\" \/>\n\t<meta name=\"twitter:data2\" content=\"1 minuto\" \/>\n<script type=\"application\/ld+json\" class=\"yoast-schema-graph\">{\"@context\":\"https:\/\/schema.org\",\"@graph\":[{\"@type\":\"Article\",\"@id\":\"https:\/\/pagina10.com\/web\/el-narinense-jairo-tarapuez-es-el-director-de-la-pelicula-gal-montana-de-fuego\/#article\",\"isPartOf\":{\"@id\":\"https:\/\/pagina10.com\/web\/el-narinense-jairo-tarapuez-es-el-director-de-la-pelicula-gal-montana-de-fuego\/\"},\"author\":{\"name\":\"P\u00e1gina 10\",\"@id\":\"https:\/\/pagina10.com\/web\/#\/schema\/person\/2efc4a090d25b667d3bc796798a3a81b\"},\"headline\":\"El nari\u00f1ense Jairo Tarapuez es el director de la pel\u00edcula &#8220;Gal, Monta\u00f1a de Fuego&#8221;\",\"datePublished\":\"2024-01-20T16:51:46+00:00\",\"mainEntityOfPage\":{\"@id\":\"https:\/\/pagina10.com\/web\/el-narinense-jairo-tarapuez-es-el-director-de-la-pelicula-gal-montana-de-fuego\/\"},\"wordCount\":268,\"commentCount\":0,\"publisher\":{\"@id\":\"https:\/\/pagina10.com\/web\/#organization\"},\"image\":{\"@id\":\"https:\/\/pagina10.com\/web\/el-narinense-jairo-tarapuez-es-el-director-de-la-pelicula-gal-montana-de-fuego\/#primaryimage\"},\"thumbnailUrl\":\"https:\/\/pagina10.com\/web\/wp-content\/uploads\/2024\/01\/SNOW_20240120_114941_230.jpg\",\"articleSection\":[\"Nari\u00f1o Actual\"],\"inLanguage\":\"es\",\"potentialAction\":[{\"@type\":\"CommentAction\",\"name\":\"Comment\",\"target\":[\"https:\/\/pagina10.com\/web\/el-narinense-jairo-tarapuez-es-el-director-de-la-pelicula-gal-montana-de-fuego\/#respond\"]}]},{\"@type\":\"WebPage\",\"@id\":\"https:\/\/pagina10.com\/web\/el-narinense-jairo-tarapuez-es-el-director-de-la-pelicula-gal-montana-de-fuego\/\",\"url\":\"https:\/\/pagina10.com\/web\/el-narinense-jairo-tarapuez-es-el-director-de-la-pelicula-gal-montana-de-fuego\/\",\"name\":\"El nari\u00f1ense Jairo Tarapuez es el director de la pel\u00edcula \\\"Gal, Monta\u00f1a de Fuego\\\" | P\u00e1gina10\",\"isPartOf\":{\"@id\":\"https:\/\/pagina10.com\/web\/#website\"},\"primaryImageOfPage\":{\"@id\":\"https:\/\/pagina10.com\/web\/el-narinense-jairo-tarapuez-es-el-director-de-la-pelicula-gal-montana-de-fuego\/#primaryimage\"},\"image\":{\"@id\":\"https:\/\/pagina10.com\/web\/el-narinense-jairo-tarapuez-es-el-director-de-la-pelicula-gal-montana-de-fuego\/#primaryimage\"},\"thumbnailUrl\":\"https:\/\/pagina10.com\/web\/wp-content\/uploads\/2024\/01\/SNOW_20240120_114941_230.jpg\",\"datePublished\":\"2024-01-20T16:51:46+00:00\",\"breadcrumb\":{\"@id\":\"https:\/\/pagina10.com\/web\/el-narinense-jairo-tarapuez-es-el-director-de-la-pelicula-gal-montana-de-fuego\/#breadcrumb\"},\"inLanguage\":\"es\",\"potentialAction\":[{\"@type\":\"ReadAction\",\"target\":[\"https:\/\/pagina10.com\/web\/el-narinense-jairo-tarapuez-es-el-director-de-la-pelicula-gal-montana-de-fuego\/\"]}]},{\"@type\":\"ImageObject\",\"inLanguage\":\"es\",\"@id\":\"https:\/\/pagina10.com\/web\/el-narinense-jairo-tarapuez-es-el-director-de-la-pelicula-gal-montana-de-fuego\/#primaryimage\",\"url\":\"https:\/\/pagina10.com\/web\/wp-content\/uploads\/2024\/01\/SNOW_20240120_114941_230.jpg\",\"contentUrl\":\"https:\/\/pagina10.com\/web\/wp-content\/uploads\/2024\/01\/SNOW_20240120_114941_230.jpg\",\"width\":1080,\"height\":749},{\"@type\":\"BreadcrumbList\",\"@id\":\"https:\/\/pagina10.com\/web\/el-narinense-jairo-tarapuez-es-el-director-de-la-pelicula-gal-montana-de-fuego\/#breadcrumb\",\"itemListElement\":[{\"@type\":\"ListItem\",\"position\":1,\"name\":\"Portada\",\"item\":\"https:\/\/pagina10.com\/web\/\"},{\"@type\":\"ListItem\",\"position\":2,\"name\":\"El nari\u00f1ense Jairo Tarapuez es el director de la pel\u00edcula &#8220;Gal, Monta\u00f1a de Fuego&#8221;\"}]},{\"@type\":\"WebSite\",\"@id\":\"https:\/\/pagina10.com\/web\/#website\",\"url\":\"https:\/\/pagina10.com\/web\/\",\"name\":\"P\u00e1gina10\",\"description\":\"Peri\u00f3dico Regional\",\"publisher\":{\"@id\":\"https:\/\/pagina10.com\/web\/#organization\"},\"alternateName\":\"P\u00e1gina10 Peri\u00f3dico Regional\",\"potentialAction\":[{\"@type\":\"SearchAction\",\"target\":{\"@type\":\"EntryPoint\",\"urlTemplate\":\"https:\/\/pagina10.com\/web\/?s={search_term_string}\"},\"query-input\":{\"@type\":\"PropertyValueSpecification\",\"valueRequired\":true,\"valueName\":\"search_term_string\"}}],\"inLanguage\":\"es\"},{\"@type\":\"Organization\",\"@id\":\"https:\/\/pagina10.com\/web\/#organization\",\"name\":\"P\u00e1gina10\",\"alternateName\":\"P\u00e1gina10 Peri\u00f3dico Regional\",\"url\":\"https:\/\/pagina10.com\/web\/\",\"logo\":{\"@type\":\"ImageObject\",\"inLanguage\":\"es\",\"@id\":\"https:\/\/pagina10.com\/web\/#\/schema\/logo\/image\/\",\"url\":\"https:\/\/pagina10.com\/web\/wp-content\/uploads\/2024\/01\/40-pagina-10-periodico-regional-pasto.jpg\",\"contentUrl\":\"https:\/\/pagina10.com\/web\/wp-content\/uploads\/2024\/01\/40-pagina-10-periodico-regional-pasto.jpg\",\"width\":1280,\"height\":720,\"caption\":\"P\u00e1gina10\"},\"image\":{\"@id\":\"https:\/\/pagina10.com\/web\/#\/schema\/logo\/image\/\"},\"sameAs\":[\"https:\/\/www.facebook.com\/pag10com\",\"https:\/\/x.com\/Pag10com\",\"https:\/\/www.instagram.com\/pagina10col\/\",\"https:\/\/youtube.com\/channel\/pag10\",\"https:\/\/www.tiktok.com\/@p10col\"]},{\"@type\":\"Person\",\"@id\":\"https:\/\/pagina10.com\/web\/#\/schema\/person\/2efc4a090d25b667d3bc796798a3a81b\",\"name\":\"P\u00e1gina 10\",\"description\":\"P\u00e1gina 10 es un peri\u00f3dico regional que nace en Colombia, en el departamento de Nari\u00f1o, con un enfoque global, fundamentado en cuatro pilares esenciales: la libertad, el pluralismo, la inclusi\u00f3n y la independencia. P\u00e1gina 10 hace referencia a Nari\u00f1o como el d\u00e9cimo departamento creado en Colombia, despu\u00e9s de un proceso pol\u00edtico liderado por actores y actrices regionales con el fin de obtener la independencia y autonom\u00eda de nuestros territorios. Con la creaci\u00f3n de P\u00e1gina 10 se pretende abrir un escenario para el dialogo, la reflexi\u00f3n y el debate que se extienda a otras geograf\u00edas de Am\u00e9rica Latina y del planeta, en una apuesta por transformar colectivamente los desaf\u00edos de un mundo contempor\u00e1neo, m\u00e1s all\u00e1 de las fronteras impuestas.\",\"url\":\"https:\/\/pagina10.com\/web\/author\/pdiezadmin\/\"}]}<\/script>\n<!-- \/ Yoast SEO plugin. -->","yoast_head_json":{"title":"El nari\u00f1ense Jairo Tarapuez es el director de la pel\u00edcula \"Gal, Monta\u00f1a de Fuego\" | P\u00e1gina10","robots":{"index":"index","follow":"follow","max-snippet":"max-snippet:-1","max-image-preview":"max-image-preview:large","max-video-preview":"max-video-preview:-1"},"canonical":"https:\/\/pagina10.com\/web\/el-narinense-jairo-tarapuez-es-el-director-de-la-pelicula-gal-montana-de-fuego\/","og_locale":"es_ES","og_type":"article","og_title":"El nari\u00f1ense Jairo Tarapuez es el director de la pel\u00edcula \"Gal, Monta\u00f1a de Fuego\" | P\u00e1gina10","og_description":"El cineasta nari\u00f1ense Jairo Tarapuez Jaramillo conquista la pantalla con su m\u00e1s reciente obra audiovisual, &#8220;Gal, Monta\u00f1a de Fuego&#8221;. La pel\u00edcula, que se encuentra en exhibici\u00f3n simult\u00e1nea hasta el 31 de enero, en las salas de cine de Royal Films en 30 ciudades de Colombia y en la plataforma VOD Retina Latina, ha cautivado audiencias [&hellip;]","og_url":"https:\/\/pagina10.com\/web\/el-narinense-jairo-tarapuez-es-el-director-de-la-pelicula-gal-montana-de-fuego\/","og_site_name":"P\u00e1gina10","article_publisher":"https:\/\/www.facebook.com\/pag10com","article_published_time":"2024-01-20T16:51:46+00:00","og_image":[{"width":1080,"height":749,"url":"https:\/\/pagina10.com\/web\/wp-content\/uploads\/2024\/01\/SNOW_20240120_114941_230.jpg","type":"image\/jpeg"}],"author":"P\u00e1gina 10","twitter_card":"summary_large_image","twitter_creator":"@Pag10com","twitter_site":"@Pag10com","twitter_misc":{"Escrito por":"P\u00e1gina 10","Tiempo de lectura":"1 minuto"},"schema":{"@context":"https:\/\/schema.org","@graph":[{"@type":"Article","@id":"https:\/\/pagina10.com\/web\/el-narinense-jairo-tarapuez-es-el-director-de-la-pelicula-gal-montana-de-fuego\/#article","isPartOf":{"@id":"https:\/\/pagina10.com\/web\/el-narinense-jairo-tarapuez-es-el-director-de-la-pelicula-gal-montana-de-fuego\/"},"author":{"name":"P\u00e1gina 10","@id":"https:\/\/pagina10.com\/web\/#\/schema\/person\/2efc4a090d25b667d3bc796798a3a81b"},"headline":"El nari\u00f1ense Jairo Tarapuez es el director de la pel\u00edcula &#8220;Gal, Monta\u00f1a de Fuego&#8221;","datePublished":"2024-01-20T16:51:46+00:00","mainEntityOfPage":{"@id":"https:\/\/pagina10.com\/web\/el-narinense-jairo-tarapuez-es-el-director-de-la-pelicula-gal-montana-de-fuego\/"},"wordCount":268,"commentCount":0,"publisher":{"@id":"https:\/\/pagina10.com\/web\/#organization"},"image":{"@id":"https:\/\/pagina10.com\/web\/el-narinense-jairo-tarapuez-es-el-director-de-la-pelicula-gal-montana-de-fuego\/#primaryimage"},"thumbnailUrl":"https:\/\/pagina10.com\/web\/wp-content\/uploads\/2024\/01\/SNOW_20240120_114941_230.jpg","articleSection":["Nari\u00f1o Actual"],"inLanguage":"es","potentialAction":[{"@type":"CommentAction","name":"Comment","target":["https:\/\/pagina10.com\/web\/el-narinense-jairo-tarapuez-es-el-director-de-la-pelicula-gal-montana-de-fuego\/#respond"]}]},{"@type":"WebPage","@id":"https:\/\/pagina10.com\/web\/el-narinense-jairo-tarapuez-es-el-director-de-la-pelicula-gal-montana-de-fuego\/","url":"https:\/\/pagina10.com\/web\/el-narinense-jairo-tarapuez-es-el-director-de-la-pelicula-gal-montana-de-fuego\/","name":"El nari\u00f1ense Jairo Tarapuez es el director de la pel\u00edcula \"Gal, Monta\u00f1a de Fuego\" | P\u00e1gina10","isPartOf":{"@id":"https:\/\/pagina10.com\/web\/#website"},"primaryImageOfPage":{"@id":"https:\/\/pagina10.com\/web\/el-narinense-jairo-tarapuez-es-el-director-de-la-pelicula-gal-montana-de-fuego\/#primaryimage"},"image":{"@id":"https:\/\/pagina10.com\/web\/el-narinense-jairo-tarapuez-es-el-director-de-la-pelicula-gal-montana-de-fuego\/#primaryimage"},"thumbnailUrl":"https:\/\/pagina10.com\/web\/wp-content\/uploads\/2024\/01\/SNOW_20240120_114941_230.jpg","datePublished":"2024-01-20T16:51:46+00:00","breadcrumb":{"@id":"https:\/\/pagina10.com\/web\/el-narinense-jairo-tarapuez-es-el-director-de-la-pelicula-gal-montana-de-fuego\/#breadcrumb"},"inLanguage":"es","potentialAction":[{"@type":"ReadAction","target":["https:\/\/pagina10.com\/web\/el-narinense-jairo-tarapuez-es-el-director-de-la-pelicula-gal-montana-de-fuego\/"]}]},{"@type":"ImageObject","inLanguage":"es","@id":"https:\/\/pagina10.com\/web\/el-narinense-jairo-tarapuez-es-el-director-de-la-pelicula-gal-montana-de-fuego\/#primaryimage","url":"https:\/\/pagina10.com\/web\/wp-content\/uploads\/2024\/01\/SNOW_20240120_114941_230.jpg","contentUrl":"https:\/\/pagina10.com\/web\/wp-content\/uploads\/2024\/01\/SNOW_20240120_114941_230.jpg","width":1080,"height":749},{"@type":"BreadcrumbList","@id":"https:\/\/pagina10.com\/web\/el-narinense-jairo-tarapuez-es-el-director-de-la-pelicula-gal-montana-de-fuego\/#breadcrumb","itemListElement":[{"@type":"ListItem","position":1,"name":"Portada","item":"https:\/\/pagina10.com\/web\/"},{"@type":"ListItem","position":2,"name":"El nari\u00f1ense Jairo Tarapuez es el director de la pel\u00edcula &#8220;Gal, Monta\u00f1a de Fuego&#8221;"}]},{"@type":"WebSite","@id":"https:\/\/pagina10.com\/web\/#website","url":"https:\/\/pagina10.com\/web\/","name":"P\u00e1gina10","description":"Peri\u00f3dico Regional","publisher":{"@id":"https:\/\/pagina10.com\/web\/#organization"},"alternateName":"P\u00e1gina10 Peri\u00f3dico Regional","potentialAction":[{"@type":"SearchAction","target":{"@type":"EntryPoint","urlTemplate":"https:\/\/pagina10.com\/web\/?s={search_term_string}"},"query-input":{"@type":"PropertyValueSpecification","valueRequired":true,"valueName":"search_term_string"}}],"inLanguage":"es"},{"@type":"Organization","@id":"https:\/\/pagina10.com\/web\/#organization","name":"P\u00e1gina10","alternateName":"P\u00e1gina10 Peri\u00f3dico Regional","url":"https:\/\/pagina10.com\/web\/","logo":{"@type":"ImageObject","inLanguage":"es","@id":"https:\/\/pagina10.com\/web\/#\/schema\/logo\/image\/","url":"https:\/\/pagina10.com\/web\/wp-content\/uploads\/2024\/01\/40-pagina-10-periodico-regional-pasto.jpg","contentUrl":"https:\/\/pagina10.com\/web\/wp-content\/uploads\/2024\/01\/40-pagina-10-periodico-regional-pasto.jpg","width":1280,"height":720,"caption":"P\u00e1gina10"},"image":{"@id":"https:\/\/pagina10.com\/web\/#\/schema\/logo\/image\/"},"sameAs":["https:\/\/www.facebook.com\/pag10com","https:\/\/x.com\/Pag10com","https:\/\/www.instagram.com\/pagina10col\/","https:\/\/youtube.com\/channel\/pag10","https:\/\/www.tiktok.com\/@p10col"]},{"@type":"Person","@id":"https:\/\/pagina10.com\/web\/#\/schema\/person\/2efc4a090d25b667d3bc796798a3a81b","name":"P\u00e1gina 10","description":"P\u00e1gina 10 es un peri\u00f3dico regional que nace en Colombia, en el departamento de Nari\u00f1o, con un enfoque global, fundamentado en cuatro pilares esenciales: la libertad, el pluralismo, la inclusi\u00f3n y la independencia. P\u00e1gina 10 hace referencia a Nari\u00f1o como el d\u00e9cimo departamento creado en Colombia, despu\u00e9s de un proceso pol\u00edtico liderado por actores y actrices regionales con el fin de obtener la independencia y autonom\u00eda de nuestros territorios. Con la creaci\u00f3n de P\u00e1gina 10 se pretende abrir un escenario para el dialogo, la reflexi\u00f3n y el debate que se extienda a otras geograf\u00edas de Am\u00e9rica Latina y del planeta, en una apuesta por transformar colectivamente los desaf\u00edos de un mundo contempor\u00e1neo, m\u00e1s all\u00e1 de las fronteras impuestas.","url":"https:\/\/pagina10.com\/web\/author\/pdiezadmin\/"}]}},"_links":{"self":[{"href":"https:\/\/pagina10.com\/web\/wp-json\/wp\/v2\/posts\/72603","targetHints":{"allow":["GET"]}}],"collection":[{"href":"https:\/\/pagina10.com\/web\/wp-json\/wp\/v2\/posts"}],"about":[{"href":"https:\/\/pagina10.com\/web\/wp-json\/wp\/v2\/types\/post"}],"author":[{"embeddable":true,"href":"https:\/\/pagina10.com\/web\/wp-json\/wp\/v2\/users\/1"}],"replies":[{"embeddable":true,"href":"https:\/\/pagina10.com\/web\/wp-json\/wp\/v2\/comments?post=72603"}],"version-history":[{"count":0,"href":"https:\/\/pagina10.com\/web\/wp-json\/wp\/v2\/posts\/72603\/revisions"}],"wp:featuredmedia":[{"embeddable":true,"href":"https:\/\/pagina10.com\/web\/wp-json\/wp\/v2\/media\/72604"}],"wp:attachment":[{"href":"https:\/\/pagina10.com\/web\/wp-json\/wp\/v2\/media?parent=72603"}],"wp:term":[{"taxonomy":"category","embeddable":true,"href":"https:\/\/pagina10.com\/web\/wp-json\/wp\/v2\/categories?post=72603"},{"taxonomy":"post_tag","embeddable":true,"href":"https:\/\/pagina10.com\/web\/wp-json\/wp\/v2\/tags?post=72603"}],"curies":[{"name":"wp","href":"https:\/\/api.w.org\/{rel}","templated":true}]}}