{"id":72605,"date":"2024-01-19T18:05:34","date_gmt":"2024-01-19T23:05:34","guid":{"rendered":"https:\/\/pagina10.com\/web\/?p=71068"},"modified":"2024-01-19T18:05:34","modified_gmt":"2024-01-19T23:05:34","slug":"ecopetrol-rechazo-nominaciones-del-gobierno-para-conformar-su-junta-directiva-incluida-la-del-narinense-guillermo-garcia-realpe","status":"publish","type":"post","link":"https:\/\/pagina10.com\/web\/ecopetrol-rechazo-nominaciones-del-gobierno-para-conformar-su-junta-directiva-incluida-la-del-narinense-guillermo-garcia-realpe\/","title":{"rendered":"Ecopetrol rechaz\u00f3 nominaciones del gobierno para conformar su junta directiva, inclu\u00edda la del nari\u00f1ense Guillermo Garc\u00eda Realpe"},"content":{"rendered":"<p style=\"text-align: justify;\">Ecopetrol, la principal empresa de Colombia, marcada por investigaciones en torno al presidente Ricardo Roa, registra tensiones en la Junta Directiva, \u00f3rgano clave en la administraci\u00f3n de la empresa y en la elecci\u00f3n de su presidente. En un intento por influir en dicha junta, el gobierno Petro present\u00f3, para su consideraci\u00f3n, tres nombres afines al presidente, pero no superaron los filtros de revisi\u00f3n que tiene la empresa para los candidatos.<\/p>\n<p style=\"text-align: justify;\">Guillermo Garc\u00eda Realpe (nari\u00f1ense), Alberto Merlano y Jos\u00e9 Orlando Rodr\u00edguez Guerrero, fueron los candidatos propuestos por el Ministerio de Hacienda. Sin embargo, Ecopetrol confirm\u00f3 que sus perfiles no cumplen con los requisitos de la Security Exchange Commision (SEC) de la bolsa de Nueva York, donde Ecopetrol cotiza.<\/p>\n<p style=\"text-align: justify;\">Mientras el gobierno Petro enfrenta dificultades para influir en la Junta, los desaf\u00edos aumentan con las investigaciones sobre Ricardo Roa, pues la Junta Directiva expres\u00f3 sus preocupaciones sobre las pesquisas que involucran al presidente, incluyendo irregularidades en las cuentas de la campa\u00f1a de Gustavo Petro y la pol\u00e9mica compra de un lujoso apartamento.<\/p>\n","protected":false},"excerpt":{"rendered":"<p>Ecopetrol, la principal empresa de Colombia, marcada por investigaciones en torno al presidente Ricardo Roa, registra tensiones en la Junta Directiva, \u00f3rgano clave en la administraci\u00f3n de la empresa y en la elecci\u00f3n de su presidente. En un intento por influir en dicha junta, el gobierno Petro present\u00f3, para su consideraci\u00f3n, tres nombres afines al [&hellip;]<\/p>\n","protected":false},"author":1,"featured_media":72606,"comment_status":"open","ping_status":"open","sticky":false,"template":"","format":"standard","meta":{"footnotes":""},"categories":[14],"tags":[],"class_list":["post-72605","post","type-post","status-publish","format-standard","has-post-thumbnail","hentry","category-narino-actual"],"yoast_head":"<!-- This site is optimized with the Yoast SEO plugin v27.1.1 - https:\/\/yoast.com\/product\/yoast-seo-wordpress\/ -->\n<title>Ecopetrol rechaz\u00f3 nominaciones del gobierno para conformar su junta directiva, inclu\u00edda la del nari\u00f1ense Guillermo Garc\u00eda Realpe | P\u00e1gina10<\/title>\n<meta name=\"robots\" content=\"index, follow, max-snippet:-1, max-image-preview:large, max-video-preview:-1\" \/>\n<link rel=\"canonical\" href=\"https:\/\/pagina10.com\/web\/ecopetrol-rechazo-nominaciones-del-gobierno-para-conformar-su-junta-directiva-incluida-la-del-narinense-guillermo-garcia-realpe\/\" \/>\n<meta property=\"og:locale\" content=\"es_ES\" \/>\n<meta property=\"og:type\" content=\"article\" \/>\n<meta property=\"og:title\" content=\"Ecopetrol rechaz\u00f3 nominaciones del gobierno para conformar su junta directiva, inclu\u00edda la del nari\u00f1ense Guillermo Garc\u00eda Realpe | P\u00e1gina10\" \/>\n<meta property=\"og:description\" content=\"Ecopetrol, la principal empresa de Colombia, marcada por investigaciones en torno al presidente Ricardo Roa, registra tensiones en la Junta Directiva, \u00f3rgano clave en la administraci\u00f3n de la empresa y en la elecci\u00f3n de su presidente. En un intento por influir en dicha junta, el gobierno Petro present\u00f3, para su consideraci\u00f3n, tres nombres afines al [&hellip;]\" \/>\n<meta property=\"og:url\" content=\"https:\/\/pagina10.com\/web\/ecopetrol-rechazo-nominaciones-del-gobierno-para-conformar-su-junta-directiva-incluida-la-del-narinense-guillermo-garcia-realpe\/\" \/>\n<meta property=\"og:site_name\" content=\"P\u00e1gina10\" \/>\n<meta property=\"article:publisher\" content=\"https:\/\/www.facebook.com\/pag10com\" \/>\n<meta property=\"article:published_time\" content=\"2024-01-19T23:05:34+00:00\" \/>\n<meta property=\"og:image\" content=\"https:\/\/pagina10.com\/web\/wp-content\/uploads\/2024\/01\/FunPic_20240119_180416185.jpg\" \/>\n\t<meta property=\"og:image:width\" content=\"1920\" \/>\n\t<meta property=\"og:image:height\" content=\"1079\" \/>\n\t<meta property=\"og:image:type\" content=\"image\/jpeg\" \/>\n<meta name=\"author\" content=\"P\u00e1gina 10\" \/>\n<meta name=\"twitter:card\" content=\"summary_large_image\" \/>\n<meta name=\"twitter:creator\" content=\"@Pag10com\" \/>\n<meta name=\"twitter:site\" content=\"@Pag10com\" \/>\n<meta name=\"twitter:label1\" content=\"Escrito por\" \/>\n\t<meta name=\"twitter:data1\" content=\"P\u00e1gina 10\" \/>\n\t<meta name=\"twitter:label2\" content=\"Tiempo de lectura\" \/>\n\t<meta name=\"twitter:data2\" content=\"1 minuto\" \/>\n<script type=\"application\/ld+json\" class=\"yoast-schema-graph\">{\"@context\":\"https:\/\/schema.org\",\"@graph\":[{\"@type\":\"Article\",\"@id\":\"https:\/\/pagina10.com\/web\/ecopetrol-rechazo-nominaciones-del-gobierno-para-conformar-su-junta-directiva-incluida-la-del-narinense-guillermo-garcia-realpe\/#article\",\"isPartOf\":{\"@id\":\"https:\/\/pagina10.com\/web\/ecopetrol-rechazo-nominaciones-del-gobierno-para-conformar-su-junta-directiva-incluida-la-del-narinense-guillermo-garcia-realpe\/\"},\"author\":{\"name\":\"P\u00e1gina 10\",\"@id\":\"https:\/\/pagina10.com\/web\/#\/schema\/person\/2efc4a090d25b667d3bc796798a3a81b\"},\"headline\":\"Ecopetrol rechaz\u00f3 nominaciones del gobierno para conformar su junta directiva, inclu\u00edda la del nari\u00f1ense Guillermo Garc\u00eda Realpe\",\"datePublished\":\"2024-01-19T23:05:34+00:00\",\"mainEntityOfPage\":{\"@id\":\"https:\/\/pagina10.com\/web\/ecopetrol-rechazo-nominaciones-del-gobierno-para-conformar-su-junta-directiva-incluida-la-del-narinense-guillermo-garcia-realpe\/\"},\"wordCount\":200,\"commentCount\":0,\"publisher\":{\"@id\":\"https:\/\/pagina10.com\/web\/#organization\"},\"image\":{\"@id\":\"https:\/\/pagina10.com\/web\/ecopetrol-rechazo-nominaciones-del-gobierno-para-conformar-su-junta-directiva-incluida-la-del-narinense-guillermo-garcia-realpe\/#primaryimage\"},\"thumbnailUrl\":\"https:\/\/pagina10.com\/web\/wp-content\/uploads\/2024\/01\/FunPic_20240119_180416185.jpg\",\"articleSection\":[\"Nari\u00f1o Actual\"],\"inLanguage\":\"es\",\"potentialAction\":[{\"@type\":\"CommentAction\",\"name\":\"Comment\",\"target\":[\"https:\/\/pagina10.com\/web\/ecopetrol-rechazo-nominaciones-del-gobierno-para-conformar-su-junta-directiva-incluida-la-del-narinense-guillermo-garcia-realpe\/#respond\"]}]},{\"@type\":\"WebPage\",\"@id\":\"https:\/\/pagina10.com\/web\/ecopetrol-rechazo-nominaciones-del-gobierno-para-conformar-su-junta-directiva-incluida-la-del-narinense-guillermo-garcia-realpe\/\",\"url\":\"https:\/\/pagina10.com\/web\/ecopetrol-rechazo-nominaciones-del-gobierno-para-conformar-su-junta-directiva-incluida-la-del-narinense-guillermo-garcia-realpe\/\",\"name\":\"Ecopetrol rechaz\u00f3 nominaciones del gobierno para conformar su junta directiva, inclu\u00edda la del nari\u00f1ense Guillermo Garc\u00eda Realpe | P\u00e1gina10\",\"isPartOf\":{\"@id\":\"https:\/\/pagina10.com\/web\/#website\"},\"primaryImageOfPage\":{\"@id\":\"https:\/\/pagina10.com\/web\/ecopetrol-rechazo-nominaciones-del-gobierno-para-conformar-su-junta-directiva-incluida-la-del-narinense-guillermo-garcia-realpe\/#primaryimage\"},\"image\":{\"@id\":\"https:\/\/pagina10.com\/web\/ecopetrol-rechazo-nominaciones-del-gobierno-para-conformar-su-junta-directiva-incluida-la-del-narinense-guillermo-garcia-realpe\/#primaryimage\"},\"thumbnailUrl\":\"https:\/\/pagina10.com\/web\/wp-content\/uploads\/2024\/01\/FunPic_20240119_180416185.jpg\",\"datePublished\":\"2024-01-19T23:05:34+00:00\",\"breadcrumb\":{\"@id\":\"https:\/\/pagina10.com\/web\/ecopetrol-rechazo-nominaciones-del-gobierno-para-conformar-su-junta-directiva-incluida-la-del-narinense-guillermo-garcia-realpe\/#breadcrumb\"},\"inLanguage\":\"es\",\"potentialAction\":[{\"@type\":\"ReadAction\",\"target\":[\"https:\/\/pagina10.com\/web\/ecopetrol-rechazo-nominaciones-del-gobierno-para-conformar-su-junta-directiva-incluida-la-del-narinense-guillermo-garcia-realpe\/\"]}]},{\"@type\":\"ImageObject\",\"inLanguage\":\"es\",\"@id\":\"https:\/\/pagina10.com\/web\/ecopetrol-rechazo-nominaciones-del-gobierno-para-conformar-su-junta-directiva-incluida-la-del-narinense-guillermo-garcia-realpe\/#primaryimage\",\"url\":\"https:\/\/pagina10.com\/web\/wp-content\/uploads\/2024\/01\/FunPic_20240119_180416185.jpg\",\"contentUrl\":\"https:\/\/pagina10.com\/web\/wp-content\/uploads\/2024\/01\/FunPic_20240119_180416185.jpg\",\"width\":1920,\"height\":1079},{\"@type\":\"BreadcrumbList\",\"@id\":\"https:\/\/pagina10.com\/web\/ecopetrol-rechazo-nominaciones-del-gobierno-para-conformar-su-junta-directiva-incluida-la-del-narinense-guillermo-garcia-realpe\/#breadcrumb\",\"itemListElement\":[{\"@type\":\"ListItem\",\"position\":1,\"name\":\"Portada\",\"item\":\"https:\/\/pagina10.com\/web\/\"},{\"@type\":\"ListItem\",\"position\":2,\"name\":\"Ecopetrol rechaz\u00f3 nominaciones del gobierno para conformar su junta directiva, inclu\u00edda la del nari\u00f1ense Guillermo Garc\u00eda Realpe\"}]},{\"@type\":\"WebSite\",\"@id\":\"https:\/\/pagina10.com\/web\/#website\",\"url\":\"https:\/\/pagina10.com\/web\/\",\"name\":\"P\u00e1gina10\",\"description\":\"Peri\u00f3dico Regional\",\"publisher\":{\"@id\":\"https:\/\/pagina10.com\/web\/#organization\"},\"alternateName\":\"P\u00e1gina10 Peri\u00f3dico Regional\",\"potentialAction\":[{\"@type\":\"SearchAction\",\"target\":{\"@type\":\"EntryPoint\",\"urlTemplate\":\"https:\/\/pagina10.com\/web\/?s={search_term_string}\"},\"query-input\":{\"@type\":\"PropertyValueSpecification\",\"valueRequired\":true,\"valueName\":\"search_term_string\"}}],\"inLanguage\":\"es\"},{\"@type\":\"Organization\",\"@id\":\"https:\/\/pagina10.com\/web\/#organization\",\"name\":\"P\u00e1gina10\",\"alternateName\":\"P\u00e1gina10 Peri\u00f3dico Regional\",\"url\":\"https:\/\/pagina10.com\/web\/\",\"logo\":{\"@type\":\"ImageObject\",\"inLanguage\":\"es\",\"@id\":\"https:\/\/pagina10.com\/web\/#\/schema\/logo\/image\/\",\"url\":\"https:\/\/pagina10.com\/web\/wp-content\/uploads\/2024\/01\/40-pagina-10-periodico-regional-pasto.jpg\",\"contentUrl\":\"https:\/\/pagina10.com\/web\/wp-content\/uploads\/2024\/01\/40-pagina-10-periodico-regional-pasto.jpg\",\"width\":1280,\"height\":720,\"caption\":\"P\u00e1gina10\"},\"image\":{\"@id\":\"https:\/\/pagina10.com\/web\/#\/schema\/logo\/image\/\"},\"sameAs\":[\"https:\/\/www.facebook.com\/pag10com\",\"https:\/\/x.com\/Pag10com\",\"https:\/\/www.instagram.com\/pagina10col\/\",\"https:\/\/youtube.com\/channel\/pag10\",\"https:\/\/www.tiktok.com\/@p10col\"]},{\"@type\":\"Person\",\"@id\":\"https:\/\/pagina10.com\/web\/#\/schema\/person\/2efc4a090d25b667d3bc796798a3a81b\",\"name\":\"P\u00e1gina 10\",\"description\":\"P\u00e1gina 10 es un peri\u00f3dico regional que nace en Colombia, en el departamento de Nari\u00f1o, con un enfoque global, fundamentado en cuatro pilares esenciales: la libertad, el pluralismo, la inclusi\u00f3n y la independencia. P\u00e1gina 10 hace referencia a Nari\u00f1o como el d\u00e9cimo departamento creado en Colombia, despu\u00e9s de un proceso pol\u00edtico liderado por actores y actrices regionales con el fin de obtener la independencia y autonom\u00eda de nuestros territorios. Con la creaci\u00f3n de P\u00e1gina 10 se pretende abrir un escenario para el dialogo, la reflexi\u00f3n y el debate que se extienda a otras geograf\u00edas de Am\u00e9rica Latina y del planeta, en una apuesta por transformar colectivamente los desaf\u00edos de un mundo contempor\u00e1neo, m\u00e1s all\u00e1 de las fronteras impuestas.\",\"url\":\"https:\/\/pagina10.com\/web\/author\/pdiezadmin\/\"}]}<\/script>\n<!-- \/ Yoast SEO plugin. -->","yoast_head_json":{"title":"Ecopetrol rechaz\u00f3 nominaciones del gobierno para conformar su junta directiva, inclu\u00edda la del nari\u00f1ense Guillermo Garc\u00eda Realpe | P\u00e1gina10","robots":{"index":"index","follow":"follow","max-snippet":"max-snippet:-1","max-image-preview":"max-image-preview:large","max-video-preview":"max-video-preview:-1"},"canonical":"https:\/\/pagina10.com\/web\/ecopetrol-rechazo-nominaciones-del-gobierno-para-conformar-su-junta-directiva-incluida-la-del-narinense-guillermo-garcia-realpe\/","og_locale":"es_ES","og_type":"article","og_title":"Ecopetrol rechaz\u00f3 nominaciones del gobierno para conformar su junta directiva, inclu\u00edda la del nari\u00f1ense Guillermo Garc\u00eda Realpe | P\u00e1gina10","og_description":"Ecopetrol, la principal empresa de Colombia, marcada por investigaciones en torno al presidente Ricardo Roa, registra tensiones en la Junta Directiva, \u00f3rgano clave en la administraci\u00f3n de la empresa y en la elecci\u00f3n de su presidente. En un intento por influir en dicha junta, el gobierno Petro present\u00f3, para su consideraci\u00f3n, tres nombres afines al [&hellip;]","og_url":"https:\/\/pagina10.com\/web\/ecopetrol-rechazo-nominaciones-del-gobierno-para-conformar-su-junta-directiva-incluida-la-del-narinense-guillermo-garcia-realpe\/","og_site_name":"P\u00e1gina10","article_publisher":"https:\/\/www.facebook.com\/pag10com","article_published_time":"2024-01-19T23:05:34+00:00","og_image":[{"width":1920,"height":1079,"url":"https:\/\/pagina10.com\/web\/wp-content\/uploads\/2024\/01\/FunPic_20240119_180416185.jpg","type":"image\/jpeg"}],"author":"P\u00e1gina 10","twitter_card":"summary_large_image","twitter_creator":"@Pag10com","twitter_site":"@Pag10com","twitter_misc":{"Escrito por":"P\u00e1gina 10","Tiempo de lectura":"1 minuto"},"schema":{"@context":"https:\/\/schema.org","@graph":[{"@type":"Article","@id":"https:\/\/pagina10.com\/web\/ecopetrol-rechazo-nominaciones-del-gobierno-para-conformar-su-junta-directiva-incluida-la-del-narinense-guillermo-garcia-realpe\/#article","isPartOf":{"@id":"https:\/\/pagina10.com\/web\/ecopetrol-rechazo-nominaciones-del-gobierno-para-conformar-su-junta-directiva-incluida-la-del-narinense-guillermo-garcia-realpe\/"},"author":{"name":"P\u00e1gina 10","@id":"https:\/\/pagina10.com\/web\/#\/schema\/person\/2efc4a090d25b667d3bc796798a3a81b"},"headline":"Ecopetrol rechaz\u00f3 nominaciones del gobierno para conformar su junta directiva, inclu\u00edda la del nari\u00f1ense Guillermo Garc\u00eda Realpe","datePublished":"2024-01-19T23:05:34+00:00","mainEntityOfPage":{"@id":"https:\/\/pagina10.com\/web\/ecopetrol-rechazo-nominaciones-del-gobierno-para-conformar-su-junta-directiva-incluida-la-del-narinense-guillermo-garcia-realpe\/"},"wordCount":200,"commentCount":0,"publisher":{"@id":"https:\/\/pagina10.com\/web\/#organization"},"image":{"@id":"https:\/\/pagina10.com\/web\/ecopetrol-rechazo-nominaciones-del-gobierno-para-conformar-su-junta-directiva-incluida-la-del-narinense-guillermo-garcia-realpe\/#primaryimage"},"thumbnailUrl":"https:\/\/pagina10.com\/web\/wp-content\/uploads\/2024\/01\/FunPic_20240119_180416185.jpg","articleSection":["Nari\u00f1o Actual"],"inLanguage":"es","potentialAction":[{"@type":"CommentAction","name":"Comment","target":["https:\/\/pagina10.com\/web\/ecopetrol-rechazo-nominaciones-del-gobierno-para-conformar-su-junta-directiva-incluida-la-del-narinense-guillermo-garcia-realpe\/#respond"]}]},{"@type":"WebPage","@id":"https:\/\/pagina10.com\/web\/ecopetrol-rechazo-nominaciones-del-gobierno-para-conformar-su-junta-directiva-incluida-la-del-narinense-guillermo-garcia-realpe\/","url":"https:\/\/pagina10.com\/web\/ecopetrol-rechazo-nominaciones-del-gobierno-para-conformar-su-junta-directiva-incluida-la-del-narinense-guillermo-garcia-realpe\/","name":"Ecopetrol rechaz\u00f3 nominaciones del gobierno para conformar su junta directiva, inclu\u00edda la del nari\u00f1ense Guillermo Garc\u00eda Realpe | P\u00e1gina10","isPartOf":{"@id":"https:\/\/pagina10.com\/web\/#website"},"primaryImageOfPage":{"@id":"https:\/\/pagina10.com\/web\/ecopetrol-rechazo-nominaciones-del-gobierno-para-conformar-su-junta-directiva-incluida-la-del-narinense-guillermo-garcia-realpe\/#primaryimage"},"image":{"@id":"https:\/\/pagina10.com\/web\/ecopetrol-rechazo-nominaciones-del-gobierno-para-conformar-su-junta-directiva-incluida-la-del-narinense-guillermo-garcia-realpe\/#primaryimage"},"thumbnailUrl":"https:\/\/pagina10.com\/web\/wp-content\/uploads\/2024\/01\/FunPic_20240119_180416185.jpg","datePublished":"2024-01-19T23:05:34+00:00","breadcrumb":{"@id":"https:\/\/pagina10.com\/web\/ecopetrol-rechazo-nominaciones-del-gobierno-para-conformar-su-junta-directiva-incluida-la-del-narinense-guillermo-garcia-realpe\/#breadcrumb"},"inLanguage":"es","potentialAction":[{"@type":"ReadAction","target":["https:\/\/pagina10.com\/web\/ecopetrol-rechazo-nominaciones-del-gobierno-para-conformar-su-junta-directiva-incluida-la-del-narinense-guillermo-garcia-realpe\/"]}]},{"@type":"ImageObject","inLanguage":"es","@id":"https:\/\/pagina10.com\/web\/ecopetrol-rechazo-nominaciones-del-gobierno-para-conformar-su-junta-directiva-incluida-la-del-narinense-guillermo-garcia-realpe\/#primaryimage","url":"https:\/\/pagina10.com\/web\/wp-content\/uploads\/2024\/01\/FunPic_20240119_180416185.jpg","contentUrl":"https:\/\/pagina10.com\/web\/wp-content\/uploads\/2024\/01\/FunPic_20240119_180416185.jpg","width":1920,"height":1079},{"@type":"BreadcrumbList","@id":"https:\/\/pagina10.com\/web\/ecopetrol-rechazo-nominaciones-del-gobierno-para-conformar-su-junta-directiva-incluida-la-del-narinense-guillermo-garcia-realpe\/#breadcrumb","itemListElement":[{"@type":"ListItem","position":1,"name":"Portada","item":"https:\/\/pagina10.com\/web\/"},{"@type":"ListItem","position":2,"name":"Ecopetrol rechaz\u00f3 nominaciones del gobierno para conformar su junta directiva, inclu\u00edda la del nari\u00f1ense Guillermo Garc\u00eda Realpe"}]},{"@type":"WebSite","@id":"https:\/\/pagina10.com\/web\/#website","url":"https:\/\/pagina10.com\/web\/","name":"P\u00e1gina10","description":"Peri\u00f3dico Regional","publisher":{"@id":"https:\/\/pagina10.com\/web\/#organization"},"alternateName":"P\u00e1gina10 Peri\u00f3dico Regional","potentialAction":[{"@type":"SearchAction","target":{"@type":"EntryPoint","urlTemplate":"https:\/\/pagina10.com\/web\/?s={search_term_string}"},"query-input":{"@type":"PropertyValueSpecification","valueRequired":true,"valueName":"search_term_string"}}],"inLanguage":"es"},{"@type":"Organization","@id":"https:\/\/pagina10.com\/web\/#organization","name":"P\u00e1gina10","alternateName":"P\u00e1gina10 Peri\u00f3dico Regional","url":"https:\/\/pagina10.com\/web\/","logo":{"@type":"ImageObject","inLanguage":"es","@id":"https:\/\/pagina10.com\/web\/#\/schema\/logo\/image\/","url":"https:\/\/pagina10.com\/web\/wp-content\/uploads\/2024\/01\/40-pagina-10-periodico-regional-pasto.jpg","contentUrl":"https:\/\/pagina10.com\/web\/wp-content\/uploads\/2024\/01\/40-pagina-10-periodico-regional-pasto.jpg","width":1280,"height":720,"caption":"P\u00e1gina10"},"image":{"@id":"https:\/\/pagina10.com\/web\/#\/schema\/logo\/image\/"},"sameAs":["https:\/\/www.facebook.com\/pag10com","https:\/\/x.com\/Pag10com","https:\/\/www.instagram.com\/pagina10col\/","https:\/\/youtube.com\/channel\/pag10","https:\/\/www.tiktok.com\/@p10col"]},{"@type":"Person","@id":"https:\/\/pagina10.com\/web\/#\/schema\/person\/2efc4a090d25b667d3bc796798a3a81b","name":"P\u00e1gina 10","description":"P\u00e1gina 10 es un peri\u00f3dico regional que nace en Colombia, en el departamento de Nari\u00f1o, con un enfoque global, fundamentado en cuatro pilares esenciales: la libertad, el pluralismo, la inclusi\u00f3n y la independencia. P\u00e1gina 10 hace referencia a Nari\u00f1o como el d\u00e9cimo departamento creado en Colombia, despu\u00e9s de un proceso pol\u00edtico liderado por actores y actrices regionales con el fin de obtener la independencia y autonom\u00eda de nuestros territorios. Con la creaci\u00f3n de P\u00e1gina 10 se pretende abrir un escenario para el dialogo, la reflexi\u00f3n y el debate que se extienda a otras geograf\u00edas de Am\u00e9rica Latina y del planeta, en una apuesta por transformar colectivamente los desaf\u00edos de un mundo contempor\u00e1neo, m\u00e1s all\u00e1 de las fronteras impuestas.","url":"https:\/\/pagina10.com\/web\/author\/pdiezadmin\/"}]}},"_links":{"self":[{"href":"https:\/\/pagina10.com\/web\/wp-json\/wp\/v2\/posts\/72605","targetHints":{"allow":["GET"]}}],"collection":[{"href":"https:\/\/pagina10.com\/web\/wp-json\/wp\/v2\/posts"}],"about":[{"href":"https:\/\/pagina10.com\/web\/wp-json\/wp\/v2\/types\/post"}],"author":[{"embeddable":true,"href":"https:\/\/pagina10.com\/web\/wp-json\/wp\/v2\/users\/1"}],"replies":[{"embeddable":true,"href":"https:\/\/pagina10.com\/web\/wp-json\/wp\/v2\/comments?post=72605"}],"version-history":[{"count":0,"href":"https:\/\/pagina10.com\/web\/wp-json\/wp\/v2\/posts\/72605\/revisions"}],"wp:featuredmedia":[{"embeddable":true,"href":"https:\/\/pagina10.com\/web\/wp-json\/wp\/v2\/media\/72606"}],"wp:attachment":[{"href":"https:\/\/pagina10.com\/web\/wp-json\/wp\/v2\/media?parent=72605"}],"wp:term":[{"taxonomy":"category","embeddable":true,"href":"https:\/\/pagina10.com\/web\/wp-json\/wp\/v2\/categories?post=72605"},{"taxonomy":"post_tag","embeddable":true,"href":"https:\/\/pagina10.com\/web\/wp-json\/wp\/v2\/tags?post=72605"}],"curies":[{"name":"wp","href":"https:\/\/api.w.org\/{rel}","templated":true}]}}