{"id":72607,"date":"2024-01-19T16:58:58","date_gmt":"2024-01-19T21:58:58","guid":{"rendered":"https:\/\/pagina10.com\/web\/?p=71065"},"modified":"2024-01-19T16:58:58","modified_gmt":"2024-01-19T21:58:58","slug":"crisis-en-ecuador-impactaria-el-orden-publico-y-turismo-en-narino","status":"publish","type":"post","link":"https:\/\/pagina10.com\/web\/crisis-en-ecuador-impactaria-el-orden-publico-y-turismo-en-narino\/","title":{"rendered":"Crisis en Ecuador impactar\u00eda el orden p\u00fablico y turismo en Nari\u00f1o"},"content":{"rendered":"<p style=\"text-align: justify;\">La situaci\u00f3n de conflicto armado interno que vive Ecuador ha generado repercusiones significativas en el departamento de Nari\u00f1o. Ante el aumento de violencia en el vecino pa\u00eds, el presidente Gustavo Petro, ha reforzado las medidas de seguridad en la frontera para evitar el ingreso de grupos delictivos provenientes del pa\u00eds vecino, adicional a ello, el director interino de la Polic\u00eda Nacional, general Alejandro Zapata, anunci\u00f3 controles intensificados en puntos estrat\u00e9gicos de la frontera nari\u00f1ense, con especial atenci\u00f3n en Ipiales, Mataje, Chiles y Carlosama.<\/p>\n<p style=\"text-align: justify;\">El presidente Petro afirm\u00f3 que cualquier criminal debe ser capturado, refiri\u00e9ndose a l\u00edderes ecuatorianos que podr\u00edan ingresar a Colombia por ello las autoridades correspondientes han aumentado la vigilancia en la frontera para prevenir cualquier intento de infiltraci\u00f3n.<\/p>\n<p style=\"text-align: justify;\">La situaci\u00f3n tambi\u00e9n ha afectado al turismo en la zona, al respecto, Iv\u00e1n Javier Fl\u00f3rez Portilla, presidente ejecutivo de la C\u00e1mara de Comercio de Ipiales, destac\u00f3 las preocupaciones sobre las restricciones impuestas por Ecuador, como el toque de queda y la solicitud de antecedentes judiciales apostillados para los colombianos. Estas medidas, junto con la posible repatriaci\u00f3n de presos, generan incertidumbre y afectan sustancialmente la econom\u00eda local en Colombia.<\/p>\n","protected":false},"excerpt":{"rendered":"<p>La situaci\u00f3n de conflicto armado interno que vive Ecuador ha generado repercusiones significativas en el departamento de Nari\u00f1o. Ante el aumento de violencia en el vecino pa\u00eds, el presidente Gustavo Petro, ha reforzado las medidas de seguridad en la frontera para evitar el ingreso de grupos delictivos provenientes del pa\u00eds vecino, adicional a ello, el [&hellip;]<\/p>\n","protected":false},"author":1,"featured_media":72608,"comment_status":"open","ping_status":"open","sticky":false,"template":"","format":"standard","meta":{"footnotes":""},"categories":[14],"tags":[],"class_list":["post-72607","post","type-post","status-publish","format-standard","has-post-thumbnail","hentry","category-narino-actual"],"yoast_head":"<!-- This site is optimized with the Yoast SEO plugin v27.1.1 - https:\/\/yoast.com\/product\/yoast-seo-wordpress\/ -->\n<title>Crisis en Ecuador impactar\u00eda el orden p\u00fablico y turismo en Nari\u00f1o | P\u00e1gina10<\/title>\n<meta name=\"robots\" content=\"index, follow, max-snippet:-1, max-image-preview:large, max-video-preview:-1\" \/>\n<link rel=\"canonical\" href=\"https:\/\/pagina10.com\/web\/crisis-en-ecuador-impactaria-el-orden-publico-y-turismo-en-narino\/\" \/>\n<meta property=\"og:locale\" content=\"es_ES\" \/>\n<meta property=\"og:type\" content=\"article\" \/>\n<meta property=\"og:title\" content=\"Crisis en Ecuador impactar\u00eda el orden p\u00fablico y turismo en Nari\u00f1o | P\u00e1gina10\" \/>\n<meta property=\"og:description\" content=\"La situaci\u00f3n de conflicto armado interno que vive Ecuador ha generado repercusiones significativas en el departamento de Nari\u00f1o. Ante el aumento de violencia en el vecino pa\u00eds, el presidente Gustavo Petro, ha reforzado las medidas de seguridad en la frontera para evitar el ingreso de grupos delictivos provenientes del pa\u00eds vecino, adicional a ello, el [&hellip;]\" \/>\n<meta property=\"og:url\" content=\"https:\/\/pagina10.com\/web\/crisis-en-ecuador-impactaria-el-orden-publico-y-turismo-en-narino\/\" \/>\n<meta property=\"og:site_name\" content=\"P\u00e1gina10\" \/>\n<meta property=\"article:publisher\" content=\"https:\/\/www.facebook.com\/pag10com\" \/>\n<meta property=\"article:published_time\" content=\"2024-01-19T21:58:58+00:00\" \/>\n<meta property=\"og:image\" content=\"https:\/\/pagina10.com\/web\/wp-content\/uploads\/2024\/01\/Colombia_Apertura_del_nuevo_puente_internacional_de_Rumichaca._11058622346-scaled.jpg\" \/>\n\t<meta property=\"og:image:width\" content=\"2560\" \/>\n\t<meta property=\"og:image:height\" content=\"1707\" \/>\n\t<meta property=\"og:image:type\" content=\"image\/jpeg\" \/>\n<meta name=\"author\" content=\"P\u00e1gina 10\" \/>\n<meta name=\"twitter:card\" content=\"summary_large_image\" \/>\n<meta name=\"twitter:creator\" content=\"@Pag10com\" \/>\n<meta name=\"twitter:site\" content=\"@Pag10com\" \/>\n<meta name=\"twitter:label1\" content=\"Escrito por\" \/>\n\t<meta name=\"twitter:data1\" content=\"P\u00e1gina 10\" \/>\n\t<meta name=\"twitter:label2\" content=\"Tiempo de lectura\" \/>\n\t<meta name=\"twitter:data2\" content=\"1 minuto\" \/>\n<script type=\"application\/ld+json\" class=\"yoast-schema-graph\">{\"@context\":\"https:\/\/schema.org\",\"@graph\":[{\"@type\":\"Article\",\"@id\":\"https:\/\/pagina10.com\/web\/crisis-en-ecuador-impactaria-el-orden-publico-y-turismo-en-narino\/#article\",\"isPartOf\":{\"@id\":\"https:\/\/pagina10.com\/web\/crisis-en-ecuador-impactaria-el-orden-publico-y-turismo-en-narino\/\"},\"author\":{\"name\":\"P\u00e1gina 10\",\"@id\":\"https:\/\/pagina10.com\/web\/#\/schema\/person\/2efc4a090d25b667d3bc796798a3a81b\"},\"headline\":\"Crisis en Ecuador impactar\u00eda el orden p\u00fablico y turismo en Nari\u00f1o\",\"datePublished\":\"2024-01-19T21:58:58+00:00\",\"mainEntityOfPage\":{\"@id\":\"https:\/\/pagina10.com\/web\/crisis-en-ecuador-impactaria-el-orden-publico-y-turismo-en-narino\/\"},\"wordCount\":221,\"commentCount\":0,\"publisher\":{\"@id\":\"https:\/\/pagina10.com\/web\/#organization\"},\"image\":{\"@id\":\"https:\/\/pagina10.com\/web\/crisis-en-ecuador-impactaria-el-orden-publico-y-turismo-en-narino\/#primaryimage\"},\"thumbnailUrl\":\"https:\/\/pagina10.com\/web\/wp-content\/uploads\/2024\/01\/Colombia_Apertura_del_nuevo_puente_internacional_de_Rumichaca._11058622346-scaled.jpg\",\"articleSection\":[\"Nari\u00f1o Actual\"],\"inLanguage\":\"es\",\"potentialAction\":[{\"@type\":\"CommentAction\",\"name\":\"Comment\",\"target\":[\"https:\/\/pagina10.com\/web\/crisis-en-ecuador-impactaria-el-orden-publico-y-turismo-en-narino\/#respond\"]}]},{\"@type\":\"WebPage\",\"@id\":\"https:\/\/pagina10.com\/web\/crisis-en-ecuador-impactaria-el-orden-publico-y-turismo-en-narino\/\",\"url\":\"https:\/\/pagina10.com\/web\/crisis-en-ecuador-impactaria-el-orden-publico-y-turismo-en-narino\/\",\"name\":\"Crisis en Ecuador impactar\u00eda el orden p\u00fablico y turismo en Nari\u00f1o | P\u00e1gina10\",\"isPartOf\":{\"@id\":\"https:\/\/pagina10.com\/web\/#website\"},\"primaryImageOfPage\":{\"@id\":\"https:\/\/pagina10.com\/web\/crisis-en-ecuador-impactaria-el-orden-publico-y-turismo-en-narino\/#primaryimage\"},\"image\":{\"@id\":\"https:\/\/pagina10.com\/web\/crisis-en-ecuador-impactaria-el-orden-publico-y-turismo-en-narino\/#primaryimage\"},\"thumbnailUrl\":\"https:\/\/pagina10.com\/web\/wp-content\/uploads\/2024\/01\/Colombia_Apertura_del_nuevo_puente_internacional_de_Rumichaca._11058622346-scaled.jpg\",\"datePublished\":\"2024-01-19T21:58:58+00:00\",\"breadcrumb\":{\"@id\":\"https:\/\/pagina10.com\/web\/crisis-en-ecuador-impactaria-el-orden-publico-y-turismo-en-narino\/#breadcrumb\"},\"inLanguage\":\"es\",\"potentialAction\":[{\"@type\":\"ReadAction\",\"target\":[\"https:\/\/pagina10.com\/web\/crisis-en-ecuador-impactaria-el-orden-publico-y-turismo-en-narino\/\"]}]},{\"@type\":\"ImageObject\",\"inLanguage\":\"es\",\"@id\":\"https:\/\/pagina10.com\/web\/crisis-en-ecuador-impactaria-el-orden-publico-y-turismo-en-narino\/#primaryimage\",\"url\":\"https:\/\/pagina10.com\/web\/wp-content\/uploads\/2024\/01\/Colombia_Apertura_del_nuevo_puente_internacional_de_Rumichaca._11058622346-scaled.jpg\",\"contentUrl\":\"https:\/\/pagina10.com\/web\/wp-content\/uploads\/2024\/01\/Colombia_Apertura_del_nuevo_puente_internacional_de_Rumichaca._11058622346-scaled.jpg\",\"width\":2560,\"height\":1707},{\"@type\":\"BreadcrumbList\",\"@id\":\"https:\/\/pagina10.com\/web\/crisis-en-ecuador-impactaria-el-orden-publico-y-turismo-en-narino\/#breadcrumb\",\"itemListElement\":[{\"@type\":\"ListItem\",\"position\":1,\"name\":\"Portada\",\"item\":\"https:\/\/pagina10.com\/web\/\"},{\"@type\":\"ListItem\",\"position\":2,\"name\":\"Crisis en Ecuador impactar\u00eda el orden p\u00fablico y turismo en Nari\u00f1o\"}]},{\"@type\":\"WebSite\",\"@id\":\"https:\/\/pagina10.com\/web\/#website\",\"url\":\"https:\/\/pagina10.com\/web\/\",\"name\":\"P\u00e1gina10\",\"description\":\"Peri\u00f3dico Regional\",\"publisher\":{\"@id\":\"https:\/\/pagina10.com\/web\/#organization\"},\"alternateName\":\"P\u00e1gina10 Peri\u00f3dico Regional\",\"potentialAction\":[{\"@type\":\"SearchAction\",\"target\":{\"@type\":\"EntryPoint\",\"urlTemplate\":\"https:\/\/pagina10.com\/web\/?s={search_term_string}\"},\"query-input\":{\"@type\":\"PropertyValueSpecification\",\"valueRequired\":true,\"valueName\":\"search_term_string\"}}],\"inLanguage\":\"es\"},{\"@type\":\"Organization\",\"@id\":\"https:\/\/pagina10.com\/web\/#organization\",\"name\":\"P\u00e1gina10\",\"alternateName\":\"P\u00e1gina10 Peri\u00f3dico Regional\",\"url\":\"https:\/\/pagina10.com\/web\/\",\"logo\":{\"@type\":\"ImageObject\",\"inLanguage\":\"es\",\"@id\":\"https:\/\/pagina10.com\/web\/#\/schema\/logo\/image\/\",\"url\":\"https:\/\/pagina10.com\/web\/wp-content\/uploads\/2024\/01\/40-pagina-10-periodico-regional-pasto.jpg\",\"contentUrl\":\"https:\/\/pagina10.com\/web\/wp-content\/uploads\/2024\/01\/40-pagina-10-periodico-regional-pasto.jpg\",\"width\":1280,\"height\":720,\"caption\":\"P\u00e1gina10\"},\"image\":{\"@id\":\"https:\/\/pagina10.com\/web\/#\/schema\/logo\/image\/\"},\"sameAs\":[\"https:\/\/www.facebook.com\/pag10com\",\"https:\/\/x.com\/Pag10com\",\"https:\/\/www.instagram.com\/pagina10col\/\",\"https:\/\/youtube.com\/channel\/pag10\",\"https:\/\/www.tiktok.com\/@p10col\"]},{\"@type\":\"Person\",\"@id\":\"https:\/\/pagina10.com\/web\/#\/schema\/person\/2efc4a090d25b667d3bc796798a3a81b\",\"name\":\"P\u00e1gina 10\",\"description\":\"P\u00e1gina 10 es un peri\u00f3dico regional que nace en Colombia, en el departamento de Nari\u00f1o, con un enfoque global, fundamentado en cuatro pilares esenciales: la libertad, el pluralismo, la inclusi\u00f3n y la independencia. P\u00e1gina 10 hace referencia a Nari\u00f1o como el d\u00e9cimo departamento creado en Colombia, despu\u00e9s de un proceso pol\u00edtico liderado por actores y actrices regionales con el fin de obtener la independencia y autonom\u00eda de nuestros territorios. Con la creaci\u00f3n de P\u00e1gina 10 se pretende abrir un escenario para el dialogo, la reflexi\u00f3n y el debate que se extienda a otras geograf\u00edas de Am\u00e9rica Latina y del planeta, en una apuesta por transformar colectivamente los desaf\u00edos de un mundo contempor\u00e1neo, m\u00e1s all\u00e1 de las fronteras impuestas.\",\"url\":\"https:\/\/pagina10.com\/web\/author\/pdiezadmin\/\"}]}<\/script>\n<!-- \/ Yoast SEO plugin. -->","yoast_head_json":{"title":"Crisis en Ecuador impactar\u00eda el orden p\u00fablico y turismo en Nari\u00f1o | P\u00e1gina10","robots":{"index":"index","follow":"follow","max-snippet":"max-snippet:-1","max-image-preview":"max-image-preview:large","max-video-preview":"max-video-preview:-1"},"canonical":"https:\/\/pagina10.com\/web\/crisis-en-ecuador-impactaria-el-orden-publico-y-turismo-en-narino\/","og_locale":"es_ES","og_type":"article","og_title":"Crisis en Ecuador impactar\u00eda el orden p\u00fablico y turismo en Nari\u00f1o | P\u00e1gina10","og_description":"La situaci\u00f3n de conflicto armado interno que vive Ecuador ha generado repercusiones significativas en el departamento de Nari\u00f1o. Ante el aumento de violencia en el vecino pa\u00eds, el presidente Gustavo Petro, ha reforzado las medidas de seguridad en la frontera para evitar el ingreso de grupos delictivos provenientes del pa\u00eds vecino, adicional a ello, el [&hellip;]","og_url":"https:\/\/pagina10.com\/web\/crisis-en-ecuador-impactaria-el-orden-publico-y-turismo-en-narino\/","og_site_name":"P\u00e1gina10","article_publisher":"https:\/\/www.facebook.com\/pag10com","article_published_time":"2024-01-19T21:58:58+00:00","og_image":[{"width":2560,"height":1707,"url":"https:\/\/pagina10.com\/web\/wp-content\/uploads\/2024\/01\/Colombia_Apertura_del_nuevo_puente_internacional_de_Rumichaca._11058622346-scaled.jpg","type":"image\/jpeg"}],"author":"P\u00e1gina 10","twitter_card":"summary_large_image","twitter_creator":"@Pag10com","twitter_site":"@Pag10com","twitter_misc":{"Escrito por":"P\u00e1gina 10","Tiempo de lectura":"1 minuto"},"schema":{"@context":"https:\/\/schema.org","@graph":[{"@type":"Article","@id":"https:\/\/pagina10.com\/web\/crisis-en-ecuador-impactaria-el-orden-publico-y-turismo-en-narino\/#article","isPartOf":{"@id":"https:\/\/pagina10.com\/web\/crisis-en-ecuador-impactaria-el-orden-publico-y-turismo-en-narino\/"},"author":{"name":"P\u00e1gina 10","@id":"https:\/\/pagina10.com\/web\/#\/schema\/person\/2efc4a090d25b667d3bc796798a3a81b"},"headline":"Crisis en Ecuador impactar\u00eda el orden p\u00fablico y turismo en Nari\u00f1o","datePublished":"2024-01-19T21:58:58+00:00","mainEntityOfPage":{"@id":"https:\/\/pagina10.com\/web\/crisis-en-ecuador-impactaria-el-orden-publico-y-turismo-en-narino\/"},"wordCount":221,"commentCount":0,"publisher":{"@id":"https:\/\/pagina10.com\/web\/#organization"},"image":{"@id":"https:\/\/pagina10.com\/web\/crisis-en-ecuador-impactaria-el-orden-publico-y-turismo-en-narino\/#primaryimage"},"thumbnailUrl":"https:\/\/pagina10.com\/web\/wp-content\/uploads\/2024\/01\/Colombia_Apertura_del_nuevo_puente_internacional_de_Rumichaca._11058622346-scaled.jpg","articleSection":["Nari\u00f1o Actual"],"inLanguage":"es","potentialAction":[{"@type":"CommentAction","name":"Comment","target":["https:\/\/pagina10.com\/web\/crisis-en-ecuador-impactaria-el-orden-publico-y-turismo-en-narino\/#respond"]}]},{"@type":"WebPage","@id":"https:\/\/pagina10.com\/web\/crisis-en-ecuador-impactaria-el-orden-publico-y-turismo-en-narino\/","url":"https:\/\/pagina10.com\/web\/crisis-en-ecuador-impactaria-el-orden-publico-y-turismo-en-narino\/","name":"Crisis en Ecuador impactar\u00eda el orden p\u00fablico y turismo en Nari\u00f1o | P\u00e1gina10","isPartOf":{"@id":"https:\/\/pagina10.com\/web\/#website"},"primaryImageOfPage":{"@id":"https:\/\/pagina10.com\/web\/crisis-en-ecuador-impactaria-el-orden-publico-y-turismo-en-narino\/#primaryimage"},"image":{"@id":"https:\/\/pagina10.com\/web\/crisis-en-ecuador-impactaria-el-orden-publico-y-turismo-en-narino\/#primaryimage"},"thumbnailUrl":"https:\/\/pagina10.com\/web\/wp-content\/uploads\/2024\/01\/Colombia_Apertura_del_nuevo_puente_internacional_de_Rumichaca._11058622346-scaled.jpg","datePublished":"2024-01-19T21:58:58+00:00","breadcrumb":{"@id":"https:\/\/pagina10.com\/web\/crisis-en-ecuador-impactaria-el-orden-publico-y-turismo-en-narino\/#breadcrumb"},"inLanguage":"es","potentialAction":[{"@type":"ReadAction","target":["https:\/\/pagina10.com\/web\/crisis-en-ecuador-impactaria-el-orden-publico-y-turismo-en-narino\/"]}]},{"@type":"ImageObject","inLanguage":"es","@id":"https:\/\/pagina10.com\/web\/crisis-en-ecuador-impactaria-el-orden-publico-y-turismo-en-narino\/#primaryimage","url":"https:\/\/pagina10.com\/web\/wp-content\/uploads\/2024\/01\/Colombia_Apertura_del_nuevo_puente_internacional_de_Rumichaca._11058622346-scaled.jpg","contentUrl":"https:\/\/pagina10.com\/web\/wp-content\/uploads\/2024\/01\/Colombia_Apertura_del_nuevo_puente_internacional_de_Rumichaca._11058622346-scaled.jpg","width":2560,"height":1707},{"@type":"BreadcrumbList","@id":"https:\/\/pagina10.com\/web\/crisis-en-ecuador-impactaria-el-orden-publico-y-turismo-en-narino\/#breadcrumb","itemListElement":[{"@type":"ListItem","position":1,"name":"Portada","item":"https:\/\/pagina10.com\/web\/"},{"@type":"ListItem","position":2,"name":"Crisis en Ecuador impactar\u00eda el orden p\u00fablico y turismo en Nari\u00f1o"}]},{"@type":"WebSite","@id":"https:\/\/pagina10.com\/web\/#website","url":"https:\/\/pagina10.com\/web\/","name":"P\u00e1gina10","description":"Peri\u00f3dico Regional","publisher":{"@id":"https:\/\/pagina10.com\/web\/#organization"},"alternateName":"P\u00e1gina10 Peri\u00f3dico Regional","potentialAction":[{"@type":"SearchAction","target":{"@type":"EntryPoint","urlTemplate":"https:\/\/pagina10.com\/web\/?s={search_term_string}"},"query-input":{"@type":"PropertyValueSpecification","valueRequired":true,"valueName":"search_term_string"}}],"inLanguage":"es"},{"@type":"Organization","@id":"https:\/\/pagina10.com\/web\/#organization","name":"P\u00e1gina10","alternateName":"P\u00e1gina10 Peri\u00f3dico Regional","url":"https:\/\/pagina10.com\/web\/","logo":{"@type":"ImageObject","inLanguage":"es","@id":"https:\/\/pagina10.com\/web\/#\/schema\/logo\/image\/","url":"https:\/\/pagina10.com\/web\/wp-content\/uploads\/2024\/01\/40-pagina-10-periodico-regional-pasto.jpg","contentUrl":"https:\/\/pagina10.com\/web\/wp-content\/uploads\/2024\/01\/40-pagina-10-periodico-regional-pasto.jpg","width":1280,"height":720,"caption":"P\u00e1gina10"},"image":{"@id":"https:\/\/pagina10.com\/web\/#\/schema\/logo\/image\/"},"sameAs":["https:\/\/www.facebook.com\/pag10com","https:\/\/x.com\/Pag10com","https:\/\/www.instagram.com\/pagina10col\/","https:\/\/youtube.com\/channel\/pag10","https:\/\/www.tiktok.com\/@p10col"]},{"@type":"Person","@id":"https:\/\/pagina10.com\/web\/#\/schema\/person\/2efc4a090d25b667d3bc796798a3a81b","name":"P\u00e1gina 10","description":"P\u00e1gina 10 es un peri\u00f3dico regional que nace en Colombia, en el departamento de Nari\u00f1o, con un enfoque global, fundamentado en cuatro pilares esenciales: la libertad, el pluralismo, la inclusi\u00f3n y la independencia. P\u00e1gina 10 hace referencia a Nari\u00f1o como el d\u00e9cimo departamento creado en Colombia, despu\u00e9s de un proceso pol\u00edtico liderado por actores y actrices regionales con el fin de obtener la independencia y autonom\u00eda de nuestros territorios. Con la creaci\u00f3n de P\u00e1gina 10 se pretende abrir un escenario para el dialogo, la reflexi\u00f3n y el debate que se extienda a otras geograf\u00edas de Am\u00e9rica Latina y del planeta, en una apuesta por transformar colectivamente los desaf\u00edos de un mundo contempor\u00e1neo, m\u00e1s all\u00e1 de las fronteras impuestas.","url":"https:\/\/pagina10.com\/web\/author\/pdiezadmin\/"}]}},"_links":{"self":[{"href":"https:\/\/pagina10.com\/web\/wp-json\/wp\/v2\/posts\/72607","targetHints":{"allow":["GET"]}}],"collection":[{"href":"https:\/\/pagina10.com\/web\/wp-json\/wp\/v2\/posts"}],"about":[{"href":"https:\/\/pagina10.com\/web\/wp-json\/wp\/v2\/types\/post"}],"author":[{"embeddable":true,"href":"https:\/\/pagina10.com\/web\/wp-json\/wp\/v2\/users\/1"}],"replies":[{"embeddable":true,"href":"https:\/\/pagina10.com\/web\/wp-json\/wp\/v2\/comments?post=72607"}],"version-history":[{"count":0,"href":"https:\/\/pagina10.com\/web\/wp-json\/wp\/v2\/posts\/72607\/revisions"}],"wp:featuredmedia":[{"embeddable":true,"href":"https:\/\/pagina10.com\/web\/wp-json\/wp\/v2\/media\/72608"}],"wp:attachment":[{"href":"https:\/\/pagina10.com\/web\/wp-json\/wp\/v2\/media?parent=72607"}],"wp:term":[{"taxonomy":"category","embeddable":true,"href":"https:\/\/pagina10.com\/web\/wp-json\/wp\/v2\/categories?post=72607"},{"taxonomy":"post_tag","embeddable":true,"href":"https:\/\/pagina10.com\/web\/wp-json\/wp\/v2\/tags?post=72607"}],"curies":[{"name":"wp","href":"https:\/\/api.w.org\/{rel}","templated":true}]}}