{"id":72609,"date":"2024-01-19T16:28:56","date_gmt":"2024-01-19T21:28:56","guid":{"rendered":"https:\/\/pagina10.com\/web\/?p=71062"},"modified":"2024-01-19T16:28:56","modified_gmt":"2024-01-19T21:28:56","slug":"bomberos-de-pasto-abre-convocatoria-para-aspirantes","status":"publish","type":"post","link":"https:\/\/pagina10.com\/web\/bomberos-de-pasto-abre-convocatoria-para-aspirantes\/","title":{"rendered":"Bomberos de Pasto abre convocatoria para aspirantes"},"content":{"rendered":"<p style=\"text-align: justify;\"><span style=\"font-size: 16px;\">El Benem\u00e9rito Cuerpo de Bomberos Voluntarios de Pasto anunci\u00f3 la apertura de inscripciones para los nuevos aspirantes a Bombero para el a\u00f1o 2024. Para los interesados, esta oportunidad representa la posibilidad de formar parte de un equipo dedicado a la seguridad y protecci\u00f3n de la comunidad.<\/span><\/p>\n<p style=\"text-align: justify;\">Quienes cumplan con los requisitos podr\u00e1n participar en un Curso de Formaci\u00f3n dise\u00f1ado para brindar las habilidades y conocimientos necesarios en el \u00e1mbito bomberil. Los requisitos incluyen ser mayor de edad, ser colombiano(a), poseer t\u00edtulo de bachiller, tener situaci\u00f3n militar definida y contar con licencia de conducci\u00f3n A2 y B1 (opcional).<\/p>\n<p style=\"text-align: justify;\">La fecha l\u00edmite para realizar las inscripciones es el jueves 15 de febrero de 2024. Este llamado representa una oportunidad \u00fanica para aquellos con vocaci\u00f3n de servicio que deseen contribuir al bienestar y seguridad de la comunidad.<\/p>\n<p style=\"text-align: justify;\"><img fetchpriority=\"high\" decoding=\"async\" class=\"aligncenter size-large wp-image-71051\" src=\"https:\/\/pagina10.com\/web\/wp-content\/uploads\/2024\/01\/IMG-20240119-WA0007-1024x1024.jpg\" alt=\"\" width=\"1024\" height=\"1024\" \/>Para obtener m\u00e1s detalles sobre el proceso de inscripci\u00f3n y requisitos, la comunidad podr\u00e1 comunicarse al tel\u00e9fono (602)7332929, extensi\u00f3n 1139, con la Oficina de Planeaci\u00f3n o v\u00eda correo electr\u00f3nico a planeacion@bomberospasto.com.<\/p>\n","protected":false},"excerpt":{"rendered":"<p>El Benem\u00e9rito Cuerpo de Bomberos Voluntarios de Pasto anunci\u00f3 la apertura de inscripciones para los nuevos aspirantes a Bombero para el a\u00f1o 2024. Para los interesados, esta oportunidad representa la posibilidad de formar parte de un equipo dedicado a la seguridad y protecci\u00f3n de la comunidad. Quienes cumplan con los requisitos podr\u00e1n participar en un [&hellip;]<\/p>\n","protected":false},"author":1,"featured_media":72610,"comment_status":"open","ping_status":"open","sticky":false,"template":"","format":"standard","meta":{"footnotes":""},"categories":[14],"tags":[],"class_list":["post-72609","post","type-post","status-publish","format-standard","has-post-thumbnail","hentry","category-narino-actual"],"yoast_head":"<!-- This site is optimized with the Yoast SEO plugin v27.1.1 - https:\/\/yoast.com\/product\/yoast-seo-wordpress\/ -->\n<title>Bomberos de Pasto abre convocatoria para aspirantes | P\u00e1gina10<\/title>\n<meta name=\"robots\" content=\"index, follow, max-snippet:-1, max-image-preview:large, max-video-preview:-1\" \/>\n<link rel=\"canonical\" href=\"https:\/\/pagina10.com\/web\/bomberos-de-pasto-abre-convocatoria-para-aspirantes\/\" \/>\n<meta property=\"og:locale\" content=\"es_ES\" \/>\n<meta property=\"og:type\" content=\"article\" \/>\n<meta property=\"og:title\" content=\"Bomberos de Pasto abre convocatoria para aspirantes | P\u00e1gina10\" \/>\n<meta property=\"og:description\" content=\"El Benem\u00e9rito Cuerpo de Bomberos Voluntarios de Pasto anunci\u00f3 la apertura de inscripciones para los nuevos aspirantes a Bombero para el a\u00f1o 2024. Para los interesados, esta oportunidad representa la posibilidad de formar parte de un equipo dedicado a la seguridad y protecci\u00f3n de la comunidad. Quienes cumplan con los requisitos podr\u00e1n participar en un [&hellip;]\" \/>\n<meta property=\"og:url\" content=\"https:\/\/pagina10.com\/web\/bomberos-de-pasto-abre-convocatoria-para-aspirantes\/\" \/>\n<meta property=\"og:site_name\" content=\"P\u00e1gina10\" \/>\n<meta property=\"article:publisher\" content=\"https:\/\/www.facebook.com\/pag10com\" \/>\n<meta property=\"article:published_time\" content=\"2024-01-19T21:28:56+00:00\" \/>\n<meta property=\"og:image\" content=\"https:\/\/pagina10.com\/web\/wp-content\/uploads\/2024\/01\/c94091f177ea694f668cdcab8994ddac_fit.jpg\" \/>\n\t<meta property=\"og:image:width\" content=\"669\" \/>\n\t<meta property=\"og:image:height\" content=\"446\" \/>\n\t<meta property=\"og:image:type\" content=\"image\/jpeg\" \/>\n<meta name=\"author\" content=\"P\u00e1gina 10\" \/>\n<meta name=\"twitter:card\" content=\"summary_large_image\" \/>\n<meta name=\"twitter:creator\" content=\"@Pag10com\" \/>\n<meta name=\"twitter:site\" content=\"@Pag10com\" \/>\n<meta name=\"twitter:label1\" content=\"Escrito por\" \/>\n\t<meta name=\"twitter:data1\" content=\"P\u00e1gina 10\" \/>\n\t<meta name=\"twitter:label2\" content=\"Tiempo de lectura\" \/>\n\t<meta name=\"twitter:data2\" content=\"1 minuto\" \/>\n<script type=\"application\/ld+json\" class=\"yoast-schema-graph\">{\"@context\":\"https:\/\/schema.org\",\"@graph\":[{\"@type\":\"Article\",\"@id\":\"https:\/\/pagina10.com\/web\/bomberos-de-pasto-abre-convocatoria-para-aspirantes\/#article\",\"isPartOf\":{\"@id\":\"https:\/\/pagina10.com\/web\/bomberos-de-pasto-abre-convocatoria-para-aspirantes\/\"},\"author\":{\"name\":\"P\u00e1gina 10\",\"@id\":\"https:\/\/pagina10.com\/web\/#\/schema\/person\/2efc4a090d25b667d3bc796798a3a81b\"},\"headline\":\"Bomberos de Pasto abre convocatoria para aspirantes\",\"datePublished\":\"2024-01-19T21:28:56+00:00\",\"mainEntityOfPage\":{\"@id\":\"https:\/\/pagina10.com\/web\/bomberos-de-pasto-abre-convocatoria-para-aspirantes\/\"},\"wordCount\":188,\"commentCount\":0,\"publisher\":{\"@id\":\"https:\/\/pagina10.com\/web\/#organization\"},\"image\":{\"@id\":\"https:\/\/pagina10.com\/web\/bomberos-de-pasto-abre-convocatoria-para-aspirantes\/#primaryimage\"},\"thumbnailUrl\":\"https:\/\/pagina10.com\/web\/wp-content\/uploads\/2024\/01\/c94091f177ea694f668cdcab8994ddac_fit.jpg\",\"articleSection\":[\"Nari\u00f1o Actual\"],\"inLanguage\":\"es\",\"potentialAction\":[{\"@type\":\"CommentAction\",\"name\":\"Comment\",\"target\":[\"https:\/\/pagina10.com\/web\/bomberos-de-pasto-abre-convocatoria-para-aspirantes\/#respond\"]}]},{\"@type\":\"WebPage\",\"@id\":\"https:\/\/pagina10.com\/web\/bomberos-de-pasto-abre-convocatoria-para-aspirantes\/\",\"url\":\"https:\/\/pagina10.com\/web\/bomberos-de-pasto-abre-convocatoria-para-aspirantes\/\",\"name\":\"Bomberos de Pasto abre convocatoria para aspirantes | P\u00e1gina10\",\"isPartOf\":{\"@id\":\"https:\/\/pagina10.com\/web\/#website\"},\"primaryImageOfPage\":{\"@id\":\"https:\/\/pagina10.com\/web\/bomberos-de-pasto-abre-convocatoria-para-aspirantes\/#primaryimage\"},\"image\":{\"@id\":\"https:\/\/pagina10.com\/web\/bomberos-de-pasto-abre-convocatoria-para-aspirantes\/#primaryimage\"},\"thumbnailUrl\":\"https:\/\/pagina10.com\/web\/wp-content\/uploads\/2024\/01\/c94091f177ea694f668cdcab8994ddac_fit.jpg\",\"datePublished\":\"2024-01-19T21:28:56+00:00\",\"breadcrumb\":{\"@id\":\"https:\/\/pagina10.com\/web\/bomberos-de-pasto-abre-convocatoria-para-aspirantes\/#breadcrumb\"},\"inLanguage\":\"es\",\"potentialAction\":[{\"@type\":\"ReadAction\",\"target\":[\"https:\/\/pagina10.com\/web\/bomberos-de-pasto-abre-convocatoria-para-aspirantes\/\"]}]},{\"@type\":\"ImageObject\",\"inLanguage\":\"es\",\"@id\":\"https:\/\/pagina10.com\/web\/bomberos-de-pasto-abre-convocatoria-para-aspirantes\/#primaryimage\",\"url\":\"https:\/\/pagina10.com\/web\/wp-content\/uploads\/2024\/01\/c94091f177ea694f668cdcab8994ddac_fit.jpg\",\"contentUrl\":\"https:\/\/pagina10.com\/web\/wp-content\/uploads\/2024\/01\/c94091f177ea694f668cdcab8994ddac_fit.jpg\",\"width\":669,\"height\":446},{\"@type\":\"BreadcrumbList\",\"@id\":\"https:\/\/pagina10.com\/web\/bomberos-de-pasto-abre-convocatoria-para-aspirantes\/#breadcrumb\",\"itemListElement\":[{\"@type\":\"ListItem\",\"position\":1,\"name\":\"Portada\",\"item\":\"https:\/\/pagina10.com\/web\/\"},{\"@type\":\"ListItem\",\"position\":2,\"name\":\"Bomberos de Pasto abre convocatoria para aspirantes\"}]},{\"@type\":\"WebSite\",\"@id\":\"https:\/\/pagina10.com\/web\/#website\",\"url\":\"https:\/\/pagina10.com\/web\/\",\"name\":\"P\u00e1gina10\",\"description\":\"Peri\u00f3dico Regional\",\"publisher\":{\"@id\":\"https:\/\/pagina10.com\/web\/#organization\"},\"alternateName\":\"P\u00e1gina10 Peri\u00f3dico Regional\",\"potentialAction\":[{\"@type\":\"SearchAction\",\"target\":{\"@type\":\"EntryPoint\",\"urlTemplate\":\"https:\/\/pagina10.com\/web\/?s={search_term_string}\"},\"query-input\":{\"@type\":\"PropertyValueSpecification\",\"valueRequired\":true,\"valueName\":\"search_term_string\"}}],\"inLanguage\":\"es\"},{\"@type\":\"Organization\",\"@id\":\"https:\/\/pagina10.com\/web\/#organization\",\"name\":\"P\u00e1gina10\",\"alternateName\":\"P\u00e1gina10 Peri\u00f3dico Regional\",\"url\":\"https:\/\/pagina10.com\/web\/\",\"logo\":{\"@type\":\"ImageObject\",\"inLanguage\":\"es\",\"@id\":\"https:\/\/pagina10.com\/web\/#\/schema\/logo\/image\/\",\"url\":\"https:\/\/pagina10.com\/web\/wp-content\/uploads\/2024\/01\/40-pagina-10-periodico-regional-pasto.jpg\",\"contentUrl\":\"https:\/\/pagina10.com\/web\/wp-content\/uploads\/2024\/01\/40-pagina-10-periodico-regional-pasto.jpg\",\"width\":1280,\"height\":720,\"caption\":\"P\u00e1gina10\"},\"image\":{\"@id\":\"https:\/\/pagina10.com\/web\/#\/schema\/logo\/image\/\"},\"sameAs\":[\"https:\/\/www.facebook.com\/pag10com\",\"https:\/\/x.com\/Pag10com\",\"https:\/\/www.instagram.com\/pagina10col\/\",\"https:\/\/youtube.com\/channel\/pag10\",\"https:\/\/www.tiktok.com\/@p10col\"]},{\"@type\":\"Person\",\"@id\":\"https:\/\/pagina10.com\/web\/#\/schema\/person\/2efc4a090d25b667d3bc796798a3a81b\",\"name\":\"P\u00e1gina 10\",\"description\":\"P\u00e1gina 10 es un peri\u00f3dico regional que nace en Colombia, en el departamento de Nari\u00f1o, con un enfoque global, fundamentado en cuatro pilares esenciales: la libertad, el pluralismo, la inclusi\u00f3n y la independencia. P\u00e1gina 10 hace referencia a Nari\u00f1o como el d\u00e9cimo departamento creado en Colombia, despu\u00e9s de un proceso pol\u00edtico liderado por actores y actrices regionales con el fin de obtener la independencia y autonom\u00eda de nuestros territorios. Con la creaci\u00f3n de P\u00e1gina 10 se pretende abrir un escenario para el dialogo, la reflexi\u00f3n y el debate que se extienda a otras geograf\u00edas de Am\u00e9rica Latina y del planeta, en una apuesta por transformar colectivamente los desaf\u00edos de un mundo contempor\u00e1neo, m\u00e1s all\u00e1 de las fronteras impuestas.\",\"url\":\"https:\/\/pagina10.com\/web\/author\/pdiezadmin\/\"}]}<\/script>\n<!-- \/ Yoast SEO plugin. -->","yoast_head_json":{"title":"Bomberos de Pasto abre convocatoria para aspirantes | P\u00e1gina10","robots":{"index":"index","follow":"follow","max-snippet":"max-snippet:-1","max-image-preview":"max-image-preview:large","max-video-preview":"max-video-preview:-1"},"canonical":"https:\/\/pagina10.com\/web\/bomberos-de-pasto-abre-convocatoria-para-aspirantes\/","og_locale":"es_ES","og_type":"article","og_title":"Bomberos de Pasto abre convocatoria para aspirantes | P\u00e1gina10","og_description":"El Benem\u00e9rito Cuerpo de Bomberos Voluntarios de Pasto anunci\u00f3 la apertura de inscripciones para los nuevos aspirantes a Bombero para el a\u00f1o 2024. Para los interesados, esta oportunidad representa la posibilidad de formar parte de un equipo dedicado a la seguridad y protecci\u00f3n de la comunidad. Quienes cumplan con los requisitos podr\u00e1n participar en un [&hellip;]","og_url":"https:\/\/pagina10.com\/web\/bomberos-de-pasto-abre-convocatoria-para-aspirantes\/","og_site_name":"P\u00e1gina10","article_publisher":"https:\/\/www.facebook.com\/pag10com","article_published_time":"2024-01-19T21:28:56+00:00","og_image":[{"width":669,"height":446,"url":"https:\/\/pagina10.com\/web\/wp-content\/uploads\/2024\/01\/c94091f177ea694f668cdcab8994ddac_fit.jpg","type":"image\/jpeg"}],"author":"P\u00e1gina 10","twitter_card":"summary_large_image","twitter_creator":"@Pag10com","twitter_site":"@Pag10com","twitter_misc":{"Escrito por":"P\u00e1gina 10","Tiempo de lectura":"1 minuto"},"schema":{"@context":"https:\/\/schema.org","@graph":[{"@type":"Article","@id":"https:\/\/pagina10.com\/web\/bomberos-de-pasto-abre-convocatoria-para-aspirantes\/#article","isPartOf":{"@id":"https:\/\/pagina10.com\/web\/bomberos-de-pasto-abre-convocatoria-para-aspirantes\/"},"author":{"name":"P\u00e1gina 10","@id":"https:\/\/pagina10.com\/web\/#\/schema\/person\/2efc4a090d25b667d3bc796798a3a81b"},"headline":"Bomberos de Pasto abre convocatoria para aspirantes","datePublished":"2024-01-19T21:28:56+00:00","mainEntityOfPage":{"@id":"https:\/\/pagina10.com\/web\/bomberos-de-pasto-abre-convocatoria-para-aspirantes\/"},"wordCount":188,"commentCount":0,"publisher":{"@id":"https:\/\/pagina10.com\/web\/#organization"},"image":{"@id":"https:\/\/pagina10.com\/web\/bomberos-de-pasto-abre-convocatoria-para-aspirantes\/#primaryimage"},"thumbnailUrl":"https:\/\/pagina10.com\/web\/wp-content\/uploads\/2024\/01\/c94091f177ea694f668cdcab8994ddac_fit.jpg","articleSection":["Nari\u00f1o Actual"],"inLanguage":"es","potentialAction":[{"@type":"CommentAction","name":"Comment","target":["https:\/\/pagina10.com\/web\/bomberos-de-pasto-abre-convocatoria-para-aspirantes\/#respond"]}]},{"@type":"WebPage","@id":"https:\/\/pagina10.com\/web\/bomberos-de-pasto-abre-convocatoria-para-aspirantes\/","url":"https:\/\/pagina10.com\/web\/bomberos-de-pasto-abre-convocatoria-para-aspirantes\/","name":"Bomberos de Pasto abre convocatoria para aspirantes | P\u00e1gina10","isPartOf":{"@id":"https:\/\/pagina10.com\/web\/#website"},"primaryImageOfPage":{"@id":"https:\/\/pagina10.com\/web\/bomberos-de-pasto-abre-convocatoria-para-aspirantes\/#primaryimage"},"image":{"@id":"https:\/\/pagina10.com\/web\/bomberos-de-pasto-abre-convocatoria-para-aspirantes\/#primaryimage"},"thumbnailUrl":"https:\/\/pagina10.com\/web\/wp-content\/uploads\/2024\/01\/c94091f177ea694f668cdcab8994ddac_fit.jpg","datePublished":"2024-01-19T21:28:56+00:00","breadcrumb":{"@id":"https:\/\/pagina10.com\/web\/bomberos-de-pasto-abre-convocatoria-para-aspirantes\/#breadcrumb"},"inLanguage":"es","potentialAction":[{"@type":"ReadAction","target":["https:\/\/pagina10.com\/web\/bomberos-de-pasto-abre-convocatoria-para-aspirantes\/"]}]},{"@type":"ImageObject","inLanguage":"es","@id":"https:\/\/pagina10.com\/web\/bomberos-de-pasto-abre-convocatoria-para-aspirantes\/#primaryimage","url":"https:\/\/pagina10.com\/web\/wp-content\/uploads\/2024\/01\/c94091f177ea694f668cdcab8994ddac_fit.jpg","contentUrl":"https:\/\/pagina10.com\/web\/wp-content\/uploads\/2024\/01\/c94091f177ea694f668cdcab8994ddac_fit.jpg","width":669,"height":446},{"@type":"BreadcrumbList","@id":"https:\/\/pagina10.com\/web\/bomberos-de-pasto-abre-convocatoria-para-aspirantes\/#breadcrumb","itemListElement":[{"@type":"ListItem","position":1,"name":"Portada","item":"https:\/\/pagina10.com\/web\/"},{"@type":"ListItem","position":2,"name":"Bomberos de Pasto abre convocatoria para aspirantes"}]},{"@type":"WebSite","@id":"https:\/\/pagina10.com\/web\/#website","url":"https:\/\/pagina10.com\/web\/","name":"P\u00e1gina10","description":"Peri\u00f3dico Regional","publisher":{"@id":"https:\/\/pagina10.com\/web\/#organization"},"alternateName":"P\u00e1gina10 Peri\u00f3dico Regional","potentialAction":[{"@type":"SearchAction","target":{"@type":"EntryPoint","urlTemplate":"https:\/\/pagina10.com\/web\/?s={search_term_string}"},"query-input":{"@type":"PropertyValueSpecification","valueRequired":true,"valueName":"search_term_string"}}],"inLanguage":"es"},{"@type":"Organization","@id":"https:\/\/pagina10.com\/web\/#organization","name":"P\u00e1gina10","alternateName":"P\u00e1gina10 Peri\u00f3dico Regional","url":"https:\/\/pagina10.com\/web\/","logo":{"@type":"ImageObject","inLanguage":"es","@id":"https:\/\/pagina10.com\/web\/#\/schema\/logo\/image\/","url":"https:\/\/pagina10.com\/web\/wp-content\/uploads\/2024\/01\/40-pagina-10-periodico-regional-pasto.jpg","contentUrl":"https:\/\/pagina10.com\/web\/wp-content\/uploads\/2024\/01\/40-pagina-10-periodico-regional-pasto.jpg","width":1280,"height":720,"caption":"P\u00e1gina10"},"image":{"@id":"https:\/\/pagina10.com\/web\/#\/schema\/logo\/image\/"},"sameAs":["https:\/\/www.facebook.com\/pag10com","https:\/\/x.com\/Pag10com","https:\/\/www.instagram.com\/pagina10col\/","https:\/\/youtube.com\/channel\/pag10","https:\/\/www.tiktok.com\/@p10col"]},{"@type":"Person","@id":"https:\/\/pagina10.com\/web\/#\/schema\/person\/2efc4a090d25b667d3bc796798a3a81b","name":"P\u00e1gina 10","description":"P\u00e1gina 10 es un peri\u00f3dico regional que nace en Colombia, en el departamento de Nari\u00f1o, con un enfoque global, fundamentado en cuatro pilares esenciales: la libertad, el pluralismo, la inclusi\u00f3n y la independencia. P\u00e1gina 10 hace referencia a Nari\u00f1o como el d\u00e9cimo departamento creado en Colombia, despu\u00e9s de un proceso pol\u00edtico liderado por actores y actrices regionales con el fin de obtener la independencia y autonom\u00eda de nuestros territorios. Con la creaci\u00f3n de P\u00e1gina 10 se pretende abrir un escenario para el dialogo, la reflexi\u00f3n y el debate que se extienda a otras geograf\u00edas de Am\u00e9rica Latina y del planeta, en una apuesta por transformar colectivamente los desaf\u00edos de un mundo contempor\u00e1neo, m\u00e1s all\u00e1 de las fronteras impuestas.","url":"https:\/\/pagina10.com\/web\/author\/pdiezadmin\/"}]}},"_links":{"self":[{"href":"https:\/\/pagina10.com\/web\/wp-json\/wp\/v2\/posts\/72609","targetHints":{"allow":["GET"]}}],"collection":[{"href":"https:\/\/pagina10.com\/web\/wp-json\/wp\/v2\/posts"}],"about":[{"href":"https:\/\/pagina10.com\/web\/wp-json\/wp\/v2\/types\/post"}],"author":[{"embeddable":true,"href":"https:\/\/pagina10.com\/web\/wp-json\/wp\/v2\/users\/1"}],"replies":[{"embeddable":true,"href":"https:\/\/pagina10.com\/web\/wp-json\/wp\/v2\/comments?post=72609"}],"version-history":[{"count":0,"href":"https:\/\/pagina10.com\/web\/wp-json\/wp\/v2\/posts\/72609\/revisions"}],"wp:featuredmedia":[{"embeddable":true,"href":"https:\/\/pagina10.com\/web\/wp-json\/wp\/v2\/media\/72610"}],"wp:attachment":[{"href":"https:\/\/pagina10.com\/web\/wp-json\/wp\/v2\/media?parent=72609"}],"wp:term":[{"taxonomy":"category","embeddable":true,"href":"https:\/\/pagina10.com\/web\/wp-json\/wp\/v2\/categories?post=72609"},{"taxonomy":"post_tag","embeddable":true,"href":"https:\/\/pagina10.com\/web\/wp-json\/wp\/v2\/tags?post=72609"}],"curies":[{"name":"wp","href":"https:\/\/api.w.org\/{rel}","templated":true}]}}