{"id":72611,"date":"2024-01-19T09:47:12","date_gmt":"2024-01-19T14:47:12","guid":{"rendered":"https:\/\/pagina10.com\/web\/?p=71056"},"modified":"2024-01-19T09:47:12","modified_gmt":"2024-01-19T14:47:12","slug":"gobierno-destinara-40-mil-millones-para-impulsar-conectividad-en-narino","status":"publish","type":"post","link":"https:\/\/pagina10.com\/web\/gobierno-destinara-40-mil-millones-para-impulsar-conectividad-en-narino\/","title":{"rendered":"Gobierno destinar\u00e1 $40 mil millones para impulsar conectividad en Nari\u00f1o"},"content":{"rendered":"<p style=\"text-align: justify;\">El Ministerio de Tecnolog\u00edas de la Informaci\u00f3n y Comunicaciones (MinTIC) anunci\u00f3 una inversi\u00f3n de $40.000 millones para mejorar la conectividad en el departamento de Nari\u00f1o. El Ministro TIC, Mauricio Lizcano, lider\u00f3 una Mesa de Conectividad en Pasto, donde revel\u00f3 los planes de llevar conexi\u00f3n de fibra \u00f3ptica a 7.000 hogares en 12 municipios inicialmente, con el fin de impactar a 110.000 hogares en 61 territorios.<\/p>\n<p style=\"text-align: justify;\">Durante su visita, el MinTIC confirm\u00f3 que, en el segundo semestre del a\u00f1o, se instalar\u00e1n 197 puntos wifi en municipios PDET del Pac\u00edfico nari\u00f1ense e inaugur\u00f3 la conexi\u00f3n de fibra \u00f3ptica para doce municipios, con una inversi\u00f3n de $8.000 millones. Seg\u00fan el ministerio, esta iniciativa busca proporcionar acceso a internet gratuito a miles de familias de bajos recursos y mejorar la conectividad en la regi\u00f3n.<\/p>\n<p style=\"text-align: justify;\">&#8220;Desde el Gobierno ayudaremos a los hogares m\u00e1s pobres para que aprovechen las TIC para mejorar su vida&#8221;, dijo el Ministro Mauricio Lizcano.<\/p>\n","protected":false},"excerpt":{"rendered":"<p>El Ministerio de Tecnolog\u00edas de la Informaci\u00f3n y Comunicaciones (MinTIC) anunci\u00f3 una inversi\u00f3n de $40.000 millones para mejorar la conectividad en el departamento de Nari\u00f1o. El Ministro TIC, Mauricio Lizcano, lider\u00f3 una Mesa de Conectividad en Pasto, donde revel\u00f3 los planes de llevar conexi\u00f3n de fibra \u00f3ptica a 7.000 hogares en 12 municipios inicialmente, con [&hellip;]<\/p>\n","protected":false},"author":1,"featured_media":72612,"comment_status":"open","ping_status":"open","sticky":false,"template":"","format":"standard","meta":{"footnotes":""},"categories":[14],"tags":[],"class_list":["post-72611","post","type-post","status-publish","format-standard","has-post-thumbnail","hentry","category-narino-actual"],"yoast_head":"<!-- This site is optimized with the Yoast SEO plugin v27.1.1 - https:\/\/yoast.com\/product\/yoast-seo-wordpress\/ -->\n<title>Gobierno destinar\u00e1 $40 mil millones para impulsar conectividad en Nari\u00f1o | P\u00e1gina10<\/title>\n<meta name=\"robots\" content=\"index, follow, max-snippet:-1, max-image-preview:large, max-video-preview:-1\" \/>\n<link rel=\"canonical\" href=\"https:\/\/pagina10.com\/web\/gobierno-destinara-40-mil-millones-para-impulsar-conectividad-en-narino\/\" \/>\n<meta property=\"og:locale\" content=\"es_ES\" \/>\n<meta property=\"og:type\" content=\"article\" \/>\n<meta property=\"og:title\" content=\"Gobierno destinar\u00e1 $40 mil millones para impulsar conectividad en Nari\u00f1o | P\u00e1gina10\" \/>\n<meta property=\"og:description\" content=\"El Ministerio de Tecnolog\u00edas de la Informaci\u00f3n y Comunicaciones (MinTIC) anunci\u00f3 una inversi\u00f3n de $40.000 millones para mejorar la conectividad en el departamento de Nari\u00f1o. El Ministro TIC, Mauricio Lizcano, lider\u00f3 una Mesa de Conectividad en Pasto, donde revel\u00f3 los planes de llevar conexi\u00f3n de fibra \u00f3ptica a 7.000 hogares en 12 municipios inicialmente, con [&hellip;]\" \/>\n<meta property=\"og:url\" content=\"https:\/\/pagina10.com\/web\/gobierno-destinara-40-mil-millones-para-impulsar-conectividad-en-narino\/\" \/>\n<meta property=\"og:site_name\" content=\"P\u00e1gina10\" \/>\n<meta property=\"article:publisher\" content=\"https:\/\/www.facebook.com\/pag10com\" \/>\n<meta property=\"article:published_time\" content=\"2024-01-19T14:47:12+00:00\" \/>\n<meta property=\"og:image\" content=\"https:\/\/pagina10.com\/web\/wp-content\/uploads\/2024\/01\/IMG-20240119-WA0006.jpg\" \/>\n\t<meta property=\"og:image:width\" content=\"960\" \/>\n\t<meta property=\"og:image:height\" content=\"400\" \/>\n\t<meta property=\"og:image:type\" content=\"image\/jpeg\" \/>\n<meta name=\"author\" content=\"P\u00e1gina 10\" \/>\n<meta name=\"twitter:card\" content=\"summary_large_image\" \/>\n<meta name=\"twitter:creator\" content=\"@Pag10com\" \/>\n<meta name=\"twitter:site\" content=\"@Pag10com\" \/>\n<meta name=\"twitter:label1\" content=\"Escrito por\" \/>\n\t<meta name=\"twitter:data1\" content=\"P\u00e1gina 10\" \/>\n\t<meta name=\"twitter:label2\" content=\"Tiempo de lectura\" \/>\n\t<meta name=\"twitter:data2\" content=\"1 minuto\" \/>\n<script type=\"application\/ld+json\" class=\"yoast-schema-graph\">{\"@context\":\"https:\/\/schema.org\",\"@graph\":[{\"@type\":\"Article\",\"@id\":\"https:\/\/pagina10.com\/web\/gobierno-destinara-40-mil-millones-para-impulsar-conectividad-en-narino\/#article\",\"isPartOf\":{\"@id\":\"https:\/\/pagina10.com\/web\/gobierno-destinara-40-mil-millones-para-impulsar-conectividad-en-narino\/\"},\"author\":{\"name\":\"P\u00e1gina 10\",\"@id\":\"https:\/\/pagina10.com\/web\/#\/schema\/person\/2efc4a090d25b667d3bc796798a3a81b\"},\"headline\":\"Gobierno destinar\u00e1 $40 mil millones para impulsar conectividad en Nari\u00f1o\",\"datePublished\":\"2024-01-19T14:47:12+00:00\",\"mainEntityOfPage\":{\"@id\":\"https:\/\/pagina10.com\/web\/gobierno-destinara-40-mil-millones-para-impulsar-conectividad-en-narino\/\"},\"wordCount\":170,\"commentCount\":0,\"publisher\":{\"@id\":\"https:\/\/pagina10.com\/web\/#organization\"},\"image\":{\"@id\":\"https:\/\/pagina10.com\/web\/gobierno-destinara-40-mil-millones-para-impulsar-conectividad-en-narino\/#primaryimage\"},\"thumbnailUrl\":\"https:\/\/pagina10.com\/web\/wp-content\/uploads\/2024\/01\/IMG-20240119-WA0006.jpg\",\"articleSection\":[\"Nari\u00f1o Actual\"],\"inLanguage\":\"es\",\"potentialAction\":[{\"@type\":\"CommentAction\",\"name\":\"Comment\",\"target\":[\"https:\/\/pagina10.com\/web\/gobierno-destinara-40-mil-millones-para-impulsar-conectividad-en-narino\/#respond\"]}]},{\"@type\":\"WebPage\",\"@id\":\"https:\/\/pagina10.com\/web\/gobierno-destinara-40-mil-millones-para-impulsar-conectividad-en-narino\/\",\"url\":\"https:\/\/pagina10.com\/web\/gobierno-destinara-40-mil-millones-para-impulsar-conectividad-en-narino\/\",\"name\":\"Gobierno destinar\u00e1 $40 mil millones para impulsar conectividad en Nari\u00f1o | P\u00e1gina10\",\"isPartOf\":{\"@id\":\"https:\/\/pagina10.com\/web\/#website\"},\"primaryImageOfPage\":{\"@id\":\"https:\/\/pagina10.com\/web\/gobierno-destinara-40-mil-millones-para-impulsar-conectividad-en-narino\/#primaryimage\"},\"image\":{\"@id\":\"https:\/\/pagina10.com\/web\/gobierno-destinara-40-mil-millones-para-impulsar-conectividad-en-narino\/#primaryimage\"},\"thumbnailUrl\":\"https:\/\/pagina10.com\/web\/wp-content\/uploads\/2024\/01\/IMG-20240119-WA0006.jpg\",\"datePublished\":\"2024-01-19T14:47:12+00:00\",\"breadcrumb\":{\"@id\":\"https:\/\/pagina10.com\/web\/gobierno-destinara-40-mil-millones-para-impulsar-conectividad-en-narino\/#breadcrumb\"},\"inLanguage\":\"es\",\"potentialAction\":[{\"@type\":\"ReadAction\",\"target\":[\"https:\/\/pagina10.com\/web\/gobierno-destinara-40-mil-millones-para-impulsar-conectividad-en-narino\/\"]}]},{\"@type\":\"ImageObject\",\"inLanguage\":\"es\",\"@id\":\"https:\/\/pagina10.com\/web\/gobierno-destinara-40-mil-millones-para-impulsar-conectividad-en-narino\/#primaryimage\",\"url\":\"https:\/\/pagina10.com\/web\/wp-content\/uploads\/2024\/01\/IMG-20240119-WA0006.jpg\",\"contentUrl\":\"https:\/\/pagina10.com\/web\/wp-content\/uploads\/2024\/01\/IMG-20240119-WA0006.jpg\",\"width\":960,\"height\":400},{\"@type\":\"BreadcrumbList\",\"@id\":\"https:\/\/pagina10.com\/web\/gobierno-destinara-40-mil-millones-para-impulsar-conectividad-en-narino\/#breadcrumb\",\"itemListElement\":[{\"@type\":\"ListItem\",\"position\":1,\"name\":\"Portada\",\"item\":\"https:\/\/pagina10.com\/web\/\"},{\"@type\":\"ListItem\",\"position\":2,\"name\":\"Gobierno destinar\u00e1 $40 mil millones para impulsar conectividad en Nari\u00f1o\"}]},{\"@type\":\"WebSite\",\"@id\":\"https:\/\/pagina10.com\/web\/#website\",\"url\":\"https:\/\/pagina10.com\/web\/\",\"name\":\"P\u00e1gina10\",\"description\":\"Peri\u00f3dico Regional\",\"publisher\":{\"@id\":\"https:\/\/pagina10.com\/web\/#organization\"},\"alternateName\":\"P\u00e1gina10 Peri\u00f3dico Regional\",\"potentialAction\":[{\"@type\":\"SearchAction\",\"target\":{\"@type\":\"EntryPoint\",\"urlTemplate\":\"https:\/\/pagina10.com\/web\/?s={search_term_string}\"},\"query-input\":{\"@type\":\"PropertyValueSpecification\",\"valueRequired\":true,\"valueName\":\"search_term_string\"}}],\"inLanguage\":\"es\"},{\"@type\":\"Organization\",\"@id\":\"https:\/\/pagina10.com\/web\/#organization\",\"name\":\"P\u00e1gina10\",\"alternateName\":\"P\u00e1gina10 Peri\u00f3dico Regional\",\"url\":\"https:\/\/pagina10.com\/web\/\",\"logo\":{\"@type\":\"ImageObject\",\"inLanguage\":\"es\",\"@id\":\"https:\/\/pagina10.com\/web\/#\/schema\/logo\/image\/\",\"url\":\"https:\/\/pagina10.com\/web\/wp-content\/uploads\/2024\/01\/40-pagina-10-periodico-regional-pasto.jpg\",\"contentUrl\":\"https:\/\/pagina10.com\/web\/wp-content\/uploads\/2024\/01\/40-pagina-10-periodico-regional-pasto.jpg\",\"width\":1280,\"height\":720,\"caption\":\"P\u00e1gina10\"},\"image\":{\"@id\":\"https:\/\/pagina10.com\/web\/#\/schema\/logo\/image\/\"},\"sameAs\":[\"https:\/\/www.facebook.com\/pag10com\",\"https:\/\/x.com\/Pag10com\",\"https:\/\/www.instagram.com\/pagina10col\/\",\"https:\/\/youtube.com\/channel\/pag10\",\"https:\/\/www.tiktok.com\/@p10col\"]},{\"@type\":\"Person\",\"@id\":\"https:\/\/pagina10.com\/web\/#\/schema\/person\/2efc4a090d25b667d3bc796798a3a81b\",\"name\":\"P\u00e1gina 10\",\"description\":\"P\u00e1gina 10 es un peri\u00f3dico regional que nace en Colombia, en el departamento de Nari\u00f1o, con un enfoque global, fundamentado en cuatro pilares esenciales: la libertad, el pluralismo, la inclusi\u00f3n y la independencia. P\u00e1gina 10 hace referencia a Nari\u00f1o como el d\u00e9cimo departamento creado en Colombia, despu\u00e9s de un proceso pol\u00edtico liderado por actores y actrices regionales con el fin de obtener la independencia y autonom\u00eda de nuestros territorios. Con la creaci\u00f3n de P\u00e1gina 10 se pretende abrir un escenario para el dialogo, la reflexi\u00f3n y el debate que se extienda a otras geograf\u00edas de Am\u00e9rica Latina y del planeta, en una apuesta por transformar colectivamente los desaf\u00edos de un mundo contempor\u00e1neo, m\u00e1s all\u00e1 de las fronteras impuestas.\",\"url\":\"https:\/\/pagina10.com\/web\/author\/pdiezadmin\/\"}]}<\/script>\n<!-- \/ Yoast SEO plugin. -->","yoast_head_json":{"title":"Gobierno destinar\u00e1 $40 mil millones para impulsar conectividad en Nari\u00f1o | P\u00e1gina10","robots":{"index":"index","follow":"follow","max-snippet":"max-snippet:-1","max-image-preview":"max-image-preview:large","max-video-preview":"max-video-preview:-1"},"canonical":"https:\/\/pagina10.com\/web\/gobierno-destinara-40-mil-millones-para-impulsar-conectividad-en-narino\/","og_locale":"es_ES","og_type":"article","og_title":"Gobierno destinar\u00e1 $40 mil millones para impulsar conectividad en Nari\u00f1o | P\u00e1gina10","og_description":"El Ministerio de Tecnolog\u00edas de la Informaci\u00f3n y Comunicaciones (MinTIC) anunci\u00f3 una inversi\u00f3n de $40.000 millones para mejorar la conectividad en el departamento de Nari\u00f1o. El Ministro TIC, Mauricio Lizcano, lider\u00f3 una Mesa de Conectividad en Pasto, donde revel\u00f3 los planes de llevar conexi\u00f3n de fibra \u00f3ptica a 7.000 hogares en 12 municipios inicialmente, con [&hellip;]","og_url":"https:\/\/pagina10.com\/web\/gobierno-destinara-40-mil-millones-para-impulsar-conectividad-en-narino\/","og_site_name":"P\u00e1gina10","article_publisher":"https:\/\/www.facebook.com\/pag10com","article_published_time":"2024-01-19T14:47:12+00:00","og_image":[{"width":960,"height":400,"url":"https:\/\/pagina10.com\/web\/wp-content\/uploads\/2024\/01\/IMG-20240119-WA0006.jpg","type":"image\/jpeg"}],"author":"P\u00e1gina 10","twitter_card":"summary_large_image","twitter_creator":"@Pag10com","twitter_site":"@Pag10com","twitter_misc":{"Escrito por":"P\u00e1gina 10","Tiempo de lectura":"1 minuto"},"schema":{"@context":"https:\/\/schema.org","@graph":[{"@type":"Article","@id":"https:\/\/pagina10.com\/web\/gobierno-destinara-40-mil-millones-para-impulsar-conectividad-en-narino\/#article","isPartOf":{"@id":"https:\/\/pagina10.com\/web\/gobierno-destinara-40-mil-millones-para-impulsar-conectividad-en-narino\/"},"author":{"name":"P\u00e1gina 10","@id":"https:\/\/pagina10.com\/web\/#\/schema\/person\/2efc4a090d25b667d3bc796798a3a81b"},"headline":"Gobierno destinar\u00e1 $40 mil millones para impulsar conectividad en Nari\u00f1o","datePublished":"2024-01-19T14:47:12+00:00","mainEntityOfPage":{"@id":"https:\/\/pagina10.com\/web\/gobierno-destinara-40-mil-millones-para-impulsar-conectividad-en-narino\/"},"wordCount":170,"commentCount":0,"publisher":{"@id":"https:\/\/pagina10.com\/web\/#organization"},"image":{"@id":"https:\/\/pagina10.com\/web\/gobierno-destinara-40-mil-millones-para-impulsar-conectividad-en-narino\/#primaryimage"},"thumbnailUrl":"https:\/\/pagina10.com\/web\/wp-content\/uploads\/2024\/01\/IMG-20240119-WA0006.jpg","articleSection":["Nari\u00f1o Actual"],"inLanguage":"es","potentialAction":[{"@type":"CommentAction","name":"Comment","target":["https:\/\/pagina10.com\/web\/gobierno-destinara-40-mil-millones-para-impulsar-conectividad-en-narino\/#respond"]}]},{"@type":"WebPage","@id":"https:\/\/pagina10.com\/web\/gobierno-destinara-40-mil-millones-para-impulsar-conectividad-en-narino\/","url":"https:\/\/pagina10.com\/web\/gobierno-destinara-40-mil-millones-para-impulsar-conectividad-en-narino\/","name":"Gobierno destinar\u00e1 $40 mil millones para impulsar conectividad en Nari\u00f1o | P\u00e1gina10","isPartOf":{"@id":"https:\/\/pagina10.com\/web\/#website"},"primaryImageOfPage":{"@id":"https:\/\/pagina10.com\/web\/gobierno-destinara-40-mil-millones-para-impulsar-conectividad-en-narino\/#primaryimage"},"image":{"@id":"https:\/\/pagina10.com\/web\/gobierno-destinara-40-mil-millones-para-impulsar-conectividad-en-narino\/#primaryimage"},"thumbnailUrl":"https:\/\/pagina10.com\/web\/wp-content\/uploads\/2024\/01\/IMG-20240119-WA0006.jpg","datePublished":"2024-01-19T14:47:12+00:00","breadcrumb":{"@id":"https:\/\/pagina10.com\/web\/gobierno-destinara-40-mil-millones-para-impulsar-conectividad-en-narino\/#breadcrumb"},"inLanguage":"es","potentialAction":[{"@type":"ReadAction","target":["https:\/\/pagina10.com\/web\/gobierno-destinara-40-mil-millones-para-impulsar-conectividad-en-narino\/"]}]},{"@type":"ImageObject","inLanguage":"es","@id":"https:\/\/pagina10.com\/web\/gobierno-destinara-40-mil-millones-para-impulsar-conectividad-en-narino\/#primaryimage","url":"https:\/\/pagina10.com\/web\/wp-content\/uploads\/2024\/01\/IMG-20240119-WA0006.jpg","contentUrl":"https:\/\/pagina10.com\/web\/wp-content\/uploads\/2024\/01\/IMG-20240119-WA0006.jpg","width":960,"height":400},{"@type":"BreadcrumbList","@id":"https:\/\/pagina10.com\/web\/gobierno-destinara-40-mil-millones-para-impulsar-conectividad-en-narino\/#breadcrumb","itemListElement":[{"@type":"ListItem","position":1,"name":"Portada","item":"https:\/\/pagina10.com\/web\/"},{"@type":"ListItem","position":2,"name":"Gobierno destinar\u00e1 $40 mil millones para impulsar conectividad en Nari\u00f1o"}]},{"@type":"WebSite","@id":"https:\/\/pagina10.com\/web\/#website","url":"https:\/\/pagina10.com\/web\/","name":"P\u00e1gina10","description":"Peri\u00f3dico Regional","publisher":{"@id":"https:\/\/pagina10.com\/web\/#organization"},"alternateName":"P\u00e1gina10 Peri\u00f3dico Regional","potentialAction":[{"@type":"SearchAction","target":{"@type":"EntryPoint","urlTemplate":"https:\/\/pagina10.com\/web\/?s={search_term_string}"},"query-input":{"@type":"PropertyValueSpecification","valueRequired":true,"valueName":"search_term_string"}}],"inLanguage":"es"},{"@type":"Organization","@id":"https:\/\/pagina10.com\/web\/#organization","name":"P\u00e1gina10","alternateName":"P\u00e1gina10 Peri\u00f3dico Regional","url":"https:\/\/pagina10.com\/web\/","logo":{"@type":"ImageObject","inLanguage":"es","@id":"https:\/\/pagina10.com\/web\/#\/schema\/logo\/image\/","url":"https:\/\/pagina10.com\/web\/wp-content\/uploads\/2024\/01\/40-pagina-10-periodico-regional-pasto.jpg","contentUrl":"https:\/\/pagina10.com\/web\/wp-content\/uploads\/2024\/01\/40-pagina-10-periodico-regional-pasto.jpg","width":1280,"height":720,"caption":"P\u00e1gina10"},"image":{"@id":"https:\/\/pagina10.com\/web\/#\/schema\/logo\/image\/"},"sameAs":["https:\/\/www.facebook.com\/pag10com","https:\/\/x.com\/Pag10com","https:\/\/www.instagram.com\/pagina10col\/","https:\/\/youtube.com\/channel\/pag10","https:\/\/www.tiktok.com\/@p10col"]},{"@type":"Person","@id":"https:\/\/pagina10.com\/web\/#\/schema\/person\/2efc4a090d25b667d3bc796798a3a81b","name":"P\u00e1gina 10","description":"P\u00e1gina 10 es un peri\u00f3dico regional que nace en Colombia, en el departamento de Nari\u00f1o, con un enfoque global, fundamentado en cuatro pilares esenciales: la libertad, el pluralismo, la inclusi\u00f3n y la independencia. P\u00e1gina 10 hace referencia a Nari\u00f1o como el d\u00e9cimo departamento creado en Colombia, despu\u00e9s de un proceso pol\u00edtico liderado por actores y actrices regionales con el fin de obtener la independencia y autonom\u00eda de nuestros territorios. Con la creaci\u00f3n de P\u00e1gina 10 se pretende abrir un escenario para el dialogo, la reflexi\u00f3n y el debate que se extienda a otras geograf\u00edas de Am\u00e9rica Latina y del planeta, en una apuesta por transformar colectivamente los desaf\u00edos de un mundo contempor\u00e1neo, m\u00e1s all\u00e1 de las fronteras impuestas.","url":"https:\/\/pagina10.com\/web\/author\/pdiezadmin\/"}]}},"_links":{"self":[{"href":"https:\/\/pagina10.com\/web\/wp-json\/wp\/v2\/posts\/72611","targetHints":{"allow":["GET"]}}],"collection":[{"href":"https:\/\/pagina10.com\/web\/wp-json\/wp\/v2\/posts"}],"about":[{"href":"https:\/\/pagina10.com\/web\/wp-json\/wp\/v2\/types\/post"}],"author":[{"embeddable":true,"href":"https:\/\/pagina10.com\/web\/wp-json\/wp\/v2\/users\/1"}],"replies":[{"embeddable":true,"href":"https:\/\/pagina10.com\/web\/wp-json\/wp\/v2\/comments?post=72611"}],"version-history":[{"count":0,"href":"https:\/\/pagina10.com\/web\/wp-json\/wp\/v2\/posts\/72611\/revisions"}],"wp:featuredmedia":[{"embeddable":true,"href":"https:\/\/pagina10.com\/web\/wp-json\/wp\/v2\/media\/72612"}],"wp:attachment":[{"href":"https:\/\/pagina10.com\/web\/wp-json\/wp\/v2\/media?parent=72611"}],"wp:term":[{"taxonomy":"category","embeddable":true,"href":"https:\/\/pagina10.com\/web\/wp-json\/wp\/v2\/categories?post=72611"},{"taxonomy":"post_tag","embeddable":true,"href":"https:\/\/pagina10.com\/web\/wp-json\/wp\/v2\/tags?post=72611"}],"curies":[{"name":"wp","href":"https:\/\/api.w.org\/{rel}","templated":true}]}}