{"id":72613,"date":"2024-01-19T09:42:33","date_gmt":"2024-01-19T14:42:33","guid":{"rendered":"https:\/\/pagina10.com\/web\/?p=71049"},"modified":"2024-01-19T09:42:33","modified_gmt":"2024-01-19T14:42:33","slug":"se-registro-un-incendio-estructural-en-el-barrio-el-ejido-pasto","status":"publish","type":"post","link":"https:\/\/pagina10.com\/web\/se-registro-un-incendio-estructural-en-el-barrio-el-ejido-pasto\/","title":{"rendered":"Se registr\u00f3 un incendio estructural en el barrio El Ejido (Pasto)"},"content":{"rendered":"<p style=\"text-align: justify;\">En una vivienda familiar del barrio El Ejido, zona oriental de la ciudad de Pasto, se registr\u00f3 un incendio estructural que tuvo que ser intervenido por el cuerpo de Bomberos voluntarios, quienes controlaron y lograron extinguir las llamas, contando con el apoyo de la Polic\u00eda Nacional en las labores de coordinaci\u00f3n y seguridad.<\/p>\n<p style=\"text-align: justify;\">La conflagraci\u00f3n, que se encuentra bajo investigaci\u00f3n para determinar sus causas, ocasion\u00f3 p\u00e9rdida de enseres, da\u00f1os en tejas y mamposter\u00eda de la vivienda. Afortunadamente, no se report\u00f3 personas lesionadas en el incidente, gracias a la r\u00e1pida acci\u00f3n de los equipos de emergencia y a la colaboraci\u00f3n de la comunidad, que respondi\u00f3 tambi\u00e9n al evento.<img fetchpriority=\"high\" decoding=\"async\" class=\"aligncenter size-large wp-image-71053\" src=\"https:\/\/pagina10.com\/web\/wp-content\/uploads\/2024\/01\/IMG-20240119-WA0008-1024x768.jpg\" alt=\"\" width=\"1024\" height=\"768\" \/><\/p>\n<p style=\"text-align: justify;\">Los bomberos lograron contener el fuego y evitar su propagaci\u00f3n a otras estructuras cercanas, limitando los da\u00f1os. En estos momentos, se lleva a cabo una evaluaci\u00f3n de la magnitud de los da\u00f1os materiales y se brinda apoyo a la familia afectada para atender sus necesidades inmediatas, y se continua en investigaciones que determinen las causas exactas del incendio.<\/p>\n","protected":false},"excerpt":{"rendered":"<p>En una vivienda familiar del barrio El Ejido, zona oriental de la ciudad de Pasto, se registr\u00f3 un incendio estructural que tuvo que ser intervenido por el cuerpo de Bomberos voluntarios, quienes controlaron y lograron extinguir las llamas, contando con el apoyo de la Polic\u00eda Nacional en las labores de coordinaci\u00f3n y seguridad. La conflagraci\u00f3n, [&hellip;]<\/p>\n","protected":false},"author":1,"featured_media":72614,"comment_status":"open","ping_status":"open","sticky":false,"template":"","format":"standard","meta":{"footnotes":""},"categories":[82],"tags":[],"class_list":["post-72613","post","type-post","status-publish","format-standard","has-post-thumbnail","hentry","category-ciudad-2"],"yoast_head":"<!-- This site is optimized with the Yoast SEO plugin v27.1.1 - https:\/\/yoast.com\/product\/yoast-seo-wordpress\/ -->\n<title>Se registr\u00f3 un incendio estructural en el barrio El Ejido (Pasto) | P\u00e1gina10<\/title>\n<meta name=\"robots\" content=\"index, follow, max-snippet:-1, max-image-preview:large, max-video-preview:-1\" \/>\n<link rel=\"canonical\" href=\"https:\/\/pagina10.com\/web\/se-registro-un-incendio-estructural-en-el-barrio-el-ejido-pasto\/\" \/>\n<meta property=\"og:locale\" content=\"es_ES\" \/>\n<meta property=\"og:type\" content=\"article\" \/>\n<meta property=\"og:title\" content=\"Se registr\u00f3 un incendio estructural en el barrio El Ejido (Pasto) | P\u00e1gina10\" \/>\n<meta property=\"og:description\" content=\"En una vivienda familiar del barrio El Ejido, zona oriental de la ciudad de Pasto, se registr\u00f3 un incendio estructural que tuvo que ser intervenido por el cuerpo de Bomberos voluntarios, quienes controlaron y lograron extinguir las llamas, contando con el apoyo de la Polic\u00eda Nacional en las labores de coordinaci\u00f3n y seguridad. La conflagraci\u00f3n, [&hellip;]\" \/>\n<meta property=\"og:url\" content=\"https:\/\/pagina10.com\/web\/se-registro-un-incendio-estructural-en-el-barrio-el-ejido-pasto\/\" \/>\n<meta property=\"og:site_name\" content=\"P\u00e1gina10\" \/>\n<meta property=\"article:publisher\" content=\"https:\/\/www.facebook.com\/pag10com\" \/>\n<meta property=\"article:published_time\" content=\"2024-01-19T14:42:33+00:00\" \/>\n<meta property=\"og:image\" content=\"https:\/\/pagina10.com\/web\/wp-content\/uploads\/2024\/01\/FB_IMG_1705675281115.jpg\" \/>\n\t<meta property=\"og:image:width\" content=\"1080\" \/>\n\t<meta property=\"og:image:height\" content=\"811\" \/>\n\t<meta property=\"og:image:type\" content=\"image\/jpeg\" \/>\n<meta name=\"author\" content=\"P\u00e1gina 10\" \/>\n<meta name=\"twitter:card\" content=\"summary_large_image\" \/>\n<meta name=\"twitter:creator\" content=\"@Pag10com\" \/>\n<meta name=\"twitter:site\" content=\"@Pag10com\" \/>\n<meta name=\"twitter:label1\" content=\"Escrito por\" \/>\n\t<meta name=\"twitter:data1\" content=\"P\u00e1gina 10\" \/>\n\t<meta name=\"twitter:label2\" content=\"Tiempo de lectura\" \/>\n\t<meta name=\"twitter:data2\" content=\"1 minuto\" \/>\n<script type=\"application\/ld+json\" class=\"yoast-schema-graph\">{\"@context\":\"https:\/\/schema.org\",\"@graph\":[{\"@type\":\"Article\",\"@id\":\"https:\/\/pagina10.com\/web\/se-registro-un-incendio-estructural-en-el-barrio-el-ejido-pasto\/#article\",\"isPartOf\":{\"@id\":\"https:\/\/pagina10.com\/web\/se-registro-un-incendio-estructural-en-el-barrio-el-ejido-pasto\/\"},\"author\":{\"name\":\"P\u00e1gina 10\",\"@id\":\"https:\/\/pagina10.com\/web\/#\/schema\/person\/2efc4a090d25b667d3bc796798a3a81b\"},\"headline\":\"Se registr\u00f3 un incendio estructural en el barrio El Ejido (Pasto)\",\"datePublished\":\"2024-01-19T14:42:33+00:00\",\"mainEntityOfPage\":{\"@id\":\"https:\/\/pagina10.com\/web\/se-registro-un-incendio-estructural-en-el-barrio-el-ejido-pasto\/\"},\"wordCount\":191,\"commentCount\":0,\"publisher\":{\"@id\":\"https:\/\/pagina10.com\/web\/#organization\"},\"image\":{\"@id\":\"https:\/\/pagina10.com\/web\/se-registro-un-incendio-estructural-en-el-barrio-el-ejido-pasto\/#primaryimage\"},\"thumbnailUrl\":\"https:\/\/pagina10.com\/web\/wp-content\/uploads\/2024\/01\/FB_IMG_1705675281115.jpg\",\"articleSection\":[\"Ciudad\"],\"inLanguage\":\"es\",\"potentialAction\":[{\"@type\":\"CommentAction\",\"name\":\"Comment\",\"target\":[\"https:\/\/pagina10.com\/web\/se-registro-un-incendio-estructural-en-el-barrio-el-ejido-pasto\/#respond\"]}]},{\"@type\":\"WebPage\",\"@id\":\"https:\/\/pagina10.com\/web\/se-registro-un-incendio-estructural-en-el-barrio-el-ejido-pasto\/\",\"url\":\"https:\/\/pagina10.com\/web\/se-registro-un-incendio-estructural-en-el-barrio-el-ejido-pasto\/\",\"name\":\"Se registr\u00f3 un incendio estructural en el barrio El Ejido (Pasto) | P\u00e1gina10\",\"isPartOf\":{\"@id\":\"https:\/\/pagina10.com\/web\/#website\"},\"primaryImageOfPage\":{\"@id\":\"https:\/\/pagina10.com\/web\/se-registro-un-incendio-estructural-en-el-barrio-el-ejido-pasto\/#primaryimage\"},\"image\":{\"@id\":\"https:\/\/pagina10.com\/web\/se-registro-un-incendio-estructural-en-el-barrio-el-ejido-pasto\/#primaryimage\"},\"thumbnailUrl\":\"https:\/\/pagina10.com\/web\/wp-content\/uploads\/2024\/01\/FB_IMG_1705675281115.jpg\",\"datePublished\":\"2024-01-19T14:42:33+00:00\",\"breadcrumb\":{\"@id\":\"https:\/\/pagina10.com\/web\/se-registro-un-incendio-estructural-en-el-barrio-el-ejido-pasto\/#breadcrumb\"},\"inLanguage\":\"es\",\"potentialAction\":[{\"@type\":\"ReadAction\",\"target\":[\"https:\/\/pagina10.com\/web\/se-registro-un-incendio-estructural-en-el-barrio-el-ejido-pasto\/\"]}]},{\"@type\":\"ImageObject\",\"inLanguage\":\"es\",\"@id\":\"https:\/\/pagina10.com\/web\/se-registro-un-incendio-estructural-en-el-barrio-el-ejido-pasto\/#primaryimage\",\"url\":\"https:\/\/pagina10.com\/web\/wp-content\/uploads\/2024\/01\/FB_IMG_1705675281115.jpg\",\"contentUrl\":\"https:\/\/pagina10.com\/web\/wp-content\/uploads\/2024\/01\/FB_IMG_1705675281115.jpg\",\"width\":1080,\"height\":811},{\"@type\":\"BreadcrumbList\",\"@id\":\"https:\/\/pagina10.com\/web\/se-registro-un-incendio-estructural-en-el-barrio-el-ejido-pasto\/#breadcrumb\",\"itemListElement\":[{\"@type\":\"ListItem\",\"position\":1,\"name\":\"Portada\",\"item\":\"https:\/\/pagina10.com\/web\/\"},{\"@type\":\"ListItem\",\"position\":2,\"name\":\"Se registr\u00f3 un incendio estructural en el barrio El Ejido (Pasto)\"}]},{\"@type\":\"WebSite\",\"@id\":\"https:\/\/pagina10.com\/web\/#website\",\"url\":\"https:\/\/pagina10.com\/web\/\",\"name\":\"P\u00e1gina10\",\"description\":\"Peri\u00f3dico Regional\",\"publisher\":{\"@id\":\"https:\/\/pagina10.com\/web\/#organization\"},\"alternateName\":\"P\u00e1gina10 Peri\u00f3dico Regional\",\"potentialAction\":[{\"@type\":\"SearchAction\",\"target\":{\"@type\":\"EntryPoint\",\"urlTemplate\":\"https:\/\/pagina10.com\/web\/?s={search_term_string}\"},\"query-input\":{\"@type\":\"PropertyValueSpecification\",\"valueRequired\":true,\"valueName\":\"search_term_string\"}}],\"inLanguage\":\"es\"},{\"@type\":\"Organization\",\"@id\":\"https:\/\/pagina10.com\/web\/#organization\",\"name\":\"P\u00e1gina10\",\"alternateName\":\"P\u00e1gina10 Peri\u00f3dico Regional\",\"url\":\"https:\/\/pagina10.com\/web\/\",\"logo\":{\"@type\":\"ImageObject\",\"inLanguage\":\"es\",\"@id\":\"https:\/\/pagina10.com\/web\/#\/schema\/logo\/image\/\",\"url\":\"https:\/\/pagina10.com\/web\/wp-content\/uploads\/2024\/01\/40-pagina-10-periodico-regional-pasto.jpg\",\"contentUrl\":\"https:\/\/pagina10.com\/web\/wp-content\/uploads\/2024\/01\/40-pagina-10-periodico-regional-pasto.jpg\",\"width\":1280,\"height\":720,\"caption\":\"P\u00e1gina10\"},\"image\":{\"@id\":\"https:\/\/pagina10.com\/web\/#\/schema\/logo\/image\/\"},\"sameAs\":[\"https:\/\/www.facebook.com\/pag10com\",\"https:\/\/x.com\/Pag10com\",\"https:\/\/www.instagram.com\/pagina10col\/\",\"https:\/\/youtube.com\/channel\/pag10\",\"https:\/\/www.tiktok.com\/@p10col\"]},{\"@type\":\"Person\",\"@id\":\"https:\/\/pagina10.com\/web\/#\/schema\/person\/2efc4a090d25b667d3bc796798a3a81b\",\"name\":\"P\u00e1gina 10\",\"description\":\"P\u00e1gina 10 es un peri\u00f3dico regional que nace en Colombia, en el departamento de Nari\u00f1o, con un enfoque global, fundamentado en cuatro pilares esenciales: la libertad, el pluralismo, la inclusi\u00f3n y la independencia. P\u00e1gina 10 hace referencia a Nari\u00f1o como el d\u00e9cimo departamento creado en Colombia, despu\u00e9s de un proceso pol\u00edtico liderado por actores y actrices regionales con el fin de obtener la independencia y autonom\u00eda de nuestros territorios. Con la creaci\u00f3n de P\u00e1gina 10 se pretende abrir un escenario para el dialogo, la reflexi\u00f3n y el debate que se extienda a otras geograf\u00edas de Am\u00e9rica Latina y del planeta, en una apuesta por transformar colectivamente los desaf\u00edos de un mundo contempor\u00e1neo, m\u00e1s all\u00e1 de las fronteras impuestas.\",\"url\":\"https:\/\/pagina10.com\/web\/author\/pdiezadmin\/\"}]}<\/script>\n<!-- \/ Yoast SEO plugin. -->","yoast_head_json":{"title":"Se registr\u00f3 un incendio estructural en el barrio El Ejido (Pasto) | P\u00e1gina10","robots":{"index":"index","follow":"follow","max-snippet":"max-snippet:-1","max-image-preview":"max-image-preview:large","max-video-preview":"max-video-preview:-1"},"canonical":"https:\/\/pagina10.com\/web\/se-registro-un-incendio-estructural-en-el-barrio-el-ejido-pasto\/","og_locale":"es_ES","og_type":"article","og_title":"Se registr\u00f3 un incendio estructural en el barrio El Ejido (Pasto) | P\u00e1gina10","og_description":"En una vivienda familiar del barrio El Ejido, zona oriental de la ciudad de Pasto, se registr\u00f3 un incendio estructural que tuvo que ser intervenido por el cuerpo de Bomberos voluntarios, quienes controlaron y lograron extinguir las llamas, contando con el apoyo de la Polic\u00eda Nacional en las labores de coordinaci\u00f3n y seguridad. La conflagraci\u00f3n, [&hellip;]","og_url":"https:\/\/pagina10.com\/web\/se-registro-un-incendio-estructural-en-el-barrio-el-ejido-pasto\/","og_site_name":"P\u00e1gina10","article_publisher":"https:\/\/www.facebook.com\/pag10com","article_published_time":"2024-01-19T14:42:33+00:00","og_image":[{"width":1080,"height":811,"url":"https:\/\/pagina10.com\/web\/wp-content\/uploads\/2024\/01\/FB_IMG_1705675281115.jpg","type":"image\/jpeg"}],"author":"P\u00e1gina 10","twitter_card":"summary_large_image","twitter_creator":"@Pag10com","twitter_site":"@Pag10com","twitter_misc":{"Escrito por":"P\u00e1gina 10","Tiempo de lectura":"1 minuto"},"schema":{"@context":"https:\/\/schema.org","@graph":[{"@type":"Article","@id":"https:\/\/pagina10.com\/web\/se-registro-un-incendio-estructural-en-el-barrio-el-ejido-pasto\/#article","isPartOf":{"@id":"https:\/\/pagina10.com\/web\/se-registro-un-incendio-estructural-en-el-barrio-el-ejido-pasto\/"},"author":{"name":"P\u00e1gina 10","@id":"https:\/\/pagina10.com\/web\/#\/schema\/person\/2efc4a090d25b667d3bc796798a3a81b"},"headline":"Se registr\u00f3 un incendio estructural en el barrio El Ejido (Pasto)","datePublished":"2024-01-19T14:42:33+00:00","mainEntityOfPage":{"@id":"https:\/\/pagina10.com\/web\/se-registro-un-incendio-estructural-en-el-barrio-el-ejido-pasto\/"},"wordCount":191,"commentCount":0,"publisher":{"@id":"https:\/\/pagina10.com\/web\/#organization"},"image":{"@id":"https:\/\/pagina10.com\/web\/se-registro-un-incendio-estructural-en-el-barrio-el-ejido-pasto\/#primaryimage"},"thumbnailUrl":"https:\/\/pagina10.com\/web\/wp-content\/uploads\/2024\/01\/FB_IMG_1705675281115.jpg","articleSection":["Ciudad"],"inLanguage":"es","potentialAction":[{"@type":"CommentAction","name":"Comment","target":["https:\/\/pagina10.com\/web\/se-registro-un-incendio-estructural-en-el-barrio-el-ejido-pasto\/#respond"]}]},{"@type":"WebPage","@id":"https:\/\/pagina10.com\/web\/se-registro-un-incendio-estructural-en-el-barrio-el-ejido-pasto\/","url":"https:\/\/pagina10.com\/web\/se-registro-un-incendio-estructural-en-el-barrio-el-ejido-pasto\/","name":"Se registr\u00f3 un incendio estructural en el barrio El Ejido (Pasto) | P\u00e1gina10","isPartOf":{"@id":"https:\/\/pagina10.com\/web\/#website"},"primaryImageOfPage":{"@id":"https:\/\/pagina10.com\/web\/se-registro-un-incendio-estructural-en-el-barrio-el-ejido-pasto\/#primaryimage"},"image":{"@id":"https:\/\/pagina10.com\/web\/se-registro-un-incendio-estructural-en-el-barrio-el-ejido-pasto\/#primaryimage"},"thumbnailUrl":"https:\/\/pagina10.com\/web\/wp-content\/uploads\/2024\/01\/FB_IMG_1705675281115.jpg","datePublished":"2024-01-19T14:42:33+00:00","breadcrumb":{"@id":"https:\/\/pagina10.com\/web\/se-registro-un-incendio-estructural-en-el-barrio-el-ejido-pasto\/#breadcrumb"},"inLanguage":"es","potentialAction":[{"@type":"ReadAction","target":["https:\/\/pagina10.com\/web\/se-registro-un-incendio-estructural-en-el-barrio-el-ejido-pasto\/"]}]},{"@type":"ImageObject","inLanguage":"es","@id":"https:\/\/pagina10.com\/web\/se-registro-un-incendio-estructural-en-el-barrio-el-ejido-pasto\/#primaryimage","url":"https:\/\/pagina10.com\/web\/wp-content\/uploads\/2024\/01\/FB_IMG_1705675281115.jpg","contentUrl":"https:\/\/pagina10.com\/web\/wp-content\/uploads\/2024\/01\/FB_IMG_1705675281115.jpg","width":1080,"height":811},{"@type":"BreadcrumbList","@id":"https:\/\/pagina10.com\/web\/se-registro-un-incendio-estructural-en-el-barrio-el-ejido-pasto\/#breadcrumb","itemListElement":[{"@type":"ListItem","position":1,"name":"Portada","item":"https:\/\/pagina10.com\/web\/"},{"@type":"ListItem","position":2,"name":"Se registr\u00f3 un incendio estructural en el barrio El Ejido (Pasto)"}]},{"@type":"WebSite","@id":"https:\/\/pagina10.com\/web\/#website","url":"https:\/\/pagina10.com\/web\/","name":"P\u00e1gina10","description":"Peri\u00f3dico Regional","publisher":{"@id":"https:\/\/pagina10.com\/web\/#organization"},"alternateName":"P\u00e1gina10 Peri\u00f3dico Regional","potentialAction":[{"@type":"SearchAction","target":{"@type":"EntryPoint","urlTemplate":"https:\/\/pagina10.com\/web\/?s={search_term_string}"},"query-input":{"@type":"PropertyValueSpecification","valueRequired":true,"valueName":"search_term_string"}}],"inLanguage":"es"},{"@type":"Organization","@id":"https:\/\/pagina10.com\/web\/#organization","name":"P\u00e1gina10","alternateName":"P\u00e1gina10 Peri\u00f3dico Regional","url":"https:\/\/pagina10.com\/web\/","logo":{"@type":"ImageObject","inLanguage":"es","@id":"https:\/\/pagina10.com\/web\/#\/schema\/logo\/image\/","url":"https:\/\/pagina10.com\/web\/wp-content\/uploads\/2024\/01\/40-pagina-10-periodico-regional-pasto.jpg","contentUrl":"https:\/\/pagina10.com\/web\/wp-content\/uploads\/2024\/01\/40-pagina-10-periodico-regional-pasto.jpg","width":1280,"height":720,"caption":"P\u00e1gina10"},"image":{"@id":"https:\/\/pagina10.com\/web\/#\/schema\/logo\/image\/"},"sameAs":["https:\/\/www.facebook.com\/pag10com","https:\/\/x.com\/Pag10com","https:\/\/www.instagram.com\/pagina10col\/","https:\/\/youtube.com\/channel\/pag10","https:\/\/www.tiktok.com\/@p10col"]},{"@type":"Person","@id":"https:\/\/pagina10.com\/web\/#\/schema\/person\/2efc4a090d25b667d3bc796798a3a81b","name":"P\u00e1gina 10","description":"P\u00e1gina 10 es un peri\u00f3dico regional que nace en Colombia, en el departamento de Nari\u00f1o, con un enfoque global, fundamentado en cuatro pilares esenciales: la libertad, el pluralismo, la inclusi\u00f3n y la independencia. P\u00e1gina 10 hace referencia a Nari\u00f1o como el d\u00e9cimo departamento creado en Colombia, despu\u00e9s de un proceso pol\u00edtico liderado por actores y actrices regionales con el fin de obtener la independencia y autonom\u00eda de nuestros territorios. Con la creaci\u00f3n de P\u00e1gina 10 se pretende abrir un escenario para el dialogo, la reflexi\u00f3n y el debate que se extienda a otras geograf\u00edas de Am\u00e9rica Latina y del planeta, en una apuesta por transformar colectivamente los desaf\u00edos de un mundo contempor\u00e1neo, m\u00e1s all\u00e1 de las fronteras impuestas.","url":"https:\/\/pagina10.com\/web\/author\/pdiezadmin\/"}]}},"_links":{"self":[{"href":"https:\/\/pagina10.com\/web\/wp-json\/wp\/v2\/posts\/72613","targetHints":{"allow":["GET"]}}],"collection":[{"href":"https:\/\/pagina10.com\/web\/wp-json\/wp\/v2\/posts"}],"about":[{"href":"https:\/\/pagina10.com\/web\/wp-json\/wp\/v2\/types\/post"}],"author":[{"embeddable":true,"href":"https:\/\/pagina10.com\/web\/wp-json\/wp\/v2\/users\/1"}],"replies":[{"embeddable":true,"href":"https:\/\/pagina10.com\/web\/wp-json\/wp\/v2\/comments?post=72613"}],"version-history":[{"count":0,"href":"https:\/\/pagina10.com\/web\/wp-json\/wp\/v2\/posts\/72613\/revisions"}],"wp:featuredmedia":[{"embeddable":true,"href":"https:\/\/pagina10.com\/web\/wp-json\/wp\/v2\/media\/72614"}],"wp:attachment":[{"href":"https:\/\/pagina10.com\/web\/wp-json\/wp\/v2\/media?parent=72613"}],"wp:term":[{"taxonomy":"category","embeddable":true,"href":"https:\/\/pagina10.com\/web\/wp-json\/wp\/v2\/categories?post=72613"},{"taxonomy":"post_tag","embeddable":true,"href":"https:\/\/pagina10.com\/web\/wp-json\/wp\/v2\/tags?post=72613"}],"curies":[{"name":"wp","href":"https:\/\/api.w.org\/{rel}","templated":true}]}}