{"id":72622,"date":"2024-01-18T11:14:21","date_gmt":"2024-01-18T16:14:21","guid":{"rendered":"https:\/\/pagina10.com\/web\/?p=71033"},"modified":"2024-01-24T18:09:08","modified_gmt":"2024-01-24T23:09:08","slug":"gobierno-renovo-contrato-millonario-de-neru-como-coreografo-y-colaborador","status":"publish","type":"post","link":"https:\/\/pagina10.com\/web\/gobierno-renovo-contrato-millonario-de-neru-como-coreografo-y-colaborador\/","title":{"rendered":"Gobierno renov\u00f3 contrato millonario de Ner\u00fa como \u201ccore\u00f3grafo y colaborador\u201d"},"content":{"rendered":"<p style=\"text-align: justify;\">En los \u00faltimos d\u00edas se confirm\u00f3 la renovaci\u00f3n del contrato que vincula al reconocido core\u00f3grafo Ner\u00fa Mart\u00ednez Carrillo con el Departamento Administrativo de la presidencia de Petro para el a\u00f1o 2024. Desde 2022, el artista ha estado trabajando en diversas iniciativas destinadas a promover &#8220;actividades art\u00edsticas, deportivas, culturales y de integraci\u00f3n&#8221; en la entidad.<\/p>\n<p style=\"text-align: justify;\">El contrato implica un compromiso hasta el 31 de diciembre de este a\u00f1o, con una remuneraci\u00f3n anual de $88 millones de pesos. Para esta nueva etapa, su labor se centrar\u00e1 en la mejora del bienestar f\u00edsico y mental de los funcionarios y el impulso de la actividad f\u00edsica a trav\u00e9s de c\u00e1psulas y videos en redes sociales.<\/p>\n<p style=\"text-align: justify;\">Este no es el primer contrato p\u00fablico de Ner\u00fa, el a\u00f1o pasado firm\u00f3 tres m\u00e1s con el DAPRE, consolid\u00e1ndose como una figura recurrente en iniciativas gubernamentales. Estas acciones han suscitado inter\u00e9s y, en algunos casos, controversia por la relaci\u00f3n entre el \u00e1mbito art\u00edstico y el gobierno porque es ampliamente conocida su amistad con la primera dama, Ver\u00f3nica Alcocer.<\/p>\n","protected":false},"excerpt":{"rendered":"<p>En los \u00faltimos d\u00edas se confirm\u00f3 la renovaci\u00f3n del contrato que vincula al reconocido core\u00f3grafo Ner\u00fa Mart\u00ednez Carrillo con el Departamento Administrativo de la presidencia de Petro para el a\u00f1o 2024. Desde 2022, el artista ha estado trabajando en diversas iniciativas destinadas a promover &#8220;actividades art\u00edsticas, deportivas, culturales y de integraci\u00f3n&#8221; en la entidad. El [&hellip;]<\/p>\n","protected":false},"author":1,"featured_media":72623,"comment_status":"open","ping_status":"open","sticky":false,"template":"","format":"standard","meta":{"footnotes":""},"categories":[94],"tags":[],"class_list":["post-72622","post","type-post","status-publish","format-standard","has-post-thumbnail","hentry","category-nacional-global-2"],"yoast_head":"<!-- This site is optimized with the Yoast SEO plugin v27.1.1 - https:\/\/yoast.com\/product\/yoast-seo-wordpress\/ -->\n<title>Gobierno renov\u00f3 contrato millonario de Ner\u00fa como \u201ccore\u00f3grafo y colaborador\u201d | P\u00e1gina10<\/title>\n<meta name=\"robots\" content=\"index, follow, max-snippet:-1, max-image-preview:large, max-video-preview:-1\" \/>\n<link rel=\"canonical\" href=\"https:\/\/pagina10.com\/web\/gobierno-renovo-contrato-millonario-de-neru-como-coreografo-y-colaborador\/\" \/>\n<meta property=\"og:locale\" content=\"es_ES\" \/>\n<meta property=\"og:type\" content=\"article\" \/>\n<meta property=\"og:title\" content=\"Gobierno renov\u00f3 contrato millonario de Ner\u00fa como \u201ccore\u00f3grafo y colaborador\u201d | P\u00e1gina10\" \/>\n<meta property=\"og:description\" content=\"En los \u00faltimos d\u00edas se confirm\u00f3 la renovaci\u00f3n del contrato que vincula al reconocido core\u00f3grafo Ner\u00fa Mart\u00ednez Carrillo con el Departamento Administrativo de la presidencia de Petro para el a\u00f1o 2024. Desde 2022, el artista ha estado trabajando en diversas iniciativas destinadas a promover &#8220;actividades art\u00edsticas, deportivas, culturales y de integraci\u00f3n&#8221; en la entidad. El [&hellip;]\" \/>\n<meta property=\"og:url\" content=\"https:\/\/pagina10.com\/web\/gobierno-renovo-contrato-millonario-de-neru-como-coreografo-y-colaborador\/\" \/>\n<meta property=\"og:site_name\" content=\"P\u00e1gina10\" \/>\n<meta property=\"article:publisher\" content=\"https:\/\/www.facebook.com\/pag10com\" \/>\n<meta property=\"article:published_time\" content=\"2024-01-18T16:14:21+00:00\" \/>\n<meta property=\"article:modified_time\" content=\"2024-01-24T23:09:08+00:00\" \/>\n<meta property=\"og:image\" content=\"https:\/\/pagina10.com\/web\/wp-content\/uploads\/2024\/01\/SNOW_20240118_111302_397.jpg\" \/>\n\t<meta property=\"og:image:width\" content=\"1280\" \/>\n\t<meta property=\"og:image:height\" content=\"853\" \/>\n\t<meta property=\"og:image:type\" content=\"image\/jpeg\" \/>\n<meta name=\"author\" content=\"P\u00e1gina 10\" \/>\n<meta name=\"twitter:card\" content=\"summary_large_image\" \/>\n<meta name=\"twitter:creator\" content=\"@Pag10com\" \/>\n<meta name=\"twitter:site\" content=\"@Pag10com\" \/>\n<meta name=\"twitter:label1\" content=\"Escrito por\" \/>\n\t<meta name=\"twitter:data1\" content=\"P\u00e1gina 10\" \/>\n\t<meta name=\"twitter:label2\" content=\"Tiempo de lectura\" \/>\n\t<meta name=\"twitter:data2\" content=\"1 minuto\" \/>\n<script type=\"application\/ld+json\" class=\"yoast-schema-graph\">{\"@context\":\"https:\/\/schema.org\",\"@graph\":[{\"@type\":\"Article\",\"@id\":\"https:\/\/pagina10.com\/web\/gobierno-renovo-contrato-millonario-de-neru-como-coreografo-y-colaborador\/#article\",\"isPartOf\":{\"@id\":\"https:\/\/pagina10.com\/web\/gobierno-renovo-contrato-millonario-de-neru-como-coreografo-y-colaborador\/\"},\"author\":{\"name\":\"P\u00e1gina 10\",\"@id\":\"https:\/\/pagina10.com\/web\/#\/schema\/person\/2efc4a090d25b667d3bc796798a3a81b\"},\"headline\":\"Gobierno renov\u00f3 contrato millonario de Ner\u00fa como \u201ccore\u00f3grafo y colaborador\u201d\",\"datePublished\":\"2024-01-18T16:14:21+00:00\",\"dateModified\":\"2024-01-24T23:09:08+00:00\",\"mainEntityOfPage\":{\"@id\":\"https:\/\/pagina10.com\/web\/gobierno-renovo-contrato-millonario-de-neru-como-coreografo-y-colaborador\/\"},\"wordCount\":197,\"commentCount\":0,\"publisher\":{\"@id\":\"https:\/\/pagina10.com\/web\/#organization\"},\"image\":{\"@id\":\"https:\/\/pagina10.com\/web\/gobierno-renovo-contrato-millonario-de-neru-como-coreografo-y-colaborador\/#primaryimage\"},\"thumbnailUrl\":\"https:\/\/pagina10.com\/web\/wp-content\/uploads\/2024\/01\/SNOW_20240118_111302_397.jpg\",\"articleSection\":[\"Nacional\"],\"inLanguage\":\"es\",\"potentialAction\":[{\"@type\":\"CommentAction\",\"name\":\"Comment\",\"target\":[\"https:\/\/pagina10.com\/web\/gobierno-renovo-contrato-millonario-de-neru-como-coreografo-y-colaborador\/#respond\"]}]},{\"@type\":\"WebPage\",\"@id\":\"https:\/\/pagina10.com\/web\/gobierno-renovo-contrato-millonario-de-neru-como-coreografo-y-colaborador\/\",\"url\":\"https:\/\/pagina10.com\/web\/gobierno-renovo-contrato-millonario-de-neru-como-coreografo-y-colaborador\/\",\"name\":\"Gobierno renov\u00f3 contrato millonario de Ner\u00fa como \u201ccore\u00f3grafo y colaborador\u201d | P\u00e1gina10\",\"isPartOf\":{\"@id\":\"https:\/\/pagina10.com\/web\/#website\"},\"primaryImageOfPage\":{\"@id\":\"https:\/\/pagina10.com\/web\/gobierno-renovo-contrato-millonario-de-neru-como-coreografo-y-colaborador\/#primaryimage\"},\"image\":{\"@id\":\"https:\/\/pagina10.com\/web\/gobierno-renovo-contrato-millonario-de-neru-como-coreografo-y-colaborador\/#primaryimage\"},\"thumbnailUrl\":\"https:\/\/pagina10.com\/web\/wp-content\/uploads\/2024\/01\/SNOW_20240118_111302_397.jpg\",\"datePublished\":\"2024-01-18T16:14:21+00:00\",\"dateModified\":\"2024-01-24T23:09:08+00:00\",\"breadcrumb\":{\"@id\":\"https:\/\/pagina10.com\/web\/gobierno-renovo-contrato-millonario-de-neru-como-coreografo-y-colaborador\/#breadcrumb\"},\"inLanguage\":\"es\",\"potentialAction\":[{\"@type\":\"ReadAction\",\"target\":[\"https:\/\/pagina10.com\/web\/gobierno-renovo-contrato-millonario-de-neru-como-coreografo-y-colaborador\/\"]}]},{\"@type\":\"ImageObject\",\"inLanguage\":\"es\",\"@id\":\"https:\/\/pagina10.com\/web\/gobierno-renovo-contrato-millonario-de-neru-como-coreografo-y-colaborador\/#primaryimage\",\"url\":\"https:\/\/pagina10.com\/web\/wp-content\/uploads\/2024\/01\/SNOW_20240118_111302_397.jpg\",\"contentUrl\":\"https:\/\/pagina10.com\/web\/wp-content\/uploads\/2024\/01\/SNOW_20240118_111302_397.jpg\",\"width\":1280,\"height\":853},{\"@type\":\"BreadcrumbList\",\"@id\":\"https:\/\/pagina10.com\/web\/gobierno-renovo-contrato-millonario-de-neru-como-coreografo-y-colaborador\/#breadcrumb\",\"itemListElement\":[{\"@type\":\"ListItem\",\"position\":1,\"name\":\"Portada\",\"item\":\"https:\/\/pagina10.com\/web\/\"},{\"@type\":\"ListItem\",\"position\":2,\"name\":\"Gobierno renov\u00f3 contrato millonario de Ner\u00fa como \u201ccore\u00f3grafo y colaborador\u201d\"}]},{\"@type\":\"WebSite\",\"@id\":\"https:\/\/pagina10.com\/web\/#website\",\"url\":\"https:\/\/pagina10.com\/web\/\",\"name\":\"P\u00e1gina10\",\"description\":\"Peri\u00f3dico Regional\",\"publisher\":{\"@id\":\"https:\/\/pagina10.com\/web\/#organization\"},\"alternateName\":\"P\u00e1gina10 Peri\u00f3dico Regional\",\"potentialAction\":[{\"@type\":\"SearchAction\",\"target\":{\"@type\":\"EntryPoint\",\"urlTemplate\":\"https:\/\/pagina10.com\/web\/?s={search_term_string}\"},\"query-input\":{\"@type\":\"PropertyValueSpecification\",\"valueRequired\":true,\"valueName\":\"search_term_string\"}}],\"inLanguage\":\"es\"},{\"@type\":\"Organization\",\"@id\":\"https:\/\/pagina10.com\/web\/#organization\",\"name\":\"P\u00e1gina10\",\"alternateName\":\"P\u00e1gina10 Peri\u00f3dico Regional\",\"url\":\"https:\/\/pagina10.com\/web\/\",\"logo\":{\"@type\":\"ImageObject\",\"inLanguage\":\"es\",\"@id\":\"https:\/\/pagina10.com\/web\/#\/schema\/logo\/image\/\",\"url\":\"https:\/\/pagina10.com\/web\/wp-content\/uploads\/2024\/01\/40-pagina-10-periodico-regional-pasto.jpg\",\"contentUrl\":\"https:\/\/pagina10.com\/web\/wp-content\/uploads\/2024\/01\/40-pagina-10-periodico-regional-pasto.jpg\",\"width\":1280,\"height\":720,\"caption\":\"P\u00e1gina10\"},\"image\":{\"@id\":\"https:\/\/pagina10.com\/web\/#\/schema\/logo\/image\/\"},\"sameAs\":[\"https:\/\/www.facebook.com\/pag10com\",\"https:\/\/x.com\/Pag10com\",\"https:\/\/www.instagram.com\/pagina10col\/\",\"https:\/\/youtube.com\/channel\/pag10\",\"https:\/\/www.tiktok.com\/@p10col\"]},{\"@type\":\"Person\",\"@id\":\"https:\/\/pagina10.com\/web\/#\/schema\/person\/2efc4a090d25b667d3bc796798a3a81b\",\"name\":\"P\u00e1gina 10\",\"description\":\"P\u00e1gina 10 es un peri\u00f3dico regional que nace en Colombia, en el departamento de Nari\u00f1o, con un enfoque global, fundamentado en cuatro pilares esenciales: la libertad, el pluralismo, la inclusi\u00f3n y la independencia. P\u00e1gina 10 hace referencia a Nari\u00f1o como el d\u00e9cimo departamento creado en Colombia, despu\u00e9s de un proceso pol\u00edtico liderado por actores y actrices regionales con el fin de obtener la independencia y autonom\u00eda de nuestros territorios. Con la creaci\u00f3n de P\u00e1gina 10 se pretende abrir un escenario para el dialogo, la reflexi\u00f3n y el debate que se extienda a otras geograf\u00edas de Am\u00e9rica Latina y del planeta, en una apuesta por transformar colectivamente los desaf\u00edos de un mundo contempor\u00e1neo, m\u00e1s all\u00e1 de las fronteras impuestas.\",\"url\":\"https:\/\/pagina10.com\/web\/author\/pdiezadmin\/\"}]}<\/script>\n<!-- \/ Yoast SEO plugin. -->","yoast_head_json":{"title":"Gobierno renov\u00f3 contrato millonario de Ner\u00fa como \u201ccore\u00f3grafo y colaborador\u201d | P\u00e1gina10","robots":{"index":"index","follow":"follow","max-snippet":"max-snippet:-1","max-image-preview":"max-image-preview:large","max-video-preview":"max-video-preview:-1"},"canonical":"https:\/\/pagina10.com\/web\/gobierno-renovo-contrato-millonario-de-neru-como-coreografo-y-colaborador\/","og_locale":"es_ES","og_type":"article","og_title":"Gobierno renov\u00f3 contrato millonario de Ner\u00fa como \u201ccore\u00f3grafo y colaborador\u201d | P\u00e1gina10","og_description":"En los \u00faltimos d\u00edas se confirm\u00f3 la renovaci\u00f3n del contrato que vincula al reconocido core\u00f3grafo Ner\u00fa Mart\u00ednez Carrillo con el Departamento Administrativo de la presidencia de Petro para el a\u00f1o 2024. Desde 2022, el artista ha estado trabajando en diversas iniciativas destinadas a promover &#8220;actividades art\u00edsticas, deportivas, culturales y de integraci\u00f3n&#8221; en la entidad. El [&hellip;]","og_url":"https:\/\/pagina10.com\/web\/gobierno-renovo-contrato-millonario-de-neru-como-coreografo-y-colaborador\/","og_site_name":"P\u00e1gina10","article_publisher":"https:\/\/www.facebook.com\/pag10com","article_published_time":"2024-01-18T16:14:21+00:00","article_modified_time":"2024-01-24T23:09:08+00:00","og_image":[{"width":1280,"height":853,"url":"https:\/\/pagina10.com\/web\/wp-content\/uploads\/2024\/01\/SNOW_20240118_111302_397.jpg","type":"image\/jpeg"}],"author":"P\u00e1gina 10","twitter_card":"summary_large_image","twitter_creator":"@Pag10com","twitter_site":"@Pag10com","twitter_misc":{"Escrito por":"P\u00e1gina 10","Tiempo de lectura":"1 minuto"},"schema":{"@context":"https:\/\/schema.org","@graph":[{"@type":"Article","@id":"https:\/\/pagina10.com\/web\/gobierno-renovo-contrato-millonario-de-neru-como-coreografo-y-colaborador\/#article","isPartOf":{"@id":"https:\/\/pagina10.com\/web\/gobierno-renovo-contrato-millonario-de-neru-como-coreografo-y-colaborador\/"},"author":{"name":"P\u00e1gina 10","@id":"https:\/\/pagina10.com\/web\/#\/schema\/person\/2efc4a090d25b667d3bc796798a3a81b"},"headline":"Gobierno renov\u00f3 contrato millonario de Ner\u00fa como \u201ccore\u00f3grafo y colaborador\u201d","datePublished":"2024-01-18T16:14:21+00:00","dateModified":"2024-01-24T23:09:08+00:00","mainEntityOfPage":{"@id":"https:\/\/pagina10.com\/web\/gobierno-renovo-contrato-millonario-de-neru-como-coreografo-y-colaborador\/"},"wordCount":197,"commentCount":0,"publisher":{"@id":"https:\/\/pagina10.com\/web\/#organization"},"image":{"@id":"https:\/\/pagina10.com\/web\/gobierno-renovo-contrato-millonario-de-neru-como-coreografo-y-colaborador\/#primaryimage"},"thumbnailUrl":"https:\/\/pagina10.com\/web\/wp-content\/uploads\/2024\/01\/SNOW_20240118_111302_397.jpg","articleSection":["Nacional"],"inLanguage":"es","potentialAction":[{"@type":"CommentAction","name":"Comment","target":["https:\/\/pagina10.com\/web\/gobierno-renovo-contrato-millonario-de-neru-como-coreografo-y-colaborador\/#respond"]}]},{"@type":"WebPage","@id":"https:\/\/pagina10.com\/web\/gobierno-renovo-contrato-millonario-de-neru-como-coreografo-y-colaborador\/","url":"https:\/\/pagina10.com\/web\/gobierno-renovo-contrato-millonario-de-neru-como-coreografo-y-colaborador\/","name":"Gobierno renov\u00f3 contrato millonario de Ner\u00fa como \u201ccore\u00f3grafo y colaborador\u201d | P\u00e1gina10","isPartOf":{"@id":"https:\/\/pagina10.com\/web\/#website"},"primaryImageOfPage":{"@id":"https:\/\/pagina10.com\/web\/gobierno-renovo-contrato-millonario-de-neru-como-coreografo-y-colaborador\/#primaryimage"},"image":{"@id":"https:\/\/pagina10.com\/web\/gobierno-renovo-contrato-millonario-de-neru-como-coreografo-y-colaborador\/#primaryimage"},"thumbnailUrl":"https:\/\/pagina10.com\/web\/wp-content\/uploads\/2024\/01\/SNOW_20240118_111302_397.jpg","datePublished":"2024-01-18T16:14:21+00:00","dateModified":"2024-01-24T23:09:08+00:00","breadcrumb":{"@id":"https:\/\/pagina10.com\/web\/gobierno-renovo-contrato-millonario-de-neru-como-coreografo-y-colaborador\/#breadcrumb"},"inLanguage":"es","potentialAction":[{"@type":"ReadAction","target":["https:\/\/pagina10.com\/web\/gobierno-renovo-contrato-millonario-de-neru-como-coreografo-y-colaborador\/"]}]},{"@type":"ImageObject","inLanguage":"es","@id":"https:\/\/pagina10.com\/web\/gobierno-renovo-contrato-millonario-de-neru-como-coreografo-y-colaborador\/#primaryimage","url":"https:\/\/pagina10.com\/web\/wp-content\/uploads\/2024\/01\/SNOW_20240118_111302_397.jpg","contentUrl":"https:\/\/pagina10.com\/web\/wp-content\/uploads\/2024\/01\/SNOW_20240118_111302_397.jpg","width":1280,"height":853},{"@type":"BreadcrumbList","@id":"https:\/\/pagina10.com\/web\/gobierno-renovo-contrato-millonario-de-neru-como-coreografo-y-colaborador\/#breadcrumb","itemListElement":[{"@type":"ListItem","position":1,"name":"Portada","item":"https:\/\/pagina10.com\/web\/"},{"@type":"ListItem","position":2,"name":"Gobierno renov\u00f3 contrato millonario de Ner\u00fa como \u201ccore\u00f3grafo y colaborador\u201d"}]},{"@type":"WebSite","@id":"https:\/\/pagina10.com\/web\/#website","url":"https:\/\/pagina10.com\/web\/","name":"P\u00e1gina10","description":"Peri\u00f3dico Regional","publisher":{"@id":"https:\/\/pagina10.com\/web\/#organization"},"alternateName":"P\u00e1gina10 Peri\u00f3dico Regional","potentialAction":[{"@type":"SearchAction","target":{"@type":"EntryPoint","urlTemplate":"https:\/\/pagina10.com\/web\/?s={search_term_string}"},"query-input":{"@type":"PropertyValueSpecification","valueRequired":true,"valueName":"search_term_string"}}],"inLanguage":"es"},{"@type":"Organization","@id":"https:\/\/pagina10.com\/web\/#organization","name":"P\u00e1gina10","alternateName":"P\u00e1gina10 Peri\u00f3dico Regional","url":"https:\/\/pagina10.com\/web\/","logo":{"@type":"ImageObject","inLanguage":"es","@id":"https:\/\/pagina10.com\/web\/#\/schema\/logo\/image\/","url":"https:\/\/pagina10.com\/web\/wp-content\/uploads\/2024\/01\/40-pagina-10-periodico-regional-pasto.jpg","contentUrl":"https:\/\/pagina10.com\/web\/wp-content\/uploads\/2024\/01\/40-pagina-10-periodico-regional-pasto.jpg","width":1280,"height":720,"caption":"P\u00e1gina10"},"image":{"@id":"https:\/\/pagina10.com\/web\/#\/schema\/logo\/image\/"},"sameAs":["https:\/\/www.facebook.com\/pag10com","https:\/\/x.com\/Pag10com","https:\/\/www.instagram.com\/pagina10col\/","https:\/\/youtube.com\/channel\/pag10","https:\/\/www.tiktok.com\/@p10col"]},{"@type":"Person","@id":"https:\/\/pagina10.com\/web\/#\/schema\/person\/2efc4a090d25b667d3bc796798a3a81b","name":"P\u00e1gina 10","description":"P\u00e1gina 10 es un peri\u00f3dico regional que nace en Colombia, en el departamento de Nari\u00f1o, con un enfoque global, fundamentado en cuatro pilares esenciales: la libertad, el pluralismo, la inclusi\u00f3n y la independencia. P\u00e1gina 10 hace referencia a Nari\u00f1o como el d\u00e9cimo departamento creado en Colombia, despu\u00e9s de un proceso pol\u00edtico liderado por actores y actrices regionales con el fin de obtener la independencia y autonom\u00eda de nuestros territorios. Con la creaci\u00f3n de P\u00e1gina 10 se pretende abrir un escenario para el dialogo, la reflexi\u00f3n y el debate que se extienda a otras geograf\u00edas de Am\u00e9rica Latina y del planeta, en una apuesta por transformar colectivamente los desaf\u00edos de un mundo contempor\u00e1neo, m\u00e1s all\u00e1 de las fronteras impuestas.","url":"https:\/\/pagina10.com\/web\/author\/pdiezadmin\/"}]}},"_links":{"self":[{"href":"https:\/\/pagina10.com\/web\/wp-json\/wp\/v2\/posts\/72622","targetHints":{"allow":["GET"]}}],"collection":[{"href":"https:\/\/pagina10.com\/web\/wp-json\/wp\/v2\/posts"}],"about":[{"href":"https:\/\/pagina10.com\/web\/wp-json\/wp\/v2\/types\/post"}],"author":[{"embeddable":true,"href":"https:\/\/pagina10.com\/web\/wp-json\/wp\/v2\/users\/1"}],"replies":[{"embeddable":true,"href":"https:\/\/pagina10.com\/web\/wp-json\/wp\/v2\/comments?post=72622"}],"version-history":[{"count":1,"href":"https:\/\/pagina10.com\/web\/wp-json\/wp\/v2\/posts\/72622\/revisions"}],"predecessor-version":[{"id":72724,"href":"https:\/\/pagina10.com\/web\/wp-json\/wp\/v2\/posts\/72622\/revisions\/72724"}],"wp:featuredmedia":[{"embeddable":true,"href":"https:\/\/pagina10.com\/web\/wp-json\/wp\/v2\/media\/72623"}],"wp:attachment":[{"href":"https:\/\/pagina10.com\/web\/wp-json\/wp\/v2\/media?parent=72622"}],"wp:term":[{"taxonomy":"category","embeddable":true,"href":"https:\/\/pagina10.com\/web\/wp-json\/wp\/v2\/categories?post=72622"},{"taxonomy":"post_tag","embeddable":true,"href":"https:\/\/pagina10.com\/web\/wp-json\/wp\/v2\/tags?post=72622"}],"curies":[{"name":"wp","href":"https:\/\/api.w.org\/{rel}","templated":true}]}}