{"id":72633,"date":"2024-01-17T17:38:59","date_gmt":"2024-01-17T22:38:59","guid":{"rendered":"https:\/\/pagina10.com\/web\/?p=71010"},"modified":"2024-01-17T17:38:59","modified_gmt":"2024-01-17T22:38:59","slug":"activistas-ambientales-lideran-campana-por-un-carnaval-de-pasto-sin-talco","status":"publish","type":"post","link":"https:\/\/pagina10.com\/web\/activistas-ambientales-lideran-campana-por-un-carnaval-de-pasto-sin-talco\/","title":{"rendered":"Activistas ambientales lideran campa\u00f1a por un carnaval de Pasto sin talco"},"content":{"rendered":"<p style=\"text-align: justify;\">Ana Lorena Caicedo, directora de la Fundaci\u00f3n Ecociudad y Luis Carlos Moncayo, director de la Fundaci\u00f3n Sol de Los Andes, <strong>han unido fuerzas en una campa\u00f1a para transformar el Carnaval de Negros y Blancos de Pasto en un evento m\u00e1s sostenible<\/strong>. La festividad m\u00e1s destacada del sur de Colombia, ha estado marcada por el uso de talco y carioca durante a\u00f1os, generando no solo una preocupante contaminaci\u00f3n ambiental, sino tambi\u00e9n afectando la salud de la comunidad.<\/p>\n<p style=\"text-align: justify;\"><strong>La presencia del talco en el Carnaval de Pasto no solo ha dejado calles desoladas tras la celebraci\u00f3n, sino que ha provocado problemas de salud y ambientales.<\/strong> Las part\u00edculas de talco, transportadas por el viento y el agua, afectan la fauna, la flora y contaminan fuentes de agua. Adem\u00e1s, al ser inhaladas, las part\u00edculas pueden causar afecciones respiratorias y problemas en la piel, afectando tanto a residentes como a la biodiversidad local.<\/p>\n<p style=\"text-align: justify;\">La campa\u00f1a <strong>busca la prohibici\u00f3n del uso del talco en el Carnaval 2025 y la adopci\u00f3n de medidas ambientales<\/strong> que preserven la esencia de esta celebraci\u00f3n, dada la imperativa necesidad de preservar los recursos naturales del ambiente y destaca, adicionalmente, el desperdicio de agua en la limpieza post-carnaval y busca concientizar sobre la necesidad de un cambio hacia pr\u00e1cticas m\u00e1s sostenibles.<\/p>\n<p style=\"text-align: justify;\">La petici\u00f3n, que podr\u00e1 firmar cualquier ciudadano, lleva un alcance de 3256 personas y est\u00e1 dirigida al Alcalde Nicol\u00e1s Toro, a la Gerencia de Corpocarnaval y a la Secretar\u00eda de Cultura Mar\u00eda Mercedes Figueroa, con el prop\u00f3sito de que las entidades responsables tomen medidas decisivas para proteger la salud y el entorno.<\/p>\n<p style=\"text-align: justify;\">La iniciativa busca no solo preservar la rica tradici\u00f3n cultural del Carnaval de Negros y Blancos, sino tambi\u00e9n posicionar a Pasto como ejemplo mundial en la adopci\u00f3n de pr\u00e1cticas m\u00e1s sostenibles en eventos culturales.<\/p>\n","protected":false},"excerpt":{"rendered":"<p>Ana Lorena Caicedo, directora de la Fundaci\u00f3n Ecociudad y Luis Carlos Moncayo, director de la Fundaci\u00f3n Sol de Los Andes, han unido fuerzas en una campa\u00f1a para transformar el Carnaval de Negros y Blancos de Pasto en un evento m\u00e1s sostenible. La festividad m\u00e1s destacada del sur de Colombia, ha estado marcada por el uso [&hellip;]<\/p>\n","protected":false},"author":1,"featured_media":72634,"comment_status":"open","ping_status":"open","sticky":false,"template":"","format":"standard","meta":{"footnotes":""},"categories":[94],"tags":[],"class_list":["post-72633","post","type-post","status-publish","format-standard","has-post-thumbnail","hentry","category-nacional-global-2"],"yoast_head":"<!-- This site is optimized with the Yoast SEO plugin v27.1.1 - https:\/\/yoast.com\/product\/yoast-seo-wordpress\/ -->\n<title>Activistas ambientales lideran campa\u00f1a por un carnaval de Pasto sin talco | P\u00e1gina10<\/title>\n<meta name=\"robots\" content=\"index, follow, max-snippet:-1, max-image-preview:large, max-video-preview:-1\" \/>\n<link rel=\"canonical\" href=\"https:\/\/pagina10.com\/web\/activistas-ambientales-lideran-campana-por-un-carnaval-de-pasto-sin-talco\/\" \/>\n<meta property=\"og:locale\" content=\"es_ES\" \/>\n<meta property=\"og:type\" content=\"article\" \/>\n<meta property=\"og:title\" content=\"Activistas ambientales lideran campa\u00f1a por un carnaval de Pasto sin talco | P\u00e1gina10\" \/>\n<meta property=\"og:description\" content=\"Ana Lorena Caicedo, directora de la Fundaci\u00f3n Ecociudad y Luis Carlos Moncayo, director de la Fundaci\u00f3n Sol de Los Andes, han unido fuerzas en una campa\u00f1a para transformar el Carnaval de Negros y Blancos de Pasto en un evento m\u00e1s sostenible. La festividad m\u00e1s destacada del sur de Colombia, ha estado marcada por el uso [&hellip;]\" \/>\n<meta property=\"og:url\" content=\"https:\/\/pagina10.com\/web\/activistas-ambientales-lideran-campana-por-un-carnaval-de-pasto-sin-talco\/\" \/>\n<meta property=\"og:site_name\" content=\"P\u00e1gina10\" \/>\n<meta property=\"article:publisher\" content=\"https:\/\/www.facebook.com\/pag10com\" \/>\n<meta property=\"article:published_time\" content=\"2024-01-17T22:38:59+00:00\" \/>\n<meta property=\"og:image\" content=\"https:\/\/pagina10.com\/web\/wp-content\/uploads\/2024\/01\/SNOW_20240117_173332_824.jpg\" \/>\n\t<meta property=\"og:image:width\" content=\"871\" \/>\n\t<meta property=\"og:image:height\" content=\"1152\" \/>\n\t<meta property=\"og:image:type\" content=\"image\/jpeg\" \/>\n<meta name=\"author\" content=\"P\u00e1gina 10\" \/>\n<meta name=\"twitter:card\" content=\"summary_large_image\" \/>\n<meta name=\"twitter:creator\" content=\"@Pag10com\" \/>\n<meta name=\"twitter:site\" content=\"@Pag10com\" \/>\n<meta name=\"twitter:label1\" content=\"Escrito por\" \/>\n\t<meta name=\"twitter:data1\" content=\"P\u00e1gina 10\" \/>\n\t<meta name=\"twitter:label2\" content=\"Tiempo de lectura\" \/>\n\t<meta name=\"twitter:data2\" content=\"2 minutos\" \/>\n<script type=\"application\/ld+json\" class=\"yoast-schema-graph\">{\"@context\":\"https:\/\/schema.org\",\"@graph\":[{\"@type\":\"Article\",\"@id\":\"https:\/\/pagina10.com\/web\/activistas-ambientales-lideran-campana-por-un-carnaval-de-pasto-sin-talco\/#article\",\"isPartOf\":{\"@id\":\"https:\/\/pagina10.com\/web\/activistas-ambientales-lideran-campana-por-un-carnaval-de-pasto-sin-talco\/\"},\"author\":{\"name\":\"P\u00e1gina 10\",\"@id\":\"https:\/\/pagina10.com\/web\/#\/schema\/person\/2efc4a090d25b667d3bc796798a3a81b\"},\"headline\":\"Activistas ambientales lideran campa\u00f1a por un carnaval de Pasto sin talco\",\"datePublished\":\"2024-01-17T22:38:59+00:00\",\"mainEntityOfPage\":{\"@id\":\"https:\/\/pagina10.com\/web\/activistas-ambientales-lideran-campana-por-un-carnaval-de-pasto-sin-talco\/\"},\"wordCount\":333,\"commentCount\":0,\"publisher\":{\"@id\":\"https:\/\/pagina10.com\/web\/#organization\"},\"image\":{\"@id\":\"https:\/\/pagina10.com\/web\/activistas-ambientales-lideran-campana-por-un-carnaval-de-pasto-sin-talco\/#primaryimage\"},\"thumbnailUrl\":\"https:\/\/pagina10.com\/web\/wp-content\/uploads\/2024\/01\/SNOW_20240117_173332_824.jpg\",\"articleSection\":[\"Nacional\"],\"inLanguage\":\"es\",\"potentialAction\":[{\"@type\":\"CommentAction\",\"name\":\"Comment\",\"target\":[\"https:\/\/pagina10.com\/web\/activistas-ambientales-lideran-campana-por-un-carnaval-de-pasto-sin-talco\/#respond\"]}]},{\"@type\":\"WebPage\",\"@id\":\"https:\/\/pagina10.com\/web\/activistas-ambientales-lideran-campana-por-un-carnaval-de-pasto-sin-talco\/\",\"url\":\"https:\/\/pagina10.com\/web\/activistas-ambientales-lideran-campana-por-un-carnaval-de-pasto-sin-talco\/\",\"name\":\"Activistas ambientales lideran campa\u00f1a por un carnaval de Pasto sin talco | P\u00e1gina10\",\"isPartOf\":{\"@id\":\"https:\/\/pagina10.com\/web\/#website\"},\"primaryImageOfPage\":{\"@id\":\"https:\/\/pagina10.com\/web\/activistas-ambientales-lideran-campana-por-un-carnaval-de-pasto-sin-talco\/#primaryimage\"},\"image\":{\"@id\":\"https:\/\/pagina10.com\/web\/activistas-ambientales-lideran-campana-por-un-carnaval-de-pasto-sin-talco\/#primaryimage\"},\"thumbnailUrl\":\"https:\/\/pagina10.com\/web\/wp-content\/uploads\/2024\/01\/SNOW_20240117_173332_824.jpg\",\"datePublished\":\"2024-01-17T22:38:59+00:00\",\"breadcrumb\":{\"@id\":\"https:\/\/pagina10.com\/web\/activistas-ambientales-lideran-campana-por-un-carnaval-de-pasto-sin-talco\/#breadcrumb\"},\"inLanguage\":\"es\",\"potentialAction\":[{\"@type\":\"ReadAction\",\"target\":[\"https:\/\/pagina10.com\/web\/activistas-ambientales-lideran-campana-por-un-carnaval-de-pasto-sin-talco\/\"]}]},{\"@type\":\"ImageObject\",\"inLanguage\":\"es\",\"@id\":\"https:\/\/pagina10.com\/web\/activistas-ambientales-lideran-campana-por-un-carnaval-de-pasto-sin-talco\/#primaryimage\",\"url\":\"https:\/\/pagina10.com\/web\/wp-content\/uploads\/2024\/01\/SNOW_20240117_173332_824.jpg\",\"contentUrl\":\"https:\/\/pagina10.com\/web\/wp-content\/uploads\/2024\/01\/SNOW_20240117_173332_824.jpg\",\"width\":871,\"height\":1152},{\"@type\":\"BreadcrumbList\",\"@id\":\"https:\/\/pagina10.com\/web\/activistas-ambientales-lideran-campana-por-un-carnaval-de-pasto-sin-talco\/#breadcrumb\",\"itemListElement\":[{\"@type\":\"ListItem\",\"position\":1,\"name\":\"Portada\",\"item\":\"https:\/\/pagina10.com\/web\/\"},{\"@type\":\"ListItem\",\"position\":2,\"name\":\"Activistas ambientales lideran campa\u00f1a por un carnaval de Pasto sin talco\"}]},{\"@type\":\"WebSite\",\"@id\":\"https:\/\/pagina10.com\/web\/#website\",\"url\":\"https:\/\/pagina10.com\/web\/\",\"name\":\"P\u00e1gina10\",\"description\":\"Peri\u00f3dico Regional\",\"publisher\":{\"@id\":\"https:\/\/pagina10.com\/web\/#organization\"},\"alternateName\":\"P\u00e1gina10 Peri\u00f3dico Regional\",\"potentialAction\":[{\"@type\":\"SearchAction\",\"target\":{\"@type\":\"EntryPoint\",\"urlTemplate\":\"https:\/\/pagina10.com\/web\/?s={search_term_string}\"},\"query-input\":{\"@type\":\"PropertyValueSpecification\",\"valueRequired\":true,\"valueName\":\"search_term_string\"}}],\"inLanguage\":\"es\"},{\"@type\":\"Organization\",\"@id\":\"https:\/\/pagina10.com\/web\/#organization\",\"name\":\"P\u00e1gina10\",\"alternateName\":\"P\u00e1gina10 Peri\u00f3dico Regional\",\"url\":\"https:\/\/pagina10.com\/web\/\",\"logo\":{\"@type\":\"ImageObject\",\"inLanguage\":\"es\",\"@id\":\"https:\/\/pagina10.com\/web\/#\/schema\/logo\/image\/\",\"url\":\"https:\/\/pagina10.com\/web\/wp-content\/uploads\/2024\/01\/40-pagina-10-periodico-regional-pasto.jpg\",\"contentUrl\":\"https:\/\/pagina10.com\/web\/wp-content\/uploads\/2024\/01\/40-pagina-10-periodico-regional-pasto.jpg\",\"width\":1280,\"height\":720,\"caption\":\"P\u00e1gina10\"},\"image\":{\"@id\":\"https:\/\/pagina10.com\/web\/#\/schema\/logo\/image\/\"},\"sameAs\":[\"https:\/\/www.facebook.com\/pag10com\",\"https:\/\/x.com\/Pag10com\",\"https:\/\/www.instagram.com\/pagina10col\/\",\"https:\/\/youtube.com\/channel\/pag10\",\"https:\/\/www.tiktok.com\/@p10col\"]},{\"@type\":\"Person\",\"@id\":\"https:\/\/pagina10.com\/web\/#\/schema\/person\/2efc4a090d25b667d3bc796798a3a81b\",\"name\":\"P\u00e1gina 10\",\"description\":\"P\u00e1gina 10 es un peri\u00f3dico regional que nace en Colombia, en el departamento de Nari\u00f1o, con un enfoque global, fundamentado en cuatro pilares esenciales: la libertad, el pluralismo, la inclusi\u00f3n y la independencia. P\u00e1gina 10 hace referencia a Nari\u00f1o como el d\u00e9cimo departamento creado en Colombia, despu\u00e9s de un proceso pol\u00edtico liderado por actores y actrices regionales con el fin de obtener la independencia y autonom\u00eda de nuestros territorios. Con la creaci\u00f3n de P\u00e1gina 10 se pretende abrir un escenario para el dialogo, la reflexi\u00f3n y el debate que se extienda a otras geograf\u00edas de Am\u00e9rica Latina y del planeta, en una apuesta por transformar colectivamente los desaf\u00edos de un mundo contempor\u00e1neo, m\u00e1s all\u00e1 de las fronteras impuestas.\",\"url\":\"https:\/\/pagina10.com\/web\/author\/pdiezadmin\/\"}]}<\/script>\n<!-- \/ Yoast SEO plugin. -->","yoast_head_json":{"title":"Activistas ambientales lideran campa\u00f1a por un carnaval de Pasto sin talco | P\u00e1gina10","robots":{"index":"index","follow":"follow","max-snippet":"max-snippet:-1","max-image-preview":"max-image-preview:large","max-video-preview":"max-video-preview:-1"},"canonical":"https:\/\/pagina10.com\/web\/activistas-ambientales-lideran-campana-por-un-carnaval-de-pasto-sin-talco\/","og_locale":"es_ES","og_type":"article","og_title":"Activistas ambientales lideran campa\u00f1a por un carnaval de Pasto sin talco | P\u00e1gina10","og_description":"Ana Lorena Caicedo, directora de la Fundaci\u00f3n Ecociudad y Luis Carlos Moncayo, director de la Fundaci\u00f3n Sol de Los Andes, han unido fuerzas en una campa\u00f1a para transformar el Carnaval de Negros y Blancos de Pasto en un evento m\u00e1s sostenible. La festividad m\u00e1s destacada del sur de Colombia, ha estado marcada por el uso [&hellip;]","og_url":"https:\/\/pagina10.com\/web\/activistas-ambientales-lideran-campana-por-un-carnaval-de-pasto-sin-talco\/","og_site_name":"P\u00e1gina10","article_publisher":"https:\/\/www.facebook.com\/pag10com","article_published_time":"2024-01-17T22:38:59+00:00","og_image":[{"width":871,"height":1152,"url":"https:\/\/pagina10.com\/web\/wp-content\/uploads\/2024\/01\/SNOW_20240117_173332_824.jpg","type":"image\/jpeg"}],"author":"P\u00e1gina 10","twitter_card":"summary_large_image","twitter_creator":"@Pag10com","twitter_site":"@Pag10com","twitter_misc":{"Escrito por":"P\u00e1gina 10","Tiempo de lectura":"2 minutos"},"schema":{"@context":"https:\/\/schema.org","@graph":[{"@type":"Article","@id":"https:\/\/pagina10.com\/web\/activistas-ambientales-lideran-campana-por-un-carnaval-de-pasto-sin-talco\/#article","isPartOf":{"@id":"https:\/\/pagina10.com\/web\/activistas-ambientales-lideran-campana-por-un-carnaval-de-pasto-sin-talco\/"},"author":{"name":"P\u00e1gina 10","@id":"https:\/\/pagina10.com\/web\/#\/schema\/person\/2efc4a090d25b667d3bc796798a3a81b"},"headline":"Activistas ambientales lideran campa\u00f1a por un carnaval de Pasto sin talco","datePublished":"2024-01-17T22:38:59+00:00","mainEntityOfPage":{"@id":"https:\/\/pagina10.com\/web\/activistas-ambientales-lideran-campana-por-un-carnaval-de-pasto-sin-talco\/"},"wordCount":333,"commentCount":0,"publisher":{"@id":"https:\/\/pagina10.com\/web\/#organization"},"image":{"@id":"https:\/\/pagina10.com\/web\/activistas-ambientales-lideran-campana-por-un-carnaval-de-pasto-sin-talco\/#primaryimage"},"thumbnailUrl":"https:\/\/pagina10.com\/web\/wp-content\/uploads\/2024\/01\/SNOW_20240117_173332_824.jpg","articleSection":["Nacional"],"inLanguage":"es","potentialAction":[{"@type":"CommentAction","name":"Comment","target":["https:\/\/pagina10.com\/web\/activistas-ambientales-lideran-campana-por-un-carnaval-de-pasto-sin-talco\/#respond"]}]},{"@type":"WebPage","@id":"https:\/\/pagina10.com\/web\/activistas-ambientales-lideran-campana-por-un-carnaval-de-pasto-sin-talco\/","url":"https:\/\/pagina10.com\/web\/activistas-ambientales-lideran-campana-por-un-carnaval-de-pasto-sin-talco\/","name":"Activistas ambientales lideran campa\u00f1a por un carnaval de Pasto sin talco | P\u00e1gina10","isPartOf":{"@id":"https:\/\/pagina10.com\/web\/#website"},"primaryImageOfPage":{"@id":"https:\/\/pagina10.com\/web\/activistas-ambientales-lideran-campana-por-un-carnaval-de-pasto-sin-talco\/#primaryimage"},"image":{"@id":"https:\/\/pagina10.com\/web\/activistas-ambientales-lideran-campana-por-un-carnaval-de-pasto-sin-talco\/#primaryimage"},"thumbnailUrl":"https:\/\/pagina10.com\/web\/wp-content\/uploads\/2024\/01\/SNOW_20240117_173332_824.jpg","datePublished":"2024-01-17T22:38:59+00:00","breadcrumb":{"@id":"https:\/\/pagina10.com\/web\/activistas-ambientales-lideran-campana-por-un-carnaval-de-pasto-sin-talco\/#breadcrumb"},"inLanguage":"es","potentialAction":[{"@type":"ReadAction","target":["https:\/\/pagina10.com\/web\/activistas-ambientales-lideran-campana-por-un-carnaval-de-pasto-sin-talco\/"]}]},{"@type":"ImageObject","inLanguage":"es","@id":"https:\/\/pagina10.com\/web\/activistas-ambientales-lideran-campana-por-un-carnaval-de-pasto-sin-talco\/#primaryimage","url":"https:\/\/pagina10.com\/web\/wp-content\/uploads\/2024\/01\/SNOW_20240117_173332_824.jpg","contentUrl":"https:\/\/pagina10.com\/web\/wp-content\/uploads\/2024\/01\/SNOW_20240117_173332_824.jpg","width":871,"height":1152},{"@type":"BreadcrumbList","@id":"https:\/\/pagina10.com\/web\/activistas-ambientales-lideran-campana-por-un-carnaval-de-pasto-sin-talco\/#breadcrumb","itemListElement":[{"@type":"ListItem","position":1,"name":"Portada","item":"https:\/\/pagina10.com\/web\/"},{"@type":"ListItem","position":2,"name":"Activistas ambientales lideran campa\u00f1a por un carnaval de Pasto sin talco"}]},{"@type":"WebSite","@id":"https:\/\/pagina10.com\/web\/#website","url":"https:\/\/pagina10.com\/web\/","name":"P\u00e1gina10","description":"Peri\u00f3dico Regional","publisher":{"@id":"https:\/\/pagina10.com\/web\/#organization"},"alternateName":"P\u00e1gina10 Peri\u00f3dico Regional","potentialAction":[{"@type":"SearchAction","target":{"@type":"EntryPoint","urlTemplate":"https:\/\/pagina10.com\/web\/?s={search_term_string}"},"query-input":{"@type":"PropertyValueSpecification","valueRequired":true,"valueName":"search_term_string"}}],"inLanguage":"es"},{"@type":"Organization","@id":"https:\/\/pagina10.com\/web\/#organization","name":"P\u00e1gina10","alternateName":"P\u00e1gina10 Peri\u00f3dico Regional","url":"https:\/\/pagina10.com\/web\/","logo":{"@type":"ImageObject","inLanguage":"es","@id":"https:\/\/pagina10.com\/web\/#\/schema\/logo\/image\/","url":"https:\/\/pagina10.com\/web\/wp-content\/uploads\/2024\/01\/40-pagina-10-periodico-regional-pasto.jpg","contentUrl":"https:\/\/pagina10.com\/web\/wp-content\/uploads\/2024\/01\/40-pagina-10-periodico-regional-pasto.jpg","width":1280,"height":720,"caption":"P\u00e1gina10"},"image":{"@id":"https:\/\/pagina10.com\/web\/#\/schema\/logo\/image\/"},"sameAs":["https:\/\/www.facebook.com\/pag10com","https:\/\/x.com\/Pag10com","https:\/\/www.instagram.com\/pagina10col\/","https:\/\/youtube.com\/channel\/pag10","https:\/\/www.tiktok.com\/@p10col"]},{"@type":"Person","@id":"https:\/\/pagina10.com\/web\/#\/schema\/person\/2efc4a090d25b667d3bc796798a3a81b","name":"P\u00e1gina 10","description":"P\u00e1gina 10 es un peri\u00f3dico regional que nace en Colombia, en el departamento de Nari\u00f1o, con un enfoque global, fundamentado en cuatro pilares esenciales: la libertad, el pluralismo, la inclusi\u00f3n y la independencia. P\u00e1gina 10 hace referencia a Nari\u00f1o como el d\u00e9cimo departamento creado en Colombia, despu\u00e9s de un proceso pol\u00edtico liderado por actores y actrices regionales con el fin de obtener la independencia y autonom\u00eda de nuestros territorios. Con la creaci\u00f3n de P\u00e1gina 10 se pretende abrir un escenario para el dialogo, la reflexi\u00f3n y el debate que se extienda a otras geograf\u00edas de Am\u00e9rica Latina y del planeta, en una apuesta por transformar colectivamente los desaf\u00edos de un mundo contempor\u00e1neo, m\u00e1s all\u00e1 de las fronteras impuestas.","url":"https:\/\/pagina10.com\/web\/author\/pdiezadmin\/"}]}},"_links":{"self":[{"href":"https:\/\/pagina10.com\/web\/wp-json\/wp\/v2\/posts\/72633","targetHints":{"allow":["GET"]}}],"collection":[{"href":"https:\/\/pagina10.com\/web\/wp-json\/wp\/v2\/posts"}],"about":[{"href":"https:\/\/pagina10.com\/web\/wp-json\/wp\/v2\/types\/post"}],"author":[{"embeddable":true,"href":"https:\/\/pagina10.com\/web\/wp-json\/wp\/v2\/users\/1"}],"replies":[{"embeddable":true,"href":"https:\/\/pagina10.com\/web\/wp-json\/wp\/v2\/comments?post=72633"}],"version-history":[{"count":0,"href":"https:\/\/pagina10.com\/web\/wp-json\/wp\/v2\/posts\/72633\/revisions"}],"wp:featuredmedia":[{"embeddable":true,"href":"https:\/\/pagina10.com\/web\/wp-json\/wp\/v2\/media\/72634"}],"wp:attachment":[{"href":"https:\/\/pagina10.com\/web\/wp-json\/wp\/v2\/media?parent=72633"}],"wp:term":[{"taxonomy":"category","embeddable":true,"href":"https:\/\/pagina10.com\/web\/wp-json\/wp\/v2\/categories?post=72633"},{"taxonomy":"post_tag","embeddable":true,"href":"https:\/\/pagina10.com\/web\/wp-json\/wp\/v2\/tags?post=72633"}],"curies":[{"name":"wp","href":"https:\/\/api.w.org\/{rel}","templated":true}]}}