{"id":72699,"date":"2024-01-23T19:53:21","date_gmt":"2024-01-24T00:53:21","guid":{"rendered":"https:\/\/pagina10.com\/web\/?p=72699"},"modified":"2024-01-23T19:53:21","modified_gmt":"2024-01-24T00:53:21","slug":"subsidio-de-renta-ciudadana-estara-disponible-en-2024","status":"publish","type":"post","link":"https:\/\/pagina10.com\/web\/subsidio-de-renta-ciudadana-estara-disponible-en-2024\/","title":{"rendered":"Subsidio de Renta Ciudadana estar\u00e1 disponible en 2024"},"content":{"rendered":"<p style=\"text-align: justify;\">Prosperidad Social revel\u00f3 las reglas para acceder al programa de Renta Ciudadana en este a\u00f1o, un programa impulsado por el gobierno nacional que busca combatir la pobreza. La Renta Ciudadana pretende, adem\u00e1s de ser un subsidio, contribuir a la superaci\u00f3n de la pobreza, fomentar la movilidad social y fortalecer la econom\u00eda popular y comunitaria en todos los departamentos y municipios del pa\u00eds.<\/p>\n<p style=\"text-align: justify;\">El programa se enfocar\u00e1 en hogares en situaci\u00f3n de pobreza extrema, especialmente aquellos con jefatura monoparental y presencia de ni\u00f1os menores de 6 a\u00f1os, as\u00ed como hogares en pobreza extrema que cuenten con personas en discapacidad. La focalizaci\u00f3n se realizar\u00e1 a trav\u00e9s de datos del Departamento Nacional de Planeaci\u00f3n, el programa del Sisb\u00e9n y listados de poblaci\u00f3n ind\u00edgena.<\/p>\n<p style=\"text-align: justify;\">Aunque el proceso de selecci\u00f3n se revisar\u00e1 cada seis meses para asegurar la eficiencia y contar\u00e1 con un componente comunitario que fortalecer\u00e1 las capacidades individuales y colectivas, as\u00ed como el desarrollo de liderazgos locales y la participaci\u00f3n social, abordando no solo la asistencia econ\u00f3mica, sino tambi\u00e9n la inclusi\u00f3n social y productiva.<\/p>\n","protected":false},"excerpt":{"rendered":"<p>Prosperidad Social revel\u00f3 las reglas para acceder al programa de Renta Ciudadana en este a\u00f1o, un programa impulsado por el gobierno nacional que busca combatir la pobreza. La Renta Ciudadana pretende, adem\u00e1s de ser un subsidio, contribuir a la superaci\u00f3n de la pobreza, fomentar la movilidad social y fortalecer la econom\u00eda popular y comunitaria en [&hellip;]<\/p>\n","protected":false},"author":1,"featured_media":72701,"comment_status":"open","ping_status":"open","sticky":false,"template":"","format":"standard","meta":{"footnotes":""},"categories":[94],"tags":[],"class_list":["post-72699","post","type-post","status-publish","format-standard","has-post-thumbnail","hentry","category-nacional-global-2"],"yoast_head":"<!-- This site is optimized with the Yoast SEO plugin v27.1.1 - https:\/\/yoast.com\/product\/yoast-seo-wordpress\/ -->\n<title>Subsidio de Renta Ciudadana estar\u00e1 disponible en 2024 | P\u00e1gina10<\/title>\n<meta name=\"robots\" content=\"index, follow, max-snippet:-1, max-image-preview:large, max-video-preview:-1\" \/>\n<link rel=\"canonical\" href=\"https:\/\/pagina10.com\/web\/subsidio-de-renta-ciudadana-estara-disponible-en-2024\/\" \/>\n<meta property=\"og:locale\" content=\"es_ES\" \/>\n<meta property=\"og:type\" content=\"article\" \/>\n<meta property=\"og:title\" content=\"Subsidio de Renta Ciudadana estar\u00e1 disponible en 2024 | P\u00e1gina10\" \/>\n<meta property=\"og:description\" content=\"Prosperidad Social revel\u00f3 las reglas para acceder al programa de Renta Ciudadana en este a\u00f1o, un programa impulsado por el gobierno nacional que busca combatir la pobreza. La Renta Ciudadana pretende, adem\u00e1s de ser un subsidio, contribuir a la superaci\u00f3n de la pobreza, fomentar la movilidad social y fortalecer la econom\u00eda popular y comunitaria en [&hellip;]\" \/>\n<meta property=\"og:url\" content=\"https:\/\/pagina10.com\/web\/subsidio-de-renta-ciudadana-estara-disponible-en-2024\/\" \/>\n<meta property=\"og:site_name\" content=\"P\u00e1gina10\" \/>\n<meta property=\"article:publisher\" content=\"https:\/\/www.facebook.com\/pag10com\" \/>\n<meta property=\"article:published_time\" content=\"2024-01-24T00:53:21+00:00\" \/>\n<meta property=\"og:image\" content=\"https:\/\/pagina10.com\/web\/wp-content\/uploads\/2024\/01\/dinero-colombia.jpg\" \/>\n\t<meta property=\"og:image:width\" content=\"720\" \/>\n\t<meta property=\"og:image:height\" content=\"420\" \/>\n\t<meta property=\"og:image:type\" content=\"image\/jpeg\" \/>\n<meta name=\"author\" content=\"P\u00e1gina 10\" \/>\n<meta name=\"twitter:card\" content=\"summary_large_image\" \/>\n<meta name=\"twitter:creator\" content=\"@Pag10com\" \/>\n<meta name=\"twitter:site\" content=\"@Pag10com\" \/>\n<meta name=\"twitter:label1\" content=\"Escrito por\" \/>\n\t<meta name=\"twitter:data1\" content=\"P\u00e1gina 10\" \/>\n\t<meta name=\"twitter:label2\" content=\"Tiempo de lectura\" \/>\n\t<meta name=\"twitter:data2\" content=\"1 minuto\" \/>\n<script type=\"application\/ld+json\" class=\"yoast-schema-graph\">{\"@context\":\"https:\/\/schema.org\",\"@graph\":[{\"@type\":\"Article\",\"@id\":\"https:\/\/pagina10.com\/web\/subsidio-de-renta-ciudadana-estara-disponible-en-2024\/#article\",\"isPartOf\":{\"@id\":\"https:\/\/pagina10.com\/web\/subsidio-de-renta-ciudadana-estara-disponible-en-2024\/\"},\"author\":{\"name\":\"P\u00e1gina 10\",\"@id\":\"https:\/\/pagina10.com\/web\/#\/schema\/person\/2efc4a090d25b667d3bc796798a3a81b\"},\"headline\":\"Subsidio de Renta Ciudadana estar\u00e1 disponible en 2024\",\"datePublished\":\"2024-01-24T00:53:21+00:00\",\"mainEntityOfPage\":{\"@id\":\"https:\/\/pagina10.com\/web\/subsidio-de-renta-ciudadana-estara-disponible-en-2024\/\"},\"wordCount\":196,\"commentCount\":0,\"publisher\":{\"@id\":\"https:\/\/pagina10.com\/web\/#organization\"},\"image\":{\"@id\":\"https:\/\/pagina10.com\/web\/subsidio-de-renta-ciudadana-estara-disponible-en-2024\/#primaryimage\"},\"thumbnailUrl\":\"https:\/\/pagina10.com\/web\/wp-content\/uploads\/2024\/01\/dinero-colombia.jpg\",\"articleSection\":[\"Nacional\"],\"inLanguage\":\"es\",\"potentialAction\":[{\"@type\":\"CommentAction\",\"name\":\"Comment\",\"target\":[\"https:\/\/pagina10.com\/web\/subsidio-de-renta-ciudadana-estara-disponible-en-2024\/#respond\"]}]},{\"@type\":\"WebPage\",\"@id\":\"https:\/\/pagina10.com\/web\/subsidio-de-renta-ciudadana-estara-disponible-en-2024\/\",\"url\":\"https:\/\/pagina10.com\/web\/subsidio-de-renta-ciudadana-estara-disponible-en-2024\/\",\"name\":\"Subsidio de Renta Ciudadana estar\u00e1 disponible en 2024 | P\u00e1gina10\",\"isPartOf\":{\"@id\":\"https:\/\/pagina10.com\/web\/#website\"},\"primaryImageOfPage\":{\"@id\":\"https:\/\/pagina10.com\/web\/subsidio-de-renta-ciudadana-estara-disponible-en-2024\/#primaryimage\"},\"image\":{\"@id\":\"https:\/\/pagina10.com\/web\/subsidio-de-renta-ciudadana-estara-disponible-en-2024\/#primaryimage\"},\"thumbnailUrl\":\"https:\/\/pagina10.com\/web\/wp-content\/uploads\/2024\/01\/dinero-colombia.jpg\",\"datePublished\":\"2024-01-24T00:53:21+00:00\",\"breadcrumb\":{\"@id\":\"https:\/\/pagina10.com\/web\/subsidio-de-renta-ciudadana-estara-disponible-en-2024\/#breadcrumb\"},\"inLanguage\":\"es\",\"potentialAction\":[{\"@type\":\"ReadAction\",\"target\":[\"https:\/\/pagina10.com\/web\/subsidio-de-renta-ciudadana-estara-disponible-en-2024\/\"]}]},{\"@type\":\"ImageObject\",\"inLanguage\":\"es\",\"@id\":\"https:\/\/pagina10.com\/web\/subsidio-de-renta-ciudadana-estara-disponible-en-2024\/#primaryimage\",\"url\":\"https:\/\/pagina10.com\/web\/wp-content\/uploads\/2024\/01\/dinero-colombia.jpg\",\"contentUrl\":\"https:\/\/pagina10.com\/web\/wp-content\/uploads\/2024\/01\/dinero-colombia.jpg\",\"width\":720,\"height\":420},{\"@type\":\"BreadcrumbList\",\"@id\":\"https:\/\/pagina10.com\/web\/subsidio-de-renta-ciudadana-estara-disponible-en-2024\/#breadcrumb\",\"itemListElement\":[{\"@type\":\"ListItem\",\"position\":1,\"name\":\"Portada\",\"item\":\"https:\/\/pagina10.com\/web\/\"},{\"@type\":\"ListItem\",\"position\":2,\"name\":\"Subsidio de Renta Ciudadana estar\u00e1 disponible en 2024\"}]},{\"@type\":\"WebSite\",\"@id\":\"https:\/\/pagina10.com\/web\/#website\",\"url\":\"https:\/\/pagina10.com\/web\/\",\"name\":\"P\u00e1gina10\",\"description\":\"Peri\u00f3dico Regional\",\"publisher\":{\"@id\":\"https:\/\/pagina10.com\/web\/#organization\"},\"alternateName\":\"P\u00e1gina10 Peri\u00f3dico Regional\",\"potentialAction\":[{\"@type\":\"SearchAction\",\"target\":{\"@type\":\"EntryPoint\",\"urlTemplate\":\"https:\/\/pagina10.com\/web\/?s={search_term_string}\"},\"query-input\":{\"@type\":\"PropertyValueSpecification\",\"valueRequired\":true,\"valueName\":\"search_term_string\"}}],\"inLanguage\":\"es\"},{\"@type\":\"Organization\",\"@id\":\"https:\/\/pagina10.com\/web\/#organization\",\"name\":\"P\u00e1gina10\",\"alternateName\":\"P\u00e1gina10 Peri\u00f3dico Regional\",\"url\":\"https:\/\/pagina10.com\/web\/\",\"logo\":{\"@type\":\"ImageObject\",\"inLanguage\":\"es\",\"@id\":\"https:\/\/pagina10.com\/web\/#\/schema\/logo\/image\/\",\"url\":\"https:\/\/pagina10.com\/web\/wp-content\/uploads\/2024\/01\/40-pagina-10-periodico-regional-pasto.jpg\",\"contentUrl\":\"https:\/\/pagina10.com\/web\/wp-content\/uploads\/2024\/01\/40-pagina-10-periodico-regional-pasto.jpg\",\"width\":1280,\"height\":720,\"caption\":\"P\u00e1gina10\"},\"image\":{\"@id\":\"https:\/\/pagina10.com\/web\/#\/schema\/logo\/image\/\"},\"sameAs\":[\"https:\/\/www.facebook.com\/pag10com\",\"https:\/\/x.com\/Pag10com\",\"https:\/\/www.instagram.com\/pagina10col\/\",\"https:\/\/youtube.com\/channel\/pag10\",\"https:\/\/www.tiktok.com\/@p10col\"]},{\"@type\":\"Person\",\"@id\":\"https:\/\/pagina10.com\/web\/#\/schema\/person\/2efc4a090d25b667d3bc796798a3a81b\",\"name\":\"P\u00e1gina 10\",\"description\":\"P\u00e1gina 10 es un peri\u00f3dico regional que nace en Colombia, en el departamento de Nari\u00f1o, con un enfoque global, fundamentado en cuatro pilares esenciales: la libertad, el pluralismo, la inclusi\u00f3n y la independencia. P\u00e1gina 10 hace referencia a Nari\u00f1o como el d\u00e9cimo departamento creado en Colombia, despu\u00e9s de un proceso pol\u00edtico liderado por actores y actrices regionales con el fin de obtener la independencia y autonom\u00eda de nuestros territorios. Con la creaci\u00f3n de P\u00e1gina 10 se pretende abrir un escenario para el dialogo, la reflexi\u00f3n y el debate que se extienda a otras geograf\u00edas de Am\u00e9rica Latina y del planeta, en una apuesta por transformar colectivamente los desaf\u00edos de un mundo contempor\u00e1neo, m\u00e1s all\u00e1 de las fronteras impuestas.\",\"url\":\"https:\/\/pagina10.com\/web\/author\/pdiezadmin\/\"}]}<\/script>\n<!-- \/ Yoast SEO plugin. -->","yoast_head_json":{"title":"Subsidio de Renta Ciudadana estar\u00e1 disponible en 2024 | P\u00e1gina10","robots":{"index":"index","follow":"follow","max-snippet":"max-snippet:-1","max-image-preview":"max-image-preview:large","max-video-preview":"max-video-preview:-1"},"canonical":"https:\/\/pagina10.com\/web\/subsidio-de-renta-ciudadana-estara-disponible-en-2024\/","og_locale":"es_ES","og_type":"article","og_title":"Subsidio de Renta Ciudadana estar\u00e1 disponible en 2024 | P\u00e1gina10","og_description":"Prosperidad Social revel\u00f3 las reglas para acceder al programa de Renta Ciudadana en este a\u00f1o, un programa impulsado por el gobierno nacional que busca combatir la pobreza. La Renta Ciudadana pretende, adem\u00e1s de ser un subsidio, contribuir a la superaci\u00f3n de la pobreza, fomentar la movilidad social y fortalecer la econom\u00eda popular y comunitaria en [&hellip;]","og_url":"https:\/\/pagina10.com\/web\/subsidio-de-renta-ciudadana-estara-disponible-en-2024\/","og_site_name":"P\u00e1gina10","article_publisher":"https:\/\/www.facebook.com\/pag10com","article_published_time":"2024-01-24T00:53:21+00:00","og_image":[{"width":720,"height":420,"url":"https:\/\/pagina10.com\/web\/wp-content\/uploads\/2024\/01\/dinero-colombia.jpg","type":"image\/jpeg"}],"author":"P\u00e1gina 10","twitter_card":"summary_large_image","twitter_creator":"@Pag10com","twitter_site":"@Pag10com","twitter_misc":{"Escrito por":"P\u00e1gina 10","Tiempo de lectura":"1 minuto"},"schema":{"@context":"https:\/\/schema.org","@graph":[{"@type":"Article","@id":"https:\/\/pagina10.com\/web\/subsidio-de-renta-ciudadana-estara-disponible-en-2024\/#article","isPartOf":{"@id":"https:\/\/pagina10.com\/web\/subsidio-de-renta-ciudadana-estara-disponible-en-2024\/"},"author":{"name":"P\u00e1gina 10","@id":"https:\/\/pagina10.com\/web\/#\/schema\/person\/2efc4a090d25b667d3bc796798a3a81b"},"headline":"Subsidio de Renta Ciudadana estar\u00e1 disponible en 2024","datePublished":"2024-01-24T00:53:21+00:00","mainEntityOfPage":{"@id":"https:\/\/pagina10.com\/web\/subsidio-de-renta-ciudadana-estara-disponible-en-2024\/"},"wordCount":196,"commentCount":0,"publisher":{"@id":"https:\/\/pagina10.com\/web\/#organization"},"image":{"@id":"https:\/\/pagina10.com\/web\/subsidio-de-renta-ciudadana-estara-disponible-en-2024\/#primaryimage"},"thumbnailUrl":"https:\/\/pagina10.com\/web\/wp-content\/uploads\/2024\/01\/dinero-colombia.jpg","articleSection":["Nacional"],"inLanguage":"es","potentialAction":[{"@type":"CommentAction","name":"Comment","target":["https:\/\/pagina10.com\/web\/subsidio-de-renta-ciudadana-estara-disponible-en-2024\/#respond"]}]},{"@type":"WebPage","@id":"https:\/\/pagina10.com\/web\/subsidio-de-renta-ciudadana-estara-disponible-en-2024\/","url":"https:\/\/pagina10.com\/web\/subsidio-de-renta-ciudadana-estara-disponible-en-2024\/","name":"Subsidio de Renta Ciudadana estar\u00e1 disponible en 2024 | P\u00e1gina10","isPartOf":{"@id":"https:\/\/pagina10.com\/web\/#website"},"primaryImageOfPage":{"@id":"https:\/\/pagina10.com\/web\/subsidio-de-renta-ciudadana-estara-disponible-en-2024\/#primaryimage"},"image":{"@id":"https:\/\/pagina10.com\/web\/subsidio-de-renta-ciudadana-estara-disponible-en-2024\/#primaryimage"},"thumbnailUrl":"https:\/\/pagina10.com\/web\/wp-content\/uploads\/2024\/01\/dinero-colombia.jpg","datePublished":"2024-01-24T00:53:21+00:00","breadcrumb":{"@id":"https:\/\/pagina10.com\/web\/subsidio-de-renta-ciudadana-estara-disponible-en-2024\/#breadcrumb"},"inLanguage":"es","potentialAction":[{"@type":"ReadAction","target":["https:\/\/pagina10.com\/web\/subsidio-de-renta-ciudadana-estara-disponible-en-2024\/"]}]},{"@type":"ImageObject","inLanguage":"es","@id":"https:\/\/pagina10.com\/web\/subsidio-de-renta-ciudadana-estara-disponible-en-2024\/#primaryimage","url":"https:\/\/pagina10.com\/web\/wp-content\/uploads\/2024\/01\/dinero-colombia.jpg","contentUrl":"https:\/\/pagina10.com\/web\/wp-content\/uploads\/2024\/01\/dinero-colombia.jpg","width":720,"height":420},{"@type":"BreadcrumbList","@id":"https:\/\/pagina10.com\/web\/subsidio-de-renta-ciudadana-estara-disponible-en-2024\/#breadcrumb","itemListElement":[{"@type":"ListItem","position":1,"name":"Portada","item":"https:\/\/pagina10.com\/web\/"},{"@type":"ListItem","position":2,"name":"Subsidio de Renta Ciudadana estar\u00e1 disponible en 2024"}]},{"@type":"WebSite","@id":"https:\/\/pagina10.com\/web\/#website","url":"https:\/\/pagina10.com\/web\/","name":"P\u00e1gina10","description":"Peri\u00f3dico Regional","publisher":{"@id":"https:\/\/pagina10.com\/web\/#organization"},"alternateName":"P\u00e1gina10 Peri\u00f3dico Regional","potentialAction":[{"@type":"SearchAction","target":{"@type":"EntryPoint","urlTemplate":"https:\/\/pagina10.com\/web\/?s={search_term_string}"},"query-input":{"@type":"PropertyValueSpecification","valueRequired":true,"valueName":"search_term_string"}}],"inLanguage":"es"},{"@type":"Organization","@id":"https:\/\/pagina10.com\/web\/#organization","name":"P\u00e1gina10","alternateName":"P\u00e1gina10 Peri\u00f3dico Regional","url":"https:\/\/pagina10.com\/web\/","logo":{"@type":"ImageObject","inLanguage":"es","@id":"https:\/\/pagina10.com\/web\/#\/schema\/logo\/image\/","url":"https:\/\/pagina10.com\/web\/wp-content\/uploads\/2024\/01\/40-pagina-10-periodico-regional-pasto.jpg","contentUrl":"https:\/\/pagina10.com\/web\/wp-content\/uploads\/2024\/01\/40-pagina-10-periodico-regional-pasto.jpg","width":1280,"height":720,"caption":"P\u00e1gina10"},"image":{"@id":"https:\/\/pagina10.com\/web\/#\/schema\/logo\/image\/"},"sameAs":["https:\/\/www.facebook.com\/pag10com","https:\/\/x.com\/Pag10com","https:\/\/www.instagram.com\/pagina10col\/","https:\/\/youtube.com\/channel\/pag10","https:\/\/www.tiktok.com\/@p10col"]},{"@type":"Person","@id":"https:\/\/pagina10.com\/web\/#\/schema\/person\/2efc4a090d25b667d3bc796798a3a81b","name":"P\u00e1gina 10","description":"P\u00e1gina 10 es un peri\u00f3dico regional que nace en Colombia, en el departamento de Nari\u00f1o, con un enfoque global, fundamentado en cuatro pilares esenciales: la libertad, el pluralismo, la inclusi\u00f3n y la independencia. P\u00e1gina 10 hace referencia a Nari\u00f1o como el d\u00e9cimo departamento creado en Colombia, despu\u00e9s de un proceso pol\u00edtico liderado por actores y actrices regionales con el fin de obtener la independencia y autonom\u00eda de nuestros territorios. Con la creaci\u00f3n de P\u00e1gina 10 se pretende abrir un escenario para el dialogo, la reflexi\u00f3n y el debate que se extienda a otras geograf\u00edas de Am\u00e9rica Latina y del planeta, en una apuesta por transformar colectivamente los desaf\u00edos de un mundo contempor\u00e1neo, m\u00e1s all\u00e1 de las fronteras impuestas.","url":"https:\/\/pagina10.com\/web\/author\/pdiezadmin\/"}]}},"_links":{"self":[{"href":"https:\/\/pagina10.com\/web\/wp-json\/wp\/v2\/posts\/72699","targetHints":{"allow":["GET"]}}],"collection":[{"href":"https:\/\/pagina10.com\/web\/wp-json\/wp\/v2\/posts"}],"about":[{"href":"https:\/\/pagina10.com\/web\/wp-json\/wp\/v2\/types\/post"}],"author":[{"embeddable":true,"href":"https:\/\/pagina10.com\/web\/wp-json\/wp\/v2\/users\/1"}],"replies":[{"embeddable":true,"href":"https:\/\/pagina10.com\/web\/wp-json\/wp\/v2\/comments?post=72699"}],"version-history":[{"count":1,"href":"https:\/\/pagina10.com\/web\/wp-json\/wp\/v2\/posts\/72699\/revisions"}],"predecessor-version":[{"id":72700,"href":"https:\/\/pagina10.com\/web\/wp-json\/wp\/v2\/posts\/72699\/revisions\/72700"}],"wp:featuredmedia":[{"embeddable":true,"href":"https:\/\/pagina10.com\/web\/wp-json\/wp\/v2\/media\/72701"}],"wp:attachment":[{"href":"https:\/\/pagina10.com\/web\/wp-json\/wp\/v2\/media?parent=72699"}],"wp:term":[{"taxonomy":"category","embeddable":true,"href":"https:\/\/pagina10.com\/web\/wp-json\/wp\/v2\/categories?post=72699"},{"taxonomy":"post_tag","embeddable":true,"href":"https:\/\/pagina10.com\/web\/wp-json\/wp\/v2\/tags?post=72699"}],"curies":[{"name":"wp","href":"https:\/\/api.w.org\/{rel}","templated":true}]}}