{"id":7811,"date":"2014-04-29T02:00:00","date_gmt":"2014-04-29T02:00:00","guid":{"rendered":"https:\/\/pagina10.com\/web\/las-mentiras-de-internet\/"},"modified":"2014-04-29T02:00:00","modified_gmt":"2014-04-29T02:00:00","slug":"las-mentiras-de-internet","status":"publish","type":"post","link":"https:\/\/pagina10.com\/web\/las-mentiras-de-internet\/","title":{"rendered":"Las mentiras de internet"},"content":{"rendered":"<p><img fetchpriority=\"high\" decoding=\"async\" class=\" size-full wp-image-7810\" src=\"https:\/\/pagina10.com\/web\/wp-content\/uploads\/2014\/04\/04b63505508cdcb76edb759a2da6e079.jpg\" alt=\"Fotograf\u00eda: Diego Rodr\u00edguez\" width=\"960\" height=\"631\" srcset=\"https:\/\/pagina10.com\/web\/wp-content\/uploads\/2014\/04\/04b63505508cdcb76edb759a2da6e079.jpg 960w, https:\/\/pagina10.com\/web\/wp-content\/uploads\/2014\/04\/04b63505508cdcb76edb759a2da6e079-300x197.jpg 300w, https:\/\/pagina10.com\/web\/wp-content\/uploads\/2014\/04\/04b63505508cdcb76edb759a2da6e079-768x505.jpg 768w\" sizes=\"(max-width: 960px) 100vw, 960px\" \/><\/p>\n<p style=\"text-align: justify;\">En internet se encuentra de todo como en botica, y al gusto del usuario. Pero la confiabilidad de que eso sea cierto es algo que hay que pensarlo muy bien. Todo el mundo puede subir a la nube videos, textos, documentos, fotograf\u00edas del tema que se le antoje, pero no quiere decir que eso sea real.<\/p>\n<p>  <!--more-->  <\/p>\n<p style=\"text-align: justify;\">&nbsp;Los portales que ofrecen servicios de consulta cient\u00edfica y m\u00e9dica siempre tienen un aviso &nbsp;que dice que la informaci\u00f3n contenida en ese sitio es un apoyo que no reemplaza al facultativo o al criterio cient\u00edfico.<\/p>\n<p style=\"text-align: justify;\">&nbsp;<\/p>\n<p style=\"text-align: justify;\">Sin embargo, diariamente nos vemos bombardeados por una cantidad de informaci\u00f3n ficticia que genera gran impacto y estremece la sensibilidad del usuario. En un video aparecen algunas escenas crueles: el sacrificio de animales. Se alcanza a observar una factor\u00eda donde procesan carne, pero no se clarifica con qu\u00e9 prop\u00f3sito. Lo inquietante est\u00e1 en que a la m\u00e1quina trituradora le depositan animales muertos y vivos con la ayuda de una retroexcavadora.<\/p>\n<p style=\"text-align: justify;\">&nbsp;<\/p>\n<p style=\"text-align: justify;\">As\u00ed de sencillo, animales como marranos, cabras, vacas son ubicados en el recept\u00e1culo que los tritura en segundos. Con todo: cuernos, cuero, huesos, heces fecales, intestinos y sin haber sido lavados previamente. Para atraer la curiosidad de los navegantes le ponen un sugestivo t\u00edtulo de \u2018Mire c\u00f3mo se preparan las hamburguesas de Mc Donald\u2019s\u2019.<\/p>\n<p style=\"text-align: justify;\">&nbsp;<\/p>\n<p style=\"text-align: justify;\">No tengo inclinaci\u00f3n por ese tipo de comidas r\u00e1pidas pero tampoco creo que lo que se muestra en el video, y que produce escalofr\u00edo ver como unos animales se resisten al sacrificio y a la infalible sierra, sea una factor\u00eda de comidas para consumo humano; m\u00e1s bien creer\u00eda que es una productora de abonos o de alimentos para animales. Pero la red es la red, y aguanta todo.<\/p>\n<p style=\"text-align: justify;\">&nbsp;<\/p>\n<p style=\"text-align: justify;\">De igual manera, nos encontramos con casos de ni\u00f1os con enfermedades graves con desfiguraciones en el&nbsp; rostro y en el cuerpo y para el cual solicitan la colaboraci\u00f3n econ\u00f3mica puesto que \u201ces hijo de un compa\u00f1ero de trabajo\u201d, sin precisar donde trabaja. S\u00f3lo se les antoj\u00f3 darle reenviar por la sensibilidad que despiertan los ni\u00f1os.<\/p>\n<p style=\"text-align: justify;\">&nbsp;<\/p>\n<p style=\"text-align: justify;\">Lo cierto es que esos mensajes \u201ccaritativos\u201d le dan la vuelta al mundo y vuelven a llegar con argumentos de tipo religioso o que el operador de internet har\u00e1 una donaci\u00f3n por n\u00famero de usuario con los que compartas.<\/p>\n<p style=\"text-align: justify;\">&nbsp;<\/p>\n<p style=\"text-align: justify;\">En cuesti\u00f3n de documentos tambi\u00e9n ocurre lo mismo, hay personas que con el prop\u00f3sito de llamar la atenci\u00f3n se han dedicado a colgar en la red informaci\u00f3n m\u00e9dica que no est\u00e1 avalada por ning\u00fan organismo certificado o facultado para tal prop\u00f3sito, pero de verdad que logran conmover y horrorizar.<\/p>\n<p style=\"text-align: justify;\">&nbsp;<\/p>\n<p style=\"text-align: justify;\">He le\u00eddo varios documentos de ese tipo que se est\u00e1n distribuyendo masivamente por el internet y no encuentro la seriedad y el fondo cient\u00edfico que amerita una cosa tan delicada como la salud p\u00fablica. Al respecto, se pronunciaron los organismos competentes, &nbsp;en Colombia el Ministerio de Salud y a nivel internacional, la Organizaci\u00f3n Mundial de la Salud \u2013OMS-, organismo adscrito a ONU, quienes garantizaron que el procedimiento que se hace con respecto a la vacunaci\u00f3n contra el virus del papiloma humano es el id\u00f3neo.<\/p>\n<p style=\"text-align: justify;\">&nbsp;<\/p>\n<p style=\"text-align: justify;\">El problema, sobre este \u00faltimo caso, radica en que quienes refutan la vacuna no tienen argumentos de fondo, ni tampoco se puede decir que sea totalmente inocua. Toda vacunaci\u00f3n masiva tiene efectos colaterales; generar alarma por algo sin fundamento es producir una epidemia de verdad.<\/p>\n<p style=\"text-align: justify;\">&nbsp;<\/p>\n<p style=\"text-align: justify;\">Sabemos que el 80 por ciento de lo que se carga en la nube no es informaci\u00f3n veraz. Es por ello que llamamos a la prudencia y a indagar con personal m\u00e9dico, cuando de casos de salud se trate. No todo lo que brilla es oro, ni todo lo que se publica en internet es verdad.&nbsp;&nbsp;<\/p>\n","protected":false},"excerpt":{"rendered":"<p>En internet se encuentra de todo como en botica, y al gusto del usuario. Pero la confiabilidad de que eso sea cierto es algo que hay que pensarlo muy bien. Todo el mundo puede subir a la nube videos, textos, documentos, fotograf\u00edas del tema que se le antoje, pero no quiere decir que eso sea [&hellip;]<\/p>\n","protected":false},"author":65,"featured_media":7809,"comment_status":"open","ping_status":"open","sticky":false,"template":"","format":"standard","meta":{"footnotes":""},"categories":[83],"tags":[],"class_list":["post-7811","post","type-post","status-publish","format-standard","has-post-thumbnail","hentry","category-innovacion-2"],"yoast_head":"<!-- This site is optimized with the Yoast SEO plugin v27.1.1 - https:\/\/yoast.com\/product\/yoast-seo-wordpress\/ -->\n<title>Las mentiras de internet | P\u00e1gina10<\/title>\n<meta name=\"robots\" content=\"index, follow, max-snippet:-1, max-image-preview:large, max-video-preview:-1\" \/>\n<link rel=\"canonical\" href=\"https:\/\/pagina10.com\/web\/las-mentiras-de-internet\/\" \/>\n<meta property=\"og:locale\" content=\"es_ES\" \/>\n<meta property=\"og:type\" content=\"article\" \/>\n<meta property=\"og:title\" content=\"Las mentiras de internet | P\u00e1gina10\" \/>\n<meta property=\"og:description\" content=\"En internet se encuentra de todo como en botica, y al gusto del usuario. Pero la confiabilidad de que eso sea cierto es algo que hay que pensarlo muy bien. Todo el mundo puede subir a la nube videos, textos, documentos, fotograf\u00edas del tema que se le antoje, pero no quiere decir que eso sea [&hellip;]\" \/>\n<meta property=\"og:url\" content=\"https:\/\/pagina10.com\/web\/las-mentiras-de-internet\/\" \/>\n<meta property=\"og:site_name\" content=\"P\u00e1gina10\" \/>\n<meta property=\"article:publisher\" content=\"https:\/\/www.facebook.com\/pag10com\" \/>\n<meta property=\"article:published_time\" content=\"2014-04-29T02:00:00+00:00\" \/>\n<meta property=\"og:image\" content=\"https:\/\/pagina10.com\/web\/wp-content\/uploads\/2014\/04\/04b63505508cdcb76edb759a2da6e079.jpg\" \/>\n\t<meta property=\"og:image:width\" content=\"960\" \/>\n\t<meta property=\"og:image:height\" content=\"631\" \/>\n\t<meta property=\"og:image:type\" content=\"image\/jpeg\" \/>\n<meta name=\"author\" content=\"Anibal Ar\u00e9valo Rosero\" \/>\n<meta name=\"twitter:card\" content=\"summary_large_image\" \/>\n<meta name=\"twitter:creator\" content=\"@Pag10com\" \/>\n<meta name=\"twitter:site\" content=\"@Pag10com\" \/>\n<meta name=\"twitter:label1\" content=\"Escrito por\" \/>\n\t<meta name=\"twitter:data1\" content=\"Anibal Ar\u00e9valo Rosero\" \/>\n\t<meta name=\"twitter:label2\" content=\"Tiempo de lectura\" \/>\n\t<meta name=\"twitter:data2\" content=\"3 minutos\" \/>\n<script type=\"application\/ld+json\" class=\"yoast-schema-graph\">{\"@context\":\"https:\/\/schema.org\",\"@graph\":[{\"@type\":\"Article\",\"@id\":\"https:\/\/pagina10.com\/web\/las-mentiras-de-internet\/#article\",\"isPartOf\":{\"@id\":\"https:\/\/pagina10.com\/web\/las-mentiras-de-internet\/\"},\"author\":{\"name\":\"Anibal Ar\u00e9valo Rosero\",\"@id\":\"https:\/\/pagina10.com\/web\/#\/schema\/person\/9ec3e2b432363a195d2d01bf820c66fe\"},\"headline\":\"Las mentiras de internet\",\"datePublished\":\"2014-04-29T02:00:00+00:00\",\"mainEntityOfPage\":{\"@id\":\"https:\/\/pagina10.com\/web\/las-mentiras-de-internet\/\"},\"wordCount\":674,\"commentCount\":0,\"publisher\":{\"@id\":\"https:\/\/pagina10.com\/web\/#organization\"},\"image\":{\"@id\":\"https:\/\/pagina10.com\/web\/las-mentiras-de-internet\/#primaryimage\"},\"thumbnailUrl\":\"https:\/\/pagina10.com\/web\/wp-content\/uploads\/2014\/04\/04b63505508cdcb76edb759a2da6e079.jpg\",\"articleSection\":[\"Innovaci\u00f3n\"],\"inLanguage\":\"es\",\"potentialAction\":[{\"@type\":\"CommentAction\",\"name\":\"Comment\",\"target\":[\"https:\/\/pagina10.com\/web\/las-mentiras-de-internet\/#respond\"]}]},{\"@type\":\"WebPage\",\"@id\":\"https:\/\/pagina10.com\/web\/las-mentiras-de-internet\/\",\"url\":\"https:\/\/pagina10.com\/web\/las-mentiras-de-internet\/\",\"name\":\"Las mentiras de internet | P\u00e1gina10\",\"isPartOf\":{\"@id\":\"https:\/\/pagina10.com\/web\/#website\"},\"primaryImageOfPage\":{\"@id\":\"https:\/\/pagina10.com\/web\/las-mentiras-de-internet\/#primaryimage\"},\"image\":{\"@id\":\"https:\/\/pagina10.com\/web\/las-mentiras-de-internet\/#primaryimage\"},\"thumbnailUrl\":\"https:\/\/pagina10.com\/web\/wp-content\/uploads\/2014\/04\/04b63505508cdcb76edb759a2da6e079.jpg\",\"datePublished\":\"2014-04-29T02:00:00+00:00\",\"breadcrumb\":{\"@id\":\"https:\/\/pagina10.com\/web\/las-mentiras-de-internet\/#breadcrumb\"},\"inLanguage\":\"es\",\"potentialAction\":[{\"@type\":\"ReadAction\",\"target\":[\"https:\/\/pagina10.com\/web\/las-mentiras-de-internet\/\"]}]},{\"@type\":\"ImageObject\",\"inLanguage\":\"es\",\"@id\":\"https:\/\/pagina10.com\/web\/las-mentiras-de-internet\/#primaryimage\",\"url\":\"https:\/\/pagina10.com\/web\/wp-content\/uploads\/2014\/04\/04b63505508cdcb76edb759a2da6e079.jpg\",\"contentUrl\":\"https:\/\/pagina10.com\/web\/wp-content\/uploads\/2014\/04\/04b63505508cdcb76edb759a2da6e079.jpg\",\"width\":960,\"height\":631,\"caption\":\"Fotograf\u00eda: Diego Rodr\u00edguez\"},{\"@type\":\"BreadcrumbList\",\"@id\":\"https:\/\/pagina10.com\/web\/las-mentiras-de-internet\/#breadcrumb\",\"itemListElement\":[{\"@type\":\"ListItem\",\"position\":1,\"name\":\"Portada\",\"item\":\"https:\/\/pagina10.com\/web\/\"},{\"@type\":\"ListItem\",\"position\":2,\"name\":\"Las mentiras de internet\"}]},{\"@type\":\"WebSite\",\"@id\":\"https:\/\/pagina10.com\/web\/#website\",\"url\":\"https:\/\/pagina10.com\/web\/\",\"name\":\"P\u00e1gina10\",\"description\":\"Peri\u00f3dico Regional\",\"publisher\":{\"@id\":\"https:\/\/pagina10.com\/web\/#organization\"},\"alternateName\":\"P\u00e1gina10 Peri\u00f3dico Regional\",\"potentialAction\":[{\"@type\":\"SearchAction\",\"target\":{\"@type\":\"EntryPoint\",\"urlTemplate\":\"https:\/\/pagina10.com\/web\/?s={search_term_string}\"},\"query-input\":{\"@type\":\"PropertyValueSpecification\",\"valueRequired\":true,\"valueName\":\"search_term_string\"}}],\"inLanguage\":\"es\"},{\"@type\":\"Organization\",\"@id\":\"https:\/\/pagina10.com\/web\/#organization\",\"name\":\"P\u00e1gina10\",\"alternateName\":\"P\u00e1gina10 Peri\u00f3dico Regional\",\"url\":\"https:\/\/pagina10.com\/web\/\",\"logo\":{\"@type\":\"ImageObject\",\"inLanguage\":\"es\",\"@id\":\"https:\/\/pagina10.com\/web\/#\/schema\/logo\/image\/\",\"url\":\"https:\/\/pagina10.com\/web\/wp-content\/uploads\/2024\/01\/40-pagina-10-periodico-regional-pasto.jpg\",\"contentUrl\":\"https:\/\/pagina10.com\/web\/wp-content\/uploads\/2024\/01\/40-pagina-10-periodico-regional-pasto.jpg\",\"width\":1280,\"height\":720,\"caption\":\"P\u00e1gina10\"},\"image\":{\"@id\":\"https:\/\/pagina10.com\/web\/#\/schema\/logo\/image\/\"},\"sameAs\":[\"https:\/\/www.facebook.com\/pag10com\",\"https:\/\/x.com\/Pag10com\",\"https:\/\/www.instagram.com\/pagina10col\/\",\"https:\/\/youtube.com\/channel\/pag10\",\"https:\/\/www.tiktok.com\/@p10col\"]},{\"@type\":\"Person\",\"@id\":\"https:\/\/pagina10.com\/web\/#\/schema\/person\/9ec3e2b432363a195d2d01bf820c66fe\",\"name\":\"Anibal Ar\u00e9valo Rosero\",\"description\":\"An\u00edbal Ar\u00e9valo Rosero a trav\u00e9s de su vida ha realizado diversas actividades tendientes a reivindicar al ser humano en su conciencia plena. Durante su vida ha hecho teatro, a escrito poes\u00eda y en sus tiempos de universitario realiz\u00f3 varias publicaciones entre las que se recuerda la revista Quinde. Junto con otros compa\u00f1eros fund\u00f3 el Taller Cultural El Cueche, equipo con el que se hicieron varias publicaciones. De este mismo grupo hay que resaltar que se hizo un trabajo pionero en la difusi\u00f3n de la m\u00fasica andina, latinoamericana y del caribe. Despu\u00e9s de terminar sus estudios de biolog\u00eda en la Universidad de Nari\u00f1o entr\u00f3 a laborar en emisoras de la ciudad de Pasto como en RCN, donde se desempe\u00f1aba como locutor de planta. Dirigi\u00f3 programas en la extinta Ondas del Mayo, en varias oportunidades; tambi\u00e9n en Ecos de Pasto. Fue colaborador de el Noticias RCN y dirigi\u00f3 el programa Simana al D\u00eda, del Sindicato del Magisterio de Nari\u00f1o, en dos \u00e9pocas. En el a\u00f1o de 1992 funda el Comit\u00e9 de Solidaridad con Cuba Jos\u00e9 Mart\u00ed, cuyo objetivo era divulgar la realidad cubana y expresar apoyo moral, pol\u00edtico y material al pa\u00eds caribe\u00f1o. Ante la mala interpretaci\u00f3n que la gente le daba a este tipo de acciones, se decide promover viajes de solidad a Cuba para participar en la Brigada Latinoamericana de Trabajo Voluntario, en el Festival Cuba Vive y, de manera especia,l en el 14 Festival Mundial de la Juventud y los Estudiantes, que se desarroll\u00f3 en la isla en el a\u00f1o de 1997. Con esta experiencia impulsa el turismo al pa\u00eds caribe\u00f1o con el resultado de que miles de personas han participado de las excursiones organizadas por Ar\u00e9valo Rosero. Asimismo ha venido impulsando las Brigadas de Salud en Cuba, tendiente a llevar pacientes de c\u00e1ncer a ese destino con el fin de que reciban atenci\u00f3n m\u00e9dica, teniendo en cuenta que la experiencia cubana en el tema ha sido bastante favorable. Veinte a\u00f1os despu\u00e9s de estas nutritivas experiencias, le permiten impulsar excursiones adem\u00e1s a M\u00e9xico, Machu Picchu, Argentina, Ecuador, Panam\u00e1 y Tierra Santa. En cuanto al desempe\u00f1o period\u00edstico, adem\u00e1s de los medios radiales y de televisi\u00f3n, en los canales de la universidades de Nari\u00f1o y Mariana, se ha desempe\u00f1ado como columnista en Diario del Sur durante 6 a\u00f1os y en algunos medios virtuales. Tambi\u00e9n es colaborador de el Diario del Cauca. Considera que la pr\u00e1ctica de la lectura es beber de la fuente nutricia que permite apropiarse de manera consciente del ejercicio de la democracia; y la posibilidad de escribir y ser le\u00eddo, acceder al poder, por que considera la palabra como el mayor instrumento de acci\u00f3n cuando est\u00e1 bien encamina al leg\u00edtimo servicio social. En la actualidad adem\u00e1s de so\u00f1ar con viajar por el mundo se desempe\u00f1a como docente del departamento de ciencias de Inem Luis Delf\u00edn Insuasty de Pasto. Correo: Esta direcci\u00f3n de correo electr\u00f3nico est\u00e1 protegida contra spambots. Usted necesita tener Javascript activado para poder verla.\\\" target=\\\"_blank\\\" style=\\\"color: #1155cc; text-align: justify; font-family: arial, sans-serif; font-size: 13px; line-height: normal;\\\"&gt;fundacionecosofia@gmail.com\",\"url\":\"https:\/\/pagina10.com\/web\/author\/anibal\/\"}]}<\/script>\n<!-- \/ Yoast SEO plugin. -->","yoast_head_json":{"title":"Las mentiras de internet | P\u00e1gina10","robots":{"index":"index","follow":"follow","max-snippet":"max-snippet:-1","max-image-preview":"max-image-preview:large","max-video-preview":"max-video-preview:-1"},"canonical":"https:\/\/pagina10.com\/web\/las-mentiras-de-internet\/","og_locale":"es_ES","og_type":"article","og_title":"Las mentiras de internet | P\u00e1gina10","og_description":"En internet se encuentra de todo como en botica, y al gusto del usuario. Pero la confiabilidad de que eso sea cierto es algo que hay que pensarlo muy bien. Todo el mundo puede subir a la nube videos, textos, documentos, fotograf\u00edas del tema que se le antoje, pero no quiere decir que eso sea [&hellip;]","og_url":"https:\/\/pagina10.com\/web\/las-mentiras-de-internet\/","og_site_name":"P\u00e1gina10","article_publisher":"https:\/\/www.facebook.com\/pag10com","article_published_time":"2014-04-29T02:00:00+00:00","og_image":[{"width":960,"height":631,"url":"https:\/\/pagina10.com\/web\/wp-content\/uploads\/2014\/04\/04b63505508cdcb76edb759a2da6e079.jpg","type":"image\/jpeg"}],"author":"Anibal Ar\u00e9valo Rosero","twitter_card":"summary_large_image","twitter_creator":"@Pag10com","twitter_site":"@Pag10com","twitter_misc":{"Escrito por":"Anibal Ar\u00e9valo Rosero","Tiempo de lectura":"3 minutos"},"schema":{"@context":"https:\/\/schema.org","@graph":[{"@type":"Article","@id":"https:\/\/pagina10.com\/web\/las-mentiras-de-internet\/#article","isPartOf":{"@id":"https:\/\/pagina10.com\/web\/las-mentiras-de-internet\/"},"author":{"name":"Anibal Ar\u00e9valo Rosero","@id":"https:\/\/pagina10.com\/web\/#\/schema\/person\/9ec3e2b432363a195d2d01bf820c66fe"},"headline":"Las mentiras de internet","datePublished":"2014-04-29T02:00:00+00:00","mainEntityOfPage":{"@id":"https:\/\/pagina10.com\/web\/las-mentiras-de-internet\/"},"wordCount":674,"commentCount":0,"publisher":{"@id":"https:\/\/pagina10.com\/web\/#organization"},"image":{"@id":"https:\/\/pagina10.com\/web\/las-mentiras-de-internet\/#primaryimage"},"thumbnailUrl":"https:\/\/pagina10.com\/web\/wp-content\/uploads\/2014\/04\/04b63505508cdcb76edb759a2da6e079.jpg","articleSection":["Innovaci\u00f3n"],"inLanguage":"es","potentialAction":[{"@type":"CommentAction","name":"Comment","target":["https:\/\/pagina10.com\/web\/las-mentiras-de-internet\/#respond"]}]},{"@type":"WebPage","@id":"https:\/\/pagina10.com\/web\/las-mentiras-de-internet\/","url":"https:\/\/pagina10.com\/web\/las-mentiras-de-internet\/","name":"Las mentiras de internet | P\u00e1gina10","isPartOf":{"@id":"https:\/\/pagina10.com\/web\/#website"},"primaryImageOfPage":{"@id":"https:\/\/pagina10.com\/web\/las-mentiras-de-internet\/#primaryimage"},"image":{"@id":"https:\/\/pagina10.com\/web\/las-mentiras-de-internet\/#primaryimage"},"thumbnailUrl":"https:\/\/pagina10.com\/web\/wp-content\/uploads\/2014\/04\/04b63505508cdcb76edb759a2da6e079.jpg","datePublished":"2014-04-29T02:00:00+00:00","breadcrumb":{"@id":"https:\/\/pagina10.com\/web\/las-mentiras-de-internet\/#breadcrumb"},"inLanguage":"es","potentialAction":[{"@type":"ReadAction","target":["https:\/\/pagina10.com\/web\/las-mentiras-de-internet\/"]}]},{"@type":"ImageObject","inLanguage":"es","@id":"https:\/\/pagina10.com\/web\/las-mentiras-de-internet\/#primaryimage","url":"https:\/\/pagina10.com\/web\/wp-content\/uploads\/2014\/04\/04b63505508cdcb76edb759a2da6e079.jpg","contentUrl":"https:\/\/pagina10.com\/web\/wp-content\/uploads\/2014\/04\/04b63505508cdcb76edb759a2da6e079.jpg","width":960,"height":631,"caption":"Fotograf\u00eda: Diego Rodr\u00edguez"},{"@type":"BreadcrumbList","@id":"https:\/\/pagina10.com\/web\/las-mentiras-de-internet\/#breadcrumb","itemListElement":[{"@type":"ListItem","position":1,"name":"Portada","item":"https:\/\/pagina10.com\/web\/"},{"@type":"ListItem","position":2,"name":"Las mentiras de internet"}]},{"@type":"WebSite","@id":"https:\/\/pagina10.com\/web\/#website","url":"https:\/\/pagina10.com\/web\/","name":"P\u00e1gina10","description":"Peri\u00f3dico Regional","publisher":{"@id":"https:\/\/pagina10.com\/web\/#organization"},"alternateName":"P\u00e1gina10 Peri\u00f3dico Regional","potentialAction":[{"@type":"SearchAction","target":{"@type":"EntryPoint","urlTemplate":"https:\/\/pagina10.com\/web\/?s={search_term_string}"},"query-input":{"@type":"PropertyValueSpecification","valueRequired":true,"valueName":"search_term_string"}}],"inLanguage":"es"},{"@type":"Organization","@id":"https:\/\/pagina10.com\/web\/#organization","name":"P\u00e1gina10","alternateName":"P\u00e1gina10 Peri\u00f3dico Regional","url":"https:\/\/pagina10.com\/web\/","logo":{"@type":"ImageObject","inLanguage":"es","@id":"https:\/\/pagina10.com\/web\/#\/schema\/logo\/image\/","url":"https:\/\/pagina10.com\/web\/wp-content\/uploads\/2024\/01\/40-pagina-10-periodico-regional-pasto.jpg","contentUrl":"https:\/\/pagina10.com\/web\/wp-content\/uploads\/2024\/01\/40-pagina-10-periodico-regional-pasto.jpg","width":1280,"height":720,"caption":"P\u00e1gina10"},"image":{"@id":"https:\/\/pagina10.com\/web\/#\/schema\/logo\/image\/"},"sameAs":["https:\/\/www.facebook.com\/pag10com","https:\/\/x.com\/Pag10com","https:\/\/www.instagram.com\/pagina10col\/","https:\/\/youtube.com\/channel\/pag10","https:\/\/www.tiktok.com\/@p10col"]},{"@type":"Person","@id":"https:\/\/pagina10.com\/web\/#\/schema\/person\/9ec3e2b432363a195d2d01bf820c66fe","name":"Anibal Ar\u00e9valo Rosero","description":"An\u00edbal Ar\u00e9valo Rosero a trav\u00e9s de su vida ha realizado diversas actividades tendientes a reivindicar al ser humano en su conciencia plena. Durante su vida ha hecho teatro, a escrito poes\u00eda y en sus tiempos de universitario realiz\u00f3 varias publicaciones entre las que se recuerda la revista Quinde. Junto con otros compa\u00f1eros fund\u00f3 el Taller Cultural El Cueche, equipo con el que se hicieron varias publicaciones. De este mismo grupo hay que resaltar que se hizo un trabajo pionero en la difusi\u00f3n de la m\u00fasica andina, latinoamericana y del caribe. Despu\u00e9s de terminar sus estudios de biolog\u00eda en la Universidad de Nari\u00f1o entr\u00f3 a laborar en emisoras de la ciudad de Pasto como en RCN, donde se desempe\u00f1aba como locutor de planta. Dirigi\u00f3 programas en la extinta Ondas del Mayo, en varias oportunidades; tambi\u00e9n en Ecos de Pasto. Fue colaborador de el Noticias RCN y dirigi\u00f3 el programa Simana al D\u00eda, del Sindicato del Magisterio de Nari\u00f1o, en dos \u00e9pocas. En el a\u00f1o de 1992 funda el Comit\u00e9 de Solidaridad con Cuba Jos\u00e9 Mart\u00ed, cuyo objetivo era divulgar la realidad cubana y expresar apoyo moral, pol\u00edtico y material al pa\u00eds caribe\u00f1o. Ante la mala interpretaci\u00f3n que la gente le daba a este tipo de acciones, se decide promover viajes de solidad a Cuba para participar en la Brigada Latinoamericana de Trabajo Voluntario, en el Festival Cuba Vive y, de manera especia,l en el 14 Festival Mundial de la Juventud y los Estudiantes, que se desarroll\u00f3 en la isla en el a\u00f1o de 1997. Con esta experiencia impulsa el turismo al pa\u00eds caribe\u00f1o con el resultado de que miles de personas han participado de las excursiones organizadas por Ar\u00e9valo Rosero. Asimismo ha venido impulsando las Brigadas de Salud en Cuba, tendiente a llevar pacientes de c\u00e1ncer a ese destino con el fin de que reciban atenci\u00f3n m\u00e9dica, teniendo en cuenta que la experiencia cubana en el tema ha sido bastante favorable. Veinte a\u00f1os despu\u00e9s de estas nutritivas experiencias, le permiten impulsar excursiones adem\u00e1s a M\u00e9xico, Machu Picchu, Argentina, Ecuador, Panam\u00e1 y Tierra Santa. En cuanto al desempe\u00f1o period\u00edstico, adem\u00e1s de los medios radiales y de televisi\u00f3n, en los canales de la universidades de Nari\u00f1o y Mariana, se ha desempe\u00f1ado como columnista en Diario del Sur durante 6 a\u00f1os y en algunos medios virtuales. Tambi\u00e9n es colaborador de el Diario del Cauca. Considera que la pr\u00e1ctica de la lectura es beber de la fuente nutricia que permite apropiarse de manera consciente del ejercicio de la democracia; y la posibilidad de escribir y ser le\u00eddo, acceder al poder, por que considera la palabra como el mayor instrumento de acci\u00f3n cuando est\u00e1 bien encamina al leg\u00edtimo servicio social. En la actualidad adem\u00e1s de so\u00f1ar con viajar por el mundo se desempe\u00f1a como docente del departamento de ciencias de Inem Luis Delf\u00edn Insuasty de Pasto. Correo: Esta direcci\u00f3n de correo electr\u00f3nico est\u00e1 protegida contra spambots. Usted necesita tener Javascript activado para poder verla.\" target=\"_blank\" style=\"color: #1155cc; text-align: justify; font-family: arial, sans-serif; font-size: 13px; line-height: normal;\"&gt;fundacionecosofia@gmail.com","url":"https:\/\/pagina10.com\/web\/author\/anibal\/"}]}},"_links":{"self":[{"href":"https:\/\/pagina10.com\/web\/wp-json\/wp\/v2\/posts\/7811","targetHints":{"allow":["GET"]}}],"collection":[{"href":"https:\/\/pagina10.com\/web\/wp-json\/wp\/v2\/posts"}],"about":[{"href":"https:\/\/pagina10.com\/web\/wp-json\/wp\/v2\/types\/post"}],"author":[{"embeddable":true,"href":"https:\/\/pagina10.com\/web\/wp-json\/wp\/v2\/users\/65"}],"replies":[{"embeddable":true,"href":"https:\/\/pagina10.com\/web\/wp-json\/wp\/v2\/comments?post=7811"}],"version-history":[{"count":0,"href":"https:\/\/pagina10.com\/web\/wp-json\/wp\/v2\/posts\/7811\/revisions"}],"wp:featuredmedia":[{"embeddable":true,"href":"https:\/\/pagina10.com\/web\/wp-json\/wp\/v2\/media\/7809"}],"wp:attachment":[{"href":"https:\/\/pagina10.com\/web\/wp-json\/wp\/v2\/media?parent=7811"}],"wp:term":[{"taxonomy":"category","embeddable":true,"href":"https:\/\/pagina10.com\/web\/wp-json\/wp\/v2\/categories?post=7811"},{"taxonomy":"post_tag","embeddable":true,"href":"https:\/\/pagina10.com\/web\/wp-json\/wp\/v2\/tags?post=7811"}],"curies":[{"name":"wp","href":"https:\/\/api.w.org\/{rel}","templated":true}]}}