{"id":8152,"date":"2014-05-19T23:36:00","date_gmt":"2014-05-19T23:36:00","guid":{"rendered":"https:\/\/pagina10.com\/web\/universidades-verdes\/"},"modified":"2014-05-19T23:36:00","modified_gmt":"2014-05-19T23:36:00","slug":"universidades-verdes","status":"publish","type":"post","link":"https:\/\/pagina10.com\/web\/universidades-verdes\/","title":{"rendered":"Universidades verdes"},"content":{"rendered":"<p><img fetchpriority=\"high\" decoding=\"async\" class=\" size-full wp-image-8151\" src=\"https:\/\/pagina10.com\/web\/wp-content\/uploads\/2014\/05\/0caf6398a179c99f97977dc58ce3979c.jpg\" alt=\"\" width=\"800\" height=\"532\" srcset=\"https:\/\/pagina10.com\/web\/wp-content\/uploads\/2014\/05\/0caf6398a179c99f97977dc58ce3979c.jpg 800w, https:\/\/pagina10.com\/web\/wp-content\/uploads\/2014\/05\/0caf6398a179c99f97977dc58ce3979c-300x200.jpg 300w, https:\/\/pagina10.com\/web\/wp-content\/uploads\/2014\/05\/0caf6398a179c99f97977dc58ce3979c-768x511.jpg 768w, https:\/\/pagina10.com\/web\/wp-content\/uploads\/2014\/05\/0caf6398a179c99f97977dc58ce3979c-450x300.jpg 450w\" sizes=\"(max-width: 800px) 100vw, 800px\" \/><\/p>\n<p style=\"text-align: justify;\">El compromiso de algunas instituciones de educaci\u00f3n superior en la sostenibilidad del uso los recursos es un indicador de avance en la gesti\u00f3n ambiental y ejemplo para ser replicado por otras instituciones.<\/p>\n<p>  <!--more-->  <\/p>\n<p style=\"text-align: justify;\">Eso se ve reflejado en las cinco universidades colombianas que entraron&nbsp; en el ranking internacional de Green Metric 2014, que eval\u00faa a cerca de 300 universidades de todo el mundo a partir de sus indicadores ambientales, y hacen parte los campus universitarios m\u00e1s verdes del pa\u00eds por sus proyectos ambientales.<\/p>\n<p style=\"text-align: justify;\">&nbsp;<\/p>\n<p style=\"text-align: justify;\">Los observadores internacionales tuvieron en cuenta a la hora de calificar aspectos como que los estudiantes se transportan en bicicleta para llegar a los campus, la disposici\u00f3n de los residuos s\u00f3lidos, programas de reforestaci\u00f3n, implementaci\u00f3n de paneles solares para piscinas, dispositivos de ahorro de energ\u00eda, m\u00f3dulos para reciclar en la fuente, empaques biodegradables, eventos art\u00edsticos orientados a la sensibilizaci\u00f3n de la problem\u00e1tica ambiental, entre otros.<\/p>\n<p style=\"text-align: justify;\">&nbsp;<\/p>\n<p style=\"text-align: justify;\">Vale la pena que las instituciones, no s\u00f3lo las educativas, se certifiquen en aspectos ambientales para alcanzar unos niveles de sostenibilidad que comprometa a todos sus integrantes. Nos damos cuenta que a\u00fan hay personas con falta de compromiso, que no han logrado entender que toda actividad humana implica consumo y como consecuencia se producen residuos, que deben ser dispuestos adecuadamente. Al asumir el compromiso institucional, toda la comunidad est\u00e1 en el deber de asumir los protocolos internacionales, tal como se hace en el sistema de gesti\u00f3n de calidad.<\/p>\n<p style=\"text-align: justify;\">&nbsp;<\/p>\n<p style=\"text-align: justify;\">Las cinco universidades que tuvieron el honor de calificarse como sostenibles o verdes, en su orden son: la Nacional con sus sedes de Bogot\u00e1, Medell\u00edn y Manizales, Los Andes, de Santander, Industrial de Santander y Tecnol\u00f3gica de Pereira. En todas es caracter\u00edstico sus amplias zonas verdes con \u00e1rboles end\u00e9micos y frutales, la presencia de aves, y en algunos casos la convivencia con reptiles como iguanas como ocurre en la Nacional de Medell\u00edn.<\/p>\n<p style=\"text-align: justify;\">&nbsp;<\/p>\n<p style=\"text-align: justify;\">En la Tecnol\u00f3gica de Pereira se conservan en museo elementos arqueol\u00f3gicos encontrados en el terreno donde se levanta su edificaci\u00f3n; adem\u00e1s se programan avistamientos de aves.<\/p>\n<p style=\"text-align: justify;\">&nbsp;<\/p>\n<p style=\"text-align: justify;\">Pero lo m\u00e1s importante es que en el panorama de las instituciones reconocidas como sostenibles se observa que prima el bosque donde las edificaciones han respetado su arraigo, dando la apariencia de jardines bot\u00e1nicos.<\/p>\n<p style=\"text-align: justify;\">&nbsp;<\/p>\n<p style=\"text-align: justify;\">Este es el ejemplo a seguir en todo el pa\u00eds. No es estrictamente necesario que las instituciones tengan grandes extensiones de zonas verdes, lo importante es generar procesos de sostenibilidad en t\u00e9rminos de reciclar, reutilizar, ahorrar energ\u00eda; disponer adecuadamente las pilas, los equipos de c\u00f3mputo da\u00f1ados, toners de tinta, utilizar el papel por las dos caras.<\/p>\n<p style=\"text-align: justify;\">&nbsp;<\/p>\n<p style=\"text-align: justify;\">Pero uno de los aspectos que han tenido en cuenta los observadores es el uso de la bicicleta como medio de transporte por la reducci\u00f3n en las emisiones de gases de efecto invernadero. A la Universidad de los Andes, una de las instituciones m\u00e1s prestigiosas del pa\u00eds, llegan 280 estudiantes en bicicleta diariamente, adem\u00e1s de que se desarroll\u00f3 un modelo de convivencia que hace que qui\u00e9n se desplaza en veh\u00edculo particular lo pueda compartir con personas que se desplazan al mismo sector.<\/p>\n<p style=\"text-align: justify;\">&nbsp;<\/p>\n<p style=\"text-align: justify;\">Para complementar este interesante proceso de modelo ambiental se requiere el compromiso de los proveedores y fabricantes de productos elaborados con plomo o mercurio, como pilas, bater\u00edas y partes de computadores, para que los reincorporen a sus procesos.&nbsp;<\/p>\n","protected":false},"excerpt":{"rendered":"<p>El compromiso de algunas instituciones de educaci\u00f3n superior en la sostenibilidad del uso los recursos es un indicador de avance en la gesti\u00f3n ambiental y ejemplo para ser replicado por otras instituciones.<\/p>\n","protected":false},"author":65,"featured_media":8151,"comment_status":"open","ping_status":"open","sticky":false,"template":"","format":"standard","meta":{"footnotes":""},"categories":[95],"tags":[198,324,325,323,326],"class_list":["post-8152","post","type-post","status-publish","format-standard","has-post-thumbnail","hentry","category-educacion-innovacion-2","tag-ecologia","tag-puntaje","tag-ranking","tag-universidades","tag-verde"],"yoast_head":"<!-- This site is optimized with the Yoast SEO plugin v27.1.1 - https:\/\/yoast.com\/product\/yoast-seo-wordpress\/ -->\n<title>Universidades verdes | P\u00e1gina10<\/title>\n<meta name=\"robots\" content=\"index, follow, max-snippet:-1, max-image-preview:large, max-video-preview:-1\" \/>\n<link rel=\"canonical\" href=\"https:\/\/pagina10.com\/web\/universidades-verdes\/\" \/>\n<meta property=\"og:locale\" content=\"es_ES\" \/>\n<meta property=\"og:type\" content=\"article\" \/>\n<meta property=\"og:title\" content=\"Universidades verdes | P\u00e1gina10\" \/>\n<meta property=\"og:description\" content=\"El compromiso de algunas instituciones de educaci\u00f3n superior en la sostenibilidad del uso los recursos es un indicador de avance en la gesti\u00f3n ambiental y ejemplo para ser replicado por otras instituciones.\" \/>\n<meta property=\"og:url\" content=\"https:\/\/pagina10.com\/web\/universidades-verdes\/\" \/>\n<meta property=\"og:site_name\" content=\"P\u00e1gina10\" \/>\n<meta property=\"article:publisher\" content=\"https:\/\/www.facebook.com\/pag10com\" \/>\n<meta property=\"article:published_time\" content=\"2014-05-19T23:36:00+00:00\" \/>\n<meta property=\"og:image\" content=\"https:\/\/pagina10.com\/web\/wp-content\/uploads\/2014\/05\/0caf6398a179c99f97977dc58ce3979c.jpg\" \/>\n\t<meta property=\"og:image:width\" content=\"800\" \/>\n\t<meta property=\"og:image:height\" content=\"532\" \/>\n\t<meta property=\"og:image:type\" content=\"image\/jpeg\" \/>\n<meta name=\"author\" content=\"Anibal Ar\u00e9valo Rosero\" \/>\n<meta name=\"twitter:card\" content=\"summary_large_image\" \/>\n<meta name=\"twitter:creator\" content=\"@Pag10com\" \/>\n<meta name=\"twitter:site\" content=\"@Pag10com\" \/>\n<meta name=\"twitter:label1\" content=\"Escrito por\" \/>\n\t<meta name=\"twitter:data1\" content=\"Anibal Ar\u00e9valo Rosero\" \/>\n\t<meta name=\"twitter:label2\" content=\"Tiempo de lectura\" \/>\n\t<meta name=\"twitter:data2\" content=\"3 minutos\" \/>\n<script type=\"application\/ld+json\" class=\"yoast-schema-graph\">{\"@context\":\"https:\/\/schema.org\",\"@graph\":[{\"@type\":\"Article\",\"@id\":\"https:\/\/pagina10.com\/web\/universidades-verdes\/#article\",\"isPartOf\":{\"@id\":\"https:\/\/pagina10.com\/web\/universidades-verdes\/\"},\"author\":{\"name\":\"Anibal Ar\u00e9valo Rosero\",\"@id\":\"https:\/\/pagina10.com\/web\/#\/schema\/person\/9ec3e2b432363a195d2d01bf820c66fe\"},\"headline\":\"Universidades verdes\",\"datePublished\":\"2014-05-19T23:36:00+00:00\",\"mainEntityOfPage\":{\"@id\":\"https:\/\/pagina10.com\/web\/universidades-verdes\/\"},\"wordCount\":592,\"commentCount\":0,\"publisher\":{\"@id\":\"https:\/\/pagina10.com\/web\/#organization\"},\"image\":{\"@id\":\"https:\/\/pagina10.com\/web\/universidades-verdes\/#primaryimage\"},\"thumbnailUrl\":\"https:\/\/pagina10.com\/web\/wp-content\/uploads\/2014\/05\/0caf6398a179c99f97977dc58ce3979c.jpg\",\"keywords\":[\"ecologia\",\"puntaje\",\"ranking\",\"universidades\",\"verde\"],\"articleSection\":[\"Educaci\u00f3n\"],\"inLanguage\":\"es\",\"potentialAction\":[{\"@type\":\"CommentAction\",\"name\":\"Comment\",\"target\":[\"https:\/\/pagina10.com\/web\/universidades-verdes\/#respond\"]}]},{\"@type\":\"WebPage\",\"@id\":\"https:\/\/pagina10.com\/web\/universidades-verdes\/\",\"url\":\"https:\/\/pagina10.com\/web\/universidades-verdes\/\",\"name\":\"Universidades verdes | P\u00e1gina10\",\"isPartOf\":{\"@id\":\"https:\/\/pagina10.com\/web\/#website\"},\"primaryImageOfPage\":{\"@id\":\"https:\/\/pagina10.com\/web\/universidades-verdes\/#primaryimage\"},\"image\":{\"@id\":\"https:\/\/pagina10.com\/web\/universidades-verdes\/#primaryimage\"},\"thumbnailUrl\":\"https:\/\/pagina10.com\/web\/wp-content\/uploads\/2014\/05\/0caf6398a179c99f97977dc58ce3979c.jpg\",\"datePublished\":\"2014-05-19T23:36:00+00:00\",\"breadcrumb\":{\"@id\":\"https:\/\/pagina10.com\/web\/universidades-verdes\/#breadcrumb\"},\"inLanguage\":\"es\",\"potentialAction\":[{\"@type\":\"ReadAction\",\"target\":[\"https:\/\/pagina10.com\/web\/universidades-verdes\/\"]}]},{\"@type\":\"ImageObject\",\"inLanguage\":\"es\",\"@id\":\"https:\/\/pagina10.com\/web\/universidades-verdes\/#primaryimage\",\"url\":\"https:\/\/pagina10.com\/web\/wp-content\/uploads\/2014\/05\/0caf6398a179c99f97977dc58ce3979c.jpg\",\"contentUrl\":\"https:\/\/pagina10.com\/web\/wp-content\/uploads\/2014\/05\/0caf6398a179c99f97977dc58ce3979c.jpg\",\"width\":800,\"height\":532},{\"@type\":\"BreadcrumbList\",\"@id\":\"https:\/\/pagina10.com\/web\/universidades-verdes\/#breadcrumb\",\"itemListElement\":[{\"@type\":\"ListItem\",\"position\":1,\"name\":\"Portada\",\"item\":\"https:\/\/pagina10.com\/web\/\"},{\"@type\":\"ListItem\",\"position\":2,\"name\":\"Universidades verdes\"}]},{\"@type\":\"WebSite\",\"@id\":\"https:\/\/pagina10.com\/web\/#website\",\"url\":\"https:\/\/pagina10.com\/web\/\",\"name\":\"P\u00e1gina10\",\"description\":\"Peri\u00f3dico Regional\",\"publisher\":{\"@id\":\"https:\/\/pagina10.com\/web\/#organization\"},\"alternateName\":\"P\u00e1gina10 Peri\u00f3dico Regional\",\"potentialAction\":[{\"@type\":\"SearchAction\",\"target\":{\"@type\":\"EntryPoint\",\"urlTemplate\":\"https:\/\/pagina10.com\/web\/?s={search_term_string}\"},\"query-input\":{\"@type\":\"PropertyValueSpecification\",\"valueRequired\":true,\"valueName\":\"search_term_string\"}}],\"inLanguage\":\"es\"},{\"@type\":\"Organization\",\"@id\":\"https:\/\/pagina10.com\/web\/#organization\",\"name\":\"P\u00e1gina10\",\"alternateName\":\"P\u00e1gina10 Peri\u00f3dico Regional\",\"url\":\"https:\/\/pagina10.com\/web\/\",\"logo\":{\"@type\":\"ImageObject\",\"inLanguage\":\"es\",\"@id\":\"https:\/\/pagina10.com\/web\/#\/schema\/logo\/image\/\",\"url\":\"https:\/\/pagina10.com\/web\/wp-content\/uploads\/2024\/01\/40-pagina-10-periodico-regional-pasto.jpg\",\"contentUrl\":\"https:\/\/pagina10.com\/web\/wp-content\/uploads\/2024\/01\/40-pagina-10-periodico-regional-pasto.jpg\",\"width\":1280,\"height\":720,\"caption\":\"P\u00e1gina10\"},\"image\":{\"@id\":\"https:\/\/pagina10.com\/web\/#\/schema\/logo\/image\/\"},\"sameAs\":[\"https:\/\/www.facebook.com\/pag10com\",\"https:\/\/x.com\/Pag10com\",\"https:\/\/www.instagram.com\/pagina10col\/\",\"https:\/\/youtube.com\/channel\/pag10\",\"https:\/\/www.tiktok.com\/@p10col\"]},{\"@type\":\"Person\",\"@id\":\"https:\/\/pagina10.com\/web\/#\/schema\/person\/9ec3e2b432363a195d2d01bf820c66fe\",\"name\":\"Anibal Ar\u00e9valo Rosero\",\"description\":\"An\u00edbal Ar\u00e9valo Rosero a trav\u00e9s de su vida ha realizado diversas actividades tendientes a reivindicar al ser humano en su conciencia plena. Durante su vida ha hecho teatro, a escrito poes\u00eda y en sus tiempos de universitario realiz\u00f3 varias publicaciones entre las que se recuerda la revista Quinde. Junto con otros compa\u00f1eros fund\u00f3 el Taller Cultural El Cueche, equipo con el que se hicieron varias publicaciones. De este mismo grupo hay que resaltar que se hizo un trabajo pionero en la difusi\u00f3n de la m\u00fasica andina, latinoamericana y del caribe. Despu\u00e9s de terminar sus estudios de biolog\u00eda en la Universidad de Nari\u00f1o entr\u00f3 a laborar en emisoras de la ciudad de Pasto como en RCN, donde se desempe\u00f1aba como locutor de planta. Dirigi\u00f3 programas en la extinta Ondas del Mayo, en varias oportunidades; tambi\u00e9n en Ecos de Pasto. Fue colaborador de el Noticias RCN y dirigi\u00f3 el programa Simana al D\u00eda, del Sindicato del Magisterio de Nari\u00f1o, en dos \u00e9pocas. En el a\u00f1o de 1992 funda el Comit\u00e9 de Solidaridad con Cuba Jos\u00e9 Mart\u00ed, cuyo objetivo era divulgar la realidad cubana y expresar apoyo moral, pol\u00edtico y material al pa\u00eds caribe\u00f1o. Ante la mala interpretaci\u00f3n que la gente le daba a este tipo de acciones, se decide promover viajes de solidad a Cuba para participar en la Brigada Latinoamericana de Trabajo Voluntario, en el Festival Cuba Vive y, de manera especia,l en el 14 Festival Mundial de la Juventud y los Estudiantes, que se desarroll\u00f3 en la isla en el a\u00f1o de 1997. Con esta experiencia impulsa el turismo al pa\u00eds caribe\u00f1o con el resultado de que miles de personas han participado de las excursiones organizadas por Ar\u00e9valo Rosero. Asimismo ha venido impulsando las Brigadas de Salud en Cuba, tendiente a llevar pacientes de c\u00e1ncer a ese destino con el fin de que reciban atenci\u00f3n m\u00e9dica, teniendo en cuenta que la experiencia cubana en el tema ha sido bastante favorable. Veinte a\u00f1os despu\u00e9s de estas nutritivas experiencias, le permiten impulsar excursiones adem\u00e1s a M\u00e9xico, Machu Picchu, Argentina, Ecuador, Panam\u00e1 y Tierra Santa. En cuanto al desempe\u00f1o period\u00edstico, adem\u00e1s de los medios radiales y de televisi\u00f3n, en los canales de la universidades de Nari\u00f1o y Mariana, se ha desempe\u00f1ado como columnista en Diario del Sur durante 6 a\u00f1os y en algunos medios virtuales. Tambi\u00e9n es colaborador de el Diario del Cauca. Considera que la pr\u00e1ctica de la lectura es beber de la fuente nutricia que permite apropiarse de manera consciente del ejercicio de la democracia; y la posibilidad de escribir y ser le\u00eddo, acceder al poder, por que considera la palabra como el mayor instrumento de acci\u00f3n cuando est\u00e1 bien encamina al leg\u00edtimo servicio social. En la actualidad adem\u00e1s de so\u00f1ar con viajar por el mundo se desempe\u00f1a como docente del departamento de ciencias de Inem Luis Delf\u00edn Insuasty de Pasto. Correo: Esta direcci\u00f3n de correo electr\u00f3nico est\u00e1 protegida contra spambots. Usted necesita tener Javascript activado para poder verla.\\\" target=\\\"_blank\\\" style=\\\"color: #1155cc; text-align: justify; font-family: arial, sans-serif; font-size: 13px; line-height: normal;\\\"&gt;fundacionecosofia@gmail.com\",\"url\":\"https:\/\/pagina10.com\/web\/author\/anibal\/\"}]}<\/script>\n<!-- \/ Yoast SEO plugin. -->","yoast_head_json":{"title":"Universidades verdes | P\u00e1gina10","robots":{"index":"index","follow":"follow","max-snippet":"max-snippet:-1","max-image-preview":"max-image-preview:large","max-video-preview":"max-video-preview:-1"},"canonical":"https:\/\/pagina10.com\/web\/universidades-verdes\/","og_locale":"es_ES","og_type":"article","og_title":"Universidades verdes | P\u00e1gina10","og_description":"El compromiso de algunas instituciones de educaci\u00f3n superior en la sostenibilidad del uso los recursos es un indicador de avance en la gesti\u00f3n ambiental y ejemplo para ser replicado por otras instituciones.","og_url":"https:\/\/pagina10.com\/web\/universidades-verdes\/","og_site_name":"P\u00e1gina10","article_publisher":"https:\/\/www.facebook.com\/pag10com","article_published_time":"2014-05-19T23:36:00+00:00","og_image":[{"width":800,"height":532,"url":"https:\/\/pagina10.com\/web\/wp-content\/uploads\/2014\/05\/0caf6398a179c99f97977dc58ce3979c.jpg","type":"image\/jpeg"}],"author":"Anibal Ar\u00e9valo Rosero","twitter_card":"summary_large_image","twitter_creator":"@Pag10com","twitter_site":"@Pag10com","twitter_misc":{"Escrito por":"Anibal Ar\u00e9valo Rosero","Tiempo de lectura":"3 minutos"},"schema":{"@context":"https:\/\/schema.org","@graph":[{"@type":"Article","@id":"https:\/\/pagina10.com\/web\/universidades-verdes\/#article","isPartOf":{"@id":"https:\/\/pagina10.com\/web\/universidades-verdes\/"},"author":{"name":"Anibal Ar\u00e9valo Rosero","@id":"https:\/\/pagina10.com\/web\/#\/schema\/person\/9ec3e2b432363a195d2d01bf820c66fe"},"headline":"Universidades verdes","datePublished":"2014-05-19T23:36:00+00:00","mainEntityOfPage":{"@id":"https:\/\/pagina10.com\/web\/universidades-verdes\/"},"wordCount":592,"commentCount":0,"publisher":{"@id":"https:\/\/pagina10.com\/web\/#organization"},"image":{"@id":"https:\/\/pagina10.com\/web\/universidades-verdes\/#primaryimage"},"thumbnailUrl":"https:\/\/pagina10.com\/web\/wp-content\/uploads\/2014\/05\/0caf6398a179c99f97977dc58ce3979c.jpg","keywords":["ecologia","puntaje","ranking","universidades","verde"],"articleSection":["Educaci\u00f3n"],"inLanguage":"es","potentialAction":[{"@type":"CommentAction","name":"Comment","target":["https:\/\/pagina10.com\/web\/universidades-verdes\/#respond"]}]},{"@type":"WebPage","@id":"https:\/\/pagina10.com\/web\/universidades-verdes\/","url":"https:\/\/pagina10.com\/web\/universidades-verdes\/","name":"Universidades verdes | P\u00e1gina10","isPartOf":{"@id":"https:\/\/pagina10.com\/web\/#website"},"primaryImageOfPage":{"@id":"https:\/\/pagina10.com\/web\/universidades-verdes\/#primaryimage"},"image":{"@id":"https:\/\/pagina10.com\/web\/universidades-verdes\/#primaryimage"},"thumbnailUrl":"https:\/\/pagina10.com\/web\/wp-content\/uploads\/2014\/05\/0caf6398a179c99f97977dc58ce3979c.jpg","datePublished":"2014-05-19T23:36:00+00:00","breadcrumb":{"@id":"https:\/\/pagina10.com\/web\/universidades-verdes\/#breadcrumb"},"inLanguage":"es","potentialAction":[{"@type":"ReadAction","target":["https:\/\/pagina10.com\/web\/universidades-verdes\/"]}]},{"@type":"ImageObject","inLanguage":"es","@id":"https:\/\/pagina10.com\/web\/universidades-verdes\/#primaryimage","url":"https:\/\/pagina10.com\/web\/wp-content\/uploads\/2014\/05\/0caf6398a179c99f97977dc58ce3979c.jpg","contentUrl":"https:\/\/pagina10.com\/web\/wp-content\/uploads\/2014\/05\/0caf6398a179c99f97977dc58ce3979c.jpg","width":800,"height":532},{"@type":"BreadcrumbList","@id":"https:\/\/pagina10.com\/web\/universidades-verdes\/#breadcrumb","itemListElement":[{"@type":"ListItem","position":1,"name":"Portada","item":"https:\/\/pagina10.com\/web\/"},{"@type":"ListItem","position":2,"name":"Universidades verdes"}]},{"@type":"WebSite","@id":"https:\/\/pagina10.com\/web\/#website","url":"https:\/\/pagina10.com\/web\/","name":"P\u00e1gina10","description":"Peri\u00f3dico Regional","publisher":{"@id":"https:\/\/pagina10.com\/web\/#organization"},"alternateName":"P\u00e1gina10 Peri\u00f3dico Regional","potentialAction":[{"@type":"SearchAction","target":{"@type":"EntryPoint","urlTemplate":"https:\/\/pagina10.com\/web\/?s={search_term_string}"},"query-input":{"@type":"PropertyValueSpecification","valueRequired":true,"valueName":"search_term_string"}}],"inLanguage":"es"},{"@type":"Organization","@id":"https:\/\/pagina10.com\/web\/#organization","name":"P\u00e1gina10","alternateName":"P\u00e1gina10 Peri\u00f3dico Regional","url":"https:\/\/pagina10.com\/web\/","logo":{"@type":"ImageObject","inLanguage":"es","@id":"https:\/\/pagina10.com\/web\/#\/schema\/logo\/image\/","url":"https:\/\/pagina10.com\/web\/wp-content\/uploads\/2024\/01\/40-pagina-10-periodico-regional-pasto.jpg","contentUrl":"https:\/\/pagina10.com\/web\/wp-content\/uploads\/2024\/01\/40-pagina-10-periodico-regional-pasto.jpg","width":1280,"height":720,"caption":"P\u00e1gina10"},"image":{"@id":"https:\/\/pagina10.com\/web\/#\/schema\/logo\/image\/"},"sameAs":["https:\/\/www.facebook.com\/pag10com","https:\/\/x.com\/Pag10com","https:\/\/www.instagram.com\/pagina10col\/","https:\/\/youtube.com\/channel\/pag10","https:\/\/www.tiktok.com\/@p10col"]},{"@type":"Person","@id":"https:\/\/pagina10.com\/web\/#\/schema\/person\/9ec3e2b432363a195d2d01bf820c66fe","name":"Anibal Ar\u00e9valo Rosero","description":"An\u00edbal Ar\u00e9valo Rosero a trav\u00e9s de su vida ha realizado diversas actividades tendientes a reivindicar al ser humano en su conciencia plena. Durante su vida ha hecho teatro, a escrito poes\u00eda y en sus tiempos de universitario realiz\u00f3 varias publicaciones entre las que se recuerda la revista Quinde. Junto con otros compa\u00f1eros fund\u00f3 el Taller Cultural El Cueche, equipo con el que se hicieron varias publicaciones. De este mismo grupo hay que resaltar que se hizo un trabajo pionero en la difusi\u00f3n de la m\u00fasica andina, latinoamericana y del caribe. Despu\u00e9s de terminar sus estudios de biolog\u00eda en la Universidad de Nari\u00f1o entr\u00f3 a laborar en emisoras de la ciudad de Pasto como en RCN, donde se desempe\u00f1aba como locutor de planta. Dirigi\u00f3 programas en la extinta Ondas del Mayo, en varias oportunidades; tambi\u00e9n en Ecos de Pasto. Fue colaborador de el Noticias RCN y dirigi\u00f3 el programa Simana al D\u00eda, del Sindicato del Magisterio de Nari\u00f1o, en dos \u00e9pocas. En el a\u00f1o de 1992 funda el Comit\u00e9 de Solidaridad con Cuba Jos\u00e9 Mart\u00ed, cuyo objetivo era divulgar la realidad cubana y expresar apoyo moral, pol\u00edtico y material al pa\u00eds caribe\u00f1o. Ante la mala interpretaci\u00f3n que la gente le daba a este tipo de acciones, se decide promover viajes de solidad a Cuba para participar en la Brigada Latinoamericana de Trabajo Voluntario, en el Festival Cuba Vive y, de manera especia,l en el 14 Festival Mundial de la Juventud y los Estudiantes, que se desarroll\u00f3 en la isla en el a\u00f1o de 1997. Con esta experiencia impulsa el turismo al pa\u00eds caribe\u00f1o con el resultado de que miles de personas han participado de las excursiones organizadas por Ar\u00e9valo Rosero. Asimismo ha venido impulsando las Brigadas de Salud en Cuba, tendiente a llevar pacientes de c\u00e1ncer a ese destino con el fin de que reciban atenci\u00f3n m\u00e9dica, teniendo en cuenta que la experiencia cubana en el tema ha sido bastante favorable. Veinte a\u00f1os despu\u00e9s de estas nutritivas experiencias, le permiten impulsar excursiones adem\u00e1s a M\u00e9xico, Machu Picchu, Argentina, Ecuador, Panam\u00e1 y Tierra Santa. En cuanto al desempe\u00f1o period\u00edstico, adem\u00e1s de los medios radiales y de televisi\u00f3n, en los canales de la universidades de Nari\u00f1o y Mariana, se ha desempe\u00f1ado como columnista en Diario del Sur durante 6 a\u00f1os y en algunos medios virtuales. Tambi\u00e9n es colaborador de el Diario del Cauca. Considera que la pr\u00e1ctica de la lectura es beber de la fuente nutricia que permite apropiarse de manera consciente del ejercicio de la democracia; y la posibilidad de escribir y ser le\u00eddo, acceder al poder, por que considera la palabra como el mayor instrumento de acci\u00f3n cuando est\u00e1 bien encamina al leg\u00edtimo servicio social. En la actualidad adem\u00e1s de so\u00f1ar con viajar por el mundo se desempe\u00f1a como docente del departamento de ciencias de Inem Luis Delf\u00edn Insuasty de Pasto. Correo: Esta direcci\u00f3n de correo electr\u00f3nico est\u00e1 protegida contra spambots. Usted necesita tener Javascript activado para poder verla.\" target=\"_blank\" style=\"color: #1155cc; text-align: justify; font-family: arial, sans-serif; font-size: 13px; line-height: normal;\"&gt;fundacionecosofia@gmail.com","url":"https:\/\/pagina10.com\/web\/author\/anibal\/"}]}},"_links":{"self":[{"href":"https:\/\/pagina10.com\/web\/wp-json\/wp\/v2\/posts\/8152","targetHints":{"allow":["GET"]}}],"collection":[{"href":"https:\/\/pagina10.com\/web\/wp-json\/wp\/v2\/posts"}],"about":[{"href":"https:\/\/pagina10.com\/web\/wp-json\/wp\/v2\/types\/post"}],"author":[{"embeddable":true,"href":"https:\/\/pagina10.com\/web\/wp-json\/wp\/v2\/users\/65"}],"replies":[{"embeddable":true,"href":"https:\/\/pagina10.com\/web\/wp-json\/wp\/v2\/comments?post=8152"}],"version-history":[{"count":0,"href":"https:\/\/pagina10.com\/web\/wp-json\/wp\/v2\/posts\/8152\/revisions"}],"wp:featuredmedia":[{"embeddable":true,"href":"https:\/\/pagina10.com\/web\/wp-json\/wp\/v2\/media\/8151"}],"wp:attachment":[{"href":"https:\/\/pagina10.com\/web\/wp-json\/wp\/v2\/media?parent=8152"}],"wp:term":[{"taxonomy":"category","embeddable":true,"href":"https:\/\/pagina10.com\/web\/wp-json\/wp\/v2\/categories?post=8152"},{"taxonomy":"post_tag","embeddable":true,"href":"https:\/\/pagina10.com\/web\/wp-json\/wp\/v2\/tags?post=8152"}],"curies":[{"name":"wp","href":"https:\/\/api.w.org\/{rel}","templated":true}]}}