{"id":8744,"date":"2014-06-29T14:34:03","date_gmt":"2014-06-29T14:34:03","guid":{"rendered":"https:\/\/pagina10.com\/web\/temporada-de-vientos-en-pasto-recomendaciones\/"},"modified":"2014-06-29T14:34:03","modified_gmt":"2014-06-29T14:34:03","slug":"temporada-de-vientos-en-pasto-recomendaciones","status":"publish","type":"post","link":"https:\/\/pagina10.com\/web\/temporada-de-vientos-en-pasto-recomendaciones\/","title":{"rendered":"Temporada de vientos en Pasto. Recomendaciones"},"content":{"rendered":"<p><img fetchpriority=\"high\" decoding=\"async\" class=\" size-full wp-image-8743\" src=\"https:\/\/pagina10.com\/web\/wp-content\/uploads\/2014\/06\/e59e6e463a6daabbb326c612f9aeb4de.jpg\" alt=\"Fotograf\u00eda: Miguel Garz\u00f3n Guerrero\" width=\"960\" height=\"576\" srcset=\"https:\/\/pagina10.com\/web\/wp-content\/uploads\/2014\/06\/e59e6e463a6daabbb326c612f9aeb4de.jpg 960w, https:\/\/pagina10.com\/web\/wp-content\/uploads\/2014\/06\/e59e6e463a6daabbb326c612f9aeb4de-300x180.jpg 300w, https:\/\/pagina10.com\/web\/wp-content\/uploads\/2014\/06\/e59e6e463a6daabbb326c612f9aeb4de-768x461.jpg 768w\" sizes=\"(max-width: 960px) 100vw, 960px\" \/><\/p>\n<p style=\"text-align: justify;\">Ante la temporada de vientos que afronta la capital de Nari\u00f1o, el director de Gesti\u00f3n del Riesgo de Desastres de Pasto Dar\u00edo G\u00f3mez Cabrera, recomend\u00f3 a la comunidad hacer mantenimientos preventivos en las viviendas de aquellos elementos que puedan desprenderse con facilidad por el fen\u00f3meno natural; asimismo, retirarse de \u00e1rboles, avisos publicitarios, redes de energ\u00eda y telefon\u00eda que representen peligro.<\/p>\n<p>  <!--more-->  <\/p>\n<p style=\"text-align: justify;\">\u201cEs importante que la comunidad tenga en cuenta las recomendaciones para evitar situaciones de emergencia, teniendo en cuenta que los vientos se presentar\u00e1n hasta finales del mes de agosto\u201d; precis\u00f3 el funcionario, quien agreg\u00f3 que las entidades que conforman el Consejo Municipal para la Gesti\u00f3n del Riesgo de Desastres adelantan acciones de prevenci\u00f3n con las comunidades de diferentes sectores para que mantengan la alerta frente a los cambios clim\u00e1ticos.<\/p>\n","protected":false},"excerpt":{"rendered":"<p>Ante la temporada de vientos que afronta la capital de Nari\u00f1o, el director de Gesti\u00f3n del Riesgo de Desastres de Pasto Dar\u00edo G\u00f3mez Cabrera, recomend\u00f3 a la comunidad hacer mantenimientos preventivos en las viviendas de aquellos elementos que puedan desprenderse con facilidad por el fen\u00f3meno natural; asimismo, retirarse de \u00e1rboles, avisos publicitarios, redes de energ\u00eda [&hellip;]<\/p>\n","protected":false},"author":29,"featured_media":8742,"comment_status":"open","ping_status":"open","sticky":false,"template":"","format":"standard","meta":{"footnotes":""},"categories":[82],"tags":[131,663],"class_list":["post-8744","post","type-post","status-publish","format-standard","has-post-thumbnail","hentry","category-ciudad-2","tag-pastonarino","tag-temporadadevientos"],"yoast_head":"<!-- This site is optimized with the Yoast SEO plugin v27.1.1 - https:\/\/yoast.com\/product\/yoast-seo-wordpress\/ -->\n<title>Temporada de vientos en Pasto. Recomendaciones | P\u00e1gina10<\/title>\n<meta name=\"robots\" content=\"index, follow, max-snippet:-1, max-image-preview:large, max-video-preview:-1\" \/>\n<link rel=\"canonical\" href=\"https:\/\/pagina10.com\/web\/temporada-de-vientos-en-pasto-recomendaciones\/\" \/>\n<meta property=\"og:locale\" content=\"es_ES\" \/>\n<meta property=\"og:type\" content=\"article\" \/>\n<meta property=\"og:title\" content=\"Temporada de vientos en Pasto. Recomendaciones | P\u00e1gina10\" \/>\n<meta property=\"og:description\" content=\"Ante la temporada de vientos que afronta la capital de Nari\u00f1o, el director de Gesti\u00f3n del Riesgo de Desastres de Pasto Dar\u00edo G\u00f3mez Cabrera, recomend\u00f3 a la comunidad hacer mantenimientos preventivos en las viviendas de aquellos elementos que puedan desprenderse con facilidad por el fen\u00f3meno natural; asimismo, retirarse de \u00e1rboles, avisos publicitarios, redes de energ\u00eda [&hellip;]\" \/>\n<meta property=\"og:url\" content=\"https:\/\/pagina10.com\/web\/temporada-de-vientos-en-pasto-recomendaciones\/\" \/>\n<meta property=\"og:site_name\" content=\"P\u00e1gina10\" \/>\n<meta property=\"article:publisher\" content=\"https:\/\/www.facebook.com\/pag10com\" \/>\n<meta property=\"article:published_time\" content=\"2014-06-29T14:34:03+00:00\" \/>\n<meta property=\"og:image\" content=\"https:\/\/pagina10.com\/web\/wp-content\/uploads\/2014\/06\/e59e6e463a6daabbb326c612f9aeb4de.jpg\" \/>\n\t<meta property=\"og:image:width\" content=\"960\" \/>\n\t<meta property=\"og:image:height\" content=\"576\" \/>\n\t<meta property=\"og:image:type\" content=\"image\/jpeg\" \/>\n<meta name=\"author\" content=\"P\u00e1gina 10\" \/>\n<meta name=\"twitter:card\" content=\"summary_large_image\" \/>\n<meta name=\"twitter:creator\" content=\"@Pag10com\" \/>\n<meta name=\"twitter:site\" content=\"@Pag10com\" \/>\n<meta name=\"twitter:label1\" content=\"Escrito por\" \/>\n\t<meta name=\"twitter:data1\" content=\"P\u00e1gina 10\" \/>\n\t<meta name=\"twitter:label2\" content=\"Tiempo de lectura\" \/>\n\t<meta name=\"twitter:data2\" content=\"1 minuto\" \/>\n<script type=\"application\/ld+json\" class=\"yoast-schema-graph\">{\"@context\":\"https:\/\/schema.org\",\"@graph\":[{\"@type\":\"Article\",\"@id\":\"https:\/\/pagina10.com\/web\/temporada-de-vientos-en-pasto-recomendaciones\/#article\",\"isPartOf\":{\"@id\":\"https:\/\/pagina10.com\/web\/temporada-de-vientos-en-pasto-recomendaciones\/\"},\"author\":{\"name\":\"P\u00e1gina 10\",\"@id\":\"https:\/\/pagina10.com\/web\/#\/schema\/person\/a7a5d38f0629dfc107f619fbae4f6cc3\"},\"headline\":\"Temporada de vientos en Pasto. Recomendaciones\",\"datePublished\":\"2014-06-29T14:34:03+00:00\",\"mainEntityOfPage\":{\"@id\":\"https:\/\/pagina10.com\/web\/temporada-de-vientos-en-pasto-recomendaciones\/\"},\"wordCount\":146,\"commentCount\":0,\"publisher\":{\"@id\":\"https:\/\/pagina10.com\/web\/#organization\"},\"image\":{\"@id\":\"https:\/\/pagina10.com\/web\/temporada-de-vientos-en-pasto-recomendaciones\/#primaryimage\"},\"thumbnailUrl\":\"https:\/\/pagina10.com\/web\/wp-content\/uploads\/2014\/06\/e59e6e463a6daabbb326c612f9aeb4de.jpg\",\"keywords\":[\"PastoNari\u00f1o\",\"TemporadaDeVientos\"],\"articleSection\":[\"Ciudad\"],\"inLanguage\":\"es\",\"potentialAction\":[{\"@type\":\"CommentAction\",\"name\":\"Comment\",\"target\":[\"https:\/\/pagina10.com\/web\/temporada-de-vientos-en-pasto-recomendaciones\/#respond\"]}]},{\"@type\":\"WebPage\",\"@id\":\"https:\/\/pagina10.com\/web\/temporada-de-vientos-en-pasto-recomendaciones\/\",\"url\":\"https:\/\/pagina10.com\/web\/temporada-de-vientos-en-pasto-recomendaciones\/\",\"name\":\"Temporada de vientos en Pasto. Recomendaciones | P\u00e1gina10\",\"isPartOf\":{\"@id\":\"https:\/\/pagina10.com\/web\/#website\"},\"primaryImageOfPage\":{\"@id\":\"https:\/\/pagina10.com\/web\/temporada-de-vientos-en-pasto-recomendaciones\/#primaryimage\"},\"image\":{\"@id\":\"https:\/\/pagina10.com\/web\/temporada-de-vientos-en-pasto-recomendaciones\/#primaryimage\"},\"thumbnailUrl\":\"https:\/\/pagina10.com\/web\/wp-content\/uploads\/2014\/06\/e59e6e463a6daabbb326c612f9aeb4de.jpg\",\"datePublished\":\"2014-06-29T14:34:03+00:00\",\"breadcrumb\":{\"@id\":\"https:\/\/pagina10.com\/web\/temporada-de-vientos-en-pasto-recomendaciones\/#breadcrumb\"},\"inLanguage\":\"es\",\"potentialAction\":[{\"@type\":\"ReadAction\",\"target\":[\"https:\/\/pagina10.com\/web\/temporada-de-vientos-en-pasto-recomendaciones\/\"]}]},{\"@type\":\"ImageObject\",\"inLanguage\":\"es\",\"@id\":\"https:\/\/pagina10.com\/web\/temporada-de-vientos-en-pasto-recomendaciones\/#primaryimage\",\"url\":\"https:\/\/pagina10.com\/web\/wp-content\/uploads\/2014\/06\/e59e6e463a6daabbb326c612f9aeb4de.jpg\",\"contentUrl\":\"https:\/\/pagina10.com\/web\/wp-content\/uploads\/2014\/06\/e59e6e463a6daabbb326c612f9aeb4de.jpg\",\"width\":960,\"height\":576,\"caption\":\"Fotograf\u00eda: Miguel Garz\u00f3n Guerrero\"},{\"@type\":\"BreadcrumbList\",\"@id\":\"https:\/\/pagina10.com\/web\/temporada-de-vientos-en-pasto-recomendaciones\/#breadcrumb\",\"itemListElement\":[{\"@type\":\"ListItem\",\"position\":1,\"name\":\"Portada\",\"item\":\"https:\/\/pagina10.com\/web\/\"},{\"@type\":\"ListItem\",\"position\":2,\"name\":\"Temporada de vientos en Pasto. Recomendaciones\"}]},{\"@type\":\"WebSite\",\"@id\":\"https:\/\/pagina10.com\/web\/#website\",\"url\":\"https:\/\/pagina10.com\/web\/\",\"name\":\"P\u00e1gina10\",\"description\":\"Peri\u00f3dico Regional\",\"publisher\":{\"@id\":\"https:\/\/pagina10.com\/web\/#organization\"},\"alternateName\":\"P\u00e1gina10 Peri\u00f3dico Regional\",\"potentialAction\":[{\"@type\":\"SearchAction\",\"target\":{\"@type\":\"EntryPoint\",\"urlTemplate\":\"https:\/\/pagina10.com\/web\/?s={search_term_string}\"},\"query-input\":{\"@type\":\"PropertyValueSpecification\",\"valueRequired\":true,\"valueName\":\"search_term_string\"}}],\"inLanguage\":\"es\"},{\"@type\":\"Organization\",\"@id\":\"https:\/\/pagina10.com\/web\/#organization\",\"name\":\"P\u00e1gina10\",\"alternateName\":\"P\u00e1gina10 Peri\u00f3dico Regional\",\"url\":\"https:\/\/pagina10.com\/web\/\",\"logo\":{\"@type\":\"ImageObject\",\"inLanguage\":\"es\",\"@id\":\"https:\/\/pagina10.com\/web\/#\/schema\/logo\/image\/\",\"url\":\"https:\/\/pagina10.com\/web\/wp-content\/uploads\/2024\/01\/40-pagina-10-periodico-regional-pasto.jpg\",\"contentUrl\":\"https:\/\/pagina10.com\/web\/wp-content\/uploads\/2024\/01\/40-pagina-10-periodico-regional-pasto.jpg\",\"width\":1280,\"height\":720,\"caption\":\"P\u00e1gina10\"},\"image\":{\"@id\":\"https:\/\/pagina10.com\/web\/#\/schema\/logo\/image\/\"},\"sameAs\":[\"https:\/\/www.facebook.com\/pag10com\",\"https:\/\/x.com\/Pag10com\",\"https:\/\/www.instagram.com\/pagina10col\/\",\"https:\/\/youtube.com\/channel\/pag10\",\"https:\/\/www.tiktok.com\/@p10col\"]},{\"@type\":\"Person\",\"@id\":\"https:\/\/pagina10.com\/web\/#\/schema\/person\/a7a5d38f0629dfc107f619fbae4f6cc3\",\"name\":\"P\u00e1gina 10\",\"description\":\"P\u00e1gina10.com es un peri\u00f3dico digital que nace en Colombia, en el departamento de Nari\u00f1o, con un enfoque global, fundamentado en cuatro pilares esenciales: la libertad, el pluralismo, la inclusi\u00f3n y la independencia. P\u00e1gina10.com hace referencia a Nari\u00f1o como el d\u00e9cimo departamento creado en Colombia, despu\u00e9s de un proceso pol\u00edtico liderado por actores y actrices regionales con el fin de obtener la independencia y autonom\u00eda de nuestros territorios. Con la creaci\u00f3n de P\u00e1gina10.com se pretende abrir un escenario para el dialogo, la reflexi\u00f3n y el debate que se extienda a otras geograf\u00edas de Am\u00e9rica Latina y del planeta, en una apuesta por transformar colectivamente los desaf\u00edos de un mundo contempor\u00e1neo, m\u00e1s all\u00e1 de las fronteras impuestas.\",\"url\":\"https:\/\/pagina10.com\/web\/author\/mcepeda\/\"}]}<\/script>\n<!-- \/ Yoast SEO plugin. -->","yoast_head_json":{"title":"Temporada de vientos en Pasto. Recomendaciones | P\u00e1gina10","robots":{"index":"index","follow":"follow","max-snippet":"max-snippet:-1","max-image-preview":"max-image-preview:large","max-video-preview":"max-video-preview:-1"},"canonical":"https:\/\/pagina10.com\/web\/temporada-de-vientos-en-pasto-recomendaciones\/","og_locale":"es_ES","og_type":"article","og_title":"Temporada de vientos en Pasto. Recomendaciones | P\u00e1gina10","og_description":"Ante la temporada de vientos que afronta la capital de Nari\u00f1o, el director de Gesti\u00f3n del Riesgo de Desastres de Pasto Dar\u00edo G\u00f3mez Cabrera, recomend\u00f3 a la comunidad hacer mantenimientos preventivos en las viviendas de aquellos elementos que puedan desprenderse con facilidad por el fen\u00f3meno natural; asimismo, retirarse de \u00e1rboles, avisos publicitarios, redes de energ\u00eda [&hellip;]","og_url":"https:\/\/pagina10.com\/web\/temporada-de-vientos-en-pasto-recomendaciones\/","og_site_name":"P\u00e1gina10","article_publisher":"https:\/\/www.facebook.com\/pag10com","article_published_time":"2014-06-29T14:34:03+00:00","og_image":[{"width":960,"height":576,"url":"https:\/\/pagina10.com\/web\/wp-content\/uploads\/2014\/06\/e59e6e463a6daabbb326c612f9aeb4de.jpg","type":"image\/jpeg"}],"author":"P\u00e1gina 10","twitter_card":"summary_large_image","twitter_creator":"@Pag10com","twitter_site":"@Pag10com","twitter_misc":{"Escrito por":"P\u00e1gina 10","Tiempo de lectura":"1 minuto"},"schema":{"@context":"https:\/\/schema.org","@graph":[{"@type":"Article","@id":"https:\/\/pagina10.com\/web\/temporada-de-vientos-en-pasto-recomendaciones\/#article","isPartOf":{"@id":"https:\/\/pagina10.com\/web\/temporada-de-vientos-en-pasto-recomendaciones\/"},"author":{"name":"P\u00e1gina 10","@id":"https:\/\/pagina10.com\/web\/#\/schema\/person\/a7a5d38f0629dfc107f619fbae4f6cc3"},"headline":"Temporada de vientos en Pasto. Recomendaciones","datePublished":"2014-06-29T14:34:03+00:00","mainEntityOfPage":{"@id":"https:\/\/pagina10.com\/web\/temporada-de-vientos-en-pasto-recomendaciones\/"},"wordCount":146,"commentCount":0,"publisher":{"@id":"https:\/\/pagina10.com\/web\/#organization"},"image":{"@id":"https:\/\/pagina10.com\/web\/temporada-de-vientos-en-pasto-recomendaciones\/#primaryimage"},"thumbnailUrl":"https:\/\/pagina10.com\/web\/wp-content\/uploads\/2014\/06\/e59e6e463a6daabbb326c612f9aeb4de.jpg","keywords":["PastoNari\u00f1o","TemporadaDeVientos"],"articleSection":["Ciudad"],"inLanguage":"es","potentialAction":[{"@type":"CommentAction","name":"Comment","target":["https:\/\/pagina10.com\/web\/temporada-de-vientos-en-pasto-recomendaciones\/#respond"]}]},{"@type":"WebPage","@id":"https:\/\/pagina10.com\/web\/temporada-de-vientos-en-pasto-recomendaciones\/","url":"https:\/\/pagina10.com\/web\/temporada-de-vientos-en-pasto-recomendaciones\/","name":"Temporada de vientos en Pasto. Recomendaciones | P\u00e1gina10","isPartOf":{"@id":"https:\/\/pagina10.com\/web\/#website"},"primaryImageOfPage":{"@id":"https:\/\/pagina10.com\/web\/temporada-de-vientos-en-pasto-recomendaciones\/#primaryimage"},"image":{"@id":"https:\/\/pagina10.com\/web\/temporada-de-vientos-en-pasto-recomendaciones\/#primaryimage"},"thumbnailUrl":"https:\/\/pagina10.com\/web\/wp-content\/uploads\/2014\/06\/e59e6e463a6daabbb326c612f9aeb4de.jpg","datePublished":"2014-06-29T14:34:03+00:00","breadcrumb":{"@id":"https:\/\/pagina10.com\/web\/temporada-de-vientos-en-pasto-recomendaciones\/#breadcrumb"},"inLanguage":"es","potentialAction":[{"@type":"ReadAction","target":["https:\/\/pagina10.com\/web\/temporada-de-vientos-en-pasto-recomendaciones\/"]}]},{"@type":"ImageObject","inLanguage":"es","@id":"https:\/\/pagina10.com\/web\/temporada-de-vientos-en-pasto-recomendaciones\/#primaryimage","url":"https:\/\/pagina10.com\/web\/wp-content\/uploads\/2014\/06\/e59e6e463a6daabbb326c612f9aeb4de.jpg","contentUrl":"https:\/\/pagina10.com\/web\/wp-content\/uploads\/2014\/06\/e59e6e463a6daabbb326c612f9aeb4de.jpg","width":960,"height":576,"caption":"Fotograf\u00eda: Miguel Garz\u00f3n Guerrero"},{"@type":"BreadcrumbList","@id":"https:\/\/pagina10.com\/web\/temporada-de-vientos-en-pasto-recomendaciones\/#breadcrumb","itemListElement":[{"@type":"ListItem","position":1,"name":"Portada","item":"https:\/\/pagina10.com\/web\/"},{"@type":"ListItem","position":2,"name":"Temporada de vientos en Pasto. Recomendaciones"}]},{"@type":"WebSite","@id":"https:\/\/pagina10.com\/web\/#website","url":"https:\/\/pagina10.com\/web\/","name":"P\u00e1gina10","description":"Peri\u00f3dico Regional","publisher":{"@id":"https:\/\/pagina10.com\/web\/#organization"},"alternateName":"P\u00e1gina10 Peri\u00f3dico Regional","potentialAction":[{"@type":"SearchAction","target":{"@type":"EntryPoint","urlTemplate":"https:\/\/pagina10.com\/web\/?s={search_term_string}"},"query-input":{"@type":"PropertyValueSpecification","valueRequired":true,"valueName":"search_term_string"}}],"inLanguage":"es"},{"@type":"Organization","@id":"https:\/\/pagina10.com\/web\/#organization","name":"P\u00e1gina10","alternateName":"P\u00e1gina10 Peri\u00f3dico Regional","url":"https:\/\/pagina10.com\/web\/","logo":{"@type":"ImageObject","inLanguage":"es","@id":"https:\/\/pagina10.com\/web\/#\/schema\/logo\/image\/","url":"https:\/\/pagina10.com\/web\/wp-content\/uploads\/2024\/01\/40-pagina-10-periodico-regional-pasto.jpg","contentUrl":"https:\/\/pagina10.com\/web\/wp-content\/uploads\/2024\/01\/40-pagina-10-periodico-regional-pasto.jpg","width":1280,"height":720,"caption":"P\u00e1gina10"},"image":{"@id":"https:\/\/pagina10.com\/web\/#\/schema\/logo\/image\/"},"sameAs":["https:\/\/www.facebook.com\/pag10com","https:\/\/x.com\/Pag10com","https:\/\/www.instagram.com\/pagina10col\/","https:\/\/youtube.com\/channel\/pag10","https:\/\/www.tiktok.com\/@p10col"]},{"@type":"Person","@id":"https:\/\/pagina10.com\/web\/#\/schema\/person\/a7a5d38f0629dfc107f619fbae4f6cc3","name":"P\u00e1gina 10","description":"P\u00e1gina10.com es un peri\u00f3dico digital que nace en Colombia, en el departamento de Nari\u00f1o, con un enfoque global, fundamentado en cuatro pilares esenciales: la libertad, el pluralismo, la inclusi\u00f3n y la independencia. P\u00e1gina10.com hace referencia a Nari\u00f1o como el d\u00e9cimo departamento creado en Colombia, despu\u00e9s de un proceso pol\u00edtico liderado por actores y actrices regionales con el fin de obtener la independencia y autonom\u00eda de nuestros territorios. Con la creaci\u00f3n de P\u00e1gina10.com se pretende abrir un escenario para el dialogo, la reflexi\u00f3n y el debate que se extienda a otras geograf\u00edas de Am\u00e9rica Latina y del planeta, en una apuesta por transformar colectivamente los desaf\u00edos de un mundo contempor\u00e1neo, m\u00e1s all\u00e1 de las fronteras impuestas.","url":"https:\/\/pagina10.com\/web\/author\/mcepeda\/"}]}},"_links":{"self":[{"href":"https:\/\/pagina10.com\/web\/wp-json\/wp\/v2\/posts\/8744","targetHints":{"allow":["GET"]}}],"collection":[{"href":"https:\/\/pagina10.com\/web\/wp-json\/wp\/v2\/posts"}],"about":[{"href":"https:\/\/pagina10.com\/web\/wp-json\/wp\/v2\/types\/post"}],"author":[{"embeddable":true,"href":"https:\/\/pagina10.com\/web\/wp-json\/wp\/v2\/users\/29"}],"replies":[{"embeddable":true,"href":"https:\/\/pagina10.com\/web\/wp-json\/wp\/v2\/comments?post=8744"}],"version-history":[{"count":0,"href":"https:\/\/pagina10.com\/web\/wp-json\/wp\/v2\/posts\/8744\/revisions"}],"wp:featuredmedia":[{"embeddable":true,"href":"https:\/\/pagina10.com\/web\/wp-json\/wp\/v2\/media\/8742"}],"wp:attachment":[{"href":"https:\/\/pagina10.com\/web\/wp-json\/wp\/v2\/media?parent=8744"}],"wp:term":[{"taxonomy":"category","embeddable":true,"href":"https:\/\/pagina10.com\/web\/wp-json\/wp\/v2\/categories?post=8744"},{"taxonomy":"post_tag","embeddable":true,"href":"https:\/\/pagina10.com\/web\/wp-json\/wp\/v2\/tags?post=8744"}],"curies":[{"name":"wp","href":"https:\/\/api.w.org\/{rel}","templated":true}]}}