{"id":8767,"date":"2014-06-30T20:07:19","date_gmt":"2014-06-30T20:07:19","guid":{"rendered":"https:\/\/pagina10.com\/web\/sirven-las-medidas-restrictivas-en-pasto\/"},"modified":"2014-06-30T20:07:19","modified_gmt":"2014-06-30T20:07:19","slug":"sirven-las-medidas-restrictivas-en-pasto","status":"publish","type":"post","link":"https:\/\/pagina10.com\/web\/sirven-las-medidas-restrictivas-en-pasto\/","title":{"rendered":"\u00bfSirven las medidas restrictivas en Pasto?"},"content":{"rendered":"<p><img fetchpriority=\"high\" decoding=\"async\" class=\" size-full wp-image-8766\" src=\"https:\/\/pagina10.com\/web\/wp-content\/uploads\/2014\/06\/c41a136becd97492537d794b131f5498.jpg\" alt=\"\" width=\"659\" height=\"394\" srcset=\"https:\/\/pagina10.com\/web\/wp-content\/uploads\/2014\/06\/c41a136becd97492537d794b131f5498.jpg 659w, https:\/\/pagina10.com\/web\/wp-content\/uploads\/2014\/06\/c41a136becd97492537d794b131f5498-300x179.jpg 300w\" sizes=\"(max-width: 659px) 100vw, 659px\" \/><\/p>\n<p style=\"text-align: justify;\">Durante la celebraci\u00f3n tras el triunfo de la Selecci\u00f3n Colombia ante Uruguay y su paso a cuartos de final del mundial Brasil 2014, la Secretaria de Tr\u00e1nsito de Pasto report\u00f3 nueve accidentes con lesionados, de los cuales siete fueron ocasionados por veh\u00edculos y uno por motocicleta. A esto se suma un caso donde se vio involucrado un conductor de veh\u00edculo en estado de embriaguez.<\/p>\n<p>  <!--more-->  <\/p>\n<p style=\"text-align: justify;\">El Subsecretario Operativo de Tr\u00e1nsito Fernando Bastidas Tobar, manifest\u00f3 que se registraron 107 motos inmovilizadas correspondientes a: 57 por violaci\u00f3n al decreto 0239 y 60 por documentaci\u00f3n, adicional hubo 5 veh\u00edculos inmovilizados por estado de embriaguez.<\/p>\n<p style=\"text-align: justify;\">&nbsp;<\/p>\n<p style=\"text-align: justify;\">&#8220;La zona m\u00e1s complicada fue nuevamente la Avenida de los Estudiantes, por la cantidad de gente celebrando y que ya en altas horas de la noche se evidenci\u00f3 exceso en el consumo de bebidas alcoh\u00f3licas. Los operativos se realizaron conjuntamente con la Secretaria de Gobierno Municipal, Polic\u00eda Metropolitana y el Ej\u00e9rcito Nacional&#8221;, indic\u00f3 el Subsecretario, quien agreg\u00f3 que los operativos se llevaron a cabo hasta las horas de la madrugada del domingo 29 de junio.<\/p>\n<p style=\"text-align: justify;\">&nbsp;<\/p>\n<p style=\"text-align: justify;\"><strong>OPERATIVOS DE SEGURIDAD<\/strong><\/p>\n<p style=\"text-align: justify;\">&nbsp;<\/p>\n<p style=\"text-align: justify;\">En el tema de seguridad y comportamiento ciudadano por la celebraci\u00f3n del triunfo de la Selecci\u00f3n Colombia, la Secretaria (e) de Gobierno Carol Huertas Estrada, manifest\u00f3 que se registraron 39 ri\u00f1as, cinco lesionados con arma blanca y tres capturas por estos hechos. Asimismo, 75 personas fueron conducidas al CECOM por consumir licor en espacio p\u00fablico e infringiendo la ley seca. La funcionaria destac\u00f3 el comportamiento de los establecimientos comerciales sobre el respeto a la medida de la ley seca.<\/p>\n","protected":false},"excerpt":{"rendered":"<p>Durante la celebraci\u00f3n tras el triunfo de la Selecci\u00f3n Colombia ante Uruguay y su paso a cuartos de final del mundial Brasil 2014, la Secretaria de Tr\u00e1nsito de Pasto report\u00f3 nueve accidentes con lesionados, de los cuales siete fueron ocasionados por veh\u00edculos y uno por motocicleta. A esto se suma un caso donde se vio [&hellip;]<\/p>\n","protected":false},"author":29,"featured_media":8766,"comment_status":"open","ping_status":"open","sticky":false,"template":"","format":"standard","meta":{"footnotes":""},"categories":[82],"tags":[641,495,536],"class_list":["post-8767","post","type-post","status-publish","format-standard","has-post-thumbnail","hentry","category-ciudad-2","tag-medidasrestrictivaspasto","tag-mundialdebrasil","tag-seleccioncolombia"],"yoast_head":"<!-- This site is optimized with the Yoast SEO plugin v27.1.1 - https:\/\/yoast.com\/product\/yoast-seo-wordpress\/ -->\n<title>\u00bfSirven las medidas restrictivas en Pasto? | P\u00e1gina10<\/title>\n<meta name=\"robots\" content=\"index, follow, max-snippet:-1, max-image-preview:large, max-video-preview:-1\" \/>\n<link rel=\"canonical\" href=\"https:\/\/pagina10.com\/web\/sirven-las-medidas-restrictivas-en-pasto\/\" \/>\n<meta property=\"og:locale\" content=\"es_ES\" \/>\n<meta property=\"og:type\" content=\"article\" \/>\n<meta property=\"og:title\" content=\"\u00bfSirven las medidas restrictivas en Pasto? | P\u00e1gina10\" \/>\n<meta property=\"og:description\" content=\"Durante la celebraci\u00f3n tras el triunfo de la Selecci\u00f3n Colombia ante Uruguay y su paso a cuartos de final del mundial Brasil 2014, la Secretaria de Tr\u00e1nsito de Pasto report\u00f3 nueve accidentes con lesionados, de los cuales siete fueron ocasionados por veh\u00edculos y uno por motocicleta. A esto se suma un caso donde se vio [&hellip;]\" \/>\n<meta property=\"og:url\" content=\"https:\/\/pagina10.com\/web\/sirven-las-medidas-restrictivas-en-pasto\/\" \/>\n<meta property=\"og:site_name\" content=\"P\u00e1gina10\" \/>\n<meta property=\"article:publisher\" content=\"https:\/\/www.facebook.com\/pag10com\" \/>\n<meta property=\"article:published_time\" content=\"2014-06-30T20:07:19+00:00\" \/>\n<meta property=\"og:image\" content=\"https:\/\/pagina10.com\/web\/wp-content\/uploads\/2014\/06\/c41a136becd97492537d794b131f5498.jpg\" \/>\n\t<meta property=\"og:image:width\" content=\"659\" \/>\n\t<meta property=\"og:image:height\" content=\"394\" \/>\n\t<meta property=\"og:image:type\" content=\"image\/jpeg\" \/>\n<meta name=\"author\" content=\"P\u00e1gina 10\" \/>\n<meta name=\"twitter:card\" content=\"summary_large_image\" \/>\n<meta name=\"twitter:creator\" content=\"@Pag10com\" \/>\n<meta name=\"twitter:site\" content=\"@Pag10com\" \/>\n<meta name=\"twitter:label1\" content=\"Escrito por\" \/>\n\t<meta name=\"twitter:data1\" content=\"P\u00e1gina 10\" \/>\n\t<meta name=\"twitter:label2\" content=\"Tiempo de lectura\" \/>\n\t<meta name=\"twitter:data2\" content=\"1 minuto\" \/>\n<script type=\"application\/ld+json\" class=\"yoast-schema-graph\">{\"@context\":\"https:\/\/schema.org\",\"@graph\":[{\"@type\":\"Article\",\"@id\":\"https:\/\/pagina10.com\/web\/sirven-las-medidas-restrictivas-en-pasto\/#article\",\"isPartOf\":{\"@id\":\"https:\/\/pagina10.com\/web\/sirven-las-medidas-restrictivas-en-pasto\/\"},\"author\":{\"name\":\"P\u00e1gina 10\",\"@id\":\"https:\/\/pagina10.com\/web\/#\/schema\/person\/a7a5d38f0629dfc107f619fbae4f6cc3\"},\"headline\":\"\u00bfSirven las medidas restrictivas en Pasto?\",\"datePublished\":\"2014-06-30T20:07:19+00:00\",\"mainEntityOfPage\":{\"@id\":\"https:\/\/pagina10.com\/web\/sirven-las-medidas-restrictivas-en-pasto\/\"},\"wordCount\":274,\"commentCount\":0,\"publisher\":{\"@id\":\"https:\/\/pagina10.com\/web\/#organization\"},\"image\":{\"@id\":\"https:\/\/pagina10.com\/web\/sirven-las-medidas-restrictivas-en-pasto\/#primaryimage\"},\"thumbnailUrl\":\"https:\/\/pagina10.com\/web\/wp-content\/uploads\/2014\/06\/c41a136becd97492537d794b131f5498.jpg\",\"keywords\":[\"MedidasRestrictivasPasto\",\"MundialdeBrasil\",\"Selecci\u00f3nColombia\"],\"articleSection\":[\"Ciudad\"],\"inLanguage\":\"es\",\"potentialAction\":[{\"@type\":\"CommentAction\",\"name\":\"Comment\",\"target\":[\"https:\/\/pagina10.com\/web\/sirven-las-medidas-restrictivas-en-pasto\/#respond\"]}]},{\"@type\":\"WebPage\",\"@id\":\"https:\/\/pagina10.com\/web\/sirven-las-medidas-restrictivas-en-pasto\/\",\"url\":\"https:\/\/pagina10.com\/web\/sirven-las-medidas-restrictivas-en-pasto\/\",\"name\":\"\u00bfSirven las medidas restrictivas en Pasto? | P\u00e1gina10\",\"isPartOf\":{\"@id\":\"https:\/\/pagina10.com\/web\/#website\"},\"primaryImageOfPage\":{\"@id\":\"https:\/\/pagina10.com\/web\/sirven-las-medidas-restrictivas-en-pasto\/#primaryimage\"},\"image\":{\"@id\":\"https:\/\/pagina10.com\/web\/sirven-las-medidas-restrictivas-en-pasto\/#primaryimage\"},\"thumbnailUrl\":\"https:\/\/pagina10.com\/web\/wp-content\/uploads\/2014\/06\/c41a136becd97492537d794b131f5498.jpg\",\"datePublished\":\"2014-06-30T20:07:19+00:00\",\"breadcrumb\":{\"@id\":\"https:\/\/pagina10.com\/web\/sirven-las-medidas-restrictivas-en-pasto\/#breadcrumb\"},\"inLanguage\":\"es\",\"potentialAction\":[{\"@type\":\"ReadAction\",\"target\":[\"https:\/\/pagina10.com\/web\/sirven-las-medidas-restrictivas-en-pasto\/\"]}]},{\"@type\":\"ImageObject\",\"inLanguage\":\"es\",\"@id\":\"https:\/\/pagina10.com\/web\/sirven-las-medidas-restrictivas-en-pasto\/#primaryimage\",\"url\":\"https:\/\/pagina10.com\/web\/wp-content\/uploads\/2014\/06\/c41a136becd97492537d794b131f5498.jpg\",\"contentUrl\":\"https:\/\/pagina10.com\/web\/wp-content\/uploads\/2014\/06\/c41a136becd97492537d794b131f5498.jpg\",\"width\":659,\"height\":394},{\"@type\":\"BreadcrumbList\",\"@id\":\"https:\/\/pagina10.com\/web\/sirven-las-medidas-restrictivas-en-pasto\/#breadcrumb\",\"itemListElement\":[{\"@type\":\"ListItem\",\"position\":1,\"name\":\"Portada\",\"item\":\"https:\/\/pagina10.com\/web\/\"},{\"@type\":\"ListItem\",\"position\":2,\"name\":\"\u00bfSirven las medidas restrictivas en Pasto?\"}]},{\"@type\":\"WebSite\",\"@id\":\"https:\/\/pagina10.com\/web\/#website\",\"url\":\"https:\/\/pagina10.com\/web\/\",\"name\":\"P\u00e1gina10\",\"description\":\"Peri\u00f3dico Regional\",\"publisher\":{\"@id\":\"https:\/\/pagina10.com\/web\/#organization\"},\"alternateName\":\"P\u00e1gina10 Peri\u00f3dico Regional\",\"potentialAction\":[{\"@type\":\"SearchAction\",\"target\":{\"@type\":\"EntryPoint\",\"urlTemplate\":\"https:\/\/pagina10.com\/web\/?s={search_term_string}\"},\"query-input\":{\"@type\":\"PropertyValueSpecification\",\"valueRequired\":true,\"valueName\":\"search_term_string\"}}],\"inLanguage\":\"es\"},{\"@type\":\"Organization\",\"@id\":\"https:\/\/pagina10.com\/web\/#organization\",\"name\":\"P\u00e1gina10\",\"alternateName\":\"P\u00e1gina10 Peri\u00f3dico Regional\",\"url\":\"https:\/\/pagina10.com\/web\/\",\"logo\":{\"@type\":\"ImageObject\",\"inLanguage\":\"es\",\"@id\":\"https:\/\/pagina10.com\/web\/#\/schema\/logo\/image\/\",\"url\":\"https:\/\/pagina10.com\/web\/wp-content\/uploads\/2024\/01\/40-pagina-10-periodico-regional-pasto.jpg\",\"contentUrl\":\"https:\/\/pagina10.com\/web\/wp-content\/uploads\/2024\/01\/40-pagina-10-periodico-regional-pasto.jpg\",\"width\":1280,\"height\":720,\"caption\":\"P\u00e1gina10\"},\"image\":{\"@id\":\"https:\/\/pagina10.com\/web\/#\/schema\/logo\/image\/\"},\"sameAs\":[\"https:\/\/www.facebook.com\/pag10com\",\"https:\/\/x.com\/Pag10com\",\"https:\/\/www.instagram.com\/pagina10col\/\",\"https:\/\/youtube.com\/channel\/pag10\",\"https:\/\/www.tiktok.com\/@p10col\"]},{\"@type\":\"Person\",\"@id\":\"https:\/\/pagina10.com\/web\/#\/schema\/person\/a7a5d38f0629dfc107f619fbae4f6cc3\",\"name\":\"P\u00e1gina 10\",\"description\":\"P\u00e1gina10.com es un peri\u00f3dico digital que nace en Colombia, en el departamento de Nari\u00f1o, con un enfoque global, fundamentado en cuatro pilares esenciales: la libertad, el pluralismo, la inclusi\u00f3n y la independencia. P\u00e1gina10.com hace referencia a Nari\u00f1o como el d\u00e9cimo departamento creado en Colombia, despu\u00e9s de un proceso pol\u00edtico liderado por actores y actrices regionales con el fin de obtener la independencia y autonom\u00eda de nuestros territorios. Con la creaci\u00f3n de P\u00e1gina10.com se pretende abrir un escenario para el dialogo, la reflexi\u00f3n y el debate que se extienda a otras geograf\u00edas de Am\u00e9rica Latina y del planeta, en una apuesta por transformar colectivamente los desaf\u00edos de un mundo contempor\u00e1neo, m\u00e1s all\u00e1 de las fronteras impuestas.\",\"url\":\"https:\/\/pagina10.com\/web\/author\/mcepeda\/\"}]}<\/script>\n<!-- \/ Yoast SEO plugin. -->","yoast_head_json":{"title":"\u00bfSirven las medidas restrictivas en Pasto? | P\u00e1gina10","robots":{"index":"index","follow":"follow","max-snippet":"max-snippet:-1","max-image-preview":"max-image-preview:large","max-video-preview":"max-video-preview:-1"},"canonical":"https:\/\/pagina10.com\/web\/sirven-las-medidas-restrictivas-en-pasto\/","og_locale":"es_ES","og_type":"article","og_title":"\u00bfSirven las medidas restrictivas en Pasto? | P\u00e1gina10","og_description":"Durante la celebraci\u00f3n tras el triunfo de la Selecci\u00f3n Colombia ante Uruguay y su paso a cuartos de final del mundial Brasil 2014, la Secretaria de Tr\u00e1nsito de Pasto report\u00f3 nueve accidentes con lesionados, de los cuales siete fueron ocasionados por veh\u00edculos y uno por motocicleta. A esto se suma un caso donde se vio [&hellip;]","og_url":"https:\/\/pagina10.com\/web\/sirven-las-medidas-restrictivas-en-pasto\/","og_site_name":"P\u00e1gina10","article_publisher":"https:\/\/www.facebook.com\/pag10com","article_published_time":"2014-06-30T20:07:19+00:00","og_image":[{"width":659,"height":394,"url":"https:\/\/pagina10.com\/web\/wp-content\/uploads\/2014\/06\/c41a136becd97492537d794b131f5498.jpg","type":"image\/jpeg"}],"author":"P\u00e1gina 10","twitter_card":"summary_large_image","twitter_creator":"@Pag10com","twitter_site":"@Pag10com","twitter_misc":{"Escrito por":"P\u00e1gina 10","Tiempo de lectura":"1 minuto"},"schema":{"@context":"https:\/\/schema.org","@graph":[{"@type":"Article","@id":"https:\/\/pagina10.com\/web\/sirven-las-medidas-restrictivas-en-pasto\/#article","isPartOf":{"@id":"https:\/\/pagina10.com\/web\/sirven-las-medidas-restrictivas-en-pasto\/"},"author":{"name":"P\u00e1gina 10","@id":"https:\/\/pagina10.com\/web\/#\/schema\/person\/a7a5d38f0629dfc107f619fbae4f6cc3"},"headline":"\u00bfSirven las medidas restrictivas en Pasto?","datePublished":"2014-06-30T20:07:19+00:00","mainEntityOfPage":{"@id":"https:\/\/pagina10.com\/web\/sirven-las-medidas-restrictivas-en-pasto\/"},"wordCount":274,"commentCount":0,"publisher":{"@id":"https:\/\/pagina10.com\/web\/#organization"},"image":{"@id":"https:\/\/pagina10.com\/web\/sirven-las-medidas-restrictivas-en-pasto\/#primaryimage"},"thumbnailUrl":"https:\/\/pagina10.com\/web\/wp-content\/uploads\/2014\/06\/c41a136becd97492537d794b131f5498.jpg","keywords":["MedidasRestrictivasPasto","MundialdeBrasil","Selecci\u00f3nColombia"],"articleSection":["Ciudad"],"inLanguage":"es","potentialAction":[{"@type":"CommentAction","name":"Comment","target":["https:\/\/pagina10.com\/web\/sirven-las-medidas-restrictivas-en-pasto\/#respond"]}]},{"@type":"WebPage","@id":"https:\/\/pagina10.com\/web\/sirven-las-medidas-restrictivas-en-pasto\/","url":"https:\/\/pagina10.com\/web\/sirven-las-medidas-restrictivas-en-pasto\/","name":"\u00bfSirven las medidas restrictivas en Pasto? | P\u00e1gina10","isPartOf":{"@id":"https:\/\/pagina10.com\/web\/#website"},"primaryImageOfPage":{"@id":"https:\/\/pagina10.com\/web\/sirven-las-medidas-restrictivas-en-pasto\/#primaryimage"},"image":{"@id":"https:\/\/pagina10.com\/web\/sirven-las-medidas-restrictivas-en-pasto\/#primaryimage"},"thumbnailUrl":"https:\/\/pagina10.com\/web\/wp-content\/uploads\/2014\/06\/c41a136becd97492537d794b131f5498.jpg","datePublished":"2014-06-30T20:07:19+00:00","breadcrumb":{"@id":"https:\/\/pagina10.com\/web\/sirven-las-medidas-restrictivas-en-pasto\/#breadcrumb"},"inLanguage":"es","potentialAction":[{"@type":"ReadAction","target":["https:\/\/pagina10.com\/web\/sirven-las-medidas-restrictivas-en-pasto\/"]}]},{"@type":"ImageObject","inLanguage":"es","@id":"https:\/\/pagina10.com\/web\/sirven-las-medidas-restrictivas-en-pasto\/#primaryimage","url":"https:\/\/pagina10.com\/web\/wp-content\/uploads\/2014\/06\/c41a136becd97492537d794b131f5498.jpg","contentUrl":"https:\/\/pagina10.com\/web\/wp-content\/uploads\/2014\/06\/c41a136becd97492537d794b131f5498.jpg","width":659,"height":394},{"@type":"BreadcrumbList","@id":"https:\/\/pagina10.com\/web\/sirven-las-medidas-restrictivas-en-pasto\/#breadcrumb","itemListElement":[{"@type":"ListItem","position":1,"name":"Portada","item":"https:\/\/pagina10.com\/web\/"},{"@type":"ListItem","position":2,"name":"\u00bfSirven las medidas restrictivas en Pasto?"}]},{"@type":"WebSite","@id":"https:\/\/pagina10.com\/web\/#website","url":"https:\/\/pagina10.com\/web\/","name":"P\u00e1gina10","description":"Peri\u00f3dico Regional","publisher":{"@id":"https:\/\/pagina10.com\/web\/#organization"},"alternateName":"P\u00e1gina10 Peri\u00f3dico Regional","potentialAction":[{"@type":"SearchAction","target":{"@type":"EntryPoint","urlTemplate":"https:\/\/pagina10.com\/web\/?s={search_term_string}"},"query-input":{"@type":"PropertyValueSpecification","valueRequired":true,"valueName":"search_term_string"}}],"inLanguage":"es"},{"@type":"Organization","@id":"https:\/\/pagina10.com\/web\/#organization","name":"P\u00e1gina10","alternateName":"P\u00e1gina10 Peri\u00f3dico Regional","url":"https:\/\/pagina10.com\/web\/","logo":{"@type":"ImageObject","inLanguage":"es","@id":"https:\/\/pagina10.com\/web\/#\/schema\/logo\/image\/","url":"https:\/\/pagina10.com\/web\/wp-content\/uploads\/2024\/01\/40-pagina-10-periodico-regional-pasto.jpg","contentUrl":"https:\/\/pagina10.com\/web\/wp-content\/uploads\/2024\/01\/40-pagina-10-periodico-regional-pasto.jpg","width":1280,"height":720,"caption":"P\u00e1gina10"},"image":{"@id":"https:\/\/pagina10.com\/web\/#\/schema\/logo\/image\/"},"sameAs":["https:\/\/www.facebook.com\/pag10com","https:\/\/x.com\/Pag10com","https:\/\/www.instagram.com\/pagina10col\/","https:\/\/youtube.com\/channel\/pag10","https:\/\/www.tiktok.com\/@p10col"]},{"@type":"Person","@id":"https:\/\/pagina10.com\/web\/#\/schema\/person\/a7a5d38f0629dfc107f619fbae4f6cc3","name":"P\u00e1gina 10","description":"P\u00e1gina10.com es un peri\u00f3dico digital que nace en Colombia, en el departamento de Nari\u00f1o, con un enfoque global, fundamentado en cuatro pilares esenciales: la libertad, el pluralismo, la inclusi\u00f3n y la independencia. P\u00e1gina10.com hace referencia a Nari\u00f1o como el d\u00e9cimo departamento creado en Colombia, despu\u00e9s de un proceso pol\u00edtico liderado por actores y actrices regionales con el fin de obtener la independencia y autonom\u00eda de nuestros territorios. Con la creaci\u00f3n de P\u00e1gina10.com se pretende abrir un escenario para el dialogo, la reflexi\u00f3n y el debate que se extienda a otras geograf\u00edas de Am\u00e9rica Latina y del planeta, en una apuesta por transformar colectivamente los desaf\u00edos de un mundo contempor\u00e1neo, m\u00e1s all\u00e1 de las fronteras impuestas.","url":"https:\/\/pagina10.com\/web\/author\/mcepeda\/"}]}},"_links":{"self":[{"href":"https:\/\/pagina10.com\/web\/wp-json\/wp\/v2\/posts\/8767","targetHints":{"allow":["GET"]}}],"collection":[{"href":"https:\/\/pagina10.com\/web\/wp-json\/wp\/v2\/posts"}],"about":[{"href":"https:\/\/pagina10.com\/web\/wp-json\/wp\/v2\/types\/post"}],"author":[{"embeddable":true,"href":"https:\/\/pagina10.com\/web\/wp-json\/wp\/v2\/users\/29"}],"replies":[{"embeddable":true,"href":"https:\/\/pagina10.com\/web\/wp-json\/wp\/v2\/comments?post=8767"}],"version-history":[{"count":0,"href":"https:\/\/pagina10.com\/web\/wp-json\/wp\/v2\/posts\/8767\/revisions"}],"wp:featuredmedia":[{"embeddable":true,"href":"https:\/\/pagina10.com\/web\/wp-json\/wp\/v2\/media\/8766"}],"wp:attachment":[{"href":"https:\/\/pagina10.com\/web\/wp-json\/wp\/v2\/media?parent=8767"}],"wp:term":[{"taxonomy":"category","embeddable":true,"href":"https:\/\/pagina10.com\/web\/wp-json\/wp\/v2\/categories?post=8767"},{"taxonomy":"post_tag","embeddable":true,"href":"https:\/\/pagina10.com\/web\/wp-json\/wp\/v2\/tags?post=8767"}],"curies":[{"name":"wp","href":"https:\/\/api.w.org\/{rel}","templated":true}]}}