{"id":8852,"date":"2014-07-06T23:45:44","date_gmt":"2014-07-06T23:45:44","guid":{"rendered":"https:\/\/pagina10.com\/web\/este-7-de-julio-inician-pagos-a-beneficiarios-del-programa-colombia-mayor\/"},"modified":"2014-07-06T23:45:44","modified_gmt":"2014-07-06T23:45:44","slug":"este-7-de-julio-inician-pagos-a-beneficiarios-del-programa-colombia-mayor","status":"publish","type":"post","link":"https:\/\/pagina10.com\/web\/este-7-de-julio-inician-pagos-a-beneficiarios-del-programa-colombia-mayor\/","title":{"rendered":"Este 7 de julio inician pagos a beneficiarios del Programa Colombia Mayor"},"content":{"rendered":"<p><img fetchpriority=\"high\" decoding=\"async\" class=\" size-full wp-image-8851\" src=\"https:\/\/pagina10.com\/web\/wp-content\/uploads\/2014\/07\/d06fdaa9f232e92a3beebf15d68190ab.jpg\" alt=\"\" width=\"600\" height=\"400\" srcset=\"https:\/\/pagina10.com\/web\/wp-content\/uploads\/2014\/07\/d06fdaa9f232e92a3beebf15d68190ab.jpg 600w, https:\/\/pagina10.com\/web\/wp-content\/uploads\/2014\/07\/d06fdaa9f232e92a3beebf15d68190ab-300x200.jpg 300w, https:\/\/pagina10.com\/web\/wp-content\/uploads\/2014\/07\/d06fdaa9f232e92a3beebf15d68190ab-450x300.jpg 450w\" sizes=\"(max-width: 600px) 100vw, 600px\" \/><\/p>\n<p style=\"text-align: justify;\">La Secretar\u00eda de Bienestar Social comunica a los beneficiarios del Programa Colombia Mayor (modalidad subsidio econ\u00f3mico), que se iniciar\u00e1 los pagos de subsidio econ\u00f3mico en todos los puntos de atenci\u00f3n autorizados.<\/p>\n<p style=\"text-align: justify;\">Con el fin de mejorar la atenci\u00f3n a partir de la fecha se implementar\u00e1n tres nuevos puntos de pago en la zona urbana y se pagar\u00e1 en cada uno de los corregimientos del municipio de Pasto. La secretaria de la dependencia, Laura Patricia Mart\u00ednez Baquero, explic\u00f3 que se cancelar\u00e1 la n\u00f3mina correspondiente a los meses de mayo y junio del presente a\u00f1o, durante las fechas establecidas de la siguiente manera:<\/p>\n<p style=\"text-align: justify;\">&nbsp;<\/p>\n<p style=\"text-align: justify;\"><strong>Servientregas y Supergiros:<\/strong> a partir del lunes 7 hasta el lunes 28 de julio de 8:00 de la ma\u00f1ana hasta las 12:00 del mediod\u00eda.<\/p>\n<p style=\"text-align: justify;\"><strong>Banco Popular:<\/strong> a partir del&nbsp; jueves 10 hasta el lunes 28 de julio de 8:00 hasta las 11:30 de la ma\u00f1ana y de 2:00 hasta las 4:00 de la tarde.<\/p>\n<p style=\"text-align: justify;\"><strong>Corregimientos:<\/strong> a partir del lunes 7 al viernes 18 de julio seg\u00fan cronograma establecido. Las personas que no alcancen a realizar su cobro en los corregimientos de acuerdo al cronograma, deben acercarse a partir del 21 hasta el 28 de julio, a los distintos puntos Supergiros en la ciudad de Pasto.<\/p>\n<p style=\"text-align: justify;\">&nbsp;<\/p>\n<p style=\"text-align: justify;\">Se recuerda a los beneficiarios\/as que es indispensable presentar la c\u00e9dula original. En caso de personas que cobran con poder notarial, \u00e9ste debe tener vigencia del \u00faltimo mes, adem\u00e1s se debe presentar las dos cedulas originales (beneficiario\/a y apoderado\/a).<\/p>\n<p style=\"text-align: justify;\">&nbsp;<\/p>\n<p style=\"text-align: justify;\">Con el fin de brindar una mejor atenci\u00f3n a todas las personas mayores del municipio, la distribuci\u00f3n de la n\u00f3mina se realiza de acuerdo al \u00faltimo d\u00edgito del n\u00famero de c\u00e9dula, teniendo en cuenta el siguiente cronograma:<\/p>\n<p style=\"text-align: justify;\"><strong>&nbsp;<\/strong><\/p>\n<p style=\"text-align: justify;\"><strong>Puntos de pagos autorizados<\/strong><\/p>\n<p><img decoding=\"async\" alt=\"\" src=\"https:\/\/scontent-b-mia.xx.fbcdn.net\/hphotos-xpf1\/t1.0-9\/10432926_697600696942773_8653663126408493590_n.png\" title=\"\" \/><\/p>\n<p>&nbsp;<\/p>\n<p style=\"text-align: justify;\">De igual manera, para evitar congestiones, tener un mayor control y evitar la larga espera de las personas mayores en los puntos de pago, se mantiene la estrategia de pago, que se puede observar en el siguiente cronograma:<\/p>\n<p><img decoding=\"async\" alt=\"\" src=\"https:\/\/scontent-b-mia.xx.fbcdn.net\/hphotos-xpf1\/t1.0-9\/10329196_697601033609406_8109972645253720654_n.png\" title=\"\" \/><\/p>\n<p>&nbsp;<\/p>\n<p><img decoding=\"async\" alt=\"\" src=\"https:\/\/fbcdn-sphotos-f-a.akamaihd.net\/hphotos-ak-xap1\/t1.0-9\/10516712_697601153609394_6642699654859911948_n.png\" title=\"\" \/><\/p>\n<p>&nbsp;<\/p>\n<p><img decoding=\"async\" alt=\"\" src=\"https:\/\/scontent-b-mia.xx.fbcdn.net\/hphotos-xap1\/t1.0-9\/10501934_697601983609311_7037066034003166967_n.png\" title=\"\" width=\"709\" height=\"541\" \/><\/p>\n<p>&nbsp;<\/p>\n","protected":false},"excerpt":{"rendered":"<p>La Secretar\u00eda de Bienestar Social comunica a los beneficiarios del Programa Colombia Mayor (modalidad subsidio econ\u00f3mico), que se iniciar\u00e1 los pagos de subsidio econ\u00f3mico en todos los puntos de atenci\u00f3n autorizados. Con el fin de mejorar la atenci\u00f3n a partir de la fecha se implementar\u00e1n tres nuevos puntos de pago en la zona urbana y [&hellip;]<\/p>\n","protected":false},"author":29,"featured_media":8851,"comment_status":"open","ping_status":"open","sticky":false,"template":"","format":"standard","meta":{"footnotes":""},"categories":[82],"tags":[598,727,152],"class_list":["post-8852","post","type-post","status-publish","format-standard","has-post-thumbnail","hentry","category-ciudad-2","tag-alcalde-de-pasto","tag-colombia-mayor","tag-pasto"],"yoast_head":"<!-- This site is optimized with the Yoast SEO plugin v27.1.1 - https:\/\/yoast.com\/product\/yoast-seo-wordpress\/ -->\n<title>Este 7 de julio inician pagos a beneficiarios del Programa Colombia Mayor | P\u00e1gina10<\/title>\n<meta name=\"robots\" content=\"index, follow, max-snippet:-1, max-image-preview:large, max-video-preview:-1\" \/>\n<link rel=\"canonical\" href=\"https:\/\/pagina10.com\/web\/este-7-de-julio-inician-pagos-a-beneficiarios-del-programa-colombia-mayor\/\" \/>\n<meta property=\"og:locale\" content=\"es_ES\" \/>\n<meta property=\"og:type\" content=\"article\" \/>\n<meta property=\"og:title\" content=\"Este 7 de julio inician pagos a beneficiarios del Programa Colombia Mayor | P\u00e1gina10\" \/>\n<meta property=\"og:description\" content=\"La Secretar\u00eda de Bienestar Social comunica a los beneficiarios del Programa Colombia Mayor (modalidad subsidio econ\u00f3mico), que se iniciar\u00e1 los pagos de subsidio econ\u00f3mico en todos los puntos de atenci\u00f3n autorizados. Con el fin de mejorar la atenci\u00f3n a partir de la fecha se implementar\u00e1n tres nuevos puntos de pago en la zona urbana y [&hellip;]\" \/>\n<meta property=\"og:url\" content=\"https:\/\/pagina10.com\/web\/este-7-de-julio-inician-pagos-a-beneficiarios-del-programa-colombia-mayor\/\" \/>\n<meta property=\"og:site_name\" content=\"P\u00e1gina10\" \/>\n<meta property=\"article:publisher\" content=\"https:\/\/www.facebook.com\/pag10com\" \/>\n<meta property=\"article:published_time\" content=\"2014-07-06T23:45:44+00:00\" \/>\n<meta property=\"og:image\" content=\"https:\/\/pagina10.com\/web\/wp-content\/uploads\/2014\/07\/d06fdaa9f232e92a3beebf15d68190ab.jpg\" \/>\n\t<meta property=\"og:image:width\" content=\"600\" \/>\n\t<meta property=\"og:image:height\" content=\"400\" \/>\n\t<meta property=\"og:image:type\" content=\"image\/jpeg\" \/>\n<meta name=\"author\" content=\"P\u00e1gina 10\" \/>\n<meta name=\"twitter:card\" content=\"summary_large_image\" \/>\n<meta name=\"twitter:creator\" content=\"@Pag10com\" \/>\n<meta name=\"twitter:site\" content=\"@Pag10com\" \/>\n<meta name=\"twitter:label1\" content=\"Escrito por\" \/>\n\t<meta name=\"twitter:data1\" content=\"P\u00e1gina 10\" \/>\n\t<meta name=\"twitter:label2\" content=\"Tiempo de lectura\" \/>\n\t<meta name=\"twitter:data2\" content=\"2 minutos\" \/>\n<script type=\"application\/ld+json\" class=\"yoast-schema-graph\">{\"@context\":\"https:\/\/schema.org\",\"@graph\":[{\"@type\":\"Article\",\"@id\":\"https:\/\/pagina10.com\/web\/este-7-de-julio-inician-pagos-a-beneficiarios-del-programa-colombia-mayor\/#article\",\"isPartOf\":{\"@id\":\"https:\/\/pagina10.com\/web\/este-7-de-julio-inician-pagos-a-beneficiarios-del-programa-colombia-mayor\/\"},\"author\":{\"name\":\"P\u00e1gina 10\",\"@id\":\"https:\/\/pagina10.com\/web\/#\/schema\/person\/a7a5d38f0629dfc107f619fbae4f6cc3\"},\"headline\":\"Este 7 de julio inician pagos a beneficiarios del Programa Colombia Mayor\",\"datePublished\":\"2014-07-06T23:45:44+00:00\",\"mainEntityOfPage\":{\"@id\":\"https:\/\/pagina10.com\/web\/este-7-de-julio-inician-pagos-a-beneficiarios-del-programa-colombia-mayor\/\"},\"wordCount\":354,\"commentCount\":0,\"publisher\":{\"@id\":\"https:\/\/pagina10.com\/web\/#organization\"},\"image\":{\"@id\":\"https:\/\/pagina10.com\/web\/este-7-de-julio-inician-pagos-a-beneficiarios-del-programa-colombia-mayor\/#primaryimage\"},\"thumbnailUrl\":\"https:\/\/pagina10.com\/web\/wp-content\/uploads\/2014\/07\/d06fdaa9f232e92a3beebf15d68190ab.jpg\",\"keywords\":[\"Alcalde de Pasto\",\"Colombia Mayor\",\"pasto\"],\"articleSection\":[\"Ciudad\"],\"inLanguage\":\"es\",\"potentialAction\":[{\"@type\":\"CommentAction\",\"name\":\"Comment\",\"target\":[\"https:\/\/pagina10.com\/web\/este-7-de-julio-inician-pagos-a-beneficiarios-del-programa-colombia-mayor\/#respond\"]}]},{\"@type\":\"WebPage\",\"@id\":\"https:\/\/pagina10.com\/web\/este-7-de-julio-inician-pagos-a-beneficiarios-del-programa-colombia-mayor\/\",\"url\":\"https:\/\/pagina10.com\/web\/este-7-de-julio-inician-pagos-a-beneficiarios-del-programa-colombia-mayor\/\",\"name\":\"Este 7 de julio inician pagos a beneficiarios del Programa Colombia Mayor | P\u00e1gina10\",\"isPartOf\":{\"@id\":\"https:\/\/pagina10.com\/web\/#website\"},\"primaryImageOfPage\":{\"@id\":\"https:\/\/pagina10.com\/web\/este-7-de-julio-inician-pagos-a-beneficiarios-del-programa-colombia-mayor\/#primaryimage\"},\"image\":{\"@id\":\"https:\/\/pagina10.com\/web\/este-7-de-julio-inician-pagos-a-beneficiarios-del-programa-colombia-mayor\/#primaryimage\"},\"thumbnailUrl\":\"https:\/\/pagina10.com\/web\/wp-content\/uploads\/2014\/07\/d06fdaa9f232e92a3beebf15d68190ab.jpg\",\"datePublished\":\"2014-07-06T23:45:44+00:00\",\"breadcrumb\":{\"@id\":\"https:\/\/pagina10.com\/web\/este-7-de-julio-inician-pagos-a-beneficiarios-del-programa-colombia-mayor\/#breadcrumb\"},\"inLanguage\":\"es\",\"potentialAction\":[{\"@type\":\"ReadAction\",\"target\":[\"https:\/\/pagina10.com\/web\/este-7-de-julio-inician-pagos-a-beneficiarios-del-programa-colombia-mayor\/\"]}]},{\"@type\":\"ImageObject\",\"inLanguage\":\"es\",\"@id\":\"https:\/\/pagina10.com\/web\/este-7-de-julio-inician-pagos-a-beneficiarios-del-programa-colombia-mayor\/#primaryimage\",\"url\":\"https:\/\/pagina10.com\/web\/wp-content\/uploads\/2014\/07\/d06fdaa9f232e92a3beebf15d68190ab.jpg\",\"contentUrl\":\"https:\/\/pagina10.com\/web\/wp-content\/uploads\/2014\/07\/d06fdaa9f232e92a3beebf15d68190ab.jpg\",\"width\":600,\"height\":400},{\"@type\":\"BreadcrumbList\",\"@id\":\"https:\/\/pagina10.com\/web\/este-7-de-julio-inician-pagos-a-beneficiarios-del-programa-colombia-mayor\/#breadcrumb\",\"itemListElement\":[{\"@type\":\"ListItem\",\"position\":1,\"name\":\"Portada\",\"item\":\"https:\/\/pagina10.com\/web\/\"},{\"@type\":\"ListItem\",\"position\":2,\"name\":\"Este 7 de julio inician pagos a beneficiarios del Programa Colombia Mayor\"}]},{\"@type\":\"WebSite\",\"@id\":\"https:\/\/pagina10.com\/web\/#website\",\"url\":\"https:\/\/pagina10.com\/web\/\",\"name\":\"P\u00e1gina10\",\"description\":\"Peri\u00f3dico Regional\",\"publisher\":{\"@id\":\"https:\/\/pagina10.com\/web\/#organization\"},\"alternateName\":\"P\u00e1gina10 Peri\u00f3dico Regional\",\"potentialAction\":[{\"@type\":\"SearchAction\",\"target\":{\"@type\":\"EntryPoint\",\"urlTemplate\":\"https:\/\/pagina10.com\/web\/?s={search_term_string}\"},\"query-input\":{\"@type\":\"PropertyValueSpecification\",\"valueRequired\":true,\"valueName\":\"search_term_string\"}}],\"inLanguage\":\"es\"},{\"@type\":\"Organization\",\"@id\":\"https:\/\/pagina10.com\/web\/#organization\",\"name\":\"P\u00e1gina10\",\"alternateName\":\"P\u00e1gina10 Peri\u00f3dico Regional\",\"url\":\"https:\/\/pagina10.com\/web\/\",\"logo\":{\"@type\":\"ImageObject\",\"inLanguage\":\"es\",\"@id\":\"https:\/\/pagina10.com\/web\/#\/schema\/logo\/image\/\",\"url\":\"https:\/\/pagina10.com\/web\/wp-content\/uploads\/2024\/01\/40-pagina-10-periodico-regional-pasto.jpg\",\"contentUrl\":\"https:\/\/pagina10.com\/web\/wp-content\/uploads\/2024\/01\/40-pagina-10-periodico-regional-pasto.jpg\",\"width\":1280,\"height\":720,\"caption\":\"P\u00e1gina10\"},\"image\":{\"@id\":\"https:\/\/pagina10.com\/web\/#\/schema\/logo\/image\/\"},\"sameAs\":[\"https:\/\/www.facebook.com\/pag10com\",\"https:\/\/x.com\/Pag10com\",\"https:\/\/www.instagram.com\/pagina10col\/\",\"https:\/\/youtube.com\/channel\/pag10\",\"https:\/\/www.tiktok.com\/@p10col\"]},{\"@type\":\"Person\",\"@id\":\"https:\/\/pagina10.com\/web\/#\/schema\/person\/a7a5d38f0629dfc107f619fbae4f6cc3\",\"name\":\"P\u00e1gina 10\",\"description\":\"P\u00e1gina10.com es un peri\u00f3dico digital que nace en Colombia, en el departamento de Nari\u00f1o, con un enfoque global, fundamentado en cuatro pilares esenciales: la libertad, el pluralismo, la inclusi\u00f3n y la independencia. P\u00e1gina10.com hace referencia a Nari\u00f1o como el d\u00e9cimo departamento creado en Colombia, despu\u00e9s de un proceso pol\u00edtico liderado por actores y actrices regionales con el fin de obtener la independencia y autonom\u00eda de nuestros territorios. Con la creaci\u00f3n de P\u00e1gina10.com se pretende abrir un escenario para el dialogo, la reflexi\u00f3n y el debate que se extienda a otras geograf\u00edas de Am\u00e9rica Latina y del planeta, en una apuesta por transformar colectivamente los desaf\u00edos de un mundo contempor\u00e1neo, m\u00e1s all\u00e1 de las fronteras impuestas.\",\"url\":\"https:\/\/pagina10.com\/web\/author\/mcepeda\/\"}]}<\/script>\n<!-- \/ Yoast SEO plugin. -->","yoast_head_json":{"title":"Este 7 de julio inician pagos a beneficiarios del Programa Colombia Mayor | P\u00e1gina10","robots":{"index":"index","follow":"follow","max-snippet":"max-snippet:-1","max-image-preview":"max-image-preview:large","max-video-preview":"max-video-preview:-1"},"canonical":"https:\/\/pagina10.com\/web\/este-7-de-julio-inician-pagos-a-beneficiarios-del-programa-colombia-mayor\/","og_locale":"es_ES","og_type":"article","og_title":"Este 7 de julio inician pagos a beneficiarios del Programa Colombia Mayor | P\u00e1gina10","og_description":"La Secretar\u00eda de Bienestar Social comunica a los beneficiarios del Programa Colombia Mayor (modalidad subsidio econ\u00f3mico), que se iniciar\u00e1 los pagos de subsidio econ\u00f3mico en todos los puntos de atenci\u00f3n autorizados. Con el fin de mejorar la atenci\u00f3n a partir de la fecha se implementar\u00e1n tres nuevos puntos de pago en la zona urbana y [&hellip;]","og_url":"https:\/\/pagina10.com\/web\/este-7-de-julio-inician-pagos-a-beneficiarios-del-programa-colombia-mayor\/","og_site_name":"P\u00e1gina10","article_publisher":"https:\/\/www.facebook.com\/pag10com","article_published_time":"2014-07-06T23:45:44+00:00","og_image":[{"width":600,"height":400,"url":"https:\/\/pagina10.com\/web\/wp-content\/uploads\/2014\/07\/d06fdaa9f232e92a3beebf15d68190ab.jpg","type":"image\/jpeg"}],"author":"P\u00e1gina 10","twitter_card":"summary_large_image","twitter_creator":"@Pag10com","twitter_site":"@Pag10com","twitter_misc":{"Escrito por":"P\u00e1gina 10","Tiempo de lectura":"2 minutos"},"schema":{"@context":"https:\/\/schema.org","@graph":[{"@type":"Article","@id":"https:\/\/pagina10.com\/web\/este-7-de-julio-inician-pagos-a-beneficiarios-del-programa-colombia-mayor\/#article","isPartOf":{"@id":"https:\/\/pagina10.com\/web\/este-7-de-julio-inician-pagos-a-beneficiarios-del-programa-colombia-mayor\/"},"author":{"name":"P\u00e1gina 10","@id":"https:\/\/pagina10.com\/web\/#\/schema\/person\/a7a5d38f0629dfc107f619fbae4f6cc3"},"headline":"Este 7 de julio inician pagos a beneficiarios del Programa Colombia Mayor","datePublished":"2014-07-06T23:45:44+00:00","mainEntityOfPage":{"@id":"https:\/\/pagina10.com\/web\/este-7-de-julio-inician-pagos-a-beneficiarios-del-programa-colombia-mayor\/"},"wordCount":354,"commentCount":0,"publisher":{"@id":"https:\/\/pagina10.com\/web\/#organization"},"image":{"@id":"https:\/\/pagina10.com\/web\/este-7-de-julio-inician-pagos-a-beneficiarios-del-programa-colombia-mayor\/#primaryimage"},"thumbnailUrl":"https:\/\/pagina10.com\/web\/wp-content\/uploads\/2014\/07\/d06fdaa9f232e92a3beebf15d68190ab.jpg","keywords":["Alcalde de Pasto","Colombia Mayor","pasto"],"articleSection":["Ciudad"],"inLanguage":"es","potentialAction":[{"@type":"CommentAction","name":"Comment","target":["https:\/\/pagina10.com\/web\/este-7-de-julio-inician-pagos-a-beneficiarios-del-programa-colombia-mayor\/#respond"]}]},{"@type":"WebPage","@id":"https:\/\/pagina10.com\/web\/este-7-de-julio-inician-pagos-a-beneficiarios-del-programa-colombia-mayor\/","url":"https:\/\/pagina10.com\/web\/este-7-de-julio-inician-pagos-a-beneficiarios-del-programa-colombia-mayor\/","name":"Este 7 de julio inician pagos a beneficiarios del Programa Colombia Mayor | P\u00e1gina10","isPartOf":{"@id":"https:\/\/pagina10.com\/web\/#website"},"primaryImageOfPage":{"@id":"https:\/\/pagina10.com\/web\/este-7-de-julio-inician-pagos-a-beneficiarios-del-programa-colombia-mayor\/#primaryimage"},"image":{"@id":"https:\/\/pagina10.com\/web\/este-7-de-julio-inician-pagos-a-beneficiarios-del-programa-colombia-mayor\/#primaryimage"},"thumbnailUrl":"https:\/\/pagina10.com\/web\/wp-content\/uploads\/2014\/07\/d06fdaa9f232e92a3beebf15d68190ab.jpg","datePublished":"2014-07-06T23:45:44+00:00","breadcrumb":{"@id":"https:\/\/pagina10.com\/web\/este-7-de-julio-inician-pagos-a-beneficiarios-del-programa-colombia-mayor\/#breadcrumb"},"inLanguage":"es","potentialAction":[{"@type":"ReadAction","target":["https:\/\/pagina10.com\/web\/este-7-de-julio-inician-pagos-a-beneficiarios-del-programa-colombia-mayor\/"]}]},{"@type":"ImageObject","inLanguage":"es","@id":"https:\/\/pagina10.com\/web\/este-7-de-julio-inician-pagos-a-beneficiarios-del-programa-colombia-mayor\/#primaryimage","url":"https:\/\/pagina10.com\/web\/wp-content\/uploads\/2014\/07\/d06fdaa9f232e92a3beebf15d68190ab.jpg","contentUrl":"https:\/\/pagina10.com\/web\/wp-content\/uploads\/2014\/07\/d06fdaa9f232e92a3beebf15d68190ab.jpg","width":600,"height":400},{"@type":"BreadcrumbList","@id":"https:\/\/pagina10.com\/web\/este-7-de-julio-inician-pagos-a-beneficiarios-del-programa-colombia-mayor\/#breadcrumb","itemListElement":[{"@type":"ListItem","position":1,"name":"Portada","item":"https:\/\/pagina10.com\/web\/"},{"@type":"ListItem","position":2,"name":"Este 7 de julio inician pagos a beneficiarios del Programa Colombia Mayor"}]},{"@type":"WebSite","@id":"https:\/\/pagina10.com\/web\/#website","url":"https:\/\/pagina10.com\/web\/","name":"P\u00e1gina10","description":"Peri\u00f3dico Regional","publisher":{"@id":"https:\/\/pagina10.com\/web\/#organization"},"alternateName":"P\u00e1gina10 Peri\u00f3dico Regional","potentialAction":[{"@type":"SearchAction","target":{"@type":"EntryPoint","urlTemplate":"https:\/\/pagina10.com\/web\/?s={search_term_string}"},"query-input":{"@type":"PropertyValueSpecification","valueRequired":true,"valueName":"search_term_string"}}],"inLanguage":"es"},{"@type":"Organization","@id":"https:\/\/pagina10.com\/web\/#organization","name":"P\u00e1gina10","alternateName":"P\u00e1gina10 Peri\u00f3dico Regional","url":"https:\/\/pagina10.com\/web\/","logo":{"@type":"ImageObject","inLanguage":"es","@id":"https:\/\/pagina10.com\/web\/#\/schema\/logo\/image\/","url":"https:\/\/pagina10.com\/web\/wp-content\/uploads\/2024\/01\/40-pagina-10-periodico-regional-pasto.jpg","contentUrl":"https:\/\/pagina10.com\/web\/wp-content\/uploads\/2024\/01\/40-pagina-10-periodico-regional-pasto.jpg","width":1280,"height":720,"caption":"P\u00e1gina10"},"image":{"@id":"https:\/\/pagina10.com\/web\/#\/schema\/logo\/image\/"},"sameAs":["https:\/\/www.facebook.com\/pag10com","https:\/\/x.com\/Pag10com","https:\/\/www.instagram.com\/pagina10col\/","https:\/\/youtube.com\/channel\/pag10","https:\/\/www.tiktok.com\/@p10col"]},{"@type":"Person","@id":"https:\/\/pagina10.com\/web\/#\/schema\/person\/a7a5d38f0629dfc107f619fbae4f6cc3","name":"P\u00e1gina 10","description":"P\u00e1gina10.com es un peri\u00f3dico digital que nace en Colombia, en el departamento de Nari\u00f1o, con un enfoque global, fundamentado en cuatro pilares esenciales: la libertad, el pluralismo, la inclusi\u00f3n y la independencia. P\u00e1gina10.com hace referencia a Nari\u00f1o como el d\u00e9cimo departamento creado en Colombia, despu\u00e9s de un proceso pol\u00edtico liderado por actores y actrices regionales con el fin de obtener la independencia y autonom\u00eda de nuestros territorios. Con la creaci\u00f3n de P\u00e1gina10.com se pretende abrir un escenario para el dialogo, la reflexi\u00f3n y el debate que se extienda a otras geograf\u00edas de Am\u00e9rica Latina y del planeta, en una apuesta por transformar colectivamente los desaf\u00edos de un mundo contempor\u00e1neo, m\u00e1s all\u00e1 de las fronteras impuestas.","url":"https:\/\/pagina10.com\/web\/author\/mcepeda\/"}]}},"_links":{"self":[{"href":"https:\/\/pagina10.com\/web\/wp-json\/wp\/v2\/posts\/8852","targetHints":{"allow":["GET"]}}],"collection":[{"href":"https:\/\/pagina10.com\/web\/wp-json\/wp\/v2\/posts"}],"about":[{"href":"https:\/\/pagina10.com\/web\/wp-json\/wp\/v2\/types\/post"}],"author":[{"embeddable":true,"href":"https:\/\/pagina10.com\/web\/wp-json\/wp\/v2\/users\/29"}],"replies":[{"embeddable":true,"href":"https:\/\/pagina10.com\/web\/wp-json\/wp\/v2\/comments?post=8852"}],"version-history":[{"count":0,"href":"https:\/\/pagina10.com\/web\/wp-json\/wp\/v2\/posts\/8852\/revisions"}],"wp:featuredmedia":[{"embeddable":true,"href":"https:\/\/pagina10.com\/web\/wp-json\/wp\/v2\/media\/8851"}],"wp:attachment":[{"href":"https:\/\/pagina10.com\/web\/wp-json\/wp\/v2\/media?parent=8852"}],"wp:term":[{"taxonomy":"category","embeddable":true,"href":"https:\/\/pagina10.com\/web\/wp-json\/wp\/v2\/categories?post=8852"},{"taxonomy":"post_tag","embeddable":true,"href":"https:\/\/pagina10.com\/web\/wp-json\/wp\/v2\/tags?post=8852"}],"curies":[{"name":"wp","href":"https:\/\/api.w.org\/{rel}","templated":true}]}}