{"id":8895,"date":"2014-07-09T03:16:31","date_gmt":"2014-07-09T03:16:31","guid":{"rendered":"https:\/\/pagina10.com\/web\/nuevas-tarifas-para-tramites-en-la-secretaria-de-transito\/"},"modified":"2014-07-09T03:16:31","modified_gmt":"2014-07-09T03:16:31","slug":"nuevas-tarifas-para-tramites-en-la-secretaria-de-transito","status":"publish","type":"post","link":"https:\/\/pagina10.com\/web\/nuevas-tarifas-para-tramites-en-la-secretaria-de-transito\/","title":{"rendered":"Nuevas tarifas para tr\u00e1mites en la secretar\u00eda de tr\u00e1nsito"},"content":{"rendered":"<p><img fetchpriority=\"high\" decoding=\"async\" class=\" size-full wp-image-8894\" src=\"https:\/\/pagina10.com\/web\/wp-content\/uploads\/2014\/07\/66ae3b44df0a37556f92af7ffea3bf83.jpg\" alt=\"\" width=\"620\" height=\"250\" srcset=\"https:\/\/pagina10.com\/web\/wp-content\/uploads\/2014\/07\/66ae3b44df0a37556f92af7ffea3bf83.jpg 620w, https:\/\/pagina10.com\/web\/wp-content\/uploads\/2014\/07\/66ae3b44df0a37556f92af7ffea3bf83-300x121.jpg 300w\" sizes=\"(max-width: 620px) 100vw, 620px\" \/><\/p>\n<p style=\"text-align: justify;\">El Secretario de Tr\u00e1nsito Guillermo Villota G\u00f3mez inform\u00f3 que la dependencia modific\u00f3 las tarifas por concepto de tr\u00e1mites para la vigencia 2014. El funcionario indic\u00f3 adem\u00e1s que se solicit\u00f3 al RUNT S.A, se registre en el aplicativo HQ RUNT, las tarifas correspondientes de la Secretar\u00eda de Tr\u00e1nsito y Transporte de Pasto.<\/p>\n<p><img decoding=\"async\" class=\"photo_img img\" alt=\"\" src=\"https:\/\/fbcdn-sphotos-c-a.akamaihd.net\/hphotos-ak-xpf1\/t1.0-9\/s720x720\/10524689_699801336722709_6611464445815447727_n.png\" title=\"\" style=\"max-width: 100%; margin: 0px; padding: 0px; color: #333333; font-family: 'Helvetica Neue', Helvetica, Arial, sans-serif; font-size: 14px; line-height: 20px;\" \/><\/p>\n<p>&nbsp;<\/p>\n<p>Fuente: Alcald\u00eda de Pasto<\/p>\n","protected":false},"excerpt":{"rendered":"<p>El Secretario de Tr\u00e1nsito Guillermo Villota G\u00f3mez inform\u00f3 que la dependencia modific\u00f3 las tarifas por concepto de tr\u00e1mites para la vigencia 2014. El funcionario indic\u00f3 adem\u00e1s que se solicit\u00f3 al RUNT S.A, se registre en el aplicativo HQ RUNT, las tarifas correspondientes de la Secretar\u00eda de Tr\u00e1nsito y Transporte de Pasto. &nbsp; Fuente: Alcald\u00eda de [&hellip;]<\/p>\n","protected":false},"author":29,"featured_media":8894,"comment_status":"open","ping_status":"open","sticky":false,"template":"","format":"standard","meta":{"footnotes":""},"categories":[82],"tags":[237,757,758],"class_list":["post-8895","post","type-post","status-publish","format-standard","has-post-thumbnail","hentry","category-ciudad-2","tag-alcaldia-de-pasto","tag-secretaria-de-transito-y-transporte","tag-tarifas"],"yoast_head":"<!-- This site is optimized with the Yoast SEO plugin v27.1.1 - https:\/\/yoast.com\/product\/yoast-seo-wordpress\/ -->\n<title>Nuevas tarifas para tr\u00e1mites en la secretar\u00eda de tr\u00e1nsito | P\u00e1gina10<\/title>\n<meta name=\"robots\" content=\"index, follow, max-snippet:-1, max-image-preview:large, max-video-preview:-1\" \/>\n<link rel=\"canonical\" href=\"https:\/\/pagina10.com\/web\/nuevas-tarifas-para-tramites-en-la-secretaria-de-transito\/\" \/>\n<meta property=\"og:locale\" content=\"es_ES\" \/>\n<meta property=\"og:type\" content=\"article\" \/>\n<meta property=\"og:title\" content=\"Nuevas tarifas para tr\u00e1mites en la secretar\u00eda de tr\u00e1nsito | P\u00e1gina10\" \/>\n<meta property=\"og:description\" content=\"El Secretario de Tr\u00e1nsito Guillermo Villota G\u00f3mez inform\u00f3 que la dependencia modific\u00f3 las tarifas por concepto de tr\u00e1mites para la vigencia 2014. El funcionario indic\u00f3 adem\u00e1s que se solicit\u00f3 al RUNT S.A, se registre en el aplicativo HQ RUNT, las tarifas correspondientes de la Secretar\u00eda de Tr\u00e1nsito y Transporte de Pasto. &nbsp; Fuente: Alcald\u00eda de [&hellip;]\" \/>\n<meta property=\"og:url\" content=\"https:\/\/pagina10.com\/web\/nuevas-tarifas-para-tramites-en-la-secretaria-de-transito\/\" \/>\n<meta property=\"og:site_name\" content=\"P\u00e1gina10\" \/>\n<meta property=\"article:publisher\" content=\"https:\/\/www.facebook.com\/pag10com\" \/>\n<meta property=\"article:published_time\" content=\"2014-07-09T03:16:31+00:00\" \/>\n<meta property=\"og:image\" content=\"https:\/\/pagina10.com\/web\/wp-content\/uploads\/2014\/07\/66ae3b44df0a37556f92af7ffea3bf83.jpg\" \/>\n\t<meta property=\"og:image:width\" content=\"620\" \/>\n\t<meta property=\"og:image:height\" content=\"250\" \/>\n\t<meta property=\"og:image:type\" content=\"image\/jpeg\" \/>\n<meta name=\"author\" content=\"P\u00e1gina 10\" \/>\n<meta name=\"twitter:card\" content=\"summary_large_image\" \/>\n<meta name=\"twitter:creator\" content=\"@Pag10com\" \/>\n<meta name=\"twitter:site\" content=\"@Pag10com\" \/>\n<meta name=\"twitter:label1\" content=\"Escrito por\" \/>\n\t<meta name=\"twitter:data1\" content=\"P\u00e1gina 10\" \/>\n<script type=\"application\/ld+json\" class=\"yoast-schema-graph\">{\"@context\":\"https:\/\/schema.org\",\"@graph\":[{\"@type\":\"Article\",\"@id\":\"https:\/\/pagina10.com\/web\/nuevas-tarifas-para-tramites-en-la-secretaria-de-transito\/#article\",\"isPartOf\":{\"@id\":\"https:\/\/pagina10.com\/web\/nuevas-tarifas-para-tramites-en-la-secretaria-de-transito\/\"},\"author\":{\"name\":\"P\u00e1gina 10\",\"@id\":\"https:\/\/pagina10.com\/web\/#\/schema\/person\/a7a5d38f0629dfc107f619fbae4f6cc3\"},\"headline\":\"Nuevas tarifas para tr\u00e1mites en la secretar\u00eda de tr\u00e1nsito\",\"datePublished\":\"2014-07-09T03:16:31+00:00\",\"mainEntityOfPage\":{\"@id\":\"https:\/\/pagina10.com\/web\/nuevas-tarifas-para-tramites-en-la-secretaria-de-transito\/\"},\"wordCount\":75,\"commentCount\":0,\"publisher\":{\"@id\":\"https:\/\/pagina10.com\/web\/#organization\"},\"image\":{\"@id\":\"https:\/\/pagina10.com\/web\/nuevas-tarifas-para-tramites-en-la-secretaria-de-transito\/#primaryimage\"},\"thumbnailUrl\":\"https:\/\/pagina10.com\/web\/wp-content\/uploads\/2014\/07\/66ae3b44df0a37556f92af7ffea3bf83.jpg\",\"keywords\":[\"Alcald\u00eda de Pasto\",\"Secretar\u00eda de Tr\u00e1nsito y Transporte\",\"tarifas\"],\"articleSection\":[\"Ciudad\"],\"inLanguage\":\"es\",\"potentialAction\":[{\"@type\":\"CommentAction\",\"name\":\"Comment\",\"target\":[\"https:\/\/pagina10.com\/web\/nuevas-tarifas-para-tramites-en-la-secretaria-de-transito\/#respond\"]}]},{\"@type\":\"WebPage\",\"@id\":\"https:\/\/pagina10.com\/web\/nuevas-tarifas-para-tramites-en-la-secretaria-de-transito\/\",\"url\":\"https:\/\/pagina10.com\/web\/nuevas-tarifas-para-tramites-en-la-secretaria-de-transito\/\",\"name\":\"Nuevas tarifas para tr\u00e1mites en la secretar\u00eda de tr\u00e1nsito | P\u00e1gina10\",\"isPartOf\":{\"@id\":\"https:\/\/pagina10.com\/web\/#website\"},\"primaryImageOfPage\":{\"@id\":\"https:\/\/pagina10.com\/web\/nuevas-tarifas-para-tramites-en-la-secretaria-de-transito\/#primaryimage\"},\"image\":{\"@id\":\"https:\/\/pagina10.com\/web\/nuevas-tarifas-para-tramites-en-la-secretaria-de-transito\/#primaryimage\"},\"thumbnailUrl\":\"https:\/\/pagina10.com\/web\/wp-content\/uploads\/2014\/07\/66ae3b44df0a37556f92af7ffea3bf83.jpg\",\"datePublished\":\"2014-07-09T03:16:31+00:00\",\"breadcrumb\":{\"@id\":\"https:\/\/pagina10.com\/web\/nuevas-tarifas-para-tramites-en-la-secretaria-de-transito\/#breadcrumb\"},\"inLanguage\":\"es\",\"potentialAction\":[{\"@type\":\"ReadAction\",\"target\":[\"https:\/\/pagina10.com\/web\/nuevas-tarifas-para-tramites-en-la-secretaria-de-transito\/\"]}]},{\"@type\":\"ImageObject\",\"inLanguage\":\"es\",\"@id\":\"https:\/\/pagina10.com\/web\/nuevas-tarifas-para-tramites-en-la-secretaria-de-transito\/#primaryimage\",\"url\":\"https:\/\/pagina10.com\/web\/wp-content\/uploads\/2014\/07\/66ae3b44df0a37556f92af7ffea3bf83.jpg\",\"contentUrl\":\"https:\/\/pagina10.com\/web\/wp-content\/uploads\/2014\/07\/66ae3b44df0a37556f92af7ffea3bf83.jpg\",\"width\":620,\"height\":250},{\"@type\":\"BreadcrumbList\",\"@id\":\"https:\/\/pagina10.com\/web\/nuevas-tarifas-para-tramites-en-la-secretaria-de-transito\/#breadcrumb\",\"itemListElement\":[{\"@type\":\"ListItem\",\"position\":1,\"name\":\"Portada\",\"item\":\"https:\/\/pagina10.com\/web\/\"},{\"@type\":\"ListItem\",\"position\":2,\"name\":\"Nuevas tarifas para tr\u00e1mites en la secretar\u00eda de tr\u00e1nsito\"}]},{\"@type\":\"WebSite\",\"@id\":\"https:\/\/pagina10.com\/web\/#website\",\"url\":\"https:\/\/pagina10.com\/web\/\",\"name\":\"P\u00e1gina10\",\"description\":\"Peri\u00f3dico Regional\",\"publisher\":{\"@id\":\"https:\/\/pagina10.com\/web\/#organization\"},\"alternateName\":\"P\u00e1gina10 Peri\u00f3dico Regional\",\"potentialAction\":[{\"@type\":\"SearchAction\",\"target\":{\"@type\":\"EntryPoint\",\"urlTemplate\":\"https:\/\/pagina10.com\/web\/?s={search_term_string}\"},\"query-input\":{\"@type\":\"PropertyValueSpecification\",\"valueRequired\":true,\"valueName\":\"search_term_string\"}}],\"inLanguage\":\"es\"},{\"@type\":\"Organization\",\"@id\":\"https:\/\/pagina10.com\/web\/#organization\",\"name\":\"P\u00e1gina10\",\"alternateName\":\"P\u00e1gina10 Peri\u00f3dico Regional\",\"url\":\"https:\/\/pagina10.com\/web\/\",\"logo\":{\"@type\":\"ImageObject\",\"inLanguage\":\"es\",\"@id\":\"https:\/\/pagina10.com\/web\/#\/schema\/logo\/image\/\",\"url\":\"https:\/\/pagina10.com\/web\/wp-content\/uploads\/2024\/01\/40-pagina-10-periodico-regional-pasto.jpg\",\"contentUrl\":\"https:\/\/pagina10.com\/web\/wp-content\/uploads\/2024\/01\/40-pagina-10-periodico-regional-pasto.jpg\",\"width\":1280,\"height\":720,\"caption\":\"P\u00e1gina10\"},\"image\":{\"@id\":\"https:\/\/pagina10.com\/web\/#\/schema\/logo\/image\/\"},\"sameAs\":[\"https:\/\/www.facebook.com\/pag10com\",\"https:\/\/x.com\/Pag10com\",\"https:\/\/www.instagram.com\/pagina10col\/\",\"https:\/\/youtube.com\/channel\/pag10\",\"https:\/\/www.tiktok.com\/@p10col\"]},{\"@type\":\"Person\",\"@id\":\"https:\/\/pagina10.com\/web\/#\/schema\/person\/a7a5d38f0629dfc107f619fbae4f6cc3\",\"name\":\"P\u00e1gina 10\",\"description\":\"P\u00e1gina10.com es un peri\u00f3dico digital que nace en Colombia, en el departamento de Nari\u00f1o, con un enfoque global, fundamentado en cuatro pilares esenciales: la libertad, el pluralismo, la inclusi\u00f3n y la independencia. P\u00e1gina10.com hace referencia a Nari\u00f1o como el d\u00e9cimo departamento creado en Colombia, despu\u00e9s de un proceso pol\u00edtico liderado por actores y actrices regionales con el fin de obtener la independencia y autonom\u00eda de nuestros territorios. Con la creaci\u00f3n de P\u00e1gina10.com se pretende abrir un escenario para el dialogo, la reflexi\u00f3n y el debate que se extienda a otras geograf\u00edas de Am\u00e9rica Latina y del planeta, en una apuesta por transformar colectivamente los desaf\u00edos de un mundo contempor\u00e1neo, m\u00e1s all\u00e1 de las fronteras impuestas.\",\"url\":\"https:\/\/pagina10.com\/web\/author\/mcepeda\/\"}]}<\/script>\n<!-- \/ Yoast SEO plugin. -->","yoast_head_json":{"title":"Nuevas tarifas para tr\u00e1mites en la secretar\u00eda de tr\u00e1nsito | P\u00e1gina10","robots":{"index":"index","follow":"follow","max-snippet":"max-snippet:-1","max-image-preview":"max-image-preview:large","max-video-preview":"max-video-preview:-1"},"canonical":"https:\/\/pagina10.com\/web\/nuevas-tarifas-para-tramites-en-la-secretaria-de-transito\/","og_locale":"es_ES","og_type":"article","og_title":"Nuevas tarifas para tr\u00e1mites en la secretar\u00eda de tr\u00e1nsito | P\u00e1gina10","og_description":"El Secretario de Tr\u00e1nsito Guillermo Villota G\u00f3mez inform\u00f3 que la dependencia modific\u00f3 las tarifas por concepto de tr\u00e1mites para la vigencia 2014. El funcionario indic\u00f3 adem\u00e1s que se solicit\u00f3 al RUNT S.A, se registre en el aplicativo HQ RUNT, las tarifas correspondientes de la Secretar\u00eda de Tr\u00e1nsito y Transporte de Pasto. &nbsp; Fuente: Alcald\u00eda de [&hellip;]","og_url":"https:\/\/pagina10.com\/web\/nuevas-tarifas-para-tramites-en-la-secretaria-de-transito\/","og_site_name":"P\u00e1gina10","article_publisher":"https:\/\/www.facebook.com\/pag10com","article_published_time":"2014-07-09T03:16:31+00:00","og_image":[{"width":620,"height":250,"url":"https:\/\/pagina10.com\/web\/wp-content\/uploads\/2014\/07\/66ae3b44df0a37556f92af7ffea3bf83.jpg","type":"image\/jpeg"}],"author":"P\u00e1gina 10","twitter_card":"summary_large_image","twitter_creator":"@Pag10com","twitter_site":"@Pag10com","twitter_misc":{"Escrito por":"P\u00e1gina 10"},"schema":{"@context":"https:\/\/schema.org","@graph":[{"@type":"Article","@id":"https:\/\/pagina10.com\/web\/nuevas-tarifas-para-tramites-en-la-secretaria-de-transito\/#article","isPartOf":{"@id":"https:\/\/pagina10.com\/web\/nuevas-tarifas-para-tramites-en-la-secretaria-de-transito\/"},"author":{"name":"P\u00e1gina 10","@id":"https:\/\/pagina10.com\/web\/#\/schema\/person\/a7a5d38f0629dfc107f619fbae4f6cc3"},"headline":"Nuevas tarifas para tr\u00e1mites en la secretar\u00eda de tr\u00e1nsito","datePublished":"2014-07-09T03:16:31+00:00","mainEntityOfPage":{"@id":"https:\/\/pagina10.com\/web\/nuevas-tarifas-para-tramites-en-la-secretaria-de-transito\/"},"wordCount":75,"commentCount":0,"publisher":{"@id":"https:\/\/pagina10.com\/web\/#organization"},"image":{"@id":"https:\/\/pagina10.com\/web\/nuevas-tarifas-para-tramites-en-la-secretaria-de-transito\/#primaryimage"},"thumbnailUrl":"https:\/\/pagina10.com\/web\/wp-content\/uploads\/2014\/07\/66ae3b44df0a37556f92af7ffea3bf83.jpg","keywords":["Alcald\u00eda de Pasto","Secretar\u00eda de Tr\u00e1nsito y Transporte","tarifas"],"articleSection":["Ciudad"],"inLanguage":"es","potentialAction":[{"@type":"CommentAction","name":"Comment","target":["https:\/\/pagina10.com\/web\/nuevas-tarifas-para-tramites-en-la-secretaria-de-transito\/#respond"]}]},{"@type":"WebPage","@id":"https:\/\/pagina10.com\/web\/nuevas-tarifas-para-tramites-en-la-secretaria-de-transito\/","url":"https:\/\/pagina10.com\/web\/nuevas-tarifas-para-tramites-en-la-secretaria-de-transito\/","name":"Nuevas tarifas para tr\u00e1mites en la secretar\u00eda de tr\u00e1nsito | P\u00e1gina10","isPartOf":{"@id":"https:\/\/pagina10.com\/web\/#website"},"primaryImageOfPage":{"@id":"https:\/\/pagina10.com\/web\/nuevas-tarifas-para-tramites-en-la-secretaria-de-transito\/#primaryimage"},"image":{"@id":"https:\/\/pagina10.com\/web\/nuevas-tarifas-para-tramites-en-la-secretaria-de-transito\/#primaryimage"},"thumbnailUrl":"https:\/\/pagina10.com\/web\/wp-content\/uploads\/2014\/07\/66ae3b44df0a37556f92af7ffea3bf83.jpg","datePublished":"2014-07-09T03:16:31+00:00","breadcrumb":{"@id":"https:\/\/pagina10.com\/web\/nuevas-tarifas-para-tramites-en-la-secretaria-de-transito\/#breadcrumb"},"inLanguage":"es","potentialAction":[{"@type":"ReadAction","target":["https:\/\/pagina10.com\/web\/nuevas-tarifas-para-tramites-en-la-secretaria-de-transito\/"]}]},{"@type":"ImageObject","inLanguage":"es","@id":"https:\/\/pagina10.com\/web\/nuevas-tarifas-para-tramites-en-la-secretaria-de-transito\/#primaryimage","url":"https:\/\/pagina10.com\/web\/wp-content\/uploads\/2014\/07\/66ae3b44df0a37556f92af7ffea3bf83.jpg","contentUrl":"https:\/\/pagina10.com\/web\/wp-content\/uploads\/2014\/07\/66ae3b44df0a37556f92af7ffea3bf83.jpg","width":620,"height":250},{"@type":"BreadcrumbList","@id":"https:\/\/pagina10.com\/web\/nuevas-tarifas-para-tramites-en-la-secretaria-de-transito\/#breadcrumb","itemListElement":[{"@type":"ListItem","position":1,"name":"Portada","item":"https:\/\/pagina10.com\/web\/"},{"@type":"ListItem","position":2,"name":"Nuevas tarifas para tr\u00e1mites en la secretar\u00eda de tr\u00e1nsito"}]},{"@type":"WebSite","@id":"https:\/\/pagina10.com\/web\/#website","url":"https:\/\/pagina10.com\/web\/","name":"P\u00e1gina10","description":"Peri\u00f3dico Regional","publisher":{"@id":"https:\/\/pagina10.com\/web\/#organization"},"alternateName":"P\u00e1gina10 Peri\u00f3dico Regional","potentialAction":[{"@type":"SearchAction","target":{"@type":"EntryPoint","urlTemplate":"https:\/\/pagina10.com\/web\/?s={search_term_string}"},"query-input":{"@type":"PropertyValueSpecification","valueRequired":true,"valueName":"search_term_string"}}],"inLanguage":"es"},{"@type":"Organization","@id":"https:\/\/pagina10.com\/web\/#organization","name":"P\u00e1gina10","alternateName":"P\u00e1gina10 Peri\u00f3dico Regional","url":"https:\/\/pagina10.com\/web\/","logo":{"@type":"ImageObject","inLanguage":"es","@id":"https:\/\/pagina10.com\/web\/#\/schema\/logo\/image\/","url":"https:\/\/pagina10.com\/web\/wp-content\/uploads\/2024\/01\/40-pagina-10-periodico-regional-pasto.jpg","contentUrl":"https:\/\/pagina10.com\/web\/wp-content\/uploads\/2024\/01\/40-pagina-10-periodico-regional-pasto.jpg","width":1280,"height":720,"caption":"P\u00e1gina10"},"image":{"@id":"https:\/\/pagina10.com\/web\/#\/schema\/logo\/image\/"},"sameAs":["https:\/\/www.facebook.com\/pag10com","https:\/\/x.com\/Pag10com","https:\/\/www.instagram.com\/pagina10col\/","https:\/\/youtube.com\/channel\/pag10","https:\/\/www.tiktok.com\/@p10col"]},{"@type":"Person","@id":"https:\/\/pagina10.com\/web\/#\/schema\/person\/a7a5d38f0629dfc107f619fbae4f6cc3","name":"P\u00e1gina 10","description":"P\u00e1gina10.com es un peri\u00f3dico digital que nace en Colombia, en el departamento de Nari\u00f1o, con un enfoque global, fundamentado en cuatro pilares esenciales: la libertad, el pluralismo, la inclusi\u00f3n y la independencia. P\u00e1gina10.com hace referencia a Nari\u00f1o como el d\u00e9cimo departamento creado en Colombia, despu\u00e9s de un proceso pol\u00edtico liderado por actores y actrices regionales con el fin de obtener la independencia y autonom\u00eda de nuestros territorios. Con la creaci\u00f3n de P\u00e1gina10.com se pretende abrir un escenario para el dialogo, la reflexi\u00f3n y el debate que se extienda a otras geograf\u00edas de Am\u00e9rica Latina y del planeta, en una apuesta por transformar colectivamente los desaf\u00edos de un mundo contempor\u00e1neo, m\u00e1s all\u00e1 de las fronteras impuestas.","url":"https:\/\/pagina10.com\/web\/author\/mcepeda\/"}]}},"_links":{"self":[{"href":"https:\/\/pagina10.com\/web\/wp-json\/wp\/v2\/posts\/8895","targetHints":{"allow":["GET"]}}],"collection":[{"href":"https:\/\/pagina10.com\/web\/wp-json\/wp\/v2\/posts"}],"about":[{"href":"https:\/\/pagina10.com\/web\/wp-json\/wp\/v2\/types\/post"}],"author":[{"embeddable":true,"href":"https:\/\/pagina10.com\/web\/wp-json\/wp\/v2\/users\/29"}],"replies":[{"embeddable":true,"href":"https:\/\/pagina10.com\/web\/wp-json\/wp\/v2\/comments?post=8895"}],"version-history":[{"count":0,"href":"https:\/\/pagina10.com\/web\/wp-json\/wp\/v2\/posts\/8895\/revisions"}],"wp:featuredmedia":[{"embeddable":true,"href":"https:\/\/pagina10.com\/web\/wp-json\/wp\/v2\/media\/8894"}],"wp:attachment":[{"href":"https:\/\/pagina10.com\/web\/wp-json\/wp\/v2\/media?parent=8895"}],"wp:term":[{"taxonomy":"category","embeddable":true,"href":"https:\/\/pagina10.com\/web\/wp-json\/wp\/v2\/categories?post=8895"},{"taxonomy":"post_tag","embeddable":true,"href":"https:\/\/pagina10.com\/web\/wp-json\/wp\/v2\/tags?post=8895"}],"curies":[{"name":"wp","href":"https:\/\/api.w.org\/{rel}","templated":true}]}}