{"id":9286,"date":"2014-07-29T23:44:17","date_gmt":"2014-07-29T23:44:17","guid":{"rendered":"https:\/\/pagina10.com\/web\/lanzamiento-nuevo-programa-de-vivienda-tacs\/"},"modified":"2014-07-29T23:44:17","modified_gmt":"2014-07-29T23:44:17","slug":"lanzamiento-nuevo-programa-de-vivienda-tacs","status":"publish","type":"post","link":"https:\/\/pagina10.com\/web\/lanzamiento-nuevo-programa-de-vivienda-tacs\/","title":{"rendered":"Lanzamiento nuevo programa de vivienda TACS"},"content":{"rendered":"<p><img fetchpriority=\"high\" decoding=\"async\" class=\" size-full wp-image-9285\" src=\"https:\/\/pagina10.com\/web\/wp-content\/uploads\/2014\/07\/9bbd842c4c0373c0463fb3bee58aa7ee.jpg\" alt=\"Fotograf\u00eda: fna.gov.co\" width=\"694\" height=\"390\" srcset=\"https:\/\/pagina10.com\/web\/wp-content\/uploads\/2014\/07\/9bbd842c4c0373c0463fb3bee58aa7ee.jpg 694w, https:\/\/pagina10.com\/web\/wp-content\/uploads\/2014\/07\/9bbd842c4c0373c0463fb3bee58aa7ee-300x169.jpg 300w\" sizes=\"(max-width: 694px) 100vw, 694px\" \/><\/p>\n<p style=\"text-align: justify;\">Este mi\u00e9rcoles 30 de julio se realizar\u00e1 por parte del Fondo Nacional de Ahorro en la ciudad de Pasto, el lanzamiento del nuevo programa de vivienda del Gobierno Nacional, el modelo financiero para adquisici\u00f3n de vivienda, denominado TACS (Tasa al Ahorro Construyendo Sociedad).<\/p>\n<p style=\"text-align: justify;\">El principal objetivo de este modelo que responde a las sugerencias del Banco Mundial, es convertir a los arrendatarios en propietarios. La idea impulsar la adquisici\u00f3n de vivienda sin cuota inicial, bajo el esquema del ahorro a trav\u00e9s del pago de alquiler.<\/p>\n<p style=\"text-align: justify;\">El modelo ya est\u00e1 reglamentado por el Presidente de la Rep\u00fablica. &#8220;Con este modelo vamos a cumplir \u2013sin l\u00edmite de espacio ni de territorio\u2013 las expectativas presentes y futuras de cientos de miles de familias que pueden pagar un arriendo pero que no alcanzaban a completar para tener una casa propia. \u00a1Vamos a convertir a los arrendatarios en propietarios!&#8221;, afirm\u00f3 el Doctor Juan Manuel Santos.&nbsp;<\/p>\n<p style=\"text-align: justify;\">Este modelo est\u00e1 pensado para pagar la vivienda con lo que se cancelar\u00eda normalmente como canon de arrendamiento. El arriendo se recibe como ahorro, y a cambio se entrega vivienda nueva ciento por ciento terminada con cero por ciento de cuota inicial.<\/p>\n<p style=\"text-align: justify;\">Con TACS el arriendo deja de convertirse en un gasto y pasa a ser una inversi\u00f3n en vivienda nueva para los colombianos. Durante cerca de tres a\u00f1os las mejores firmas consultoras fueron convocadas, los mejores centros de pensamiento econ\u00f3mico fueron dispuestos, y autoridades nacionales e internacionales en la materia fueron consultadas, para lograr un objetivo: hacer del ahorro la verdadera palanca de la vivienda en el pa\u00eds.<\/p>\n<p style=\"text-align: justify;\">El modelo inicialmente beneficiar\u00e1, inicialmente, a 2 millones 600 mil ciudadanos que hoy son ahorradores del Fondo Nacional del Ahorro, y que podr\u00e1n disfrutar para su beneficio personal y de sus familias.<\/p>\n<p style=\"text-align: justify;\">&nbsp;<\/p>\n<p style=\"text-align: justify;\"><strong>Fecha:<\/strong>&nbsp;mi\u00e9rcoles 30 de julio&nbsp;<\/p>\n<p style=\"text-align: justify;\"><strong>Lugar:<\/strong> Sal\u00f3n de eventos Comfamiliar &#8211; Chapalito&nbsp;<\/p>\n<p style=\"text-align: justify;\"><strong>Hora:<\/strong> 2:00 pm<\/p>\n","protected":false},"excerpt":{"rendered":"<p>Este mi\u00e9rcoles 30 de julio se realizar\u00e1 por parte del Fondo Nacional de Ahorro en la ciudad de Pasto, el lanzamiento del nuevo programa de vivienda del Gobierno Nacional, el modelo financiero para adquisici\u00f3n de vivienda, denominado TACS (Tasa al Ahorro Construyendo Sociedad). El principal objetivo de este modelo que responde a las sugerencias del [&hellip;]<\/p>\n","protected":false},"author":29,"featured_media":9285,"comment_status":"open","ping_status":"open","sticky":false,"template":"","format":"standard","meta":{"footnotes":""},"categories":[82],"tags":[470,152,471],"class_list":["post-9286","post","type-post","status-publish","format-standard","has-post-thumbnail","hentry","category-ciudad-2","tag-fna","tag-pasto","tag-tacs"],"yoast_head":"<!-- This site is optimized with the Yoast SEO plugin v27.1.1 - https:\/\/yoast.com\/product\/yoast-seo-wordpress\/ -->\n<title>Lanzamiento nuevo programa de vivienda TACS | P\u00e1gina10<\/title>\n<meta name=\"robots\" content=\"index, follow, max-snippet:-1, max-image-preview:large, max-video-preview:-1\" \/>\n<link rel=\"canonical\" href=\"https:\/\/pagina10.com\/web\/lanzamiento-nuevo-programa-de-vivienda-tacs\/\" \/>\n<meta property=\"og:locale\" content=\"es_ES\" \/>\n<meta property=\"og:type\" content=\"article\" \/>\n<meta property=\"og:title\" content=\"Lanzamiento nuevo programa de vivienda TACS | P\u00e1gina10\" \/>\n<meta property=\"og:description\" content=\"Este mi\u00e9rcoles 30 de julio se realizar\u00e1 por parte del Fondo Nacional de Ahorro en la ciudad de Pasto, el lanzamiento del nuevo programa de vivienda del Gobierno Nacional, el modelo financiero para adquisici\u00f3n de vivienda, denominado TACS (Tasa al Ahorro Construyendo Sociedad). El principal objetivo de este modelo que responde a las sugerencias del [&hellip;]\" \/>\n<meta property=\"og:url\" content=\"https:\/\/pagina10.com\/web\/lanzamiento-nuevo-programa-de-vivienda-tacs\/\" \/>\n<meta property=\"og:site_name\" content=\"P\u00e1gina10\" \/>\n<meta property=\"article:publisher\" content=\"https:\/\/www.facebook.com\/pag10com\" \/>\n<meta property=\"article:published_time\" content=\"2014-07-29T23:44:17+00:00\" \/>\n<meta property=\"og:image\" content=\"https:\/\/pagina10.com\/web\/wp-content\/uploads\/2014\/07\/9bbd842c4c0373c0463fb3bee58aa7ee.jpg\" \/>\n\t<meta property=\"og:image:width\" content=\"694\" \/>\n\t<meta property=\"og:image:height\" content=\"390\" \/>\n\t<meta property=\"og:image:type\" content=\"image\/jpeg\" \/>\n<meta name=\"author\" content=\"P\u00e1gina 10\" \/>\n<meta name=\"twitter:card\" content=\"summary_large_image\" \/>\n<meta name=\"twitter:creator\" content=\"@Pag10com\" \/>\n<meta name=\"twitter:site\" content=\"@Pag10com\" \/>\n<meta name=\"twitter:label1\" content=\"Escrito por\" \/>\n\t<meta name=\"twitter:data1\" content=\"P\u00e1gina 10\" \/>\n\t<meta name=\"twitter:label2\" content=\"Tiempo de lectura\" \/>\n\t<meta name=\"twitter:data2\" content=\"2 minutos\" \/>\n<script type=\"application\/ld+json\" class=\"yoast-schema-graph\">{\"@context\":\"https:\/\/schema.org\",\"@graph\":[{\"@type\":\"Article\",\"@id\":\"https:\/\/pagina10.com\/web\/lanzamiento-nuevo-programa-de-vivienda-tacs\/#article\",\"isPartOf\":{\"@id\":\"https:\/\/pagina10.com\/web\/lanzamiento-nuevo-programa-de-vivienda-tacs\/\"},\"author\":{\"name\":\"P\u00e1gina 10\",\"@id\":\"https:\/\/pagina10.com\/web\/#\/schema\/person\/a7a5d38f0629dfc107f619fbae4f6cc3\"},\"headline\":\"Lanzamiento nuevo programa de vivienda TACS\",\"datePublished\":\"2014-07-29T23:44:17+00:00\",\"mainEntityOfPage\":{\"@id\":\"https:\/\/pagina10.com\/web\/lanzamiento-nuevo-programa-de-vivienda-tacs\/\"},\"wordCount\":326,\"commentCount\":0,\"publisher\":{\"@id\":\"https:\/\/pagina10.com\/web\/#organization\"},\"image\":{\"@id\":\"https:\/\/pagina10.com\/web\/lanzamiento-nuevo-programa-de-vivienda-tacs\/#primaryimage\"},\"thumbnailUrl\":\"https:\/\/pagina10.com\/web\/wp-content\/uploads\/2014\/07\/9bbd842c4c0373c0463fb3bee58aa7ee.jpg\",\"keywords\":[\"FNA\",\"pasto\",\"TACS\"],\"articleSection\":[\"Ciudad\"],\"inLanguage\":\"es\",\"potentialAction\":[{\"@type\":\"CommentAction\",\"name\":\"Comment\",\"target\":[\"https:\/\/pagina10.com\/web\/lanzamiento-nuevo-programa-de-vivienda-tacs\/#respond\"]}]},{\"@type\":\"WebPage\",\"@id\":\"https:\/\/pagina10.com\/web\/lanzamiento-nuevo-programa-de-vivienda-tacs\/\",\"url\":\"https:\/\/pagina10.com\/web\/lanzamiento-nuevo-programa-de-vivienda-tacs\/\",\"name\":\"Lanzamiento nuevo programa de vivienda TACS | P\u00e1gina10\",\"isPartOf\":{\"@id\":\"https:\/\/pagina10.com\/web\/#website\"},\"primaryImageOfPage\":{\"@id\":\"https:\/\/pagina10.com\/web\/lanzamiento-nuevo-programa-de-vivienda-tacs\/#primaryimage\"},\"image\":{\"@id\":\"https:\/\/pagina10.com\/web\/lanzamiento-nuevo-programa-de-vivienda-tacs\/#primaryimage\"},\"thumbnailUrl\":\"https:\/\/pagina10.com\/web\/wp-content\/uploads\/2014\/07\/9bbd842c4c0373c0463fb3bee58aa7ee.jpg\",\"datePublished\":\"2014-07-29T23:44:17+00:00\",\"breadcrumb\":{\"@id\":\"https:\/\/pagina10.com\/web\/lanzamiento-nuevo-programa-de-vivienda-tacs\/#breadcrumb\"},\"inLanguage\":\"es\",\"potentialAction\":[{\"@type\":\"ReadAction\",\"target\":[\"https:\/\/pagina10.com\/web\/lanzamiento-nuevo-programa-de-vivienda-tacs\/\"]}]},{\"@type\":\"ImageObject\",\"inLanguage\":\"es\",\"@id\":\"https:\/\/pagina10.com\/web\/lanzamiento-nuevo-programa-de-vivienda-tacs\/#primaryimage\",\"url\":\"https:\/\/pagina10.com\/web\/wp-content\/uploads\/2014\/07\/9bbd842c4c0373c0463fb3bee58aa7ee.jpg\",\"contentUrl\":\"https:\/\/pagina10.com\/web\/wp-content\/uploads\/2014\/07\/9bbd842c4c0373c0463fb3bee58aa7ee.jpg\",\"width\":694,\"height\":390,\"caption\":\"Fotograf\u00eda: fna.gov.co\"},{\"@type\":\"BreadcrumbList\",\"@id\":\"https:\/\/pagina10.com\/web\/lanzamiento-nuevo-programa-de-vivienda-tacs\/#breadcrumb\",\"itemListElement\":[{\"@type\":\"ListItem\",\"position\":1,\"name\":\"Portada\",\"item\":\"https:\/\/pagina10.com\/web\/\"},{\"@type\":\"ListItem\",\"position\":2,\"name\":\"Lanzamiento nuevo programa de vivienda TACS\"}]},{\"@type\":\"WebSite\",\"@id\":\"https:\/\/pagina10.com\/web\/#website\",\"url\":\"https:\/\/pagina10.com\/web\/\",\"name\":\"P\u00e1gina10\",\"description\":\"Peri\u00f3dico Regional\",\"publisher\":{\"@id\":\"https:\/\/pagina10.com\/web\/#organization\"},\"alternateName\":\"P\u00e1gina10 Peri\u00f3dico Regional\",\"potentialAction\":[{\"@type\":\"SearchAction\",\"target\":{\"@type\":\"EntryPoint\",\"urlTemplate\":\"https:\/\/pagina10.com\/web\/?s={search_term_string}\"},\"query-input\":{\"@type\":\"PropertyValueSpecification\",\"valueRequired\":true,\"valueName\":\"search_term_string\"}}],\"inLanguage\":\"es\"},{\"@type\":\"Organization\",\"@id\":\"https:\/\/pagina10.com\/web\/#organization\",\"name\":\"P\u00e1gina10\",\"alternateName\":\"P\u00e1gina10 Peri\u00f3dico Regional\",\"url\":\"https:\/\/pagina10.com\/web\/\",\"logo\":{\"@type\":\"ImageObject\",\"inLanguage\":\"es\",\"@id\":\"https:\/\/pagina10.com\/web\/#\/schema\/logo\/image\/\",\"url\":\"https:\/\/pagina10.com\/web\/wp-content\/uploads\/2024\/01\/40-pagina-10-periodico-regional-pasto.jpg\",\"contentUrl\":\"https:\/\/pagina10.com\/web\/wp-content\/uploads\/2024\/01\/40-pagina-10-periodico-regional-pasto.jpg\",\"width\":1280,\"height\":720,\"caption\":\"P\u00e1gina10\"},\"image\":{\"@id\":\"https:\/\/pagina10.com\/web\/#\/schema\/logo\/image\/\"},\"sameAs\":[\"https:\/\/www.facebook.com\/pag10com\",\"https:\/\/x.com\/Pag10com\",\"https:\/\/www.instagram.com\/pagina10col\/\",\"https:\/\/youtube.com\/channel\/pag10\",\"https:\/\/www.tiktok.com\/@p10col\"]},{\"@type\":\"Person\",\"@id\":\"https:\/\/pagina10.com\/web\/#\/schema\/person\/a7a5d38f0629dfc107f619fbae4f6cc3\",\"name\":\"P\u00e1gina 10\",\"description\":\"P\u00e1gina10.com es un peri\u00f3dico digital que nace en Colombia, en el departamento de Nari\u00f1o, con un enfoque global, fundamentado en cuatro pilares esenciales: la libertad, el pluralismo, la inclusi\u00f3n y la independencia. P\u00e1gina10.com hace referencia a Nari\u00f1o como el d\u00e9cimo departamento creado en Colombia, despu\u00e9s de un proceso pol\u00edtico liderado por actores y actrices regionales con el fin de obtener la independencia y autonom\u00eda de nuestros territorios. Con la creaci\u00f3n de P\u00e1gina10.com se pretende abrir un escenario para el dialogo, la reflexi\u00f3n y el debate que se extienda a otras geograf\u00edas de Am\u00e9rica Latina y del planeta, en una apuesta por transformar colectivamente los desaf\u00edos de un mundo contempor\u00e1neo, m\u00e1s all\u00e1 de las fronteras impuestas.\",\"url\":\"https:\/\/pagina10.com\/web\/author\/mcepeda\/\"}]}<\/script>\n<!-- \/ Yoast SEO plugin. -->","yoast_head_json":{"title":"Lanzamiento nuevo programa de vivienda TACS | P\u00e1gina10","robots":{"index":"index","follow":"follow","max-snippet":"max-snippet:-1","max-image-preview":"max-image-preview:large","max-video-preview":"max-video-preview:-1"},"canonical":"https:\/\/pagina10.com\/web\/lanzamiento-nuevo-programa-de-vivienda-tacs\/","og_locale":"es_ES","og_type":"article","og_title":"Lanzamiento nuevo programa de vivienda TACS | P\u00e1gina10","og_description":"Este mi\u00e9rcoles 30 de julio se realizar\u00e1 por parte del Fondo Nacional de Ahorro en la ciudad de Pasto, el lanzamiento del nuevo programa de vivienda del Gobierno Nacional, el modelo financiero para adquisici\u00f3n de vivienda, denominado TACS (Tasa al Ahorro Construyendo Sociedad). El principal objetivo de este modelo que responde a las sugerencias del [&hellip;]","og_url":"https:\/\/pagina10.com\/web\/lanzamiento-nuevo-programa-de-vivienda-tacs\/","og_site_name":"P\u00e1gina10","article_publisher":"https:\/\/www.facebook.com\/pag10com","article_published_time":"2014-07-29T23:44:17+00:00","og_image":[{"width":694,"height":390,"url":"https:\/\/pagina10.com\/web\/wp-content\/uploads\/2014\/07\/9bbd842c4c0373c0463fb3bee58aa7ee.jpg","type":"image\/jpeg"}],"author":"P\u00e1gina 10","twitter_card":"summary_large_image","twitter_creator":"@Pag10com","twitter_site":"@Pag10com","twitter_misc":{"Escrito por":"P\u00e1gina 10","Tiempo de lectura":"2 minutos"},"schema":{"@context":"https:\/\/schema.org","@graph":[{"@type":"Article","@id":"https:\/\/pagina10.com\/web\/lanzamiento-nuevo-programa-de-vivienda-tacs\/#article","isPartOf":{"@id":"https:\/\/pagina10.com\/web\/lanzamiento-nuevo-programa-de-vivienda-tacs\/"},"author":{"name":"P\u00e1gina 10","@id":"https:\/\/pagina10.com\/web\/#\/schema\/person\/a7a5d38f0629dfc107f619fbae4f6cc3"},"headline":"Lanzamiento nuevo programa de vivienda TACS","datePublished":"2014-07-29T23:44:17+00:00","mainEntityOfPage":{"@id":"https:\/\/pagina10.com\/web\/lanzamiento-nuevo-programa-de-vivienda-tacs\/"},"wordCount":326,"commentCount":0,"publisher":{"@id":"https:\/\/pagina10.com\/web\/#organization"},"image":{"@id":"https:\/\/pagina10.com\/web\/lanzamiento-nuevo-programa-de-vivienda-tacs\/#primaryimage"},"thumbnailUrl":"https:\/\/pagina10.com\/web\/wp-content\/uploads\/2014\/07\/9bbd842c4c0373c0463fb3bee58aa7ee.jpg","keywords":["FNA","pasto","TACS"],"articleSection":["Ciudad"],"inLanguage":"es","potentialAction":[{"@type":"CommentAction","name":"Comment","target":["https:\/\/pagina10.com\/web\/lanzamiento-nuevo-programa-de-vivienda-tacs\/#respond"]}]},{"@type":"WebPage","@id":"https:\/\/pagina10.com\/web\/lanzamiento-nuevo-programa-de-vivienda-tacs\/","url":"https:\/\/pagina10.com\/web\/lanzamiento-nuevo-programa-de-vivienda-tacs\/","name":"Lanzamiento nuevo programa de vivienda TACS | P\u00e1gina10","isPartOf":{"@id":"https:\/\/pagina10.com\/web\/#website"},"primaryImageOfPage":{"@id":"https:\/\/pagina10.com\/web\/lanzamiento-nuevo-programa-de-vivienda-tacs\/#primaryimage"},"image":{"@id":"https:\/\/pagina10.com\/web\/lanzamiento-nuevo-programa-de-vivienda-tacs\/#primaryimage"},"thumbnailUrl":"https:\/\/pagina10.com\/web\/wp-content\/uploads\/2014\/07\/9bbd842c4c0373c0463fb3bee58aa7ee.jpg","datePublished":"2014-07-29T23:44:17+00:00","breadcrumb":{"@id":"https:\/\/pagina10.com\/web\/lanzamiento-nuevo-programa-de-vivienda-tacs\/#breadcrumb"},"inLanguage":"es","potentialAction":[{"@type":"ReadAction","target":["https:\/\/pagina10.com\/web\/lanzamiento-nuevo-programa-de-vivienda-tacs\/"]}]},{"@type":"ImageObject","inLanguage":"es","@id":"https:\/\/pagina10.com\/web\/lanzamiento-nuevo-programa-de-vivienda-tacs\/#primaryimage","url":"https:\/\/pagina10.com\/web\/wp-content\/uploads\/2014\/07\/9bbd842c4c0373c0463fb3bee58aa7ee.jpg","contentUrl":"https:\/\/pagina10.com\/web\/wp-content\/uploads\/2014\/07\/9bbd842c4c0373c0463fb3bee58aa7ee.jpg","width":694,"height":390,"caption":"Fotograf\u00eda: fna.gov.co"},{"@type":"BreadcrumbList","@id":"https:\/\/pagina10.com\/web\/lanzamiento-nuevo-programa-de-vivienda-tacs\/#breadcrumb","itemListElement":[{"@type":"ListItem","position":1,"name":"Portada","item":"https:\/\/pagina10.com\/web\/"},{"@type":"ListItem","position":2,"name":"Lanzamiento nuevo programa de vivienda TACS"}]},{"@type":"WebSite","@id":"https:\/\/pagina10.com\/web\/#website","url":"https:\/\/pagina10.com\/web\/","name":"P\u00e1gina10","description":"Peri\u00f3dico Regional","publisher":{"@id":"https:\/\/pagina10.com\/web\/#organization"},"alternateName":"P\u00e1gina10 Peri\u00f3dico Regional","potentialAction":[{"@type":"SearchAction","target":{"@type":"EntryPoint","urlTemplate":"https:\/\/pagina10.com\/web\/?s={search_term_string}"},"query-input":{"@type":"PropertyValueSpecification","valueRequired":true,"valueName":"search_term_string"}}],"inLanguage":"es"},{"@type":"Organization","@id":"https:\/\/pagina10.com\/web\/#organization","name":"P\u00e1gina10","alternateName":"P\u00e1gina10 Peri\u00f3dico Regional","url":"https:\/\/pagina10.com\/web\/","logo":{"@type":"ImageObject","inLanguage":"es","@id":"https:\/\/pagina10.com\/web\/#\/schema\/logo\/image\/","url":"https:\/\/pagina10.com\/web\/wp-content\/uploads\/2024\/01\/40-pagina-10-periodico-regional-pasto.jpg","contentUrl":"https:\/\/pagina10.com\/web\/wp-content\/uploads\/2024\/01\/40-pagina-10-periodico-regional-pasto.jpg","width":1280,"height":720,"caption":"P\u00e1gina10"},"image":{"@id":"https:\/\/pagina10.com\/web\/#\/schema\/logo\/image\/"},"sameAs":["https:\/\/www.facebook.com\/pag10com","https:\/\/x.com\/Pag10com","https:\/\/www.instagram.com\/pagina10col\/","https:\/\/youtube.com\/channel\/pag10","https:\/\/www.tiktok.com\/@p10col"]},{"@type":"Person","@id":"https:\/\/pagina10.com\/web\/#\/schema\/person\/a7a5d38f0629dfc107f619fbae4f6cc3","name":"P\u00e1gina 10","description":"P\u00e1gina10.com es un peri\u00f3dico digital que nace en Colombia, en el departamento de Nari\u00f1o, con un enfoque global, fundamentado en cuatro pilares esenciales: la libertad, el pluralismo, la inclusi\u00f3n y la independencia. P\u00e1gina10.com hace referencia a Nari\u00f1o como el d\u00e9cimo departamento creado en Colombia, despu\u00e9s de un proceso pol\u00edtico liderado por actores y actrices regionales con el fin de obtener la independencia y autonom\u00eda de nuestros territorios. Con la creaci\u00f3n de P\u00e1gina10.com se pretende abrir un escenario para el dialogo, la reflexi\u00f3n y el debate que se extienda a otras geograf\u00edas de Am\u00e9rica Latina y del planeta, en una apuesta por transformar colectivamente los desaf\u00edos de un mundo contempor\u00e1neo, m\u00e1s all\u00e1 de las fronteras impuestas.","url":"https:\/\/pagina10.com\/web\/author\/mcepeda\/"}]}},"_links":{"self":[{"href":"https:\/\/pagina10.com\/web\/wp-json\/wp\/v2\/posts\/9286","targetHints":{"allow":["GET"]}}],"collection":[{"href":"https:\/\/pagina10.com\/web\/wp-json\/wp\/v2\/posts"}],"about":[{"href":"https:\/\/pagina10.com\/web\/wp-json\/wp\/v2\/types\/post"}],"author":[{"embeddable":true,"href":"https:\/\/pagina10.com\/web\/wp-json\/wp\/v2\/users\/29"}],"replies":[{"embeddable":true,"href":"https:\/\/pagina10.com\/web\/wp-json\/wp\/v2\/comments?post=9286"}],"version-history":[{"count":0,"href":"https:\/\/pagina10.com\/web\/wp-json\/wp\/v2\/posts\/9286\/revisions"}],"wp:featuredmedia":[{"embeddable":true,"href":"https:\/\/pagina10.com\/web\/wp-json\/wp\/v2\/media\/9285"}],"wp:attachment":[{"href":"https:\/\/pagina10.com\/web\/wp-json\/wp\/v2\/media?parent=9286"}],"wp:term":[{"taxonomy":"category","embeddable":true,"href":"https:\/\/pagina10.com\/web\/wp-json\/wp\/v2\/categories?post=9286"},{"taxonomy":"post_tag","embeddable":true,"href":"https:\/\/pagina10.com\/web\/wp-json\/wp\/v2\/tags?post=9286"}],"curies":[{"name":"wp","href":"https:\/\/api.w.org\/{rel}","templated":true}]}}