{"id":9288,"date":"2014-07-30T01:32:39","date_gmt":"2014-07-30T01:32:39","guid":{"rendered":"https:\/\/pagina10.com\/web\/restricciones-frente-a-escasez-de-gasolina\/"},"modified":"2014-07-30T01:32:39","modified_gmt":"2014-07-30T01:32:39","slug":"restricciones-frente-a-escasez-de-gasolina","status":"publish","type":"post","link":"https:\/\/pagina10.com\/web\/restricciones-frente-a-escasez-de-gasolina\/","title":{"rendered":"Restricciones en Pasto frente a escasez de gasolina"},"content":{"rendered":"<p><img fetchpriority=\"high\" decoding=\"async\" class=\" size-full wp-image-9287\" src=\"https:\/\/pagina10.com\/web\/wp-content\/uploads\/2014\/07\/4484cda0e2a1bf5b50fe1938e92660a9.jpg\" alt=\"\" width=\"3072\" height=\"2048\" \/><\/p>\n<p style=\"text-align: justify;\">En las \u00faltimas horas el alcalde de Pasto (e) \u00c1lvaro Jos\u00e9 G\u00f3mezjurado y la Secretaria de Gobierno (e) Carol Huertas Estrada adoptaron medidas para el control en la distribuci\u00f3n de combustible con el fin de evitar acaparamiento y escasez.<\/p>\n<p style=\"text-align: justify;\">&nbsp;<\/p>\n<p style=\"text-align: justify;\"><strong>Restricciones<\/strong><\/p>\n<ul style=\"list-style-type: disc;\">\n<li style=\"text-align: justify;\">Limitar la venta de combustible tipo gasolina en las estaciones de Servicio del Municipio de Pasto hasta por la suma de treinta mil pesos&nbsp;($30.000) para veh\u00edculos de servicio p\u00fablico, veinte mil pesos ($ 20.000) por cada veh\u00edculo particular y cinco mil pesos ($ 5.000) para motocicletas. El combustible tipo Diesel se vender\u00e1 de acuerdo a las regulaciones propias de cada estaci\u00f3n de servicio.<\/li>\n<li style=\"text-align: justify;\">Se prohibe el expendio de combustibles y l\u00edquidos inflamables en Estaciones de Servicio, espacio p\u00fablico, zonas residenciales y en lugares no adecuados para su disposici\u00f3n y en contenedores o recipientes de cualquier \u00edndole no adecuados para almacenamiento de combustible, en aplicaci\u00f3n del art\u00edculo 57 del C\u00f3digo Departamental de Polic\u00eda.<\/li>\n<li style=\"text-align: justify;\">Restringido el horario de venta de gasolina en las estaciones de servicio del Municipio de Pasto a partir de las 6:00 de la tarde y hasta las 6:00 de la ma\u00f1ana desde este martes 29 de julio hasta nueva orden. As\u00ed mismo, se reservar\u00e1 el 10 % del cupo del combustible de cada estaci\u00f3n para organismos de seguridad del Estado y de socorro.<\/li>\n<\/ul>\n<p style=\"text-align: justify;\">&nbsp;<\/p>\n<p style=\"text-align: justify;\">Al respecto, la secretaria de Gobierno inform\u00f3 que en coordinaci\u00f3n con la Polic\u00eda Nacional, efectuar\u00e1n la inspecci\u00f3n, vigilancia y control de las determinaciones tomadas, realizando las actividades legales necesarias para evitar su contravenci\u00f3n e imponiendo a los infractores, las sanciones establecidas en el C\u00f3digo Nacional y Departamental de Polic\u00eda.<\/p>\n<p style=\"text-align: justify;\">Finalmente, el Alcalde (e) hizo el llamado a la prudencia y pidi\u00f3 a la comunidad, utilizar s\u00f3lo el combustible que necesite y no acaparar el producto, para no generar desabastecimiento.<\/p>\n<p style=\"text-align: justify;\">&nbsp;<\/p>\n<p>Fuente: Alcald\u00eda de Pasto<\/p>\n","protected":false},"excerpt":{"rendered":"<p>En las \u00faltimas horas el alcalde de Pasto (e) \u00c1lvaro Jos\u00e9 G\u00f3mezjurado y la Secretaria de Gobierno (e) Carol Huertas Estrada adoptaron medidas para el control en la distribuci\u00f3n de combustible con el fin de evitar acaparamiento y escasez. &nbsp; Restricciones Limitar la venta de combustible tipo gasolina en las estaciones de Servicio del Municipio [&hellip;]<\/p>\n","protected":false},"author":29,"featured_media":9287,"comment_status":"open","ping_status":"open","sticky":false,"template":"","format":"standard","meta":{"footnotes":""},"categories":[82],"tags":[978,152],"class_list":["post-9288","post","type-post","status-publish","format-standard","has-post-thumbnail","hentry","category-ciudad-2","tag-escasez-de-gasolina","tag-pasto"],"yoast_head":"<!-- This site is optimized with the Yoast SEO plugin v27.1.1 - https:\/\/yoast.com\/product\/yoast-seo-wordpress\/ -->\n<title>Restricciones en Pasto frente a escasez de gasolina | P\u00e1gina10<\/title>\n<meta name=\"robots\" content=\"index, follow, max-snippet:-1, max-image-preview:large, max-video-preview:-1\" \/>\n<link rel=\"canonical\" href=\"https:\/\/pagina10.com\/web\/restricciones-frente-a-escasez-de-gasolina\/\" \/>\n<meta property=\"og:locale\" content=\"es_ES\" \/>\n<meta property=\"og:type\" content=\"article\" \/>\n<meta property=\"og:title\" content=\"Restricciones en Pasto frente a escasez de gasolina | P\u00e1gina10\" \/>\n<meta property=\"og:description\" content=\"En las \u00faltimas horas el alcalde de Pasto (e) \u00c1lvaro Jos\u00e9 G\u00f3mezjurado y la Secretaria de Gobierno (e) Carol Huertas Estrada adoptaron medidas para el control en la distribuci\u00f3n de combustible con el fin de evitar acaparamiento y escasez. &nbsp; Restricciones Limitar la venta de combustible tipo gasolina en las estaciones de Servicio del Municipio [&hellip;]\" \/>\n<meta property=\"og:url\" content=\"https:\/\/pagina10.com\/web\/restricciones-frente-a-escasez-de-gasolina\/\" \/>\n<meta property=\"og:site_name\" content=\"P\u00e1gina10\" \/>\n<meta property=\"article:publisher\" content=\"https:\/\/www.facebook.com\/pag10com\" \/>\n<meta property=\"article:published_time\" content=\"2014-07-30T01:32:39+00:00\" \/>\n<meta property=\"og:image\" content=\"https:\/\/pagina10.com\/web\/wp-content\/uploads\/2014\/07\/4484cda0e2a1bf5b50fe1938e92660a9-scaled.jpg\" \/>\n\t<meta property=\"og:image:width\" content=\"2560\" \/>\n\t<meta property=\"og:image:height\" content=\"1707\" \/>\n\t<meta property=\"og:image:type\" content=\"image\/jpeg\" \/>\n<meta name=\"author\" content=\"P\u00e1gina 10\" \/>\n<meta name=\"twitter:card\" content=\"summary_large_image\" \/>\n<meta name=\"twitter:creator\" content=\"@Pag10com\" \/>\n<meta name=\"twitter:site\" content=\"@Pag10com\" \/>\n<meta name=\"twitter:label1\" content=\"Escrito por\" \/>\n\t<meta name=\"twitter:data1\" content=\"P\u00e1gina 10\" \/>\n\t<meta name=\"twitter:label2\" content=\"Tiempo de lectura\" \/>\n\t<meta name=\"twitter:data2\" content=\"2 minutos\" \/>\n<script type=\"application\/ld+json\" class=\"yoast-schema-graph\">{\"@context\":\"https:\/\/schema.org\",\"@graph\":[{\"@type\":\"Article\",\"@id\":\"https:\/\/pagina10.com\/web\/restricciones-frente-a-escasez-de-gasolina\/#article\",\"isPartOf\":{\"@id\":\"https:\/\/pagina10.com\/web\/restricciones-frente-a-escasez-de-gasolina\/\"},\"author\":{\"name\":\"P\u00e1gina 10\",\"@id\":\"https:\/\/pagina10.com\/web\/#\/schema\/person\/a7a5d38f0629dfc107f619fbae4f6cc3\"},\"headline\":\"Restricciones en Pasto frente a escasez de gasolina\",\"datePublished\":\"2014-07-30T01:32:39+00:00\",\"mainEntityOfPage\":{\"@id\":\"https:\/\/pagina10.com\/web\/restricciones-frente-a-escasez-de-gasolina\/\"},\"wordCount\":324,\"commentCount\":0,\"publisher\":{\"@id\":\"https:\/\/pagina10.com\/web\/#organization\"},\"image\":{\"@id\":\"https:\/\/pagina10.com\/web\/restricciones-frente-a-escasez-de-gasolina\/#primaryimage\"},\"thumbnailUrl\":\"https:\/\/pagina10.com\/web\/wp-content\/uploads\/2014\/07\/4484cda0e2a1bf5b50fe1938e92660a9-scaled.jpg\",\"keywords\":[\"escasez de gasolina\",\"pasto\"],\"articleSection\":[\"Ciudad\"],\"inLanguage\":\"es\",\"potentialAction\":[{\"@type\":\"CommentAction\",\"name\":\"Comment\",\"target\":[\"https:\/\/pagina10.com\/web\/restricciones-frente-a-escasez-de-gasolina\/#respond\"]}]},{\"@type\":\"WebPage\",\"@id\":\"https:\/\/pagina10.com\/web\/restricciones-frente-a-escasez-de-gasolina\/\",\"url\":\"https:\/\/pagina10.com\/web\/restricciones-frente-a-escasez-de-gasolina\/\",\"name\":\"Restricciones en Pasto frente a escasez de gasolina | P\u00e1gina10\",\"isPartOf\":{\"@id\":\"https:\/\/pagina10.com\/web\/#website\"},\"primaryImageOfPage\":{\"@id\":\"https:\/\/pagina10.com\/web\/restricciones-frente-a-escasez-de-gasolina\/#primaryimage\"},\"image\":{\"@id\":\"https:\/\/pagina10.com\/web\/restricciones-frente-a-escasez-de-gasolina\/#primaryimage\"},\"thumbnailUrl\":\"https:\/\/pagina10.com\/web\/wp-content\/uploads\/2014\/07\/4484cda0e2a1bf5b50fe1938e92660a9-scaled.jpg\",\"datePublished\":\"2014-07-30T01:32:39+00:00\",\"breadcrumb\":{\"@id\":\"https:\/\/pagina10.com\/web\/restricciones-frente-a-escasez-de-gasolina\/#breadcrumb\"},\"inLanguage\":\"es\",\"potentialAction\":[{\"@type\":\"ReadAction\",\"target\":[\"https:\/\/pagina10.com\/web\/restricciones-frente-a-escasez-de-gasolina\/\"]}]},{\"@type\":\"ImageObject\",\"inLanguage\":\"es\",\"@id\":\"https:\/\/pagina10.com\/web\/restricciones-frente-a-escasez-de-gasolina\/#primaryimage\",\"url\":\"https:\/\/pagina10.com\/web\/wp-content\/uploads\/2014\/07\/4484cda0e2a1bf5b50fe1938e92660a9-scaled.jpg\",\"contentUrl\":\"https:\/\/pagina10.com\/web\/wp-content\/uploads\/2014\/07\/4484cda0e2a1bf5b50fe1938e92660a9-scaled.jpg\",\"width\":2560,\"height\":1707},{\"@type\":\"BreadcrumbList\",\"@id\":\"https:\/\/pagina10.com\/web\/restricciones-frente-a-escasez-de-gasolina\/#breadcrumb\",\"itemListElement\":[{\"@type\":\"ListItem\",\"position\":1,\"name\":\"Portada\",\"item\":\"https:\/\/pagina10.com\/web\/\"},{\"@type\":\"ListItem\",\"position\":2,\"name\":\"Restricciones en Pasto frente a escasez de gasolina\"}]},{\"@type\":\"WebSite\",\"@id\":\"https:\/\/pagina10.com\/web\/#website\",\"url\":\"https:\/\/pagina10.com\/web\/\",\"name\":\"P\u00e1gina10\",\"description\":\"Peri\u00f3dico Regional\",\"publisher\":{\"@id\":\"https:\/\/pagina10.com\/web\/#organization\"},\"alternateName\":\"P\u00e1gina10 Peri\u00f3dico Regional\",\"potentialAction\":[{\"@type\":\"SearchAction\",\"target\":{\"@type\":\"EntryPoint\",\"urlTemplate\":\"https:\/\/pagina10.com\/web\/?s={search_term_string}\"},\"query-input\":{\"@type\":\"PropertyValueSpecification\",\"valueRequired\":true,\"valueName\":\"search_term_string\"}}],\"inLanguage\":\"es\"},{\"@type\":\"Organization\",\"@id\":\"https:\/\/pagina10.com\/web\/#organization\",\"name\":\"P\u00e1gina10\",\"alternateName\":\"P\u00e1gina10 Peri\u00f3dico Regional\",\"url\":\"https:\/\/pagina10.com\/web\/\",\"logo\":{\"@type\":\"ImageObject\",\"inLanguage\":\"es\",\"@id\":\"https:\/\/pagina10.com\/web\/#\/schema\/logo\/image\/\",\"url\":\"https:\/\/pagina10.com\/web\/wp-content\/uploads\/2024\/01\/40-pagina-10-periodico-regional-pasto.jpg\",\"contentUrl\":\"https:\/\/pagina10.com\/web\/wp-content\/uploads\/2024\/01\/40-pagina-10-periodico-regional-pasto.jpg\",\"width\":1280,\"height\":720,\"caption\":\"P\u00e1gina10\"},\"image\":{\"@id\":\"https:\/\/pagina10.com\/web\/#\/schema\/logo\/image\/\"},\"sameAs\":[\"https:\/\/www.facebook.com\/pag10com\",\"https:\/\/x.com\/Pag10com\",\"https:\/\/www.instagram.com\/pagina10col\/\",\"https:\/\/youtube.com\/channel\/pag10\",\"https:\/\/www.tiktok.com\/@p10col\"]},{\"@type\":\"Person\",\"@id\":\"https:\/\/pagina10.com\/web\/#\/schema\/person\/a7a5d38f0629dfc107f619fbae4f6cc3\",\"name\":\"P\u00e1gina 10\",\"description\":\"P\u00e1gina10.com es un peri\u00f3dico digital que nace en Colombia, en el departamento de Nari\u00f1o, con un enfoque global, fundamentado en cuatro pilares esenciales: la libertad, el pluralismo, la inclusi\u00f3n y la independencia. P\u00e1gina10.com hace referencia a Nari\u00f1o como el d\u00e9cimo departamento creado en Colombia, despu\u00e9s de un proceso pol\u00edtico liderado por actores y actrices regionales con el fin de obtener la independencia y autonom\u00eda de nuestros territorios. Con la creaci\u00f3n de P\u00e1gina10.com se pretende abrir un escenario para el dialogo, la reflexi\u00f3n y el debate que se extienda a otras geograf\u00edas de Am\u00e9rica Latina y del planeta, en una apuesta por transformar colectivamente los desaf\u00edos de un mundo contempor\u00e1neo, m\u00e1s all\u00e1 de las fronteras impuestas.\",\"url\":\"https:\/\/pagina10.com\/web\/author\/mcepeda\/\"}]}<\/script>\n<!-- \/ Yoast SEO plugin. -->","yoast_head_json":{"title":"Restricciones en Pasto frente a escasez de gasolina | P\u00e1gina10","robots":{"index":"index","follow":"follow","max-snippet":"max-snippet:-1","max-image-preview":"max-image-preview:large","max-video-preview":"max-video-preview:-1"},"canonical":"https:\/\/pagina10.com\/web\/restricciones-frente-a-escasez-de-gasolina\/","og_locale":"es_ES","og_type":"article","og_title":"Restricciones en Pasto frente a escasez de gasolina | P\u00e1gina10","og_description":"En las \u00faltimas horas el alcalde de Pasto (e) \u00c1lvaro Jos\u00e9 G\u00f3mezjurado y la Secretaria de Gobierno (e) Carol Huertas Estrada adoptaron medidas para el control en la distribuci\u00f3n de combustible con el fin de evitar acaparamiento y escasez. &nbsp; Restricciones Limitar la venta de combustible tipo gasolina en las estaciones de Servicio del Municipio [&hellip;]","og_url":"https:\/\/pagina10.com\/web\/restricciones-frente-a-escasez-de-gasolina\/","og_site_name":"P\u00e1gina10","article_publisher":"https:\/\/www.facebook.com\/pag10com","article_published_time":"2014-07-30T01:32:39+00:00","og_image":[{"width":2560,"height":1707,"url":"https:\/\/pagina10.com\/web\/wp-content\/uploads\/2014\/07\/4484cda0e2a1bf5b50fe1938e92660a9-scaled.jpg","type":"image\/jpeg"}],"author":"P\u00e1gina 10","twitter_card":"summary_large_image","twitter_creator":"@Pag10com","twitter_site":"@Pag10com","twitter_misc":{"Escrito por":"P\u00e1gina 10","Tiempo de lectura":"2 minutos"},"schema":{"@context":"https:\/\/schema.org","@graph":[{"@type":"Article","@id":"https:\/\/pagina10.com\/web\/restricciones-frente-a-escasez-de-gasolina\/#article","isPartOf":{"@id":"https:\/\/pagina10.com\/web\/restricciones-frente-a-escasez-de-gasolina\/"},"author":{"name":"P\u00e1gina 10","@id":"https:\/\/pagina10.com\/web\/#\/schema\/person\/a7a5d38f0629dfc107f619fbae4f6cc3"},"headline":"Restricciones en Pasto frente a escasez de gasolina","datePublished":"2014-07-30T01:32:39+00:00","mainEntityOfPage":{"@id":"https:\/\/pagina10.com\/web\/restricciones-frente-a-escasez-de-gasolina\/"},"wordCount":324,"commentCount":0,"publisher":{"@id":"https:\/\/pagina10.com\/web\/#organization"},"image":{"@id":"https:\/\/pagina10.com\/web\/restricciones-frente-a-escasez-de-gasolina\/#primaryimage"},"thumbnailUrl":"https:\/\/pagina10.com\/web\/wp-content\/uploads\/2014\/07\/4484cda0e2a1bf5b50fe1938e92660a9-scaled.jpg","keywords":["escasez de gasolina","pasto"],"articleSection":["Ciudad"],"inLanguage":"es","potentialAction":[{"@type":"CommentAction","name":"Comment","target":["https:\/\/pagina10.com\/web\/restricciones-frente-a-escasez-de-gasolina\/#respond"]}]},{"@type":"WebPage","@id":"https:\/\/pagina10.com\/web\/restricciones-frente-a-escasez-de-gasolina\/","url":"https:\/\/pagina10.com\/web\/restricciones-frente-a-escasez-de-gasolina\/","name":"Restricciones en Pasto frente a escasez de gasolina | P\u00e1gina10","isPartOf":{"@id":"https:\/\/pagina10.com\/web\/#website"},"primaryImageOfPage":{"@id":"https:\/\/pagina10.com\/web\/restricciones-frente-a-escasez-de-gasolina\/#primaryimage"},"image":{"@id":"https:\/\/pagina10.com\/web\/restricciones-frente-a-escasez-de-gasolina\/#primaryimage"},"thumbnailUrl":"https:\/\/pagina10.com\/web\/wp-content\/uploads\/2014\/07\/4484cda0e2a1bf5b50fe1938e92660a9-scaled.jpg","datePublished":"2014-07-30T01:32:39+00:00","breadcrumb":{"@id":"https:\/\/pagina10.com\/web\/restricciones-frente-a-escasez-de-gasolina\/#breadcrumb"},"inLanguage":"es","potentialAction":[{"@type":"ReadAction","target":["https:\/\/pagina10.com\/web\/restricciones-frente-a-escasez-de-gasolina\/"]}]},{"@type":"ImageObject","inLanguage":"es","@id":"https:\/\/pagina10.com\/web\/restricciones-frente-a-escasez-de-gasolina\/#primaryimage","url":"https:\/\/pagina10.com\/web\/wp-content\/uploads\/2014\/07\/4484cda0e2a1bf5b50fe1938e92660a9-scaled.jpg","contentUrl":"https:\/\/pagina10.com\/web\/wp-content\/uploads\/2014\/07\/4484cda0e2a1bf5b50fe1938e92660a9-scaled.jpg","width":2560,"height":1707},{"@type":"BreadcrumbList","@id":"https:\/\/pagina10.com\/web\/restricciones-frente-a-escasez-de-gasolina\/#breadcrumb","itemListElement":[{"@type":"ListItem","position":1,"name":"Portada","item":"https:\/\/pagina10.com\/web\/"},{"@type":"ListItem","position":2,"name":"Restricciones en Pasto frente a escasez de gasolina"}]},{"@type":"WebSite","@id":"https:\/\/pagina10.com\/web\/#website","url":"https:\/\/pagina10.com\/web\/","name":"P\u00e1gina10","description":"Peri\u00f3dico Regional","publisher":{"@id":"https:\/\/pagina10.com\/web\/#organization"},"alternateName":"P\u00e1gina10 Peri\u00f3dico Regional","potentialAction":[{"@type":"SearchAction","target":{"@type":"EntryPoint","urlTemplate":"https:\/\/pagina10.com\/web\/?s={search_term_string}"},"query-input":{"@type":"PropertyValueSpecification","valueRequired":true,"valueName":"search_term_string"}}],"inLanguage":"es"},{"@type":"Organization","@id":"https:\/\/pagina10.com\/web\/#organization","name":"P\u00e1gina10","alternateName":"P\u00e1gina10 Peri\u00f3dico Regional","url":"https:\/\/pagina10.com\/web\/","logo":{"@type":"ImageObject","inLanguage":"es","@id":"https:\/\/pagina10.com\/web\/#\/schema\/logo\/image\/","url":"https:\/\/pagina10.com\/web\/wp-content\/uploads\/2024\/01\/40-pagina-10-periodico-regional-pasto.jpg","contentUrl":"https:\/\/pagina10.com\/web\/wp-content\/uploads\/2024\/01\/40-pagina-10-periodico-regional-pasto.jpg","width":1280,"height":720,"caption":"P\u00e1gina10"},"image":{"@id":"https:\/\/pagina10.com\/web\/#\/schema\/logo\/image\/"},"sameAs":["https:\/\/www.facebook.com\/pag10com","https:\/\/x.com\/Pag10com","https:\/\/www.instagram.com\/pagina10col\/","https:\/\/youtube.com\/channel\/pag10","https:\/\/www.tiktok.com\/@p10col"]},{"@type":"Person","@id":"https:\/\/pagina10.com\/web\/#\/schema\/person\/a7a5d38f0629dfc107f619fbae4f6cc3","name":"P\u00e1gina 10","description":"P\u00e1gina10.com es un peri\u00f3dico digital que nace en Colombia, en el departamento de Nari\u00f1o, con un enfoque global, fundamentado en cuatro pilares esenciales: la libertad, el pluralismo, la inclusi\u00f3n y la independencia. P\u00e1gina10.com hace referencia a Nari\u00f1o como el d\u00e9cimo departamento creado en Colombia, despu\u00e9s de un proceso pol\u00edtico liderado por actores y actrices regionales con el fin de obtener la independencia y autonom\u00eda de nuestros territorios. Con la creaci\u00f3n de P\u00e1gina10.com se pretende abrir un escenario para el dialogo, la reflexi\u00f3n y el debate que se extienda a otras geograf\u00edas de Am\u00e9rica Latina y del planeta, en una apuesta por transformar colectivamente los desaf\u00edos de un mundo contempor\u00e1neo, m\u00e1s all\u00e1 de las fronteras impuestas.","url":"https:\/\/pagina10.com\/web\/author\/mcepeda\/"}]}},"_links":{"self":[{"href":"https:\/\/pagina10.com\/web\/wp-json\/wp\/v2\/posts\/9288","targetHints":{"allow":["GET"]}}],"collection":[{"href":"https:\/\/pagina10.com\/web\/wp-json\/wp\/v2\/posts"}],"about":[{"href":"https:\/\/pagina10.com\/web\/wp-json\/wp\/v2\/types\/post"}],"author":[{"embeddable":true,"href":"https:\/\/pagina10.com\/web\/wp-json\/wp\/v2\/users\/29"}],"replies":[{"embeddable":true,"href":"https:\/\/pagina10.com\/web\/wp-json\/wp\/v2\/comments?post=9288"}],"version-history":[{"count":0,"href":"https:\/\/pagina10.com\/web\/wp-json\/wp\/v2\/posts\/9288\/revisions"}],"wp:featuredmedia":[{"embeddable":true,"href":"https:\/\/pagina10.com\/web\/wp-json\/wp\/v2\/media\/9287"}],"wp:attachment":[{"href":"https:\/\/pagina10.com\/web\/wp-json\/wp\/v2\/media?parent=9288"}],"wp:term":[{"taxonomy":"category","embeddable":true,"href":"https:\/\/pagina10.com\/web\/wp-json\/wp\/v2\/categories?post=9288"},{"taxonomy":"post_tag","embeddable":true,"href":"https:\/\/pagina10.com\/web\/wp-json\/wp\/v2\/tags?post=9288"}],"curies":[{"name":"wp","href":"https:\/\/api.w.org\/{rel}","templated":true}]}}