{"id":9296,"date":"2014-07-30T05:01:57","date_gmt":"2014-07-30T05:01:57","guid":{"rendered":"https:\/\/pagina10.com\/web\/requisitos-para-inscribirse-a-programa-subsidio-economico-personas-mayores-en-pasto\/"},"modified":"2014-07-30T05:01:57","modified_gmt":"2014-07-30T05:01:57","slug":"requisitos-para-inscribirse-a-programa-subsidio-economico-personas-mayores-en-pasto","status":"publish","type":"post","link":"https:\/\/pagina10.com\/web\/requisitos-para-inscribirse-a-programa-subsidio-economico-personas-mayores-en-pasto\/","title":{"rendered":"Requisitos para inscribirse a programa subsidio econ\u00f3mico personas mayores en Pasto"},"content":{"rendered":"<p><img fetchpriority=\"high\" decoding=\"async\" class=\" size-full wp-image-9295\" src=\"https:\/\/pagina10.com\/web\/wp-content\/uploads\/2014\/07\/5b5f102a31a4d991b80c97e9268a7806.jpg\" alt=\"Fotograf\u00eda: Andr\u00e9s Ceballos \" width=\"960\" height=\"640\" srcset=\"https:\/\/pagina10.com\/web\/wp-content\/uploads\/2014\/07\/5b5f102a31a4d991b80c97e9268a7806.jpg 960w, https:\/\/pagina10.com\/web\/wp-content\/uploads\/2014\/07\/5b5f102a31a4d991b80c97e9268a7806-300x200.jpg 300w, https:\/\/pagina10.com\/web\/wp-content\/uploads\/2014\/07\/5b5f102a31a4d991b80c97e9268a7806-768x512.jpg 768w, https:\/\/pagina10.com\/web\/wp-content\/uploads\/2014\/07\/5b5f102a31a4d991b80c97e9268a7806-450x300.jpg 450w\" sizes=\"(max-width: 960px) 100vw, 960px\" \/><\/p>\n<p style=\"text-align: justify;\">En atenci\u00f3n a la informaci\u00f3n suministrada por parte del Consorcio Colombia Mayor y en cumplimiento a la Resoluci\u00f3n N\u00ba 02182 del 30 de mayo del a\u00f1o en curso expedida por el Ministerio de Trabajo, la Secretar\u00eda de Bienestar Social a trav\u00e9s de la Subsecretar\u00eda de Gesti\u00f3n y Proyectos, comunica a las personas adultas mayores que est\u00e9n interesadas en inscribirse al programa Colombia Mayor (modalidad subsidio econ\u00f3mico), que a partir de la fecha se unifican los cortes del Sisben metodolog\u00eda III, es decir, que se ampl\u00eda el puntaje Sisben como uno de los requisitos para la inscripci\u00f3n al programa unificando en la zona rural y urbana de Pasto el cual queda contemplado en 43.63.<\/p>\n<p>  <!--more-->  <\/p>\n<p style=\"text-align: justify;\">La secretaria de la dependencia Laura Patricia Mart\u00ednez Baquero, inform\u00f3 que se conservan los requisitos como se enuncia a continuaci\u00f3n:<\/p>\n<p style=\"text-align: justify;\">Edad Mujeres: 54 a\u00f1os en adelante<\/p>\n<p style=\"text-align: justify;\">Edad Hombres: 59 a\u00f1os en adelante<\/p>\n<p style=\"text-align: justify;\">2 fotocopias de c\u00e9dula ampliada<\/p>\n<p style=\"text-align: justify;\">Puntaje Sisben zona rural y urbana igual o inferior a 43.63<\/p>\n<p style=\"text-align: justify;\">En caso de desplazamiento: certificado de la UAO<\/p>\n<p style=\"text-align: justify;\">En caso de Pertenecer a Cabildo Ind\u00edgena: Certificado de Gobernador\/a<\/p>\n<p style=\"text-align: justify;\">En caso de discapacidad formulario firmado por m\u00e9dico\/a tratante<\/p>\n<p style=\"text-align: justify;\">Diligenciamiento del certificado de postulaci\u00f3n<\/p>\n<p style=\"text-align: justify;\">Las inscripciones seg\u00fan cronograma establecido para el a\u00f1o 2014, se continuar\u00e1n realizando en los meses de agosto, octubre y diciembre. Para mayor informaci\u00f3n dirigirse a las instalaciones de la Secretar\u00eda de Bienestar Social, ubicada en el barrio Mijitayo carera 26 Sur (antiguo Inurbe) o comunicarse a trav\u00e9s de los siguientes medios de consulta: 7238680 \u2013 7238681 \u2013 7238682 o en la p\u00e1gina de internet \u2013 Alcald\u00eda de Pasto: www.pasto.gov.co\/tramites y servicios\/bienestar social\/colombiamayor\/ingresar numero de c\u00e9dula.<\/p>\n<p style=\"text-align: justify;\">&nbsp;<\/p>\n<p style=\"text-align: justify;\">&nbsp;<\/p>\n","protected":false},"excerpt":{"rendered":"<p>En atenci\u00f3n a la informaci\u00f3n suministrada por parte del Consorcio Colombia Mayor y en cumplimiento a la Resoluci\u00f3n N\u00ba 02182 del 30 de mayo del a\u00f1o en curso expedida por el Ministerio de Trabajo, la Secretar\u00eda de Bienestar Social a trav\u00e9s de la Subsecretar\u00eda de Gesti\u00f3n y Proyectos, comunica a las personas adultas mayores que [&hellip;]<\/p>\n","protected":false},"author":29,"featured_media":9294,"comment_status":"open","ping_status":"open","sticky":false,"template":"","format":"standard","meta":{"footnotes":""},"categories":[82],"tags":[981],"class_list":["post-9296","post","type-post","status-publish","format-standard","has-post-thumbnail","hentry","category-ciudad-2","tag-personasmayorespasto"],"yoast_head":"<!-- This site is optimized with the Yoast SEO plugin v27.1.1 - https:\/\/yoast.com\/product\/yoast-seo-wordpress\/ -->\n<title>Requisitos para inscribirse a programa subsidio econ\u00f3mico personas mayores en Pasto | P\u00e1gina10<\/title>\n<meta name=\"robots\" content=\"index, follow, max-snippet:-1, max-image-preview:large, max-video-preview:-1\" \/>\n<link rel=\"canonical\" href=\"https:\/\/pagina10.com\/web\/requisitos-para-inscribirse-a-programa-subsidio-economico-personas-mayores-en-pasto\/\" \/>\n<meta property=\"og:locale\" content=\"es_ES\" \/>\n<meta property=\"og:type\" content=\"article\" \/>\n<meta property=\"og:title\" content=\"Requisitos para inscribirse a programa subsidio econ\u00f3mico personas mayores en Pasto | P\u00e1gina10\" \/>\n<meta property=\"og:description\" content=\"En atenci\u00f3n a la informaci\u00f3n suministrada por parte del Consorcio Colombia Mayor y en cumplimiento a la Resoluci\u00f3n N\u00ba 02182 del 30 de mayo del a\u00f1o en curso expedida por el Ministerio de Trabajo, la Secretar\u00eda de Bienestar Social a trav\u00e9s de la Subsecretar\u00eda de Gesti\u00f3n y Proyectos, comunica a las personas adultas mayores que [&hellip;]\" \/>\n<meta property=\"og:url\" content=\"https:\/\/pagina10.com\/web\/requisitos-para-inscribirse-a-programa-subsidio-economico-personas-mayores-en-pasto\/\" \/>\n<meta property=\"og:site_name\" content=\"P\u00e1gina10\" \/>\n<meta property=\"article:publisher\" content=\"https:\/\/www.facebook.com\/pag10com\" \/>\n<meta property=\"article:published_time\" content=\"2014-07-30T05:01:57+00:00\" \/>\n<meta property=\"og:image\" content=\"https:\/\/pagina10.com\/web\/wp-content\/uploads\/2014\/07\/5b5f102a31a4d991b80c97e9268a7806.jpg\" \/>\n\t<meta property=\"og:image:width\" content=\"960\" \/>\n\t<meta property=\"og:image:height\" content=\"640\" \/>\n\t<meta property=\"og:image:type\" content=\"image\/jpeg\" \/>\n<meta name=\"author\" content=\"P\u00e1gina 10\" \/>\n<meta name=\"twitter:card\" content=\"summary_large_image\" \/>\n<meta name=\"twitter:creator\" content=\"@Pag10com\" \/>\n<meta name=\"twitter:site\" content=\"@Pag10com\" \/>\n<meta name=\"twitter:label1\" content=\"Escrito por\" \/>\n\t<meta name=\"twitter:data1\" content=\"P\u00e1gina 10\" \/>\n\t<meta name=\"twitter:label2\" content=\"Tiempo de lectura\" \/>\n\t<meta name=\"twitter:data2\" content=\"1 minuto\" \/>\n<script type=\"application\/ld+json\" class=\"yoast-schema-graph\">{\"@context\":\"https:\/\/schema.org\",\"@graph\":[{\"@type\":\"Article\",\"@id\":\"https:\/\/pagina10.com\/web\/requisitos-para-inscribirse-a-programa-subsidio-economico-personas-mayores-en-pasto\/#article\",\"isPartOf\":{\"@id\":\"https:\/\/pagina10.com\/web\/requisitos-para-inscribirse-a-programa-subsidio-economico-personas-mayores-en-pasto\/\"},\"author\":{\"name\":\"P\u00e1gina 10\",\"@id\":\"https:\/\/pagina10.com\/web\/#\/schema\/person\/a7a5d38f0629dfc107f619fbae4f6cc3\"},\"headline\":\"Requisitos para inscribirse a programa subsidio econ\u00f3mico personas mayores en Pasto\",\"datePublished\":\"2014-07-30T05:01:57+00:00\",\"mainEntityOfPage\":{\"@id\":\"https:\/\/pagina10.com\/web\/requisitos-para-inscribirse-a-programa-subsidio-economico-personas-mayores-en-pasto\/\"},\"wordCount\":306,\"commentCount\":0,\"publisher\":{\"@id\":\"https:\/\/pagina10.com\/web\/#organization\"},\"image\":{\"@id\":\"https:\/\/pagina10.com\/web\/requisitos-para-inscribirse-a-programa-subsidio-economico-personas-mayores-en-pasto\/#primaryimage\"},\"thumbnailUrl\":\"https:\/\/pagina10.com\/web\/wp-content\/uploads\/2014\/07\/5b5f102a31a4d991b80c97e9268a7806.jpg\",\"keywords\":[\"PersonasMayoresPasto\"],\"articleSection\":[\"Ciudad\"],\"inLanguage\":\"es\",\"potentialAction\":[{\"@type\":\"CommentAction\",\"name\":\"Comment\",\"target\":[\"https:\/\/pagina10.com\/web\/requisitos-para-inscribirse-a-programa-subsidio-economico-personas-mayores-en-pasto\/#respond\"]}]},{\"@type\":\"WebPage\",\"@id\":\"https:\/\/pagina10.com\/web\/requisitos-para-inscribirse-a-programa-subsidio-economico-personas-mayores-en-pasto\/\",\"url\":\"https:\/\/pagina10.com\/web\/requisitos-para-inscribirse-a-programa-subsidio-economico-personas-mayores-en-pasto\/\",\"name\":\"Requisitos para inscribirse a programa subsidio econ\u00f3mico personas mayores en Pasto | P\u00e1gina10\",\"isPartOf\":{\"@id\":\"https:\/\/pagina10.com\/web\/#website\"},\"primaryImageOfPage\":{\"@id\":\"https:\/\/pagina10.com\/web\/requisitos-para-inscribirse-a-programa-subsidio-economico-personas-mayores-en-pasto\/#primaryimage\"},\"image\":{\"@id\":\"https:\/\/pagina10.com\/web\/requisitos-para-inscribirse-a-programa-subsidio-economico-personas-mayores-en-pasto\/#primaryimage\"},\"thumbnailUrl\":\"https:\/\/pagina10.com\/web\/wp-content\/uploads\/2014\/07\/5b5f102a31a4d991b80c97e9268a7806.jpg\",\"datePublished\":\"2014-07-30T05:01:57+00:00\",\"breadcrumb\":{\"@id\":\"https:\/\/pagina10.com\/web\/requisitos-para-inscribirse-a-programa-subsidio-economico-personas-mayores-en-pasto\/#breadcrumb\"},\"inLanguage\":\"es\",\"potentialAction\":[{\"@type\":\"ReadAction\",\"target\":[\"https:\/\/pagina10.com\/web\/requisitos-para-inscribirse-a-programa-subsidio-economico-personas-mayores-en-pasto\/\"]}]},{\"@type\":\"ImageObject\",\"inLanguage\":\"es\",\"@id\":\"https:\/\/pagina10.com\/web\/requisitos-para-inscribirse-a-programa-subsidio-economico-personas-mayores-en-pasto\/#primaryimage\",\"url\":\"https:\/\/pagina10.com\/web\/wp-content\/uploads\/2014\/07\/5b5f102a31a4d991b80c97e9268a7806.jpg\",\"contentUrl\":\"https:\/\/pagina10.com\/web\/wp-content\/uploads\/2014\/07\/5b5f102a31a4d991b80c97e9268a7806.jpg\",\"width\":960,\"height\":640,\"caption\":\"Fotograf\u00eda: Andr\u00e9s Ceballos\"},{\"@type\":\"BreadcrumbList\",\"@id\":\"https:\/\/pagina10.com\/web\/requisitos-para-inscribirse-a-programa-subsidio-economico-personas-mayores-en-pasto\/#breadcrumb\",\"itemListElement\":[{\"@type\":\"ListItem\",\"position\":1,\"name\":\"Portada\",\"item\":\"https:\/\/pagina10.com\/web\/\"},{\"@type\":\"ListItem\",\"position\":2,\"name\":\"Requisitos para inscribirse a programa subsidio econ\u00f3mico personas mayores en Pasto\"}]},{\"@type\":\"WebSite\",\"@id\":\"https:\/\/pagina10.com\/web\/#website\",\"url\":\"https:\/\/pagina10.com\/web\/\",\"name\":\"P\u00e1gina10\",\"description\":\"Peri\u00f3dico Regional\",\"publisher\":{\"@id\":\"https:\/\/pagina10.com\/web\/#organization\"},\"alternateName\":\"P\u00e1gina10 Peri\u00f3dico Regional\",\"potentialAction\":[{\"@type\":\"SearchAction\",\"target\":{\"@type\":\"EntryPoint\",\"urlTemplate\":\"https:\/\/pagina10.com\/web\/?s={search_term_string}\"},\"query-input\":{\"@type\":\"PropertyValueSpecification\",\"valueRequired\":true,\"valueName\":\"search_term_string\"}}],\"inLanguage\":\"es\"},{\"@type\":\"Organization\",\"@id\":\"https:\/\/pagina10.com\/web\/#organization\",\"name\":\"P\u00e1gina10\",\"alternateName\":\"P\u00e1gina10 Peri\u00f3dico Regional\",\"url\":\"https:\/\/pagina10.com\/web\/\",\"logo\":{\"@type\":\"ImageObject\",\"inLanguage\":\"es\",\"@id\":\"https:\/\/pagina10.com\/web\/#\/schema\/logo\/image\/\",\"url\":\"https:\/\/pagina10.com\/web\/wp-content\/uploads\/2024\/01\/40-pagina-10-periodico-regional-pasto.jpg\",\"contentUrl\":\"https:\/\/pagina10.com\/web\/wp-content\/uploads\/2024\/01\/40-pagina-10-periodico-regional-pasto.jpg\",\"width\":1280,\"height\":720,\"caption\":\"P\u00e1gina10\"},\"image\":{\"@id\":\"https:\/\/pagina10.com\/web\/#\/schema\/logo\/image\/\"},\"sameAs\":[\"https:\/\/www.facebook.com\/pag10com\",\"https:\/\/x.com\/Pag10com\",\"https:\/\/www.instagram.com\/pagina10col\/\",\"https:\/\/youtube.com\/channel\/pag10\",\"https:\/\/www.tiktok.com\/@p10col\"]},{\"@type\":\"Person\",\"@id\":\"https:\/\/pagina10.com\/web\/#\/schema\/person\/a7a5d38f0629dfc107f619fbae4f6cc3\",\"name\":\"P\u00e1gina 10\",\"description\":\"P\u00e1gina10.com es un peri\u00f3dico digital que nace en Colombia, en el departamento de Nari\u00f1o, con un enfoque global, fundamentado en cuatro pilares esenciales: la libertad, el pluralismo, la inclusi\u00f3n y la independencia. P\u00e1gina10.com hace referencia a Nari\u00f1o como el d\u00e9cimo departamento creado en Colombia, despu\u00e9s de un proceso pol\u00edtico liderado por actores y actrices regionales con el fin de obtener la independencia y autonom\u00eda de nuestros territorios. Con la creaci\u00f3n de P\u00e1gina10.com se pretende abrir un escenario para el dialogo, la reflexi\u00f3n y el debate que se extienda a otras geograf\u00edas de Am\u00e9rica Latina y del planeta, en una apuesta por transformar colectivamente los desaf\u00edos de un mundo contempor\u00e1neo, m\u00e1s all\u00e1 de las fronteras impuestas.\",\"url\":\"https:\/\/pagina10.com\/web\/author\/mcepeda\/\"}]}<\/script>\n<!-- \/ Yoast SEO plugin. -->","yoast_head_json":{"title":"Requisitos para inscribirse a programa subsidio econ\u00f3mico personas mayores en Pasto | P\u00e1gina10","robots":{"index":"index","follow":"follow","max-snippet":"max-snippet:-1","max-image-preview":"max-image-preview:large","max-video-preview":"max-video-preview:-1"},"canonical":"https:\/\/pagina10.com\/web\/requisitos-para-inscribirse-a-programa-subsidio-economico-personas-mayores-en-pasto\/","og_locale":"es_ES","og_type":"article","og_title":"Requisitos para inscribirse a programa subsidio econ\u00f3mico personas mayores en Pasto | P\u00e1gina10","og_description":"En atenci\u00f3n a la informaci\u00f3n suministrada por parte del Consorcio Colombia Mayor y en cumplimiento a la Resoluci\u00f3n N\u00ba 02182 del 30 de mayo del a\u00f1o en curso expedida por el Ministerio de Trabajo, la Secretar\u00eda de Bienestar Social a trav\u00e9s de la Subsecretar\u00eda de Gesti\u00f3n y Proyectos, comunica a las personas adultas mayores que [&hellip;]","og_url":"https:\/\/pagina10.com\/web\/requisitos-para-inscribirse-a-programa-subsidio-economico-personas-mayores-en-pasto\/","og_site_name":"P\u00e1gina10","article_publisher":"https:\/\/www.facebook.com\/pag10com","article_published_time":"2014-07-30T05:01:57+00:00","og_image":[{"width":960,"height":640,"url":"https:\/\/pagina10.com\/web\/wp-content\/uploads\/2014\/07\/5b5f102a31a4d991b80c97e9268a7806.jpg","type":"image\/jpeg"}],"author":"P\u00e1gina 10","twitter_card":"summary_large_image","twitter_creator":"@Pag10com","twitter_site":"@Pag10com","twitter_misc":{"Escrito por":"P\u00e1gina 10","Tiempo de lectura":"1 minuto"},"schema":{"@context":"https:\/\/schema.org","@graph":[{"@type":"Article","@id":"https:\/\/pagina10.com\/web\/requisitos-para-inscribirse-a-programa-subsidio-economico-personas-mayores-en-pasto\/#article","isPartOf":{"@id":"https:\/\/pagina10.com\/web\/requisitos-para-inscribirse-a-programa-subsidio-economico-personas-mayores-en-pasto\/"},"author":{"name":"P\u00e1gina 10","@id":"https:\/\/pagina10.com\/web\/#\/schema\/person\/a7a5d38f0629dfc107f619fbae4f6cc3"},"headline":"Requisitos para inscribirse a programa subsidio econ\u00f3mico personas mayores en Pasto","datePublished":"2014-07-30T05:01:57+00:00","mainEntityOfPage":{"@id":"https:\/\/pagina10.com\/web\/requisitos-para-inscribirse-a-programa-subsidio-economico-personas-mayores-en-pasto\/"},"wordCount":306,"commentCount":0,"publisher":{"@id":"https:\/\/pagina10.com\/web\/#organization"},"image":{"@id":"https:\/\/pagina10.com\/web\/requisitos-para-inscribirse-a-programa-subsidio-economico-personas-mayores-en-pasto\/#primaryimage"},"thumbnailUrl":"https:\/\/pagina10.com\/web\/wp-content\/uploads\/2014\/07\/5b5f102a31a4d991b80c97e9268a7806.jpg","keywords":["PersonasMayoresPasto"],"articleSection":["Ciudad"],"inLanguage":"es","potentialAction":[{"@type":"CommentAction","name":"Comment","target":["https:\/\/pagina10.com\/web\/requisitos-para-inscribirse-a-programa-subsidio-economico-personas-mayores-en-pasto\/#respond"]}]},{"@type":"WebPage","@id":"https:\/\/pagina10.com\/web\/requisitos-para-inscribirse-a-programa-subsidio-economico-personas-mayores-en-pasto\/","url":"https:\/\/pagina10.com\/web\/requisitos-para-inscribirse-a-programa-subsidio-economico-personas-mayores-en-pasto\/","name":"Requisitos para inscribirse a programa subsidio econ\u00f3mico personas mayores en Pasto | P\u00e1gina10","isPartOf":{"@id":"https:\/\/pagina10.com\/web\/#website"},"primaryImageOfPage":{"@id":"https:\/\/pagina10.com\/web\/requisitos-para-inscribirse-a-programa-subsidio-economico-personas-mayores-en-pasto\/#primaryimage"},"image":{"@id":"https:\/\/pagina10.com\/web\/requisitos-para-inscribirse-a-programa-subsidio-economico-personas-mayores-en-pasto\/#primaryimage"},"thumbnailUrl":"https:\/\/pagina10.com\/web\/wp-content\/uploads\/2014\/07\/5b5f102a31a4d991b80c97e9268a7806.jpg","datePublished":"2014-07-30T05:01:57+00:00","breadcrumb":{"@id":"https:\/\/pagina10.com\/web\/requisitos-para-inscribirse-a-programa-subsidio-economico-personas-mayores-en-pasto\/#breadcrumb"},"inLanguage":"es","potentialAction":[{"@type":"ReadAction","target":["https:\/\/pagina10.com\/web\/requisitos-para-inscribirse-a-programa-subsidio-economico-personas-mayores-en-pasto\/"]}]},{"@type":"ImageObject","inLanguage":"es","@id":"https:\/\/pagina10.com\/web\/requisitos-para-inscribirse-a-programa-subsidio-economico-personas-mayores-en-pasto\/#primaryimage","url":"https:\/\/pagina10.com\/web\/wp-content\/uploads\/2014\/07\/5b5f102a31a4d991b80c97e9268a7806.jpg","contentUrl":"https:\/\/pagina10.com\/web\/wp-content\/uploads\/2014\/07\/5b5f102a31a4d991b80c97e9268a7806.jpg","width":960,"height":640,"caption":"Fotograf\u00eda: Andr\u00e9s Ceballos"},{"@type":"BreadcrumbList","@id":"https:\/\/pagina10.com\/web\/requisitos-para-inscribirse-a-programa-subsidio-economico-personas-mayores-en-pasto\/#breadcrumb","itemListElement":[{"@type":"ListItem","position":1,"name":"Portada","item":"https:\/\/pagina10.com\/web\/"},{"@type":"ListItem","position":2,"name":"Requisitos para inscribirse a programa subsidio econ\u00f3mico personas mayores en Pasto"}]},{"@type":"WebSite","@id":"https:\/\/pagina10.com\/web\/#website","url":"https:\/\/pagina10.com\/web\/","name":"P\u00e1gina10","description":"Peri\u00f3dico Regional","publisher":{"@id":"https:\/\/pagina10.com\/web\/#organization"},"alternateName":"P\u00e1gina10 Peri\u00f3dico Regional","potentialAction":[{"@type":"SearchAction","target":{"@type":"EntryPoint","urlTemplate":"https:\/\/pagina10.com\/web\/?s={search_term_string}"},"query-input":{"@type":"PropertyValueSpecification","valueRequired":true,"valueName":"search_term_string"}}],"inLanguage":"es"},{"@type":"Organization","@id":"https:\/\/pagina10.com\/web\/#organization","name":"P\u00e1gina10","alternateName":"P\u00e1gina10 Peri\u00f3dico Regional","url":"https:\/\/pagina10.com\/web\/","logo":{"@type":"ImageObject","inLanguage":"es","@id":"https:\/\/pagina10.com\/web\/#\/schema\/logo\/image\/","url":"https:\/\/pagina10.com\/web\/wp-content\/uploads\/2024\/01\/40-pagina-10-periodico-regional-pasto.jpg","contentUrl":"https:\/\/pagina10.com\/web\/wp-content\/uploads\/2024\/01\/40-pagina-10-periodico-regional-pasto.jpg","width":1280,"height":720,"caption":"P\u00e1gina10"},"image":{"@id":"https:\/\/pagina10.com\/web\/#\/schema\/logo\/image\/"},"sameAs":["https:\/\/www.facebook.com\/pag10com","https:\/\/x.com\/Pag10com","https:\/\/www.instagram.com\/pagina10col\/","https:\/\/youtube.com\/channel\/pag10","https:\/\/www.tiktok.com\/@p10col"]},{"@type":"Person","@id":"https:\/\/pagina10.com\/web\/#\/schema\/person\/a7a5d38f0629dfc107f619fbae4f6cc3","name":"P\u00e1gina 10","description":"P\u00e1gina10.com es un peri\u00f3dico digital que nace en Colombia, en el departamento de Nari\u00f1o, con un enfoque global, fundamentado en cuatro pilares esenciales: la libertad, el pluralismo, la inclusi\u00f3n y la independencia. P\u00e1gina10.com hace referencia a Nari\u00f1o como el d\u00e9cimo departamento creado en Colombia, despu\u00e9s de un proceso pol\u00edtico liderado por actores y actrices regionales con el fin de obtener la independencia y autonom\u00eda de nuestros territorios. Con la creaci\u00f3n de P\u00e1gina10.com se pretende abrir un escenario para el dialogo, la reflexi\u00f3n y el debate que se extienda a otras geograf\u00edas de Am\u00e9rica Latina y del planeta, en una apuesta por transformar colectivamente los desaf\u00edos de un mundo contempor\u00e1neo, m\u00e1s all\u00e1 de las fronteras impuestas.","url":"https:\/\/pagina10.com\/web\/author\/mcepeda\/"}]}},"_links":{"self":[{"href":"https:\/\/pagina10.com\/web\/wp-json\/wp\/v2\/posts\/9296","targetHints":{"allow":["GET"]}}],"collection":[{"href":"https:\/\/pagina10.com\/web\/wp-json\/wp\/v2\/posts"}],"about":[{"href":"https:\/\/pagina10.com\/web\/wp-json\/wp\/v2\/types\/post"}],"author":[{"embeddable":true,"href":"https:\/\/pagina10.com\/web\/wp-json\/wp\/v2\/users\/29"}],"replies":[{"embeddable":true,"href":"https:\/\/pagina10.com\/web\/wp-json\/wp\/v2\/comments?post=9296"}],"version-history":[{"count":0,"href":"https:\/\/pagina10.com\/web\/wp-json\/wp\/v2\/posts\/9296\/revisions"}],"wp:featuredmedia":[{"embeddable":true,"href":"https:\/\/pagina10.com\/web\/wp-json\/wp\/v2\/media\/9294"}],"wp:attachment":[{"href":"https:\/\/pagina10.com\/web\/wp-json\/wp\/v2\/media?parent=9296"}],"wp:term":[{"taxonomy":"category","embeddable":true,"href":"https:\/\/pagina10.com\/web\/wp-json\/wp\/v2\/categories?post=9296"},{"taxonomy":"post_tag","embeddable":true,"href":"https:\/\/pagina10.com\/web\/wp-json\/wp\/v2\/tags?post=9296"}],"curies":[{"name":"wp","href":"https:\/\/api.w.org\/{rel}","templated":true}]}}