{"id":9530,"date":"2014-08-11T01:34:16","date_gmt":"2014-08-11T01:34:16","guid":{"rendered":"https:\/\/pagina10.com\/web\/del-13-al-16-de-agosto-inicia-golombiao-un-espacio-para-la-paz-en-pasto\/"},"modified":"2014-08-11T01:34:16","modified_gmt":"2014-08-11T01:34:16","slug":"del-13-al-16-de-agosto-inicia-golombiao-un-espacio-para-la-paz-en-pasto","status":"publish","type":"post","link":"https:\/\/pagina10.com\/web\/del-13-al-16-de-agosto-inicia-golombiao-un-espacio-para-la-paz-en-pasto\/","title":{"rendered":"Del 13 al 16 de agosto inicia Golombiao, un espacio para la paz en Pasto"},"content":{"rendered":"<p><img fetchpriority=\"high\" decoding=\"async\" class=\" size-full wp-image-9529\" src=\"https:\/\/pagina10.com\/web\/wp-content\/uploads\/2014\/08\/ffb4061f22d0b18b446dec91ed0af3e2.jpg\" alt=\"\" width=\"670\" height=\"335\" srcset=\"https:\/\/pagina10.com\/web\/wp-content\/uploads\/2014\/08\/ffb4061f22d0b18b446dec91ed0af3e2.jpg 670w, https:\/\/pagina10.com\/web\/wp-content\/uploads\/2014\/08\/ffb4061f22d0b18b446dec91ed0af3e2-300x150.jpg 300w\" sizes=\"(max-width: 670px) 100vw, 670px\" \/><\/p>\n<p style=\"text-align: justify;\">Desde este mi\u00e9rcoles 13 hasta el s\u00e1bado 16 de agosto, se realizar\u00e1 en el municipio de Pasto el Primer Encuentro Nacional Ind\u00edgena Golombiao, Semilla de Paz que congrega a 10 delegaciones, dos locales y ocho de diferentes departamentos del pa\u00eds, con el objetivo de que adolescentes y j\u00f3venes se apropien de temas como innovaci\u00f3n social, liderazgo, salud, educaci\u00f3n, medio ambiente y turismo. El evento que se desarrolla en el marco de la Semana de la Juventud a trav\u00e9s de la Direcci\u00f3n Administrativa de Juventud y la Oficina de Asuntos Internacionales, contar\u00e1 con la presencia del Programa Presidencial Colombia Joven y Unicef Colombia.<\/p>\n<p style=\"text-align: justify;\">&nbsp;<\/p>\n<p style=\"text-align: justify;\">La Directora Administrativa de Juventud, Adriana Franco Moncayo, inform\u00f3 que la programaci\u00f3n del Golombiao que para el mi\u00e9rcoles 13 de agosto inicia con la llegada de las delegaciones con quienes se socializar\u00e1 la agenda y los acuerdos de convivencia en la Casa de Ejercicios entre el medio d\u00eda y las 5:30 de la tarde. Luego, a las 6:00 de la tarde, el grupo de m\u00fasica andina de la Red de Escuelas Formaci\u00f3n Musical, dar\u00e1 apertura al evento en el Jard\u00edn de la Casa de Ejercicios. Acto seguido, se realizar\u00e1 la presentaci\u00f3n de delegaciones e instituciones anfitrionas, a partir del tejido y del fuego.<\/p>\n<p style=\"text-align: justify;\">&nbsp;<\/p>\n<p style=\"text-align: justify;\">La Jefe de la Oficina de Asuntos Internacionales, Andrea Lozano Almario, indic\u00f3 que esta es una oportunidad que brinda UNICEF para evidenciar la capacidad que tiene el municipio frente a este tipo de procesos. &#8220;Nos dieron la sede del primer encuentro de Golombiao como una fase inicial donde podremos demostrar la intenci\u00f3n de volver al territorio, mirando en qu\u00e9 punto est\u00e1 el Golombiao, lo que ellos dejaron, c\u00f3mo lo estamos manejando y qu\u00e9 tipo de procesos es posible comenzar a gestionar conjuntamente con UNICEF&#8221;.<\/p>\n<p style=\"text-align: justify;\">&nbsp;<\/p>\n<p style=\"text-align: justify;\">La funcionaria record\u00f3 que el Fondo de las Naciones Unidas para la Infancia UNICEF sali\u00f3 de Pasto hace aproximadamente un a\u00f1o dejando la capacidad instalada para el proceso Golombiao a trav\u00e9s de la Fundaci\u00f3n Quiero y la Direcci\u00f3n Administrativa de Juventud. &#8220;La Administraci\u00f3n Municipal pretende que esta organizaci\u00f3n vuelva al territorio y siga implementando procesos innovadores para la infancia y adolescencia&#8221;, se\u00f1al\u00f3 la jefe de Asuntos Internacionales.<\/p>\n<p style=\"text-align: justify;\">&nbsp;<\/p>\n<p style=\"text-align: justify;\">Fuente: Alcald\u00eda de Pasto<\/p>\n","protected":false},"excerpt":{"rendered":"<p>Desde este mi\u00e9rcoles 13 hasta el s\u00e1bado 16 de agosto, se realizar\u00e1 en el municipio de Pasto el Primer Encuentro Nacional Ind\u00edgena Golombiao, Semilla de Paz que congrega a 10 delegaciones, dos locales y ocho de diferentes departamentos del pa\u00eds, con el objetivo de que adolescentes y j\u00f3venes se apropien de temas como innovaci\u00f3n social, [&hellip;]<\/p>\n","protected":false},"author":29,"featured_media":9529,"comment_status":"open","ping_status":"open","sticky":false,"template":"","format":"standard","meta":{"footnotes":""},"categories":[82],"tags":[1120,1118,1119,1121],"class_list":["post-9530","post","type-post","status-publish","format-standard","has-post-thumbnail","hentry","category-ciudad-2","tag-colombia-joven","tag-golombiao","tag-semana-de-la-juventud","tag-unicef"],"yoast_head":"<!-- This site is optimized with the Yoast SEO plugin v27.1.1 - https:\/\/yoast.com\/product\/yoast-seo-wordpress\/ -->\n<title>Del 13 al 16 de agosto inicia Golombiao, un espacio para la paz en Pasto | P\u00e1gina10<\/title>\n<meta name=\"robots\" content=\"index, follow, max-snippet:-1, max-image-preview:large, max-video-preview:-1\" \/>\n<link rel=\"canonical\" href=\"https:\/\/pagina10.com\/web\/del-13-al-16-de-agosto-inicia-golombiao-un-espacio-para-la-paz-en-pasto\/\" \/>\n<meta property=\"og:locale\" content=\"es_ES\" \/>\n<meta property=\"og:type\" content=\"article\" \/>\n<meta property=\"og:title\" content=\"Del 13 al 16 de agosto inicia Golombiao, un espacio para la paz en Pasto | P\u00e1gina10\" \/>\n<meta property=\"og:description\" content=\"Desde este mi\u00e9rcoles 13 hasta el s\u00e1bado 16 de agosto, se realizar\u00e1 en el municipio de Pasto el Primer Encuentro Nacional Ind\u00edgena Golombiao, Semilla de Paz que congrega a 10 delegaciones, dos locales y ocho de diferentes departamentos del pa\u00eds, con el objetivo de que adolescentes y j\u00f3venes se apropien de temas como innovaci\u00f3n social, [&hellip;]\" \/>\n<meta property=\"og:url\" content=\"https:\/\/pagina10.com\/web\/del-13-al-16-de-agosto-inicia-golombiao-un-espacio-para-la-paz-en-pasto\/\" \/>\n<meta property=\"og:site_name\" content=\"P\u00e1gina10\" \/>\n<meta property=\"article:publisher\" content=\"https:\/\/www.facebook.com\/pag10com\" \/>\n<meta property=\"article:published_time\" content=\"2014-08-11T01:34:16+00:00\" \/>\n<meta property=\"og:image\" content=\"https:\/\/pagina10.com\/web\/wp-content\/uploads\/2014\/08\/ffb4061f22d0b18b446dec91ed0af3e2.jpg\" \/>\n\t<meta property=\"og:image:width\" content=\"670\" \/>\n\t<meta property=\"og:image:height\" content=\"335\" \/>\n\t<meta property=\"og:image:type\" content=\"image\/jpeg\" \/>\n<meta name=\"author\" content=\"P\u00e1gina 10\" \/>\n<meta name=\"twitter:card\" content=\"summary_large_image\" \/>\n<meta name=\"twitter:creator\" content=\"@Pag10com\" \/>\n<meta name=\"twitter:site\" content=\"@Pag10com\" \/>\n<meta name=\"twitter:label1\" content=\"Escrito por\" \/>\n\t<meta name=\"twitter:data1\" content=\"P\u00e1gina 10\" \/>\n\t<meta name=\"twitter:label2\" content=\"Tiempo de lectura\" \/>\n\t<meta name=\"twitter:data2\" content=\"2 minutos\" \/>\n<script type=\"application\/ld+json\" class=\"yoast-schema-graph\">{\"@context\":\"https:\/\/schema.org\",\"@graph\":[{\"@type\":\"Article\",\"@id\":\"https:\/\/pagina10.com\/web\/del-13-al-16-de-agosto-inicia-golombiao-un-espacio-para-la-paz-en-pasto\/#article\",\"isPartOf\":{\"@id\":\"https:\/\/pagina10.com\/web\/del-13-al-16-de-agosto-inicia-golombiao-un-espacio-para-la-paz-en-pasto\/\"},\"author\":{\"name\":\"P\u00e1gina 10\",\"@id\":\"https:\/\/pagina10.com\/web\/#\/schema\/person\/a7a5d38f0629dfc107f619fbae4f6cc3\"},\"headline\":\"Del 13 al 16 de agosto inicia Golombiao, un espacio para la paz en Pasto\",\"datePublished\":\"2014-08-11T01:34:16+00:00\",\"mainEntityOfPage\":{\"@id\":\"https:\/\/pagina10.com\/web\/del-13-al-16-de-agosto-inicia-golombiao-un-espacio-para-la-paz-en-pasto\/\"},\"wordCount\":397,\"commentCount\":0,\"publisher\":{\"@id\":\"https:\/\/pagina10.com\/web\/#organization\"},\"image\":{\"@id\":\"https:\/\/pagina10.com\/web\/del-13-al-16-de-agosto-inicia-golombiao-un-espacio-para-la-paz-en-pasto\/#primaryimage\"},\"thumbnailUrl\":\"https:\/\/pagina10.com\/web\/wp-content\/uploads\/2014\/08\/ffb4061f22d0b18b446dec91ed0af3e2.jpg\",\"keywords\":[\"Colombia Joven\",\"Golombiao\",\"Semana de la Juventud\",\"UNICEF\"],\"articleSection\":[\"Ciudad\"],\"inLanguage\":\"es\",\"potentialAction\":[{\"@type\":\"CommentAction\",\"name\":\"Comment\",\"target\":[\"https:\/\/pagina10.com\/web\/del-13-al-16-de-agosto-inicia-golombiao-un-espacio-para-la-paz-en-pasto\/#respond\"]}]},{\"@type\":\"WebPage\",\"@id\":\"https:\/\/pagina10.com\/web\/del-13-al-16-de-agosto-inicia-golombiao-un-espacio-para-la-paz-en-pasto\/\",\"url\":\"https:\/\/pagina10.com\/web\/del-13-al-16-de-agosto-inicia-golombiao-un-espacio-para-la-paz-en-pasto\/\",\"name\":\"Del 13 al 16 de agosto inicia Golombiao, un espacio para la paz en Pasto | P\u00e1gina10\",\"isPartOf\":{\"@id\":\"https:\/\/pagina10.com\/web\/#website\"},\"primaryImageOfPage\":{\"@id\":\"https:\/\/pagina10.com\/web\/del-13-al-16-de-agosto-inicia-golombiao-un-espacio-para-la-paz-en-pasto\/#primaryimage\"},\"image\":{\"@id\":\"https:\/\/pagina10.com\/web\/del-13-al-16-de-agosto-inicia-golombiao-un-espacio-para-la-paz-en-pasto\/#primaryimage\"},\"thumbnailUrl\":\"https:\/\/pagina10.com\/web\/wp-content\/uploads\/2014\/08\/ffb4061f22d0b18b446dec91ed0af3e2.jpg\",\"datePublished\":\"2014-08-11T01:34:16+00:00\",\"breadcrumb\":{\"@id\":\"https:\/\/pagina10.com\/web\/del-13-al-16-de-agosto-inicia-golombiao-un-espacio-para-la-paz-en-pasto\/#breadcrumb\"},\"inLanguage\":\"es\",\"potentialAction\":[{\"@type\":\"ReadAction\",\"target\":[\"https:\/\/pagina10.com\/web\/del-13-al-16-de-agosto-inicia-golombiao-un-espacio-para-la-paz-en-pasto\/\"]}]},{\"@type\":\"ImageObject\",\"inLanguage\":\"es\",\"@id\":\"https:\/\/pagina10.com\/web\/del-13-al-16-de-agosto-inicia-golombiao-un-espacio-para-la-paz-en-pasto\/#primaryimage\",\"url\":\"https:\/\/pagina10.com\/web\/wp-content\/uploads\/2014\/08\/ffb4061f22d0b18b446dec91ed0af3e2.jpg\",\"contentUrl\":\"https:\/\/pagina10.com\/web\/wp-content\/uploads\/2014\/08\/ffb4061f22d0b18b446dec91ed0af3e2.jpg\",\"width\":670,\"height\":335},{\"@type\":\"BreadcrumbList\",\"@id\":\"https:\/\/pagina10.com\/web\/del-13-al-16-de-agosto-inicia-golombiao-un-espacio-para-la-paz-en-pasto\/#breadcrumb\",\"itemListElement\":[{\"@type\":\"ListItem\",\"position\":1,\"name\":\"Portada\",\"item\":\"https:\/\/pagina10.com\/web\/\"},{\"@type\":\"ListItem\",\"position\":2,\"name\":\"Del 13 al 16 de agosto inicia Golombiao, un espacio para la paz en Pasto\"}]},{\"@type\":\"WebSite\",\"@id\":\"https:\/\/pagina10.com\/web\/#website\",\"url\":\"https:\/\/pagina10.com\/web\/\",\"name\":\"P\u00e1gina10\",\"description\":\"Peri\u00f3dico Regional\",\"publisher\":{\"@id\":\"https:\/\/pagina10.com\/web\/#organization\"},\"alternateName\":\"P\u00e1gina10 Peri\u00f3dico Regional\",\"potentialAction\":[{\"@type\":\"SearchAction\",\"target\":{\"@type\":\"EntryPoint\",\"urlTemplate\":\"https:\/\/pagina10.com\/web\/?s={search_term_string}\"},\"query-input\":{\"@type\":\"PropertyValueSpecification\",\"valueRequired\":true,\"valueName\":\"search_term_string\"}}],\"inLanguage\":\"es\"},{\"@type\":\"Organization\",\"@id\":\"https:\/\/pagina10.com\/web\/#organization\",\"name\":\"P\u00e1gina10\",\"alternateName\":\"P\u00e1gina10 Peri\u00f3dico Regional\",\"url\":\"https:\/\/pagina10.com\/web\/\",\"logo\":{\"@type\":\"ImageObject\",\"inLanguage\":\"es\",\"@id\":\"https:\/\/pagina10.com\/web\/#\/schema\/logo\/image\/\",\"url\":\"https:\/\/pagina10.com\/web\/wp-content\/uploads\/2024\/01\/40-pagina-10-periodico-regional-pasto.jpg\",\"contentUrl\":\"https:\/\/pagina10.com\/web\/wp-content\/uploads\/2024\/01\/40-pagina-10-periodico-regional-pasto.jpg\",\"width\":1280,\"height\":720,\"caption\":\"P\u00e1gina10\"},\"image\":{\"@id\":\"https:\/\/pagina10.com\/web\/#\/schema\/logo\/image\/\"},\"sameAs\":[\"https:\/\/www.facebook.com\/pag10com\",\"https:\/\/x.com\/Pag10com\",\"https:\/\/www.instagram.com\/pagina10col\/\",\"https:\/\/youtube.com\/channel\/pag10\",\"https:\/\/www.tiktok.com\/@p10col\"]},{\"@type\":\"Person\",\"@id\":\"https:\/\/pagina10.com\/web\/#\/schema\/person\/a7a5d38f0629dfc107f619fbae4f6cc3\",\"name\":\"P\u00e1gina 10\",\"description\":\"P\u00e1gina10.com es un peri\u00f3dico digital que nace en Colombia, en el departamento de Nari\u00f1o, con un enfoque global, fundamentado en cuatro pilares esenciales: la libertad, el pluralismo, la inclusi\u00f3n y la independencia. P\u00e1gina10.com hace referencia a Nari\u00f1o como el d\u00e9cimo departamento creado en Colombia, despu\u00e9s de un proceso pol\u00edtico liderado por actores y actrices regionales con el fin de obtener la independencia y autonom\u00eda de nuestros territorios. Con la creaci\u00f3n de P\u00e1gina10.com se pretende abrir un escenario para el dialogo, la reflexi\u00f3n y el debate que se extienda a otras geograf\u00edas de Am\u00e9rica Latina y del planeta, en una apuesta por transformar colectivamente los desaf\u00edos de un mundo contempor\u00e1neo, m\u00e1s all\u00e1 de las fronteras impuestas.\",\"url\":\"https:\/\/pagina10.com\/web\/author\/mcepeda\/\"}]}<\/script>\n<!-- \/ Yoast SEO plugin. -->","yoast_head_json":{"title":"Del 13 al 16 de agosto inicia Golombiao, un espacio para la paz en Pasto | P\u00e1gina10","robots":{"index":"index","follow":"follow","max-snippet":"max-snippet:-1","max-image-preview":"max-image-preview:large","max-video-preview":"max-video-preview:-1"},"canonical":"https:\/\/pagina10.com\/web\/del-13-al-16-de-agosto-inicia-golombiao-un-espacio-para-la-paz-en-pasto\/","og_locale":"es_ES","og_type":"article","og_title":"Del 13 al 16 de agosto inicia Golombiao, un espacio para la paz en Pasto | P\u00e1gina10","og_description":"Desde este mi\u00e9rcoles 13 hasta el s\u00e1bado 16 de agosto, se realizar\u00e1 en el municipio de Pasto el Primer Encuentro Nacional Ind\u00edgena Golombiao, Semilla de Paz que congrega a 10 delegaciones, dos locales y ocho de diferentes departamentos del pa\u00eds, con el objetivo de que adolescentes y j\u00f3venes se apropien de temas como innovaci\u00f3n social, [&hellip;]","og_url":"https:\/\/pagina10.com\/web\/del-13-al-16-de-agosto-inicia-golombiao-un-espacio-para-la-paz-en-pasto\/","og_site_name":"P\u00e1gina10","article_publisher":"https:\/\/www.facebook.com\/pag10com","article_published_time":"2014-08-11T01:34:16+00:00","og_image":[{"width":670,"height":335,"url":"https:\/\/pagina10.com\/web\/wp-content\/uploads\/2014\/08\/ffb4061f22d0b18b446dec91ed0af3e2.jpg","type":"image\/jpeg"}],"author":"P\u00e1gina 10","twitter_card":"summary_large_image","twitter_creator":"@Pag10com","twitter_site":"@Pag10com","twitter_misc":{"Escrito por":"P\u00e1gina 10","Tiempo de lectura":"2 minutos"},"schema":{"@context":"https:\/\/schema.org","@graph":[{"@type":"Article","@id":"https:\/\/pagina10.com\/web\/del-13-al-16-de-agosto-inicia-golombiao-un-espacio-para-la-paz-en-pasto\/#article","isPartOf":{"@id":"https:\/\/pagina10.com\/web\/del-13-al-16-de-agosto-inicia-golombiao-un-espacio-para-la-paz-en-pasto\/"},"author":{"name":"P\u00e1gina 10","@id":"https:\/\/pagina10.com\/web\/#\/schema\/person\/a7a5d38f0629dfc107f619fbae4f6cc3"},"headline":"Del 13 al 16 de agosto inicia Golombiao, un espacio para la paz en Pasto","datePublished":"2014-08-11T01:34:16+00:00","mainEntityOfPage":{"@id":"https:\/\/pagina10.com\/web\/del-13-al-16-de-agosto-inicia-golombiao-un-espacio-para-la-paz-en-pasto\/"},"wordCount":397,"commentCount":0,"publisher":{"@id":"https:\/\/pagina10.com\/web\/#organization"},"image":{"@id":"https:\/\/pagina10.com\/web\/del-13-al-16-de-agosto-inicia-golombiao-un-espacio-para-la-paz-en-pasto\/#primaryimage"},"thumbnailUrl":"https:\/\/pagina10.com\/web\/wp-content\/uploads\/2014\/08\/ffb4061f22d0b18b446dec91ed0af3e2.jpg","keywords":["Colombia Joven","Golombiao","Semana de la Juventud","UNICEF"],"articleSection":["Ciudad"],"inLanguage":"es","potentialAction":[{"@type":"CommentAction","name":"Comment","target":["https:\/\/pagina10.com\/web\/del-13-al-16-de-agosto-inicia-golombiao-un-espacio-para-la-paz-en-pasto\/#respond"]}]},{"@type":"WebPage","@id":"https:\/\/pagina10.com\/web\/del-13-al-16-de-agosto-inicia-golombiao-un-espacio-para-la-paz-en-pasto\/","url":"https:\/\/pagina10.com\/web\/del-13-al-16-de-agosto-inicia-golombiao-un-espacio-para-la-paz-en-pasto\/","name":"Del 13 al 16 de agosto inicia Golombiao, un espacio para la paz en Pasto | P\u00e1gina10","isPartOf":{"@id":"https:\/\/pagina10.com\/web\/#website"},"primaryImageOfPage":{"@id":"https:\/\/pagina10.com\/web\/del-13-al-16-de-agosto-inicia-golombiao-un-espacio-para-la-paz-en-pasto\/#primaryimage"},"image":{"@id":"https:\/\/pagina10.com\/web\/del-13-al-16-de-agosto-inicia-golombiao-un-espacio-para-la-paz-en-pasto\/#primaryimage"},"thumbnailUrl":"https:\/\/pagina10.com\/web\/wp-content\/uploads\/2014\/08\/ffb4061f22d0b18b446dec91ed0af3e2.jpg","datePublished":"2014-08-11T01:34:16+00:00","breadcrumb":{"@id":"https:\/\/pagina10.com\/web\/del-13-al-16-de-agosto-inicia-golombiao-un-espacio-para-la-paz-en-pasto\/#breadcrumb"},"inLanguage":"es","potentialAction":[{"@type":"ReadAction","target":["https:\/\/pagina10.com\/web\/del-13-al-16-de-agosto-inicia-golombiao-un-espacio-para-la-paz-en-pasto\/"]}]},{"@type":"ImageObject","inLanguage":"es","@id":"https:\/\/pagina10.com\/web\/del-13-al-16-de-agosto-inicia-golombiao-un-espacio-para-la-paz-en-pasto\/#primaryimage","url":"https:\/\/pagina10.com\/web\/wp-content\/uploads\/2014\/08\/ffb4061f22d0b18b446dec91ed0af3e2.jpg","contentUrl":"https:\/\/pagina10.com\/web\/wp-content\/uploads\/2014\/08\/ffb4061f22d0b18b446dec91ed0af3e2.jpg","width":670,"height":335},{"@type":"BreadcrumbList","@id":"https:\/\/pagina10.com\/web\/del-13-al-16-de-agosto-inicia-golombiao-un-espacio-para-la-paz-en-pasto\/#breadcrumb","itemListElement":[{"@type":"ListItem","position":1,"name":"Portada","item":"https:\/\/pagina10.com\/web\/"},{"@type":"ListItem","position":2,"name":"Del 13 al 16 de agosto inicia Golombiao, un espacio para la paz en Pasto"}]},{"@type":"WebSite","@id":"https:\/\/pagina10.com\/web\/#website","url":"https:\/\/pagina10.com\/web\/","name":"P\u00e1gina10","description":"Peri\u00f3dico Regional","publisher":{"@id":"https:\/\/pagina10.com\/web\/#organization"},"alternateName":"P\u00e1gina10 Peri\u00f3dico Regional","potentialAction":[{"@type":"SearchAction","target":{"@type":"EntryPoint","urlTemplate":"https:\/\/pagina10.com\/web\/?s={search_term_string}"},"query-input":{"@type":"PropertyValueSpecification","valueRequired":true,"valueName":"search_term_string"}}],"inLanguage":"es"},{"@type":"Organization","@id":"https:\/\/pagina10.com\/web\/#organization","name":"P\u00e1gina10","alternateName":"P\u00e1gina10 Peri\u00f3dico Regional","url":"https:\/\/pagina10.com\/web\/","logo":{"@type":"ImageObject","inLanguage":"es","@id":"https:\/\/pagina10.com\/web\/#\/schema\/logo\/image\/","url":"https:\/\/pagina10.com\/web\/wp-content\/uploads\/2024\/01\/40-pagina-10-periodico-regional-pasto.jpg","contentUrl":"https:\/\/pagina10.com\/web\/wp-content\/uploads\/2024\/01\/40-pagina-10-periodico-regional-pasto.jpg","width":1280,"height":720,"caption":"P\u00e1gina10"},"image":{"@id":"https:\/\/pagina10.com\/web\/#\/schema\/logo\/image\/"},"sameAs":["https:\/\/www.facebook.com\/pag10com","https:\/\/x.com\/Pag10com","https:\/\/www.instagram.com\/pagina10col\/","https:\/\/youtube.com\/channel\/pag10","https:\/\/www.tiktok.com\/@p10col"]},{"@type":"Person","@id":"https:\/\/pagina10.com\/web\/#\/schema\/person\/a7a5d38f0629dfc107f619fbae4f6cc3","name":"P\u00e1gina 10","description":"P\u00e1gina10.com es un peri\u00f3dico digital que nace en Colombia, en el departamento de Nari\u00f1o, con un enfoque global, fundamentado en cuatro pilares esenciales: la libertad, el pluralismo, la inclusi\u00f3n y la independencia. P\u00e1gina10.com hace referencia a Nari\u00f1o como el d\u00e9cimo departamento creado en Colombia, despu\u00e9s de un proceso pol\u00edtico liderado por actores y actrices regionales con el fin de obtener la independencia y autonom\u00eda de nuestros territorios. Con la creaci\u00f3n de P\u00e1gina10.com se pretende abrir un escenario para el dialogo, la reflexi\u00f3n y el debate que se extienda a otras geograf\u00edas de Am\u00e9rica Latina y del planeta, en una apuesta por transformar colectivamente los desaf\u00edos de un mundo contempor\u00e1neo, m\u00e1s all\u00e1 de las fronteras impuestas.","url":"https:\/\/pagina10.com\/web\/author\/mcepeda\/"}]}},"_links":{"self":[{"href":"https:\/\/pagina10.com\/web\/wp-json\/wp\/v2\/posts\/9530","targetHints":{"allow":["GET"]}}],"collection":[{"href":"https:\/\/pagina10.com\/web\/wp-json\/wp\/v2\/posts"}],"about":[{"href":"https:\/\/pagina10.com\/web\/wp-json\/wp\/v2\/types\/post"}],"author":[{"embeddable":true,"href":"https:\/\/pagina10.com\/web\/wp-json\/wp\/v2\/users\/29"}],"replies":[{"embeddable":true,"href":"https:\/\/pagina10.com\/web\/wp-json\/wp\/v2\/comments?post=9530"}],"version-history":[{"count":0,"href":"https:\/\/pagina10.com\/web\/wp-json\/wp\/v2\/posts\/9530\/revisions"}],"wp:featuredmedia":[{"embeddable":true,"href":"https:\/\/pagina10.com\/web\/wp-json\/wp\/v2\/media\/9529"}],"wp:attachment":[{"href":"https:\/\/pagina10.com\/web\/wp-json\/wp\/v2\/media?parent=9530"}],"wp:term":[{"taxonomy":"category","embeddable":true,"href":"https:\/\/pagina10.com\/web\/wp-json\/wp\/v2\/categories?post=9530"},{"taxonomy":"post_tag","embeddable":true,"href":"https:\/\/pagina10.com\/web\/wp-json\/wp\/v2\/tags?post=9530"}],"curies":[{"name":"wp","href":"https:\/\/api.w.org\/{rel}","templated":true}]}}