{"id":9625,"date":"2014-08-14T03:07:33","date_gmt":"2014-08-14T03:07:33","guid":{"rendered":"https:\/\/pagina10.com\/web\/la-agenda-de-juanes-en-pasto\/"},"modified":"2014-08-14T03:07:33","modified_gmt":"2014-08-14T03:07:33","slug":"la-agenda-de-juanes-en-pasto","status":"publish","type":"post","link":"https:\/\/pagina10.com\/web\/la-agenda-de-juanes-en-pasto\/","title":{"rendered":"La agenda de Juanes en Pasto."},"content":{"rendered":"<p><img fetchpriority=\"high\" decoding=\"async\" class=\" size-full wp-image-9624\" src=\"https:\/\/pagina10.com\/web\/wp-content\/uploads\/2014\/08\/ab5416cabade2c10a7d131df8827902a.jpg\" alt=\"\" width=\"720\" height=\"405\" srcset=\"https:\/\/pagina10.com\/web\/wp-content\/uploads\/2014\/08\/ab5416cabade2c10a7d131df8827902a.jpg 720w, https:\/\/pagina10.com\/web\/wp-content\/uploads\/2014\/08\/ab5416cabade2c10a7d131df8827902a-300x169.jpg 300w\" sizes=\"(max-width: 720px) 100vw, 720px\" \/><\/p>\n<p style=\"text-align: justify;\">En el marco de su gira \u2018Loco de Amor por Colombia\u2019 que organiza la Casa Editorial El Tiempo y Caracol Radio, el cantautor Juanes cumplir\u00e1 una agenda social con la Alcald\u00eda Municipal de Pasto el s\u00e1bado 23 de agosto a trav\u00e9s de la Fundaci\u00f3n Mi Sangre previo al concierto que ofrecer\u00e1 en la capital de Nari\u00f1o, as\u00ed lo dio a conocer la l\u00edder de comunicaciones de la Fundaci\u00f3n, Luz Janeth Cifuentes quien agreg\u00f3 que a partir de las 8:00 de la ma\u00f1ana, Juanes y su equipo de m\u00fasicos e integrantes de su instituci\u00f3n, adelantar\u00e1n un taller l\u00fadico con 60 personas entre los 14 y 24 a\u00f1os.<\/p>\n<p style=\"text-align: justify;\">&nbsp;<\/p>\n<p style=\"text-align: justify;\">La l\u00edder de comunicaciones explic\u00f3 que el taller tiene un componente social y su prop\u00f3sito es generar conciencia en los j\u00f3venes que ser\u00e1n replicadores en sus entornos de lo aprendido en la jornada sobre la construcci\u00f3n de paz en el pa\u00eds. Dentro de los 60 j\u00f3venes asistir\u00e1n estudiantes de la Red de Escuelas de Formaci\u00f3n Musical de la Alcald\u00eda de Pasto, miembros del Consejo de Juventud y actores de la construcci\u00f3n de la Pol\u00edtica P\u00fablica de Juventud, as\u00ed como j\u00f3venes artistas y artesanos del carnaval.<\/p>\n<p style=\"text-align: justify;\">&nbsp;<\/p>\n<p style=\"text-align: justify;\">Con este grupo posteriormente a las 11:00 de la ma\u00f1ana, Juanes liderar\u00e1 el panel \u2018J\u00f3venes locos de amor por el arte y la paz\u2019 que tiene como prop\u00f3sito generar entornos protectores para que los ni\u00f1os, ni\u00f1as, adolescentes y j\u00f3venes, descubran y ejerzan sus poderes como constructores de paz a trav\u00e9s del arte y la m\u00fasica.<\/p>\n<p style=\"text-align: justify;\">&nbsp;<\/p>\n<p style=\"text-align: justify;\">En horas de la tarde, el cantante se reunir\u00e1 con los alumnos de la Orquesta de Instrumentos Andinos de la Red de Escuelas de Formaci\u00f3n Musical con quienes realizar\u00e1 los arreglos necesarios al tema \u201cOdio por amor\u201d para ser interpretado al d\u00eda siguiente en su concierto en la Plaza del Carnaval.<\/p>\n<p style=\"text-align: justify;\">&nbsp;<\/p>\n<p style=\"text-align: justify;\">A partir de las 4:00 de la tarde, Juanes junto con representantes de la marca Yamaha y otras empresas de equipos musicales, donar\u00e1 instrumentos para la Red de Escuelas de Formaci\u00f3n Musical de la sede de la Instituci\u00f3n Educativa Guadalupe del corregimiento de Catambuco y adelantar\u00e1 un taller de guitarra con m\u00fasicos de la regi\u00f3n. De igual manera, se realizar\u00e1 un encuentro entre el cantante nacional y el reconocido cantautor Hern\u00e1n Coral, integrante del grupo Ra\u00edces Andinas con quien interpretar\u00e1 una de sus composiciones en el concierto del domingo 24 de agosto.<\/p>\n<p style=\"text-align: justify;\">&nbsp;<\/p>\n<p style=\"text-align: justify;\">Por su parte, el secretario de Cultura, \u00c1lvaro Jos\u00e9 Gomezjurado, explic\u00f3 que Pasto junto a las ciudades de Monter\u00eda, Pereira, Valledupar y Bucaramanga, fueron seleccionadas por la Fundaci\u00f3n Mi Sangre para que Juanes presentara su gira \u2018Loco de Amor por Colombia\u2019 con el apoyo de la Casa Editorial El Tiempo, Caracol Radio, YAMAHA, Coca Cola, Tigo, entre otros patrocinadores. \u201cSin el apoyo de estas empresas ser\u00eda imposible contar en Pasto con la presentaci\u00f3n de este importante artista colombiano de gran trascendencia internacional\u201d.<\/p>\n<p style=\"text-align: justify;\">&nbsp;<\/p>\n<p style=\"text-align: justify;\">De otra lado, las personas interesadas en asistir al concierto podr\u00e1n reclamar una boleta a trav\u00e9s de una recarga de $20.000 pesos en cualquier punto de recarga o tienda de telefon\u00eda celular Tigo, o comprando un plan postpago, para mayor informaci\u00f3n visitar la p\u00e1gina web www.tigo.com.co, de igual modo presentando tres tapas met\u00e1licas de cualquier bebida gaseosa de la marca Coca Cola en el Centro Cultural Pandiaco, calle 19B con carrera 42 esquina.<\/p>\n","protected":false},"excerpt":{"rendered":"<p>En el marco de su gira \u2018Loco de Amor por Colombia\u2019 que organiza la Casa Editorial El Tiempo y Caracol Radio, el cantautor Juanes cumplir\u00e1 una agenda social con la Alcald\u00eda Municipal de Pasto el s\u00e1bado 23 de agosto a trav\u00e9s de la Fundaci\u00f3n Mi Sangre previo al concierto que ofrecer\u00e1 en la capital de [&hellip;]<\/p>\n","protected":false},"author":29,"featured_media":9624,"comment_status":"open","ping_status":"open","sticky":false,"template":"","format":"standard","meta":{"footnotes":""},"categories":[82],"tags":[1182],"class_list":["post-9625","post","type-post","status-publish","format-standard","has-post-thumbnail","hentry","category-ciudad-2","tag-juanesenpasto"],"yoast_head":"<!-- This site is optimized with the Yoast SEO plugin v27.1.1 - https:\/\/yoast.com\/product\/yoast-seo-wordpress\/ -->\n<title>La agenda de Juanes en Pasto. | P\u00e1gina10<\/title>\n<meta name=\"robots\" content=\"index, follow, max-snippet:-1, max-image-preview:large, max-video-preview:-1\" \/>\n<link rel=\"canonical\" href=\"https:\/\/pagina10.com\/web\/la-agenda-de-juanes-en-pasto\/\" \/>\n<meta property=\"og:locale\" content=\"es_ES\" \/>\n<meta property=\"og:type\" content=\"article\" \/>\n<meta property=\"og:title\" content=\"La agenda de Juanes en Pasto. | P\u00e1gina10\" \/>\n<meta property=\"og:description\" content=\"En el marco de su gira \u2018Loco de Amor por Colombia\u2019 que organiza la Casa Editorial El Tiempo y Caracol Radio, el cantautor Juanes cumplir\u00e1 una agenda social con la Alcald\u00eda Municipal de Pasto el s\u00e1bado 23 de agosto a trav\u00e9s de la Fundaci\u00f3n Mi Sangre previo al concierto que ofrecer\u00e1 en la capital de [&hellip;]\" \/>\n<meta property=\"og:url\" content=\"https:\/\/pagina10.com\/web\/la-agenda-de-juanes-en-pasto\/\" \/>\n<meta property=\"og:site_name\" content=\"P\u00e1gina10\" \/>\n<meta property=\"article:publisher\" content=\"https:\/\/www.facebook.com\/pag10com\" \/>\n<meta property=\"article:published_time\" content=\"2014-08-14T03:07:33+00:00\" \/>\n<meta property=\"og:image\" content=\"https:\/\/pagina10.com\/web\/wp-content\/uploads\/2014\/08\/ab5416cabade2c10a7d131df8827902a.jpg\" \/>\n\t<meta property=\"og:image:width\" content=\"720\" \/>\n\t<meta property=\"og:image:height\" content=\"405\" \/>\n\t<meta property=\"og:image:type\" content=\"image\/jpeg\" \/>\n<meta name=\"author\" content=\"P\u00e1gina 10\" \/>\n<meta name=\"twitter:card\" content=\"summary_large_image\" \/>\n<meta name=\"twitter:creator\" content=\"@Pag10com\" \/>\n<meta name=\"twitter:site\" content=\"@Pag10com\" \/>\n<meta name=\"twitter:label1\" content=\"Escrito por\" \/>\n\t<meta name=\"twitter:data1\" content=\"P\u00e1gina 10\" \/>\n\t<meta name=\"twitter:label2\" content=\"Tiempo de lectura\" \/>\n\t<meta name=\"twitter:data2\" content=\"3 minutos\" \/>\n<script type=\"application\/ld+json\" class=\"yoast-schema-graph\">{\"@context\":\"https:\/\/schema.org\",\"@graph\":[{\"@type\":\"Article\",\"@id\":\"https:\/\/pagina10.com\/web\/la-agenda-de-juanes-en-pasto\/#article\",\"isPartOf\":{\"@id\":\"https:\/\/pagina10.com\/web\/la-agenda-de-juanes-en-pasto\/\"},\"author\":{\"name\":\"P\u00e1gina 10\",\"@id\":\"https:\/\/pagina10.com\/web\/#\/schema\/person\/a7a5d38f0629dfc107f619fbae4f6cc3\"},\"headline\":\"La agenda de Juanes en Pasto.\",\"datePublished\":\"2014-08-14T03:07:33+00:00\",\"mainEntityOfPage\":{\"@id\":\"https:\/\/pagina10.com\/web\/la-agenda-de-juanes-en-pasto\/\"},\"wordCount\":601,\"commentCount\":0,\"publisher\":{\"@id\":\"https:\/\/pagina10.com\/web\/#organization\"},\"image\":{\"@id\":\"https:\/\/pagina10.com\/web\/la-agenda-de-juanes-en-pasto\/#primaryimage\"},\"thumbnailUrl\":\"https:\/\/pagina10.com\/web\/wp-content\/uploads\/2014\/08\/ab5416cabade2c10a7d131df8827902a.jpg\",\"keywords\":[\"JuanesEnPasto\"],\"articleSection\":[\"Ciudad\"],\"inLanguage\":\"es\",\"potentialAction\":[{\"@type\":\"CommentAction\",\"name\":\"Comment\",\"target\":[\"https:\/\/pagina10.com\/web\/la-agenda-de-juanes-en-pasto\/#respond\"]}]},{\"@type\":\"WebPage\",\"@id\":\"https:\/\/pagina10.com\/web\/la-agenda-de-juanes-en-pasto\/\",\"url\":\"https:\/\/pagina10.com\/web\/la-agenda-de-juanes-en-pasto\/\",\"name\":\"La agenda de Juanes en Pasto. | P\u00e1gina10\",\"isPartOf\":{\"@id\":\"https:\/\/pagina10.com\/web\/#website\"},\"primaryImageOfPage\":{\"@id\":\"https:\/\/pagina10.com\/web\/la-agenda-de-juanes-en-pasto\/#primaryimage\"},\"image\":{\"@id\":\"https:\/\/pagina10.com\/web\/la-agenda-de-juanes-en-pasto\/#primaryimage\"},\"thumbnailUrl\":\"https:\/\/pagina10.com\/web\/wp-content\/uploads\/2014\/08\/ab5416cabade2c10a7d131df8827902a.jpg\",\"datePublished\":\"2014-08-14T03:07:33+00:00\",\"breadcrumb\":{\"@id\":\"https:\/\/pagina10.com\/web\/la-agenda-de-juanes-en-pasto\/#breadcrumb\"},\"inLanguage\":\"es\",\"potentialAction\":[{\"@type\":\"ReadAction\",\"target\":[\"https:\/\/pagina10.com\/web\/la-agenda-de-juanes-en-pasto\/\"]}]},{\"@type\":\"ImageObject\",\"inLanguage\":\"es\",\"@id\":\"https:\/\/pagina10.com\/web\/la-agenda-de-juanes-en-pasto\/#primaryimage\",\"url\":\"https:\/\/pagina10.com\/web\/wp-content\/uploads\/2014\/08\/ab5416cabade2c10a7d131df8827902a.jpg\",\"contentUrl\":\"https:\/\/pagina10.com\/web\/wp-content\/uploads\/2014\/08\/ab5416cabade2c10a7d131df8827902a.jpg\",\"width\":720,\"height\":405},{\"@type\":\"BreadcrumbList\",\"@id\":\"https:\/\/pagina10.com\/web\/la-agenda-de-juanes-en-pasto\/#breadcrumb\",\"itemListElement\":[{\"@type\":\"ListItem\",\"position\":1,\"name\":\"Portada\",\"item\":\"https:\/\/pagina10.com\/web\/\"},{\"@type\":\"ListItem\",\"position\":2,\"name\":\"La agenda de Juanes en Pasto.\"}]},{\"@type\":\"WebSite\",\"@id\":\"https:\/\/pagina10.com\/web\/#website\",\"url\":\"https:\/\/pagina10.com\/web\/\",\"name\":\"P\u00e1gina10\",\"description\":\"Peri\u00f3dico Regional\",\"publisher\":{\"@id\":\"https:\/\/pagina10.com\/web\/#organization\"},\"alternateName\":\"P\u00e1gina10 Peri\u00f3dico Regional\",\"potentialAction\":[{\"@type\":\"SearchAction\",\"target\":{\"@type\":\"EntryPoint\",\"urlTemplate\":\"https:\/\/pagina10.com\/web\/?s={search_term_string}\"},\"query-input\":{\"@type\":\"PropertyValueSpecification\",\"valueRequired\":true,\"valueName\":\"search_term_string\"}}],\"inLanguage\":\"es\"},{\"@type\":\"Organization\",\"@id\":\"https:\/\/pagina10.com\/web\/#organization\",\"name\":\"P\u00e1gina10\",\"alternateName\":\"P\u00e1gina10 Peri\u00f3dico Regional\",\"url\":\"https:\/\/pagina10.com\/web\/\",\"logo\":{\"@type\":\"ImageObject\",\"inLanguage\":\"es\",\"@id\":\"https:\/\/pagina10.com\/web\/#\/schema\/logo\/image\/\",\"url\":\"https:\/\/pagina10.com\/web\/wp-content\/uploads\/2024\/01\/40-pagina-10-periodico-regional-pasto.jpg\",\"contentUrl\":\"https:\/\/pagina10.com\/web\/wp-content\/uploads\/2024\/01\/40-pagina-10-periodico-regional-pasto.jpg\",\"width\":1280,\"height\":720,\"caption\":\"P\u00e1gina10\"},\"image\":{\"@id\":\"https:\/\/pagina10.com\/web\/#\/schema\/logo\/image\/\"},\"sameAs\":[\"https:\/\/www.facebook.com\/pag10com\",\"https:\/\/x.com\/Pag10com\",\"https:\/\/www.instagram.com\/pagina10col\/\",\"https:\/\/youtube.com\/channel\/pag10\",\"https:\/\/www.tiktok.com\/@p10col\"]},{\"@type\":\"Person\",\"@id\":\"https:\/\/pagina10.com\/web\/#\/schema\/person\/a7a5d38f0629dfc107f619fbae4f6cc3\",\"name\":\"P\u00e1gina 10\",\"description\":\"P\u00e1gina10.com es un peri\u00f3dico digital que nace en Colombia, en el departamento de Nari\u00f1o, con un enfoque global, fundamentado en cuatro pilares esenciales: la libertad, el pluralismo, la inclusi\u00f3n y la independencia. P\u00e1gina10.com hace referencia a Nari\u00f1o como el d\u00e9cimo departamento creado en Colombia, despu\u00e9s de un proceso pol\u00edtico liderado por actores y actrices regionales con el fin de obtener la independencia y autonom\u00eda de nuestros territorios. Con la creaci\u00f3n de P\u00e1gina10.com se pretende abrir un escenario para el dialogo, la reflexi\u00f3n y el debate que se extienda a otras geograf\u00edas de Am\u00e9rica Latina y del planeta, en una apuesta por transformar colectivamente los desaf\u00edos de un mundo contempor\u00e1neo, m\u00e1s all\u00e1 de las fronteras impuestas.\",\"url\":\"https:\/\/pagina10.com\/web\/author\/mcepeda\/\"}]}<\/script>\n<!-- \/ Yoast SEO plugin. -->","yoast_head_json":{"title":"La agenda de Juanes en Pasto. | P\u00e1gina10","robots":{"index":"index","follow":"follow","max-snippet":"max-snippet:-1","max-image-preview":"max-image-preview:large","max-video-preview":"max-video-preview:-1"},"canonical":"https:\/\/pagina10.com\/web\/la-agenda-de-juanes-en-pasto\/","og_locale":"es_ES","og_type":"article","og_title":"La agenda de Juanes en Pasto. | P\u00e1gina10","og_description":"En el marco de su gira \u2018Loco de Amor por Colombia\u2019 que organiza la Casa Editorial El Tiempo y Caracol Radio, el cantautor Juanes cumplir\u00e1 una agenda social con la Alcald\u00eda Municipal de Pasto el s\u00e1bado 23 de agosto a trav\u00e9s de la Fundaci\u00f3n Mi Sangre previo al concierto que ofrecer\u00e1 en la capital de [&hellip;]","og_url":"https:\/\/pagina10.com\/web\/la-agenda-de-juanes-en-pasto\/","og_site_name":"P\u00e1gina10","article_publisher":"https:\/\/www.facebook.com\/pag10com","article_published_time":"2014-08-14T03:07:33+00:00","og_image":[{"width":720,"height":405,"url":"https:\/\/pagina10.com\/web\/wp-content\/uploads\/2014\/08\/ab5416cabade2c10a7d131df8827902a.jpg","type":"image\/jpeg"}],"author":"P\u00e1gina 10","twitter_card":"summary_large_image","twitter_creator":"@Pag10com","twitter_site":"@Pag10com","twitter_misc":{"Escrito por":"P\u00e1gina 10","Tiempo de lectura":"3 minutos"},"schema":{"@context":"https:\/\/schema.org","@graph":[{"@type":"Article","@id":"https:\/\/pagina10.com\/web\/la-agenda-de-juanes-en-pasto\/#article","isPartOf":{"@id":"https:\/\/pagina10.com\/web\/la-agenda-de-juanes-en-pasto\/"},"author":{"name":"P\u00e1gina 10","@id":"https:\/\/pagina10.com\/web\/#\/schema\/person\/a7a5d38f0629dfc107f619fbae4f6cc3"},"headline":"La agenda de Juanes en Pasto.","datePublished":"2014-08-14T03:07:33+00:00","mainEntityOfPage":{"@id":"https:\/\/pagina10.com\/web\/la-agenda-de-juanes-en-pasto\/"},"wordCount":601,"commentCount":0,"publisher":{"@id":"https:\/\/pagina10.com\/web\/#organization"},"image":{"@id":"https:\/\/pagina10.com\/web\/la-agenda-de-juanes-en-pasto\/#primaryimage"},"thumbnailUrl":"https:\/\/pagina10.com\/web\/wp-content\/uploads\/2014\/08\/ab5416cabade2c10a7d131df8827902a.jpg","keywords":["JuanesEnPasto"],"articleSection":["Ciudad"],"inLanguage":"es","potentialAction":[{"@type":"CommentAction","name":"Comment","target":["https:\/\/pagina10.com\/web\/la-agenda-de-juanes-en-pasto\/#respond"]}]},{"@type":"WebPage","@id":"https:\/\/pagina10.com\/web\/la-agenda-de-juanes-en-pasto\/","url":"https:\/\/pagina10.com\/web\/la-agenda-de-juanes-en-pasto\/","name":"La agenda de Juanes en Pasto. | P\u00e1gina10","isPartOf":{"@id":"https:\/\/pagina10.com\/web\/#website"},"primaryImageOfPage":{"@id":"https:\/\/pagina10.com\/web\/la-agenda-de-juanes-en-pasto\/#primaryimage"},"image":{"@id":"https:\/\/pagina10.com\/web\/la-agenda-de-juanes-en-pasto\/#primaryimage"},"thumbnailUrl":"https:\/\/pagina10.com\/web\/wp-content\/uploads\/2014\/08\/ab5416cabade2c10a7d131df8827902a.jpg","datePublished":"2014-08-14T03:07:33+00:00","breadcrumb":{"@id":"https:\/\/pagina10.com\/web\/la-agenda-de-juanes-en-pasto\/#breadcrumb"},"inLanguage":"es","potentialAction":[{"@type":"ReadAction","target":["https:\/\/pagina10.com\/web\/la-agenda-de-juanes-en-pasto\/"]}]},{"@type":"ImageObject","inLanguage":"es","@id":"https:\/\/pagina10.com\/web\/la-agenda-de-juanes-en-pasto\/#primaryimage","url":"https:\/\/pagina10.com\/web\/wp-content\/uploads\/2014\/08\/ab5416cabade2c10a7d131df8827902a.jpg","contentUrl":"https:\/\/pagina10.com\/web\/wp-content\/uploads\/2014\/08\/ab5416cabade2c10a7d131df8827902a.jpg","width":720,"height":405},{"@type":"BreadcrumbList","@id":"https:\/\/pagina10.com\/web\/la-agenda-de-juanes-en-pasto\/#breadcrumb","itemListElement":[{"@type":"ListItem","position":1,"name":"Portada","item":"https:\/\/pagina10.com\/web\/"},{"@type":"ListItem","position":2,"name":"La agenda de Juanes en Pasto."}]},{"@type":"WebSite","@id":"https:\/\/pagina10.com\/web\/#website","url":"https:\/\/pagina10.com\/web\/","name":"P\u00e1gina10","description":"Peri\u00f3dico Regional","publisher":{"@id":"https:\/\/pagina10.com\/web\/#organization"},"alternateName":"P\u00e1gina10 Peri\u00f3dico Regional","potentialAction":[{"@type":"SearchAction","target":{"@type":"EntryPoint","urlTemplate":"https:\/\/pagina10.com\/web\/?s={search_term_string}"},"query-input":{"@type":"PropertyValueSpecification","valueRequired":true,"valueName":"search_term_string"}}],"inLanguage":"es"},{"@type":"Organization","@id":"https:\/\/pagina10.com\/web\/#organization","name":"P\u00e1gina10","alternateName":"P\u00e1gina10 Peri\u00f3dico Regional","url":"https:\/\/pagina10.com\/web\/","logo":{"@type":"ImageObject","inLanguage":"es","@id":"https:\/\/pagina10.com\/web\/#\/schema\/logo\/image\/","url":"https:\/\/pagina10.com\/web\/wp-content\/uploads\/2024\/01\/40-pagina-10-periodico-regional-pasto.jpg","contentUrl":"https:\/\/pagina10.com\/web\/wp-content\/uploads\/2024\/01\/40-pagina-10-periodico-regional-pasto.jpg","width":1280,"height":720,"caption":"P\u00e1gina10"},"image":{"@id":"https:\/\/pagina10.com\/web\/#\/schema\/logo\/image\/"},"sameAs":["https:\/\/www.facebook.com\/pag10com","https:\/\/x.com\/Pag10com","https:\/\/www.instagram.com\/pagina10col\/","https:\/\/youtube.com\/channel\/pag10","https:\/\/www.tiktok.com\/@p10col"]},{"@type":"Person","@id":"https:\/\/pagina10.com\/web\/#\/schema\/person\/a7a5d38f0629dfc107f619fbae4f6cc3","name":"P\u00e1gina 10","description":"P\u00e1gina10.com es un peri\u00f3dico digital que nace en Colombia, en el departamento de Nari\u00f1o, con un enfoque global, fundamentado en cuatro pilares esenciales: la libertad, el pluralismo, la inclusi\u00f3n y la independencia. P\u00e1gina10.com hace referencia a Nari\u00f1o como el d\u00e9cimo departamento creado en Colombia, despu\u00e9s de un proceso pol\u00edtico liderado por actores y actrices regionales con el fin de obtener la independencia y autonom\u00eda de nuestros territorios. Con la creaci\u00f3n de P\u00e1gina10.com se pretende abrir un escenario para el dialogo, la reflexi\u00f3n y el debate que se extienda a otras geograf\u00edas de Am\u00e9rica Latina y del planeta, en una apuesta por transformar colectivamente los desaf\u00edos de un mundo contempor\u00e1neo, m\u00e1s all\u00e1 de las fronteras impuestas.","url":"https:\/\/pagina10.com\/web\/author\/mcepeda\/"}]}},"_links":{"self":[{"href":"https:\/\/pagina10.com\/web\/wp-json\/wp\/v2\/posts\/9625","targetHints":{"allow":["GET"]}}],"collection":[{"href":"https:\/\/pagina10.com\/web\/wp-json\/wp\/v2\/posts"}],"about":[{"href":"https:\/\/pagina10.com\/web\/wp-json\/wp\/v2\/types\/post"}],"author":[{"embeddable":true,"href":"https:\/\/pagina10.com\/web\/wp-json\/wp\/v2\/users\/29"}],"replies":[{"embeddable":true,"href":"https:\/\/pagina10.com\/web\/wp-json\/wp\/v2\/comments?post=9625"}],"version-history":[{"count":0,"href":"https:\/\/pagina10.com\/web\/wp-json\/wp\/v2\/posts\/9625\/revisions"}],"wp:featuredmedia":[{"embeddable":true,"href":"https:\/\/pagina10.com\/web\/wp-json\/wp\/v2\/media\/9624"}],"wp:attachment":[{"href":"https:\/\/pagina10.com\/web\/wp-json\/wp\/v2\/media?parent=9625"}],"wp:term":[{"taxonomy":"category","embeddable":true,"href":"https:\/\/pagina10.com\/web\/wp-json\/wp\/v2\/categories?post=9625"},{"taxonomy":"post_tag","embeddable":true,"href":"https:\/\/pagina10.com\/web\/wp-json\/wp\/v2\/tags?post=9625"}],"curies":[{"name":"wp","href":"https:\/\/api.w.org\/{rel}","templated":true}]}}