{"id":9658,"date":"2014-08-15T22:28:14","date_gmt":"2014-08-15T22:28:14","guid":{"rendered":"https:\/\/pagina10.com\/web\/corponarino-implementara-proyectos-de-recuperacion-de-rios-juanambu-y-guaitara\/"},"modified":"2014-08-15T22:28:14","modified_gmt":"2014-08-15T22:28:14","slug":"corponarino-implementara-proyectos-de-recuperacion-de-rios-juanambu-y-guaitara","status":"publish","type":"post","link":"https:\/\/pagina10.com\/web\/corponarino-implementara-proyectos-de-recuperacion-de-rios-juanambu-y-guaitara\/","title":{"rendered":"Corponari\u00f1o implementar\u00e1 proyectos de recuperaci\u00f3n de r\u00edos Juanamb\u00fa y Gu\u00e1itara"},"content":{"rendered":"<p><img fetchpriority=\"high\" decoding=\"async\" class=\" size-full wp-image-9657\" src=\"https:\/\/pagina10.com\/web\/wp-content\/uploads\/2014\/08\/a2c76684e67906435ca6e055cabd0500.jpg\" alt=\"Fotograf\u00eda: Fabio Martinez\" width=\"720\" height=\"478\" srcset=\"https:\/\/pagina10.com\/web\/wp-content\/uploads\/2014\/08\/a2c76684e67906435ca6e055cabd0500.jpg 720w, https:\/\/pagina10.com\/web\/wp-content\/uploads\/2014\/08\/a2c76684e67906435ca6e055cabd0500-300x199.jpg 300w, https:\/\/pagina10.com\/web\/wp-content\/uploads\/2014\/08\/a2c76684e67906435ca6e055cabd0500-450x300.jpg 450w\" sizes=\"(max-width: 720px) 100vw, 720px\" \/><\/p>\n<p style=\"text-align: justify;\">La Corporaci\u00f3n Aut\u00f3noma Regional de Nari\u00f1o, Corponari\u00f1o y el Fondo de Adaptaci\u00f3n, protocolizaron la firma de un convenio Interadministrativo por valor de 6.029 millones de pesos, para la elaboraci\u00f3n de los planes de ordenaci\u00f3n y manejo de las cuencas hidrogr\u00e1ficas de los r\u00edos Juanamb\u00fa y Gu\u00e1itara, en el marco del proyecto Incorporaci\u00f3n del componente de gesti\u00f3n del riesgo, como determinante ambiental del ordenamiento territorial.<\/p>\n<p style=\"text-align: justify;\">&nbsp;<\/p>\n<p style=\"text-align: justify;\">El director encargado de Corponari\u00f1o, ingeniero agr\u00f3nomo, Fernando Burbano, manifest\u00f3 que el convenio permitir\u00e1 actualizar los planes de ordenaci\u00f3n de las dos cuencas, incluir la gesti\u00f3n del riesgo, profundizar en su problem\u00e1tica ambiental y priorizar los programas y proyectos, con \u00e9nfasis en el recurso h\u00eddrico y cambio clim\u00e1tico, en concertaci\u00f3n con las comunidades y actores sociales involucrados en la misma. Del monto total del proyecto, 5.918 millones de pesos son aportes del Fondo de Adaptaci\u00f3n y 111 millones de pesos, aportes de la Corporaci\u00f3n.<\/p>\n<p style=\"text-align: justify;\">&nbsp;<\/p>\n<p style=\"text-align: justify;\">Con el acompa\u00f1amiento del Ministerio de Ambiente y Desarrollo Sostenible, el Gobierno invertir\u00e1 a trav\u00e9s de las Corporaciones Autonomas Regionales 145.000 millones de pesos, para planificar 15 millones y medio de hect\u00e1reas en 60 cuencas hidrogr\u00e1ficas del territorio colombiano. De igual manera, con la firma de estos convenios, el Gobierno Nacional, pone en marcha los procesos para la formulaci\u00f3n de los Planes de Ordenaci\u00f3n, que impactar\u00e1n en 25 departamentos, incluido Nari\u00f1o y en 705 municipios del pa\u00eds.<\/p>\n","protected":false},"excerpt":{"rendered":"<p>La Corporaci\u00f3n Aut\u00f3noma Regional de Nari\u00f1o, Corponari\u00f1o y el Fondo de Adaptaci\u00f3n, protocolizaron la firma de un convenio Interadministrativo por valor de 6.029 millones de pesos, para la elaboraci\u00f3n de los planes de ordenaci\u00f3n y manejo de las cuencas hidrogr\u00e1ficas de los r\u00edos Juanamb\u00fa y Gu\u00e1itara, en el marco del proyecto Incorporaci\u00f3n del componente de [&hellip;]<\/p>\n","protected":false},"author":29,"featured_media":9656,"comment_status":"open","ping_status":"open","sticky":false,"template":"","format":"standard","meta":{"footnotes":""},"categories":[82],"tags":[1209,1207,1208,1206],"class_list":["post-9658","post","type-post","status-publish","format-standard","has-post-thumbnail","hentry","category-ciudad-2","tag-corponarino","tag-guaitara","tag-juanambu","tag-minambiente"],"yoast_head":"<!-- This site is optimized with the Yoast SEO plugin v27.1.1 - https:\/\/yoast.com\/product\/yoast-seo-wordpress\/ -->\n<title>Corponari\u00f1o implementar\u00e1 proyectos de recuperaci\u00f3n de r\u00edos Juanamb\u00fa y Gu\u00e1itara | P\u00e1gina10<\/title>\n<meta name=\"robots\" content=\"index, follow, max-snippet:-1, max-image-preview:large, max-video-preview:-1\" \/>\n<link rel=\"canonical\" href=\"https:\/\/pagina10.com\/web\/corponarino-implementara-proyectos-de-recuperacion-de-rios-juanambu-y-guaitara\/\" \/>\n<meta property=\"og:locale\" content=\"es_ES\" \/>\n<meta property=\"og:type\" content=\"article\" \/>\n<meta property=\"og:title\" content=\"Corponari\u00f1o implementar\u00e1 proyectos de recuperaci\u00f3n de r\u00edos Juanamb\u00fa y Gu\u00e1itara | P\u00e1gina10\" \/>\n<meta property=\"og:description\" content=\"La Corporaci\u00f3n Aut\u00f3noma Regional de Nari\u00f1o, Corponari\u00f1o y el Fondo de Adaptaci\u00f3n, protocolizaron la firma de un convenio Interadministrativo por valor de 6.029 millones de pesos, para la elaboraci\u00f3n de los planes de ordenaci\u00f3n y manejo de las cuencas hidrogr\u00e1ficas de los r\u00edos Juanamb\u00fa y Gu\u00e1itara, en el marco del proyecto Incorporaci\u00f3n del componente de [&hellip;]\" \/>\n<meta property=\"og:url\" content=\"https:\/\/pagina10.com\/web\/corponarino-implementara-proyectos-de-recuperacion-de-rios-juanambu-y-guaitara\/\" \/>\n<meta property=\"og:site_name\" content=\"P\u00e1gina10\" \/>\n<meta property=\"article:publisher\" content=\"https:\/\/www.facebook.com\/pag10com\" \/>\n<meta property=\"article:published_time\" content=\"2014-08-15T22:28:14+00:00\" \/>\n<meta property=\"og:image\" content=\"https:\/\/pagina10.com\/web\/wp-content\/uploads\/2014\/08\/a2c76684e67906435ca6e055cabd0500.jpg\" \/>\n\t<meta property=\"og:image:width\" content=\"720\" \/>\n\t<meta property=\"og:image:height\" content=\"478\" \/>\n\t<meta property=\"og:image:type\" content=\"image\/jpeg\" \/>\n<meta name=\"author\" content=\"P\u00e1gina 10\" \/>\n<meta name=\"twitter:card\" content=\"summary_large_image\" \/>\n<meta name=\"twitter:creator\" content=\"@Pag10com\" \/>\n<meta name=\"twitter:site\" content=\"@Pag10com\" \/>\n<meta name=\"twitter:label1\" content=\"Escrito por\" \/>\n\t<meta name=\"twitter:data1\" content=\"P\u00e1gina 10\" \/>\n\t<meta name=\"twitter:label2\" content=\"Tiempo de lectura\" \/>\n\t<meta name=\"twitter:data2\" content=\"1 minuto\" \/>\n<script type=\"application\/ld+json\" class=\"yoast-schema-graph\">{\"@context\":\"https:\/\/schema.org\",\"@graph\":[{\"@type\":\"Article\",\"@id\":\"https:\/\/pagina10.com\/web\/corponarino-implementara-proyectos-de-recuperacion-de-rios-juanambu-y-guaitara\/#article\",\"isPartOf\":{\"@id\":\"https:\/\/pagina10.com\/web\/corponarino-implementara-proyectos-de-recuperacion-de-rios-juanambu-y-guaitara\/\"},\"author\":{\"name\":\"P\u00e1gina 10\",\"@id\":\"https:\/\/pagina10.com\/web\/#\/schema\/person\/a7a5d38f0629dfc107f619fbae4f6cc3\"},\"headline\":\"Corponari\u00f1o implementar\u00e1 proyectos de recuperaci\u00f3n de r\u00edos Juanamb\u00fa y Gu\u00e1itara\",\"datePublished\":\"2014-08-15T22:28:14+00:00\",\"mainEntityOfPage\":{\"@id\":\"https:\/\/pagina10.com\/web\/corponarino-implementara-proyectos-de-recuperacion-de-rios-juanambu-y-guaitara\/\"},\"wordCount\":264,\"commentCount\":0,\"publisher\":{\"@id\":\"https:\/\/pagina10.com\/web\/#organization\"},\"image\":{\"@id\":\"https:\/\/pagina10.com\/web\/corponarino-implementara-proyectos-de-recuperacion-de-rios-juanambu-y-guaitara\/#primaryimage\"},\"thumbnailUrl\":\"https:\/\/pagina10.com\/web\/wp-content\/uploads\/2014\/08\/a2c76684e67906435ca6e055cabd0500.jpg\",\"keywords\":[\"Corponari\u00f1o\",\"Gu\u00e1itara\",\"juanambu\",\"Minambiente\"],\"articleSection\":[\"Ciudad\"],\"inLanguage\":\"es\",\"potentialAction\":[{\"@type\":\"CommentAction\",\"name\":\"Comment\",\"target\":[\"https:\/\/pagina10.com\/web\/corponarino-implementara-proyectos-de-recuperacion-de-rios-juanambu-y-guaitara\/#respond\"]}]},{\"@type\":\"WebPage\",\"@id\":\"https:\/\/pagina10.com\/web\/corponarino-implementara-proyectos-de-recuperacion-de-rios-juanambu-y-guaitara\/\",\"url\":\"https:\/\/pagina10.com\/web\/corponarino-implementara-proyectos-de-recuperacion-de-rios-juanambu-y-guaitara\/\",\"name\":\"Corponari\u00f1o implementar\u00e1 proyectos de recuperaci\u00f3n de r\u00edos Juanamb\u00fa y Gu\u00e1itara | P\u00e1gina10\",\"isPartOf\":{\"@id\":\"https:\/\/pagina10.com\/web\/#website\"},\"primaryImageOfPage\":{\"@id\":\"https:\/\/pagina10.com\/web\/corponarino-implementara-proyectos-de-recuperacion-de-rios-juanambu-y-guaitara\/#primaryimage\"},\"image\":{\"@id\":\"https:\/\/pagina10.com\/web\/corponarino-implementara-proyectos-de-recuperacion-de-rios-juanambu-y-guaitara\/#primaryimage\"},\"thumbnailUrl\":\"https:\/\/pagina10.com\/web\/wp-content\/uploads\/2014\/08\/a2c76684e67906435ca6e055cabd0500.jpg\",\"datePublished\":\"2014-08-15T22:28:14+00:00\",\"breadcrumb\":{\"@id\":\"https:\/\/pagina10.com\/web\/corponarino-implementara-proyectos-de-recuperacion-de-rios-juanambu-y-guaitara\/#breadcrumb\"},\"inLanguage\":\"es\",\"potentialAction\":[{\"@type\":\"ReadAction\",\"target\":[\"https:\/\/pagina10.com\/web\/corponarino-implementara-proyectos-de-recuperacion-de-rios-juanambu-y-guaitara\/\"]}]},{\"@type\":\"ImageObject\",\"inLanguage\":\"es\",\"@id\":\"https:\/\/pagina10.com\/web\/corponarino-implementara-proyectos-de-recuperacion-de-rios-juanambu-y-guaitara\/#primaryimage\",\"url\":\"https:\/\/pagina10.com\/web\/wp-content\/uploads\/2014\/08\/a2c76684e67906435ca6e055cabd0500.jpg\",\"contentUrl\":\"https:\/\/pagina10.com\/web\/wp-content\/uploads\/2014\/08\/a2c76684e67906435ca6e055cabd0500.jpg\",\"width\":720,\"height\":478,\"caption\":\"Fotograf\u00eda: Fabio Martinez\"},{\"@type\":\"BreadcrumbList\",\"@id\":\"https:\/\/pagina10.com\/web\/corponarino-implementara-proyectos-de-recuperacion-de-rios-juanambu-y-guaitara\/#breadcrumb\",\"itemListElement\":[{\"@type\":\"ListItem\",\"position\":1,\"name\":\"Portada\",\"item\":\"https:\/\/pagina10.com\/web\/\"},{\"@type\":\"ListItem\",\"position\":2,\"name\":\"Corponari\u00f1o implementar\u00e1 proyectos de recuperaci\u00f3n de r\u00edos Juanamb\u00fa y Gu\u00e1itara\"}]},{\"@type\":\"WebSite\",\"@id\":\"https:\/\/pagina10.com\/web\/#website\",\"url\":\"https:\/\/pagina10.com\/web\/\",\"name\":\"P\u00e1gina10\",\"description\":\"Peri\u00f3dico Regional\",\"publisher\":{\"@id\":\"https:\/\/pagina10.com\/web\/#organization\"},\"alternateName\":\"P\u00e1gina10 Peri\u00f3dico Regional\",\"potentialAction\":[{\"@type\":\"SearchAction\",\"target\":{\"@type\":\"EntryPoint\",\"urlTemplate\":\"https:\/\/pagina10.com\/web\/?s={search_term_string}\"},\"query-input\":{\"@type\":\"PropertyValueSpecification\",\"valueRequired\":true,\"valueName\":\"search_term_string\"}}],\"inLanguage\":\"es\"},{\"@type\":\"Organization\",\"@id\":\"https:\/\/pagina10.com\/web\/#organization\",\"name\":\"P\u00e1gina10\",\"alternateName\":\"P\u00e1gina10 Peri\u00f3dico Regional\",\"url\":\"https:\/\/pagina10.com\/web\/\",\"logo\":{\"@type\":\"ImageObject\",\"inLanguage\":\"es\",\"@id\":\"https:\/\/pagina10.com\/web\/#\/schema\/logo\/image\/\",\"url\":\"https:\/\/pagina10.com\/web\/wp-content\/uploads\/2024\/01\/40-pagina-10-periodico-regional-pasto.jpg\",\"contentUrl\":\"https:\/\/pagina10.com\/web\/wp-content\/uploads\/2024\/01\/40-pagina-10-periodico-regional-pasto.jpg\",\"width\":1280,\"height\":720,\"caption\":\"P\u00e1gina10\"},\"image\":{\"@id\":\"https:\/\/pagina10.com\/web\/#\/schema\/logo\/image\/\"},\"sameAs\":[\"https:\/\/www.facebook.com\/pag10com\",\"https:\/\/x.com\/Pag10com\",\"https:\/\/www.instagram.com\/pagina10col\/\",\"https:\/\/youtube.com\/channel\/pag10\",\"https:\/\/www.tiktok.com\/@p10col\"]},{\"@type\":\"Person\",\"@id\":\"https:\/\/pagina10.com\/web\/#\/schema\/person\/a7a5d38f0629dfc107f619fbae4f6cc3\",\"name\":\"P\u00e1gina 10\",\"description\":\"P\u00e1gina10.com es un peri\u00f3dico digital que nace en Colombia, en el departamento de Nari\u00f1o, con un enfoque global, fundamentado en cuatro pilares esenciales: la libertad, el pluralismo, la inclusi\u00f3n y la independencia. P\u00e1gina10.com hace referencia a Nari\u00f1o como el d\u00e9cimo departamento creado en Colombia, despu\u00e9s de un proceso pol\u00edtico liderado por actores y actrices regionales con el fin de obtener la independencia y autonom\u00eda de nuestros territorios. Con la creaci\u00f3n de P\u00e1gina10.com se pretende abrir un escenario para el dialogo, la reflexi\u00f3n y el debate que se extienda a otras geograf\u00edas de Am\u00e9rica Latina y del planeta, en una apuesta por transformar colectivamente los desaf\u00edos de un mundo contempor\u00e1neo, m\u00e1s all\u00e1 de las fronteras impuestas.\",\"url\":\"https:\/\/pagina10.com\/web\/author\/mcepeda\/\"}]}<\/script>\n<!-- \/ Yoast SEO plugin. -->","yoast_head_json":{"title":"Corponari\u00f1o implementar\u00e1 proyectos de recuperaci\u00f3n de r\u00edos Juanamb\u00fa y Gu\u00e1itara | P\u00e1gina10","robots":{"index":"index","follow":"follow","max-snippet":"max-snippet:-1","max-image-preview":"max-image-preview:large","max-video-preview":"max-video-preview:-1"},"canonical":"https:\/\/pagina10.com\/web\/corponarino-implementara-proyectos-de-recuperacion-de-rios-juanambu-y-guaitara\/","og_locale":"es_ES","og_type":"article","og_title":"Corponari\u00f1o implementar\u00e1 proyectos de recuperaci\u00f3n de r\u00edos Juanamb\u00fa y Gu\u00e1itara | P\u00e1gina10","og_description":"La Corporaci\u00f3n Aut\u00f3noma Regional de Nari\u00f1o, Corponari\u00f1o y el Fondo de Adaptaci\u00f3n, protocolizaron la firma de un convenio Interadministrativo por valor de 6.029 millones de pesos, para la elaboraci\u00f3n de los planes de ordenaci\u00f3n y manejo de las cuencas hidrogr\u00e1ficas de los r\u00edos Juanamb\u00fa y Gu\u00e1itara, en el marco del proyecto Incorporaci\u00f3n del componente de [&hellip;]","og_url":"https:\/\/pagina10.com\/web\/corponarino-implementara-proyectos-de-recuperacion-de-rios-juanambu-y-guaitara\/","og_site_name":"P\u00e1gina10","article_publisher":"https:\/\/www.facebook.com\/pag10com","article_published_time":"2014-08-15T22:28:14+00:00","og_image":[{"width":720,"height":478,"url":"https:\/\/pagina10.com\/web\/wp-content\/uploads\/2014\/08\/a2c76684e67906435ca6e055cabd0500.jpg","type":"image\/jpeg"}],"author":"P\u00e1gina 10","twitter_card":"summary_large_image","twitter_creator":"@Pag10com","twitter_site":"@Pag10com","twitter_misc":{"Escrito por":"P\u00e1gina 10","Tiempo de lectura":"1 minuto"},"schema":{"@context":"https:\/\/schema.org","@graph":[{"@type":"Article","@id":"https:\/\/pagina10.com\/web\/corponarino-implementara-proyectos-de-recuperacion-de-rios-juanambu-y-guaitara\/#article","isPartOf":{"@id":"https:\/\/pagina10.com\/web\/corponarino-implementara-proyectos-de-recuperacion-de-rios-juanambu-y-guaitara\/"},"author":{"name":"P\u00e1gina 10","@id":"https:\/\/pagina10.com\/web\/#\/schema\/person\/a7a5d38f0629dfc107f619fbae4f6cc3"},"headline":"Corponari\u00f1o implementar\u00e1 proyectos de recuperaci\u00f3n de r\u00edos Juanamb\u00fa y Gu\u00e1itara","datePublished":"2014-08-15T22:28:14+00:00","mainEntityOfPage":{"@id":"https:\/\/pagina10.com\/web\/corponarino-implementara-proyectos-de-recuperacion-de-rios-juanambu-y-guaitara\/"},"wordCount":264,"commentCount":0,"publisher":{"@id":"https:\/\/pagina10.com\/web\/#organization"},"image":{"@id":"https:\/\/pagina10.com\/web\/corponarino-implementara-proyectos-de-recuperacion-de-rios-juanambu-y-guaitara\/#primaryimage"},"thumbnailUrl":"https:\/\/pagina10.com\/web\/wp-content\/uploads\/2014\/08\/a2c76684e67906435ca6e055cabd0500.jpg","keywords":["Corponari\u00f1o","Gu\u00e1itara","juanambu","Minambiente"],"articleSection":["Ciudad"],"inLanguage":"es","potentialAction":[{"@type":"CommentAction","name":"Comment","target":["https:\/\/pagina10.com\/web\/corponarino-implementara-proyectos-de-recuperacion-de-rios-juanambu-y-guaitara\/#respond"]}]},{"@type":"WebPage","@id":"https:\/\/pagina10.com\/web\/corponarino-implementara-proyectos-de-recuperacion-de-rios-juanambu-y-guaitara\/","url":"https:\/\/pagina10.com\/web\/corponarino-implementara-proyectos-de-recuperacion-de-rios-juanambu-y-guaitara\/","name":"Corponari\u00f1o implementar\u00e1 proyectos de recuperaci\u00f3n de r\u00edos Juanamb\u00fa y Gu\u00e1itara | P\u00e1gina10","isPartOf":{"@id":"https:\/\/pagina10.com\/web\/#website"},"primaryImageOfPage":{"@id":"https:\/\/pagina10.com\/web\/corponarino-implementara-proyectos-de-recuperacion-de-rios-juanambu-y-guaitara\/#primaryimage"},"image":{"@id":"https:\/\/pagina10.com\/web\/corponarino-implementara-proyectos-de-recuperacion-de-rios-juanambu-y-guaitara\/#primaryimage"},"thumbnailUrl":"https:\/\/pagina10.com\/web\/wp-content\/uploads\/2014\/08\/a2c76684e67906435ca6e055cabd0500.jpg","datePublished":"2014-08-15T22:28:14+00:00","breadcrumb":{"@id":"https:\/\/pagina10.com\/web\/corponarino-implementara-proyectos-de-recuperacion-de-rios-juanambu-y-guaitara\/#breadcrumb"},"inLanguage":"es","potentialAction":[{"@type":"ReadAction","target":["https:\/\/pagina10.com\/web\/corponarino-implementara-proyectos-de-recuperacion-de-rios-juanambu-y-guaitara\/"]}]},{"@type":"ImageObject","inLanguage":"es","@id":"https:\/\/pagina10.com\/web\/corponarino-implementara-proyectos-de-recuperacion-de-rios-juanambu-y-guaitara\/#primaryimage","url":"https:\/\/pagina10.com\/web\/wp-content\/uploads\/2014\/08\/a2c76684e67906435ca6e055cabd0500.jpg","contentUrl":"https:\/\/pagina10.com\/web\/wp-content\/uploads\/2014\/08\/a2c76684e67906435ca6e055cabd0500.jpg","width":720,"height":478,"caption":"Fotograf\u00eda: Fabio Martinez"},{"@type":"BreadcrumbList","@id":"https:\/\/pagina10.com\/web\/corponarino-implementara-proyectos-de-recuperacion-de-rios-juanambu-y-guaitara\/#breadcrumb","itemListElement":[{"@type":"ListItem","position":1,"name":"Portada","item":"https:\/\/pagina10.com\/web\/"},{"@type":"ListItem","position":2,"name":"Corponari\u00f1o implementar\u00e1 proyectos de recuperaci\u00f3n de r\u00edos Juanamb\u00fa y Gu\u00e1itara"}]},{"@type":"WebSite","@id":"https:\/\/pagina10.com\/web\/#website","url":"https:\/\/pagina10.com\/web\/","name":"P\u00e1gina10","description":"Peri\u00f3dico Regional","publisher":{"@id":"https:\/\/pagina10.com\/web\/#organization"},"alternateName":"P\u00e1gina10 Peri\u00f3dico Regional","potentialAction":[{"@type":"SearchAction","target":{"@type":"EntryPoint","urlTemplate":"https:\/\/pagina10.com\/web\/?s={search_term_string}"},"query-input":{"@type":"PropertyValueSpecification","valueRequired":true,"valueName":"search_term_string"}}],"inLanguage":"es"},{"@type":"Organization","@id":"https:\/\/pagina10.com\/web\/#organization","name":"P\u00e1gina10","alternateName":"P\u00e1gina10 Peri\u00f3dico Regional","url":"https:\/\/pagina10.com\/web\/","logo":{"@type":"ImageObject","inLanguage":"es","@id":"https:\/\/pagina10.com\/web\/#\/schema\/logo\/image\/","url":"https:\/\/pagina10.com\/web\/wp-content\/uploads\/2024\/01\/40-pagina-10-periodico-regional-pasto.jpg","contentUrl":"https:\/\/pagina10.com\/web\/wp-content\/uploads\/2024\/01\/40-pagina-10-periodico-regional-pasto.jpg","width":1280,"height":720,"caption":"P\u00e1gina10"},"image":{"@id":"https:\/\/pagina10.com\/web\/#\/schema\/logo\/image\/"},"sameAs":["https:\/\/www.facebook.com\/pag10com","https:\/\/x.com\/Pag10com","https:\/\/www.instagram.com\/pagina10col\/","https:\/\/youtube.com\/channel\/pag10","https:\/\/www.tiktok.com\/@p10col"]},{"@type":"Person","@id":"https:\/\/pagina10.com\/web\/#\/schema\/person\/a7a5d38f0629dfc107f619fbae4f6cc3","name":"P\u00e1gina 10","description":"P\u00e1gina10.com es un peri\u00f3dico digital que nace en Colombia, en el departamento de Nari\u00f1o, con un enfoque global, fundamentado en cuatro pilares esenciales: la libertad, el pluralismo, la inclusi\u00f3n y la independencia. P\u00e1gina10.com hace referencia a Nari\u00f1o como el d\u00e9cimo departamento creado en Colombia, despu\u00e9s de un proceso pol\u00edtico liderado por actores y actrices regionales con el fin de obtener la independencia y autonom\u00eda de nuestros territorios. Con la creaci\u00f3n de P\u00e1gina10.com se pretende abrir un escenario para el dialogo, la reflexi\u00f3n y el debate que se extienda a otras geograf\u00edas de Am\u00e9rica Latina y del planeta, en una apuesta por transformar colectivamente los desaf\u00edos de un mundo contempor\u00e1neo, m\u00e1s all\u00e1 de las fronteras impuestas.","url":"https:\/\/pagina10.com\/web\/author\/mcepeda\/"}]}},"_links":{"self":[{"href":"https:\/\/pagina10.com\/web\/wp-json\/wp\/v2\/posts\/9658","targetHints":{"allow":["GET"]}}],"collection":[{"href":"https:\/\/pagina10.com\/web\/wp-json\/wp\/v2\/posts"}],"about":[{"href":"https:\/\/pagina10.com\/web\/wp-json\/wp\/v2\/types\/post"}],"author":[{"embeddable":true,"href":"https:\/\/pagina10.com\/web\/wp-json\/wp\/v2\/users\/29"}],"replies":[{"embeddable":true,"href":"https:\/\/pagina10.com\/web\/wp-json\/wp\/v2\/comments?post=9658"}],"version-history":[{"count":0,"href":"https:\/\/pagina10.com\/web\/wp-json\/wp\/v2\/posts\/9658\/revisions"}],"wp:featuredmedia":[{"embeddable":true,"href":"https:\/\/pagina10.com\/web\/wp-json\/wp\/v2\/media\/9656"}],"wp:attachment":[{"href":"https:\/\/pagina10.com\/web\/wp-json\/wp\/v2\/media?parent=9658"}],"wp:term":[{"taxonomy":"category","embeddable":true,"href":"https:\/\/pagina10.com\/web\/wp-json\/wp\/v2\/categories?post=9658"},{"taxonomy":"post_tag","embeddable":true,"href":"https:\/\/pagina10.com\/web\/wp-json\/wp\/v2\/tags?post=9658"}],"curies":[{"name":"wp","href":"https:\/\/api.w.org\/{rel}","templated":true}]}}